{"id":71876,"date":"2022-02-16T10:04:52","date_gmt":"2022-02-16T13:04:52","guid":{"rendered":"https:\/\/www.informelitoral.com.ar\/?p=71876"},"modified":"2022-02-16T14:05:03","modified_gmt":"2022-02-16T17:05:03","slug":"inflacion-por-las-crecientes-trabas-para-importar-se-esperan-fuertes-remarcaciones-en-los-proximos-meses","status":"publish","type":"post","link":"https:\/\/informelitoral.com.ar\/inflacion-por-las-crecientes-trabas-para-importar-se-esperan-fuertes-remarcaciones-en-los-proximos-meses\/","title":{"rendered":"Inflaci\u00f3n: por las crecientes trabas para importar, se esperan fuertes remarcaciones en los pr\u00f3ximos meses"},"content":{"rendered":"<p class=\"paragraph\">Las dificultades de las empresas para importar, ante la necesidad del Gobierno de cuidar los escasos d\u00f3lares que le quedan al Central, tambi\u00e9n repercutir\u00e1 en la inflaci\u00f3n de los pr\u00f3ximos meses.\u00a0<b>La escasez de stock llevar\u00e1 a fuertes remarcaciones, tal como ya se est\u00e1 viendo por ejemplo a la hora de conseguir repuestos de autos, insumos m\u00e9dicos o electrodom\u00e9sticos.<\/b><\/p>\n<p class=\"paragraph\">El comportamiento del mercado cambiario generar\u00e1 as\u00ed una doble presi\u00f3n sobre los precios a lo largo de 2022. Por un lado, la decisi\u00f3n del BCRA de acelerar la suba del d\u00f3lar oficial impacta de manera directa sobre la compra de insumos importados.<\/p>\n<div class=\"inline ad-wrapper\">\n<div class=\"dfpAd display_inline_block ad_margin_wrapper\">\n<div id=\"infobae\/economia\/nota\/inline\" class=\"infobae\/economia\/nota\/inline arcad\" data-google-query-id=\"CO217MWjhPYCFdsyuQYdo0wHTQ\">\n<div id=\"google_ads_iframe_\/1058609\/infobae\/economia\/nota\/inline_0__container__\"><iframe id=\"google_ads_iframe_\/1058609\/infobae\/economia\/nota\/inline_0\" tabindex=\"0\" title=\"3rd party ad content\" role=\"region\" name=\"google_ads_iframe_\/1058609\/infobae\/economia\/nota\/inline_0\" width=\"1\" height=\"1\" frameborder=\"0\" marginwidth=\"0\" marginheight=\"0\" scrolling=\"no\" aria-label=\"Advertisement\" data-google-container-id=\"a\" data-load-complete=\"true\" data-mce-fragment=\"1\"><\/iframe><\/div>\n<\/div>\n<\/div>\n<\/div>\n<p class=\"paragraph\">Sin embargo,\u00a0<b>la decisi\u00f3n de \u201cplanchar\u201d el tipo de cambio con subas de apenas 1% mensual, aplicada no funcion\u00f3 como el ancla antiinflacionaria que esperaba Mart\u00edn Guzm\u00e1n en 2021.<\/b>\u00a0Una parte de responsabilidad fue la brecha cambiaria que volvi\u00f3 al 100%, alentando mayores expectativas de devaluaci\u00f3n.<\/p>\n<p class=\"paragraph\">La escasez de d\u00f3lares es todav\u00eda m\u00e1s inflacionaria que el incremento del tipo de cambio oficial. Por un lado, aumenta la incertidumbre sobre la posibilidad de acceder a las divisas necesarias para comprar insumos y poner en marcha la producci\u00f3n. Pero como adem\u00e1s ya hay m\u00e1s certezas sobre las dificultades para conseguir divisas, concretamente habr\u00e1 menor oferta de productos y esto desatar\u00e1 mayores remarcaciones.<\/p>\n<p>La pol\u00edtica cambiaria tendr\u00e1 un doble impacto sobre los precios. La suba del d\u00f3lar oficial implica un encarecimiento de los insumos importados. Pero al mismo tiempo las dificultades para importar llevar\u00e1n a una escasez de mercader\u00eda que tambi\u00e9n se traducir\u00e1 en mayores remarcaciones<\/p>\n<p class=\"paragraph\">La inflaci\u00f3n arranc\u00f3 alta en enero, con un incremento de 3,9% y seguir\u00eda en niveles parecidos por lo menos hasta abril. Las estimaciones de las consultoras econ\u00f3micas es que el \u00edndice podr\u00eda subir a 55% para este a\u00f1o.\u00a0<b>Los problemas de oferta de la econom\u00eda, sin embargo, podr\u00edan generar un aumento adicional.<\/b>\u00a0Adem\u00e1s, estos posibles faltantes convivir\u00e1n con aumentos nominales de salarios, lo que implica echar m\u00e1s nafta al fuego.<\/p>\n<p class=\"paragraph\">El acuerdo que est\u00e1 a punto de cerrarse con el FMI incluye una dr\u00e1stica reducci\u00f3n de la emisi\u00f3n monetaria del BCRA al Tesoro, que deber\u00eda pasar del 3,7% en 2021 a s\u00f3lo 1% del PBI este a\u00f1o. Si el Banco Central cumpliera con esta exigencia, el impacto sobre la inflaci\u00f3n se sentir\u00eda reci\u00e9n el a\u00f1o pr\u00f3ximo.<\/p>\n<p class=\"paragraph\"><b>En los \u00faltimos d\u00edas se multiplicaron las quejas de las c\u00e1maras empresarias como la Uni\u00f3n Industrial Argentina (UIA) y la C\u00e1mara Argentina de Comercio (CAC) por las \u00faltimas trabas impuestas por la AFIP.<\/b>\u00a0Ya son cientos de compa\u00f1\u00edas que denuncian la manipulaci\u00f3n de la Capacidad Econ\u00f3mica Financiera (CEF), un n\u00famero que define si esa empresa tiene o no capacidad para comprar en el exterior y que fue recientemente modificado por las autoridades para evitar que sigan saliendo divisas del pa\u00eds.<\/p>\n<p class=\"paragraph\">La medida result\u00f3 sorpresiva y al mismo tiempo revel\u00f3 lo que ya es algo evidente, aunque desde el Banco Central lo siguen negando:\u00a0<b>ya no quedan reservas l\u00edquidas para intervenir en el mercado, por lo que la \u00fanica manera de equilibrar el mercado es ponerle trabas temporales a las importaciones.<\/b>\u00a0Se trata de un endurecimiento extremo del cepo cambiario.<\/p>\n<p class=\"paragraph\">La apuesta ahora es recomponer gradualmente el nivel de reservas. El Fondo planea enviar USD 4.300 millones en Derechos Especiales de Giro en marzo, que corresponde a lo ya pagado por la Argentina en los \u00faltimos meses. Y a eso se sumar\u00eda lo que el BCRA consiga acumular durante la liquidaci\u00f3n de la cosecha gruesa, es decir entre abril y junio. El objetivo planteado es acumular alrededor de USD 5.000 millones anuales, algo nada sencillo teniendo en cuenta que el BCRA viene perdiendo reservas en forma persistente a pesar del cepo cambiario.(<em>Infobae<\/em>)<\/p>\n","protected":false},"excerpt":{"rendered":"<p>La menor oferta de productos acelerar\u00e1 la presi\u00f3n inflacionaria en los pr\u00f3ximos meses, ante las dificultades de las empresas para reponer stock. La suba del d\u00f3lar oficial tambi\u00e9n impactar\u00e1 en los precios<\/p>\n","protected":false},"author":8,"featured_media":71877,"comment_status":"open","ping_status":"open","sticky":false,"template":"","format":"standard","meta":{"fifu_image_url":"","fifu_image_alt":"","footnotes":""},"categories":[1594],"tags":[227,95],"class_list":{"0":"post-71876","1":"post","2":"type-post","3":"status-publish","4":"format-standard","5":"has-post-thumbnail","7":"category-economia","8":"tag-importaciones","9":"tag-inflacion"},"yoast_head":"<title>Inflaci\u00f3n: por las crecientes trabas para importar, se esperan fuertes remarcaciones en los pr\u00f3ximos meses - Informe Litoral<\/title>\n<meta name=\"robots\" content=\"index, follow, max-snippet:-1, max-image-preview:large, max-video-preview:-1\" \/>\n<link rel=\"canonical\" href=\"https:\/\/informelitoral.com.ar\/inflacion-por-las-crecientes-trabas-para-importar-se-esperan-fuertes-remarcaciones-en-los-proximos-meses\/\" \/>\n<meta property=\"og:locale\" content=\"es_ES\" \/>\n<meta property=\"og:type\" content=\"article\" \/>\n<meta property=\"og:title\" content=\"Inflaci\u00f3n: por las crecientes trabas para importar, se esperan fuertes remarcaciones en los pr\u00f3ximos meses - Informe Litoral\" \/>\n<meta property=\"og:description\" content=\"La menor oferta de productos acelerar\u00e1 la presi\u00f3n inflacionaria en los pr\u00f3ximos meses, ante las dificultades de las empresas para reponer stock. La suba del d\u00f3lar oficial tambi\u00e9n impactar\u00e1 en los precios\" \/>\n<meta property=\"og:url\" content=\"https:\/\/informelitoral.com.ar\/inflacion-por-las-crecientes-trabas-para-importar-se-esperan-fuertes-remarcaciones-en-los-proximos-meses\/\" \/>\n<meta property=\"og:site_name\" content=\"Informe Litoral\" \/>\n<meta property=\"article:publisher\" content=\"https:\/\/www.facebook.com\/informelitoral\/\" \/>\n<meta property=\"article:published_time\" content=\"2022-02-16T13:04:52+00:00\" \/>\n<meta property=\"article:modified_time\" content=\"2022-02-16T17:05:03+00:00\" \/>\n<meta property=\"og:image\" content=\"https:\/\/informelitoral.com.ar\/%77%70%2d%63%6f%6e%74%65%6e%74\/uploads\/2022\/02\/Regimen-de-importacion-temporal-1.jpg\" \/>\n\t<meta property=\"og:image:width\" content=\"1280\" \/>\n\t<meta property=\"og:image:height\" content=\"720\" \/>\n\t<meta property=\"og:image:type\" content=\"image\/jpeg\" \/>\n<meta name=\"author\" content=\"Sebastian\" \/>\n<meta name=\"twitter:card\" content=\"summary_large_image\" \/>\n<meta name=\"twitter:creator\" content=\"@InformeLitoral\" \/>\n<meta name=\"twitter:site\" content=\"@InformeLitoral\" \/>\n<meta name=\"twitter:label1\" content=\"Escrito por\" \/>\n\t<meta name=\"twitter:data1\" content=\"Sebastian\" \/>\n\t<meta name=\"twitter:label2\" content=\"Tiempo de lectura\" \/>\n\t<meta name=\"twitter:data2\" content=\"3 minutos\" \/>\n<script type=\"application\/ld+json\" class=\"yoast-schema-graph\">{\"@context\":\"https:\\\/\\\/schema.org\",\"@graph\":[{\"@type\":\"Article\",\"@id\":\"https:\\\/\\\/informelitoral.com.ar\\\/inflacion-por-las-crecientes-trabas-para-importar-se-esperan-fuertes-remarcaciones-en-los-proximos-meses\\\/#article\",\"isPartOf\":{\"@id\":\"https:\\\/\\\/informelitoral.com.ar\\\/inflacion-por-las-crecientes-trabas-para-importar-se-esperan-fuertes-remarcaciones-en-los-proximos-meses\\\/\"},\"author\":{\"name\":\"Sebastian\",\"@id\":\"https:\\\/\\\/informelitoral.com.ar\\\/#\\\/schema\\\/person\\\/f05f9f461677119578717524b127d6d5\"},\"headline\":\"Inflaci\u00f3n: por las crecientes trabas para importar, se esperan fuertes remarcaciones en los pr\u00f3ximos meses\",\"datePublished\":\"2022-02-16T13:04:52+00:00\",\"dateModified\":\"2022-02-16T17:05:03+00:00\",\"mainEntityOfPage\":{\"@id\":\"https:\\\/\\\/informelitoral.com.ar\\\/inflacion-por-las-crecientes-trabas-para-importar-se-esperan-fuertes-remarcaciones-en-los-proximos-meses\\\/\"},\"wordCount\":675,\"commentCount\":0,\"publisher\":{\"@id\":\"https:\\\/\\\/informelitoral.com.ar\\\/#organization\"},\"image\":{\"@id\":\"https:\\\/\\\/informelitoral.com.ar\\\/inflacion-por-las-crecientes-trabas-para-importar-se-esperan-fuertes-remarcaciones-en-los-proximos-meses\\\/#primaryimage\"},\"thumbnailUrl\":\"https:\\\/\\\/informelitoral.com.ar\\\/%77%70%2d%63%6f%6e%74%65%6e%74\\\/uploads\\\/2022\\\/02\\\/Regimen-de-importacion-temporal-1.jpg\",\"keywords\":[\"Importaciones\",\"Inflaci\u00f3n\"],\"articleSection\":[\"Econom\u00eda\"],\"inLanguage\":\"es\",\"potentialAction\":[{\"@type\":\"CommentAction\",\"name\":\"Comment\",\"target\":[\"https:\\\/\\\/informelitoral.com.ar\\\/inflacion-por-las-crecientes-trabas-para-importar-se-esperan-fuertes-remarcaciones-en-los-proximos-meses\\\/#respond\"]}]},{\"@type\":\"WebPage\",\"@id\":\"https:\\\/\\\/informelitoral.com.ar\\\/inflacion-por-las-crecientes-trabas-para-importar-se-esperan-fuertes-remarcaciones-en-los-proximos-meses\\\/\",\"url\":\"https:\\\/\\\/informelitoral.com.ar\\\/inflacion-por-las-crecientes-trabas-para-importar-se-esperan-fuertes-remarcaciones-en-los-proximos-meses\\\/\",\"name\":\"Inflaci\u00f3n: por las crecientes trabas para importar, se esperan fuertes remarcaciones en los pr\u00f3ximos meses - Informe Litoral\",\"isPartOf\":{\"@id\":\"https:\\\/\\\/informelitoral.com.ar\\\/#website\"},\"primaryImageOfPage\":{\"@id\":\"https:\\\/\\\/informelitoral.com.ar\\\/inflacion-por-las-crecientes-trabas-para-importar-se-esperan-fuertes-remarcaciones-en-los-proximos-meses\\\/#primaryimage\"},\"image\":{\"@id\":\"https:\\\/\\\/informelitoral.com.ar\\\/inflacion-por-las-crecientes-trabas-para-importar-se-esperan-fuertes-remarcaciones-en-los-proximos-meses\\\/#primaryimage\"},\"thumbnailUrl\":\"https:\\\/\\\/informelitoral.com.ar\\\/%77%70%2d%63%6f%6e%74%65%6e%74\\\/uploads\\\/2022\\\/02\\\/Regimen-de-importacion-temporal-1.jpg\",\"datePublished\":\"2022-02-16T13:04:52+00:00\",\"dateModified\":\"2022-02-16T17:05:03+00:00\",\"breadcrumb\":{\"@id\":\"https:\\\/\\\/informelitoral.com.ar\\\/inflacion-por-las-crecientes-trabas-para-importar-se-esperan-fuertes-remarcaciones-en-los-proximos-meses\\\/#breadcrumb\"},\"inLanguage\":\"es\",\"potentialAction\":[{\"@type\":\"ReadAction\",\"target\":[\"https:\\\/\\\/informelitoral.com.ar\\\/inflacion-por-las-crecientes-trabas-para-importar-se-esperan-fuertes-remarcaciones-en-los-proximos-meses\\\/\"]}]},{\"@type\":\"ImageObject\",\"inLanguage\":\"es\",\"@id\":\"https:\\\/\\\/informelitoral.com.ar\\\/inflacion-por-las-crecientes-trabas-para-importar-se-esperan-fuertes-remarcaciones-en-los-proximos-meses\\\/#primaryimage\",\"url\":\"https:\\\/\\\/informelitoral.com.ar\\\/%77%70%2d%63%6f%6e%74%65%6e%74\\\/uploads\\\/2022\\\/02\\\/Regimen-de-importacion-temporal-1.jpg\",\"contentUrl\":\"https:\\\/\\\/informelitoral.com.ar\\\/%77%70%2d%63%6f%6e%74%65%6e%74\\\/uploads\\\/2022\\\/02\\\/Regimen-de-importacion-temporal-1.jpg\",\"width\":1280,\"height\":720},{\"@type\":\"BreadcrumbList\",\"@id\":\"https:\\\/\\\/informelitoral.com.ar\\\/inflacion-por-las-crecientes-trabas-para-importar-se-esperan-fuertes-remarcaciones-en-los-proximos-meses\\\/#breadcrumb\",\"itemListElement\":[{\"@type\":\"ListItem\",\"position\":1,\"name\":\"Portada\",\"item\":\"https:\\\/\\\/informelitoral.com.ar\\\/\"},{\"@type\":\"ListItem\",\"position\":2,\"name\":\"Inflaci\u00f3n: por las crecientes trabas para importar, se esperan fuertes remarcaciones en los pr\u00f3ximos meses\"}]},{\"@type\":\"WebSite\",\"@id\":\"https:\\\/\\\/informelitoral.com.ar\\\/#website\",\"url\":\"https:\\\/\\\/informelitoral.com.ar\\\/\",\"name\":\"Informe Litoral\",\"description\":\"&quot;Nos informamos&quot; \",\"publisher\":{\"@id\":\"https:\\\/\\\/informelitoral.com.ar\\\/#organization\"},\"potentialAction\":[{\"@type\":\"SearchAction\",\"target\":{\"@type\":\"EntryPoint\",\"urlTemplate\":\"https:\\\/\\\/informelitoral.com.ar\\\/?s={search_term_string}\"},\"query-input\":{\"@type\":\"PropertyValueSpecification\",\"valueRequired\":true,\"valueName\":\"search_term_string\"}}],\"inLanguage\":\"es\"},{\"@type\":\"Organization\",\"@id\":\"https:\\\/\\\/informelitoral.com.ar\\\/#organization\",\"name\":\"Informe Litoral\",\"url\":\"https:\\\/\\\/informelitoral.com.ar\\\/\",\"logo\":{\"@type\":\"ImageObject\",\"inLanguage\":\"es\",\"@id\":\"https:\\\/\\\/informelitoral.com.ar\\\/#\\\/schema\\\/logo\\\/image\\\/\",\"url\":\"https:\\\/\\\/informelitoral.com.ar\\\/%77%70%2d%63%6f%6e%74%65%6e%74\\\/uploads\\\/2021\\\/01\\\/circulo.png\",\"contentUrl\":\"https:\\\/\\\/informelitoral.com.ar\\\/%77%70%2d%63%6f%6e%74%65%6e%74\\\/uploads\\\/2021\\\/01\\\/circulo.png\",\"width\":723,\"height\":731,\"caption\":\"Informe Litoral\"},\"image\":{\"@id\":\"https:\\\/\\\/informelitoral.com.ar\\\/#\\\/schema\\\/logo\\\/image\\\/\"},\"sameAs\":[\"https:\\\/\\\/www.facebook.com\\\/informelitoral\\\/\",\"https:\\\/\\\/x.com\\\/InformeLitoral\",\"https:\\\/\\\/www.instagram.com\\\/informelitoral\\\/\",\"https:\\\/\\\/www.youtube.com\\\/channel\\\/UCua4Qvz8Icb6MYqhoq9xLXw\"]},{\"@type\":\"Person\",\"@id\":\"https:\\\/\\\/informelitoral.com.ar\\\/#\\\/schema\\\/person\\\/f05f9f461677119578717524b127d6d5\",\"name\":\"Sebastian\",\"image\":{\"@type\":\"ImageObject\",\"inLanguage\":\"es\",\"@id\":\"https:\\\/\\\/secure.gravatar.com\\\/avatar\\\/b71bf7481d447dfb9583c7f2798e7cc64de6efb9067b74633ed8c31059a3bd82?s=96&d=mm&r=g\",\"url\":\"https:\\\/\\\/secure.gravatar.com\\\/avatar\\\/b71bf7481d447dfb9583c7f2798e7cc64de6efb9067b74633ed8c31059a3bd82?s=96&d=mm&r=g\",\"contentUrl\":\"https:\\\/\\\/secure.gravatar.com\\\/avatar\\\/b71bf7481d447dfb9583c7f2798e7cc64de6efb9067b74633ed8c31059a3bd82?s=96&d=mm&r=g\",\"caption\":\"Sebastian\"},\"url\":\"https:\\\/\\\/informelitoral.com.ar\\\/author\\\/sebastian\\\/\"}]}<\/script>","yoast_head_json":{"title":"Inflaci\u00f3n: por las crecientes trabas para importar, se esperan fuertes remarcaciones en los pr\u00f3ximos meses - Informe Litoral","robots":{"index":"index","follow":"follow","max-snippet":"max-snippet:-1","max-image-preview":"max-image-preview:large","max-video-preview":"max-video-preview:-1"},"canonical":"https:\/\/informelitoral.com.ar\/inflacion-por-las-crecientes-trabas-para-importar-se-esperan-fuertes-remarcaciones-en-los-proximos-meses\/","og_locale":"es_ES","og_type":"article","og_title":"Inflaci\u00f3n: por las crecientes trabas para importar, se esperan fuertes remarcaciones en los pr\u00f3ximos meses - Informe Litoral","og_description":"La menor oferta de productos acelerar\u00e1 la presi\u00f3n inflacionaria en los pr\u00f3ximos meses, ante las dificultades de las empresas para reponer stock. La suba del d\u00f3lar oficial tambi\u00e9n impactar\u00e1 en los precios","og_url":"https:\/\/informelitoral.com.ar\/inflacion-por-las-crecientes-trabas-para-importar-se-esperan-fuertes-remarcaciones-en-los-proximos-meses\/","og_site_name":"Informe Litoral","article_publisher":"https:\/\/www.facebook.com\/informelitoral\/","article_published_time":"2022-02-16T13:04:52+00:00","article_modified_time":"2022-02-16T17:05:03+00:00","og_image":[{"width":1280,"height":720,"url":"https:\/\/informelitoral.com.ar\/%77%70%2d%63%6f%6e%74%65%6e%74\/uploads\/2022\/02\/Regimen-de-importacion-temporal-1.jpg","type":"image\/jpeg"}],"author":"Sebastian","twitter_card":"summary_large_image","twitter_creator":"@InformeLitoral","twitter_site":"@InformeLitoral","twitter_misc":{"Escrito por":"Sebastian","Tiempo de lectura":"3 minutos"},"schema":{"@context":"https:\/\/schema.org","@graph":[{"@type":"Article","@id":"https:\/\/informelitoral.com.ar\/inflacion-por-las-crecientes-trabas-para-importar-se-esperan-fuertes-remarcaciones-en-los-proximos-meses\/#article","isPartOf":{"@id":"https:\/\/informelitoral.com.ar\/inflacion-por-las-crecientes-trabas-para-importar-se-esperan-fuertes-remarcaciones-en-los-proximos-meses\/"},"author":{"name":"Sebastian","@id":"https:\/\/informelitoral.com.ar\/#\/schema\/person\/f05f9f461677119578717524b127d6d5"},"headline":"Inflaci\u00f3n: por las crecientes trabas para importar, se esperan fuertes remarcaciones en los pr\u00f3ximos meses","datePublished":"2022-02-16T13:04:52+00:00","dateModified":"2022-02-16T17:05:03+00:00","mainEntityOfPage":{"@id":"https:\/\/informelitoral.com.ar\/inflacion-por-las-crecientes-trabas-para-importar-se-esperan-fuertes-remarcaciones-en-los-proximos-meses\/"},"wordCount":675,"commentCount":0,"publisher":{"@id":"https:\/\/informelitoral.com.ar\/#organization"},"image":{"@id":"https:\/\/informelitoral.com.ar\/inflacion-por-las-crecientes-trabas-para-importar-se-esperan-fuertes-remarcaciones-en-los-proximos-meses\/#primaryimage"},"thumbnailUrl":"https:\/\/informelitoral.com.ar\/%77%70%2d%63%6f%6e%74%65%6e%74\/uploads\/2022\/02\/Regimen-de-importacion-temporal-1.jpg","keywords":["Importaciones","Inflaci\u00f3n"],"articleSection":["Econom\u00eda"],"inLanguage":"es","potentialAction":[{"@type":"CommentAction","name":"Comment","target":["https:\/\/informelitoral.com.ar\/inflacion-por-las-crecientes-trabas-para-importar-se-esperan-fuertes-remarcaciones-en-los-proximos-meses\/#respond"]}]},{"@type":"WebPage","@id":"https:\/\/informelitoral.com.ar\/inflacion-por-las-crecientes-trabas-para-importar-se-esperan-fuertes-remarcaciones-en-los-proximos-meses\/","url":"https:\/\/informelitoral.com.ar\/inflacion-por-las-crecientes-trabas-para-importar-se-esperan-fuertes-remarcaciones-en-los-proximos-meses\/","name":"Inflaci\u00f3n: por las crecientes trabas para importar, se esperan fuertes remarcaciones en los pr\u00f3ximos meses - Informe Litoral","isPartOf":{"@id":"https:\/\/informelitoral.com.ar\/#website"},"primaryImageOfPage":{"@id":"https:\/\/informelitoral.com.ar\/inflacion-por-las-crecientes-trabas-para-importar-se-esperan-fuertes-remarcaciones-en-los-proximos-meses\/#primaryimage"},"image":{"@id":"https:\/\/informelitoral.com.ar\/inflacion-por-las-crecientes-trabas-para-importar-se-esperan-fuertes-remarcaciones-en-los-proximos-meses\/#primaryimage"},"thumbnailUrl":"https:\/\/informelitoral.com.ar\/%77%70%2d%63%6f%6e%74%65%6e%74\/uploads\/2022\/02\/Regimen-de-importacion-temporal-1.jpg","datePublished":"2022-02-16T13:04:52+00:00","dateModified":"2022-02-16T17:05:03+00:00","breadcrumb":{"@id":"https:\/\/informelitoral.com.ar\/inflacion-por-las-crecientes-trabas-para-importar-se-esperan-fuertes-remarcaciones-en-los-proximos-meses\/#breadcrumb"},"inLanguage":"es","potentialAction":[{"@type":"ReadAction","target":["https:\/\/informelitoral.com.ar\/inflacion-por-las-crecientes-trabas-para-importar-se-esperan-fuertes-remarcaciones-en-los-proximos-meses\/"]}]},{"@type":"ImageObject","inLanguage":"es","@id":"https:\/\/informelitoral.com.ar\/inflacion-por-las-crecientes-trabas-para-importar-se-esperan-fuertes-remarcaciones-en-los-proximos-meses\/#primaryimage","url":"https:\/\/informelitoral.com.ar\/%77%70%2d%63%6f%6e%74%65%6e%74\/uploads\/2022\/02\/Regimen-de-importacion-temporal-1.jpg","contentUrl":"https:\/\/informelitoral.com.ar\/%77%70%2d%63%6f%6e%74%65%6e%74\/uploads\/2022\/02\/Regimen-de-importacion-temporal-1.jpg","width":1280,"height":720},{"@type":"BreadcrumbList","@id":"https:\/\/informelitoral.com.ar\/inflacion-por-las-crecientes-trabas-para-importar-se-esperan-fuertes-remarcaciones-en-los-proximos-meses\/#breadcrumb","itemListElement":[{"@type":"ListItem","position":1,"name":"Portada","item":"https:\/\/informelitoral.com.ar\/"},{"@type":"ListItem","position":2,"name":"Inflaci\u00f3n: por las crecientes trabas para importar, se esperan fuertes remarcaciones en los pr\u00f3ximos meses"}]},{"@type":"WebSite","@id":"https:\/\/informelitoral.com.ar\/#website","url":"https:\/\/informelitoral.com.ar\/","name":"Informe Litoral","description":"&quot;Nos informamos&quot; ","publisher":{"@id":"https:\/\/informelitoral.com.ar\/#organization"},"potentialAction":[{"@type":"SearchAction","target":{"@type":"EntryPoint","urlTemplate":"https:\/\/informelitoral.com.ar\/?s={search_term_string}"},"query-input":{"@type":"PropertyValueSpecification","valueRequired":true,"valueName":"search_term_string"}}],"inLanguage":"es"},{"@type":"Organization","@id":"https:\/\/informelitoral.com.ar\/#organization","name":"Informe Litoral","url":"https:\/\/informelitoral.com.ar\/","logo":{"@type":"ImageObject","inLanguage":"es","@id":"https:\/\/informelitoral.com.ar\/#\/schema\/logo\/image\/","url":"https:\/\/informelitoral.com.ar\/%77%70%2d%63%6f%6e%74%65%6e%74\/uploads\/2021\/01\/circulo.png","contentUrl":"https:\/\/informelitoral.com.ar\/%77%70%2d%63%6f%6e%74%65%6e%74\/uploads\/2021\/01\/circulo.png","width":723,"height":731,"caption":"Informe Litoral"},"image":{"@id":"https:\/\/informelitoral.com.ar\/#\/schema\/logo\/image\/"},"sameAs":["https:\/\/www.facebook.com\/informelitoral\/","https:\/\/x.com\/InformeLitoral","https:\/\/www.instagram.com\/informelitoral\/","https:\/\/www.youtube.com\/channel\/UCua4Qvz8Icb6MYqhoq9xLXw"]},{"@type":"Person","@id":"https:\/\/informelitoral.com.ar\/#\/schema\/person\/f05f9f461677119578717524b127d6d5","name":"Sebastian","image":{"@type":"ImageObject","inLanguage":"es","@id":"https:\/\/secure.gravatar.com\/avatar\/b71bf7481d447dfb9583c7f2798e7cc64de6efb9067b74633ed8c31059a3bd82?s=96&d=mm&r=g","url":"https:\/\/secure.gravatar.com\/avatar\/b71bf7481d447dfb9583c7f2798e7cc64de6efb9067b74633ed8c31059a3bd82?s=96&d=mm&r=g","contentUrl":"https:\/\/secure.gravatar.com\/avatar\/b71bf7481d447dfb9583c7f2798e7cc64de6efb9067b74633ed8c31059a3bd82?s=96&d=mm&r=g","caption":"Sebastian"},"url":"https:\/\/informelitoral.com.ar\/author\/sebastian\/"}]}},"_links":{"self":[{"href":"https:\/\/informelitoral.com.ar\/%77%70%2d%6a%73%6f%6e\/wp\/v2\/posts\/71876","targetHints":{"allow":["GET"]}}],"collection":[{"href":"https:\/\/informelitoral.com.ar\/%77%70%2d%6a%73%6f%6e\/wp\/v2\/posts"}],"about":[{"href":"https:\/\/informelitoral.com.ar\/%77%70%2d%6a%73%6f%6e\/wp\/v2\/types\/post"}],"author":[{"embeddable":true,"href":"https:\/\/informelitoral.com.ar\/%77%70%2d%6a%73%6f%6e\/wp\/v2\/users\/8"}],"replies":[{"embeddable":true,"href":"https:\/\/informelitoral.com.ar\/%77%70%2d%6a%73%6f%6e\/wp\/v2\/comments?post=71876"}],"version-history":[{"count":0,"href":"https:\/\/informelitoral.com.ar\/%77%70%2d%6a%73%6f%6e\/wp\/v2\/posts\/71876\/revisions"}],"wp:featuredmedia":[{"embeddable":true,"href":"https:\/\/informelitoral.com.ar\/%77%70%2d%6a%73%6f%6e\/wp\/v2\/media\/71877"}],"wp:attachment":[{"href":"https:\/\/informelitoral.com.ar\/%77%70%2d%6a%73%6f%6e\/wp\/v2\/media?parent=71876"}],"wp:term":[{"taxonomy":"category","embeddable":true,"href":"https:\/\/informelitoral.com.ar\/%77%70%2d%6a%73%6f%6e\/wp\/v2\/categories?post=71876"},{"taxonomy":"post_tag","embeddable":true,"href":"https:\/\/informelitoral.com.ar\/%77%70%2d%6a%73%6f%6e\/wp\/v2\/tags?post=71876"}],"curies":[{"name":"wp","href":"https:\/\/api.w.org\/{rel}","templated":true}]}}