{"id":71860,"date":"2022-02-16T08:58:52","date_gmt":"2022-02-16T11:58:52","guid":{"rendered":"https:\/\/www.informelitoral.com.ar\/?p=71860"},"modified":"2022-02-16T08:58:52","modified_gmt":"2022-02-16T11:58:52","slug":"hay-2-millones-de-hectareas-de-cultivos-con-danos-severos","status":"publish","type":"post","link":"https:\/\/informelitoral.com.ar\/hay-2-millones-de-hectareas-de-cultivos-con-danos-severos\/","title":{"rendered":"Hay 2 millones de hect\u00e1reas de cultivos con da\u00f1os severos"},"content":{"rendered":"<p>El panorama m\u00e1s complicado sigue siendo el NEA. El informe concluye que hay m\u00e1s de 10 millones de cabezas bovinas amenazadas y casi 2 millones de hect\u00e1reas de cultivos que ya han sufrido da\u00f1os severos.<\/p>\n<h5><strong>Situaci\u00f3n extrema<\/strong><\/h5>\n<p>El trabajo fue realizado por el Ministerio de Agricultura, el Instituto Nacional de Tecnolog\u00eda Agropecuaria (INTA), la Faculta de Agronom\u00eda de la UBA, el Instituto Nacional de Agua, el Servicio Meteorol\u00f3gico y la Conae.<br \/>\nEn el estudio se se\u00f1al\u00f3 que \u201clas condiciones de sequ\u00eda empeoraron severamente durante el mes de enero, principalmente en el noreste del pa\u00eds. La combinaci\u00f3n de inusual falta de lluvias y temperaturas r\u00e9cord g\u00e9nero una situaci\u00f3n extrema en provincias como Corrientes, Misiones, norte de Entre R\u00edos, y este de Chaco y Formosa\u201d.<\/p>\n<h5><strong>Da\u00f1os severos<\/strong><\/h5>\n<p>De acuerdo a lo que detalla el informe, en las \u00e1reas consideradas en situaci\u00f3n de sequ\u00eda (son 112 millones de hect\u00e1reas) hay 1 mill\u00f3n de habitantes. En materia ganadera subsisten all\u00ed 14,7 millones de cabezas de ganado sobre un stock bovino total de 53 millones. Y se han relevado all\u00ed 1,9 millones de hect\u00e1reas de granos que han sufrido da\u00f1os severos, de las cuales son de soja de primera unas 700.560 hect\u00e1reas, de soja de segunda 508.152 hect\u00e1reas, de ma\u00edz 694.851 hect\u00e1reas, y de girasol unas 12.851 hect\u00e1reas.<\/p>\n<h5><strong>Lluvias<\/strong><\/h5>\n<p>Adem\u00e1s, en materia de precipitaciones durante el primer mes del presente a\u00f1o, \u201cse observaron d\u00e9ficits de lluvias muy fuertes en el noreste del pa\u00eds que se combinaron con temperaturas m\u00e1ximas extremas que ocurrieron en todo el pa\u00eds, pero que en las provincias de Corrientes, Chaco, Formosa y Misiones fueron m\u00e1s extensas. Esto gener\u00f3 un empeoramiento de la situaci\u00f3n en esta regi\u00f3n y una intensificaci\u00f3n de las condiciones de sequ\u00eda\u201d. Todo lo contrario sucedi\u00f3 en la regi\u00f3n central, la Patagonia, el norte de Cuyo y NOA, donde se registraron importantes precipitaciones que permitieron aliviar la problem\u00e1tica.<\/p>\n<h5><strong>\u00cdndices<\/strong><\/h5>\n<p>Los diferentes \u00edndices de humedad del suelo mostraron en enero la falta de humedad casi total en el Noreste del pa\u00eds, donde \u201cse extendieron las condiciones por debajo del punto de marchitez para muchos cultivos\u201d. En el este de Salta, Tucum\u00e1n y Santiago del Estero hubo una leve mejora, pero algunas zonas mantienen los d\u00e9ficits.<\/p>\n<p>Por otro lado, los \u00edndices de vegetaci\u00f3n muestran tambi\u00e9n valores muy bajos en Misiones, Corrientes, norte de Entre R\u00edos, noreste de Santa Fe, Formosa, parte de Chaco y de Salta. Se identifica una clara mejora en el este de Buenos Aires y centro del pa\u00eds. En la Patagonia tambi\u00e9n se observan valores bajos.<\/p>\n<h5><strong>Los r\u00edos<\/strong><\/h5>\n<p>Pero adem\u00e1s, durante el mes de enero los niveles de los r\u00edos sostuvieron y agravaron el escenario de bajante. \u201cSe alcanzaron rec\u00f3rd de marcas m\u00ednimas y el Paran\u00e1 se mantuvo por debajo del cero de la escala numerosos d\u00edas en el puerto de Rosario y otros puntos de registro dificultando la actividad de transporte, la pesca artesanal y otras actividades\u201d, se\u00f1alaron los especialistas. En este contexto, en el mapa oficial de la sequ\u00eda \u201cse identificaron numerosos impactos en las actividades agropecuarias, principalmente en los cultivos de primera, en ganader\u00eda mayor y menor, en horticultura, entre otras\u201d.<\/p>\n","protected":false},"excerpt":{"rendered":"<p>Varios organismos oficiales realizaron un mapa de la sequ\u00eda con datos relevados al pasado 11 de febrero y afecta a varias regiones productivas del pa\u00eds.<\/p>\n","protected":false},"author":8,"featured_media":70752,"comment_status":"open","ping_status":"open","sticky":false,"template":"","format":"standard","meta":{"fifu_image_url":"","fifu_image_alt":"","footnotes":""},"categories":[10],"tags":[160,120,59],"class_list":{"0":"post-71860","1":"post","2":"type-post","3":"status-publish","4":"format-standard","5":"has-post-thumbnail","7":"category-campo","8":"tag-inta","9":"tag-produccion","10":"tag-sequia"},"yoast_head":"<title>Hay 2 millones de hect\u00e1reas de cultivos con da\u00f1os severos - Informe Litoral<\/title>\n<meta name=\"robots\" content=\"index, follow, max-snippet:-1, max-image-preview:large, max-video-preview:-1\" \/>\n<link rel=\"canonical\" href=\"https:\/\/informelitoral.com.ar\/hay-2-millones-de-hectareas-de-cultivos-con-danos-severos\/\" \/>\n<meta property=\"og:locale\" content=\"es_ES\" \/>\n<meta property=\"og:type\" content=\"article\" \/>\n<meta property=\"og:title\" content=\"Hay 2 millones de hect\u00e1reas de cultivos con da\u00f1os severos - Informe Litoral\" \/>\n<meta property=\"og:description\" content=\"Varios organismos oficiales realizaron un mapa de la sequ\u00eda con datos relevados al pasado 11 de febrero y afecta a varias regiones productivas del pa\u00eds.\" \/>\n<meta property=\"og:url\" content=\"https:\/\/informelitoral.com.ar\/hay-2-millones-de-hectareas-de-cultivos-con-danos-severos\/\" \/>\n<meta property=\"og:site_name\" content=\"Informe Litoral\" \/>\n<meta property=\"article:publisher\" content=\"https:\/\/www.facebook.com\/informelitoral\/\" \/>\n<meta property=\"article:published_time\" content=\"2022-02-16T11:58:52+00:00\" \/>\n<meta property=\"og:image\" content=\"https:\/\/informelitoral.com.ar\/%77%70%2d%63%6f%6e%74%65%6e%74\/uploads\/2022\/01\/Sequia.jpg\" \/>\n\t<meta property=\"og:image:width\" content=\"711\" \/>\n\t<meta property=\"og:image:height\" content=\"386\" \/>\n\t<meta property=\"og:image:type\" content=\"image\/jpeg\" \/>\n<meta name=\"author\" content=\"Sebastian\" \/>\n<meta name=\"twitter:card\" content=\"summary_large_image\" \/>\n<meta name=\"twitter:creator\" content=\"@InformeLitoral\" \/>\n<meta name=\"twitter:site\" content=\"@InformeLitoral\" \/>\n<meta name=\"twitter:label1\" content=\"Escrito por\" \/>\n\t<meta name=\"twitter:data1\" content=\"Sebastian\" \/>\n\t<meta name=\"twitter:label2\" content=\"Tiempo de lectura\" \/>\n\t<meta name=\"twitter:data2\" content=\"3 minutos\" \/>\n<script type=\"application\/ld+json\" class=\"yoast-schema-graph\">{\"@context\":\"https:\\\/\\\/schema.org\",\"@graph\":[{\"@type\":\"Article\",\"@id\":\"https:\\\/\\\/informelitoral.com.ar\\\/hay-2-millones-de-hectareas-de-cultivos-con-danos-severos\\\/#article\",\"isPartOf\":{\"@id\":\"https:\\\/\\\/informelitoral.com.ar\\\/hay-2-millones-de-hectareas-de-cultivos-con-danos-severos\\\/\"},\"author\":{\"name\":\"Sebastian\",\"@id\":\"https:\\\/\\\/informelitoral.com.ar\\\/#\\\/schema\\\/person\\\/f05f9f461677119578717524b127d6d5\"},\"headline\":\"Hay 2 millones de hect\u00e1reas de cultivos con da\u00f1os severos\",\"datePublished\":\"2022-02-16T11:58:52+00:00\",\"mainEntityOfPage\":{\"@id\":\"https:\\\/\\\/informelitoral.com.ar\\\/hay-2-millones-de-hectareas-de-cultivos-con-danos-severos\\\/\"},\"wordCount\":574,\"commentCount\":0,\"publisher\":{\"@id\":\"https:\\\/\\\/informelitoral.com.ar\\\/#organization\"},\"image\":{\"@id\":\"https:\\\/\\\/informelitoral.com.ar\\\/hay-2-millones-de-hectareas-de-cultivos-con-danos-severos\\\/#primaryimage\"},\"thumbnailUrl\":\"https:\\\/\\\/informelitoral.com.ar\\\/%77%70%2d%63%6f%6e%74%65%6e%74\\\/uploads\\\/2022\\\/01\\\/Sequia.jpg\",\"keywords\":[\"INTA\",\"Producci\u00f3n\",\"Sequ\u00eda\"],\"articleSection\":[\"Campo\"],\"inLanguage\":\"es\",\"potentialAction\":[{\"@type\":\"CommentAction\",\"name\":\"Comment\",\"target\":[\"https:\\\/\\\/informelitoral.com.ar\\\/hay-2-millones-de-hectareas-de-cultivos-con-danos-severos\\\/#respond\"]}]},{\"@type\":\"WebPage\",\"@id\":\"https:\\\/\\\/informelitoral.com.ar\\\/hay-2-millones-de-hectareas-de-cultivos-con-danos-severos\\\/\",\"url\":\"https:\\\/\\\/informelitoral.com.ar\\\/hay-2-millones-de-hectareas-de-cultivos-con-danos-severos\\\/\",\"name\":\"Hay 2 millones de hect\u00e1reas de cultivos con da\u00f1os severos - Informe Litoral\",\"isPartOf\":{\"@id\":\"https:\\\/\\\/informelitoral.com.ar\\\/#website\"},\"primaryImageOfPage\":{\"@id\":\"https:\\\/\\\/informelitoral.com.ar\\\/hay-2-millones-de-hectareas-de-cultivos-con-danos-severos\\\/#primaryimage\"},\"image\":{\"@id\":\"https:\\\/\\\/informelitoral.com.ar\\\/hay-2-millones-de-hectareas-de-cultivos-con-danos-severos\\\/#primaryimage\"},\"thumbnailUrl\":\"https:\\\/\\\/informelitoral.com.ar\\\/%77%70%2d%63%6f%6e%74%65%6e%74\\\/uploads\\\/2022\\\/01\\\/Sequia.jpg\",\"datePublished\":\"2022-02-16T11:58:52+00:00\",\"breadcrumb\":{\"@id\":\"https:\\\/\\\/informelitoral.com.ar\\\/hay-2-millones-de-hectareas-de-cultivos-con-danos-severos\\\/#breadcrumb\"},\"inLanguage\":\"es\",\"potentialAction\":[{\"@type\":\"ReadAction\",\"target\":[\"https:\\\/\\\/informelitoral.com.ar\\\/hay-2-millones-de-hectareas-de-cultivos-con-danos-severos\\\/\"]}]},{\"@type\":\"ImageObject\",\"inLanguage\":\"es\",\"@id\":\"https:\\\/\\\/informelitoral.com.ar\\\/hay-2-millones-de-hectareas-de-cultivos-con-danos-severos\\\/#primaryimage\",\"url\":\"https:\\\/\\\/informelitoral.com.ar\\\/%77%70%2d%63%6f%6e%74%65%6e%74\\\/uploads\\\/2022\\\/01\\\/Sequia.jpg\",\"contentUrl\":\"https:\\\/\\\/informelitoral.com.ar\\\/%77%70%2d%63%6f%6e%74%65%6e%74\\\/uploads\\\/2022\\\/01\\\/Sequia.jpg\",\"width\":711,\"height\":386},{\"@type\":\"BreadcrumbList\",\"@id\":\"https:\\\/\\\/informelitoral.com.ar\\\/hay-2-millones-de-hectareas-de-cultivos-con-danos-severos\\\/#breadcrumb\",\"itemListElement\":[{\"@type\":\"ListItem\",\"position\":1,\"name\":\"Portada\",\"item\":\"https:\\\/\\\/informelitoral.com.ar\\\/\"},{\"@type\":\"ListItem\",\"position\":2,\"name\":\"Hay 2 millones de hect\u00e1reas de cultivos con da\u00f1os severos\"}]},{\"@type\":\"WebSite\",\"@id\":\"https:\\\/\\\/informelitoral.com.ar\\\/#website\",\"url\":\"https:\\\/\\\/informelitoral.com.ar\\\/\",\"name\":\"Informe Litoral\",\"description\":\"&quot;Nos informamos&quot; \",\"publisher\":{\"@id\":\"https:\\\/\\\/informelitoral.com.ar\\\/#organization\"},\"potentialAction\":[{\"@type\":\"SearchAction\",\"target\":{\"@type\":\"EntryPoint\",\"urlTemplate\":\"https:\\\/\\\/informelitoral.com.ar\\\/?s={search_term_string}\"},\"query-input\":{\"@type\":\"PropertyValueSpecification\",\"valueRequired\":true,\"valueName\":\"search_term_string\"}}],\"inLanguage\":\"es\"},{\"@type\":\"Organization\",\"@id\":\"https:\\\/\\\/informelitoral.com.ar\\\/#organization\",\"name\":\"Informe Litoral\",\"url\":\"https:\\\/\\\/informelitoral.com.ar\\\/\",\"logo\":{\"@type\":\"ImageObject\",\"inLanguage\":\"es\",\"@id\":\"https:\\\/\\\/informelitoral.com.ar\\\/#\\\/schema\\\/logo\\\/image\\\/\",\"url\":\"https:\\\/\\\/informelitoral.com.ar\\\/%77%70%2d%63%6f%6e%74%65%6e%74\\\/uploads\\\/2021\\\/01\\\/circulo.png\",\"contentUrl\":\"https:\\\/\\\/informelitoral.com.ar\\\/%77%70%2d%63%6f%6e%74%65%6e%74\\\/uploads\\\/2021\\\/01\\\/circulo.png\",\"width\":723,\"height\":731,\"caption\":\"Informe Litoral\"},\"image\":{\"@id\":\"https:\\\/\\\/informelitoral.com.ar\\\/#\\\/schema\\\/logo\\\/image\\\/\"},\"sameAs\":[\"https:\\\/\\\/www.facebook.com\\\/informelitoral\\\/\",\"https:\\\/\\\/x.com\\\/InformeLitoral\",\"https:\\\/\\\/www.instagram.com\\\/informelitoral\\\/\",\"https:\\\/\\\/www.youtube.com\\\/channel\\\/UCua4Qvz8Icb6MYqhoq9xLXw\"]},{\"@type\":\"Person\",\"@id\":\"https:\\\/\\\/informelitoral.com.ar\\\/#\\\/schema\\\/person\\\/f05f9f461677119578717524b127d6d5\",\"name\":\"Sebastian\",\"image\":{\"@type\":\"ImageObject\",\"inLanguage\":\"es\",\"@id\":\"https:\\\/\\\/secure.gravatar.com\\\/avatar\\\/b71bf7481d447dfb9583c7f2798e7cc64de6efb9067b74633ed8c31059a3bd82?s=96&d=mm&r=g\",\"url\":\"https:\\\/\\\/secure.gravatar.com\\\/avatar\\\/b71bf7481d447dfb9583c7f2798e7cc64de6efb9067b74633ed8c31059a3bd82?s=96&d=mm&r=g\",\"contentUrl\":\"https:\\\/\\\/secure.gravatar.com\\\/avatar\\\/b71bf7481d447dfb9583c7f2798e7cc64de6efb9067b74633ed8c31059a3bd82?s=96&d=mm&r=g\",\"caption\":\"Sebastian\"},\"url\":\"https:\\\/\\\/informelitoral.com.ar\\\/author\\\/sebastian\\\/\"}]}<\/script>","yoast_head_json":{"title":"Hay 2 millones de hect\u00e1reas de cultivos con da\u00f1os severos - Informe Litoral","robots":{"index":"index","follow":"follow","max-snippet":"max-snippet:-1","max-image-preview":"max-image-preview:large","max-video-preview":"max-video-preview:-1"},"canonical":"https:\/\/informelitoral.com.ar\/hay-2-millones-de-hectareas-de-cultivos-con-danos-severos\/","og_locale":"es_ES","og_type":"article","og_title":"Hay 2 millones de hect\u00e1reas de cultivos con da\u00f1os severos - Informe Litoral","og_description":"Varios organismos oficiales realizaron un mapa de la sequ\u00eda con datos relevados al pasado 11 de febrero y afecta a varias regiones productivas del pa\u00eds.","og_url":"https:\/\/informelitoral.com.ar\/hay-2-millones-de-hectareas-de-cultivos-con-danos-severos\/","og_site_name":"Informe Litoral","article_publisher":"https:\/\/www.facebook.com\/informelitoral\/","article_published_time":"2022-02-16T11:58:52+00:00","og_image":[{"width":711,"height":386,"url":"https:\/\/informelitoral.com.ar\/%77%70%2d%63%6f%6e%74%65%6e%74\/uploads\/2022\/01\/Sequia.jpg","type":"image\/jpeg"}],"author":"Sebastian","twitter_card":"summary_large_image","twitter_creator":"@InformeLitoral","twitter_site":"@InformeLitoral","twitter_misc":{"Escrito por":"Sebastian","Tiempo de lectura":"3 minutos"},"schema":{"@context":"https:\/\/schema.org","@graph":[{"@type":"Article","@id":"https:\/\/informelitoral.com.ar\/hay-2-millones-de-hectareas-de-cultivos-con-danos-severos\/#article","isPartOf":{"@id":"https:\/\/informelitoral.com.ar\/hay-2-millones-de-hectareas-de-cultivos-con-danos-severos\/"},"author":{"name":"Sebastian","@id":"https:\/\/informelitoral.com.ar\/#\/schema\/person\/f05f9f461677119578717524b127d6d5"},"headline":"Hay 2 millones de hect\u00e1reas de cultivos con da\u00f1os severos","datePublished":"2022-02-16T11:58:52+00:00","mainEntityOfPage":{"@id":"https:\/\/informelitoral.com.ar\/hay-2-millones-de-hectareas-de-cultivos-con-danos-severos\/"},"wordCount":574,"commentCount":0,"publisher":{"@id":"https:\/\/informelitoral.com.ar\/#organization"},"image":{"@id":"https:\/\/informelitoral.com.ar\/hay-2-millones-de-hectareas-de-cultivos-con-danos-severos\/#primaryimage"},"thumbnailUrl":"https:\/\/informelitoral.com.ar\/%77%70%2d%63%6f%6e%74%65%6e%74\/uploads\/2022\/01\/Sequia.jpg","keywords":["INTA","Producci\u00f3n","Sequ\u00eda"],"articleSection":["Campo"],"inLanguage":"es","potentialAction":[{"@type":"CommentAction","name":"Comment","target":["https:\/\/informelitoral.com.ar\/hay-2-millones-de-hectareas-de-cultivos-con-danos-severos\/#respond"]}]},{"@type":"WebPage","@id":"https:\/\/informelitoral.com.ar\/hay-2-millones-de-hectareas-de-cultivos-con-danos-severos\/","url":"https:\/\/informelitoral.com.ar\/hay-2-millones-de-hectareas-de-cultivos-con-danos-severos\/","name":"Hay 2 millones de hect\u00e1reas de cultivos con da\u00f1os severos - Informe Litoral","isPartOf":{"@id":"https:\/\/informelitoral.com.ar\/#website"},"primaryImageOfPage":{"@id":"https:\/\/informelitoral.com.ar\/hay-2-millones-de-hectareas-de-cultivos-con-danos-severos\/#primaryimage"},"image":{"@id":"https:\/\/informelitoral.com.ar\/hay-2-millones-de-hectareas-de-cultivos-con-danos-severos\/#primaryimage"},"thumbnailUrl":"https:\/\/informelitoral.com.ar\/%77%70%2d%63%6f%6e%74%65%6e%74\/uploads\/2022\/01\/Sequia.jpg","datePublished":"2022-02-16T11:58:52+00:00","breadcrumb":{"@id":"https:\/\/informelitoral.com.ar\/hay-2-millones-de-hectareas-de-cultivos-con-danos-severos\/#breadcrumb"},"inLanguage":"es","potentialAction":[{"@type":"ReadAction","target":["https:\/\/informelitoral.com.ar\/hay-2-millones-de-hectareas-de-cultivos-con-danos-severos\/"]}]},{"@type":"ImageObject","inLanguage":"es","@id":"https:\/\/informelitoral.com.ar\/hay-2-millones-de-hectareas-de-cultivos-con-danos-severos\/#primaryimage","url":"https:\/\/informelitoral.com.ar\/%77%70%2d%63%6f%6e%74%65%6e%74\/uploads\/2022\/01\/Sequia.jpg","contentUrl":"https:\/\/informelitoral.com.ar\/%77%70%2d%63%6f%6e%74%65%6e%74\/uploads\/2022\/01\/Sequia.jpg","width":711,"height":386},{"@type":"BreadcrumbList","@id":"https:\/\/informelitoral.com.ar\/hay-2-millones-de-hectareas-de-cultivos-con-danos-severos\/#breadcrumb","itemListElement":[{"@type":"ListItem","position":1,"name":"Portada","item":"https:\/\/informelitoral.com.ar\/"},{"@type":"ListItem","position":2,"name":"Hay 2 millones de hect\u00e1reas de cultivos con da\u00f1os severos"}]},{"@type":"WebSite","@id":"https:\/\/informelitoral.com.ar\/#website","url":"https:\/\/informelitoral.com.ar\/","name":"Informe Litoral","description":"&quot;Nos informamos&quot; ","publisher":{"@id":"https:\/\/informelitoral.com.ar\/#organization"},"potentialAction":[{"@type":"SearchAction","target":{"@type":"EntryPoint","urlTemplate":"https:\/\/informelitoral.com.ar\/?s={search_term_string}"},"query-input":{"@type":"PropertyValueSpecification","valueRequired":true,"valueName":"search_term_string"}}],"inLanguage":"es"},{"@type":"Organization","@id":"https:\/\/informelitoral.com.ar\/#organization","name":"Informe Litoral","url":"https:\/\/informelitoral.com.ar\/","logo":{"@type":"ImageObject","inLanguage":"es","@id":"https:\/\/informelitoral.com.ar\/#\/schema\/logo\/image\/","url":"https:\/\/informelitoral.com.ar\/%77%70%2d%63%6f%6e%74%65%6e%74\/uploads\/2021\/01\/circulo.png","contentUrl":"https:\/\/informelitoral.com.ar\/%77%70%2d%63%6f%6e%74%65%6e%74\/uploads\/2021\/01\/circulo.png","width":723,"height":731,"caption":"Informe Litoral"},"image":{"@id":"https:\/\/informelitoral.com.ar\/#\/schema\/logo\/image\/"},"sameAs":["https:\/\/www.facebook.com\/informelitoral\/","https:\/\/x.com\/InformeLitoral","https:\/\/www.instagram.com\/informelitoral\/","https:\/\/www.youtube.com\/channel\/UCua4Qvz8Icb6MYqhoq9xLXw"]},{"@type":"Person","@id":"https:\/\/informelitoral.com.ar\/#\/schema\/person\/f05f9f461677119578717524b127d6d5","name":"Sebastian","image":{"@type":"ImageObject","inLanguage":"es","@id":"https:\/\/secure.gravatar.com\/avatar\/b71bf7481d447dfb9583c7f2798e7cc64de6efb9067b74633ed8c31059a3bd82?s=96&d=mm&r=g","url":"https:\/\/secure.gravatar.com\/avatar\/b71bf7481d447dfb9583c7f2798e7cc64de6efb9067b74633ed8c31059a3bd82?s=96&d=mm&r=g","contentUrl":"https:\/\/secure.gravatar.com\/avatar\/b71bf7481d447dfb9583c7f2798e7cc64de6efb9067b74633ed8c31059a3bd82?s=96&d=mm&r=g","caption":"Sebastian"},"url":"https:\/\/informelitoral.com.ar\/author\/sebastian\/"}]}},"_links":{"self":[{"href":"https:\/\/informelitoral.com.ar\/%77%70%2d%6a%73%6f%6e\/wp\/v2\/posts\/71860","targetHints":{"allow":["GET"]}}],"collection":[{"href":"https:\/\/informelitoral.com.ar\/%77%70%2d%6a%73%6f%6e\/wp\/v2\/posts"}],"about":[{"href":"https:\/\/informelitoral.com.ar\/%77%70%2d%6a%73%6f%6e\/wp\/v2\/types\/post"}],"author":[{"embeddable":true,"href":"https:\/\/informelitoral.com.ar\/%77%70%2d%6a%73%6f%6e\/wp\/v2\/users\/8"}],"replies":[{"embeddable":true,"href":"https:\/\/informelitoral.com.ar\/%77%70%2d%6a%73%6f%6e\/wp\/v2\/comments?post=71860"}],"version-history":[{"count":0,"href":"https:\/\/informelitoral.com.ar\/%77%70%2d%6a%73%6f%6e\/wp\/v2\/posts\/71860\/revisions"}],"wp:featuredmedia":[{"embeddable":true,"href":"https:\/\/informelitoral.com.ar\/%77%70%2d%6a%73%6f%6e\/wp\/v2\/media\/70752"}],"wp:attachment":[{"href":"https:\/\/informelitoral.com.ar\/%77%70%2d%6a%73%6f%6e\/wp\/v2\/media?parent=71860"}],"wp:term":[{"taxonomy":"category","embeddable":true,"href":"https:\/\/informelitoral.com.ar\/%77%70%2d%6a%73%6f%6e\/wp\/v2\/categories?post=71860"},{"taxonomy":"post_tag","embeddable":true,"href":"https:\/\/informelitoral.com.ar\/%77%70%2d%6a%73%6f%6e\/wp\/v2\/tags?post=71860"}],"curies":[{"name":"wp","href":"https:\/\/api.w.org\/{rel}","templated":true}]}}