{"id":71856,"date":"2022-02-16T08:44:24","date_gmt":"2022-02-16T11:44:24","guid":{"rendered":"https:\/\/www.informelitoral.com.ar\/?p=71856"},"modified":"2022-02-16T08:44:24","modified_gmt":"2022-02-16T11:44:24","slug":"conflicto-entre-familias-en-villa-351-una-mujer-herida-y-cinco-detenidos","status":"publish","type":"post","link":"https:\/\/informelitoral.com.ar\/conflicto-entre-familias-en-villa-351-una-mujer-herida-y-cinco-detenidos\/","title":{"rendered":"Conflicto entre familias en Villa 351: una mujer herida y cinco detenidos"},"content":{"rendered":"<p>Un enfrentamiento entre dos familias que residen en la Villa 351 de la capital entrerriana, demand\u00f3 este martes por la noche, la intervenci\u00f3n de efectivos de tres comisar\u00edas y de otras tres divisiones de la Polic\u00eda para frenar los incidentes.<br \/>\nSeg\u00fan explican desde la polic\u00eda departamental, se trata de un conflicto que ambas familias mantienen hace muchos a\u00f1os, e incluso, seg\u00fan mencionan desde la fuerza, el enfrentamiento ya ha trascendido generaciones de los involucrados.<\/p>\n<p>La gresca generalizada entre las familias, se produjo este martes por la noche y al lugar, llegaron los funcionarios policiales de la Divisi\u00f3n 911, de las comisar\u00edas 9\u00b0, 10\u00b0, 16\u00b0, el Grupo Especial y el GIA, para intervenir en el accionar violento de las familias enfrentadas. Los efectivos lograron dispersar a los involucrados y repelieron las agresiones.<\/p>\n<p>Como consecuencia del enfrentamiento, una mujer de 26 a\u00f1os de edad, result\u00f3 herida en zona del abdomen, por el uso de alg\u00fan tipo de cuchillo, es trasladada en ambulancia hacia el Hospital San Mart\u00edn. Adem\u00e1s, se pudo individualizar a los posibles autores y se trataba de dos sujetos de 18 y 21 a\u00f1os de edad, quienes fueron demorados.<\/p>\n<p>Luego de lo acontecido, los polic\u00edas procedieron a detener la marcha de dos veh\u00edculos. Un Fiat Uno, conducido por un hombre de 24 a\u00f1os de edad, con un acompa\u00f1ante. Y un Volkswagen Polo, conducido por un masculino de 21 a\u00f1os de edad. Ambos conductores no ten\u00edan la documentaci\u00f3n de los veh\u00edculos, por lo que el personal de la Municipalidad de Tr\u00e1nsito retuvo los mismos. Quienes se trasladaban en los mismos, son familiares de la persona lesionada, quienes se dirig\u00edan hacia el Hospital.<\/p>\n<p>Por otra parte, se demor\u00f3 a una menor de 17 a\u00f1os de edad, ya que la misma ten\u00eda entre sus prendas, un arma tipo cuchillo, cuando se dirig\u00eda hacia el Hospital San Mart\u00edn, seg\u00fan manifest\u00f3.<br \/>\nEn comunicaci\u00f3n con la Fiscal\u00eda en turno, dispuso que se secuestren las cuchillas y los aprehendidos sean trasladados a Alcaid\u00eda de Tribunales, por los delitos de Lesiones y Abuso de Arma de FuegoHerido<\/p>\n","protected":false},"excerpt":{"rendered":"<p>Efectivos de tres comisar\u00edas y de otras tres divisiones de la Polic\u00eda, debieron intervenir en la gresca generalizada. Una mujer fue herida con una pu\u00f1alada y demoraron a cinco personas. Adem\u00e1s, secuestraron cuchillos y dos autos.<\/p>\n","protected":false},"author":8,"featured_media":71857,"comment_status":"open","ping_status":"open","sticky":false,"template":"","format":"standard","meta":{"fifu_image_url":"","fifu_image_alt":"","footnotes":""},"categories":[14],"tags":[2711,3163],"class_list":{"0":"post-71856","1":"post","2":"type-post","3":"status-publish","4":"format-standard","5":"has-post-thumbnail","7":"category-policiales","8":"tag-detenidos","9":"tag-herido"},"yoast_head":"<title>Conflicto entre familias en Villa 351: una mujer herida y cinco detenidos - Informe Litoral<\/title>\n<meta name=\"robots\" content=\"index, follow, max-snippet:-1, max-image-preview:large, max-video-preview:-1\" \/>\n<link rel=\"canonical\" href=\"https:\/\/informelitoral.com.ar\/conflicto-entre-familias-en-villa-351-una-mujer-herida-y-cinco-detenidos\/\" \/>\n<meta property=\"og:locale\" content=\"es_ES\" \/>\n<meta property=\"og:type\" content=\"article\" \/>\n<meta property=\"og:title\" content=\"Conflicto entre familias en Villa 351: una mujer herida y cinco detenidos - Informe Litoral\" \/>\n<meta property=\"og:description\" content=\"Efectivos de tres comisar\u00edas y de otras tres divisiones de la Polic\u00eda, debieron intervenir en la gresca generalizada. Una mujer fue herida con una pu\u00f1alada y demoraron a cinco personas. Adem\u00e1s, secuestraron cuchillos y dos autos.\" \/>\n<meta property=\"og:url\" content=\"https:\/\/informelitoral.com.ar\/conflicto-entre-familias-en-villa-351-una-mujer-herida-y-cinco-detenidos\/\" \/>\n<meta property=\"og:site_name\" content=\"Informe Litoral\" \/>\n<meta property=\"article:publisher\" content=\"https:\/\/www.facebook.com\/informelitoral\/\" \/>\n<meta property=\"article:published_time\" content=\"2022-02-16T11:44:24+00:00\" \/>\n<meta property=\"og:image\" content=\"https:\/\/informelitoral.com.ar\/%77%70%2d%63%6f%6e%74%65%6e%74\/uploads\/2022\/02\/o_1645008604.jpg\" \/>\n\t<meta property=\"og:image:width\" content=\"800\" \/>\n\t<meta property=\"og:image:height\" content=\"450\" \/>\n\t<meta property=\"og:image:type\" content=\"image\/jpeg\" \/>\n<meta name=\"author\" content=\"Sebastian\" \/>\n<meta name=\"twitter:card\" content=\"summary_large_image\" \/>\n<meta name=\"twitter:creator\" content=\"@InformeLitoral\" \/>\n<meta name=\"twitter:site\" content=\"@InformeLitoral\" \/>\n<meta name=\"twitter:label1\" content=\"Escrito por\" \/>\n\t<meta name=\"twitter:data1\" content=\"Sebastian\" \/>\n\t<meta name=\"twitter:label2\" content=\"Tiempo de lectura\" \/>\n\t<meta name=\"twitter:data2\" content=\"2 minutos\" \/>\n<script type=\"application\/ld+json\" class=\"yoast-schema-graph\">{\"@context\":\"https:\\\/\\\/schema.org\",\"@graph\":[{\"@type\":\"Article\",\"@id\":\"https:\\\/\\\/informelitoral.com.ar\\\/conflicto-entre-familias-en-villa-351-una-mujer-herida-y-cinco-detenidos\\\/#article\",\"isPartOf\":{\"@id\":\"https:\\\/\\\/informelitoral.com.ar\\\/conflicto-entre-familias-en-villa-351-una-mujer-herida-y-cinco-detenidos\\\/\"},\"author\":{\"name\":\"Sebastian\",\"@id\":\"https:\\\/\\\/informelitoral.com.ar\\\/#\\\/schema\\\/person\\\/f05f9f461677119578717524b127d6d5\"},\"headline\":\"Conflicto entre familias en Villa 351: una mujer herida y cinco detenidos\",\"datePublished\":\"2022-02-16T11:44:24+00:00\",\"mainEntityOfPage\":{\"@id\":\"https:\\\/\\\/informelitoral.com.ar\\\/conflicto-entre-familias-en-villa-351-una-mujer-herida-y-cinco-detenidos\\\/\"},\"wordCount\":371,\"commentCount\":0,\"publisher\":{\"@id\":\"https:\\\/\\\/informelitoral.com.ar\\\/#organization\"},\"image\":{\"@id\":\"https:\\\/\\\/informelitoral.com.ar\\\/conflicto-entre-familias-en-villa-351-una-mujer-herida-y-cinco-detenidos\\\/#primaryimage\"},\"thumbnailUrl\":\"https:\\\/\\\/informelitoral.com.ar\\\/%77%70%2d%63%6f%6e%74%65%6e%74\\\/uploads\\\/2022\\\/02\\\/o_1645008604.jpg\",\"keywords\":[\"Detenidos\",\"Herido\"],\"articleSection\":[\"Policiales\"],\"inLanguage\":\"es\",\"potentialAction\":[{\"@type\":\"CommentAction\",\"name\":\"Comment\",\"target\":[\"https:\\\/\\\/informelitoral.com.ar\\\/conflicto-entre-familias-en-villa-351-una-mujer-herida-y-cinco-detenidos\\\/#respond\"]}]},{\"@type\":\"WebPage\",\"@id\":\"https:\\\/\\\/informelitoral.com.ar\\\/conflicto-entre-familias-en-villa-351-una-mujer-herida-y-cinco-detenidos\\\/\",\"url\":\"https:\\\/\\\/informelitoral.com.ar\\\/conflicto-entre-familias-en-villa-351-una-mujer-herida-y-cinco-detenidos\\\/\",\"name\":\"Conflicto entre familias en Villa 351: una mujer herida y cinco detenidos - Informe Litoral\",\"isPartOf\":{\"@id\":\"https:\\\/\\\/informelitoral.com.ar\\\/#website\"},\"primaryImageOfPage\":{\"@id\":\"https:\\\/\\\/informelitoral.com.ar\\\/conflicto-entre-familias-en-villa-351-una-mujer-herida-y-cinco-detenidos\\\/#primaryimage\"},\"image\":{\"@id\":\"https:\\\/\\\/informelitoral.com.ar\\\/conflicto-entre-familias-en-villa-351-una-mujer-herida-y-cinco-detenidos\\\/#primaryimage\"},\"thumbnailUrl\":\"https:\\\/\\\/informelitoral.com.ar\\\/%77%70%2d%63%6f%6e%74%65%6e%74\\\/uploads\\\/2022\\\/02\\\/o_1645008604.jpg\",\"datePublished\":\"2022-02-16T11:44:24+00:00\",\"breadcrumb\":{\"@id\":\"https:\\\/\\\/informelitoral.com.ar\\\/conflicto-entre-familias-en-villa-351-una-mujer-herida-y-cinco-detenidos\\\/#breadcrumb\"},\"inLanguage\":\"es\",\"potentialAction\":[{\"@type\":\"ReadAction\",\"target\":[\"https:\\\/\\\/informelitoral.com.ar\\\/conflicto-entre-familias-en-villa-351-una-mujer-herida-y-cinco-detenidos\\\/\"]}]},{\"@type\":\"ImageObject\",\"inLanguage\":\"es\",\"@id\":\"https:\\\/\\\/informelitoral.com.ar\\\/conflicto-entre-familias-en-villa-351-una-mujer-herida-y-cinco-detenidos\\\/#primaryimage\",\"url\":\"https:\\\/\\\/informelitoral.com.ar\\\/%77%70%2d%63%6f%6e%74%65%6e%74\\\/uploads\\\/2022\\\/02\\\/o_1645008604.jpg\",\"contentUrl\":\"https:\\\/\\\/informelitoral.com.ar\\\/%77%70%2d%63%6f%6e%74%65%6e%74\\\/uploads\\\/2022\\\/02\\\/o_1645008604.jpg\",\"width\":800,\"height\":450},{\"@type\":\"BreadcrumbList\",\"@id\":\"https:\\\/\\\/informelitoral.com.ar\\\/conflicto-entre-familias-en-villa-351-una-mujer-herida-y-cinco-detenidos\\\/#breadcrumb\",\"itemListElement\":[{\"@type\":\"ListItem\",\"position\":1,\"name\":\"Portada\",\"item\":\"https:\\\/\\\/informelitoral.com.ar\\\/\"},{\"@type\":\"ListItem\",\"position\":2,\"name\":\"Conflicto entre familias en Villa 351: una mujer herida y cinco detenidos\"}]},{\"@type\":\"WebSite\",\"@id\":\"https:\\\/\\\/informelitoral.com.ar\\\/#website\",\"url\":\"https:\\\/\\\/informelitoral.com.ar\\\/\",\"name\":\"Informe Litoral\",\"description\":\"&quot;Nos informamos&quot; \",\"publisher\":{\"@id\":\"https:\\\/\\\/informelitoral.com.ar\\\/#organization\"},\"potentialAction\":[{\"@type\":\"SearchAction\",\"target\":{\"@type\":\"EntryPoint\",\"urlTemplate\":\"https:\\\/\\\/informelitoral.com.ar\\\/?s={search_term_string}\"},\"query-input\":{\"@type\":\"PropertyValueSpecification\",\"valueRequired\":true,\"valueName\":\"search_term_string\"}}],\"inLanguage\":\"es\"},{\"@type\":\"Organization\",\"@id\":\"https:\\\/\\\/informelitoral.com.ar\\\/#organization\",\"name\":\"Informe Litoral\",\"url\":\"https:\\\/\\\/informelitoral.com.ar\\\/\",\"logo\":{\"@type\":\"ImageObject\",\"inLanguage\":\"es\",\"@id\":\"https:\\\/\\\/informelitoral.com.ar\\\/#\\\/schema\\\/logo\\\/image\\\/\",\"url\":\"https:\\\/\\\/informelitoral.com.ar\\\/%77%70%2d%63%6f%6e%74%65%6e%74\\\/uploads\\\/2021\\\/01\\\/circulo.png\",\"contentUrl\":\"https:\\\/\\\/informelitoral.com.ar\\\/%77%70%2d%63%6f%6e%74%65%6e%74\\\/uploads\\\/2021\\\/01\\\/circulo.png\",\"width\":723,\"height\":731,\"caption\":\"Informe Litoral\"},\"image\":{\"@id\":\"https:\\\/\\\/informelitoral.com.ar\\\/#\\\/schema\\\/logo\\\/image\\\/\"},\"sameAs\":[\"https:\\\/\\\/www.facebook.com\\\/informelitoral\\\/\",\"https:\\\/\\\/x.com\\\/InformeLitoral\",\"https:\\\/\\\/www.instagram.com\\\/informelitoral\\\/\",\"https:\\\/\\\/www.youtube.com\\\/channel\\\/UCua4Qvz8Icb6MYqhoq9xLXw\"]},{\"@type\":\"Person\",\"@id\":\"https:\\\/\\\/informelitoral.com.ar\\\/#\\\/schema\\\/person\\\/f05f9f461677119578717524b127d6d5\",\"name\":\"Sebastian\",\"image\":{\"@type\":\"ImageObject\",\"inLanguage\":\"es\",\"@id\":\"https:\\\/\\\/secure.gravatar.com\\\/avatar\\\/b71bf7481d447dfb9583c7f2798e7cc64de6efb9067b74633ed8c31059a3bd82?s=96&d=mm&r=g\",\"url\":\"https:\\\/\\\/secure.gravatar.com\\\/avatar\\\/b71bf7481d447dfb9583c7f2798e7cc64de6efb9067b74633ed8c31059a3bd82?s=96&d=mm&r=g\",\"contentUrl\":\"https:\\\/\\\/secure.gravatar.com\\\/avatar\\\/b71bf7481d447dfb9583c7f2798e7cc64de6efb9067b74633ed8c31059a3bd82?s=96&d=mm&r=g\",\"caption\":\"Sebastian\"},\"url\":\"https:\\\/\\\/informelitoral.com.ar\\\/author\\\/sebastian\\\/\"}]}<\/script>","yoast_head_json":{"title":"Conflicto entre familias en Villa 351: una mujer herida y cinco detenidos - Informe Litoral","robots":{"index":"index","follow":"follow","max-snippet":"max-snippet:-1","max-image-preview":"max-image-preview:large","max-video-preview":"max-video-preview:-1"},"canonical":"https:\/\/informelitoral.com.ar\/conflicto-entre-familias-en-villa-351-una-mujer-herida-y-cinco-detenidos\/","og_locale":"es_ES","og_type":"article","og_title":"Conflicto entre familias en Villa 351: una mujer herida y cinco detenidos - Informe Litoral","og_description":"Efectivos de tres comisar\u00edas y de otras tres divisiones de la Polic\u00eda, debieron intervenir en la gresca generalizada. Una mujer fue herida con una pu\u00f1alada y demoraron a cinco personas. Adem\u00e1s, secuestraron cuchillos y dos autos.","og_url":"https:\/\/informelitoral.com.ar\/conflicto-entre-familias-en-villa-351-una-mujer-herida-y-cinco-detenidos\/","og_site_name":"Informe Litoral","article_publisher":"https:\/\/www.facebook.com\/informelitoral\/","article_published_time":"2022-02-16T11:44:24+00:00","og_image":[{"width":800,"height":450,"url":"https:\/\/informelitoral.com.ar\/%77%70%2d%63%6f%6e%74%65%6e%74\/uploads\/2022\/02\/o_1645008604.jpg","type":"image\/jpeg"}],"author":"Sebastian","twitter_card":"summary_large_image","twitter_creator":"@InformeLitoral","twitter_site":"@InformeLitoral","twitter_misc":{"Escrito por":"Sebastian","Tiempo de lectura":"2 minutos"},"schema":{"@context":"https:\/\/schema.org","@graph":[{"@type":"Article","@id":"https:\/\/informelitoral.com.ar\/conflicto-entre-familias-en-villa-351-una-mujer-herida-y-cinco-detenidos\/#article","isPartOf":{"@id":"https:\/\/informelitoral.com.ar\/conflicto-entre-familias-en-villa-351-una-mujer-herida-y-cinco-detenidos\/"},"author":{"name":"Sebastian","@id":"https:\/\/informelitoral.com.ar\/#\/schema\/person\/f05f9f461677119578717524b127d6d5"},"headline":"Conflicto entre familias en Villa 351: una mujer herida y cinco detenidos","datePublished":"2022-02-16T11:44:24+00:00","mainEntityOfPage":{"@id":"https:\/\/informelitoral.com.ar\/conflicto-entre-familias-en-villa-351-una-mujer-herida-y-cinco-detenidos\/"},"wordCount":371,"commentCount":0,"publisher":{"@id":"https:\/\/informelitoral.com.ar\/#organization"},"image":{"@id":"https:\/\/informelitoral.com.ar\/conflicto-entre-familias-en-villa-351-una-mujer-herida-y-cinco-detenidos\/#primaryimage"},"thumbnailUrl":"https:\/\/informelitoral.com.ar\/%77%70%2d%63%6f%6e%74%65%6e%74\/uploads\/2022\/02\/o_1645008604.jpg","keywords":["Detenidos","Herido"],"articleSection":["Policiales"],"inLanguage":"es","potentialAction":[{"@type":"CommentAction","name":"Comment","target":["https:\/\/informelitoral.com.ar\/conflicto-entre-familias-en-villa-351-una-mujer-herida-y-cinco-detenidos\/#respond"]}]},{"@type":"WebPage","@id":"https:\/\/informelitoral.com.ar\/conflicto-entre-familias-en-villa-351-una-mujer-herida-y-cinco-detenidos\/","url":"https:\/\/informelitoral.com.ar\/conflicto-entre-familias-en-villa-351-una-mujer-herida-y-cinco-detenidos\/","name":"Conflicto entre familias en Villa 351: una mujer herida y cinco detenidos - Informe Litoral","isPartOf":{"@id":"https:\/\/informelitoral.com.ar\/#website"},"primaryImageOfPage":{"@id":"https:\/\/informelitoral.com.ar\/conflicto-entre-familias-en-villa-351-una-mujer-herida-y-cinco-detenidos\/#primaryimage"},"image":{"@id":"https:\/\/informelitoral.com.ar\/conflicto-entre-familias-en-villa-351-una-mujer-herida-y-cinco-detenidos\/#primaryimage"},"thumbnailUrl":"https:\/\/informelitoral.com.ar\/%77%70%2d%63%6f%6e%74%65%6e%74\/uploads\/2022\/02\/o_1645008604.jpg","datePublished":"2022-02-16T11:44:24+00:00","breadcrumb":{"@id":"https:\/\/informelitoral.com.ar\/conflicto-entre-familias-en-villa-351-una-mujer-herida-y-cinco-detenidos\/#breadcrumb"},"inLanguage":"es","potentialAction":[{"@type":"ReadAction","target":["https:\/\/informelitoral.com.ar\/conflicto-entre-familias-en-villa-351-una-mujer-herida-y-cinco-detenidos\/"]}]},{"@type":"ImageObject","inLanguage":"es","@id":"https:\/\/informelitoral.com.ar\/conflicto-entre-familias-en-villa-351-una-mujer-herida-y-cinco-detenidos\/#primaryimage","url":"https:\/\/informelitoral.com.ar\/%77%70%2d%63%6f%6e%74%65%6e%74\/uploads\/2022\/02\/o_1645008604.jpg","contentUrl":"https:\/\/informelitoral.com.ar\/%77%70%2d%63%6f%6e%74%65%6e%74\/uploads\/2022\/02\/o_1645008604.jpg","width":800,"height":450},{"@type":"BreadcrumbList","@id":"https:\/\/informelitoral.com.ar\/conflicto-entre-familias-en-villa-351-una-mujer-herida-y-cinco-detenidos\/#breadcrumb","itemListElement":[{"@type":"ListItem","position":1,"name":"Portada","item":"https:\/\/informelitoral.com.ar\/"},{"@type":"ListItem","position":2,"name":"Conflicto entre familias en Villa 351: una mujer herida y cinco detenidos"}]},{"@type":"WebSite","@id":"https:\/\/informelitoral.com.ar\/#website","url":"https:\/\/informelitoral.com.ar\/","name":"Informe Litoral","description":"&quot;Nos informamos&quot; ","publisher":{"@id":"https:\/\/informelitoral.com.ar\/#organization"},"potentialAction":[{"@type":"SearchAction","target":{"@type":"EntryPoint","urlTemplate":"https:\/\/informelitoral.com.ar\/?s={search_term_string}"},"query-input":{"@type":"PropertyValueSpecification","valueRequired":true,"valueName":"search_term_string"}}],"inLanguage":"es"},{"@type":"Organization","@id":"https:\/\/informelitoral.com.ar\/#organization","name":"Informe Litoral","url":"https:\/\/informelitoral.com.ar\/","logo":{"@type":"ImageObject","inLanguage":"es","@id":"https:\/\/informelitoral.com.ar\/#\/schema\/logo\/image\/","url":"https:\/\/informelitoral.com.ar\/%77%70%2d%63%6f%6e%74%65%6e%74\/uploads\/2021\/01\/circulo.png","contentUrl":"https:\/\/informelitoral.com.ar\/%77%70%2d%63%6f%6e%74%65%6e%74\/uploads\/2021\/01\/circulo.png","width":723,"height":731,"caption":"Informe Litoral"},"image":{"@id":"https:\/\/informelitoral.com.ar\/#\/schema\/logo\/image\/"},"sameAs":["https:\/\/www.facebook.com\/informelitoral\/","https:\/\/x.com\/InformeLitoral","https:\/\/www.instagram.com\/informelitoral\/","https:\/\/www.youtube.com\/channel\/UCua4Qvz8Icb6MYqhoq9xLXw"]},{"@type":"Person","@id":"https:\/\/informelitoral.com.ar\/#\/schema\/person\/f05f9f461677119578717524b127d6d5","name":"Sebastian","image":{"@type":"ImageObject","inLanguage":"es","@id":"https:\/\/secure.gravatar.com\/avatar\/b71bf7481d447dfb9583c7f2798e7cc64de6efb9067b74633ed8c31059a3bd82?s=96&d=mm&r=g","url":"https:\/\/secure.gravatar.com\/avatar\/b71bf7481d447dfb9583c7f2798e7cc64de6efb9067b74633ed8c31059a3bd82?s=96&d=mm&r=g","contentUrl":"https:\/\/secure.gravatar.com\/avatar\/b71bf7481d447dfb9583c7f2798e7cc64de6efb9067b74633ed8c31059a3bd82?s=96&d=mm&r=g","caption":"Sebastian"},"url":"https:\/\/informelitoral.com.ar\/author\/sebastian\/"}]}},"_links":{"self":[{"href":"https:\/\/informelitoral.com.ar\/%77%70%2d%6a%73%6f%6e\/wp\/v2\/posts\/71856","targetHints":{"allow":["GET"]}}],"collection":[{"href":"https:\/\/informelitoral.com.ar\/%77%70%2d%6a%73%6f%6e\/wp\/v2\/posts"}],"about":[{"href":"https:\/\/informelitoral.com.ar\/%77%70%2d%6a%73%6f%6e\/wp\/v2\/types\/post"}],"author":[{"embeddable":true,"href":"https:\/\/informelitoral.com.ar\/%77%70%2d%6a%73%6f%6e\/wp\/v2\/users\/8"}],"replies":[{"embeddable":true,"href":"https:\/\/informelitoral.com.ar\/%77%70%2d%6a%73%6f%6e\/wp\/v2\/comments?post=71856"}],"version-history":[{"count":0,"href":"https:\/\/informelitoral.com.ar\/%77%70%2d%6a%73%6f%6e\/wp\/v2\/posts\/71856\/revisions"}],"wp:featuredmedia":[{"embeddable":true,"href":"https:\/\/informelitoral.com.ar\/%77%70%2d%6a%73%6f%6e\/wp\/v2\/media\/71857"}],"wp:attachment":[{"href":"https:\/\/informelitoral.com.ar\/%77%70%2d%6a%73%6f%6e\/wp\/v2\/media?parent=71856"}],"wp:term":[{"taxonomy":"category","embeddable":true,"href":"https:\/\/informelitoral.com.ar\/%77%70%2d%6a%73%6f%6e\/wp\/v2\/categories?post=71856"},{"taxonomy":"post_tag","embeddable":true,"href":"https:\/\/informelitoral.com.ar\/%77%70%2d%6a%73%6f%6e\/wp\/v2\/tags?post=71856"}],"curies":[{"name":"wp","href":"https:\/\/api.w.org\/{rel}","templated":true}]}}