{"id":7184,"date":"2014-06-20T10:44:27","date_gmt":"2014-06-20T13:44:27","guid":{"rendered":"http:\/\/www.isletasnoticias.com.ar\/?p=7184"},"modified":"2014-06-20T10:50:12","modified_gmt":"2014-06-20T13:50:12","slug":"cortes-de-servicios-diputados-quieren-que-haya-previo-aviso-a-usuarios","status":"publish","type":"post","link":"https:\/\/informelitoral.com.ar\/cortes-de-servicios-diputados-quieren-que-haya-previo-aviso-a-usuarios\/","title":{"rendered":"Cortes de servicios: diputados quieren que haya previo aviso a usuarios"},"content":{"rendered":"<div><b>Mediante un proyecto de ley presentado en la C\u00e1mara Baja provincial, los diputados <em>Jorge Monge (UCR-Diamante)<\/em> y<em> Emma Bargagna (Fap-Paran\u00e1)<\/em>, impulsan la obligatoriedad del aviso a usuarios de servicios p\u00fablicos previo a la suspensi\u00f3n de \u00e9stos por falta de pago.<a href=\"http:\/\/www.isletasnoticias.com.ar\/%77%70%2d%63%6f%6e%74%65%6e%74\/uploads\/2013\/10\/monge.jpg\"><img loading=\"lazy\" decoding=\"async\" class=\"aligncenter  wp-image-3643\" alt=\"monge\" src=\"http:\/\/www.isletasnoticias.com.ar\/%77%70%2d%63%6f%6e%74%65%6e%74\/uploads\/2013\/10\/monge.jpg\" width=\"500\" height=\"300\" \/><\/a><\/b><\/div>\n<div>\u201cA esta altura de la civilizaci\u00f3n, sin duda alguna, podemos afirmar que determinados servicios p\u00fablicos domiciliarios (agua potable de red, energ\u00eda el\u00e9ctrica, gas y telefon\u00eda b\u00e1sica), han dejado de revestir el car\u00e1cter de \u201ccomodidades propias de la vida moderna\u201d para constituir elementos b\u00e1sicos, pr\u00e1cticamente imprescindibles\u201d, manifestaron los legisladores de la oposici\u00f3n, quienes en los fundamentos de la iniciativa remarcan puntualmente el caso de la empresa provincial prestadora del servicio de electricidad, Energ\u00eda de Entre R\u00edos S.A. (ENERSA) que \u00abde un tiempo a esta parte, ha eliminado la vieja pr\u00e1ctica de notificar mediante el `aviso de corte\u00b4 a sus usuarios la inminencia de la suspensi\u00f3n del servicio por falta de pago, aviso que, en cuanto a su costo de diligenciamiento, era afrontado por el propio usuario posteriormente en la siguiente factura\u00bb, sostiene el comunicado enviado a<em><strong> ISLETAS NOTICIAS<\/strong><\/em>. \u00abHay muchos casos que llevan a que se d\u00e9 la suspensi\u00f3n o interrupci\u00f3n del servicio, que tienen que ver con causas ajenas a lo econ\u00f3mico, como el olvido, la demora en la distribuci\u00f3n de las facturas, extrav\u00edo de las mismas\u201d, manifiestan los diputados autores del texto.\u00a0\u00a0No obstante, el proyecto no s\u00f3lo involucra el servicio prestado por ENERSA sino tambi\u00e9n a otros en los cuales el poder concedente sea del Estado provincial.<\/div>\n<div><\/div>\n<div>El art\u00edculo 1\u00b0 dispone que: \u201cEl procedimiento de suspensi\u00f3n del suministro y\/o prestaci\u00f3n de servicios p\u00fablicos a los usuarios por falta de pago de un periodo de facturaci\u00f3n, s\u00f3lo podr\u00e1 tener principio de ejecuci\u00f3n previa intimaci\u00f3n fehaciente al mismo, por el t\u00e9rmino de diez d\u00edas h\u00e1biles como m\u00ednimo, luego de producido el incumplimiento\u201d. Mientras que en el segundo se indica que la disposici\u00f3n regir\u00e1 \u201cpara los servicios p\u00fablicos de titularidad del estado provincial, sea que fuesen prestados directamente o indirectamente a trav\u00e9s de terceros concesionarios, licenciatarios o permisionarios de servicios p\u00fablicos\u201d.<\/div>\n","protected":false},"excerpt":{"rendered":"<p>Mediante un proyecto de ley presentado en la C&aacute;mara Baja provincial, los diputados Jorge Monge (UCR-Diamante) y Emma Bargagna (Fap-Paran&aacute;), impulsan la obligatoriedad del aviso a usuarios de servicios p&uacute;blicos previo a la suspensi&oacute;n de &eacute;stos por falta de pago. &ldquo;A esta altura de la civilizaci&oacute;n, sin duda alguna, podemos afirmar que determinados servicios p&uacute;blicos [&hellip;]<\/p>\n","protected":false},"author":2,"featured_media":0,"comment_status":"open","ping_status":"open","sticky":false,"template":"","format":"standard","meta":{"fifu_image_url":"","fifu_image_alt":"","footnotes":""},"categories":[6,16],"tags":[],"class_list":{"0":"post-7184","1":"post","2":"type-post","3":"status-publish","4":"format-standard","6":"category-entre-rios","7":"category-politi"},"yoast_head":"<title>Cortes de servicios: diputados quieren que haya previo aviso a usuarios  - Informe Litoral<\/title>\n<meta name=\"robots\" content=\"index, follow, max-snippet:-1, max-image-preview:large, max-video-preview:-1\" \/>\n<link rel=\"canonical\" href=\"https:\/\/informelitoral.com.ar\/cortes-de-servicios-diputados-quieren-que-haya-previo-aviso-a-usuarios\/\" \/>\n<meta property=\"og:locale\" content=\"es_ES\" \/>\n<meta property=\"og:type\" content=\"article\" \/>\n<meta property=\"og:title\" content=\"Cortes de servicios: diputados quieren que haya previo aviso a usuarios  - Informe Litoral\" \/>\n<meta property=\"og:description\" content=\"Mediante un proyecto de ley presentado en la C&aacute;mara Baja provincial, los diputados Jorge Monge (UCR-Diamante) y Emma Bargagna (Fap-Paran&aacute;), impulsan la obligatoriedad del aviso a usuarios de servicios p&uacute;blicos previo a la suspensi&oacute;n de &eacute;stos por falta de pago. &ldquo;A esta altura de la civilizaci&oacute;n, sin duda alguna, podemos afirmar que determinados servicios p&uacute;blicos [&hellip;]\" \/>\n<meta property=\"og:url\" content=\"https:\/\/informelitoral.com.ar\/cortes-de-servicios-diputados-quieren-que-haya-previo-aviso-a-usuarios\/\" \/>\n<meta property=\"og:site_name\" content=\"Informe Litoral\" \/>\n<meta property=\"article:publisher\" content=\"https:\/\/www.facebook.com\/informelitoral\/\" \/>\n<meta property=\"article:published_time\" content=\"2014-06-20T13:44:27+00:00\" \/>\n<meta property=\"article:modified_time\" content=\"2014-06-20T13:50:12+00:00\" \/>\n<meta property=\"og:image\" content=\"https:\/\/informelitoral.com.ar\/%77%70%2d%63%6f%6e%74%65%6e%74\/uploads\/2013\/10\/monge.jpg\" \/>\n\t<meta property=\"og:image:width\" content=\"259\" \/>\n\t<meta property=\"og:image:height\" content=\"194\" \/>\n\t<meta property=\"og:image:type\" content=\"image\/jpeg\" \/>\n<meta name=\"author\" content=\"Gonzalo Schmidt\" \/>\n<meta name=\"twitter:card\" content=\"summary_large_image\" \/>\n<meta name=\"twitter:creator\" content=\"@InformeLitoral\" \/>\n<meta name=\"twitter:site\" content=\"@InformeLitoral\" \/>\n<meta name=\"twitter:label1\" content=\"Escrito por\" \/>\n\t<meta name=\"twitter:data1\" content=\"Gonzalo Schmidt\" \/>\n\t<meta name=\"twitter:label2\" content=\"Tiempo de lectura\" \/>\n\t<meta name=\"twitter:data2\" content=\"2 minutos\" \/>\n<script type=\"application\/ld+json\" class=\"yoast-schema-graph\">{\"@context\":\"https:\\\/\\\/schema.org\",\"@graph\":[{\"@type\":\"Article\",\"@id\":\"https:\\\/\\\/informelitoral.com.ar\\\/cortes-de-servicios-diputados-quieren-que-haya-previo-aviso-a-usuarios\\\/#article\",\"isPartOf\":{\"@id\":\"https:\\\/\\\/informelitoral.com.ar\\\/cortes-de-servicios-diputados-quieren-que-haya-previo-aviso-a-usuarios\\\/\"},\"author\":{\"name\":\"Gonzalo Schmidt\",\"@id\":\"https:\\\/\\\/informelitoral.com.ar\\\/#\\\/schema\\\/person\\\/b9d00407c836482871ef1d57bf8e3180\"},\"headline\":\"Cortes de servicios: diputados quieren que haya previo aviso a usuarios\",\"datePublished\":\"2014-06-20T13:44:27+00:00\",\"dateModified\":\"2014-06-20T13:50:12+00:00\",\"mainEntityOfPage\":{\"@id\":\"https:\\\/\\\/informelitoral.com.ar\\\/cortes-de-servicios-diputados-quieren-que-haya-previo-aviso-a-usuarios\\\/\"},\"wordCount\":392,\"commentCount\":0,\"publisher\":{\"@id\":\"https:\\\/\\\/informelitoral.com.ar\\\/#organization\"},\"image\":{\"@id\":\"https:\\\/\\\/informelitoral.com.ar\\\/cortes-de-servicios-diputados-quieren-que-haya-previo-aviso-a-usuarios\\\/#primaryimage\"},\"thumbnailUrl\":\"http:\\\/\\\/www.isletasnoticias.com.ar\\\/%77%70%2d%63%6f%6e%74%65%6e%74\\\/uploads\\\/2013\\\/10\\\/monge.jpg\",\"articleSection\":[\"Entre R\u00edos\",\"Politica\"],\"inLanguage\":\"es\",\"potentialAction\":[{\"@type\":\"CommentAction\",\"name\":\"Comment\",\"target\":[\"https:\\\/\\\/informelitoral.com.ar\\\/cortes-de-servicios-diputados-quieren-que-haya-previo-aviso-a-usuarios\\\/#respond\"]}]},{\"@type\":\"WebPage\",\"@id\":\"https:\\\/\\\/informelitoral.com.ar\\\/cortes-de-servicios-diputados-quieren-que-haya-previo-aviso-a-usuarios\\\/\",\"url\":\"https:\\\/\\\/informelitoral.com.ar\\\/cortes-de-servicios-diputados-quieren-que-haya-previo-aviso-a-usuarios\\\/\",\"name\":\"Cortes de servicios: diputados quieren que haya previo aviso a usuarios - Informe Litoral\",\"isPartOf\":{\"@id\":\"https:\\\/\\\/informelitoral.com.ar\\\/#website\"},\"primaryImageOfPage\":{\"@id\":\"https:\\\/\\\/informelitoral.com.ar\\\/cortes-de-servicios-diputados-quieren-que-haya-previo-aviso-a-usuarios\\\/#primaryimage\"},\"image\":{\"@id\":\"https:\\\/\\\/informelitoral.com.ar\\\/cortes-de-servicios-diputados-quieren-que-haya-previo-aviso-a-usuarios\\\/#primaryimage\"},\"thumbnailUrl\":\"http:\\\/\\\/www.isletasnoticias.com.ar\\\/%77%70%2d%63%6f%6e%74%65%6e%74\\\/uploads\\\/2013\\\/10\\\/monge.jpg\",\"datePublished\":\"2014-06-20T13:44:27+00:00\",\"dateModified\":\"2014-06-20T13:50:12+00:00\",\"breadcrumb\":{\"@id\":\"https:\\\/\\\/informelitoral.com.ar\\\/cortes-de-servicios-diputados-quieren-que-haya-previo-aviso-a-usuarios\\\/#breadcrumb\"},\"inLanguage\":\"es\",\"potentialAction\":[{\"@type\":\"ReadAction\",\"target\":[\"https:\\\/\\\/informelitoral.com.ar\\\/cortes-de-servicios-diputados-quieren-que-haya-previo-aviso-a-usuarios\\\/\"]}]},{\"@type\":\"ImageObject\",\"inLanguage\":\"es\",\"@id\":\"https:\\\/\\\/informelitoral.com.ar\\\/cortes-de-servicios-diputados-quieren-que-haya-previo-aviso-a-usuarios\\\/#primaryimage\",\"url\":\"http:\\\/\\\/www.isletasnoticias.com.ar\\\/%77%70%2d%63%6f%6e%74%65%6e%74\\\/uploads\\\/2013\\\/10\\\/monge.jpg\",\"contentUrl\":\"http:\\\/\\\/www.isletasnoticias.com.ar\\\/%77%70%2d%63%6f%6e%74%65%6e%74\\\/uploads\\\/2013\\\/10\\\/monge.jpg\"},{\"@type\":\"BreadcrumbList\",\"@id\":\"https:\\\/\\\/informelitoral.com.ar\\\/cortes-de-servicios-diputados-quieren-que-haya-previo-aviso-a-usuarios\\\/#breadcrumb\",\"itemListElement\":[{\"@type\":\"ListItem\",\"position\":1,\"name\":\"Portada\",\"item\":\"https:\\\/\\\/informelitoral.com.ar\\\/\"},{\"@type\":\"ListItem\",\"position\":2,\"name\":\"Cortes de servicios: diputados quieren que haya previo aviso a usuarios\"}]},{\"@type\":\"WebSite\",\"@id\":\"https:\\\/\\\/informelitoral.com.ar\\\/#website\",\"url\":\"https:\\\/\\\/informelitoral.com.ar\\\/\",\"name\":\"Informe Litoral\",\"description\":\"&quot;Nos informamos&quot; \",\"publisher\":{\"@id\":\"https:\\\/\\\/informelitoral.com.ar\\\/#organization\"},\"potentialAction\":[{\"@type\":\"SearchAction\",\"target\":{\"@type\":\"EntryPoint\",\"urlTemplate\":\"https:\\\/\\\/informelitoral.com.ar\\\/?s={search_term_string}\"},\"query-input\":{\"@type\":\"PropertyValueSpecification\",\"valueRequired\":true,\"valueName\":\"search_term_string\"}}],\"inLanguage\":\"es\"},{\"@type\":\"Organization\",\"@id\":\"https:\\\/\\\/informelitoral.com.ar\\\/#organization\",\"name\":\"Informe Litoral\",\"url\":\"https:\\\/\\\/informelitoral.com.ar\\\/\",\"logo\":{\"@type\":\"ImageObject\",\"inLanguage\":\"es\",\"@id\":\"https:\\\/\\\/informelitoral.com.ar\\\/#\\\/schema\\\/logo\\\/image\\\/\",\"url\":\"https:\\\/\\\/informelitoral.com.ar\\\/%77%70%2d%63%6f%6e%74%65%6e%74\\\/uploads\\\/2021\\\/01\\\/circulo.png\",\"contentUrl\":\"https:\\\/\\\/informelitoral.com.ar\\\/%77%70%2d%63%6f%6e%74%65%6e%74\\\/uploads\\\/2021\\\/01\\\/circulo.png\",\"width\":723,\"height\":731,\"caption\":\"Informe Litoral\"},\"image\":{\"@id\":\"https:\\\/\\\/informelitoral.com.ar\\\/#\\\/schema\\\/logo\\\/image\\\/\"},\"sameAs\":[\"https:\\\/\\\/www.facebook.com\\\/informelitoral\\\/\",\"https:\\\/\\\/x.com\\\/InformeLitoral\",\"https:\\\/\\\/www.instagram.com\\\/informelitoral\\\/\",\"https:\\\/\\\/www.youtube.com\\\/channel\\\/UCua4Qvz8Icb6MYqhoq9xLXw\"]},{\"@type\":\"Person\",\"@id\":\"https:\\\/\\\/informelitoral.com.ar\\\/#\\\/schema\\\/person\\\/b9d00407c836482871ef1d57bf8e3180\",\"name\":\"Gonzalo Schmidt\",\"image\":{\"@type\":\"ImageObject\",\"inLanguage\":\"es\",\"@id\":\"https:\\\/\\\/secure.gravatar.com\\\/avatar\\\/31a1a7b66ff2de83bd0e9fd79d026630d2d99e55e8bfe501287647b4fd9743de?s=96&d=mm&r=g\",\"url\":\"https:\\\/\\\/secure.gravatar.com\\\/avatar\\\/31a1a7b66ff2de83bd0e9fd79d026630d2d99e55e8bfe501287647b4fd9743de?s=96&d=mm&r=g\",\"contentUrl\":\"https:\\\/\\\/secure.gravatar.com\\\/avatar\\\/31a1a7b66ff2de83bd0e9fd79d026630d2d99e55e8bfe501287647b4fd9743de?s=96&d=mm&r=g\",\"caption\":\"Gonzalo Schmidt\"},\"description\":\"Sitio web de noticias de la provincia de Entre R\u00edos, Argentina. Informaci\u00f3n y entretenimiento. Informe Litoral, nos informamos.\",\"sameAs\":[\"http:\\\/\\\/www.isletasnoticias.com.ar\"],\"url\":\"https:\\\/\\\/informelitoral.com.ar\\\/author\\\/gonzalo\\\/\"}]}<\/script>","yoast_head_json":{"title":"Cortes de servicios: diputados quieren que haya previo aviso a usuarios  - Informe Litoral","robots":{"index":"index","follow":"follow","max-snippet":"max-snippet:-1","max-image-preview":"max-image-preview:large","max-video-preview":"max-video-preview:-1"},"canonical":"https:\/\/informelitoral.com.ar\/cortes-de-servicios-diputados-quieren-que-haya-previo-aviso-a-usuarios\/","og_locale":"es_ES","og_type":"article","og_title":"Cortes de servicios: diputados quieren que haya previo aviso a usuarios  - Informe Litoral","og_description":"Mediante un proyecto de ley presentado en la C&aacute;mara Baja provincial, los diputados Jorge Monge (UCR-Diamante) y Emma Bargagna (Fap-Paran&aacute;), impulsan la obligatoriedad del aviso a usuarios de servicios p&uacute;blicos previo a la suspensi&oacute;n de &eacute;stos por falta de pago. &ldquo;A esta altura de la civilizaci&oacute;n, sin duda alguna, podemos afirmar que determinados servicios p&uacute;blicos [&hellip;]","og_url":"https:\/\/informelitoral.com.ar\/cortes-de-servicios-diputados-quieren-que-haya-previo-aviso-a-usuarios\/","og_site_name":"Informe Litoral","article_publisher":"https:\/\/www.facebook.com\/informelitoral\/","article_published_time":"2014-06-20T13:44:27+00:00","article_modified_time":"2014-06-20T13:50:12+00:00","og_image":[{"width":259,"height":194,"url":"https:\/\/informelitoral.com.ar\/%77%70%2d%63%6f%6e%74%65%6e%74\/uploads\/2013\/10\/monge.jpg","type":"image\/jpeg"}],"author":"Gonzalo Schmidt","twitter_card":"summary_large_image","twitter_creator":"@InformeLitoral","twitter_site":"@InformeLitoral","twitter_misc":{"Escrito por":"Gonzalo Schmidt","Tiempo de lectura":"2 minutos"},"schema":{"@context":"https:\/\/schema.org","@graph":[{"@type":"Article","@id":"https:\/\/informelitoral.com.ar\/cortes-de-servicios-diputados-quieren-que-haya-previo-aviso-a-usuarios\/#article","isPartOf":{"@id":"https:\/\/informelitoral.com.ar\/cortes-de-servicios-diputados-quieren-que-haya-previo-aviso-a-usuarios\/"},"author":{"name":"Gonzalo Schmidt","@id":"https:\/\/informelitoral.com.ar\/#\/schema\/person\/b9d00407c836482871ef1d57bf8e3180"},"headline":"Cortes de servicios: diputados quieren que haya previo aviso a usuarios","datePublished":"2014-06-20T13:44:27+00:00","dateModified":"2014-06-20T13:50:12+00:00","mainEntityOfPage":{"@id":"https:\/\/informelitoral.com.ar\/cortes-de-servicios-diputados-quieren-que-haya-previo-aviso-a-usuarios\/"},"wordCount":392,"commentCount":0,"publisher":{"@id":"https:\/\/informelitoral.com.ar\/#organization"},"image":{"@id":"https:\/\/informelitoral.com.ar\/cortes-de-servicios-diputados-quieren-que-haya-previo-aviso-a-usuarios\/#primaryimage"},"thumbnailUrl":"http:\/\/www.isletasnoticias.com.ar\/%77%70%2d%63%6f%6e%74%65%6e%74\/uploads\/2013\/10\/monge.jpg","articleSection":["Entre R\u00edos","Politica"],"inLanguage":"es","potentialAction":[{"@type":"CommentAction","name":"Comment","target":["https:\/\/informelitoral.com.ar\/cortes-de-servicios-diputados-quieren-que-haya-previo-aviso-a-usuarios\/#respond"]}]},{"@type":"WebPage","@id":"https:\/\/informelitoral.com.ar\/cortes-de-servicios-diputados-quieren-que-haya-previo-aviso-a-usuarios\/","url":"https:\/\/informelitoral.com.ar\/cortes-de-servicios-diputados-quieren-que-haya-previo-aviso-a-usuarios\/","name":"Cortes de servicios: diputados quieren que haya previo aviso a usuarios - Informe Litoral","isPartOf":{"@id":"https:\/\/informelitoral.com.ar\/#website"},"primaryImageOfPage":{"@id":"https:\/\/informelitoral.com.ar\/cortes-de-servicios-diputados-quieren-que-haya-previo-aviso-a-usuarios\/#primaryimage"},"image":{"@id":"https:\/\/informelitoral.com.ar\/cortes-de-servicios-diputados-quieren-que-haya-previo-aviso-a-usuarios\/#primaryimage"},"thumbnailUrl":"http:\/\/www.isletasnoticias.com.ar\/%77%70%2d%63%6f%6e%74%65%6e%74\/uploads\/2013\/10\/monge.jpg","datePublished":"2014-06-20T13:44:27+00:00","dateModified":"2014-06-20T13:50:12+00:00","breadcrumb":{"@id":"https:\/\/informelitoral.com.ar\/cortes-de-servicios-diputados-quieren-que-haya-previo-aviso-a-usuarios\/#breadcrumb"},"inLanguage":"es","potentialAction":[{"@type":"ReadAction","target":["https:\/\/informelitoral.com.ar\/cortes-de-servicios-diputados-quieren-que-haya-previo-aviso-a-usuarios\/"]}]},{"@type":"ImageObject","inLanguage":"es","@id":"https:\/\/informelitoral.com.ar\/cortes-de-servicios-diputados-quieren-que-haya-previo-aviso-a-usuarios\/#primaryimage","url":"http:\/\/www.isletasnoticias.com.ar\/%77%70%2d%63%6f%6e%74%65%6e%74\/uploads\/2013\/10\/monge.jpg","contentUrl":"http:\/\/www.isletasnoticias.com.ar\/%77%70%2d%63%6f%6e%74%65%6e%74\/uploads\/2013\/10\/monge.jpg"},{"@type":"BreadcrumbList","@id":"https:\/\/informelitoral.com.ar\/cortes-de-servicios-diputados-quieren-que-haya-previo-aviso-a-usuarios\/#breadcrumb","itemListElement":[{"@type":"ListItem","position":1,"name":"Portada","item":"https:\/\/informelitoral.com.ar\/"},{"@type":"ListItem","position":2,"name":"Cortes de servicios: diputados quieren que haya previo aviso a usuarios"}]},{"@type":"WebSite","@id":"https:\/\/informelitoral.com.ar\/#website","url":"https:\/\/informelitoral.com.ar\/","name":"Informe Litoral","description":"&quot;Nos informamos&quot; ","publisher":{"@id":"https:\/\/informelitoral.com.ar\/#organization"},"potentialAction":[{"@type":"SearchAction","target":{"@type":"EntryPoint","urlTemplate":"https:\/\/informelitoral.com.ar\/?s={search_term_string}"},"query-input":{"@type":"PropertyValueSpecification","valueRequired":true,"valueName":"search_term_string"}}],"inLanguage":"es"},{"@type":"Organization","@id":"https:\/\/informelitoral.com.ar\/#organization","name":"Informe Litoral","url":"https:\/\/informelitoral.com.ar\/","logo":{"@type":"ImageObject","inLanguage":"es","@id":"https:\/\/informelitoral.com.ar\/#\/schema\/logo\/image\/","url":"https:\/\/informelitoral.com.ar\/%77%70%2d%63%6f%6e%74%65%6e%74\/uploads\/2021\/01\/circulo.png","contentUrl":"https:\/\/informelitoral.com.ar\/%77%70%2d%63%6f%6e%74%65%6e%74\/uploads\/2021\/01\/circulo.png","width":723,"height":731,"caption":"Informe Litoral"},"image":{"@id":"https:\/\/informelitoral.com.ar\/#\/schema\/logo\/image\/"},"sameAs":["https:\/\/www.facebook.com\/informelitoral\/","https:\/\/x.com\/InformeLitoral","https:\/\/www.instagram.com\/informelitoral\/","https:\/\/www.youtube.com\/channel\/UCua4Qvz8Icb6MYqhoq9xLXw"]},{"@type":"Person","@id":"https:\/\/informelitoral.com.ar\/#\/schema\/person\/b9d00407c836482871ef1d57bf8e3180","name":"Gonzalo Schmidt","image":{"@type":"ImageObject","inLanguage":"es","@id":"https:\/\/secure.gravatar.com\/avatar\/31a1a7b66ff2de83bd0e9fd79d026630d2d99e55e8bfe501287647b4fd9743de?s=96&d=mm&r=g","url":"https:\/\/secure.gravatar.com\/avatar\/31a1a7b66ff2de83bd0e9fd79d026630d2d99e55e8bfe501287647b4fd9743de?s=96&d=mm&r=g","contentUrl":"https:\/\/secure.gravatar.com\/avatar\/31a1a7b66ff2de83bd0e9fd79d026630d2d99e55e8bfe501287647b4fd9743de?s=96&d=mm&r=g","caption":"Gonzalo Schmidt"},"description":"Sitio web de noticias de la provincia de Entre R\u00edos, Argentina. Informaci\u00f3n y entretenimiento. Informe Litoral, nos informamos.","sameAs":["http:\/\/www.isletasnoticias.com.ar"],"url":"https:\/\/informelitoral.com.ar\/author\/gonzalo\/"}]}},"_links":{"self":[{"href":"https:\/\/informelitoral.com.ar\/%77%70%2d%6a%73%6f%6e\/wp\/v2\/posts\/7184","targetHints":{"allow":["GET"]}}],"collection":[{"href":"https:\/\/informelitoral.com.ar\/%77%70%2d%6a%73%6f%6e\/wp\/v2\/posts"}],"about":[{"href":"https:\/\/informelitoral.com.ar\/%77%70%2d%6a%73%6f%6e\/wp\/v2\/types\/post"}],"author":[{"embeddable":true,"href":"https:\/\/informelitoral.com.ar\/%77%70%2d%6a%73%6f%6e\/wp\/v2\/users\/2"}],"replies":[{"embeddable":true,"href":"https:\/\/informelitoral.com.ar\/%77%70%2d%6a%73%6f%6e\/wp\/v2\/comments?post=7184"}],"version-history":[{"count":0,"href":"https:\/\/informelitoral.com.ar\/%77%70%2d%6a%73%6f%6e\/wp\/v2\/posts\/7184\/revisions"}],"wp:attachment":[{"href":"https:\/\/informelitoral.com.ar\/%77%70%2d%6a%73%6f%6e\/wp\/v2\/media?parent=7184"}],"wp:term":[{"taxonomy":"category","embeddable":true,"href":"https:\/\/informelitoral.com.ar\/%77%70%2d%6a%73%6f%6e\/wp\/v2\/categories?post=7184"},{"taxonomy":"post_tag","embeddable":true,"href":"https:\/\/informelitoral.com.ar\/%77%70%2d%6a%73%6f%6e\/wp\/v2\/tags?post=7184"}],"curies":[{"name":"wp","href":"https:\/\/api.w.org\/{rel}","templated":true}]}}