{"id":71813,"date":"2022-02-15T08:40:05","date_gmt":"2022-02-15T11:40:05","guid":{"rendered":"https:\/\/www.informelitoral.com.ar\/?p=71813"},"modified":"2022-02-15T09:16:39","modified_gmt":"2022-02-15T12:16:39","slug":"el-consumo-de-carne-vacuna-por-habitante-registro-una-caida-del-18-en-enero","status":"publish","type":"post","link":"https:\/\/informelitoral.com.ar\/el-consumo-de-carne-vacuna-por-habitante-registro-una-caida-del-18-en-enero\/","title":{"rendered":"El consumo de carne vacuna por habitante registr\u00f3 una ca\u00edda del 1,8% en enero"},"content":{"rendered":"<p>El consumo de carne vacuna por habitante registr\u00f3 una ca\u00edda del 1,8% en enero respecto de igual mes del a\u00f1o pasado, seg\u00fan estimaciones de la C\u00e1mara de la Industria del Comercio de Carnes y Derivados de la Rep\u00fablica Argentina (CICCRA).<br \/>\nEn su \u00faltimo informe, la entidad que representa a los frigor\u00edficos nacionales m\u00e1s chicos, se\u00f1al\u00f3 que el \u00abconsumo aparente de carne vacuna por habitante, en enero de 2022 fue de 47,4 kilos al a\u00f1o tomando el promedio de los \u00faltimos doce meses y result\u00f3 3,5% inferior al promedio de un a\u00f1o atr\u00e1s\u00bb.<\/p>\n<p>\u00abEn tanto, el consumo aparente de carne vacuna correspondiente a enero se ubic\u00f3 en 40,8 kg por habitante al a\u00f1o, teniendo en cuenta la faena y los n\u00fameros provisorios de exportaciones, un volumen 1,8% menor al de enero de 2021\u00bb, se\u00f1al\u00f3 la entidad empresaria.<\/p>\n<p>El informe destaca que \u00abla producci\u00f3n de carne vacuna fue de 222.300 toneladas de res con hueso en el primer mes del a\u00f1o\u00bb lo cual implica que en enero \u00abel total de carne producida result\u00f3 5.700 toneladas inferior al de enero de 2021\u00bb.<br \/>\n\u00abSi el total exportado ascendi\u00f3 a 65.000 toneladas equivalentes en el inicio del a\u00f1o entonces se enviaron al mercado interno 157.300 toneladas de carne vacuna. Es decir, casi 1% menos que en enero del a\u00f1o pasado\u00bb, indic\u00f3 CICCRA.<\/p>\n<p>El reporte sectorial se\u00f1ala que \u00aben el primer mes del a\u00f1o el nivel de actividad de la industria frigor\u00edfica vacuna continu\u00f3 siendo bajo, producto de la escasez de hacienda para enviar faena que se viene observando en el \u00faltimo a\u00f1o\u00bb.<br \/>\nPor un lado, influy\u00f3 la menor zafra de terneros, a ra\u00edz de la liquidaci\u00f3n de vientres que se verific\u00f3 entre las primaveras de 2018 y 2020. Por el otro lado, la sequ\u00eda 2020\/2021 forz\u00f3 un proceso de recr\u00eda a campo que alarg\u00f3 el tiempo de engorde de los animales\u00bb indica el informe.<\/p>\n<p>Al respecto, CICCRA se\u00f1ala que \u00aben enero de 2022 se faenaron 971.800 cabezas de hacienda vacuna\u00bb por lo que \u00abla comparaci\u00f3n interanual arroj\u00f3 una baja de s\u00f3lo 2,6% (26.200 cabezas), debido a que la actividad de enero de 2021 tambi\u00e9n hab\u00eda sido baja\u00bb.<br \/>\n\u00abFue el tercer mes consecutivo en el cual la faena de machos descendi\u00f3 a mayor ritmo que la faena de hembras, tras m\u00e1s de dos a\u00f1os en que se observ\u00f3 el comportamiento opuesto. Esto se hizo que la participaci\u00f3n de las hembras en la faena total subiera levemente entre los \u00faltimos dos eneros, hasta quedar en 44,9%\u00bb, indic\u00f3 la c\u00e1mara empresaria.<\/p>\n","protected":false},"excerpt":{"rendered":"<p>El reporte sectorial se\u00f1ala que \u00aben el primer mes del a\u00f1o el nivel de actividad de la industria frigor\u00edfica vacuna continu\u00f3 siendo bajo, producto de la escasez de hacienda para enviar faena que se viene observando en el \u00faltimo a\u00f1o\u00bb.<\/p>\n","protected":false},"author":8,"featured_media":69816,"comment_status":"open","ping_status":"open","sticky":false,"template":"","format":"standard","meta":{"fifu_image_url":"","fifu_image_alt":"","footnotes":""},"categories":[1594],"tags":[389,393],"class_list":{"0":"post-71813","1":"post","2":"type-post","3":"status-publish","4":"format-standard","5":"has-post-thumbnail","7":"category-economia","8":"tag-carne","9":"tag-consumo"},"yoast_head":"<title>El consumo de carne vacuna por habitante registr\u00f3 una ca\u00edda del 1,8% en enero - Informe Litoral<\/title>\n<meta name=\"robots\" content=\"index, follow, max-snippet:-1, max-image-preview:large, max-video-preview:-1\" \/>\n<link rel=\"canonical\" href=\"https:\/\/informelitoral.com.ar\/el-consumo-de-carne-vacuna-por-habitante-registro-una-caida-del-18-en-enero\/\" \/>\n<meta property=\"og:locale\" content=\"es_ES\" \/>\n<meta property=\"og:type\" content=\"article\" \/>\n<meta property=\"og:title\" content=\"El consumo de carne vacuna por habitante registr\u00f3 una ca\u00edda del 1,8% en enero - Informe Litoral\" \/>\n<meta property=\"og:description\" content=\"El reporte sectorial se\u00f1ala que &quot;en el primer mes del a\u00f1o el nivel de actividad de la industria frigor\u00edfica vacuna continu\u00f3 siendo bajo, producto de la escasez de hacienda para enviar faena que se viene observando en el \u00faltimo a\u00f1o&quot;.\" \/>\n<meta property=\"og:url\" content=\"https:\/\/informelitoral.com.ar\/el-consumo-de-carne-vacuna-por-habitante-registro-una-caida-del-18-en-enero\/\" \/>\n<meta property=\"og:site_name\" content=\"Informe Litoral\" \/>\n<meta property=\"article:publisher\" content=\"https:\/\/www.facebook.com\/informelitoral\/\" \/>\n<meta property=\"article:published_time\" content=\"2022-02-15T11:40:05+00:00\" \/>\n<meta property=\"article:modified_time\" content=\"2022-02-15T12:16:39+00:00\" \/>\n<meta property=\"og:image\" content=\"https:\/\/informelitoral.com.ar\/%77%70%2d%63%6f%6e%74%65%6e%74\/uploads\/2022\/01\/carnejpg.jpg\" \/>\n\t<meta property=\"og:image:width\" content=\"642\" \/>\n\t<meta property=\"og:image:height\" content=\"361\" \/>\n\t<meta property=\"og:image:type\" content=\"image\/jpeg\" \/>\n<meta name=\"author\" content=\"Sebastian\" \/>\n<meta name=\"twitter:card\" content=\"summary_large_image\" \/>\n<meta name=\"twitter:creator\" content=\"@InformeLitoral\" \/>\n<meta name=\"twitter:site\" content=\"@InformeLitoral\" \/>\n<meta name=\"twitter:label1\" content=\"Escrito por\" \/>\n\t<meta name=\"twitter:data1\" content=\"Sebastian\" \/>\n\t<meta name=\"twitter:label2\" content=\"Tiempo de lectura\" \/>\n\t<meta name=\"twitter:data2\" content=\"2 minutos\" \/>\n<script type=\"application\/ld+json\" class=\"yoast-schema-graph\">{\"@context\":\"https:\\\/\\\/schema.org\",\"@graph\":[{\"@type\":\"Article\",\"@id\":\"https:\\\/\\\/informelitoral.com.ar\\\/el-consumo-de-carne-vacuna-por-habitante-registro-una-caida-del-18-en-enero\\\/#article\",\"isPartOf\":{\"@id\":\"https:\\\/\\\/informelitoral.com.ar\\\/el-consumo-de-carne-vacuna-por-habitante-registro-una-caida-del-18-en-enero\\\/\"},\"author\":{\"name\":\"Sebastian\",\"@id\":\"https:\\\/\\\/informelitoral.com.ar\\\/#\\\/schema\\\/person\\\/f05f9f461677119578717524b127d6d5\"},\"headline\":\"El consumo de carne vacuna por habitante registr\u00f3 una ca\u00edda del 1,8% en enero\",\"datePublished\":\"2022-02-15T11:40:05+00:00\",\"dateModified\":\"2022-02-15T12:16:39+00:00\",\"mainEntityOfPage\":{\"@id\":\"https:\\\/\\\/informelitoral.com.ar\\\/el-consumo-de-carne-vacuna-por-habitante-registro-una-caida-del-18-en-enero\\\/\"},\"wordCount\":440,\"commentCount\":0,\"publisher\":{\"@id\":\"https:\\\/\\\/informelitoral.com.ar\\\/#organization\"},\"image\":{\"@id\":\"https:\\\/\\\/informelitoral.com.ar\\\/el-consumo-de-carne-vacuna-por-habitante-registro-una-caida-del-18-en-enero\\\/#primaryimage\"},\"thumbnailUrl\":\"https:\\\/\\\/informelitoral.com.ar\\\/%77%70%2d%63%6f%6e%74%65%6e%74\\\/uploads\\\/2022\\\/01\\\/carnejpg.jpg\",\"keywords\":[\"Carne\",\"Consumo\"],\"articleSection\":[\"Econom\u00eda\"],\"inLanguage\":\"es\",\"potentialAction\":[{\"@type\":\"CommentAction\",\"name\":\"Comment\",\"target\":[\"https:\\\/\\\/informelitoral.com.ar\\\/el-consumo-de-carne-vacuna-por-habitante-registro-una-caida-del-18-en-enero\\\/#respond\"]}]},{\"@type\":\"WebPage\",\"@id\":\"https:\\\/\\\/informelitoral.com.ar\\\/el-consumo-de-carne-vacuna-por-habitante-registro-una-caida-del-18-en-enero\\\/\",\"url\":\"https:\\\/\\\/informelitoral.com.ar\\\/el-consumo-de-carne-vacuna-por-habitante-registro-una-caida-del-18-en-enero\\\/\",\"name\":\"El consumo de carne vacuna por habitante registr\u00f3 una ca\u00edda del 1,8% en enero - Informe Litoral\",\"isPartOf\":{\"@id\":\"https:\\\/\\\/informelitoral.com.ar\\\/#website\"},\"primaryImageOfPage\":{\"@id\":\"https:\\\/\\\/informelitoral.com.ar\\\/el-consumo-de-carne-vacuna-por-habitante-registro-una-caida-del-18-en-enero\\\/#primaryimage\"},\"image\":{\"@id\":\"https:\\\/\\\/informelitoral.com.ar\\\/el-consumo-de-carne-vacuna-por-habitante-registro-una-caida-del-18-en-enero\\\/#primaryimage\"},\"thumbnailUrl\":\"https:\\\/\\\/informelitoral.com.ar\\\/%77%70%2d%63%6f%6e%74%65%6e%74\\\/uploads\\\/2022\\\/01\\\/carnejpg.jpg\",\"datePublished\":\"2022-02-15T11:40:05+00:00\",\"dateModified\":\"2022-02-15T12:16:39+00:00\",\"breadcrumb\":{\"@id\":\"https:\\\/\\\/informelitoral.com.ar\\\/el-consumo-de-carne-vacuna-por-habitante-registro-una-caida-del-18-en-enero\\\/#breadcrumb\"},\"inLanguage\":\"es\",\"potentialAction\":[{\"@type\":\"ReadAction\",\"target\":[\"https:\\\/\\\/informelitoral.com.ar\\\/el-consumo-de-carne-vacuna-por-habitante-registro-una-caida-del-18-en-enero\\\/\"]}]},{\"@type\":\"ImageObject\",\"inLanguage\":\"es\",\"@id\":\"https:\\\/\\\/informelitoral.com.ar\\\/el-consumo-de-carne-vacuna-por-habitante-registro-una-caida-del-18-en-enero\\\/#primaryimage\",\"url\":\"https:\\\/\\\/informelitoral.com.ar\\\/%77%70%2d%63%6f%6e%74%65%6e%74\\\/uploads\\\/2022\\\/01\\\/carnejpg.jpg\",\"contentUrl\":\"https:\\\/\\\/informelitoral.com.ar\\\/%77%70%2d%63%6f%6e%74%65%6e%74\\\/uploads\\\/2022\\\/01\\\/carnejpg.jpg\",\"width\":642,\"height\":361},{\"@type\":\"BreadcrumbList\",\"@id\":\"https:\\\/\\\/informelitoral.com.ar\\\/el-consumo-de-carne-vacuna-por-habitante-registro-una-caida-del-18-en-enero\\\/#breadcrumb\",\"itemListElement\":[{\"@type\":\"ListItem\",\"position\":1,\"name\":\"Portada\",\"item\":\"https:\\\/\\\/informelitoral.com.ar\\\/\"},{\"@type\":\"ListItem\",\"position\":2,\"name\":\"El consumo de carne vacuna por habitante registr\u00f3 una ca\u00edda del 1,8% en enero\"}]},{\"@type\":\"WebSite\",\"@id\":\"https:\\\/\\\/informelitoral.com.ar\\\/#website\",\"url\":\"https:\\\/\\\/informelitoral.com.ar\\\/\",\"name\":\"Informe Litoral\",\"description\":\"&quot;Nos informamos&quot; \",\"publisher\":{\"@id\":\"https:\\\/\\\/informelitoral.com.ar\\\/#organization\"},\"potentialAction\":[{\"@type\":\"SearchAction\",\"target\":{\"@type\":\"EntryPoint\",\"urlTemplate\":\"https:\\\/\\\/informelitoral.com.ar\\\/?s={search_term_string}\"},\"query-input\":{\"@type\":\"PropertyValueSpecification\",\"valueRequired\":true,\"valueName\":\"search_term_string\"}}],\"inLanguage\":\"es\"},{\"@type\":\"Organization\",\"@id\":\"https:\\\/\\\/informelitoral.com.ar\\\/#organization\",\"name\":\"Informe Litoral\",\"url\":\"https:\\\/\\\/informelitoral.com.ar\\\/\",\"logo\":{\"@type\":\"ImageObject\",\"inLanguage\":\"es\",\"@id\":\"https:\\\/\\\/informelitoral.com.ar\\\/#\\\/schema\\\/logo\\\/image\\\/\",\"url\":\"https:\\\/\\\/informelitoral.com.ar\\\/%77%70%2d%63%6f%6e%74%65%6e%74\\\/uploads\\\/2021\\\/01\\\/circulo.png\",\"contentUrl\":\"https:\\\/\\\/informelitoral.com.ar\\\/%77%70%2d%63%6f%6e%74%65%6e%74\\\/uploads\\\/2021\\\/01\\\/circulo.png\",\"width\":723,\"height\":731,\"caption\":\"Informe Litoral\"},\"image\":{\"@id\":\"https:\\\/\\\/informelitoral.com.ar\\\/#\\\/schema\\\/logo\\\/image\\\/\"},\"sameAs\":[\"https:\\\/\\\/www.facebook.com\\\/informelitoral\\\/\",\"https:\\\/\\\/x.com\\\/InformeLitoral\",\"https:\\\/\\\/www.instagram.com\\\/informelitoral\\\/\",\"https:\\\/\\\/www.youtube.com\\\/channel\\\/UCua4Qvz8Icb6MYqhoq9xLXw\"]},{\"@type\":\"Person\",\"@id\":\"https:\\\/\\\/informelitoral.com.ar\\\/#\\\/schema\\\/person\\\/f05f9f461677119578717524b127d6d5\",\"name\":\"Sebastian\",\"image\":{\"@type\":\"ImageObject\",\"inLanguage\":\"es\",\"@id\":\"https:\\\/\\\/secure.gravatar.com\\\/avatar\\\/b71bf7481d447dfb9583c7f2798e7cc64de6efb9067b74633ed8c31059a3bd82?s=96&d=mm&r=g\",\"url\":\"https:\\\/\\\/secure.gravatar.com\\\/avatar\\\/b71bf7481d447dfb9583c7f2798e7cc64de6efb9067b74633ed8c31059a3bd82?s=96&d=mm&r=g\",\"contentUrl\":\"https:\\\/\\\/secure.gravatar.com\\\/avatar\\\/b71bf7481d447dfb9583c7f2798e7cc64de6efb9067b74633ed8c31059a3bd82?s=96&d=mm&r=g\",\"caption\":\"Sebastian\"},\"url\":\"https:\\\/\\\/informelitoral.com.ar\\\/author\\\/sebastian\\\/\"}]}<\/script>","yoast_head_json":{"title":"El consumo de carne vacuna por habitante registr\u00f3 una ca\u00edda del 1,8% en enero - Informe Litoral","robots":{"index":"index","follow":"follow","max-snippet":"max-snippet:-1","max-image-preview":"max-image-preview:large","max-video-preview":"max-video-preview:-1"},"canonical":"https:\/\/informelitoral.com.ar\/el-consumo-de-carne-vacuna-por-habitante-registro-una-caida-del-18-en-enero\/","og_locale":"es_ES","og_type":"article","og_title":"El consumo de carne vacuna por habitante registr\u00f3 una ca\u00edda del 1,8% en enero - Informe Litoral","og_description":"El reporte sectorial se\u00f1ala que \"en el primer mes del a\u00f1o el nivel de actividad de la industria frigor\u00edfica vacuna continu\u00f3 siendo bajo, producto de la escasez de hacienda para enviar faena que se viene observando en el \u00faltimo a\u00f1o\".","og_url":"https:\/\/informelitoral.com.ar\/el-consumo-de-carne-vacuna-por-habitante-registro-una-caida-del-18-en-enero\/","og_site_name":"Informe Litoral","article_publisher":"https:\/\/www.facebook.com\/informelitoral\/","article_published_time":"2022-02-15T11:40:05+00:00","article_modified_time":"2022-02-15T12:16:39+00:00","og_image":[{"width":642,"height":361,"url":"https:\/\/informelitoral.com.ar\/%77%70%2d%63%6f%6e%74%65%6e%74\/uploads\/2022\/01\/carnejpg.jpg","type":"image\/jpeg"}],"author":"Sebastian","twitter_card":"summary_large_image","twitter_creator":"@InformeLitoral","twitter_site":"@InformeLitoral","twitter_misc":{"Escrito por":"Sebastian","Tiempo de lectura":"2 minutos"},"schema":{"@context":"https:\/\/schema.org","@graph":[{"@type":"Article","@id":"https:\/\/informelitoral.com.ar\/el-consumo-de-carne-vacuna-por-habitante-registro-una-caida-del-18-en-enero\/#article","isPartOf":{"@id":"https:\/\/informelitoral.com.ar\/el-consumo-de-carne-vacuna-por-habitante-registro-una-caida-del-18-en-enero\/"},"author":{"name":"Sebastian","@id":"https:\/\/informelitoral.com.ar\/#\/schema\/person\/f05f9f461677119578717524b127d6d5"},"headline":"El consumo de carne vacuna por habitante registr\u00f3 una ca\u00edda del 1,8% en enero","datePublished":"2022-02-15T11:40:05+00:00","dateModified":"2022-02-15T12:16:39+00:00","mainEntityOfPage":{"@id":"https:\/\/informelitoral.com.ar\/el-consumo-de-carne-vacuna-por-habitante-registro-una-caida-del-18-en-enero\/"},"wordCount":440,"commentCount":0,"publisher":{"@id":"https:\/\/informelitoral.com.ar\/#organization"},"image":{"@id":"https:\/\/informelitoral.com.ar\/el-consumo-de-carne-vacuna-por-habitante-registro-una-caida-del-18-en-enero\/#primaryimage"},"thumbnailUrl":"https:\/\/informelitoral.com.ar\/%77%70%2d%63%6f%6e%74%65%6e%74\/uploads\/2022\/01\/carnejpg.jpg","keywords":["Carne","Consumo"],"articleSection":["Econom\u00eda"],"inLanguage":"es","potentialAction":[{"@type":"CommentAction","name":"Comment","target":["https:\/\/informelitoral.com.ar\/el-consumo-de-carne-vacuna-por-habitante-registro-una-caida-del-18-en-enero\/#respond"]}]},{"@type":"WebPage","@id":"https:\/\/informelitoral.com.ar\/el-consumo-de-carne-vacuna-por-habitante-registro-una-caida-del-18-en-enero\/","url":"https:\/\/informelitoral.com.ar\/el-consumo-de-carne-vacuna-por-habitante-registro-una-caida-del-18-en-enero\/","name":"El consumo de carne vacuna por habitante registr\u00f3 una ca\u00edda del 1,8% en enero - Informe Litoral","isPartOf":{"@id":"https:\/\/informelitoral.com.ar\/#website"},"primaryImageOfPage":{"@id":"https:\/\/informelitoral.com.ar\/el-consumo-de-carne-vacuna-por-habitante-registro-una-caida-del-18-en-enero\/#primaryimage"},"image":{"@id":"https:\/\/informelitoral.com.ar\/el-consumo-de-carne-vacuna-por-habitante-registro-una-caida-del-18-en-enero\/#primaryimage"},"thumbnailUrl":"https:\/\/informelitoral.com.ar\/%77%70%2d%63%6f%6e%74%65%6e%74\/uploads\/2022\/01\/carnejpg.jpg","datePublished":"2022-02-15T11:40:05+00:00","dateModified":"2022-02-15T12:16:39+00:00","breadcrumb":{"@id":"https:\/\/informelitoral.com.ar\/el-consumo-de-carne-vacuna-por-habitante-registro-una-caida-del-18-en-enero\/#breadcrumb"},"inLanguage":"es","potentialAction":[{"@type":"ReadAction","target":["https:\/\/informelitoral.com.ar\/el-consumo-de-carne-vacuna-por-habitante-registro-una-caida-del-18-en-enero\/"]}]},{"@type":"ImageObject","inLanguage":"es","@id":"https:\/\/informelitoral.com.ar\/el-consumo-de-carne-vacuna-por-habitante-registro-una-caida-del-18-en-enero\/#primaryimage","url":"https:\/\/informelitoral.com.ar\/%77%70%2d%63%6f%6e%74%65%6e%74\/uploads\/2022\/01\/carnejpg.jpg","contentUrl":"https:\/\/informelitoral.com.ar\/%77%70%2d%63%6f%6e%74%65%6e%74\/uploads\/2022\/01\/carnejpg.jpg","width":642,"height":361},{"@type":"BreadcrumbList","@id":"https:\/\/informelitoral.com.ar\/el-consumo-de-carne-vacuna-por-habitante-registro-una-caida-del-18-en-enero\/#breadcrumb","itemListElement":[{"@type":"ListItem","position":1,"name":"Portada","item":"https:\/\/informelitoral.com.ar\/"},{"@type":"ListItem","position":2,"name":"El consumo de carne vacuna por habitante registr\u00f3 una ca\u00edda del 1,8% en enero"}]},{"@type":"WebSite","@id":"https:\/\/informelitoral.com.ar\/#website","url":"https:\/\/informelitoral.com.ar\/","name":"Informe Litoral","description":"&quot;Nos informamos&quot; ","publisher":{"@id":"https:\/\/informelitoral.com.ar\/#organization"},"potentialAction":[{"@type":"SearchAction","target":{"@type":"EntryPoint","urlTemplate":"https:\/\/informelitoral.com.ar\/?s={search_term_string}"},"query-input":{"@type":"PropertyValueSpecification","valueRequired":true,"valueName":"search_term_string"}}],"inLanguage":"es"},{"@type":"Organization","@id":"https:\/\/informelitoral.com.ar\/#organization","name":"Informe Litoral","url":"https:\/\/informelitoral.com.ar\/","logo":{"@type":"ImageObject","inLanguage":"es","@id":"https:\/\/informelitoral.com.ar\/#\/schema\/logo\/image\/","url":"https:\/\/informelitoral.com.ar\/%77%70%2d%63%6f%6e%74%65%6e%74\/uploads\/2021\/01\/circulo.png","contentUrl":"https:\/\/informelitoral.com.ar\/%77%70%2d%63%6f%6e%74%65%6e%74\/uploads\/2021\/01\/circulo.png","width":723,"height":731,"caption":"Informe Litoral"},"image":{"@id":"https:\/\/informelitoral.com.ar\/#\/schema\/logo\/image\/"},"sameAs":["https:\/\/www.facebook.com\/informelitoral\/","https:\/\/x.com\/InformeLitoral","https:\/\/www.instagram.com\/informelitoral\/","https:\/\/www.youtube.com\/channel\/UCua4Qvz8Icb6MYqhoq9xLXw"]},{"@type":"Person","@id":"https:\/\/informelitoral.com.ar\/#\/schema\/person\/f05f9f461677119578717524b127d6d5","name":"Sebastian","image":{"@type":"ImageObject","inLanguage":"es","@id":"https:\/\/secure.gravatar.com\/avatar\/b71bf7481d447dfb9583c7f2798e7cc64de6efb9067b74633ed8c31059a3bd82?s=96&d=mm&r=g","url":"https:\/\/secure.gravatar.com\/avatar\/b71bf7481d447dfb9583c7f2798e7cc64de6efb9067b74633ed8c31059a3bd82?s=96&d=mm&r=g","contentUrl":"https:\/\/secure.gravatar.com\/avatar\/b71bf7481d447dfb9583c7f2798e7cc64de6efb9067b74633ed8c31059a3bd82?s=96&d=mm&r=g","caption":"Sebastian"},"url":"https:\/\/informelitoral.com.ar\/author\/sebastian\/"}]}},"_links":{"self":[{"href":"https:\/\/informelitoral.com.ar\/%77%70%2d%6a%73%6f%6e\/wp\/v2\/posts\/71813","targetHints":{"allow":["GET"]}}],"collection":[{"href":"https:\/\/informelitoral.com.ar\/%77%70%2d%6a%73%6f%6e\/wp\/v2\/posts"}],"about":[{"href":"https:\/\/informelitoral.com.ar\/%77%70%2d%6a%73%6f%6e\/wp\/v2\/types\/post"}],"author":[{"embeddable":true,"href":"https:\/\/informelitoral.com.ar\/%77%70%2d%6a%73%6f%6e\/wp\/v2\/users\/8"}],"replies":[{"embeddable":true,"href":"https:\/\/informelitoral.com.ar\/%77%70%2d%6a%73%6f%6e\/wp\/v2\/comments?post=71813"}],"version-history":[{"count":0,"href":"https:\/\/informelitoral.com.ar\/%77%70%2d%6a%73%6f%6e\/wp\/v2\/posts\/71813\/revisions"}],"wp:featuredmedia":[{"embeddable":true,"href":"https:\/\/informelitoral.com.ar\/%77%70%2d%6a%73%6f%6e\/wp\/v2\/media\/69816"}],"wp:attachment":[{"href":"https:\/\/informelitoral.com.ar\/%77%70%2d%6a%73%6f%6e\/wp\/v2\/media?parent=71813"}],"wp:term":[{"taxonomy":"category","embeddable":true,"href":"https:\/\/informelitoral.com.ar\/%77%70%2d%6a%73%6f%6e\/wp\/v2\/categories?post=71813"},{"taxonomy":"post_tag","embeddable":true,"href":"https:\/\/informelitoral.com.ar\/%77%70%2d%6a%73%6f%6e\/wp\/v2\/tags?post=71813"}],"curies":[{"name":"wp","href":"https:\/\/api.w.org\/{rel}","templated":true}]}}