{"id":71807,"date":"2022-02-15T08:47:33","date_gmt":"2022-02-15T11:47:33","guid":{"rendered":"https:\/\/www.informelitoral.com.ar\/?p=71807"},"modified":"2022-02-15T08:47:33","modified_gmt":"2022-02-15T11:47:33","slug":"bordet-abre-sesiones-ordinarias-con-juan-manzur-en-el-acto","status":"publish","type":"post","link":"https:\/\/informelitoral.com.ar\/bordet-abre-sesiones-ordinarias-con-juan-manzur-en-el-acto\/","title":{"rendered":"Bordet abre sesiones ordinarias con Juan Manzur en el acto"},"content":{"rendered":"<p><strong>El gobernador Gustavo\u00a0Bordet\u00a0brindar\u00e1 su mensaje ante la\u00a0Asamblea Legislativa\u00a0este martes y dar\u00e1 la apertura del 143\u00b0 periodo de sesiones ordinarias de Entre R\u00edos. El Jefe de Gabinete de la Naci\u00f3n, el tucumano\u00a0Juan Manzur, estar\u00e1 presente en el acto, seg\u00fan la agenda oficial del gabinete nacional.<\/strong><\/p>\n<div class=\"news-body-main\">\n<div id=\"note-body\" data-twitter-link=\"https:\/\/twitter.com\/intent\/tweet?url=https:\/\/www.unoentrerios.com.ar\/c2710321&amp;via=&amp;related=Uno Entre Rios&amp;text=\">\n<p>El discurso del gobernador ante la Asamblea Legislativa se realiza, como manda la Constituci\u00f3n provincial, hoy 15 de febrero. Ser\u00e1 a las 19 en el Centro Provincial de Convenciones, en Paran\u00e1, y contar\u00e1 tambi\u00e9n con la presencia de senadores, diputados, la vicegobernadora Laura Stratta, ministros del gabinete provincial, representantes de la Justicia, legisladores nacionales, referentes empresariales, sindicales y eclesi\u00e1sticos.<\/p>\n<\/div>\n<\/div>\n<div class=\"news-body-main\">\n<div id=\"note-body\" data-twitter-link=\"https:\/\/twitter.com\/intent\/tweet?url=https:\/\/www.unoentrerios.com.ar\/c2710321&amp;via=&amp;related=Uno Entre Rios&amp;text=\">\n<p>Seg\u00fan hizo trascender el propio gobierno entrerriano, se espera un discurso centrado en la reactivaci\u00f3n econ\u00f3mica, la creaci\u00f3n de fuentes de trabajo, producci\u00f3n y conocimiento, \u00ablos pilares del despliegue del potencial productivo de la provincia\u00bb.<\/p>\n<p>Infraestructura para la producci\u00f3n, pol\u00edticas que facilitan el acceso al cr\u00e9dito para la inversi\u00f3n productiva, y la promoci\u00f3n del desarrollo cient\u00edfico y tecnol\u00f3gico de Entre R\u00edos, ser\u00e1n algunos de los ejes del mensaje del mandatario para el periodo que se abre este a\u00f1o.<\/p>\n<p>Bordet viene de reunirse con el ministro de Relaciones Exteriores, Santiago Cafiero con quien analiz\u00f3 la agenda exportadora de la provincia, y la presencia de los productos entrerrianos en los principales mercados del mundo. El acuerdo alcanzado por el gobierno nacional con el FMI permite, adem\u00e1s, un horizonte de previsibilidad para el dise\u00f1o de un programa de comercio exterior estrat\u00e9gico, y duradero en el tiempo.<\/p>\n<\/div>\n<\/div>\n","protected":false},"excerpt":{"rendered":"<p>El jefe de Gabinete de la Naci\u00f3n acompa\u00f1a al gobernador de Entre R\u00edos, Gustavo Bordet, este martes en la apertura de Sesiones Legislativas de la provincia.<\/p>\n","protected":false},"author":8,"featured_media":71808,"comment_status":"open","ping_status":"open","sticky":false,"template":"","format":"standard","meta":{"fifu_image_url":"","fifu_image_alt":"","footnotes":""},"categories":[6],"tags":[3150,167],"class_list":{"0":"post-71807","1":"post","2":"type-post","3":"status-publish","4":"format-standard","5":"has-post-thumbnail","7":"category-entre-rios","8":"tag-asamblea-legislativa","9":"tag-gustavo-bordet"},"yoast_head":"<title>Bordet abre sesiones ordinarias con Juan Manzur en el acto - Informe Litoral<\/title>\n<meta name=\"robots\" content=\"index, follow, max-snippet:-1, max-image-preview:large, max-video-preview:-1\" \/>\n<link rel=\"canonical\" href=\"https:\/\/informelitoral.com.ar\/bordet-abre-sesiones-ordinarias-con-juan-manzur-en-el-acto\/\" \/>\n<meta property=\"og:locale\" content=\"es_ES\" \/>\n<meta property=\"og:type\" content=\"article\" \/>\n<meta property=\"og:title\" content=\"Bordet abre sesiones ordinarias con Juan Manzur en el acto - Informe Litoral\" \/>\n<meta property=\"og:description\" content=\"El jefe de Gabinete de la Naci\u00f3n acompa\u00f1a al gobernador de Entre R\u00edos, Gustavo Bordet, este martes en la apertura de Sesiones Legislativas de la provincia.\" \/>\n<meta property=\"og:url\" content=\"https:\/\/informelitoral.com.ar\/bordet-abre-sesiones-ordinarias-con-juan-manzur-en-el-acto\/\" \/>\n<meta property=\"og:site_name\" content=\"Informe Litoral\" \/>\n<meta property=\"article:publisher\" content=\"https:\/\/www.facebook.com\/informelitoral\/\" \/>\n<meta property=\"article:published_time\" content=\"2022-02-15T11:47:33+00:00\" \/>\n<meta property=\"og:image\" content=\"https:\/\/informelitoral.com.ar\/%77%70%2d%63%6f%6e%74%65%6e%74\/uploads\/2022\/02\/o_1642705890-1.jpg\" \/>\n\t<meta property=\"og:image:width\" content=\"800\" \/>\n\t<meta property=\"og:image:height\" content=\"450\" \/>\n\t<meta property=\"og:image:type\" content=\"image\/jpeg\" \/>\n<meta name=\"author\" content=\"Sebastian\" \/>\n<meta name=\"twitter:card\" content=\"summary_large_image\" \/>\n<meta name=\"twitter:creator\" content=\"@InformeLitoral\" \/>\n<meta name=\"twitter:site\" content=\"@InformeLitoral\" \/>\n<meta name=\"twitter:label1\" content=\"Escrito por\" \/>\n\t<meta name=\"twitter:data1\" content=\"Sebastian\" \/>\n\t<meta name=\"twitter:label2\" content=\"Tiempo de lectura\" \/>\n\t<meta name=\"twitter:data2\" content=\"1 minuto\" \/>\n<script type=\"application\/ld+json\" class=\"yoast-schema-graph\">{\"@context\":\"https:\\\/\\\/schema.org\",\"@graph\":[{\"@type\":\"Article\",\"@id\":\"https:\\\/\\\/informelitoral.com.ar\\\/bordet-abre-sesiones-ordinarias-con-juan-manzur-en-el-acto\\\/#article\",\"isPartOf\":{\"@id\":\"https:\\\/\\\/informelitoral.com.ar\\\/bordet-abre-sesiones-ordinarias-con-juan-manzur-en-el-acto\\\/\"},\"author\":{\"name\":\"Sebastian\",\"@id\":\"https:\\\/\\\/informelitoral.com.ar\\\/#\\\/schema\\\/person\\\/f05f9f461677119578717524b127d6d5\"},\"headline\":\"Bordet abre sesiones ordinarias con Juan Manzur en el acto\",\"datePublished\":\"2022-02-15T11:47:33+00:00\",\"mainEntityOfPage\":{\"@id\":\"https:\\\/\\\/informelitoral.com.ar\\\/bordet-abre-sesiones-ordinarias-con-juan-manzur-en-el-acto\\\/\"},\"wordCount\":282,\"commentCount\":0,\"publisher\":{\"@id\":\"https:\\\/\\\/informelitoral.com.ar\\\/#organization\"},\"image\":{\"@id\":\"https:\\\/\\\/informelitoral.com.ar\\\/bordet-abre-sesiones-ordinarias-con-juan-manzur-en-el-acto\\\/#primaryimage\"},\"thumbnailUrl\":\"https:\\\/\\\/informelitoral.com.ar\\\/%77%70%2d%63%6f%6e%74%65%6e%74\\\/uploads\\\/2022\\\/02\\\/o_1642705890-1.jpg\",\"keywords\":[\"Asamblea legislativa\",\"Gustavo Bordet\"],\"articleSection\":[\"Entre R\u00edos\"],\"inLanguage\":\"es\",\"potentialAction\":[{\"@type\":\"CommentAction\",\"name\":\"Comment\",\"target\":[\"https:\\\/\\\/informelitoral.com.ar\\\/bordet-abre-sesiones-ordinarias-con-juan-manzur-en-el-acto\\\/#respond\"]}]},{\"@type\":\"WebPage\",\"@id\":\"https:\\\/\\\/informelitoral.com.ar\\\/bordet-abre-sesiones-ordinarias-con-juan-manzur-en-el-acto\\\/\",\"url\":\"https:\\\/\\\/informelitoral.com.ar\\\/bordet-abre-sesiones-ordinarias-con-juan-manzur-en-el-acto\\\/\",\"name\":\"Bordet abre sesiones ordinarias con Juan Manzur en el acto - Informe Litoral\",\"isPartOf\":{\"@id\":\"https:\\\/\\\/informelitoral.com.ar\\\/#website\"},\"primaryImageOfPage\":{\"@id\":\"https:\\\/\\\/informelitoral.com.ar\\\/bordet-abre-sesiones-ordinarias-con-juan-manzur-en-el-acto\\\/#primaryimage\"},\"image\":{\"@id\":\"https:\\\/\\\/informelitoral.com.ar\\\/bordet-abre-sesiones-ordinarias-con-juan-manzur-en-el-acto\\\/#primaryimage\"},\"thumbnailUrl\":\"https:\\\/\\\/informelitoral.com.ar\\\/%77%70%2d%63%6f%6e%74%65%6e%74\\\/uploads\\\/2022\\\/02\\\/o_1642705890-1.jpg\",\"datePublished\":\"2022-02-15T11:47:33+00:00\",\"breadcrumb\":{\"@id\":\"https:\\\/\\\/informelitoral.com.ar\\\/bordet-abre-sesiones-ordinarias-con-juan-manzur-en-el-acto\\\/#breadcrumb\"},\"inLanguage\":\"es\",\"potentialAction\":[{\"@type\":\"ReadAction\",\"target\":[\"https:\\\/\\\/informelitoral.com.ar\\\/bordet-abre-sesiones-ordinarias-con-juan-manzur-en-el-acto\\\/\"]}]},{\"@type\":\"ImageObject\",\"inLanguage\":\"es\",\"@id\":\"https:\\\/\\\/informelitoral.com.ar\\\/bordet-abre-sesiones-ordinarias-con-juan-manzur-en-el-acto\\\/#primaryimage\",\"url\":\"https:\\\/\\\/informelitoral.com.ar\\\/%77%70%2d%63%6f%6e%74%65%6e%74\\\/uploads\\\/2022\\\/02\\\/o_1642705890-1.jpg\",\"contentUrl\":\"https:\\\/\\\/informelitoral.com.ar\\\/%77%70%2d%63%6f%6e%74%65%6e%74\\\/uploads\\\/2022\\\/02\\\/o_1642705890-1.jpg\",\"width\":800,\"height\":450},{\"@type\":\"BreadcrumbList\",\"@id\":\"https:\\\/\\\/informelitoral.com.ar\\\/bordet-abre-sesiones-ordinarias-con-juan-manzur-en-el-acto\\\/#breadcrumb\",\"itemListElement\":[{\"@type\":\"ListItem\",\"position\":1,\"name\":\"Portada\",\"item\":\"https:\\\/\\\/informelitoral.com.ar\\\/\"},{\"@type\":\"ListItem\",\"position\":2,\"name\":\"Bordet abre sesiones ordinarias con Juan Manzur en el acto\"}]},{\"@type\":\"WebSite\",\"@id\":\"https:\\\/\\\/informelitoral.com.ar\\\/#website\",\"url\":\"https:\\\/\\\/informelitoral.com.ar\\\/\",\"name\":\"Informe Litoral\",\"description\":\"&quot;Nos informamos&quot; \",\"publisher\":{\"@id\":\"https:\\\/\\\/informelitoral.com.ar\\\/#organization\"},\"potentialAction\":[{\"@type\":\"SearchAction\",\"target\":{\"@type\":\"EntryPoint\",\"urlTemplate\":\"https:\\\/\\\/informelitoral.com.ar\\\/?s={search_term_string}\"},\"query-input\":{\"@type\":\"PropertyValueSpecification\",\"valueRequired\":true,\"valueName\":\"search_term_string\"}}],\"inLanguage\":\"es\"},{\"@type\":\"Organization\",\"@id\":\"https:\\\/\\\/informelitoral.com.ar\\\/#organization\",\"name\":\"Informe Litoral\",\"url\":\"https:\\\/\\\/informelitoral.com.ar\\\/\",\"logo\":{\"@type\":\"ImageObject\",\"inLanguage\":\"es\",\"@id\":\"https:\\\/\\\/informelitoral.com.ar\\\/#\\\/schema\\\/logo\\\/image\\\/\",\"url\":\"https:\\\/\\\/informelitoral.com.ar\\\/%77%70%2d%63%6f%6e%74%65%6e%74\\\/uploads\\\/2021\\\/01\\\/circulo.png\",\"contentUrl\":\"https:\\\/\\\/informelitoral.com.ar\\\/%77%70%2d%63%6f%6e%74%65%6e%74\\\/uploads\\\/2021\\\/01\\\/circulo.png\",\"width\":723,\"height\":731,\"caption\":\"Informe Litoral\"},\"image\":{\"@id\":\"https:\\\/\\\/informelitoral.com.ar\\\/#\\\/schema\\\/logo\\\/image\\\/\"},\"sameAs\":[\"https:\\\/\\\/www.facebook.com\\\/informelitoral\\\/\",\"https:\\\/\\\/x.com\\\/InformeLitoral\",\"https:\\\/\\\/www.instagram.com\\\/informelitoral\\\/\",\"https:\\\/\\\/www.youtube.com\\\/channel\\\/UCua4Qvz8Icb6MYqhoq9xLXw\"]},{\"@type\":\"Person\",\"@id\":\"https:\\\/\\\/informelitoral.com.ar\\\/#\\\/schema\\\/person\\\/f05f9f461677119578717524b127d6d5\",\"name\":\"Sebastian\",\"image\":{\"@type\":\"ImageObject\",\"inLanguage\":\"es\",\"@id\":\"https:\\\/\\\/secure.gravatar.com\\\/avatar\\\/b71bf7481d447dfb9583c7f2798e7cc64de6efb9067b74633ed8c31059a3bd82?s=96&d=mm&r=g\",\"url\":\"https:\\\/\\\/secure.gravatar.com\\\/avatar\\\/b71bf7481d447dfb9583c7f2798e7cc64de6efb9067b74633ed8c31059a3bd82?s=96&d=mm&r=g\",\"contentUrl\":\"https:\\\/\\\/secure.gravatar.com\\\/avatar\\\/b71bf7481d447dfb9583c7f2798e7cc64de6efb9067b74633ed8c31059a3bd82?s=96&d=mm&r=g\",\"caption\":\"Sebastian\"},\"url\":\"https:\\\/\\\/informelitoral.com.ar\\\/author\\\/sebastian\\\/\"}]}<\/script>","yoast_head_json":{"title":"Bordet abre sesiones ordinarias con Juan Manzur en el acto - Informe Litoral","robots":{"index":"index","follow":"follow","max-snippet":"max-snippet:-1","max-image-preview":"max-image-preview:large","max-video-preview":"max-video-preview:-1"},"canonical":"https:\/\/informelitoral.com.ar\/bordet-abre-sesiones-ordinarias-con-juan-manzur-en-el-acto\/","og_locale":"es_ES","og_type":"article","og_title":"Bordet abre sesiones ordinarias con Juan Manzur en el acto - Informe Litoral","og_description":"El jefe de Gabinete de la Naci\u00f3n acompa\u00f1a al gobernador de Entre R\u00edos, Gustavo Bordet, este martes en la apertura de Sesiones Legislativas de la provincia.","og_url":"https:\/\/informelitoral.com.ar\/bordet-abre-sesiones-ordinarias-con-juan-manzur-en-el-acto\/","og_site_name":"Informe Litoral","article_publisher":"https:\/\/www.facebook.com\/informelitoral\/","article_published_time":"2022-02-15T11:47:33+00:00","og_image":[{"width":800,"height":450,"url":"https:\/\/informelitoral.com.ar\/%77%70%2d%63%6f%6e%74%65%6e%74\/uploads\/2022\/02\/o_1642705890-1.jpg","type":"image\/jpeg"}],"author":"Sebastian","twitter_card":"summary_large_image","twitter_creator":"@InformeLitoral","twitter_site":"@InformeLitoral","twitter_misc":{"Escrito por":"Sebastian","Tiempo de lectura":"1 minuto"},"schema":{"@context":"https:\/\/schema.org","@graph":[{"@type":"Article","@id":"https:\/\/informelitoral.com.ar\/bordet-abre-sesiones-ordinarias-con-juan-manzur-en-el-acto\/#article","isPartOf":{"@id":"https:\/\/informelitoral.com.ar\/bordet-abre-sesiones-ordinarias-con-juan-manzur-en-el-acto\/"},"author":{"name":"Sebastian","@id":"https:\/\/informelitoral.com.ar\/#\/schema\/person\/f05f9f461677119578717524b127d6d5"},"headline":"Bordet abre sesiones ordinarias con Juan Manzur en el acto","datePublished":"2022-02-15T11:47:33+00:00","mainEntityOfPage":{"@id":"https:\/\/informelitoral.com.ar\/bordet-abre-sesiones-ordinarias-con-juan-manzur-en-el-acto\/"},"wordCount":282,"commentCount":0,"publisher":{"@id":"https:\/\/informelitoral.com.ar\/#organization"},"image":{"@id":"https:\/\/informelitoral.com.ar\/bordet-abre-sesiones-ordinarias-con-juan-manzur-en-el-acto\/#primaryimage"},"thumbnailUrl":"https:\/\/informelitoral.com.ar\/%77%70%2d%63%6f%6e%74%65%6e%74\/uploads\/2022\/02\/o_1642705890-1.jpg","keywords":["Asamblea legislativa","Gustavo Bordet"],"articleSection":["Entre R\u00edos"],"inLanguage":"es","potentialAction":[{"@type":"CommentAction","name":"Comment","target":["https:\/\/informelitoral.com.ar\/bordet-abre-sesiones-ordinarias-con-juan-manzur-en-el-acto\/#respond"]}]},{"@type":"WebPage","@id":"https:\/\/informelitoral.com.ar\/bordet-abre-sesiones-ordinarias-con-juan-manzur-en-el-acto\/","url":"https:\/\/informelitoral.com.ar\/bordet-abre-sesiones-ordinarias-con-juan-manzur-en-el-acto\/","name":"Bordet abre sesiones ordinarias con Juan Manzur en el acto - Informe Litoral","isPartOf":{"@id":"https:\/\/informelitoral.com.ar\/#website"},"primaryImageOfPage":{"@id":"https:\/\/informelitoral.com.ar\/bordet-abre-sesiones-ordinarias-con-juan-manzur-en-el-acto\/#primaryimage"},"image":{"@id":"https:\/\/informelitoral.com.ar\/bordet-abre-sesiones-ordinarias-con-juan-manzur-en-el-acto\/#primaryimage"},"thumbnailUrl":"https:\/\/informelitoral.com.ar\/%77%70%2d%63%6f%6e%74%65%6e%74\/uploads\/2022\/02\/o_1642705890-1.jpg","datePublished":"2022-02-15T11:47:33+00:00","breadcrumb":{"@id":"https:\/\/informelitoral.com.ar\/bordet-abre-sesiones-ordinarias-con-juan-manzur-en-el-acto\/#breadcrumb"},"inLanguage":"es","potentialAction":[{"@type":"ReadAction","target":["https:\/\/informelitoral.com.ar\/bordet-abre-sesiones-ordinarias-con-juan-manzur-en-el-acto\/"]}]},{"@type":"ImageObject","inLanguage":"es","@id":"https:\/\/informelitoral.com.ar\/bordet-abre-sesiones-ordinarias-con-juan-manzur-en-el-acto\/#primaryimage","url":"https:\/\/informelitoral.com.ar\/%77%70%2d%63%6f%6e%74%65%6e%74\/uploads\/2022\/02\/o_1642705890-1.jpg","contentUrl":"https:\/\/informelitoral.com.ar\/%77%70%2d%63%6f%6e%74%65%6e%74\/uploads\/2022\/02\/o_1642705890-1.jpg","width":800,"height":450},{"@type":"BreadcrumbList","@id":"https:\/\/informelitoral.com.ar\/bordet-abre-sesiones-ordinarias-con-juan-manzur-en-el-acto\/#breadcrumb","itemListElement":[{"@type":"ListItem","position":1,"name":"Portada","item":"https:\/\/informelitoral.com.ar\/"},{"@type":"ListItem","position":2,"name":"Bordet abre sesiones ordinarias con Juan Manzur en el acto"}]},{"@type":"WebSite","@id":"https:\/\/informelitoral.com.ar\/#website","url":"https:\/\/informelitoral.com.ar\/","name":"Informe Litoral","description":"&quot;Nos informamos&quot; ","publisher":{"@id":"https:\/\/informelitoral.com.ar\/#organization"},"potentialAction":[{"@type":"SearchAction","target":{"@type":"EntryPoint","urlTemplate":"https:\/\/informelitoral.com.ar\/?s={search_term_string}"},"query-input":{"@type":"PropertyValueSpecification","valueRequired":true,"valueName":"search_term_string"}}],"inLanguage":"es"},{"@type":"Organization","@id":"https:\/\/informelitoral.com.ar\/#organization","name":"Informe Litoral","url":"https:\/\/informelitoral.com.ar\/","logo":{"@type":"ImageObject","inLanguage":"es","@id":"https:\/\/informelitoral.com.ar\/#\/schema\/logo\/image\/","url":"https:\/\/informelitoral.com.ar\/%77%70%2d%63%6f%6e%74%65%6e%74\/uploads\/2021\/01\/circulo.png","contentUrl":"https:\/\/informelitoral.com.ar\/%77%70%2d%63%6f%6e%74%65%6e%74\/uploads\/2021\/01\/circulo.png","width":723,"height":731,"caption":"Informe Litoral"},"image":{"@id":"https:\/\/informelitoral.com.ar\/#\/schema\/logo\/image\/"},"sameAs":["https:\/\/www.facebook.com\/informelitoral\/","https:\/\/x.com\/InformeLitoral","https:\/\/www.instagram.com\/informelitoral\/","https:\/\/www.youtube.com\/channel\/UCua4Qvz8Icb6MYqhoq9xLXw"]},{"@type":"Person","@id":"https:\/\/informelitoral.com.ar\/#\/schema\/person\/f05f9f461677119578717524b127d6d5","name":"Sebastian","image":{"@type":"ImageObject","inLanguage":"es","@id":"https:\/\/secure.gravatar.com\/avatar\/b71bf7481d447dfb9583c7f2798e7cc64de6efb9067b74633ed8c31059a3bd82?s=96&d=mm&r=g","url":"https:\/\/secure.gravatar.com\/avatar\/b71bf7481d447dfb9583c7f2798e7cc64de6efb9067b74633ed8c31059a3bd82?s=96&d=mm&r=g","contentUrl":"https:\/\/secure.gravatar.com\/avatar\/b71bf7481d447dfb9583c7f2798e7cc64de6efb9067b74633ed8c31059a3bd82?s=96&d=mm&r=g","caption":"Sebastian"},"url":"https:\/\/informelitoral.com.ar\/author\/sebastian\/"}]}},"_links":{"self":[{"href":"https:\/\/informelitoral.com.ar\/%77%70%2d%6a%73%6f%6e\/wp\/v2\/posts\/71807","targetHints":{"allow":["GET"]}}],"collection":[{"href":"https:\/\/informelitoral.com.ar\/%77%70%2d%6a%73%6f%6e\/wp\/v2\/posts"}],"about":[{"href":"https:\/\/informelitoral.com.ar\/%77%70%2d%6a%73%6f%6e\/wp\/v2\/types\/post"}],"author":[{"embeddable":true,"href":"https:\/\/informelitoral.com.ar\/%77%70%2d%6a%73%6f%6e\/wp\/v2\/users\/8"}],"replies":[{"embeddable":true,"href":"https:\/\/informelitoral.com.ar\/%77%70%2d%6a%73%6f%6e\/wp\/v2\/comments?post=71807"}],"version-history":[{"count":0,"href":"https:\/\/informelitoral.com.ar\/%77%70%2d%6a%73%6f%6e\/wp\/v2\/posts\/71807\/revisions"}],"wp:featuredmedia":[{"embeddable":true,"href":"https:\/\/informelitoral.com.ar\/%77%70%2d%6a%73%6f%6e\/wp\/v2\/media\/71808"}],"wp:attachment":[{"href":"https:\/\/informelitoral.com.ar\/%77%70%2d%6a%73%6f%6e\/wp\/v2\/media?parent=71807"}],"wp:term":[{"taxonomy":"category","embeddable":true,"href":"https:\/\/informelitoral.com.ar\/%77%70%2d%6a%73%6f%6e\/wp\/v2\/categories?post=71807"},{"taxonomy":"post_tag","embeddable":true,"href":"https:\/\/informelitoral.com.ar\/%77%70%2d%6a%73%6f%6e\/wp\/v2\/tags?post=71807"}],"curies":[{"name":"wp","href":"https:\/\/api.w.org\/{rel}","templated":true}]}}