{"id":7175,"date":"2014-06-20T10:19:39","date_gmt":"2014-06-20T13:19:39","guid":{"rendered":"http:\/\/www.isletasnoticias.com.ar\/?p=7175"},"modified":"2014-06-20T10:20:27","modified_gmt":"2014-06-20T13:20:27","slug":"isletas-segun-la-junta-de-gobiernono-hay-diferencias-y-desencuentros","status":"publish","type":"post","link":"https:\/\/informelitoral.com.ar\/isletas-segun-la-junta-de-gobiernono-hay-diferencias-y-desencuentros\/","title":{"rendered":"Isletas: seg\u00fan la Junta de Gobierno, \u00abno hay diferencias y desencuentros\u00bb"},"content":{"rendered":"<p style=\"text-align: left;\"><strong>Desde la Junta de Gobierno local, aseguran que la idea \u00abera trabajar en conjunto con la minor\u00eda\u00bb, por el PJ, pero \u00abs\u00f3lo asisti\u00f3 en una o dos oportunidades un s\u00f3lo integrante\u00bb, a las reuniones. \u00abPor lo tanto, no vemos las diferencias y desencuentros\u00bb.<a href=\"http:\/\/www.isletasnoticias.com.ar\/%77%70%2d%63%6f%6e%74%65%6e%74\/uploads\/2013\/07\/junta.jpg\"><img loading=\"lazy\" decoding=\"async\" class=\"aligncenter  wp-image-2593\" alt=\"junta\" src=\"http:\/\/www.isletasnoticias.com.ar\/%77%70%2d%63%6f%6e%74%65%6e%74\/uploads\/2013\/07\/junta-300x225.jpg\" width=\"500\" height=\"300\" \/><\/a><\/strong><\/p>\n<p>Las permanentes diferencias entre el radicalismo local y el peronismo, \u00a0se perciben claramente en las redes sociales y en diferentes \u00e1mbitos locales y de la zona, con solo observar im\u00e1genes, donde en algunas de ellas aparecen todos los presidentes comunales del departamento, excepto representantes de Isletas. Sin embargo, desde la comuna, intentaron aclarar mediante un comunicado enviado a <em><strong>ISLETAS NOTICIAS<\/strong><\/em>, que \u00abno vemos las diferencias y desencuentros\u00bb.<\/p>\n<p>\u00abLa Junta de gobierno de Isletas, aclara al respecto a unas preguntas aparecidas en la p\u00e1gina de Isletas Noticias, sobre el funcionamiento y diferencias pol\u00edticas en Isletas. Cabe recordar, que cuando esta Junta asumi\u00f3, mas all\u00e1 del radicalismo, es un grupo de amigos, que se unieron para trabajar para la mejor calidad de vida en Isletas. De ese modo, nos presentamos en las elecciones y los habitantes de Isletas decidieron\u00bb, comienza el comunicado.<\/p>\n<p>Luego sostienen que \u00abm\u00e1s all\u00e1 de todo, siempre la idea formada del grupo, fue de trabajar en conjunto con la minor\u00eda. As\u00ed fue como en las reuniones de Junta, se hicieron las innumerables invitaciones a la misma por nota como corresponde, solo asisti\u00f3 en una o dos oportunidades, un solo integrante de la minor\u00eda. Desde entonces, no se present\u00f3 m\u00e1s ning\u00fan integrante del FPV, elegidos por los habitantes de Isletas. Por lo tanto, <strong>no vemos las diferencias y desencuentros<\/strong>. De todas maneras, esta Junta tiene las puertas abiertas, para todas las personas e instituciones que de buena fe, quisieran trabajar por el bienestar de los habitantes de Isletas, sin distinci\u00f3n de ning\u00fan tipo\u00bb, concluyen.<\/p>\n","protected":false},"excerpt":{"rendered":"<p>Desde la Junta de Gobierno local, aseguran que la idea &laquo;era trabajar en conjunto con la minor&iacute;a&raquo;, por el PJ, pero &laquo;s&oacute;lo asisti&oacute; en una o dos oportunidades un s&oacute;lo integrante&raquo;, a las reuniones. &laquo;Por lo tanto, no vemos las diferencias y desencuentros&raquo;. Las permanentes diferencias entre el radicalismo local y el peronismo, &nbsp;se perciben [&hellip;]<\/p>\n","protected":false},"author":2,"featured_media":0,"comment_status":"open","ping_status":"open","sticky":false,"template":"","format":"standard","meta":{"fifu_image_url":"","fifu_image_alt":"","footnotes":""},"categories":[4,16],"tags":[],"class_list":{"0":"post-7175","1":"post","2":"type-post","3":"status-publish","4":"format-standard","6":"category-locales","7":"category-politi"},"yoast_head":"<title>Isletas: seg\u00fan la Junta de Gobierno, &quot;no hay diferencias y desencuentros&quot; - Informe Litoral<\/title>\n<meta name=\"robots\" content=\"index, follow, max-snippet:-1, max-image-preview:large, max-video-preview:-1\" \/>\n<link rel=\"canonical\" href=\"https:\/\/informelitoral.com.ar\/isletas-segun-la-junta-de-gobiernono-hay-diferencias-y-desencuentros\/\" \/>\n<meta property=\"og:locale\" content=\"es_ES\" \/>\n<meta property=\"og:type\" content=\"article\" \/>\n<meta property=\"og:title\" content=\"Isletas: seg\u00fan la Junta de Gobierno, &quot;no hay diferencias y desencuentros&quot; - Informe Litoral\" \/>\n<meta property=\"og:description\" content=\"Desde la Junta de Gobierno local, aseguran que la idea &laquo;era trabajar en conjunto con la minor&iacute;a&raquo;, por el PJ, pero &laquo;s&oacute;lo asisti&oacute; en una o dos oportunidades un s&oacute;lo integrante&raquo;, a las reuniones. &laquo;Por lo tanto, no vemos las diferencias y desencuentros&raquo;. Las permanentes diferencias entre el radicalismo local y el peronismo, &nbsp;se perciben [&hellip;]\" \/>\n<meta property=\"og:url\" content=\"https:\/\/informelitoral.com.ar\/isletas-segun-la-junta-de-gobiernono-hay-diferencias-y-desencuentros\/\" \/>\n<meta property=\"og:site_name\" content=\"Informe Litoral\" \/>\n<meta property=\"article:publisher\" content=\"https:\/\/www.facebook.com\/informelitoral\/\" \/>\n<meta property=\"article:published_time\" content=\"2014-06-20T13:19:39+00:00\" \/>\n<meta property=\"article:modified_time\" content=\"2014-06-20T13:20:27+00:00\" \/>\n<meta property=\"og:image\" content=\"https:\/\/informelitoral.com.ar\/%77%70%2d%63%6f%6e%74%65%6e%74\/uploads\/2013\/07\/junta.jpg\" \/>\n\t<meta property=\"og:image:width\" content=\"640\" \/>\n\t<meta property=\"og:image:height\" content=\"480\" \/>\n\t<meta property=\"og:image:type\" content=\"image\/jpeg\" \/>\n<meta name=\"author\" content=\"Gonzalo Schmidt\" \/>\n<meta name=\"twitter:card\" content=\"summary_large_image\" \/>\n<meta name=\"twitter:creator\" content=\"@InformeLitoral\" \/>\n<meta name=\"twitter:site\" content=\"@InformeLitoral\" \/>\n<meta name=\"twitter:label1\" content=\"Escrito por\" \/>\n\t<meta name=\"twitter:data1\" content=\"Gonzalo Schmidt\" \/>\n\t<meta name=\"twitter:label2\" content=\"Tiempo de lectura\" \/>\n\t<meta name=\"twitter:data2\" content=\"2 minutos\" \/>\n<script type=\"application\/ld+json\" class=\"yoast-schema-graph\">{\"@context\":\"https:\\\/\\\/schema.org\",\"@graph\":[{\"@type\":\"Article\",\"@id\":\"https:\\\/\\\/informelitoral.com.ar\\\/isletas-segun-la-junta-de-gobiernono-hay-diferencias-y-desencuentros\\\/#article\",\"isPartOf\":{\"@id\":\"https:\\\/\\\/informelitoral.com.ar\\\/isletas-segun-la-junta-de-gobiernono-hay-diferencias-y-desencuentros\\\/\"},\"author\":{\"name\":\"Gonzalo Schmidt\",\"@id\":\"https:\\\/\\\/informelitoral.com.ar\\\/#\\\/schema\\\/person\\\/b9d00407c836482871ef1d57bf8e3180\"},\"headline\":\"Isletas: seg\u00fan la Junta de Gobierno, \u00abno hay diferencias y desencuentros\u00bb\",\"datePublished\":\"2014-06-20T13:19:39+00:00\",\"dateModified\":\"2014-06-20T13:20:27+00:00\",\"mainEntityOfPage\":{\"@id\":\"https:\\\/\\\/informelitoral.com.ar\\\/isletas-segun-la-junta-de-gobiernono-hay-diferencias-y-desencuentros\\\/\"},\"wordCount\":322,\"commentCount\":0,\"publisher\":{\"@id\":\"https:\\\/\\\/informelitoral.com.ar\\\/#organization\"},\"image\":{\"@id\":\"https:\\\/\\\/informelitoral.com.ar\\\/isletas-segun-la-junta-de-gobiernono-hay-diferencias-y-desencuentros\\\/#primaryimage\"},\"thumbnailUrl\":\"http:\\\/\\\/www.isletasnoticias.com.ar\\\/%77%70%2d%63%6f%6e%74%65%6e%74\\\/uploads\\\/2013\\\/07\\\/junta-300x225.jpg\",\"articleSection\":[\"Isletas\",\"Politica\"],\"inLanguage\":\"es\",\"potentialAction\":[{\"@type\":\"CommentAction\",\"name\":\"Comment\",\"target\":[\"https:\\\/\\\/informelitoral.com.ar\\\/isletas-segun-la-junta-de-gobiernono-hay-diferencias-y-desencuentros\\\/#respond\"]}]},{\"@type\":\"WebPage\",\"@id\":\"https:\\\/\\\/informelitoral.com.ar\\\/isletas-segun-la-junta-de-gobiernono-hay-diferencias-y-desencuentros\\\/\",\"url\":\"https:\\\/\\\/informelitoral.com.ar\\\/isletas-segun-la-junta-de-gobiernono-hay-diferencias-y-desencuentros\\\/\",\"name\":\"Isletas: seg\u00fan la Junta de Gobierno, \\\"no hay diferencias y desencuentros\\\" - Informe Litoral\",\"isPartOf\":{\"@id\":\"https:\\\/\\\/informelitoral.com.ar\\\/#website\"},\"primaryImageOfPage\":{\"@id\":\"https:\\\/\\\/informelitoral.com.ar\\\/isletas-segun-la-junta-de-gobiernono-hay-diferencias-y-desencuentros\\\/#primaryimage\"},\"image\":{\"@id\":\"https:\\\/\\\/informelitoral.com.ar\\\/isletas-segun-la-junta-de-gobiernono-hay-diferencias-y-desencuentros\\\/#primaryimage\"},\"thumbnailUrl\":\"http:\\\/\\\/www.isletasnoticias.com.ar\\\/%77%70%2d%63%6f%6e%74%65%6e%74\\\/uploads\\\/2013\\\/07\\\/junta-300x225.jpg\",\"datePublished\":\"2014-06-20T13:19:39+00:00\",\"dateModified\":\"2014-06-20T13:20:27+00:00\",\"breadcrumb\":{\"@id\":\"https:\\\/\\\/informelitoral.com.ar\\\/isletas-segun-la-junta-de-gobiernono-hay-diferencias-y-desencuentros\\\/#breadcrumb\"},\"inLanguage\":\"es\",\"potentialAction\":[{\"@type\":\"ReadAction\",\"target\":[\"https:\\\/\\\/informelitoral.com.ar\\\/isletas-segun-la-junta-de-gobiernono-hay-diferencias-y-desencuentros\\\/\"]}]},{\"@type\":\"ImageObject\",\"inLanguage\":\"es\",\"@id\":\"https:\\\/\\\/informelitoral.com.ar\\\/isletas-segun-la-junta-de-gobiernono-hay-diferencias-y-desencuentros\\\/#primaryimage\",\"url\":\"http:\\\/\\\/www.isletasnoticias.com.ar\\\/%77%70%2d%63%6f%6e%74%65%6e%74\\\/uploads\\\/2013\\\/07\\\/junta-300x225.jpg\",\"contentUrl\":\"http:\\\/\\\/www.isletasnoticias.com.ar\\\/%77%70%2d%63%6f%6e%74%65%6e%74\\\/uploads\\\/2013\\\/07\\\/junta-300x225.jpg\"},{\"@type\":\"BreadcrumbList\",\"@id\":\"https:\\\/\\\/informelitoral.com.ar\\\/isletas-segun-la-junta-de-gobiernono-hay-diferencias-y-desencuentros\\\/#breadcrumb\",\"itemListElement\":[{\"@type\":\"ListItem\",\"position\":1,\"name\":\"Portada\",\"item\":\"https:\\\/\\\/informelitoral.com.ar\\\/\"},{\"@type\":\"ListItem\",\"position\":2,\"name\":\"Isletas: seg\u00fan la Junta de Gobierno, \u00abno hay diferencias y desencuentros\u00bb\"}]},{\"@type\":\"WebSite\",\"@id\":\"https:\\\/\\\/informelitoral.com.ar\\\/#website\",\"url\":\"https:\\\/\\\/informelitoral.com.ar\\\/\",\"name\":\"Informe Litoral\",\"description\":\"&quot;Nos informamos&quot; \",\"publisher\":{\"@id\":\"https:\\\/\\\/informelitoral.com.ar\\\/#organization\"},\"potentialAction\":[{\"@type\":\"SearchAction\",\"target\":{\"@type\":\"EntryPoint\",\"urlTemplate\":\"https:\\\/\\\/informelitoral.com.ar\\\/?s={search_term_string}\"},\"query-input\":{\"@type\":\"PropertyValueSpecification\",\"valueRequired\":true,\"valueName\":\"search_term_string\"}}],\"inLanguage\":\"es\"},{\"@type\":\"Organization\",\"@id\":\"https:\\\/\\\/informelitoral.com.ar\\\/#organization\",\"name\":\"Informe Litoral\",\"url\":\"https:\\\/\\\/informelitoral.com.ar\\\/\",\"logo\":{\"@type\":\"ImageObject\",\"inLanguage\":\"es\",\"@id\":\"https:\\\/\\\/informelitoral.com.ar\\\/#\\\/schema\\\/logo\\\/image\\\/\",\"url\":\"https:\\\/\\\/informelitoral.com.ar\\\/%77%70%2d%63%6f%6e%74%65%6e%74\\\/uploads\\\/2021\\\/01\\\/circulo.png\",\"contentUrl\":\"https:\\\/\\\/informelitoral.com.ar\\\/%77%70%2d%63%6f%6e%74%65%6e%74\\\/uploads\\\/2021\\\/01\\\/circulo.png\",\"width\":723,\"height\":731,\"caption\":\"Informe Litoral\"},\"image\":{\"@id\":\"https:\\\/\\\/informelitoral.com.ar\\\/#\\\/schema\\\/logo\\\/image\\\/\"},\"sameAs\":[\"https:\\\/\\\/www.facebook.com\\\/informelitoral\\\/\",\"https:\\\/\\\/x.com\\\/InformeLitoral\",\"https:\\\/\\\/www.instagram.com\\\/informelitoral\\\/\",\"https:\\\/\\\/www.youtube.com\\\/channel\\\/UCua4Qvz8Icb6MYqhoq9xLXw\"]},{\"@type\":\"Person\",\"@id\":\"https:\\\/\\\/informelitoral.com.ar\\\/#\\\/schema\\\/person\\\/b9d00407c836482871ef1d57bf8e3180\",\"name\":\"Gonzalo Schmidt\",\"image\":{\"@type\":\"ImageObject\",\"inLanguage\":\"es\",\"@id\":\"https:\\\/\\\/secure.gravatar.com\\\/avatar\\\/31a1a7b66ff2de83bd0e9fd79d026630d2d99e55e8bfe501287647b4fd9743de?s=96&d=mm&r=g\",\"url\":\"https:\\\/\\\/secure.gravatar.com\\\/avatar\\\/31a1a7b66ff2de83bd0e9fd79d026630d2d99e55e8bfe501287647b4fd9743de?s=96&d=mm&r=g\",\"contentUrl\":\"https:\\\/\\\/secure.gravatar.com\\\/avatar\\\/31a1a7b66ff2de83bd0e9fd79d026630d2d99e55e8bfe501287647b4fd9743de?s=96&d=mm&r=g\",\"caption\":\"Gonzalo Schmidt\"},\"description\":\"Sitio web de noticias de la provincia de Entre R\u00edos, Argentina. Informaci\u00f3n y entretenimiento. Informe Litoral, nos informamos.\",\"sameAs\":[\"http:\\\/\\\/www.isletasnoticias.com.ar\"],\"url\":\"https:\\\/\\\/informelitoral.com.ar\\\/author\\\/gonzalo\\\/\"}]}<\/script>","yoast_head_json":{"title":"Isletas: seg\u00fan la Junta de Gobierno, \"no hay diferencias y desencuentros\" - Informe Litoral","robots":{"index":"index","follow":"follow","max-snippet":"max-snippet:-1","max-image-preview":"max-image-preview:large","max-video-preview":"max-video-preview:-1"},"canonical":"https:\/\/informelitoral.com.ar\/isletas-segun-la-junta-de-gobiernono-hay-diferencias-y-desencuentros\/","og_locale":"es_ES","og_type":"article","og_title":"Isletas: seg\u00fan la Junta de Gobierno, \"no hay diferencias y desencuentros\" - Informe Litoral","og_description":"Desde la Junta de Gobierno local, aseguran que la idea &laquo;era trabajar en conjunto con la minor&iacute;a&raquo;, por el PJ, pero &laquo;s&oacute;lo asisti&oacute; en una o dos oportunidades un s&oacute;lo integrante&raquo;, a las reuniones. &laquo;Por lo tanto, no vemos las diferencias y desencuentros&raquo;. Las permanentes diferencias entre el radicalismo local y el peronismo, &nbsp;se perciben [&hellip;]","og_url":"https:\/\/informelitoral.com.ar\/isletas-segun-la-junta-de-gobiernono-hay-diferencias-y-desencuentros\/","og_site_name":"Informe Litoral","article_publisher":"https:\/\/www.facebook.com\/informelitoral\/","article_published_time":"2014-06-20T13:19:39+00:00","article_modified_time":"2014-06-20T13:20:27+00:00","og_image":[{"width":640,"height":480,"url":"https:\/\/informelitoral.com.ar\/%77%70%2d%63%6f%6e%74%65%6e%74\/uploads\/2013\/07\/junta.jpg","type":"image\/jpeg"}],"author":"Gonzalo Schmidt","twitter_card":"summary_large_image","twitter_creator":"@InformeLitoral","twitter_site":"@InformeLitoral","twitter_misc":{"Escrito por":"Gonzalo Schmidt","Tiempo de lectura":"2 minutos"},"schema":{"@context":"https:\/\/schema.org","@graph":[{"@type":"Article","@id":"https:\/\/informelitoral.com.ar\/isletas-segun-la-junta-de-gobiernono-hay-diferencias-y-desencuentros\/#article","isPartOf":{"@id":"https:\/\/informelitoral.com.ar\/isletas-segun-la-junta-de-gobiernono-hay-diferencias-y-desencuentros\/"},"author":{"name":"Gonzalo Schmidt","@id":"https:\/\/informelitoral.com.ar\/#\/schema\/person\/b9d00407c836482871ef1d57bf8e3180"},"headline":"Isletas: seg\u00fan la Junta de Gobierno, \u00abno hay diferencias y desencuentros\u00bb","datePublished":"2014-06-20T13:19:39+00:00","dateModified":"2014-06-20T13:20:27+00:00","mainEntityOfPage":{"@id":"https:\/\/informelitoral.com.ar\/isletas-segun-la-junta-de-gobiernono-hay-diferencias-y-desencuentros\/"},"wordCount":322,"commentCount":0,"publisher":{"@id":"https:\/\/informelitoral.com.ar\/#organization"},"image":{"@id":"https:\/\/informelitoral.com.ar\/isletas-segun-la-junta-de-gobiernono-hay-diferencias-y-desencuentros\/#primaryimage"},"thumbnailUrl":"http:\/\/www.isletasnoticias.com.ar\/%77%70%2d%63%6f%6e%74%65%6e%74\/uploads\/2013\/07\/junta-300x225.jpg","articleSection":["Isletas","Politica"],"inLanguage":"es","potentialAction":[{"@type":"CommentAction","name":"Comment","target":["https:\/\/informelitoral.com.ar\/isletas-segun-la-junta-de-gobiernono-hay-diferencias-y-desencuentros\/#respond"]}]},{"@type":"WebPage","@id":"https:\/\/informelitoral.com.ar\/isletas-segun-la-junta-de-gobiernono-hay-diferencias-y-desencuentros\/","url":"https:\/\/informelitoral.com.ar\/isletas-segun-la-junta-de-gobiernono-hay-diferencias-y-desencuentros\/","name":"Isletas: seg\u00fan la Junta de Gobierno, \"no hay diferencias y desencuentros\" - Informe Litoral","isPartOf":{"@id":"https:\/\/informelitoral.com.ar\/#website"},"primaryImageOfPage":{"@id":"https:\/\/informelitoral.com.ar\/isletas-segun-la-junta-de-gobiernono-hay-diferencias-y-desencuentros\/#primaryimage"},"image":{"@id":"https:\/\/informelitoral.com.ar\/isletas-segun-la-junta-de-gobiernono-hay-diferencias-y-desencuentros\/#primaryimage"},"thumbnailUrl":"http:\/\/www.isletasnoticias.com.ar\/%77%70%2d%63%6f%6e%74%65%6e%74\/uploads\/2013\/07\/junta-300x225.jpg","datePublished":"2014-06-20T13:19:39+00:00","dateModified":"2014-06-20T13:20:27+00:00","breadcrumb":{"@id":"https:\/\/informelitoral.com.ar\/isletas-segun-la-junta-de-gobiernono-hay-diferencias-y-desencuentros\/#breadcrumb"},"inLanguage":"es","potentialAction":[{"@type":"ReadAction","target":["https:\/\/informelitoral.com.ar\/isletas-segun-la-junta-de-gobiernono-hay-diferencias-y-desencuentros\/"]}]},{"@type":"ImageObject","inLanguage":"es","@id":"https:\/\/informelitoral.com.ar\/isletas-segun-la-junta-de-gobiernono-hay-diferencias-y-desencuentros\/#primaryimage","url":"http:\/\/www.isletasnoticias.com.ar\/%77%70%2d%63%6f%6e%74%65%6e%74\/uploads\/2013\/07\/junta-300x225.jpg","contentUrl":"http:\/\/www.isletasnoticias.com.ar\/%77%70%2d%63%6f%6e%74%65%6e%74\/uploads\/2013\/07\/junta-300x225.jpg"},{"@type":"BreadcrumbList","@id":"https:\/\/informelitoral.com.ar\/isletas-segun-la-junta-de-gobiernono-hay-diferencias-y-desencuentros\/#breadcrumb","itemListElement":[{"@type":"ListItem","position":1,"name":"Portada","item":"https:\/\/informelitoral.com.ar\/"},{"@type":"ListItem","position":2,"name":"Isletas: seg\u00fan la Junta de Gobierno, \u00abno hay diferencias y desencuentros\u00bb"}]},{"@type":"WebSite","@id":"https:\/\/informelitoral.com.ar\/#website","url":"https:\/\/informelitoral.com.ar\/","name":"Informe Litoral","description":"&quot;Nos informamos&quot; ","publisher":{"@id":"https:\/\/informelitoral.com.ar\/#organization"},"potentialAction":[{"@type":"SearchAction","target":{"@type":"EntryPoint","urlTemplate":"https:\/\/informelitoral.com.ar\/?s={search_term_string}"},"query-input":{"@type":"PropertyValueSpecification","valueRequired":true,"valueName":"search_term_string"}}],"inLanguage":"es"},{"@type":"Organization","@id":"https:\/\/informelitoral.com.ar\/#organization","name":"Informe Litoral","url":"https:\/\/informelitoral.com.ar\/","logo":{"@type":"ImageObject","inLanguage":"es","@id":"https:\/\/informelitoral.com.ar\/#\/schema\/logo\/image\/","url":"https:\/\/informelitoral.com.ar\/%77%70%2d%63%6f%6e%74%65%6e%74\/uploads\/2021\/01\/circulo.png","contentUrl":"https:\/\/informelitoral.com.ar\/%77%70%2d%63%6f%6e%74%65%6e%74\/uploads\/2021\/01\/circulo.png","width":723,"height":731,"caption":"Informe Litoral"},"image":{"@id":"https:\/\/informelitoral.com.ar\/#\/schema\/logo\/image\/"},"sameAs":["https:\/\/www.facebook.com\/informelitoral\/","https:\/\/x.com\/InformeLitoral","https:\/\/www.instagram.com\/informelitoral\/","https:\/\/www.youtube.com\/channel\/UCua4Qvz8Icb6MYqhoq9xLXw"]},{"@type":"Person","@id":"https:\/\/informelitoral.com.ar\/#\/schema\/person\/b9d00407c836482871ef1d57bf8e3180","name":"Gonzalo Schmidt","image":{"@type":"ImageObject","inLanguage":"es","@id":"https:\/\/secure.gravatar.com\/avatar\/31a1a7b66ff2de83bd0e9fd79d026630d2d99e55e8bfe501287647b4fd9743de?s=96&d=mm&r=g","url":"https:\/\/secure.gravatar.com\/avatar\/31a1a7b66ff2de83bd0e9fd79d026630d2d99e55e8bfe501287647b4fd9743de?s=96&d=mm&r=g","contentUrl":"https:\/\/secure.gravatar.com\/avatar\/31a1a7b66ff2de83bd0e9fd79d026630d2d99e55e8bfe501287647b4fd9743de?s=96&d=mm&r=g","caption":"Gonzalo Schmidt"},"description":"Sitio web de noticias de la provincia de Entre R\u00edos, Argentina. Informaci\u00f3n y entretenimiento. Informe Litoral, nos informamos.","sameAs":["http:\/\/www.isletasnoticias.com.ar"],"url":"https:\/\/informelitoral.com.ar\/author\/gonzalo\/"}]}},"_links":{"self":[{"href":"https:\/\/informelitoral.com.ar\/%77%70%2d%6a%73%6f%6e\/wp\/v2\/posts\/7175","targetHints":{"allow":["GET"]}}],"collection":[{"href":"https:\/\/informelitoral.com.ar\/%77%70%2d%6a%73%6f%6e\/wp\/v2\/posts"}],"about":[{"href":"https:\/\/informelitoral.com.ar\/%77%70%2d%6a%73%6f%6e\/wp\/v2\/types\/post"}],"author":[{"embeddable":true,"href":"https:\/\/informelitoral.com.ar\/%77%70%2d%6a%73%6f%6e\/wp\/v2\/users\/2"}],"replies":[{"embeddable":true,"href":"https:\/\/informelitoral.com.ar\/%77%70%2d%6a%73%6f%6e\/wp\/v2\/comments?post=7175"}],"version-history":[{"count":0,"href":"https:\/\/informelitoral.com.ar\/%77%70%2d%6a%73%6f%6e\/wp\/v2\/posts\/7175\/revisions"}],"wp:attachment":[{"href":"https:\/\/informelitoral.com.ar\/%77%70%2d%6a%73%6f%6e\/wp\/v2\/media?parent=7175"}],"wp:term":[{"taxonomy":"category","embeddable":true,"href":"https:\/\/informelitoral.com.ar\/%77%70%2d%6a%73%6f%6e\/wp\/v2\/categories?post=7175"},{"taxonomy":"post_tag","embeddable":true,"href":"https:\/\/informelitoral.com.ar\/%77%70%2d%6a%73%6f%6e\/wp\/v2\/tags?post=7175"}],"curies":[{"name":"wp","href":"https:\/\/api.w.org\/{rel}","templated":true}]}}