{"id":7168,"date":"2014-06-19T22:41:19","date_gmt":"2014-06-20T01:41:19","guid":{"rendered":"http:\/\/www.isletasnoticias.com.ar\/?p=7168"},"modified":"2014-06-19T22:41:19","modified_gmt":"2014-06-20T01:41:19","slug":"fondos-buitre-cristina-reunio-en-olivos-a-su-equipo-economico-para-definir-el-plan-oficial","status":"publish","type":"post","link":"https:\/\/informelitoral.com.ar\/fondos-buitre-cristina-reunio-en-olivos-a-su-equipo-economico-para-definir-el-plan-oficial\/","title":{"rendered":"Fondos buitre: Cristina reuni\u00f3 en Olivos a su equipo econ\u00f3mico para definir el plan oficial"},"content":{"rendered":"<p style=\"text-align: left;\"><strong>El ministro<em> Axel Kicillof<\/em> concurri\u00f3 en horas del mediod\u00eda hasta las oficinas de la residencia presidencial. Expectativa por el discurso de la mandataria este viernes, en ocasi\u00f3n al D\u00eda de la Bandera.<a href=\"http:\/\/www.isletasnoticias.com.ar\/%77%70%2d%63%6f%6e%74%65%6e%74\/uploads\/2014\/06\/0004137345.jpg\"><img loading=\"lazy\" decoding=\"async\" class=\"aligncenter  wp-image-7169\" alt=\"0004137345\" src=\"http:\/\/www.isletasnoticias.com.ar\/%77%70%2d%63%6f%6e%74%65%6e%74\/uploads\/2014\/06\/0004137345-300x168.jpg\" width=\"500\" height=\"300\" \/><\/a><\/strong><\/p>\n<p>La presidente\u00a0Cristina Kirchner\u00a0eligi\u00f3 este jueves trabajar en la residencia de Olivos y no trasladarse a la Casa Rosada. Pidi\u00f3 que la mantengan informada sobre todas las variables econ\u00f3micas que puedan reflejar los vaivenes de las negociaciones con los hedge funds o \u00abfondos de alto riesgo\u00bb, denominados en la Argentina como fondos buitre.<\/p>\n<p>Fuentes oficiales confirmaron\u00a0que organiz\u00f3 una reuni\u00f3n con los funcionarios del \u00e1rea de Econom\u00eda. Por tal motivo, el ministro\u00a0Axel Kicillof\u00a0concurri\u00f3 en horas del mediod\u00eda hasta las oficinas de Olivos.<\/p>\n<p>El objetivo principal fue analizar de manera pormenorizada la audiencia que convoc\u00f3 este mi\u00e9rcoles el juez neoyorkino Thomas Griesa con los abogados de la Argentina y los letrados de los buitres, as\u00ed como comenzar a definir las estrategias que se implementar\u00e1n.<\/p>\n<p>Si bien la Presidente dio a conocer la voluntad de pago a los bonistas que ingresaron al canje puso en duda la manera de cumplir con la orden disparada por Griesa que favorece a Paul Singer y que deja al borde del default a la Argentina.<\/p>\n<p>\u00abEn la transcripci\u00f3n de la audiencia qued\u00f3 muy claro para nosotros que el juez est\u00e1 con los buitres y no ayuda a la Argentina con al menos una posibilidad de negociaci\u00f3n\u00bb, apunt\u00f3 una fuente oficial. Y agreg\u00f3 que \u00abno esperamos mucho de \u00e9l\u00bb.<\/p>\n<p>La Argentina debe cumplir con el pago de 900 millones de d\u00f3lares de los bonos Discount, y, entre ellos, 228 millones tendr\u00edan que girarse a Nueva York, el resto a pa\u00edses europeos. El mi\u00e9rcoles, Econom\u00eda advirti\u00f3 que tras\u00a0el levantamiento del \u00abstay\u00bb, la cautelar que frenaba la posibilidad de embargar giros que realice el pa\u00eds a Estados Unidos, la Argentina no podr\u00e1 pagar ese cup\u00f3n el 30 de junio en Nueva York.<\/p>\n<p>En este marco, se espera que este viernes la jefa de Estado realice alg\u00fan anuncio, a las 14, sobre el plan oficial para cumplir con ese compromiso que, en principio, se busca canjear los bonos por otros con legislaci\u00f3n local, una medida que fue rechazada de plano por Griesa y que pone en riesgo al pa\u00eds en caer en \u00abdesacato\u00bb.<\/p>\n<p>Fuente: <em>MinutoUno<\/em><\/p>\n","protected":false},"excerpt":{"rendered":"<p>El ministro Axel Kicillof concurri&oacute; en horas del mediod&iacute;a hasta las oficinas de la residencia presidencial. Expectativa por el discurso de la mandataria este viernes, en ocasi&oacute;n al D&iacute;a de la Bandera. La presidente&nbsp;Cristina Kirchner&nbsp;eligi&oacute; este jueves trabajar en la residencia de Olivos y no trasladarse a la Casa Rosada. Pidi&oacute; que la mantengan informada [&hellip;]<\/p>\n","protected":false},"author":2,"featured_media":0,"comment_status":"open","ping_status":"open","sticky":false,"template":"","format":"standard","meta":{"fifu_image_url":"","fifu_image_alt":"","footnotes":""},"categories":[7,16],"tags":[],"class_list":{"0":"post-7168","1":"post","2":"type-post","3":"status-publish","4":"format-standard","6":"category-nacionales","7":"category-politi"},"yoast_head":"<title>Fondos buitre: Cristina reuni\u00f3 en Olivos a su equipo econ\u00f3mico para definir el plan oficial - Informe Litoral<\/title>\n<meta name=\"robots\" content=\"index, follow, max-snippet:-1, max-image-preview:large, max-video-preview:-1\" \/>\n<link rel=\"canonical\" href=\"https:\/\/informelitoral.com.ar\/fondos-buitre-cristina-reunio-en-olivos-a-su-equipo-economico-para-definir-el-plan-oficial\/\" \/>\n<meta property=\"og:locale\" content=\"es_ES\" \/>\n<meta property=\"og:type\" content=\"article\" \/>\n<meta property=\"og:title\" content=\"Fondos buitre: Cristina reuni\u00f3 en Olivos a su equipo econ\u00f3mico para definir el plan oficial - Informe Litoral\" \/>\n<meta property=\"og:description\" content=\"El ministro Axel Kicillof concurri&oacute; en horas del mediod&iacute;a hasta las oficinas de la residencia presidencial. Expectativa por el discurso de la mandataria este viernes, en ocasi&oacute;n al D&iacute;a de la Bandera. La presidente&nbsp;Cristina Kirchner&nbsp;eligi&oacute; este jueves trabajar en la residencia de Olivos y no trasladarse a la Casa Rosada. Pidi&oacute; que la mantengan informada [&hellip;]\" \/>\n<meta property=\"og:url\" content=\"https:\/\/informelitoral.com.ar\/fondos-buitre-cristina-reunio-en-olivos-a-su-equipo-economico-para-definir-el-plan-oficial\/\" \/>\n<meta property=\"og:site_name\" content=\"Informe Litoral\" \/>\n<meta property=\"article:publisher\" content=\"https:\/\/www.facebook.com\/informelitoral\/\" \/>\n<meta property=\"article:published_time\" content=\"2014-06-20T01:41:19+00:00\" \/>\n<meta property=\"og:image\" content=\"https:\/\/informelitoral.com.ar\/%77%70%2d%63%6f%6e%74%65%6e%74\/uploads\/2014\/06\/0004137345.jpg\" \/>\n\t<meta property=\"og:image:width\" content=\"602\" \/>\n\t<meta property=\"og:image:height\" content=\"338\" \/>\n\t<meta property=\"og:image:type\" content=\"image\/jpeg\" \/>\n<meta name=\"author\" content=\"Gonzalo Schmidt\" \/>\n<meta name=\"twitter:card\" content=\"summary_large_image\" \/>\n<meta name=\"twitter:creator\" content=\"@InformeLitoral\" \/>\n<meta name=\"twitter:site\" content=\"@InformeLitoral\" \/>\n<meta name=\"twitter:label1\" content=\"Escrito por\" \/>\n\t<meta name=\"twitter:data1\" content=\"Gonzalo Schmidt\" \/>\n\t<meta name=\"twitter:label2\" content=\"Tiempo de lectura\" \/>\n\t<meta name=\"twitter:data2\" content=\"2 minutos\" \/>\n<script type=\"application\/ld+json\" class=\"yoast-schema-graph\">{\"@context\":\"https:\\\/\\\/schema.org\",\"@graph\":[{\"@type\":\"Article\",\"@id\":\"https:\\\/\\\/informelitoral.com.ar\\\/fondos-buitre-cristina-reunio-en-olivos-a-su-equipo-economico-para-definir-el-plan-oficial\\\/#article\",\"isPartOf\":{\"@id\":\"https:\\\/\\\/informelitoral.com.ar\\\/fondos-buitre-cristina-reunio-en-olivos-a-su-equipo-economico-para-definir-el-plan-oficial\\\/\"},\"author\":{\"name\":\"Gonzalo Schmidt\",\"@id\":\"https:\\\/\\\/informelitoral.com.ar\\\/#\\\/schema\\\/person\\\/b9d00407c836482871ef1d57bf8e3180\"},\"headline\":\"Fondos buitre: Cristina reuni\u00f3 en Olivos a su equipo econ\u00f3mico para definir el plan oficial\",\"datePublished\":\"2014-06-20T01:41:19+00:00\",\"mainEntityOfPage\":{\"@id\":\"https:\\\/\\\/informelitoral.com.ar\\\/fondos-buitre-cristina-reunio-en-olivos-a-su-equipo-economico-para-definir-el-plan-oficial\\\/\"},\"wordCount\":414,\"commentCount\":0,\"publisher\":{\"@id\":\"https:\\\/\\\/informelitoral.com.ar\\\/#organization\"},\"image\":{\"@id\":\"https:\\\/\\\/informelitoral.com.ar\\\/fondos-buitre-cristina-reunio-en-olivos-a-su-equipo-economico-para-definir-el-plan-oficial\\\/#primaryimage\"},\"thumbnailUrl\":\"http:\\\/\\\/www.isletasnoticias.com.ar\\\/%77%70%2d%63%6f%6e%74%65%6e%74\\\/uploads\\\/2014\\\/06\\\/0004137345-300x168.jpg\",\"articleSection\":[\"Nacionales\",\"Politica\"],\"inLanguage\":\"es\",\"potentialAction\":[{\"@type\":\"CommentAction\",\"name\":\"Comment\",\"target\":[\"https:\\\/\\\/informelitoral.com.ar\\\/fondos-buitre-cristina-reunio-en-olivos-a-su-equipo-economico-para-definir-el-plan-oficial\\\/#respond\"]}]},{\"@type\":\"WebPage\",\"@id\":\"https:\\\/\\\/informelitoral.com.ar\\\/fondos-buitre-cristina-reunio-en-olivos-a-su-equipo-economico-para-definir-el-plan-oficial\\\/\",\"url\":\"https:\\\/\\\/informelitoral.com.ar\\\/fondos-buitre-cristina-reunio-en-olivos-a-su-equipo-economico-para-definir-el-plan-oficial\\\/\",\"name\":\"Fondos buitre: Cristina reuni\u00f3 en Olivos a su equipo econ\u00f3mico para definir el plan oficial - Informe Litoral\",\"isPartOf\":{\"@id\":\"https:\\\/\\\/informelitoral.com.ar\\\/#website\"},\"primaryImageOfPage\":{\"@id\":\"https:\\\/\\\/informelitoral.com.ar\\\/fondos-buitre-cristina-reunio-en-olivos-a-su-equipo-economico-para-definir-el-plan-oficial\\\/#primaryimage\"},\"image\":{\"@id\":\"https:\\\/\\\/informelitoral.com.ar\\\/fondos-buitre-cristina-reunio-en-olivos-a-su-equipo-economico-para-definir-el-plan-oficial\\\/#primaryimage\"},\"thumbnailUrl\":\"http:\\\/\\\/www.isletasnoticias.com.ar\\\/%77%70%2d%63%6f%6e%74%65%6e%74\\\/uploads\\\/2014\\\/06\\\/0004137345-300x168.jpg\",\"datePublished\":\"2014-06-20T01:41:19+00:00\",\"breadcrumb\":{\"@id\":\"https:\\\/\\\/informelitoral.com.ar\\\/fondos-buitre-cristina-reunio-en-olivos-a-su-equipo-economico-para-definir-el-plan-oficial\\\/#breadcrumb\"},\"inLanguage\":\"es\",\"potentialAction\":[{\"@type\":\"ReadAction\",\"target\":[\"https:\\\/\\\/informelitoral.com.ar\\\/fondos-buitre-cristina-reunio-en-olivos-a-su-equipo-economico-para-definir-el-plan-oficial\\\/\"]}]},{\"@type\":\"ImageObject\",\"inLanguage\":\"es\",\"@id\":\"https:\\\/\\\/informelitoral.com.ar\\\/fondos-buitre-cristina-reunio-en-olivos-a-su-equipo-economico-para-definir-el-plan-oficial\\\/#primaryimage\",\"url\":\"http:\\\/\\\/www.isletasnoticias.com.ar\\\/%77%70%2d%63%6f%6e%74%65%6e%74\\\/uploads\\\/2014\\\/06\\\/0004137345-300x168.jpg\",\"contentUrl\":\"http:\\\/\\\/www.isletasnoticias.com.ar\\\/%77%70%2d%63%6f%6e%74%65%6e%74\\\/uploads\\\/2014\\\/06\\\/0004137345-300x168.jpg\"},{\"@type\":\"BreadcrumbList\",\"@id\":\"https:\\\/\\\/informelitoral.com.ar\\\/fondos-buitre-cristina-reunio-en-olivos-a-su-equipo-economico-para-definir-el-plan-oficial\\\/#breadcrumb\",\"itemListElement\":[{\"@type\":\"ListItem\",\"position\":1,\"name\":\"Portada\",\"item\":\"https:\\\/\\\/informelitoral.com.ar\\\/\"},{\"@type\":\"ListItem\",\"position\":2,\"name\":\"Fondos buitre: Cristina reuni\u00f3 en Olivos a su equipo econ\u00f3mico para definir el plan oficial\"}]},{\"@type\":\"WebSite\",\"@id\":\"https:\\\/\\\/informelitoral.com.ar\\\/#website\",\"url\":\"https:\\\/\\\/informelitoral.com.ar\\\/\",\"name\":\"Informe Litoral\",\"description\":\"&quot;Nos informamos&quot; \",\"publisher\":{\"@id\":\"https:\\\/\\\/informelitoral.com.ar\\\/#organization\"},\"potentialAction\":[{\"@type\":\"SearchAction\",\"target\":{\"@type\":\"EntryPoint\",\"urlTemplate\":\"https:\\\/\\\/informelitoral.com.ar\\\/?s={search_term_string}\"},\"query-input\":{\"@type\":\"PropertyValueSpecification\",\"valueRequired\":true,\"valueName\":\"search_term_string\"}}],\"inLanguage\":\"es\"},{\"@type\":\"Organization\",\"@id\":\"https:\\\/\\\/informelitoral.com.ar\\\/#organization\",\"name\":\"Informe Litoral\",\"url\":\"https:\\\/\\\/informelitoral.com.ar\\\/\",\"logo\":{\"@type\":\"ImageObject\",\"inLanguage\":\"es\",\"@id\":\"https:\\\/\\\/informelitoral.com.ar\\\/#\\\/schema\\\/logo\\\/image\\\/\",\"url\":\"https:\\\/\\\/informelitoral.com.ar\\\/%77%70%2d%63%6f%6e%74%65%6e%74\\\/uploads\\\/2021\\\/01\\\/circulo.png\",\"contentUrl\":\"https:\\\/\\\/informelitoral.com.ar\\\/%77%70%2d%63%6f%6e%74%65%6e%74\\\/uploads\\\/2021\\\/01\\\/circulo.png\",\"width\":723,\"height\":731,\"caption\":\"Informe Litoral\"},\"image\":{\"@id\":\"https:\\\/\\\/informelitoral.com.ar\\\/#\\\/schema\\\/logo\\\/image\\\/\"},\"sameAs\":[\"https:\\\/\\\/www.facebook.com\\\/informelitoral\\\/\",\"https:\\\/\\\/x.com\\\/InformeLitoral\",\"https:\\\/\\\/www.instagram.com\\\/informelitoral\\\/\",\"https:\\\/\\\/www.youtube.com\\\/channel\\\/UCua4Qvz8Icb6MYqhoq9xLXw\"]},{\"@type\":\"Person\",\"@id\":\"https:\\\/\\\/informelitoral.com.ar\\\/#\\\/schema\\\/person\\\/b9d00407c836482871ef1d57bf8e3180\",\"name\":\"Gonzalo Schmidt\",\"image\":{\"@type\":\"ImageObject\",\"inLanguage\":\"es\",\"@id\":\"https:\\\/\\\/secure.gravatar.com\\\/avatar\\\/31a1a7b66ff2de83bd0e9fd79d026630d2d99e55e8bfe501287647b4fd9743de?s=96&d=mm&r=g\",\"url\":\"https:\\\/\\\/secure.gravatar.com\\\/avatar\\\/31a1a7b66ff2de83bd0e9fd79d026630d2d99e55e8bfe501287647b4fd9743de?s=96&d=mm&r=g\",\"contentUrl\":\"https:\\\/\\\/secure.gravatar.com\\\/avatar\\\/31a1a7b66ff2de83bd0e9fd79d026630d2d99e55e8bfe501287647b4fd9743de?s=96&d=mm&r=g\",\"caption\":\"Gonzalo Schmidt\"},\"description\":\"Sitio web de noticias de la provincia de Entre R\u00edos, Argentina. Informaci\u00f3n y entretenimiento. Informe Litoral, nos informamos.\",\"sameAs\":[\"http:\\\/\\\/www.isletasnoticias.com.ar\"],\"url\":\"https:\\\/\\\/informelitoral.com.ar\\\/author\\\/gonzalo\\\/\"}]}<\/script>","yoast_head_json":{"title":"Fondos buitre: Cristina reuni\u00f3 en Olivos a su equipo econ\u00f3mico para definir el plan oficial - Informe Litoral","robots":{"index":"index","follow":"follow","max-snippet":"max-snippet:-1","max-image-preview":"max-image-preview:large","max-video-preview":"max-video-preview:-1"},"canonical":"https:\/\/informelitoral.com.ar\/fondos-buitre-cristina-reunio-en-olivos-a-su-equipo-economico-para-definir-el-plan-oficial\/","og_locale":"es_ES","og_type":"article","og_title":"Fondos buitre: Cristina reuni\u00f3 en Olivos a su equipo econ\u00f3mico para definir el plan oficial - Informe Litoral","og_description":"El ministro Axel Kicillof concurri&oacute; en horas del mediod&iacute;a hasta las oficinas de la residencia presidencial. Expectativa por el discurso de la mandataria este viernes, en ocasi&oacute;n al D&iacute;a de la Bandera. La presidente&nbsp;Cristina Kirchner&nbsp;eligi&oacute; este jueves trabajar en la residencia de Olivos y no trasladarse a la Casa Rosada. Pidi&oacute; que la mantengan informada [&hellip;]","og_url":"https:\/\/informelitoral.com.ar\/fondos-buitre-cristina-reunio-en-olivos-a-su-equipo-economico-para-definir-el-plan-oficial\/","og_site_name":"Informe Litoral","article_publisher":"https:\/\/www.facebook.com\/informelitoral\/","article_published_time":"2014-06-20T01:41:19+00:00","og_image":[{"width":602,"height":338,"url":"https:\/\/informelitoral.com.ar\/%77%70%2d%63%6f%6e%74%65%6e%74\/uploads\/2014\/06\/0004137345.jpg","type":"image\/jpeg"}],"author":"Gonzalo Schmidt","twitter_card":"summary_large_image","twitter_creator":"@InformeLitoral","twitter_site":"@InformeLitoral","twitter_misc":{"Escrito por":"Gonzalo Schmidt","Tiempo de lectura":"2 minutos"},"schema":{"@context":"https:\/\/schema.org","@graph":[{"@type":"Article","@id":"https:\/\/informelitoral.com.ar\/fondos-buitre-cristina-reunio-en-olivos-a-su-equipo-economico-para-definir-el-plan-oficial\/#article","isPartOf":{"@id":"https:\/\/informelitoral.com.ar\/fondos-buitre-cristina-reunio-en-olivos-a-su-equipo-economico-para-definir-el-plan-oficial\/"},"author":{"name":"Gonzalo Schmidt","@id":"https:\/\/informelitoral.com.ar\/#\/schema\/person\/b9d00407c836482871ef1d57bf8e3180"},"headline":"Fondos buitre: Cristina reuni\u00f3 en Olivos a su equipo econ\u00f3mico para definir el plan oficial","datePublished":"2014-06-20T01:41:19+00:00","mainEntityOfPage":{"@id":"https:\/\/informelitoral.com.ar\/fondos-buitre-cristina-reunio-en-olivos-a-su-equipo-economico-para-definir-el-plan-oficial\/"},"wordCount":414,"commentCount":0,"publisher":{"@id":"https:\/\/informelitoral.com.ar\/#organization"},"image":{"@id":"https:\/\/informelitoral.com.ar\/fondos-buitre-cristina-reunio-en-olivos-a-su-equipo-economico-para-definir-el-plan-oficial\/#primaryimage"},"thumbnailUrl":"http:\/\/www.isletasnoticias.com.ar\/%77%70%2d%63%6f%6e%74%65%6e%74\/uploads\/2014\/06\/0004137345-300x168.jpg","articleSection":["Nacionales","Politica"],"inLanguage":"es","potentialAction":[{"@type":"CommentAction","name":"Comment","target":["https:\/\/informelitoral.com.ar\/fondos-buitre-cristina-reunio-en-olivos-a-su-equipo-economico-para-definir-el-plan-oficial\/#respond"]}]},{"@type":"WebPage","@id":"https:\/\/informelitoral.com.ar\/fondos-buitre-cristina-reunio-en-olivos-a-su-equipo-economico-para-definir-el-plan-oficial\/","url":"https:\/\/informelitoral.com.ar\/fondos-buitre-cristina-reunio-en-olivos-a-su-equipo-economico-para-definir-el-plan-oficial\/","name":"Fondos buitre: Cristina reuni\u00f3 en Olivos a su equipo econ\u00f3mico para definir el plan oficial - Informe Litoral","isPartOf":{"@id":"https:\/\/informelitoral.com.ar\/#website"},"primaryImageOfPage":{"@id":"https:\/\/informelitoral.com.ar\/fondos-buitre-cristina-reunio-en-olivos-a-su-equipo-economico-para-definir-el-plan-oficial\/#primaryimage"},"image":{"@id":"https:\/\/informelitoral.com.ar\/fondos-buitre-cristina-reunio-en-olivos-a-su-equipo-economico-para-definir-el-plan-oficial\/#primaryimage"},"thumbnailUrl":"http:\/\/www.isletasnoticias.com.ar\/%77%70%2d%63%6f%6e%74%65%6e%74\/uploads\/2014\/06\/0004137345-300x168.jpg","datePublished":"2014-06-20T01:41:19+00:00","breadcrumb":{"@id":"https:\/\/informelitoral.com.ar\/fondos-buitre-cristina-reunio-en-olivos-a-su-equipo-economico-para-definir-el-plan-oficial\/#breadcrumb"},"inLanguage":"es","potentialAction":[{"@type":"ReadAction","target":["https:\/\/informelitoral.com.ar\/fondos-buitre-cristina-reunio-en-olivos-a-su-equipo-economico-para-definir-el-plan-oficial\/"]}]},{"@type":"ImageObject","inLanguage":"es","@id":"https:\/\/informelitoral.com.ar\/fondos-buitre-cristina-reunio-en-olivos-a-su-equipo-economico-para-definir-el-plan-oficial\/#primaryimage","url":"http:\/\/www.isletasnoticias.com.ar\/%77%70%2d%63%6f%6e%74%65%6e%74\/uploads\/2014\/06\/0004137345-300x168.jpg","contentUrl":"http:\/\/www.isletasnoticias.com.ar\/%77%70%2d%63%6f%6e%74%65%6e%74\/uploads\/2014\/06\/0004137345-300x168.jpg"},{"@type":"BreadcrumbList","@id":"https:\/\/informelitoral.com.ar\/fondos-buitre-cristina-reunio-en-olivos-a-su-equipo-economico-para-definir-el-plan-oficial\/#breadcrumb","itemListElement":[{"@type":"ListItem","position":1,"name":"Portada","item":"https:\/\/informelitoral.com.ar\/"},{"@type":"ListItem","position":2,"name":"Fondos buitre: Cristina reuni\u00f3 en Olivos a su equipo econ\u00f3mico para definir el plan oficial"}]},{"@type":"WebSite","@id":"https:\/\/informelitoral.com.ar\/#website","url":"https:\/\/informelitoral.com.ar\/","name":"Informe Litoral","description":"&quot;Nos informamos&quot; ","publisher":{"@id":"https:\/\/informelitoral.com.ar\/#organization"},"potentialAction":[{"@type":"SearchAction","target":{"@type":"EntryPoint","urlTemplate":"https:\/\/informelitoral.com.ar\/?s={search_term_string}"},"query-input":{"@type":"PropertyValueSpecification","valueRequired":true,"valueName":"search_term_string"}}],"inLanguage":"es"},{"@type":"Organization","@id":"https:\/\/informelitoral.com.ar\/#organization","name":"Informe Litoral","url":"https:\/\/informelitoral.com.ar\/","logo":{"@type":"ImageObject","inLanguage":"es","@id":"https:\/\/informelitoral.com.ar\/#\/schema\/logo\/image\/","url":"https:\/\/informelitoral.com.ar\/%77%70%2d%63%6f%6e%74%65%6e%74\/uploads\/2021\/01\/circulo.png","contentUrl":"https:\/\/informelitoral.com.ar\/%77%70%2d%63%6f%6e%74%65%6e%74\/uploads\/2021\/01\/circulo.png","width":723,"height":731,"caption":"Informe Litoral"},"image":{"@id":"https:\/\/informelitoral.com.ar\/#\/schema\/logo\/image\/"},"sameAs":["https:\/\/www.facebook.com\/informelitoral\/","https:\/\/x.com\/InformeLitoral","https:\/\/www.instagram.com\/informelitoral\/","https:\/\/www.youtube.com\/channel\/UCua4Qvz8Icb6MYqhoq9xLXw"]},{"@type":"Person","@id":"https:\/\/informelitoral.com.ar\/#\/schema\/person\/b9d00407c836482871ef1d57bf8e3180","name":"Gonzalo Schmidt","image":{"@type":"ImageObject","inLanguage":"es","@id":"https:\/\/secure.gravatar.com\/avatar\/31a1a7b66ff2de83bd0e9fd79d026630d2d99e55e8bfe501287647b4fd9743de?s=96&d=mm&r=g","url":"https:\/\/secure.gravatar.com\/avatar\/31a1a7b66ff2de83bd0e9fd79d026630d2d99e55e8bfe501287647b4fd9743de?s=96&d=mm&r=g","contentUrl":"https:\/\/secure.gravatar.com\/avatar\/31a1a7b66ff2de83bd0e9fd79d026630d2d99e55e8bfe501287647b4fd9743de?s=96&d=mm&r=g","caption":"Gonzalo Schmidt"},"description":"Sitio web de noticias de la provincia de Entre R\u00edos, Argentina. Informaci\u00f3n y entretenimiento. Informe Litoral, nos informamos.","sameAs":["http:\/\/www.isletasnoticias.com.ar"],"url":"https:\/\/informelitoral.com.ar\/author\/gonzalo\/"}]}},"_links":{"self":[{"href":"https:\/\/informelitoral.com.ar\/%77%70%2d%6a%73%6f%6e\/wp\/v2\/posts\/7168","targetHints":{"allow":["GET"]}}],"collection":[{"href":"https:\/\/informelitoral.com.ar\/%77%70%2d%6a%73%6f%6e\/wp\/v2\/posts"}],"about":[{"href":"https:\/\/informelitoral.com.ar\/%77%70%2d%6a%73%6f%6e\/wp\/v2\/types\/post"}],"author":[{"embeddable":true,"href":"https:\/\/informelitoral.com.ar\/%77%70%2d%6a%73%6f%6e\/wp\/v2\/users\/2"}],"replies":[{"embeddable":true,"href":"https:\/\/informelitoral.com.ar\/%77%70%2d%6a%73%6f%6e\/wp\/v2\/comments?post=7168"}],"version-history":[{"count":0,"href":"https:\/\/informelitoral.com.ar\/%77%70%2d%6a%73%6f%6e\/wp\/v2\/posts\/7168\/revisions"}],"wp:attachment":[{"href":"https:\/\/informelitoral.com.ar\/%77%70%2d%6a%73%6f%6e\/wp\/v2\/media?parent=7168"}],"wp:term":[{"taxonomy":"category","embeddable":true,"href":"https:\/\/informelitoral.com.ar\/%77%70%2d%6a%73%6f%6e\/wp\/v2\/categories?post=7168"},{"taxonomy":"post_tag","embeddable":true,"href":"https:\/\/informelitoral.com.ar\/%77%70%2d%6a%73%6f%6e\/wp\/v2\/tags?post=7168"}],"curies":[{"name":"wp","href":"https:\/\/api.w.org\/{rel}","templated":true}]}}