{"id":71573,"date":"2022-02-09T17:14:02","date_gmt":"2022-02-09T20:14:02","guid":{"rendered":"https:\/\/www.informelitoral.com.ar\/?p=71573"},"modified":"2022-02-09T17:14:02","modified_gmt":"2022-02-09T20:14:02","slug":"analizaron-obras-viales-en-ejecucion-en-el-departamento-diamante","status":"publish","type":"post","link":"https:\/\/informelitoral.com.ar\/analizaron-obras-viales-en-ejecucion-en-el-departamento-diamante\/","title":{"rendered":"Analizaron obras viales en ejecuci\u00f3n en el departamento Diamante"},"content":{"rendered":"<p>La titular de la Direcci\u00f3n Provincial de Vialidad (DPV), Alicia Ben\u00edtez, junto a su equipo de trabajo, recibi\u00f3 en la casa central a la senadora provincial, Claudia Gieco, acompa\u00f1ada por los presidentes comunales de Racedo y de Aldea Protestante, Julio Demart\u00edn y Duilio Herbel, respectivamente. Durante el encuentro analizaron las mejoras viales que se ejecutan en ambas localidades.<\/p>\n<p>Al respecto, la legisladora coment\u00f3 que \u201cpor un lado abordamos situaciones espec\u00edficas y concretas que surgen del avance de las obras de pavimentaci\u00f3n del acceso a Aldea Protestante y la rehabilitaci\u00f3n de la ruta que une Racedo con Crespo. Y por otra parte, repasamos otras necesidades de la regi\u00f3n que tienen que ver con bacheo, desag\u00fces pluviales, alcantarillas, iluminaci\u00f3n y mejoramiento de distintos caminos de la producci\u00f3n\u201d.<\/p>\n<p>En ese sentido, en cuanto a las diferentes mejoras viales ejecutadas en el departamento, la senadora Gieco destac\u00f3 que \u201ceste el momento de mayor cantidad de obras viales de los \u00faltimos 50 a\u00f1os en el departamento Diamante. Agradezco al gobernador, Gustavo Bordet y a la directora de Vialidad, porque se trata de obras millonarias que han cambiado la historia de los pueblos\u201d.<\/p>\n<p>En referencia a las tareas en el ingreso a Protestante, Herbel remarc\u00f3 que \u201ces una obra muy esperada que se comenz\u00f3 a mediados de diciembre del a\u00f1o pasado. La empresa llev\u00f3 adelante el reciclado de la base y en estos d\u00edas se realizar\u00e1 la capa de brosa, para la posterior ampliaci\u00f3n del puente y pavimentaci\u00f3n de la traza. En este caso, dialogamos con la directora la posibilidad de realizar una ampliaci\u00f3n de la obra e incluir el asfaltado de calles internas de la aldea\u201d.<\/p>\n<p>Por su parte, el presidente comunal de Racedo, se\u00f1al\u00f3 que \u201canalizamos los trabajos que se est\u00e1n ejecutando en nuestra localidad como parte de la obra de rehabilitaci\u00f3n de la ruta que nos une con Crespo. Estuvimos repasando la ubicaci\u00f3n de la rotonda prevista en el proyecto como tambi\u00e9n la posibilidad de sumar a las mejoras la traza destinada al tr\u00e1nsito pesado. Esto nos permitir\u00eda concluir con el ordenamiento vial del pueblo teniendo en cuenta la actividad industrial y productiva\u201d.<\/p>\n<p>El encuentro cont\u00f3 con la participaci\u00f3n del secretario coordinador T\u00e9cnico de la DPV, Miguel Feltes y el director de Construcciones, Germ\u00e1n Ruiz D\u00edaz.<\/p>\n","protected":false},"excerpt":{"rendered":"<p>Con fondos nacionales y provinciales se llevan adelante diversas obras viales en las localidades de Racedo y Aldea Protestante, en el departamento Diamante. Autoridades viales analizaron el avance de las mismas durante un encuentro con legisladores y referentes comunales.<\/p>\n","protected":false},"author":8,"featured_media":71574,"comment_status":"open","ping_status":"open","sticky":false,"template":"","format":"standard","meta":{"fifu_image_url":"","fifu_image_alt":"","footnotes":""},"categories":[5],"tags":[1037,728,3125],"class_list":{"0":"post-71573","1":"post","2":"type-post","3":"status-publish","4":"format-standard","5":"has-post-thumbnail","7":"category-zonales","8":"tag-claudia-gieco","9":"tag-dpv","10":"tag-obras-de-pavimentacion"},"yoast_head":"<title>Analizaron obras viales en ejecuci\u00f3n en el departamento Diamante - Informe Litoral<\/title>\n<meta name=\"robots\" content=\"index, follow, max-snippet:-1, max-image-preview:large, max-video-preview:-1\" \/>\n<link rel=\"canonical\" href=\"https:\/\/informelitoral.com.ar\/analizaron-obras-viales-en-ejecucion-en-el-departamento-diamante\/\" \/>\n<meta property=\"og:locale\" content=\"es_ES\" \/>\n<meta property=\"og:type\" content=\"article\" \/>\n<meta property=\"og:title\" content=\"Analizaron obras viales en ejecuci\u00f3n en el departamento Diamante - Informe Litoral\" \/>\n<meta property=\"og:description\" content=\"Con fondos nacionales y provinciales se llevan adelante diversas obras viales en las localidades de Racedo y Aldea Protestante, en el departamento Diamante. Autoridades viales analizaron el avance de las mismas durante un encuentro con legisladores y referentes comunales.\" \/>\n<meta property=\"og:url\" content=\"https:\/\/informelitoral.com.ar\/analizaron-obras-viales-en-ejecucion-en-el-departamento-diamante\/\" \/>\n<meta property=\"og:site_name\" content=\"Informe Litoral\" \/>\n<meta property=\"article:publisher\" content=\"https:\/\/www.facebook.com\/informelitoral\/\" \/>\n<meta property=\"article:published_time\" content=\"2022-02-09T20:14:02+00:00\" \/>\n<meta property=\"og:image\" content=\"https:\/\/informelitoral.com.ar\/%77%70%2d%63%6f%6e%74%65%6e%74\/uploads\/2022\/02\/p_1644262327-1.jpg\" \/>\n\t<meta property=\"og:image:width\" content=\"1920\" \/>\n\t<meta property=\"og:image:height\" content=\"800\" \/>\n\t<meta property=\"og:image:type\" content=\"image\/jpeg\" \/>\n<meta name=\"author\" content=\"Sebastian\" \/>\n<meta name=\"twitter:card\" content=\"summary_large_image\" \/>\n<meta name=\"twitter:creator\" content=\"@InformeLitoral\" \/>\n<meta name=\"twitter:site\" content=\"@InformeLitoral\" \/>\n<meta name=\"twitter:label1\" content=\"Escrito por\" \/>\n\t<meta name=\"twitter:data1\" content=\"Sebastian\" \/>\n\t<meta name=\"twitter:label2\" content=\"Tiempo de lectura\" \/>\n\t<meta name=\"twitter:data2\" content=\"2 minutos\" \/>\n<script type=\"application\/ld+json\" class=\"yoast-schema-graph\">{\"@context\":\"https:\\\/\\\/schema.org\",\"@graph\":[{\"@type\":\"Article\",\"@id\":\"https:\\\/\\\/informelitoral.com.ar\\\/analizaron-obras-viales-en-ejecucion-en-el-departamento-diamante\\\/#article\",\"isPartOf\":{\"@id\":\"https:\\\/\\\/informelitoral.com.ar\\\/analizaron-obras-viales-en-ejecucion-en-el-departamento-diamante\\\/\"},\"author\":{\"name\":\"Sebastian\",\"@id\":\"https:\\\/\\\/informelitoral.com.ar\\\/#\\\/schema\\\/person\\\/f05f9f461677119578717524b127d6d5\"},\"headline\":\"Analizaron obras viales en ejecuci\u00f3n en el departamento Diamante\",\"datePublished\":\"2022-02-09T20:14:02+00:00\",\"mainEntityOfPage\":{\"@id\":\"https:\\\/\\\/informelitoral.com.ar\\\/analizaron-obras-viales-en-ejecucion-en-el-departamento-diamante\\\/\"},\"wordCount\":410,\"commentCount\":0,\"publisher\":{\"@id\":\"https:\\\/\\\/informelitoral.com.ar\\\/#organization\"},\"image\":{\"@id\":\"https:\\\/\\\/informelitoral.com.ar\\\/analizaron-obras-viales-en-ejecucion-en-el-departamento-diamante\\\/#primaryimage\"},\"thumbnailUrl\":\"https:\\\/\\\/informelitoral.com.ar\\\/%77%70%2d%63%6f%6e%74%65%6e%74\\\/uploads\\\/2022\\\/02\\\/p_1644262327-1.jpg\",\"keywords\":[\"Claudia Gieco\",\"DPV\",\"Obras de pavimentaci\u00f3n\"],\"articleSection\":[\"Departamento Diamante\"],\"inLanguage\":\"es\",\"potentialAction\":[{\"@type\":\"CommentAction\",\"name\":\"Comment\",\"target\":[\"https:\\\/\\\/informelitoral.com.ar\\\/analizaron-obras-viales-en-ejecucion-en-el-departamento-diamante\\\/#respond\"]}]},{\"@type\":\"WebPage\",\"@id\":\"https:\\\/\\\/informelitoral.com.ar\\\/analizaron-obras-viales-en-ejecucion-en-el-departamento-diamante\\\/\",\"url\":\"https:\\\/\\\/informelitoral.com.ar\\\/analizaron-obras-viales-en-ejecucion-en-el-departamento-diamante\\\/\",\"name\":\"Analizaron obras viales en ejecuci\u00f3n en el departamento Diamante - Informe Litoral\",\"isPartOf\":{\"@id\":\"https:\\\/\\\/informelitoral.com.ar\\\/#website\"},\"primaryImageOfPage\":{\"@id\":\"https:\\\/\\\/informelitoral.com.ar\\\/analizaron-obras-viales-en-ejecucion-en-el-departamento-diamante\\\/#primaryimage\"},\"image\":{\"@id\":\"https:\\\/\\\/informelitoral.com.ar\\\/analizaron-obras-viales-en-ejecucion-en-el-departamento-diamante\\\/#primaryimage\"},\"thumbnailUrl\":\"https:\\\/\\\/informelitoral.com.ar\\\/%77%70%2d%63%6f%6e%74%65%6e%74\\\/uploads\\\/2022\\\/02\\\/p_1644262327-1.jpg\",\"datePublished\":\"2022-02-09T20:14:02+00:00\",\"breadcrumb\":{\"@id\":\"https:\\\/\\\/informelitoral.com.ar\\\/analizaron-obras-viales-en-ejecucion-en-el-departamento-diamante\\\/#breadcrumb\"},\"inLanguage\":\"es\",\"potentialAction\":[{\"@type\":\"ReadAction\",\"target\":[\"https:\\\/\\\/informelitoral.com.ar\\\/analizaron-obras-viales-en-ejecucion-en-el-departamento-diamante\\\/\"]}]},{\"@type\":\"ImageObject\",\"inLanguage\":\"es\",\"@id\":\"https:\\\/\\\/informelitoral.com.ar\\\/analizaron-obras-viales-en-ejecucion-en-el-departamento-diamante\\\/#primaryimage\",\"url\":\"https:\\\/\\\/informelitoral.com.ar\\\/%77%70%2d%63%6f%6e%74%65%6e%74\\\/uploads\\\/2022\\\/02\\\/p_1644262327-1.jpg\",\"contentUrl\":\"https:\\\/\\\/informelitoral.com.ar\\\/%77%70%2d%63%6f%6e%74%65%6e%74\\\/uploads\\\/2022\\\/02\\\/p_1644262327-1.jpg\",\"width\":1920,\"height\":800},{\"@type\":\"BreadcrumbList\",\"@id\":\"https:\\\/\\\/informelitoral.com.ar\\\/analizaron-obras-viales-en-ejecucion-en-el-departamento-diamante\\\/#breadcrumb\",\"itemListElement\":[{\"@type\":\"ListItem\",\"position\":1,\"name\":\"Portada\",\"item\":\"https:\\\/\\\/informelitoral.com.ar\\\/\"},{\"@type\":\"ListItem\",\"position\":2,\"name\":\"Analizaron obras viales en ejecuci\u00f3n en el departamento Diamante\"}]},{\"@type\":\"WebSite\",\"@id\":\"https:\\\/\\\/informelitoral.com.ar\\\/#website\",\"url\":\"https:\\\/\\\/informelitoral.com.ar\\\/\",\"name\":\"Informe Litoral\",\"description\":\"&quot;Nos informamos&quot; \",\"publisher\":{\"@id\":\"https:\\\/\\\/informelitoral.com.ar\\\/#organization\"},\"potentialAction\":[{\"@type\":\"SearchAction\",\"target\":{\"@type\":\"EntryPoint\",\"urlTemplate\":\"https:\\\/\\\/informelitoral.com.ar\\\/?s={search_term_string}\"},\"query-input\":{\"@type\":\"PropertyValueSpecification\",\"valueRequired\":true,\"valueName\":\"search_term_string\"}}],\"inLanguage\":\"es\"},{\"@type\":\"Organization\",\"@id\":\"https:\\\/\\\/informelitoral.com.ar\\\/#organization\",\"name\":\"Informe Litoral\",\"url\":\"https:\\\/\\\/informelitoral.com.ar\\\/\",\"logo\":{\"@type\":\"ImageObject\",\"inLanguage\":\"es\",\"@id\":\"https:\\\/\\\/informelitoral.com.ar\\\/#\\\/schema\\\/logo\\\/image\\\/\",\"url\":\"https:\\\/\\\/informelitoral.com.ar\\\/%77%70%2d%63%6f%6e%74%65%6e%74\\\/uploads\\\/2021\\\/01\\\/circulo.png\",\"contentUrl\":\"https:\\\/\\\/informelitoral.com.ar\\\/%77%70%2d%63%6f%6e%74%65%6e%74\\\/uploads\\\/2021\\\/01\\\/circulo.png\",\"width\":723,\"height\":731,\"caption\":\"Informe Litoral\"},\"image\":{\"@id\":\"https:\\\/\\\/informelitoral.com.ar\\\/#\\\/schema\\\/logo\\\/image\\\/\"},\"sameAs\":[\"https:\\\/\\\/www.facebook.com\\\/informelitoral\\\/\",\"https:\\\/\\\/x.com\\\/InformeLitoral\",\"https:\\\/\\\/www.instagram.com\\\/informelitoral\\\/\",\"https:\\\/\\\/www.youtube.com\\\/channel\\\/UCua4Qvz8Icb6MYqhoq9xLXw\"]},{\"@type\":\"Person\",\"@id\":\"https:\\\/\\\/informelitoral.com.ar\\\/#\\\/schema\\\/person\\\/f05f9f461677119578717524b127d6d5\",\"name\":\"Sebastian\",\"image\":{\"@type\":\"ImageObject\",\"inLanguage\":\"es\",\"@id\":\"https:\\\/\\\/secure.gravatar.com\\\/avatar\\\/b71bf7481d447dfb9583c7f2798e7cc64de6efb9067b74633ed8c31059a3bd82?s=96&d=mm&r=g\",\"url\":\"https:\\\/\\\/secure.gravatar.com\\\/avatar\\\/b71bf7481d447dfb9583c7f2798e7cc64de6efb9067b74633ed8c31059a3bd82?s=96&d=mm&r=g\",\"contentUrl\":\"https:\\\/\\\/secure.gravatar.com\\\/avatar\\\/b71bf7481d447dfb9583c7f2798e7cc64de6efb9067b74633ed8c31059a3bd82?s=96&d=mm&r=g\",\"caption\":\"Sebastian\"},\"url\":\"https:\\\/\\\/informelitoral.com.ar\\\/author\\\/sebastian\\\/\"}]}<\/script>","yoast_head_json":{"title":"Analizaron obras viales en ejecuci\u00f3n en el departamento Diamante - Informe Litoral","robots":{"index":"index","follow":"follow","max-snippet":"max-snippet:-1","max-image-preview":"max-image-preview:large","max-video-preview":"max-video-preview:-1"},"canonical":"https:\/\/informelitoral.com.ar\/analizaron-obras-viales-en-ejecucion-en-el-departamento-diamante\/","og_locale":"es_ES","og_type":"article","og_title":"Analizaron obras viales en ejecuci\u00f3n en el departamento Diamante - Informe Litoral","og_description":"Con fondos nacionales y provinciales se llevan adelante diversas obras viales en las localidades de Racedo y Aldea Protestante, en el departamento Diamante. Autoridades viales analizaron el avance de las mismas durante un encuentro con legisladores y referentes comunales.","og_url":"https:\/\/informelitoral.com.ar\/analizaron-obras-viales-en-ejecucion-en-el-departamento-diamante\/","og_site_name":"Informe Litoral","article_publisher":"https:\/\/www.facebook.com\/informelitoral\/","article_published_time":"2022-02-09T20:14:02+00:00","og_image":[{"width":1920,"height":800,"url":"https:\/\/informelitoral.com.ar\/%77%70%2d%63%6f%6e%74%65%6e%74\/uploads\/2022\/02\/p_1644262327-1.jpg","type":"image\/jpeg"}],"author":"Sebastian","twitter_card":"summary_large_image","twitter_creator":"@InformeLitoral","twitter_site":"@InformeLitoral","twitter_misc":{"Escrito por":"Sebastian","Tiempo de lectura":"2 minutos"},"schema":{"@context":"https:\/\/schema.org","@graph":[{"@type":"Article","@id":"https:\/\/informelitoral.com.ar\/analizaron-obras-viales-en-ejecucion-en-el-departamento-diamante\/#article","isPartOf":{"@id":"https:\/\/informelitoral.com.ar\/analizaron-obras-viales-en-ejecucion-en-el-departamento-diamante\/"},"author":{"name":"Sebastian","@id":"https:\/\/informelitoral.com.ar\/#\/schema\/person\/f05f9f461677119578717524b127d6d5"},"headline":"Analizaron obras viales en ejecuci\u00f3n en el departamento Diamante","datePublished":"2022-02-09T20:14:02+00:00","mainEntityOfPage":{"@id":"https:\/\/informelitoral.com.ar\/analizaron-obras-viales-en-ejecucion-en-el-departamento-diamante\/"},"wordCount":410,"commentCount":0,"publisher":{"@id":"https:\/\/informelitoral.com.ar\/#organization"},"image":{"@id":"https:\/\/informelitoral.com.ar\/analizaron-obras-viales-en-ejecucion-en-el-departamento-diamante\/#primaryimage"},"thumbnailUrl":"https:\/\/informelitoral.com.ar\/%77%70%2d%63%6f%6e%74%65%6e%74\/uploads\/2022\/02\/p_1644262327-1.jpg","keywords":["Claudia Gieco","DPV","Obras de pavimentaci\u00f3n"],"articleSection":["Departamento Diamante"],"inLanguage":"es","potentialAction":[{"@type":"CommentAction","name":"Comment","target":["https:\/\/informelitoral.com.ar\/analizaron-obras-viales-en-ejecucion-en-el-departamento-diamante\/#respond"]}]},{"@type":"WebPage","@id":"https:\/\/informelitoral.com.ar\/analizaron-obras-viales-en-ejecucion-en-el-departamento-diamante\/","url":"https:\/\/informelitoral.com.ar\/analizaron-obras-viales-en-ejecucion-en-el-departamento-diamante\/","name":"Analizaron obras viales en ejecuci\u00f3n en el departamento Diamante - Informe Litoral","isPartOf":{"@id":"https:\/\/informelitoral.com.ar\/#website"},"primaryImageOfPage":{"@id":"https:\/\/informelitoral.com.ar\/analizaron-obras-viales-en-ejecucion-en-el-departamento-diamante\/#primaryimage"},"image":{"@id":"https:\/\/informelitoral.com.ar\/analizaron-obras-viales-en-ejecucion-en-el-departamento-diamante\/#primaryimage"},"thumbnailUrl":"https:\/\/informelitoral.com.ar\/%77%70%2d%63%6f%6e%74%65%6e%74\/uploads\/2022\/02\/p_1644262327-1.jpg","datePublished":"2022-02-09T20:14:02+00:00","breadcrumb":{"@id":"https:\/\/informelitoral.com.ar\/analizaron-obras-viales-en-ejecucion-en-el-departamento-diamante\/#breadcrumb"},"inLanguage":"es","potentialAction":[{"@type":"ReadAction","target":["https:\/\/informelitoral.com.ar\/analizaron-obras-viales-en-ejecucion-en-el-departamento-diamante\/"]}]},{"@type":"ImageObject","inLanguage":"es","@id":"https:\/\/informelitoral.com.ar\/analizaron-obras-viales-en-ejecucion-en-el-departamento-diamante\/#primaryimage","url":"https:\/\/informelitoral.com.ar\/%77%70%2d%63%6f%6e%74%65%6e%74\/uploads\/2022\/02\/p_1644262327-1.jpg","contentUrl":"https:\/\/informelitoral.com.ar\/%77%70%2d%63%6f%6e%74%65%6e%74\/uploads\/2022\/02\/p_1644262327-1.jpg","width":1920,"height":800},{"@type":"BreadcrumbList","@id":"https:\/\/informelitoral.com.ar\/analizaron-obras-viales-en-ejecucion-en-el-departamento-diamante\/#breadcrumb","itemListElement":[{"@type":"ListItem","position":1,"name":"Portada","item":"https:\/\/informelitoral.com.ar\/"},{"@type":"ListItem","position":2,"name":"Analizaron obras viales en ejecuci\u00f3n en el departamento Diamante"}]},{"@type":"WebSite","@id":"https:\/\/informelitoral.com.ar\/#website","url":"https:\/\/informelitoral.com.ar\/","name":"Informe Litoral","description":"&quot;Nos informamos&quot; ","publisher":{"@id":"https:\/\/informelitoral.com.ar\/#organization"},"potentialAction":[{"@type":"SearchAction","target":{"@type":"EntryPoint","urlTemplate":"https:\/\/informelitoral.com.ar\/?s={search_term_string}"},"query-input":{"@type":"PropertyValueSpecification","valueRequired":true,"valueName":"search_term_string"}}],"inLanguage":"es"},{"@type":"Organization","@id":"https:\/\/informelitoral.com.ar\/#organization","name":"Informe Litoral","url":"https:\/\/informelitoral.com.ar\/","logo":{"@type":"ImageObject","inLanguage":"es","@id":"https:\/\/informelitoral.com.ar\/#\/schema\/logo\/image\/","url":"https:\/\/informelitoral.com.ar\/%77%70%2d%63%6f%6e%74%65%6e%74\/uploads\/2021\/01\/circulo.png","contentUrl":"https:\/\/informelitoral.com.ar\/%77%70%2d%63%6f%6e%74%65%6e%74\/uploads\/2021\/01\/circulo.png","width":723,"height":731,"caption":"Informe Litoral"},"image":{"@id":"https:\/\/informelitoral.com.ar\/#\/schema\/logo\/image\/"},"sameAs":["https:\/\/www.facebook.com\/informelitoral\/","https:\/\/x.com\/InformeLitoral","https:\/\/www.instagram.com\/informelitoral\/","https:\/\/www.youtube.com\/channel\/UCua4Qvz8Icb6MYqhoq9xLXw"]},{"@type":"Person","@id":"https:\/\/informelitoral.com.ar\/#\/schema\/person\/f05f9f461677119578717524b127d6d5","name":"Sebastian","image":{"@type":"ImageObject","inLanguage":"es","@id":"https:\/\/secure.gravatar.com\/avatar\/b71bf7481d447dfb9583c7f2798e7cc64de6efb9067b74633ed8c31059a3bd82?s=96&d=mm&r=g","url":"https:\/\/secure.gravatar.com\/avatar\/b71bf7481d447dfb9583c7f2798e7cc64de6efb9067b74633ed8c31059a3bd82?s=96&d=mm&r=g","contentUrl":"https:\/\/secure.gravatar.com\/avatar\/b71bf7481d447dfb9583c7f2798e7cc64de6efb9067b74633ed8c31059a3bd82?s=96&d=mm&r=g","caption":"Sebastian"},"url":"https:\/\/informelitoral.com.ar\/author\/sebastian\/"}]}},"_links":{"self":[{"href":"https:\/\/informelitoral.com.ar\/%77%70%2d%6a%73%6f%6e\/wp\/v2\/posts\/71573","targetHints":{"allow":["GET"]}}],"collection":[{"href":"https:\/\/informelitoral.com.ar\/%77%70%2d%6a%73%6f%6e\/wp\/v2\/posts"}],"about":[{"href":"https:\/\/informelitoral.com.ar\/%77%70%2d%6a%73%6f%6e\/wp\/v2\/types\/post"}],"author":[{"embeddable":true,"href":"https:\/\/informelitoral.com.ar\/%77%70%2d%6a%73%6f%6e\/wp\/v2\/users\/8"}],"replies":[{"embeddable":true,"href":"https:\/\/informelitoral.com.ar\/%77%70%2d%6a%73%6f%6e\/wp\/v2\/comments?post=71573"}],"version-history":[{"count":0,"href":"https:\/\/informelitoral.com.ar\/%77%70%2d%6a%73%6f%6e\/wp\/v2\/posts\/71573\/revisions"}],"wp:featuredmedia":[{"embeddable":true,"href":"https:\/\/informelitoral.com.ar\/%77%70%2d%6a%73%6f%6e\/wp\/v2\/media\/71574"}],"wp:attachment":[{"href":"https:\/\/informelitoral.com.ar\/%77%70%2d%6a%73%6f%6e\/wp\/v2\/media?parent=71573"}],"wp:term":[{"taxonomy":"category","embeddable":true,"href":"https:\/\/informelitoral.com.ar\/%77%70%2d%6a%73%6f%6e\/wp\/v2\/categories?post=71573"},{"taxonomy":"post_tag","embeddable":true,"href":"https:\/\/informelitoral.com.ar\/%77%70%2d%6a%73%6f%6e\/wp\/v2\/tags?post=71573"}],"curies":[{"name":"wp","href":"https:\/\/api.w.org\/{rel}","templated":true}]}}