{"id":71548,"date":"2022-02-09T10:51:49","date_gmt":"2022-02-09T13:51:49","guid":{"rendered":"https:\/\/www.informelitoral.com.ar\/?p=71548"},"modified":"2022-02-09T10:51:49","modified_gmt":"2022-02-09T13:51:49","slug":"berni-a-favor-de-despenalizar-la-marihuana-que-dijo","status":"publish","type":"post","link":"https:\/\/informelitoral.com.ar\/berni-a-favor-de-despenalizar-la-marihuana-que-dijo\/","title":{"rendered":"Berni a favor de despenalizar la marihuana: qu\u00e9 dijo"},"content":{"rendered":"<p>Sergio Berni, ministro de\u00a0Seguridad\u00a0de la provincia de Buenos Aires, habl\u00f3 sobre necesidad de estudiar la legalizaci\u00f3n del consumo y la comercializaci\u00f3n de todas las drogas. \u00abEn este momento hay que hablar de un flagelo que la realidad ha puesto a la luz nuevamente, que es el narcotr\u00e1fico, la adicci\u00f3n y las falencias que tenemos que superar en le mundo\u201d, manifest\u00f3.<\/p>\n<p>En ese sentido se\u00f1al\u00f3: \u201c<span id=\"saysCMSEmphasisi1rhw4xfe9l\" class=\"saysCMSEmphasis\">La marihuana va a ser el reemplazo natural del tabaco<\/span>\u201d y las autoridades deber\u00edan centrar su trabajo en pol\u00edticas de prevenci\u00f3n y rehabilitaci\u00f3n, cuestiones \u201cpendientes en la Argentina\u201d, dijo en d\u00e1logo con<em>\u00a0C5N<\/em>. \u201c<span id=\"saysCMSEmphasisw01bq4x88y\" class=\"saysCMSEmphasis\">Los argentinos tenemos que discutir nuevos paradigmas y buscar las mejores pol\u00edticas p\u00fablicas para luchar contra el narcotr\u00e1fico, porque evidentemente las pol\u00edticas de lucha contra el narcotr\u00e1fico han fracasado en el mundo<\/span>\u201d, subray\u00f3.<\/p>\n<p>Sobre la coca\u00edna adulterada, Berni manifest\u00f3 que: \u201c<span id=\"saysCMSEmphasispr277c4k9m\" class=\"saysCMSEmphasis\">La droga fue extremadamente letal<\/span>\u201d, y agreg\u00f3: \u201cHablamos con las v\u00edctimas y refieren que, en cuesti\u00f3n de minutos, ya sent\u00edan que se mor\u00edan\u201d. Asimismo, el ministro precis\u00f3 que se trataba de una droga de \u201cmuy, muy, muy baja calidad\u201d. \u201c<span id=\"saysCMSEmphasisol0zlfgjtk9\" class=\"saysCMSEmphasis\">Una dosis de esa droga vale m\u00e1s barato que una botellita de gaseosa que compre en cualquier estaci\u00f3n de servicio<\/span>\u201d, argument\u00f3.<\/p>\n<p>Adem\u00e1s, cont\u00f3 que secuestraron 25 mil dosis y lanz\u00f3: \u201cTengo la plena certeza y s\u00e9, casi con seguridad, donde hay remanente de eso y estoy peleando con la Justicia para que me habilite el allanamiento, aunque parezca mentira. Solamente en la Argentina pasan estas cosas. La Justicia todav\u00eda no lo resolvi\u00f3. Se tiran la pelota unos a otros y esa droga ma\u00f1ana podr\u00eda estar vendida. Estamos haciendo todo lo posible para que no\u201d. Y a\u00f1adi\u00f3 \u201cEsta es la locura en la que vivimos todos los d\u00edas\u201d.(<em>Minuto Uno<\/em>)<\/p>\n","protected":false},"excerpt":{"rendered":"<p>El ministro de Seguridad de la provincia de Buenos Aires, Sergio Berni, reclam\u00f3 \u00abcambiar el paradigma de la lucha contra el narcotr\u00e1fico\u00bb.<\/p>\n","protected":false},"author":8,"featured_media":71549,"comment_status":"open","ping_status":"open","sticky":false,"template":"","format":"standard","meta":{"fifu_image_url":"","fifu_image_alt":"","footnotes":""},"categories":[16],"tags":[558,265],"class_list":{"0":"post-71548","1":"post","2":"type-post","3":"status-publish","4":"format-standard","5":"has-post-thumbnail","7":"category-politi","8":"tag-narcotrafico","9":"tag-seguridad"},"yoast_head":"<title>Berni a favor de despenalizar la marihuana: qu\u00e9 dijo - Informe Litoral<\/title>\n<meta name=\"robots\" content=\"index, follow, max-snippet:-1, max-image-preview:large, max-video-preview:-1\" \/>\n<link rel=\"canonical\" href=\"https:\/\/informelitoral.com.ar\/berni-a-favor-de-despenalizar-la-marihuana-que-dijo\/\" \/>\n<meta property=\"og:locale\" content=\"es_ES\" \/>\n<meta property=\"og:type\" content=\"article\" \/>\n<meta property=\"og:title\" content=\"Berni a favor de despenalizar la marihuana: qu\u00e9 dijo - Informe Litoral\" \/>\n<meta property=\"og:description\" content=\"El ministro de Seguridad de la provincia de Buenos Aires, Sergio Berni, reclam\u00f3 &quot;cambiar el paradigma de la lucha contra el narcotr\u00e1fico&quot;.\" \/>\n<meta property=\"og:url\" content=\"https:\/\/informelitoral.com.ar\/berni-a-favor-de-despenalizar-la-marihuana-que-dijo\/\" \/>\n<meta property=\"og:site_name\" content=\"Informe Litoral\" \/>\n<meta property=\"article:publisher\" content=\"https:\/\/www.facebook.com\/informelitoral\/\" \/>\n<meta property=\"article:published_time\" content=\"2022-02-09T13:51:49+00:00\" \/>\n<meta property=\"og:image\" content=\"https:\/\/informelitoral.com.ar\/%77%70%2d%63%6f%6e%74%65%6e%74\/uploads\/2022\/02\/sergio-berni-702x459-1.png\" \/>\n\t<meta property=\"og:image:width\" content=\"702\" \/>\n\t<meta property=\"og:image:height\" content=\"459\" \/>\n\t<meta property=\"og:image:type\" content=\"image\/png\" \/>\n<meta name=\"author\" content=\"Sebastian\" \/>\n<meta name=\"twitter:card\" content=\"summary_large_image\" \/>\n<meta name=\"twitter:creator\" content=\"@InformeLitoral\" \/>\n<meta name=\"twitter:site\" content=\"@InformeLitoral\" \/>\n<meta name=\"twitter:label1\" content=\"Escrito por\" \/>\n\t<meta name=\"twitter:data1\" content=\"Sebastian\" \/>\n\t<meta name=\"twitter:label2\" content=\"Tiempo de lectura\" \/>\n\t<meta name=\"twitter:data2\" content=\"2 minutos\" \/>\n<script type=\"application\/ld+json\" class=\"yoast-schema-graph\">{\"@context\":\"https:\\\/\\\/schema.org\",\"@graph\":[{\"@type\":\"Article\",\"@id\":\"https:\\\/\\\/informelitoral.com.ar\\\/berni-a-favor-de-despenalizar-la-marihuana-que-dijo\\\/#article\",\"isPartOf\":{\"@id\":\"https:\\\/\\\/informelitoral.com.ar\\\/berni-a-favor-de-despenalizar-la-marihuana-que-dijo\\\/\"},\"author\":{\"name\":\"Sebastian\",\"@id\":\"https:\\\/\\\/informelitoral.com.ar\\\/#\\\/schema\\\/person\\\/f05f9f461677119578717524b127d6d5\"},\"headline\":\"Berni a favor de despenalizar la marihuana: qu\u00e9 dijo\",\"datePublished\":\"2022-02-09T13:51:49+00:00\",\"mainEntityOfPage\":{\"@id\":\"https:\\\/\\\/informelitoral.com.ar\\\/berni-a-favor-de-despenalizar-la-marihuana-que-dijo\\\/\"},\"wordCount\":324,\"commentCount\":0,\"publisher\":{\"@id\":\"https:\\\/\\\/informelitoral.com.ar\\\/#organization\"},\"image\":{\"@id\":\"https:\\\/\\\/informelitoral.com.ar\\\/berni-a-favor-de-despenalizar-la-marihuana-que-dijo\\\/#primaryimage\"},\"thumbnailUrl\":\"https:\\\/\\\/informelitoral.com.ar\\\/%77%70%2d%63%6f%6e%74%65%6e%74\\\/uploads\\\/2022\\\/02\\\/sergio-berni-702x459-1.png\",\"keywords\":[\"Narcotr\u00e1fico\",\"Seguridad\"],\"articleSection\":[\"Politica\"],\"inLanguage\":\"es\",\"potentialAction\":[{\"@type\":\"CommentAction\",\"name\":\"Comment\",\"target\":[\"https:\\\/\\\/informelitoral.com.ar\\\/berni-a-favor-de-despenalizar-la-marihuana-que-dijo\\\/#respond\"]}]},{\"@type\":\"WebPage\",\"@id\":\"https:\\\/\\\/informelitoral.com.ar\\\/berni-a-favor-de-despenalizar-la-marihuana-que-dijo\\\/\",\"url\":\"https:\\\/\\\/informelitoral.com.ar\\\/berni-a-favor-de-despenalizar-la-marihuana-que-dijo\\\/\",\"name\":\"Berni a favor de despenalizar la marihuana: qu\u00e9 dijo - Informe Litoral\",\"isPartOf\":{\"@id\":\"https:\\\/\\\/informelitoral.com.ar\\\/#website\"},\"primaryImageOfPage\":{\"@id\":\"https:\\\/\\\/informelitoral.com.ar\\\/berni-a-favor-de-despenalizar-la-marihuana-que-dijo\\\/#primaryimage\"},\"image\":{\"@id\":\"https:\\\/\\\/informelitoral.com.ar\\\/berni-a-favor-de-despenalizar-la-marihuana-que-dijo\\\/#primaryimage\"},\"thumbnailUrl\":\"https:\\\/\\\/informelitoral.com.ar\\\/%77%70%2d%63%6f%6e%74%65%6e%74\\\/uploads\\\/2022\\\/02\\\/sergio-berni-702x459-1.png\",\"datePublished\":\"2022-02-09T13:51:49+00:00\",\"breadcrumb\":{\"@id\":\"https:\\\/\\\/informelitoral.com.ar\\\/berni-a-favor-de-despenalizar-la-marihuana-que-dijo\\\/#breadcrumb\"},\"inLanguage\":\"es\",\"potentialAction\":[{\"@type\":\"ReadAction\",\"target\":[\"https:\\\/\\\/informelitoral.com.ar\\\/berni-a-favor-de-despenalizar-la-marihuana-que-dijo\\\/\"]}]},{\"@type\":\"ImageObject\",\"inLanguage\":\"es\",\"@id\":\"https:\\\/\\\/informelitoral.com.ar\\\/berni-a-favor-de-despenalizar-la-marihuana-que-dijo\\\/#primaryimage\",\"url\":\"https:\\\/\\\/informelitoral.com.ar\\\/%77%70%2d%63%6f%6e%74%65%6e%74\\\/uploads\\\/2022\\\/02\\\/sergio-berni-702x459-1.png\",\"contentUrl\":\"https:\\\/\\\/informelitoral.com.ar\\\/%77%70%2d%63%6f%6e%74%65%6e%74\\\/uploads\\\/2022\\\/02\\\/sergio-berni-702x459-1.png\",\"width\":702,\"height\":459},{\"@type\":\"BreadcrumbList\",\"@id\":\"https:\\\/\\\/informelitoral.com.ar\\\/berni-a-favor-de-despenalizar-la-marihuana-que-dijo\\\/#breadcrumb\",\"itemListElement\":[{\"@type\":\"ListItem\",\"position\":1,\"name\":\"Portada\",\"item\":\"https:\\\/\\\/informelitoral.com.ar\\\/\"},{\"@type\":\"ListItem\",\"position\":2,\"name\":\"Berni a favor de despenalizar la marihuana: qu\u00e9 dijo\"}]},{\"@type\":\"WebSite\",\"@id\":\"https:\\\/\\\/informelitoral.com.ar\\\/#website\",\"url\":\"https:\\\/\\\/informelitoral.com.ar\\\/\",\"name\":\"Informe Litoral\",\"description\":\"&quot;Nos informamos&quot; \",\"publisher\":{\"@id\":\"https:\\\/\\\/informelitoral.com.ar\\\/#organization\"},\"potentialAction\":[{\"@type\":\"SearchAction\",\"target\":{\"@type\":\"EntryPoint\",\"urlTemplate\":\"https:\\\/\\\/informelitoral.com.ar\\\/?s={search_term_string}\"},\"query-input\":{\"@type\":\"PropertyValueSpecification\",\"valueRequired\":true,\"valueName\":\"search_term_string\"}}],\"inLanguage\":\"es\"},{\"@type\":\"Organization\",\"@id\":\"https:\\\/\\\/informelitoral.com.ar\\\/#organization\",\"name\":\"Informe Litoral\",\"url\":\"https:\\\/\\\/informelitoral.com.ar\\\/\",\"logo\":{\"@type\":\"ImageObject\",\"inLanguage\":\"es\",\"@id\":\"https:\\\/\\\/informelitoral.com.ar\\\/#\\\/schema\\\/logo\\\/image\\\/\",\"url\":\"https:\\\/\\\/informelitoral.com.ar\\\/%77%70%2d%63%6f%6e%74%65%6e%74\\\/uploads\\\/2021\\\/01\\\/circulo.png\",\"contentUrl\":\"https:\\\/\\\/informelitoral.com.ar\\\/%77%70%2d%63%6f%6e%74%65%6e%74\\\/uploads\\\/2021\\\/01\\\/circulo.png\",\"width\":723,\"height\":731,\"caption\":\"Informe Litoral\"},\"image\":{\"@id\":\"https:\\\/\\\/informelitoral.com.ar\\\/#\\\/schema\\\/logo\\\/image\\\/\"},\"sameAs\":[\"https:\\\/\\\/www.facebook.com\\\/informelitoral\\\/\",\"https:\\\/\\\/x.com\\\/InformeLitoral\",\"https:\\\/\\\/www.instagram.com\\\/informelitoral\\\/\",\"https:\\\/\\\/www.youtube.com\\\/channel\\\/UCua4Qvz8Icb6MYqhoq9xLXw\"]},{\"@type\":\"Person\",\"@id\":\"https:\\\/\\\/informelitoral.com.ar\\\/#\\\/schema\\\/person\\\/f05f9f461677119578717524b127d6d5\",\"name\":\"Sebastian\",\"image\":{\"@type\":\"ImageObject\",\"inLanguage\":\"es\",\"@id\":\"https:\\\/\\\/secure.gravatar.com\\\/avatar\\\/b71bf7481d447dfb9583c7f2798e7cc64de6efb9067b74633ed8c31059a3bd82?s=96&d=mm&r=g\",\"url\":\"https:\\\/\\\/secure.gravatar.com\\\/avatar\\\/b71bf7481d447dfb9583c7f2798e7cc64de6efb9067b74633ed8c31059a3bd82?s=96&d=mm&r=g\",\"contentUrl\":\"https:\\\/\\\/secure.gravatar.com\\\/avatar\\\/b71bf7481d447dfb9583c7f2798e7cc64de6efb9067b74633ed8c31059a3bd82?s=96&d=mm&r=g\",\"caption\":\"Sebastian\"},\"url\":\"https:\\\/\\\/informelitoral.com.ar\\\/author\\\/sebastian\\\/\"}]}<\/script>","yoast_head_json":{"title":"Berni a favor de despenalizar la marihuana: qu\u00e9 dijo - Informe Litoral","robots":{"index":"index","follow":"follow","max-snippet":"max-snippet:-1","max-image-preview":"max-image-preview:large","max-video-preview":"max-video-preview:-1"},"canonical":"https:\/\/informelitoral.com.ar\/berni-a-favor-de-despenalizar-la-marihuana-que-dijo\/","og_locale":"es_ES","og_type":"article","og_title":"Berni a favor de despenalizar la marihuana: qu\u00e9 dijo - Informe Litoral","og_description":"El ministro de Seguridad de la provincia de Buenos Aires, Sergio Berni, reclam\u00f3 \"cambiar el paradigma de la lucha contra el narcotr\u00e1fico\".","og_url":"https:\/\/informelitoral.com.ar\/berni-a-favor-de-despenalizar-la-marihuana-que-dijo\/","og_site_name":"Informe Litoral","article_publisher":"https:\/\/www.facebook.com\/informelitoral\/","article_published_time":"2022-02-09T13:51:49+00:00","og_image":[{"width":702,"height":459,"url":"https:\/\/informelitoral.com.ar\/%77%70%2d%63%6f%6e%74%65%6e%74\/uploads\/2022\/02\/sergio-berni-702x459-1.png","type":"image\/png"}],"author":"Sebastian","twitter_card":"summary_large_image","twitter_creator":"@InformeLitoral","twitter_site":"@InformeLitoral","twitter_misc":{"Escrito por":"Sebastian","Tiempo de lectura":"2 minutos"},"schema":{"@context":"https:\/\/schema.org","@graph":[{"@type":"Article","@id":"https:\/\/informelitoral.com.ar\/berni-a-favor-de-despenalizar-la-marihuana-que-dijo\/#article","isPartOf":{"@id":"https:\/\/informelitoral.com.ar\/berni-a-favor-de-despenalizar-la-marihuana-que-dijo\/"},"author":{"name":"Sebastian","@id":"https:\/\/informelitoral.com.ar\/#\/schema\/person\/f05f9f461677119578717524b127d6d5"},"headline":"Berni a favor de despenalizar la marihuana: qu\u00e9 dijo","datePublished":"2022-02-09T13:51:49+00:00","mainEntityOfPage":{"@id":"https:\/\/informelitoral.com.ar\/berni-a-favor-de-despenalizar-la-marihuana-que-dijo\/"},"wordCount":324,"commentCount":0,"publisher":{"@id":"https:\/\/informelitoral.com.ar\/#organization"},"image":{"@id":"https:\/\/informelitoral.com.ar\/berni-a-favor-de-despenalizar-la-marihuana-que-dijo\/#primaryimage"},"thumbnailUrl":"https:\/\/informelitoral.com.ar\/%77%70%2d%63%6f%6e%74%65%6e%74\/uploads\/2022\/02\/sergio-berni-702x459-1.png","keywords":["Narcotr\u00e1fico","Seguridad"],"articleSection":["Politica"],"inLanguage":"es","potentialAction":[{"@type":"CommentAction","name":"Comment","target":["https:\/\/informelitoral.com.ar\/berni-a-favor-de-despenalizar-la-marihuana-que-dijo\/#respond"]}]},{"@type":"WebPage","@id":"https:\/\/informelitoral.com.ar\/berni-a-favor-de-despenalizar-la-marihuana-que-dijo\/","url":"https:\/\/informelitoral.com.ar\/berni-a-favor-de-despenalizar-la-marihuana-que-dijo\/","name":"Berni a favor de despenalizar la marihuana: qu\u00e9 dijo - Informe Litoral","isPartOf":{"@id":"https:\/\/informelitoral.com.ar\/#website"},"primaryImageOfPage":{"@id":"https:\/\/informelitoral.com.ar\/berni-a-favor-de-despenalizar-la-marihuana-que-dijo\/#primaryimage"},"image":{"@id":"https:\/\/informelitoral.com.ar\/berni-a-favor-de-despenalizar-la-marihuana-que-dijo\/#primaryimage"},"thumbnailUrl":"https:\/\/informelitoral.com.ar\/%77%70%2d%63%6f%6e%74%65%6e%74\/uploads\/2022\/02\/sergio-berni-702x459-1.png","datePublished":"2022-02-09T13:51:49+00:00","breadcrumb":{"@id":"https:\/\/informelitoral.com.ar\/berni-a-favor-de-despenalizar-la-marihuana-que-dijo\/#breadcrumb"},"inLanguage":"es","potentialAction":[{"@type":"ReadAction","target":["https:\/\/informelitoral.com.ar\/berni-a-favor-de-despenalizar-la-marihuana-que-dijo\/"]}]},{"@type":"ImageObject","inLanguage":"es","@id":"https:\/\/informelitoral.com.ar\/berni-a-favor-de-despenalizar-la-marihuana-que-dijo\/#primaryimage","url":"https:\/\/informelitoral.com.ar\/%77%70%2d%63%6f%6e%74%65%6e%74\/uploads\/2022\/02\/sergio-berni-702x459-1.png","contentUrl":"https:\/\/informelitoral.com.ar\/%77%70%2d%63%6f%6e%74%65%6e%74\/uploads\/2022\/02\/sergio-berni-702x459-1.png","width":702,"height":459},{"@type":"BreadcrumbList","@id":"https:\/\/informelitoral.com.ar\/berni-a-favor-de-despenalizar-la-marihuana-que-dijo\/#breadcrumb","itemListElement":[{"@type":"ListItem","position":1,"name":"Portada","item":"https:\/\/informelitoral.com.ar\/"},{"@type":"ListItem","position":2,"name":"Berni a favor de despenalizar la marihuana: qu\u00e9 dijo"}]},{"@type":"WebSite","@id":"https:\/\/informelitoral.com.ar\/#website","url":"https:\/\/informelitoral.com.ar\/","name":"Informe Litoral","description":"&quot;Nos informamos&quot; ","publisher":{"@id":"https:\/\/informelitoral.com.ar\/#organization"},"potentialAction":[{"@type":"SearchAction","target":{"@type":"EntryPoint","urlTemplate":"https:\/\/informelitoral.com.ar\/?s={search_term_string}"},"query-input":{"@type":"PropertyValueSpecification","valueRequired":true,"valueName":"search_term_string"}}],"inLanguage":"es"},{"@type":"Organization","@id":"https:\/\/informelitoral.com.ar\/#organization","name":"Informe Litoral","url":"https:\/\/informelitoral.com.ar\/","logo":{"@type":"ImageObject","inLanguage":"es","@id":"https:\/\/informelitoral.com.ar\/#\/schema\/logo\/image\/","url":"https:\/\/informelitoral.com.ar\/%77%70%2d%63%6f%6e%74%65%6e%74\/uploads\/2021\/01\/circulo.png","contentUrl":"https:\/\/informelitoral.com.ar\/%77%70%2d%63%6f%6e%74%65%6e%74\/uploads\/2021\/01\/circulo.png","width":723,"height":731,"caption":"Informe Litoral"},"image":{"@id":"https:\/\/informelitoral.com.ar\/#\/schema\/logo\/image\/"},"sameAs":["https:\/\/www.facebook.com\/informelitoral\/","https:\/\/x.com\/InformeLitoral","https:\/\/www.instagram.com\/informelitoral\/","https:\/\/www.youtube.com\/channel\/UCua4Qvz8Icb6MYqhoq9xLXw"]},{"@type":"Person","@id":"https:\/\/informelitoral.com.ar\/#\/schema\/person\/f05f9f461677119578717524b127d6d5","name":"Sebastian","image":{"@type":"ImageObject","inLanguage":"es","@id":"https:\/\/secure.gravatar.com\/avatar\/b71bf7481d447dfb9583c7f2798e7cc64de6efb9067b74633ed8c31059a3bd82?s=96&d=mm&r=g","url":"https:\/\/secure.gravatar.com\/avatar\/b71bf7481d447dfb9583c7f2798e7cc64de6efb9067b74633ed8c31059a3bd82?s=96&d=mm&r=g","contentUrl":"https:\/\/secure.gravatar.com\/avatar\/b71bf7481d447dfb9583c7f2798e7cc64de6efb9067b74633ed8c31059a3bd82?s=96&d=mm&r=g","caption":"Sebastian"},"url":"https:\/\/informelitoral.com.ar\/author\/sebastian\/"}]}},"_links":{"self":[{"href":"https:\/\/informelitoral.com.ar\/%77%70%2d%6a%73%6f%6e\/wp\/v2\/posts\/71548","targetHints":{"allow":["GET"]}}],"collection":[{"href":"https:\/\/informelitoral.com.ar\/%77%70%2d%6a%73%6f%6e\/wp\/v2\/posts"}],"about":[{"href":"https:\/\/informelitoral.com.ar\/%77%70%2d%6a%73%6f%6e\/wp\/v2\/types\/post"}],"author":[{"embeddable":true,"href":"https:\/\/informelitoral.com.ar\/%77%70%2d%6a%73%6f%6e\/wp\/v2\/users\/8"}],"replies":[{"embeddable":true,"href":"https:\/\/informelitoral.com.ar\/%77%70%2d%6a%73%6f%6e\/wp\/v2\/comments?post=71548"}],"version-history":[{"count":0,"href":"https:\/\/informelitoral.com.ar\/%77%70%2d%6a%73%6f%6e\/wp\/v2\/posts\/71548\/revisions"}],"wp:featuredmedia":[{"embeddable":true,"href":"https:\/\/informelitoral.com.ar\/%77%70%2d%6a%73%6f%6e\/wp\/v2\/media\/71549"}],"wp:attachment":[{"href":"https:\/\/informelitoral.com.ar\/%77%70%2d%6a%73%6f%6e\/wp\/v2\/media?parent=71548"}],"wp:term":[{"taxonomy":"category","embeddable":true,"href":"https:\/\/informelitoral.com.ar\/%77%70%2d%6a%73%6f%6e\/wp\/v2\/categories?post=71548"},{"taxonomy":"post_tag","embeddable":true,"href":"https:\/\/informelitoral.com.ar\/%77%70%2d%6a%73%6f%6e\/wp\/v2\/tags?post=71548"}],"curies":[{"name":"wp","href":"https:\/\/api.w.org\/{rel}","templated":true}]}}