{"id":71542,"date":"2022-02-09T10:03:39","date_gmt":"2022-02-09T13:03:39","guid":{"rendered":"https:\/\/www.informelitoral.com.ar\/?p=71542"},"modified":"2022-02-09T10:10:46","modified_gmt":"2022-02-09T13:10:46","slug":"avanzan-en-la-elaboracion-de-un-convenio-de-trabajo-entre-vialidad-y-el-consejo-general-de-educacion","status":"publish","type":"post","link":"https:\/\/informelitoral.com.ar\/avanzan-en-la-elaboracion-de-un-convenio-de-trabajo-entre-vialidad-y-el-consejo-general-de-educacion\/","title":{"rendered":"Avanzan en la elaboraci\u00f3n de un convenio de trabajo entre Vialidad y el Consejo General de Educaci\u00f3n"},"content":{"rendered":"<p>\u201cUna reuni\u00f3n donde pudimos dialogar y programar futuras tareas en cuanto al inicio del ciclo lectivo en el pr\u00f3ximo mes de marzo\u201d, declar\u00f3 M\u00fcller. A lo que agreg\u00f3: \u201cLa idea es trabajar sobre un convenio de colaboraci\u00f3n que plasme concretamente las tareas que realiza la DPV con nuestras escuelas de la provincia\u201d.<\/p>\n<p>En cuanto a las pr\u00f3ximas actividades, el presidente del Consejo expres\u00f3: \u201cHoy tenemos una necesidad especifica que es el reparto de insumos de bioseguridad a nuestras escuelas que lo va a realizar la DPV y lo estaremos ejecutando antes del comienzo de clases. Venimos sosteniendo una l\u00f3gica de trabajo integral con todas las \u00e1reas de gobierno que es la impronta por la cual nuestro gobernador, Gustavo Bordet, nos demanda para que trabajemos\u201d.<\/p>\n<p>Por \u00faltimo, en relaci\u00f3n a las campa\u00f1as de concientizaci\u00f3n vial que se realizan desde la DPV, el presidente remarc\u00f3: \u201cNos llevamos esa propuesta que nos pareci\u00f3 m\u00e1s que interesante porque ser\u00eda abordar de manera focalizada en aquellas instituciones educativas donde el progreso y el trabajo en conjunto del estado les va a cambiar la vida y nos parece importante llegar con educaci\u00f3n para la prevenci\u00f3n y educaci\u00f3n vial\u201d.<\/p>\n<p>Participaron del encuentro el secretario Coordinador T\u00e9cnico de Vialidad Provincial, Miguel Feltes; el director de Mantenimiento, Horacio Hippolito; la Coordinadora General de la Direcci\u00f3n de Asuntos Jur\u00eddicos, B\u00e1rbara Schroeder y el Coordinador de Planes y Programas para Infraestructura Escolar del CGE, Pablo Chapado.<\/p>\n","protected":false},"excerpt":{"rendered":"<p>Proyectan trabajos mancomunados Direcci\u00f3n Provincial de Vialidad (DPV) y Consejo General de Educaci\u00f3n (CGE) de cara al inicio del pr\u00f3ximo ciclo lectivo en la provincia. Fue durante un encuentro de trabajo que mantuvo la directora de DPV, Alicia Ben\u00edtez, y el titular del CGE, Mart\u00edn M\u00fcller.<\/p>\n","protected":false},"author":8,"featured_media":71543,"comment_status":"open","ping_status":"open","sticky":false,"template":"","format":"standard","meta":{"fifu_image_url":"","fifu_image_alt":"","footnotes":""},"categories":[6],"tags":[1758,3119,108],"class_list":{"0":"post-71542","1":"post","2":"type-post","3":"status-publish","4":"format-standard","5":"has-post-thumbnail","7":"category-entre-rios","8":"tag-consejo-general-de-educacion","9":"tag-convenio","10":"tag-vialidad"},"yoast_head":"<title>Avanzan en la elaboraci\u00f3n de un convenio de trabajo entre Vialidad y el Consejo General de Educaci\u00f3n - Informe Litoral<\/title>\n<meta name=\"robots\" content=\"index, follow, max-snippet:-1, max-image-preview:large, max-video-preview:-1\" \/>\n<link rel=\"canonical\" href=\"https:\/\/informelitoral.com.ar\/avanzan-en-la-elaboracion-de-un-convenio-de-trabajo-entre-vialidad-y-el-consejo-general-de-educacion\/\" \/>\n<meta property=\"og:locale\" content=\"es_ES\" \/>\n<meta property=\"og:type\" content=\"article\" \/>\n<meta property=\"og:title\" content=\"Avanzan en la elaboraci\u00f3n de un convenio de trabajo entre Vialidad y el Consejo General de Educaci\u00f3n - Informe Litoral\" \/>\n<meta property=\"og:description\" content=\"Proyectan trabajos mancomunados Direcci\u00f3n Provincial de Vialidad (DPV) y Consejo General de Educaci\u00f3n (CGE) de cara al inicio del pr\u00f3ximo ciclo lectivo en la provincia. Fue durante un encuentro de trabajo que mantuvo la directora de DPV, Alicia Ben\u00edtez, y el titular del CGE, Mart\u00edn M\u00fcller.\" \/>\n<meta property=\"og:url\" content=\"https:\/\/informelitoral.com.ar\/avanzan-en-la-elaboracion-de-un-convenio-de-trabajo-entre-vialidad-y-el-consejo-general-de-educacion\/\" \/>\n<meta property=\"og:site_name\" content=\"Informe Litoral\" \/>\n<meta property=\"article:publisher\" content=\"https:\/\/www.facebook.com\/informelitoral\/\" \/>\n<meta property=\"article:published_time\" content=\"2022-02-09T13:03:39+00:00\" \/>\n<meta property=\"article:modified_time\" content=\"2022-02-09T13:10:46+00:00\" \/>\n<meta property=\"og:image\" content=\"https:\/\/informelitoral.com.ar\/%77%70%2d%63%6f%6e%74%65%6e%74\/uploads\/2022\/02\/p_1644402447.jpg\" \/>\n\t<meta property=\"og:image:width\" content=\"1920\" \/>\n\t<meta property=\"og:image:height\" content=\"800\" \/>\n\t<meta property=\"og:image:type\" content=\"image\/jpeg\" \/>\n<meta name=\"author\" content=\"Sebastian\" \/>\n<meta name=\"twitter:card\" content=\"summary_large_image\" \/>\n<meta name=\"twitter:creator\" content=\"@InformeLitoral\" \/>\n<meta name=\"twitter:site\" content=\"@InformeLitoral\" \/>\n<meta name=\"twitter:label1\" content=\"Escrito por\" \/>\n\t<meta name=\"twitter:data1\" content=\"Sebastian\" \/>\n\t<meta name=\"twitter:label2\" content=\"Tiempo de lectura\" \/>\n\t<meta name=\"twitter:data2\" content=\"1 minuto\" \/>\n<script type=\"application\/ld+json\" class=\"yoast-schema-graph\">{\"@context\":\"https:\\\/\\\/schema.org\",\"@graph\":[{\"@type\":\"Article\",\"@id\":\"https:\\\/\\\/informelitoral.com.ar\\\/avanzan-en-la-elaboracion-de-un-convenio-de-trabajo-entre-vialidad-y-el-consejo-general-de-educacion\\\/#article\",\"isPartOf\":{\"@id\":\"https:\\\/\\\/informelitoral.com.ar\\\/avanzan-en-la-elaboracion-de-un-convenio-de-trabajo-entre-vialidad-y-el-consejo-general-de-educacion\\\/\"},\"author\":{\"name\":\"Sebastian\",\"@id\":\"https:\\\/\\\/informelitoral.com.ar\\\/#\\\/schema\\\/person\\\/f05f9f461677119578717524b127d6d5\"},\"headline\":\"Avanzan en la elaboraci\u00f3n de un convenio de trabajo entre Vialidad y el Consejo General de Educaci\u00f3n\",\"datePublished\":\"2022-02-09T13:03:39+00:00\",\"dateModified\":\"2022-02-09T13:10:46+00:00\",\"mainEntityOfPage\":{\"@id\":\"https:\\\/\\\/informelitoral.com.ar\\\/avanzan-en-la-elaboracion-de-un-convenio-de-trabajo-entre-vialidad-y-el-consejo-general-de-educacion\\\/\"},\"wordCount\":272,\"commentCount\":0,\"publisher\":{\"@id\":\"https:\\\/\\\/informelitoral.com.ar\\\/#organization\"},\"image\":{\"@id\":\"https:\\\/\\\/informelitoral.com.ar\\\/avanzan-en-la-elaboracion-de-un-convenio-de-trabajo-entre-vialidad-y-el-consejo-general-de-educacion\\\/#primaryimage\"},\"thumbnailUrl\":\"https:\\\/\\\/informelitoral.com.ar\\\/%77%70%2d%63%6f%6e%74%65%6e%74\\\/uploads\\\/2022\\\/02\\\/p_1644402447.jpg\",\"keywords\":[\"Consejo General de Educaci\u00f3n\",\"Convenio\",\"Vialidad\"],\"articleSection\":[\"Entre R\u00edos\"],\"inLanguage\":\"es\",\"potentialAction\":[{\"@type\":\"CommentAction\",\"name\":\"Comment\",\"target\":[\"https:\\\/\\\/informelitoral.com.ar\\\/avanzan-en-la-elaboracion-de-un-convenio-de-trabajo-entre-vialidad-y-el-consejo-general-de-educacion\\\/#respond\"]}]},{\"@type\":\"WebPage\",\"@id\":\"https:\\\/\\\/informelitoral.com.ar\\\/avanzan-en-la-elaboracion-de-un-convenio-de-trabajo-entre-vialidad-y-el-consejo-general-de-educacion\\\/\",\"url\":\"https:\\\/\\\/informelitoral.com.ar\\\/avanzan-en-la-elaboracion-de-un-convenio-de-trabajo-entre-vialidad-y-el-consejo-general-de-educacion\\\/\",\"name\":\"Avanzan en la elaboraci\u00f3n de un convenio de trabajo entre Vialidad y el Consejo General de Educaci\u00f3n - Informe Litoral\",\"isPartOf\":{\"@id\":\"https:\\\/\\\/informelitoral.com.ar\\\/#website\"},\"primaryImageOfPage\":{\"@id\":\"https:\\\/\\\/informelitoral.com.ar\\\/avanzan-en-la-elaboracion-de-un-convenio-de-trabajo-entre-vialidad-y-el-consejo-general-de-educacion\\\/#primaryimage\"},\"image\":{\"@id\":\"https:\\\/\\\/informelitoral.com.ar\\\/avanzan-en-la-elaboracion-de-un-convenio-de-trabajo-entre-vialidad-y-el-consejo-general-de-educacion\\\/#primaryimage\"},\"thumbnailUrl\":\"https:\\\/\\\/informelitoral.com.ar\\\/%77%70%2d%63%6f%6e%74%65%6e%74\\\/uploads\\\/2022\\\/02\\\/p_1644402447.jpg\",\"datePublished\":\"2022-02-09T13:03:39+00:00\",\"dateModified\":\"2022-02-09T13:10:46+00:00\",\"breadcrumb\":{\"@id\":\"https:\\\/\\\/informelitoral.com.ar\\\/avanzan-en-la-elaboracion-de-un-convenio-de-trabajo-entre-vialidad-y-el-consejo-general-de-educacion\\\/#breadcrumb\"},\"inLanguage\":\"es\",\"potentialAction\":[{\"@type\":\"ReadAction\",\"target\":[\"https:\\\/\\\/informelitoral.com.ar\\\/avanzan-en-la-elaboracion-de-un-convenio-de-trabajo-entre-vialidad-y-el-consejo-general-de-educacion\\\/\"]}]},{\"@type\":\"ImageObject\",\"inLanguage\":\"es\",\"@id\":\"https:\\\/\\\/informelitoral.com.ar\\\/avanzan-en-la-elaboracion-de-un-convenio-de-trabajo-entre-vialidad-y-el-consejo-general-de-educacion\\\/#primaryimage\",\"url\":\"https:\\\/\\\/informelitoral.com.ar\\\/%77%70%2d%63%6f%6e%74%65%6e%74\\\/uploads\\\/2022\\\/02\\\/p_1644402447.jpg\",\"contentUrl\":\"https:\\\/\\\/informelitoral.com.ar\\\/%77%70%2d%63%6f%6e%74%65%6e%74\\\/uploads\\\/2022\\\/02\\\/p_1644402447.jpg\",\"width\":1920,\"height\":800},{\"@type\":\"BreadcrumbList\",\"@id\":\"https:\\\/\\\/informelitoral.com.ar\\\/avanzan-en-la-elaboracion-de-un-convenio-de-trabajo-entre-vialidad-y-el-consejo-general-de-educacion\\\/#breadcrumb\",\"itemListElement\":[{\"@type\":\"ListItem\",\"position\":1,\"name\":\"Portada\",\"item\":\"https:\\\/\\\/informelitoral.com.ar\\\/\"},{\"@type\":\"ListItem\",\"position\":2,\"name\":\"Avanzan en la elaboraci\u00f3n de un convenio de trabajo entre Vialidad y el Consejo General de Educaci\u00f3n\"}]},{\"@type\":\"WebSite\",\"@id\":\"https:\\\/\\\/informelitoral.com.ar\\\/#website\",\"url\":\"https:\\\/\\\/informelitoral.com.ar\\\/\",\"name\":\"Informe Litoral\",\"description\":\"&quot;Nos informamos&quot; \",\"publisher\":{\"@id\":\"https:\\\/\\\/informelitoral.com.ar\\\/#organization\"},\"potentialAction\":[{\"@type\":\"SearchAction\",\"target\":{\"@type\":\"EntryPoint\",\"urlTemplate\":\"https:\\\/\\\/informelitoral.com.ar\\\/?s={search_term_string}\"},\"query-input\":{\"@type\":\"PropertyValueSpecification\",\"valueRequired\":true,\"valueName\":\"search_term_string\"}}],\"inLanguage\":\"es\"},{\"@type\":\"Organization\",\"@id\":\"https:\\\/\\\/informelitoral.com.ar\\\/#organization\",\"name\":\"Informe Litoral\",\"url\":\"https:\\\/\\\/informelitoral.com.ar\\\/\",\"logo\":{\"@type\":\"ImageObject\",\"inLanguage\":\"es\",\"@id\":\"https:\\\/\\\/informelitoral.com.ar\\\/#\\\/schema\\\/logo\\\/image\\\/\",\"url\":\"https:\\\/\\\/informelitoral.com.ar\\\/%77%70%2d%63%6f%6e%74%65%6e%74\\\/uploads\\\/2021\\\/01\\\/circulo.png\",\"contentUrl\":\"https:\\\/\\\/informelitoral.com.ar\\\/%77%70%2d%63%6f%6e%74%65%6e%74\\\/uploads\\\/2021\\\/01\\\/circulo.png\",\"width\":723,\"height\":731,\"caption\":\"Informe Litoral\"},\"image\":{\"@id\":\"https:\\\/\\\/informelitoral.com.ar\\\/#\\\/schema\\\/logo\\\/image\\\/\"},\"sameAs\":[\"https:\\\/\\\/www.facebook.com\\\/informelitoral\\\/\",\"https:\\\/\\\/x.com\\\/InformeLitoral\",\"https:\\\/\\\/www.instagram.com\\\/informelitoral\\\/\",\"https:\\\/\\\/www.youtube.com\\\/channel\\\/UCua4Qvz8Icb6MYqhoq9xLXw\"]},{\"@type\":\"Person\",\"@id\":\"https:\\\/\\\/informelitoral.com.ar\\\/#\\\/schema\\\/person\\\/f05f9f461677119578717524b127d6d5\",\"name\":\"Sebastian\",\"image\":{\"@type\":\"ImageObject\",\"inLanguage\":\"es\",\"@id\":\"https:\\\/\\\/secure.gravatar.com\\\/avatar\\\/b71bf7481d447dfb9583c7f2798e7cc64de6efb9067b74633ed8c31059a3bd82?s=96&d=mm&r=g\",\"url\":\"https:\\\/\\\/secure.gravatar.com\\\/avatar\\\/b71bf7481d447dfb9583c7f2798e7cc64de6efb9067b74633ed8c31059a3bd82?s=96&d=mm&r=g\",\"contentUrl\":\"https:\\\/\\\/secure.gravatar.com\\\/avatar\\\/b71bf7481d447dfb9583c7f2798e7cc64de6efb9067b74633ed8c31059a3bd82?s=96&d=mm&r=g\",\"caption\":\"Sebastian\"},\"url\":\"https:\\\/\\\/informelitoral.com.ar\\\/author\\\/sebastian\\\/\"}]}<\/script>","yoast_head_json":{"title":"Avanzan en la elaboraci\u00f3n de un convenio de trabajo entre Vialidad y el Consejo General de Educaci\u00f3n - Informe Litoral","robots":{"index":"index","follow":"follow","max-snippet":"max-snippet:-1","max-image-preview":"max-image-preview:large","max-video-preview":"max-video-preview:-1"},"canonical":"https:\/\/informelitoral.com.ar\/avanzan-en-la-elaboracion-de-un-convenio-de-trabajo-entre-vialidad-y-el-consejo-general-de-educacion\/","og_locale":"es_ES","og_type":"article","og_title":"Avanzan en la elaboraci\u00f3n de un convenio de trabajo entre Vialidad y el Consejo General de Educaci\u00f3n - Informe Litoral","og_description":"Proyectan trabajos mancomunados Direcci\u00f3n Provincial de Vialidad (DPV) y Consejo General de Educaci\u00f3n (CGE) de cara al inicio del pr\u00f3ximo ciclo lectivo en la provincia. Fue durante un encuentro de trabajo que mantuvo la directora de DPV, Alicia Ben\u00edtez, y el titular del CGE, Mart\u00edn M\u00fcller.","og_url":"https:\/\/informelitoral.com.ar\/avanzan-en-la-elaboracion-de-un-convenio-de-trabajo-entre-vialidad-y-el-consejo-general-de-educacion\/","og_site_name":"Informe Litoral","article_publisher":"https:\/\/www.facebook.com\/informelitoral\/","article_published_time":"2022-02-09T13:03:39+00:00","article_modified_time":"2022-02-09T13:10:46+00:00","og_image":[{"width":1920,"height":800,"url":"https:\/\/informelitoral.com.ar\/%77%70%2d%63%6f%6e%74%65%6e%74\/uploads\/2022\/02\/p_1644402447.jpg","type":"image\/jpeg"}],"author":"Sebastian","twitter_card":"summary_large_image","twitter_creator":"@InformeLitoral","twitter_site":"@InformeLitoral","twitter_misc":{"Escrito por":"Sebastian","Tiempo de lectura":"1 minuto"},"schema":{"@context":"https:\/\/schema.org","@graph":[{"@type":"Article","@id":"https:\/\/informelitoral.com.ar\/avanzan-en-la-elaboracion-de-un-convenio-de-trabajo-entre-vialidad-y-el-consejo-general-de-educacion\/#article","isPartOf":{"@id":"https:\/\/informelitoral.com.ar\/avanzan-en-la-elaboracion-de-un-convenio-de-trabajo-entre-vialidad-y-el-consejo-general-de-educacion\/"},"author":{"name":"Sebastian","@id":"https:\/\/informelitoral.com.ar\/#\/schema\/person\/f05f9f461677119578717524b127d6d5"},"headline":"Avanzan en la elaboraci\u00f3n de un convenio de trabajo entre Vialidad y el Consejo General de Educaci\u00f3n","datePublished":"2022-02-09T13:03:39+00:00","dateModified":"2022-02-09T13:10:46+00:00","mainEntityOfPage":{"@id":"https:\/\/informelitoral.com.ar\/avanzan-en-la-elaboracion-de-un-convenio-de-trabajo-entre-vialidad-y-el-consejo-general-de-educacion\/"},"wordCount":272,"commentCount":0,"publisher":{"@id":"https:\/\/informelitoral.com.ar\/#organization"},"image":{"@id":"https:\/\/informelitoral.com.ar\/avanzan-en-la-elaboracion-de-un-convenio-de-trabajo-entre-vialidad-y-el-consejo-general-de-educacion\/#primaryimage"},"thumbnailUrl":"https:\/\/informelitoral.com.ar\/%77%70%2d%63%6f%6e%74%65%6e%74\/uploads\/2022\/02\/p_1644402447.jpg","keywords":["Consejo General de Educaci\u00f3n","Convenio","Vialidad"],"articleSection":["Entre R\u00edos"],"inLanguage":"es","potentialAction":[{"@type":"CommentAction","name":"Comment","target":["https:\/\/informelitoral.com.ar\/avanzan-en-la-elaboracion-de-un-convenio-de-trabajo-entre-vialidad-y-el-consejo-general-de-educacion\/#respond"]}]},{"@type":"WebPage","@id":"https:\/\/informelitoral.com.ar\/avanzan-en-la-elaboracion-de-un-convenio-de-trabajo-entre-vialidad-y-el-consejo-general-de-educacion\/","url":"https:\/\/informelitoral.com.ar\/avanzan-en-la-elaboracion-de-un-convenio-de-trabajo-entre-vialidad-y-el-consejo-general-de-educacion\/","name":"Avanzan en la elaboraci\u00f3n de un convenio de trabajo entre Vialidad y el Consejo General de Educaci\u00f3n - Informe Litoral","isPartOf":{"@id":"https:\/\/informelitoral.com.ar\/#website"},"primaryImageOfPage":{"@id":"https:\/\/informelitoral.com.ar\/avanzan-en-la-elaboracion-de-un-convenio-de-trabajo-entre-vialidad-y-el-consejo-general-de-educacion\/#primaryimage"},"image":{"@id":"https:\/\/informelitoral.com.ar\/avanzan-en-la-elaboracion-de-un-convenio-de-trabajo-entre-vialidad-y-el-consejo-general-de-educacion\/#primaryimage"},"thumbnailUrl":"https:\/\/informelitoral.com.ar\/%77%70%2d%63%6f%6e%74%65%6e%74\/uploads\/2022\/02\/p_1644402447.jpg","datePublished":"2022-02-09T13:03:39+00:00","dateModified":"2022-02-09T13:10:46+00:00","breadcrumb":{"@id":"https:\/\/informelitoral.com.ar\/avanzan-en-la-elaboracion-de-un-convenio-de-trabajo-entre-vialidad-y-el-consejo-general-de-educacion\/#breadcrumb"},"inLanguage":"es","potentialAction":[{"@type":"ReadAction","target":["https:\/\/informelitoral.com.ar\/avanzan-en-la-elaboracion-de-un-convenio-de-trabajo-entre-vialidad-y-el-consejo-general-de-educacion\/"]}]},{"@type":"ImageObject","inLanguage":"es","@id":"https:\/\/informelitoral.com.ar\/avanzan-en-la-elaboracion-de-un-convenio-de-trabajo-entre-vialidad-y-el-consejo-general-de-educacion\/#primaryimage","url":"https:\/\/informelitoral.com.ar\/%77%70%2d%63%6f%6e%74%65%6e%74\/uploads\/2022\/02\/p_1644402447.jpg","contentUrl":"https:\/\/informelitoral.com.ar\/%77%70%2d%63%6f%6e%74%65%6e%74\/uploads\/2022\/02\/p_1644402447.jpg","width":1920,"height":800},{"@type":"BreadcrumbList","@id":"https:\/\/informelitoral.com.ar\/avanzan-en-la-elaboracion-de-un-convenio-de-trabajo-entre-vialidad-y-el-consejo-general-de-educacion\/#breadcrumb","itemListElement":[{"@type":"ListItem","position":1,"name":"Portada","item":"https:\/\/informelitoral.com.ar\/"},{"@type":"ListItem","position":2,"name":"Avanzan en la elaboraci\u00f3n de un convenio de trabajo entre Vialidad y el Consejo General de Educaci\u00f3n"}]},{"@type":"WebSite","@id":"https:\/\/informelitoral.com.ar\/#website","url":"https:\/\/informelitoral.com.ar\/","name":"Informe Litoral","description":"&quot;Nos informamos&quot; ","publisher":{"@id":"https:\/\/informelitoral.com.ar\/#organization"},"potentialAction":[{"@type":"SearchAction","target":{"@type":"EntryPoint","urlTemplate":"https:\/\/informelitoral.com.ar\/?s={search_term_string}"},"query-input":{"@type":"PropertyValueSpecification","valueRequired":true,"valueName":"search_term_string"}}],"inLanguage":"es"},{"@type":"Organization","@id":"https:\/\/informelitoral.com.ar\/#organization","name":"Informe Litoral","url":"https:\/\/informelitoral.com.ar\/","logo":{"@type":"ImageObject","inLanguage":"es","@id":"https:\/\/informelitoral.com.ar\/#\/schema\/logo\/image\/","url":"https:\/\/informelitoral.com.ar\/%77%70%2d%63%6f%6e%74%65%6e%74\/uploads\/2021\/01\/circulo.png","contentUrl":"https:\/\/informelitoral.com.ar\/%77%70%2d%63%6f%6e%74%65%6e%74\/uploads\/2021\/01\/circulo.png","width":723,"height":731,"caption":"Informe Litoral"},"image":{"@id":"https:\/\/informelitoral.com.ar\/#\/schema\/logo\/image\/"},"sameAs":["https:\/\/www.facebook.com\/informelitoral\/","https:\/\/x.com\/InformeLitoral","https:\/\/www.instagram.com\/informelitoral\/","https:\/\/www.youtube.com\/channel\/UCua4Qvz8Icb6MYqhoq9xLXw"]},{"@type":"Person","@id":"https:\/\/informelitoral.com.ar\/#\/schema\/person\/f05f9f461677119578717524b127d6d5","name":"Sebastian","image":{"@type":"ImageObject","inLanguage":"es","@id":"https:\/\/secure.gravatar.com\/avatar\/b71bf7481d447dfb9583c7f2798e7cc64de6efb9067b74633ed8c31059a3bd82?s=96&d=mm&r=g","url":"https:\/\/secure.gravatar.com\/avatar\/b71bf7481d447dfb9583c7f2798e7cc64de6efb9067b74633ed8c31059a3bd82?s=96&d=mm&r=g","contentUrl":"https:\/\/secure.gravatar.com\/avatar\/b71bf7481d447dfb9583c7f2798e7cc64de6efb9067b74633ed8c31059a3bd82?s=96&d=mm&r=g","caption":"Sebastian"},"url":"https:\/\/informelitoral.com.ar\/author\/sebastian\/"}]}},"_links":{"self":[{"href":"https:\/\/informelitoral.com.ar\/%77%70%2d%6a%73%6f%6e\/wp\/v2\/posts\/71542","targetHints":{"allow":["GET"]}}],"collection":[{"href":"https:\/\/informelitoral.com.ar\/%77%70%2d%6a%73%6f%6e\/wp\/v2\/posts"}],"about":[{"href":"https:\/\/informelitoral.com.ar\/%77%70%2d%6a%73%6f%6e\/wp\/v2\/types\/post"}],"author":[{"embeddable":true,"href":"https:\/\/informelitoral.com.ar\/%77%70%2d%6a%73%6f%6e\/wp\/v2\/users\/8"}],"replies":[{"embeddable":true,"href":"https:\/\/informelitoral.com.ar\/%77%70%2d%6a%73%6f%6e\/wp\/v2\/comments?post=71542"}],"version-history":[{"count":0,"href":"https:\/\/informelitoral.com.ar\/%77%70%2d%6a%73%6f%6e\/wp\/v2\/posts\/71542\/revisions"}],"wp:featuredmedia":[{"embeddable":true,"href":"https:\/\/informelitoral.com.ar\/%77%70%2d%6a%73%6f%6e\/wp\/v2\/media\/71543"}],"wp:attachment":[{"href":"https:\/\/informelitoral.com.ar\/%77%70%2d%6a%73%6f%6e\/wp\/v2\/media?parent=71542"}],"wp:term":[{"taxonomy":"category","embeddable":true,"href":"https:\/\/informelitoral.com.ar\/%77%70%2d%6a%73%6f%6e\/wp\/v2\/categories?post=71542"},{"taxonomy":"post_tag","embeddable":true,"href":"https:\/\/informelitoral.com.ar\/%77%70%2d%6a%73%6f%6e\/wp\/v2\/tags?post=71542"}],"curies":[{"name":"wp","href":"https:\/\/api.w.org\/{rel}","templated":true}]}}