{"id":71526,"date":"2022-02-09T08:54:00","date_gmt":"2022-02-09T11:54:00","guid":{"rendered":"https:\/\/www.informelitoral.com.ar\/?p=71526"},"modified":"2022-02-09T08:54:00","modified_gmt":"2022-02-09T11:54:00","slug":"siguen-los-dias-despejados-con-mananas-frescas-cuando-desmejorara-el-tiempo","status":"publish","type":"post","link":"https:\/\/informelitoral.com.ar\/siguen-los-dias-despejados-con-mananas-frescas-cuando-desmejorara-el-tiempo\/","title":{"rendered":"Siguen los d\u00edas despejados con ma\u00f1anas frescas: cu\u00e1ndo desmejorar\u00e1 el tiempo"},"content":{"rendered":"<p>La persistencia de una masa de aire fr\u00edo en la regi\u00f3n, con altos valores de presi\u00f3n, ocasionan muy buenas condiciones meteorol\u00f3gicas en la zona.<br \/>\nSeg\u00fan se estima, las ma\u00f1anas continuar\u00edan con valores t\u00e9rmicos algo bajos y de sensaci\u00f3n t\u00e9rmica por acci\u00f3n del viento, estos valores no son habituales para la \u00e9poca del a\u00f1o, se\u00f1alan los especialistas.<\/p>\n<p>En cuanto a los pr\u00f3ximos d\u00edas, las temperaturas ir\u00edan aumentando significativamente con el correr de los d\u00edas, estim\u00e1ndose una situaci\u00f3n de intenso calor para la tarde del viernes, cuando el tiempo, comenzar\u00eda a presentar condiciones de inestabilidad en la regi\u00f3n.<\/p>\n<p>El desmejoramiento de las condiciones, se debe a la llegada a la regi\u00f3n de un sistema frontal aire fr\u00edo, produciendo lluvias y tormentas de variada intensidad, por el manifiesto descenso t\u00e9rmico posterior al pasaje frontal se generar\u00edan fuertes r\u00e1fagas de viento Sur, estim\u00f3 el Departamento de Meteorolog\u00eda de la Direcci\u00f3n Provincial de Defensa Civil.<\/p>\n<p>Asimismo, no se descarta la probable ocurrencia de alg\u00fan tipo de tormenta severa, dentro del territorio entrerriano. Sin embargo, la inestabilidad del tiempo, tender\u00eda a mejorar durante el fin de semana.<\/p>\n<h5><strong>El pron\u00f3stico<\/strong><\/h5>\n<p>Para este jueves, se pronostica buen tiempo, vientos d\u00e9biles del Noreste y ligeramente fresco por la ma\u00f1ana. El cielo se presentar\u00e1 despejado a muy poco nuboso y probabilidad de neblinas matinales principalmente sobre los departamentos del Este de la provincia. Luego, durante el d\u00eda, habr\u00e1 nubosidad en incremento.<\/p>\n<p>Vientos en aumento a regulares del Noreste y Norte. La tarde se presentar\u00e1 calurosa con alta sensaci\u00f3n t\u00e9rmica. La temperatura m\u00ednima tendr\u00e1 un leve incremento y m\u00e1xima en ascenso.<\/p>\n<p>La temperatura M\u00ednima pronosticada por el Servicio Meteorol\u00f3gico Nacional es de 19 grados. En tanto, la m\u00e1xima ascender\u00e1 hasta los 35 grados.<\/p>\n<p>En tanto, para este viernes el Departamento de Meteorolog\u00eda de la Direcci\u00f3n Provincial de Defensa Civil, pronostica cielo escasamente nuboso y luego por la ma\u00f1ana, nubosidad en incremento paulatino desde el Oeste de la regi\u00f3n.<\/p>\n<p>El tiempo seguir\u00e1 con altas temperaturas y alta sensaci\u00f3n t\u00e9rmica, con temperaturas que oscilar\u00e1n entre los 22 y los 34 grados.<\/p>\n<p>Durante la tarde, comenzar\u00e1 a desmejorar con el avance de la inestabilidad y la rotaci\u00f3n de los vientos moderados con r\u00e1fagas fuertes del Sudoeste y Sur. Habr\u00e1 probabilidad de chaparrones y tormentas de variada intensidad.<\/p>\n<p>Adem\u00e1s, se advierte de que los departamentos con mayor inestabilidad, ser\u00edan los del Oeste de la provincia. Continuar\u00eda la inestabilidad durante el d\u00eda s\u00e1bado.<\/p>\n<p>&nbsp;<\/p>\n","protected":false},"excerpt":{"rendered":"<p>Las ma\u00f1anas continuar\u00edan con valores t\u00e9rmicos algo bajos y de sensaci\u00f3n t\u00e9rmica por acci\u00f3n del viento. Pero la temperatura ascender\u00e1 y podr\u00eda llegar hasta los 34 grados. Se prev\u00e9 que las condiciones comiencen a desmejorar.<\/p>\n","protected":false},"author":8,"featured_media":71528,"comment_status":"open","ping_status":"open","sticky":false,"template":"","format":"standard","meta":{"fifu_image_url":"","fifu_image_alt":"","footnotes":""},"categories":[6],"tags":[3117,113],"class_list":{"0":"post-71526","1":"post","2":"type-post","3":"status-publish","4":"format-standard","5":"has-post-thumbnail","7":"category-entre-rios","8":"tag-mananas-frescas","9":"tag-smn"},"yoast_head":"<title>Siguen los d\u00edas despejados con ma\u00f1anas frescas: cu\u00e1ndo desmejorar\u00e1 el tiempo - Informe Litoral<\/title>\n<meta name=\"robots\" content=\"index, follow, max-snippet:-1, max-image-preview:large, max-video-preview:-1\" \/>\n<link rel=\"canonical\" href=\"https:\/\/informelitoral.com.ar\/siguen-los-dias-despejados-con-mananas-frescas-cuando-desmejorara-el-tiempo\/\" \/>\n<meta property=\"og:locale\" content=\"es_ES\" \/>\n<meta property=\"og:type\" content=\"article\" \/>\n<meta property=\"og:title\" content=\"Siguen los d\u00edas despejados con ma\u00f1anas frescas: cu\u00e1ndo desmejorar\u00e1 el tiempo - Informe Litoral\" \/>\n<meta property=\"og:description\" content=\"Las ma\u00f1anas continuar\u00edan con valores t\u00e9rmicos algo bajos y de sensaci\u00f3n t\u00e9rmica por acci\u00f3n del viento. Pero la temperatura ascender\u00e1 y podr\u00eda llegar hasta los 34 grados. Se prev\u00e9 que las condiciones comiencen a desmejorar.\" \/>\n<meta property=\"og:url\" content=\"https:\/\/informelitoral.com.ar\/siguen-los-dias-despejados-con-mananas-frescas-cuando-desmejorara-el-tiempo\/\" \/>\n<meta property=\"og:site_name\" content=\"Informe Litoral\" \/>\n<meta property=\"article:publisher\" content=\"https:\/\/www.facebook.com\/informelitoral\/\" \/>\n<meta property=\"article:published_time\" content=\"2022-02-09T11:54:00+00:00\" \/>\n<meta property=\"og:image\" content=\"https:\/\/informelitoral.com.ar\/%77%70%2d%63%6f%6e%74%65%6e%74\/uploads\/2022\/02\/Clima-en-Posadas-1-696x392-1.jpeg\" \/>\n\t<meta property=\"og:image:width\" content=\"696\" \/>\n\t<meta property=\"og:image:height\" content=\"392\" \/>\n\t<meta property=\"og:image:type\" content=\"image\/jpeg\" \/>\n<meta name=\"author\" content=\"Sebastian\" \/>\n<meta name=\"twitter:card\" content=\"summary_large_image\" \/>\n<meta name=\"twitter:creator\" content=\"@InformeLitoral\" \/>\n<meta name=\"twitter:site\" content=\"@InformeLitoral\" \/>\n<meta name=\"twitter:label1\" content=\"Escrito por\" \/>\n\t<meta name=\"twitter:data1\" content=\"Sebastian\" \/>\n\t<meta name=\"twitter:label2\" content=\"Tiempo de lectura\" \/>\n\t<meta name=\"twitter:data2\" content=\"2 minutos\" \/>\n<script type=\"application\/ld+json\" class=\"yoast-schema-graph\">{\"@context\":\"https:\\\/\\\/schema.org\",\"@graph\":[{\"@type\":\"Article\",\"@id\":\"https:\\\/\\\/informelitoral.com.ar\\\/siguen-los-dias-despejados-con-mananas-frescas-cuando-desmejorara-el-tiempo\\\/#article\",\"isPartOf\":{\"@id\":\"https:\\\/\\\/informelitoral.com.ar\\\/siguen-los-dias-despejados-con-mananas-frescas-cuando-desmejorara-el-tiempo\\\/\"},\"author\":{\"name\":\"Sebastian\",\"@id\":\"https:\\\/\\\/informelitoral.com.ar\\\/#\\\/schema\\\/person\\\/f05f9f461677119578717524b127d6d5\"},\"headline\":\"Siguen los d\u00edas despejados con ma\u00f1anas frescas: cu\u00e1ndo desmejorar\u00e1 el tiempo\",\"datePublished\":\"2022-02-09T11:54:00+00:00\",\"mainEntityOfPage\":{\"@id\":\"https:\\\/\\\/informelitoral.com.ar\\\/siguen-los-dias-despejados-con-mananas-frescas-cuando-desmejorara-el-tiempo\\\/\"},\"wordCount\":463,\"commentCount\":0,\"publisher\":{\"@id\":\"https:\\\/\\\/informelitoral.com.ar\\\/#organization\"},\"image\":{\"@id\":\"https:\\\/\\\/informelitoral.com.ar\\\/siguen-los-dias-despejados-con-mananas-frescas-cuando-desmejorara-el-tiempo\\\/#primaryimage\"},\"thumbnailUrl\":\"https:\\\/\\\/informelitoral.com.ar\\\/%77%70%2d%63%6f%6e%74%65%6e%74\\\/uploads\\\/2022\\\/02\\\/Clima-en-Posadas-1-696x392-1.jpeg\",\"keywords\":[\"Ma\u00f1anas Frescas\",\"SMN\"],\"articleSection\":[\"Entre R\u00edos\"],\"inLanguage\":\"es\",\"potentialAction\":[{\"@type\":\"CommentAction\",\"name\":\"Comment\",\"target\":[\"https:\\\/\\\/informelitoral.com.ar\\\/siguen-los-dias-despejados-con-mananas-frescas-cuando-desmejorara-el-tiempo\\\/#respond\"]}]},{\"@type\":\"WebPage\",\"@id\":\"https:\\\/\\\/informelitoral.com.ar\\\/siguen-los-dias-despejados-con-mananas-frescas-cuando-desmejorara-el-tiempo\\\/\",\"url\":\"https:\\\/\\\/informelitoral.com.ar\\\/siguen-los-dias-despejados-con-mananas-frescas-cuando-desmejorara-el-tiempo\\\/\",\"name\":\"Siguen los d\u00edas despejados con ma\u00f1anas frescas: cu\u00e1ndo desmejorar\u00e1 el tiempo - Informe Litoral\",\"isPartOf\":{\"@id\":\"https:\\\/\\\/informelitoral.com.ar\\\/#website\"},\"primaryImageOfPage\":{\"@id\":\"https:\\\/\\\/informelitoral.com.ar\\\/siguen-los-dias-despejados-con-mananas-frescas-cuando-desmejorara-el-tiempo\\\/#primaryimage\"},\"image\":{\"@id\":\"https:\\\/\\\/informelitoral.com.ar\\\/siguen-los-dias-despejados-con-mananas-frescas-cuando-desmejorara-el-tiempo\\\/#primaryimage\"},\"thumbnailUrl\":\"https:\\\/\\\/informelitoral.com.ar\\\/%77%70%2d%63%6f%6e%74%65%6e%74\\\/uploads\\\/2022\\\/02\\\/Clima-en-Posadas-1-696x392-1.jpeg\",\"datePublished\":\"2022-02-09T11:54:00+00:00\",\"breadcrumb\":{\"@id\":\"https:\\\/\\\/informelitoral.com.ar\\\/siguen-los-dias-despejados-con-mananas-frescas-cuando-desmejorara-el-tiempo\\\/#breadcrumb\"},\"inLanguage\":\"es\",\"potentialAction\":[{\"@type\":\"ReadAction\",\"target\":[\"https:\\\/\\\/informelitoral.com.ar\\\/siguen-los-dias-despejados-con-mananas-frescas-cuando-desmejorara-el-tiempo\\\/\"]}]},{\"@type\":\"ImageObject\",\"inLanguage\":\"es\",\"@id\":\"https:\\\/\\\/informelitoral.com.ar\\\/siguen-los-dias-despejados-con-mananas-frescas-cuando-desmejorara-el-tiempo\\\/#primaryimage\",\"url\":\"https:\\\/\\\/informelitoral.com.ar\\\/%77%70%2d%63%6f%6e%74%65%6e%74\\\/uploads\\\/2022\\\/02\\\/Clima-en-Posadas-1-696x392-1.jpeg\",\"contentUrl\":\"https:\\\/\\\/informelitoral.com.ar\\\/%77%70%2d%63%6f%6e%74%65%6e%74\\\/uploads\\\/2022\\\/02\\\/Clima-en-Posadas-1-696x392-1.jpeg\",\"width\":696,\"height\":392},{\"@type\":\"BreadcrumbList\",\"@id\":\"https:\\\/\\\/informelitoral.com.ar\\\/siguen-los-dias-despejados-con-mananas-frescas-cuando-desmejorara-el-tiempo\\\/#breadcrumb\",\"itemListElement\":[{\"@type\":\"ListItem\",\"position\":1,\"name\":\"Portada\",\"item\":\"https:\\\/\\\/informelitoral.com.ar\\\/\"},{\"@type\":\"ListItem\",\"position\":2,\"name\":\"Siguen los d\u00edas despejados con ma\u00f1anas frescas: cu\u00e1ndo desmejorar\u00e1 el tiempo\"}]},{\"@type\":\"WebSite\",\"@id\":\"https:\\\/\\\/informelitoral.com.ar\\\/#website\",\"url\":\"https:\\\/\\\/informelitoral.com.ar\\\/\",\"name\":\"Informe Litoral\",\"description\":\"&quot;Nos informamos&quot; \",\"publisher\":{\"@id\":\"https:\\\/\\\/informelitoral.com.ar\\\/#organization\"},\"potentialAction\":[{\"@type\":\"SearchAction\",\"target\":{\"@type\":\"EntryPoint\",\"urlTemplate\":\"https:\\\/\\\/informelitoral.com.ar\\\/?s={search_term_string}\"},\"query-input\":{\"@type\":\"PropertyValueSpecification\",\"valueRequired\":true,\"valueName\":\"search_term_string\"}}],\"inLanguage\":\"es\"},{\"@type\":\"Organization\",\"@id\":\"https:\\\/\\\/informelitoral.com.ar\\\/#organization\",\"name\":\"Informe Litoral\",\"url\":\"https:\\\/\\\/informelitoral.com.ar\\\/\",\"logo\":{\"@type\":\"ImageObject\",\"inLanguage\":\"es\",\"@id\":\"https:\\\/\\\/informelitoral.com.ar\\\/#\\\/schema\\\/logo\\\/image\\\/\",\"url\":\"https:\\\/\\\/informelitoral.com.ar\\\/%77%70%2d%63%6f%6e%74%65%6e%74\\\/uploads\\\/2021\\\/01\\\/circulo.png\",\"contentUrl\":\"https:\\\/\\\/informelitoral.com.ar\\\/%77%70%2d%63%6f%6e%74%65%6e%74\\\/uploads\\\/2021\\\/01\\\/circulo.png\",\"width\":723,\"height\":731,\"caption\":\"Informe Litoral\"},\"image\":{\"@id\":\"https:\\\/\\\/informelitoral.com.ar\\\/#\\\/schema\\\/logo\\\/image\\\/\"},\"sameAs\":[\"https:\\\/\\\/www.facebook.com\\\/informelitoral\\\/\",\"https:\\\/\\\/x.com\\\/InformeLitoral\",\"https:\\\/\\\/www.instagram.com\\\/informelitoral\\\/\",\"https:\\\/\\\/www.youtube.com\\\/channel\\\/UCua4Qvz8Icb6MYqhoq9xLXw\"]},{\"@type\":\"Person\",\"@id\":\"https:\\\/\\\/informelitoral.com.ar\\\/#\\\/schema\\\/person\\\/f05f9f461677119578717524b127d6d5\",\"name\":\"Sebastian\",\"image\":{\"@type\":\"ImageObject\",\"inLanguage\":\"es\",\"@id\":\"https:\\\/\\\/secure.gravatar.com\\\/avatar\\\/b71bf7481d447dfb9583c7f2798e7cc64de6efb9067b74633ed8c31059a3bd82?s=96&d=mm&r=g\",\"url\":\"https:\\\/\\\/secure.gravatar.com\\\/avatar\\\/b71bf7481d447dfb9583c7f2798e7cc64de6efb9067b74633ed8c31059a3bd82?s=96&d=mm&r=g\",\"contentUrl\":\"https:\\\/\\\/secure.gravatar.com\\\/avatar\\\/b71bf7481d447dfb9583c7f2798e7cc64de6efb9067b74633ed8c31059a3bd82?s=96&d=mm&r=g\",\"caption\":\"Sebastian\"},\"url\":\"https:\\\/\\\/informelitoral.com.ar\\\/author\\\/sebastian\\\/\"}]}<\/script>","yoast_head_json":{"title":"Siguen los d\u00edas despejados con ma\u00f1anas frescas: cu\u00e1ndo desmejorar\u00e1 el tiempo - Informe Litoral","robots":{"index":"index","follow":"follow","max-snippet":"max-snippet:-1","max-image-preview":"max-image-preview:large","max-video-preview":"max-video-preview:-1"},"canonical":"https:\/\/informelitoral.com.ar\/siguen-los-dias-despejados-con-mananas-frescas-cuando-desmejorara-el-tiempo\/","og_locale":"es_ES","og_type":"article","og_title":"Siguen los d\u00edas despejados con ma\u00f1anas frescas: cu\u00e1ndo desmejorar\u00e1 el tiempo - Informe Litoral","og_description":"Las ma\u00f1anas continuar\u00edan con valores t\u00e9rmicos algo bajos y de sensaci\u00f3n t\u00e9rmica por acci\u00f3n del viento. Pero la temperatura ascender\u00e1 y podr\u00eda llegar hasta los 34 grados. Se prev\u00e9 que las condiciones comiencen a desmejorar.","og_url":"https:\/\/informelitoral.com.ar\/siguen-los-dias-despejados-con-mananas-frescas-cuando-desmejorara-el-tiempo\/","og_site_name":"Informe Litoral","article_publisher":"https:\/\/www.facebook.com\/informelitoral\/","article_published_time":"2022-02-09T11:54:00+00:00","og_image":[{"width":696,"height":392,"url":"https:\/\/informelitoral.com.ar\/%77%70%2d%63%6f%6e%74%65%6e%74\/uploads\/2022\/02\/Clima-en-Posadas-1-696x392-1.jpeg","type":"image\/jpeg"}],"author":"Sebastian","twitter_card":"summary_large_image","twitter_creator":"@InformeLitoral","twitter_site":"@InformeLitoral","twitter_misc":{"Escrito por":"Sebastian","Tiempo de lectura":"2 minutos"},"schema":{"@context":"https:\/\/schema.org","@graph":[{"@type":"Article","@id":"https:\/\/informelitoral.com.ar\/siguen-los-dias-despejados-con-mananas-frescas-cuando-desmejorara-el-tiempo\/#article","isPartOf":{"@id":"https:\/\/informelitoral.com.ar\/siguen-los-dias-despejados-con-mananas-frescas-cuando-desmejorara-el-tiempo\/"},"author":{"name":"Sebastian","@id":"https:\/\/informelitoral.com.ar\/#\/schema\/person\/f05f9f461677119578717524b127d6d5"},"headline":"Siguen los d\u00edas despejados con ma\u00f1anas frescas: cu\u00e1ndo desmejorar\u00e1 el tiempo","datePublished":"2022-02-09T11:54:00+00:00","mainEntityOfPage":{"@id":"https:\/\/informelitoral.com.ar\/siguen-los-dias-despejados-con-mananas-frescas-cuando-desmejorara-el-tiempo\/"},"wordCount":463,"commentCount":0,"publisher":{"@id":"https:\/\/informelitoral.com.ar\/#organization"},"image":{"@id":"https:\/\/informelitoral.com.ar\/siguen-los-dias-despejados-con-mananas-frescas-cuando-desmejorara-el-tiempo\/#primaryimage"},"thumbnailUrl":"https:\/\/informelitoral.com.ar\/%77%70%2d%63%6f%6e%74%65%6e%74\/uploads\/2022\/02\/Clima-en-Posadas-1-696x392-1.jpeg","keywords":["Ma\u00f1anas Frescas","SMN"],"articleSection":["Entre R\u00edos"],"inLanguage":"es","potentialAction":[{"@type":"CommentAction","name":"Comment","target":["https:\/\/informelitoral.com.ar\/siguen-los-dias-despejados-con-mananas-frescas-cuando-desmejorara-el-tiempo\/#respond"]}]},{"@type":"WebPage","@id":"https:\/\/informelitoral.com.ar\/siguen-los-dias-despejados-con-mananas-frescas-cuando-desmejorara-el-tiempo\/","url":"https:\/\/informelitoral.com.ar\/siguen-los-dias-despejados-con-mananas-frescas-cuando-desmejorara-el-tiempo\/","name":"Siguen los d\u00edas despejados con ma\u00f1anas frescas: cu\u00e1ndo desmejorar\u00e1 el tiempo - Informe Litoral","isPartOf":{"@id":"https:\/\/informelitoral.com.ar\/#website"},"primaryImageOfPage":{"@id":"https:\/\/informelitoral.com.ar\/siguen-los-dias-despejados-con-mananas-frescas-cuando-desmejorara-el-tiempo\/#primaryimage"},"image":{"@id":"https:\/\/informelitoral.com.ar\/siguen-los-dias-despejados-con-mananas-frescas-cuando-desmejorara-el-tiempo\/#primaryimage"},"thumbnailUrl":"https:\/\/informelitoral.com.ar\/%77%70%2d%63%6f%6e%74%65%6e%74\/uploads\/2022\/02\/Clima-en-Posadas-1-696x392-1.jpeg","datePublished":"2022-02-09T11:54:00+00:00","breadcrumb":{"@id":"https:\/\/informelitoral.com.ar\/siguen-los-dias-despejados-con-mananas-frescas-cuando-desmejorara-el-tiempo\/#breadcrumb"},"inLanguage":"es","potentialAction":[{"@type":"ReadAction","target":["https:\/\/informelitoral.com.ar\/siguen-los-dias-despejados-con-mananas-frescas-cuando-desmejorara-el-tiempo\/"]}]},{"@type":"ImageObject","inLanguage":"es","@id":"https:\/\/informelitoral.com.ar\/siguen-los-dias-despejados-con-mananas-frescas-cuando-desmejorara-el-tiempo\/#primaryimage","url":"https:\/\/informelitoral.com.ar\/%77%70%2d%63%6f%6e%74%65%6e%74\/uploads\/2022\/02\/Clima-en-Posadas-1-696x392-1.jpeg","contentUrl":"https:\/\/informelitoral.com.ar\/%77%70%2d%63%6f%6e%74%65%6e%74\/uploads\/2022\/02\/Clima-en-Posadas-1-696x392-1.jpeg","width":696,"height":392},{"@type":"BreadcrumbList","@id":"https:\/\/informelitoral.com.ar\/siguen-los-dias-despejados-con-mananas-frescas-cuando-desmejorara-el-tiempo\/#breadcrumb","itemListElement":[{"@type":"ListItem","position":1,"name":"Portada","item":"https:\/\/informelitoral.com.ar\/"},{"@type":"ListItem","position":2,"name":"Siguen los d\u00edas despejados con ma\u00f1anas frescas: cu\u00e1ndo desmejorar\u00e1 el tiempo"}]},{"@type":"WebSite","@id":"https:\/\/informelitoral.com.ar\/#website","url":"https:\/\/informelitoral.com.ar\/","name":"Informe Litoral","description":"&quot;Nos informamos&quot; ","publisher":{"@id":"https:\/\/informelitoral.com.ar\/#organization"},"potentialAction":[{"@type":"SearchAction","target":{"@type":"EntryPoint","urlTemplate":"https:\/\/informelitoral.com.ar\/?s={search_term_string}"},"query-input":{"@type":"PropertyValueSpecification","valueRequired":true,"valueName":"search_term_string"}}],"inLanguage":"es"},{"@type":"Organization","@id":"https:\/\/informelitoral.com.ar\/#organization","name":"Informe Litoral","url":"https:\/\/informelitoral.com.ar\/","logo":{"@type":"ImageObject","inLanguage":"es","@id":"https:\/\/informelitoral.com.ar\/#\/schema\/logo\/image\/","url":"https:\/\/informelitoral.com.ar\/%77%70%2d%63%6f%6e%74%65%6e%74\/uploads\/2021\/01\/circulo.png","contentUrl":"https:\/\/informelitoral.com.ar\/%77%70%2d%63%6f%6e%74%65%6e%74\/uploads\/2021\/01\/circulo.png","width":723,"height":731,"caption":"Informe Litoral"},"image":{"@id":"https:\/\/informelitoral.com.ar\/#\/schema\/logo\/image\/"},"sameAs":["https:\/\/www.facebook.com\/informelitoral\/","https:\/\/x.com\/InformeLitoral","https:\/\/www.instagram.com\/informelitoral\/","https:\/\/www.youtube.com\/channel\/UCua4Qvz8Icb6MYqhoq9xLXw"]},{"@type":"Person","@id":"https:\/\/informelitoral.com.ar\/#\/schema\/person\/f05f9f461677119578717524b127d6d5","name":"Sebastian","image":{"@type":"ImageObject","inLanguage":"es","@id":"https:\/\/secure.gravatar.com\/avatar\/b71bf7481d447dfb9583c7f2798e7cc64de6efb9067b74633ed8c31059a3bd82?s=96&d=mm&r=g","url":"https:\/\/secure.gravatar.com\/avatar\/b71bf7481d447dfb9583c7f2798e7cc64de6efb9067b74633ed8c31059a3bd82?s=96&d=mm&r=g","contentUrl":"https:\/\/secure.gravatar.com\/avatar\/b71bf7481d447dfb9583c7f2798e7cc64de6efb9067b74633ed8c31059a3bd82?s=96&d=mm&r=g","caption":"Sebastian"},"url":"https:\/\/informelitoral.com.ar\/author\/sebastian\/"}]}},"_links":{"self":[{"href":"https:\/\/informelitoral.com.ar\/%77%70%2d%6a%73%6f%6e\/wp\/v2\/posts\/71526","targetHints":{"allow":["GET"]}}],"collection":[{"href":"https:\/\/informelitoral.com.ar\/%77%70%2d%6a%73%6f%6e\/wp\/v2\/posts"}],"about":[{"href":"https:\/\/informelitoral.com.ar\/%77%70%2d%6a%73%6f%6e\/wp\/v2\/types\/post"}],"author":[{"embeddable":true,"href":"https:\/\/informelitoral.com.ar\/%77%70%2d%6a%73%6f%6e\/wp\/v2\/users\/8"}],"replies":[{"embeddable":true,"href":"https:\/\/informelitoral.com.ar\/%77%70%2d%6a%73%6f%6e\/wp\/v2\/comments?post=71526"}],"version-history":[{"count":0,"href":"https:\/\/informelitoral.com.ar\/%77%70%2d%6a%73%6f%6e\/wp\/v2\/posts\/71526\/revisions"}],"wp:featuredmedia":[{"embeddable":true,"href":"https:\/\/informelitoral.com.ar\/%77%70%2d%6a%73%6f%6e\/wp\/v2\/media\/71528"}],"wp:attachment":[{"href":"https:\/\/informelitoral.com.ar\/%77%70%2d%6a%73%6f%6e\/wp\/v2\/media?parent=71526"}],"wp:term":[{"taxonomy":"category","embeddable":true,"href":"https:\/\/informelitoral.com.ar\/%77%70%2d%6a%73%6f%6e\/wp\/v2\/categories?post=71526"},{"taxonomy":"post_tag","embeddable":true,"href":"https:\/\/informelitoral.com.ar\/%77%70%2d%6a%73%6f%6e\/wp\/v2\/tags?post=71526"}],"curies":[{"name":"wp","href":"https:\/\/api.w.org\/{rel}","templated":true}]}}