{"id":71516,"date":"2022-02-09T07:50:55","date_gmt":"2022-02-09T10:50:55","guid":{"rendered":"https:\/\/www.informelitoral.com.ar\/?p=71516"},"modified":"2022-02-09T08:17:36","modified_gmt":"2022-02-09T11:17:36","slug":"bordet-firmo-convenios-de-financiamiento-para-reactivar-al-sector-productivo","status":"publish","type":"post","link":"https:\/\/informelitoral.com.ar\/bordet-firmo-convenios-de-financiamiento-para-reactivar-al-sector-productivo\/","title":{"rendered":"Bordet firm\u00f3 convenios de financiamiento para reactivar al sector productivo"},"content":{"rendered":"<p>Fue en un encuentro que se desarroll\u00f3 este martes en el Centro Provincial de Convenciones en la capital provincial, donde el gobernador dijo que en la jornada de trabajo adem\u00e1s de avanzar en la agenda \u201cque trazamos con el Consejo Federal de Inversiones\u201d, firmaron convenios \u201cque son muy importantes para nuestra provincia, en apoyo a nuestros productores y tambi\u00e9n vamos a estar intercambiando distintas ideas\u00bb.<\/p>\n<p>\u00abPara nosotros es muy importante poder llegar con l\u00edneas de financiamiento para poder incorporar capital, generar mayor volumen en la producci\u00f3n y por qu\u00e9 no animarnos a llegar a otros lugares del mundo con vinos entrerrianos. Ese es el desaf\u00edo\u00bb, dijo, al tiempo que indic\u00f3 que esa producci\u00f3n se lleva adelante en distintos lugares de la provincia.<\/p>\n<p>Explic\u00f3 que uno de los convenios que se firm\u00f3 fue \u00abpara productores que fueron afectados por la sequ\u00eda, con una tasa muy baja del 12,5 por ciento que tiene un a\u00f1o de gracia para pagar\u201d.<\/p>\n<p>Por otra parte, inform\u00f3 que tambi\u00e9n acordaron \u201cuna l\u00ednea de cr\u00e9ditos de 40 millones para el sector vitivin\u00edcola entrerriano que viene creciendo con mucha fuerza, es un segmento de nuestra econom\u00eda regional que ven\u00eda requiriendo alg\u00fan tipo de apalancamiento para poder generar m\u00e1s inversiones y poder ir logrando ampliar las fronteras de la provincia; y tambi\u00e9n la posibilidad de conversar a futuro distintas acciones comerciales que posibilitan que nuestros productores lleguen a todos los mercados del mundo con los distintos productos que aqu\u00ed se generan en la provincia de Entre R\u00edos\u201d.<\/p>\n<p>El mandatario destac\u00f3 la importancia de \u201cpoder tener este encuentro que nos pone por un lado dando respuestas a lo que ocurri\u00f3 con la sequ\u00eda, pero tambi\u00e9n marcando una agenda de trabajo a futuro para poder mejorar la colocaci\u00f3n de nuestros productos en el mercado internacional y tambi\u00e9n con algunas l\u00edneas de cr\u00e9dito para mejorar las condiciones de producci\u00f3n\u201d.<\/p>\n<p>Asimismo, indic\u00f3 que \u201chabitualmente trabajamos con el CFI en distintas l\u00edneas, crediticias, tambi\u00e9n elaborando proyectos para desarrollo, inversi\u00f3n p\u00fablica, y es una forma de trabajo que nos ha dado muy buen resultado, por eso es que nos est\u00e1 visitando hoy aqu\u00ed su secretario general, significa reforzar este compromiso de trabajo conjunto\u201d.<\/p>\n<p>En la ocasi\u00f3n, dio cuenta de que, con rapidez, el Consejo Federal de Inversiones puso en marcha una l\u00ednea de cr\u00e9dito para los sectores afectados por la sequ\u00eda que es muy ventajosa. \u00abCon eso, sumado a otras acciones del gobierno nacional, estamos dando r\u00e1pidamente una salida sobre todo para recomponer el capital de trabajo a quienes sufrieron los efectos de estos eventos clim\u00e1ticos\u00bb, sostuvo.<\/p>\n<p>\u00abDespu\u00e9s tambi\u00e9n el hecho de este convenio con los sectores vitivin\u00edcolas, que viene con mucha fuerza en la provincia y que tiene una larga historia de frustraciones en cuanto a la producci\u00f3n\u00bb, afirm\u00f3 y acot\u00f3 que \u00abEntre R\u00edos era una provincia por excelencia vitivin\u00edcola\u00bb y que \u00aben Concordia en 1910 fue una estaci\u00f3n experimental del INTA para poder desarrollar, incentivar y dar asistencia t\u00e9cnica a los productores que estaban en la zona\u00bb. Record\u00f3 que \u00abhab\u00eda en la zona, hasta el a\u00f1o 1932 que se tom\u00f3 la decisi\u00f3n de regionalizar los sistemas productivos argentinos, no menos de 10 bodegas\u00bb, utiliz\u00e1ndose la cepa tannat tra\u00eda por un vasco franc\u00e9s y llevada posteriormente a Uruguay.<\/p>\n<p>Luego mencion\u00f3 que \u00abel INTA en la zona de Concordia empez\u00f3 a buscar una fuente alternativa del sistema productivo y ah\u00ed nace la citricultura. Fue algo paliativo y sustitutivo de la vitivinicultura\u00bb. Agreg\u00f3 que en 1998 \u00abhubo una ley en el congreso nacional donde se restituy\u00f3 a Entre R\u00edos como zona productora vitivin\u00edcola y con el tiempo empez\u00f3 a generarse con m\u00e1s intensidad esa producci\u00f3n, primero a peque\u00f1a escala, luego creciendo y viene con mucha fuerza\u00bb.<\/p>\n<p>De la mesa de trabajo participaron tambi\u00e9n los ministros de Econom\u00eda, Hugo Ballay; y de Producci\u00f3n, Juan Jos\u00e9 Bahillo; el director de Recursos Financieros del CFI, Faustino Huarte; el secretario de Industria y Comercio, Fernando Caviglia; el coordinador de la Unidad Operadora Provincial del CFI, Guillermo Gorskin; representantes de la Asociaci\u00f3n de Vitivinicultores; Noelia Zapata de Jacob, Julia Lubrin y Mat\u00edas Fisolo.<\/p>\n<p><b>Profundizar la agenda de trabajo<\/b><\/p>\n<p>Por su parte, el titular del CFI, Ignacio Lamothe, explic\u00f3 que estos financiamientos \u00abvan apuntalados para el sector productivo que sufri\u00f3 la sequ\u00eda \u00faltimamente en la provincia de Entre R\u00edos\u00bb.<\/p>\n<p>En ese marco detall\u00f3 que \u00abvamos a destinar una l\u00ednea por 100 millones de pesos con una tasa muy por debajo de lo que est\u00e1 en el mercado de 12,5 por ciento con un a\u00f1o de gracia; tambi\u00e9n vamos a hacer un aporte de 40 millones de pesos para cr\u00e9ditos para el sector vitivin\u00edcola, un sector cada vez m\u00e1s pujante en la provincia de Entre R\u00edos y vamos a suscribir una acci\u00f3n para potenciar y abrir mercados en el resto del mundo para los productos entrerrianos\u00bb.<\/p>\n<p>Asimismo, destac\u00f3 que \u00abhace poquitos d\u00edas nos visit\u00f3 el gobernador de la provincia de Entre R\u00edos en Buenos Aires, nos plante\u00f3 estas inquietudes y necesidades, y en muy poco d\u00edas estamos suscribiendo los convenios y poniendo a disponibilidad de los productores de Entre R\u00edos estas herramientas, lo cual habla de que Gustavo (Bordet) tiene un equipo excelente de trabajo y conjuntamente con el CFI estamos dando respuestas concretas\u00bb.<\/p>\n<p>Al referirse al sector vitivin\u00edcola, valor\u00f3 la importancia de \u00abrescatar una tradici\u00f3n que ya ten\u00edan\u00bb y mencion\u00f3 que la vitivinicultura en Argentina \u00abtiene caracter\u00edsticas muy particulares, es un jugador global en vitivinicultura\u00bb, afirm\u00f3. En ese marco, dijo que \u201ces un sector ligado a la agricultura, la industria, ahora al turismo que empuja tambi\u00e9n la gastronom\u00eda, es un sector que ramifica y permea distintos sectores de la producci\u00f3n que no todos los sectores productivos lo tienen, es un multiplicador de la actividad econ\u00f3mica\u00bb.<\/p>\n<p>En ese sentido, resalt\u00f3 la posibilidad de \u00abgenerar acciones para transferencia de conocimiento, formativas, en los distintos segmentos que tiene la industria\u00bb, sostuvo, por lo cual \u00abhay muchas acciones que podemos dise\u00f1ar en conjunto y llevarlas a cabo\u00bb.<\/p>\n<p>\u201cEl CFI, y a pedido del gobernador, va a ser un aliado estrat\u00e9gico para eso, porque entendemos que tiene estas caracter\u00edsticas, multiplica, representa muy bien a la provincia de Entre R\u00edos al interior del pa\u00eds y eventualmente afuera\u00bb, afirm\u00f3.<\/p>\n<p>Finalmente, invit\u00f3 a organizar una agenda de trabajo \u00abm\u00e1s profunda a\u00fan\u00bb, y dijo que \u201chay muchos pasos por desarrollar, ustedes tienen ganas, gente comprometida con la actividad, un gobierno que los va a acompa\u00f1ar, entonces tenemos todas las condiciones dadas\u00bb, concluy\u00f3.<\/p>\n<p>Por su parte, el ministro de Producci\u00f3n se refiri\u00f3 al decreto de Emergencia en la provincia, explic\u00f3 las acciones que se est\u00e1n llevando a cabo en ese sentido y destac\u00f3 tambi\u00e9n la rapidez con la que se ha respondido ante la emergencia agropecuaria.<\/p>\n<p>En tanto que el ministro de Econom\u00eda dio cuenta de las herramientas con las que cuenta la provincia para acompa\u00f1ar a los productores, mencion\u00f3 el Fogaer, y el Fondo de Inversi\u00f3n de la provincia (Finver), \u00abnos van a permitir junto al CFI agilizar todo el sistema de garant\u00edas\u00bb.<\/p>\n<p><b>Convenio de financiamiento para el sector vitivin\u00edcola<\/b><\/p>\n<p>Teniendo en cuenta que la producci\u00f3n vit\u00edcola de la provincia de Entre R\u00edos ha demostrado aptitud y calidad para la producci\u00f3n de vid en varios sitios de la provincia, mostrando un crecimiento exponencial en los \u00faltimos 10 a\u00f1os, con el desarrollo de varios emprendimientos elaboradores, y que el CFI junto al gobierno de Entre R\u00edos, desarrollan diversas acciones para promover el crecimiento sostenido de la cadena vitivin\u00edcola de la provincia.<\/p>\n<p>En tanto que la provincia ha solicitado la asistencia financiera para el sector vitivin\u00edcola a fin de potenciar sus aptitudes y facilitar el posicionamiento de las empresas del sector en los diferentes mercados.<\/p>\n<p>En el marco del acuerdo, el CFI dispondr\u00e1 de la suma de hasta 40 millones de pesos destinados espec\u00edficamente a las micro, peque\u00f1as y medianas empresas del sector vitivin\u00edcola radicadas en la provincia que se canalicen dentro de la L\u00ednea de Cr\u00e9ditos para la Reactivaci\u00f3n Productiva.<\/p>\n<p>Las caracter\u00edsticas y requisitos principales de los cr\u00e9ditos que se otorguen para el fin indicado en la Cl\u00e1usulas anteriores ser\u00e1n:<\/p>\n<p>a. Monto m\u00e1ximo prestable: $ 750.000.<br \/>\nb. Porcentaje a financiar: hasta el 80% del total de la inversi\u00f3n.<br \/>\nc. Plazo de devoluci\u00f3n: Hasta 48 meses totales con hasta 12 meses de gracia incluidos.<br \/>\nd. Tasa de inter\u00e9s: Variable, tomando como referencia el 50% de la Tasa Activa de Banco de la Naci\u00f3n Argentina para Cr\u00e9ditos Diversos m\u00e1s 2 puntos, a su vez bonificada en un 50% adicional. Tope 15%.<br \/>\ne. Garant\u00edas: a sola firma o a satisfacci\u00f3n del Agente Financiero.<\/p>\n<p>El CFI administrar\u00e1 los recursos asignados a la provincia, acorde con las normativas de su Fondo Federal de Inversiones.<\/p>\n<p><b>Convenio para la recomposici\u00f3n de capital de trabajo e inversi\u00f3n<\/b><\/p>\n<p>En el marco de la pol\u00edtica de la provincia de apoyo al sector productivo, se considera de vital importancia la reactivaci\u00f3n de los sectores productivos afectados por la reciente sequ\u00eda y las altas temperaturas.<\/p>\n<p>Es por ello que a trav\u00e9s del Decreto N.\u00ba 0046\/22, ha declarado la Emergencia y\/o Desastre Agropecuario desde el 1 de enero de 2022 al 31 de julio de 2022, y necesita contar con medidas de r\u00e1pida acci\u00f3n, para lo cual ha solicitado al CFI asistencia financiera para las explotaciones agr\u00edcolas de ma\u00edz, sorgo, ganaderas bovina, caprina y ovina, tamberas, hort\u00edcolas debido al evento clim\u00e1tico de sequ\u00edas agravado por las altas temperaturas que se encuentran ubicadas en la totalidad de los departamentos de la provincia de Entre R\u00edos.<\/p>\n<p>El CFI dispondr\u00e1 de hasta 100 millones de pesos con el objetivo de recomponer el capital de trabajo de los sectores productivos afectados seg\u00fan lo establecido en el Decreto N.\u00ba 46\/22.<\/p>\n<p>Las caracter\u00edsticas y requisitos principales de los cr\u00e9ditos que se otorguen para el fin indicado ser\u00e1n:<\/p>\n<p>a. Monto m\u00e1ximo prestable: $ 750.000.<br \/>\nb. Plazo de devoluci\u00f3n: Hasta 36 meses totales con hasta 12 meses de gracia para el pago de capital incluidos para recomposici\u00f3n de capital de trabajo y hasta 48 meses totales con hasta 12 meses de gracia para el pago de capital incluido para inversi\u00f3n.<br \/>\nc. Tasa de inter\u00e9s: Variable, tomando como referencia el 50% de la Tasa Activa de Banco de la Naci\u00f3n Argentina para Cr\u00e9ditos Diversos m\u00e1s 2 puntos, a su vez bonificada en un 50% adicional. Tope 15%.<br \/>\nd. Garant\u00edas: a sola firma o a satisfacci\u00f3n del Agente Financiero.<\/p>\n","protected":false},"excerpt":{"rendered":"<p>El gobernador Gustavo Bordet acord\u00f3 con el titular del Consejo Federal de Inversiones (CFI), Ignacio Lamothe, financiamiento por hasta 140 millones de pesos para asistencia a las producciones de ma\u00edz, sorgo, ganaderas bovina, caprina, ovina, tamberas, hort\u00edcolas; y dar impulso el sector vitivin\u00edcola<\/p>\n","protected":false},"author":8,"featured_media":71517,"comment_status":"open","ping_status":"open","sticky":false,"template":"","format":"standard","meta":{"fifu_image_url":"","fifu_image_alt":"","footnotes":""},"categories":[6],"tags":[811,167,2515],"class_list":{"0":"post-71516","1":"post","2":"type-post","3":"status-publish","4":"format-standard","5":"has-post-thumbnail","7":"category-entre-rios","8":"tag-financiamiento","9":"tag-gustavo-bordet","10":"tag-sector-productivo"},"yoast_head":"<title>Bordet firm\u00f3 convenios de financiamiento para reactivar al sector productivo - Informe Litoral<\/title>\n<meta name=\"robots\" content=\"index, follow, max-snippet:-1, max-image-preview:large, max-video-preview:-1\" \/>\n<link rel=\"canonical\" href=\"https:\/\/informelitoral.com.ar\/bordet-firmo-convenios-de-financiamiento-para-reactivar-al-sector-productivo\/\" \/>\n<meta property=\"og:locale\" content=\"es_ES\" \/>\n<meta property=\"og:type\" content=\"article\" \/>\n<meta property=\"og:title\" content=\"Bordet firm\u00f3 convenios de financiamiento para reactivar al sector productivo - Informe Litoral\" \/>\n<meta property=\"og:description\" content=\"El gobernador Gustavo Bordet acord\u00f3 con el titular del Consejo Federal de Inversiones (CFI), Ignacio Lamothe, financiamiento por hasta 140 millones de pesos para asistencia a las producciones de ma\u00edz, sorgo, ganaderas bovina, caprina, ovina, tamberas, hort\u00edcolas; y dar impulso el sector vitivin\u00edcola\" \/>\n<meta property=\"og:url\" content=\"https:\/\/informelitoral.com.ar\/bordet-firmo-convenios-de-financiamiento-para-reactivar-al-sector-productivo\/\" \/>\n<meta property=\"og:site_name\" content=\"Informe Litoral\" \/>\n<meta property=\"article:publisher\" content=\"https:\/\/www.facebook.com\/informelitoral\/\" \/>\n<meta property=\"article:published_time\" content=\"2022-02-09T10:50:55+00:00\" \/>\n<meta property=\"article:modified_time\" content=\"2022-02-09T11:17:36+00:00\" \/>\n<meta property=\"og:image\" content=\"https:\/\/informelitoral.com.ar\/%77%70%2d%63%6f%6e%74%65%6e%74\/uploads\/2022\/02\/x_1644364113-scaled.jpg\" \/>\n\t<meta property=\"og:image:width\" content=\"2560\" \/>\n\t<meta property=\"og:image:height\" content=\"1707\" \/>\n\t<meta property=\"og:image:type\" content=\"image\/jpeg\" \/>\n<meta name=\"author\" content=\"Sebastian\" \/>\n<meta name=\"twitter:card\" content=\"summary_large_image\" \/>\n<meta name=\"twitter:creator\" content=\"@InformeLitoral\" \/>\n<meta name=\"twitter:site\" content=\"@InformeLitoral\" \/>\n<meta name=\"twitter:label1\" content=\"Escrito por\" \/>\n\t<meta name=\"twitter:data1\" content=\"Sebastian\" \/>\n\t<meta name=\"twitter:label2\" content=\"Tiempo de lectura\" \/>\n\t<meta name=\"twitter:data2\" content=\"9 minutos\" \/>\n<script type=\"application\/ld+json\" class=\"yoast-schema-graph\">{\"@context\":\"https:\\\/\\\/schema.org\",\"@graph\":[{\"@type\":\"Article\",\"@id\":\"https:\\\/\\\/informelitoral.com.ar\\\/bordet-firmo-convenios-de-financiamiento-para-reactivar-al-sector-productivo\\\/#article\",\"isPartOf\":{\"@id\":\"https:\\\/\\\/informelitoral.com.ar\\\/bordet-firmo-convenios-de-financiamiento-para-reactivar-al-sector-productivo\\\/\"},\"author\":{\"name\":\"Sebastian\",\"@id\":\"https:\\\/\\\/informelitoral.com.ar\\\/#\\\/schema\\\/person\\\/f05f9f461677119578717524b127d6d5\"},\"headline\":\"Bordet firm\u00f3 convenios de financiamiento para reactivar al sector productivo\",\"datePublished\":\"2022-02-09T10:50:55+00:00\",\"dateModified\":\"2022-02-09T11:17:36+00:00\",\"mainEntityOfPage\":{\"@id\":\"https:\\\/\\\/informelitoral.com.ar\\\/bordet-firmo-convenios-de-financiamiento-para-reactivar-al-sector-productivo\\\/\"},\"wordCount\":1830,\"commentCount\":0,\"publisher\":{\"@id\":\"https:\\\/\\\/informelitoral.com.ar\\\/#organization\"},\"image\":{\"@id\":\"https:\\\/\\\/informelitoral.com.ar\\\/bordet-firmo-convenios-de-financiamiento-para-reactivar-al-sector-productivo\\\/#primaryimage\"},\"thumbnailUrl\":\"https:\\\/\\\/informelitoral.com.ar\\\/%77%70%2d%63%6f%6e%74%65%6e%74\\\/uploads\\\/2022\\\/02\\\/x_1644364113-scaled.jpg\",\"keywords\":[\"Financiamiento\",\"Gustavo Bordet\",\"Sector Productivo\"],\"articleSection\":[\"Entre R\u00edos\"],\"inLanguage\":\"es\",\"potentialAction\":[{\"@type\":\"CommentAction\",\"name\":\"Comment\",\"target\":[\"https:\\\/\\\/informelitoral.com.ar\\\/bordet-firmo-convenios-de-financiamiento-para-reactivar-al-sector-productivo\\\/#respond\"]}]},{\"@type\":\"WebPage\",\"@id\":\"https:\\\/\\\/informelitoral.com.ar\\\/bordet-firmo-convenios-de-financiamiento-para-reactivar-al-sector-productivo\\\/\",\"url\":\"https:\\\/\\\/informelitoral.com.ar\\\/bordet-firmo-convenios-de-financiamiento-para-reactivar-al-sector-productivo\\\/\",\"name\":\"Bordet firm\u00f3 convenios de financiamiento para reactivar al sector productivo - Informe Litoral\",\"isPartOf\":{\"@id\":\"https:\\\/\\\/informelitoral.com.ar\\\/#website\"},\"primaryImageOfPage\":{\"@id\":\"https:\\\/\\\/informelitoral.com.ar\\\/bordet-firmo-convenios-de-financiamiento-para-reactivar-al-sector-productivo\\\/#primaryimage\"},\"image\":{\"@id\":\"https:\\\/\\\/informelitoral.com.ar\\\/bordet-firmo-convenios-de-financiamiento-para-reactivar-al-sector-productivo\\\/#primaryimage\"},\"thumbnailUrl\":\"https:\\\/\\\/informelitoral.com.ar\\\/%77%70%2d%63%6f%6e%74%65%6e%74\\\/uploads\\\/2022\\\/02\\\/x_1644364113-scaled.jpg\",\"datePublished\":\"2022-02-09T10:50:55+00:00\",\"dateModified\":\"2022-02-09T11:17:36+00:00\",\"breadcrumb\":{\"@id\":\"https:\\\/\\\/informelitoral.com.ar\\\/bordet-firmo-convenios-de-financiamiento-para-reactivar-al-sector-productivo\\\/#breadcrumb\"},\"inLanguage\":\"es\",\"potentialAction\":[{\"@type\":\"ReadAction\",\"target\":[\"https:\\\/\\\/informelitoral.com.ar\\\/bordet-firmo-convenios-de-financiamiento-para-reactivar-al-sector-productivo\\\/\"]}]},{\"@type\":\"ImageObject\",\"inLanguage\":\"es\",\"@id\":\"https:\\\/\\\/informelitoral.com.ar\\\/bordet-firmo-convenios-de-financiamiento-para-reactivar-al-sector-productivo\\\/#primaryimage\",\"url\":\"https:\\\/\\\/informelitoral.com.ar\\\/%77%70%2d%63%6f%6e%74%65%6e%74\\\/uploads\\\/2022\\\/02\\\/x_1644364113-scaled.jpg\",\"contentUrl\":\"https:\\\/\\\/informelitoral.com.ar\\\/%77%70%2d%63%6f%6e%74%65%6e%74\\\/uploads\\\/2022\\\/02\\\/x_1644364113-scaled.jpg\",\"width\":2560,\"height\":1707},{\"@type\":\"BreadcrumbList\",\"@id\":\"https:\\\/\\\/informelitoral.com.ar\\\/bordet-firmo-convenios-de-financiamiento-para-reactivar-al-sector-productivo\\\/#breadcrumb\",\"itemListElement\":[{\"@type\":\"ListItem\",\"position\":1,\"name\":\"Portada\",\"item\":\"https:\\\/\\\/informelitoral.com.ar\\\/\"},{\"@type\":\"ListItem\",\"position\":2,\"name\":\"Bordet firm\u00f3 convenios de financiamiento para reactivar al sector productivo\"}]},{\"@type\":\"WebSite\",\"@id\":\"https:\\\/\\\/informelitoral.com.ar\\\/#website\",\"url\":\"https:\\\/\\\/informelitoral.com.ar\\\/\",\"name\":\"Informe Litoral\",\"description\":\"&quot;Nos informamos&quot; \",\"publisher\":{\"@id\":\"https:\\\/\\\/informelitoral.com.ar\\\/#organization\"},\"potentialAction\":[{\"@type\":\"SearchAction\",\"target\":{\"@type\":\"EntryPoint\",\"urlTemplate\":\"https:\\\/\\\/informelitoral.com.ar\\\/?s={search_term_string}\"},\"query-input\":{\"@type\":\"PropertyValueSpecification\",\"valueRequired\":true,\"valueName\":\"search_term_string\"}}],\"inLanguage\":\"es\"},{\"@type\":\"Organization\",\"@id\":\"https:\\\/\\\/informelitoral.com.ar\\\/#organization\",\"name\":\"Informe Litoral\",\"url\":\"https:\\\/\\\/informelitoral.com.ar\\\/\",\"logo\":{\"@type\":\"ImageObject\",\"inLanguage\":\"es\",\"@id\":\"https:\\\/\\\/informelitoral.com.ar\\\/#\\\/schema\\\/logo\\\/image\\\/\",\"url\":\"https:\\\/\\\/informelitoral.com.ar\\\/%77%70%2d%63%6f%6e%74%65%6e%74\\\/uploads\\\/2021\\\/01\\\/circulo.png\",\"contentUrl\":\"https:\\\/\\\/informelitoral.com.ar\\\/%77%70%2d%63%6f%6e%74%65%6e%74\\\/uploads\\\/2021\\\/01\\\/circulo.png\",\"width\":723,\"height\":731,\"caption\":\"Informe Litoral\"},\"image\":{\"@id\":\"https:\\\/\\\/informelitoral.com.ar\\\/#\\\/schema\\\/logo\\\/image\\\/\"},\"sameAs\":[\"https:\\\/\\\/www.facebook.com\\\/informelitoral\\\/\",\"https:\\\/\\\/x.com\\\/InformeLitoral\",\"https:\\\/\\\/www.instagram.com\\\/informelitoral\\\/\",\"https:\\\/\\\/www.youtube.com\\\/channel\\\/UCua4Qvz8Icb6MYqhoq9xLXw\"]},{\"@type\":\"Person\",\"@id\":\"https:\\\/\\\/informelitoral.com.ar\\\/#\\\/schema\\\/person\\\/f05f9f461677119578717524b127d6d5\",\"name\":\"Sebastian\",\"image\":{\"@type\":\"ImageObject\",\"inLanguage\":\"es\",\"@id\":\"https:\\\/\\\/secure.gravatar.com\\\/avatar\\\/b71bf7481d447dfb9583c7f2798e7cc64de6efb9067b74633ed8c31059a3bd82?s=96&d=mm&r=g\",\"url\":\"https:\\\/\\\/secure.gravatar.com\\\/avatar\\\/b71bf7481d447dfb9583c7f2798e7cc64de6efb9067b74633ed8c31059a3bd82?s=96&d=mm&r=g\",\"contentUrl\":\"https:\\\/\\\/secure.gravatar.com\\\/avatar\\\/b71bf7481d447dfb9583c7f2798e7cc64de6efb9067b74633ed8c31059a3bd82?s=96&d=mm&r=g\",\"caption\":\"Sebastian\"},\"url\":\"https:\\\/\\\/informelitoral.com.ar\\\/author\\\/sebastian\\\/\"}]}<\/script>","yoast_head_json":{"title":"Bordet firm\u00f3 convenios de financiamiento para reactivar al sector productivo - Informe Litoral","robots":{"index":"index","follow":"follow","max-snippet":"max-snippet:-1","max-image-preview":"max-image-preview:large","max-video-preview":"max-video-preview:-1"},"canonical":"https:\/\/informelitoral.com.ar\/bordet-firmo-convenios-de-financiamiento-para-reactivar-al-sector-productivo\/","og_locale":"es_ES","og_type":"article","og_title":"Bordet firm\u00f3 convenios de financiamiento para reactivar al sector productivo - Informe Litoral","og_description":"El gobernador Gustavo Bordet acord\u00f3 con el titular del Consejo Federal de Inversiones (CFI), Ignacio Lamothe, financiamiento por hasta 140 millones de pesos para asistencia a las producciones de ma\u00edz, sorgo, ganaderas bovina, caprina, ovina, tamberas, hort\u00edcolas; y dar impulso el sector vitivin\u00edcola","og_url":"https:\/\/informelitoral.com.ar\/bordet-firmo-convenios-de-financiamiento-para-reactivar-al-sector-productivo\/","og_site_name":"Informe Litoral","article_publisher":"https:\/\/www.facebook.com\/informelitoral\/","article_published_time":"2022-02-09T10:50:55+00:00","article_modified_time":"2022-02-09T11:17:36+00:00","og_image":[{"width":2560,"height":1707,"url":"https:\/\/informelitoral.com.ar\/%77%70%2d%63%6f%6e%74%65%6e%74\/uploads\/2022\/02\/x_1644364113-scaled.jpg","type":"image\/jpeg"}],"author":"Sebastian","twitter_card":"summary_large_image","twitter_creator":"@InformeLitoral","twitter_site":"@InformeLitoral","twitter_misc":{"Escrito por":"Sebastian","Tiempo de lectura":"9 minutos"},"schema":{"@context":"https:\/\/schema.org","@graph":[{"@type":"Article","@id":"https:\/\/informelitoral.com.ar\/bordet-firmo-convenios-de-financiamiento-para-reactivar-al-sector-productivo\/#article","isPartOf":{"@id":"https:\/\/informelitoral.com.ar\/bordet-firmo-convenios-de-financiamiento-para-reactivar-al-sector-productivo\/"},"author":{"name":"Sebastian","@id":"https:\/\/informelitoral.com.ar\/#\/schema\/person\/f05f9f461677119578717524b127d6d5"},"headline":"Bordet firm\u00f3 convenios de financiamiento para reactivar al sector productivo","datePublished":"2022-02-09T10:50:55+00:00","dateModified":"2022-02-09T11:17:36+00:00","mainEntityOfPage":{"@id":"https:\/\/informelitoral.com.ar\/bordet-firmo-convenios-de-financiamiento-para-reactivar-al-sector-productivo\/"},"wordCount":1830,"commentCount":0,"publisher":{"@id":"https:\/\/informelitoral.com.ar\/#organization"},"image":{"@id":"https:\/\/informelitoral.com.ar\/bordet-firmo-convenios-de-financiamiento-para-reactivar-al-sector-productivo\/#primaryimage"},"thumbnailUrl":"https:\/\/informelitoral.com.ar\/%77%70%2d%63%6f%6e%74%65%6e%74\/uploads\/2022\/02\/x_1644364113-scaled.jpg","keywords":["Financiamiento","Gustavo Bordet","Sector Productivo"],"articleSection":["Entre R\u00edos"],"inLanguage":"es","potentialAction":[{"@type":"CommentAction","name":"Comment","target":["https:\/\/informelitoral.com.ar\/bordet-firmo-convenios-de-financiamiento-para-reactivar-al-sector-productivo\/#respond"]}]},{"@type":"WebPage","@id":"https:\/\/informelitoral.com.ar\/bordet-firmo-convenios-de-financiamiento-para-reactivar-al-sector-productivo\/","url":"https:\/\/informelitoral.com.ar\/bordet-firmo-convenios-de-financiamiento-para-reactivar-al-sector-productivo\/","name":"Bordet firm\u00f3 convenios de financiamiento para reactivar al sector productivo - Informe Litoral","isPartOf":{"@id":"https:\/\/informelitoral.com.ar\/#website"},"primaryImageOfPage":{"@id":"https:\/\/informelitoral.com.ar\/bordet-firmo-convenios-de-financiamiento-para-reactivar-al-sector-productivo\/#primaryimage"},"image":{"@id":"https:\/\/informelitoral.com.ar\/bordet-firmo-convenios-de-financiamiento-para-reactivar-al-sector-productivo\/#primaryimage"},"thumbnailUrl":"https:\/\/informelitoral.com.ar\/%77%70%2d%63%6f%6e%74%65%6e%74\/uploads\/2022\/02\/x_1644364113-scaled.jpg","datePublished":"2022-02-09T10:50:55+00:00","dateModified":"2022-02-09T11:17:36+00:00","breadcrumb":{"@id":"https:\/\/informelitoral.com.ar\/bordet-firmo-convenios-de-financiamiento-para-reactivar-al-sector-productivo\/#breadcrumb"},"inLanguage":"es","potentialAction":[{"@type":"ReadAction","target":["https:\/\/informelitoral.com.ar\/bordet-firmo-convenios-de-financiamiento-para-reactivar-al-sector-productivo\/"]}]},{"@type":"ImageObject","inLanguage":"es","@id":"https:\/\/informelitoral.com.ar\/bordet-firmo-convenios-de-financiamiento-para-reactivar-al-sector-productivo\/#primaryimage","url":"https:\/\/informelitoral.com.ar\/%77%70%2d%63%6f%6e%74%65%6e%74\/uploads\/2022\/02\/x_1644364113-scaled.jpg","contentUrl":"https:\/\/informelitoral.com.ar\/%77%70%2d%63%6f%6e%74%65%6e%74\/uploads\/2022\/02\/x_1644364113-scaled.jpg","width":2560,"height":1707},{"@type":"BreadcrumbList","@id":"https:\/\/informelitoral.com.ar\/bordet-firmo-convenios-de-financiamiento-para-reactivar-al-sector-productivo\/#breadcrumb","itemListElement":[{"@type":"ListItem","position":1,"name":"Portada","item":"https:\/\/informelitoral.com.ar\/"},{"@type":"ListItem","position":2,"name":"Bordet firm\u00f3 convenios de financiamiento para reactivar al sector productivo"}]},{"@type":"WebSite","@id":"https:\/\/informelitoral.com.ar\/#website","url":"https:\/\/informelitoral.com.ar\/","name":"Informe Litoral","description":"&quot;Nos informamos&quot; ","publisher":{"@id":"https:\/\/informelitoral.com.ar\/#organization"},"potentialAction":[{"@type":"SearchAction","target":{"@type":"EntryPoint","urlTemplate":"https:\/\/informelitoral.com.ar\/?s={search_term_string}"},"query-input":{"@type":"PropertyValueSpecification","valueRequired":true,"valueName":"search_term_string"}}],"inLanguage":"es"},{"@type":"Organization","@id":"https:\/\/informelitoral.com.ar\/#organization","name":"Informe Litoral","url":"https:\/\/informelitoral.com.ar\/","logo":{"@type":"ImageObject","inLanguage":"es","@id":"https:\/\/informelitoral.com.ar\/#\/schema\/logo\/image\/","url":"https:\/\/informelitoral.com.ar\/%77%70%2d%63%6f%6e%74%65%6e%74\/uploads\/2021\/01\/circulo.png","contentUrl":"https:\/\/informelitoral.com.ar\/%77%70%2d%63%6f%6e%74%65%6e%74\/uploads\/2021\/01\/circulo.png","width":723,"height":731,"caption":"Informe Litoral"},"image":{"@id":"https:\/\/informelitoral.com.ar\/#\/schema\/logo\/image\/"},"sameAs":["https:\/\/www.facebook.com\/informelitoral\/","https:\/\/x.com\/InformeLitoral","https:\/\/www.instagram.com\/informelitoral\/","https:\/\/www.youtube.com\/channel\/UCua4Qvz8Icb6MYqhoq9xLXw"]},{"@type":"Person","@id":"https:\/\/informelitoral.com.ar\/#\/schema\/person\/f05f9f461677119578717524b127d6d5","name":"Sebastian","image":{"@type":"ImageObject","inLanguage":"es","@id":"https:\/\/secure.gravatar.com\/avatar\/b71bf7481d447dfb9583c7f2798e7cc64de6efb9067b74633ed8c31059a3bd82?s=96&d=mm&r=g","url":"https:\/\/secure.gravatar.com\/avatar\/b71bf7481d447dfb9583c7f2798e7cc64de6efb9067b74633ed8c31059a3bd82?s=96&d=mm&r=g","contentUrl":"https:\/\/secure.gravatar.com\/avatar\/b71bf7481d447dfb9583c7f2798e7cc64de6efb9067b74633ed8c31059a3bd82?s=96&d=mm&r=g","caption":"Sebastian"},"url":"https:\/\/informelitoral.com.ar\/author\/sebastian\/"}]}},"_links":{"self":[{"href":"https:\/\/informelitoral.com.ar\/%77%70%2d%6a%73%6f%6e\/wp\/v2\/posts\/71516","targetHints":{"allow":["GET"]}}],"collection":[{"href":"https:\/\/informelitoral.com.ar\/%77%70%2d%6a%73%6f%6e\/wp\/v2\/posts"}],"about":[{"href":"https:\/\/informelitoral.com.ar\/%77%70%2d%6a%73%6f%6e\/wp\/v2\/types\/post"}],"author":[{"embeddable":true,"href":"https:\/\/informelitoral.com.ar\/%77%70%2d%6a%73%6f%6e\/wp\/v2\/users\/8"}],"replies":[{"embeddable":true,"href":"https:\/\/informelitoral.com.ar\/%77%70%2d%6a%73%6f%6e\/wp\/v2\/comments?post=71516"}],"version-history":[{"count":0,"href":"https:\/\/informelitoral.com.ar\/%77%70%2d%6a%73%6f%6e\/wp\/v2\/posts\/71516\/revisions"}],"wp:featuredmedia":[{"embeddable":true,"href":"https:\/\/informelitoral.com.ar\/%77%70%2d%6a%73%6f%6e\/wp\/v2\/media\/71517"}],"wp:attachment":[{"href":"https:\/\/informelitoral.com.ar\/%77%70%2d%6a%73%6f%6e\/wp\/v2\/media?parent=71516"}],"wp:term":[{"taxonomy":"category","embeddable":true,"href":"https:\/\/informelitoral.com.ar\/%77%70%2d%6a%73%6f%6e\/wp\/v2\/categories?post=71516"},{"taxonomy":"post_tag","embeddable":true,"href":"https:\/\/informelitoral.com.ar\/%77%70%2d%6a%73%6f%6e\/wp\/v2\/tags?post=71516"}],"curies":[{"name":"wp","href":"https:\/\/api.w.org\/{rel}","templated":true}]}}