{"id":7151,"date":"2014-06-18T22:22:24","date_gmt":"2014-06-19T01:22:24","guid":{"rendered":"http:\/\/www.isletasnoticias.com.ar\/?p=7151"},"modified":"2014-06-18T22:27:02","modified_gmt":"2014-06-19T01:27:02","slug":"luis-rivero-urribarri-presidente-seria-lo-mejor-que-le-podria-pasar-a-la-provincia","status":"publish","type":"post","link":"https:\/\/informelitoral.com.ar\/luis-rivero-urribarri-presidente-seria-lo-mejor-que-le-podria-pasar-a-la-provincia\/","title":{"rendered":"Luis Rivero: \u201cUrribarri presidente, ser\u00eda lo mejor que le podr\u00eda pasar a la provincia\u201d"},"content":{"rendered":"<p style=\"text-align: left;\"><strong>El presidente de la Junta de Gobierno de Camps, <em>Luis Rivero (FPV)<\/em>, habl\u00f3 de las obras llevadas adelante durante su gesti\u00f3n. Tambi\u00e9n se refiri\u00f3 a proyectos, su futuro pol\u00edtico y el respaldo a <em>Sergio Urribarri.\u00a0<a href=\"http:\/\/www.isletasnoticias.com.ar\/%77%70%2d%63%6f%6e%74%65%6e%74\/uploads\/2014\/06\/577784_2652614731445_1428996036_n.jpg\"><img loading=\"lazy\" decoding=\"async\" class=\"aligncenter  wp-image-7152\" alt=\"577784_2652614731445_1428996036_n\" src=\"http:\/\/www.isletasnoticias.com.ar\/%77%70%2d%63%6f%6e%74%65%6e%74\/uploads\/2014\/06\/577784_2652614731445_1428996036_n-300x225.jpg\" width=\"500\" height=\"300\" \/><\/a><\/em><\/strong><\/p>\n<p>En di\u00e1logo con <em>El Observador<\/em>, el presidente de la Junta de Gobierno de Camps, Luis Rivero (FPV), hizo un repaso por los avances de la localidad en lo que va de su gesti\u00f3n, manifest\u00f3 su respaldo a la precandidatura presidencial del gobernador Sergio Urribarri y adelant\u00f3 que el Instituto Aut\u00e1rquico Provincial de la Vivienda (IAPV), construir\u00e1 9 unidades habitacionales. Sobre esto \u00faltimo, expres\u00f3 que \u201clos terrenos ya pasaron al Instituto y en los pr\u00f3ximos meses comenzar\u00e1n las obras. Es algo muy importante, porque hay mucha necesidad de viviendas\u201d, reconoci\u00f3 el jefe comunal.<\/p>\n<p>Al hacer un repaso por algunas de las mejoras que se realizaron en los \u00faltimos a\u00f1os, Rivero enumer\u00f3 que \u201cse colocaron nuevas luminarias con cableado subterr\u00e1neo en la mayor parte de la localidad. Tambi\u00e9n se construy\u00f3 un parque infantil, una plaza y estamos embrozando caminos vecinales porque a partir de las \u00faltimas lluvias quedaron muy deteriorados. Adem\u00e1s, mediante el plan \u2018M\u00e1s Cerca\u2019 est\u00e1 prevista la iluminaci\u00f3n del acceso, la construcci\u00f3n de cord\u00f3n cuneta y el arreglo de una planchada que est\u00e1 rota\u201d.<\/p>\n<p>En este sentido el funcionario destac\u00f3 el trabajo en conjunto entre la Junta de Gobierno, la provincia y naci\u00f3n adem\u00e1s del apoyo de los legisladores Daniel Kr\u00e4mer y Juan Carlos Darrich\u00f3n, con quienes \u201ctenemos muy buena relaci\u00f3n y siempre est\u00e1n acompa\u00f1ando las gestiones nuestras desde su lugar. Por intermedio de Kr\u00e4mer, hace algunas semanas, los presidentes de juntas de gobierno tuvimos una entrevista con el ministro de Desarrollo Social, Carlos Ramos, a quien le planteamos la situaci\u00f3n y necesidad que tenemos en cada comuna\u201d.<\/p>\n<p>Por otro lado, el presidente de la Junta reconoci\u00f3 que el presupuesto con que cuentan es insuficiente ya que \u201cse distorsionaron los precios y la coparticipaci\u00f3n que recibimos sigue siendo la misma. Tengo una Junta de Gobierno de tercera categor\u00eda y no llegamos nunca a cubrir todas las necesidades, m\u00e1s si se cuenta con empleados. Siempre estamos al l\u00edmite\u201d, sentenci\u00f3. En cuanto a lo netamente pol\u00edtico y en referencia a una posible reelecci\u00f3n en 2015, sostuvo que \u201cmi idea es terminar mi mandato porque ya hice dos gestiones, quedan cosas por hacer pero tambi\u00e9n siempre dej\u00e9 algo para el pueblo. Ahora tiene que venir gente nueva que siga trabajando porque el pol\u00edtico tiene que tratar que haya renovaci\u00f3n\u201d, remarc\u00f3 Rivero y agreg\u00f3 que a\u00fan no hay un candidato para el cargo. Finalmente, en el orden provincial destac\u00f3 la importancia del apoyo al gobernador en su campa\u00f1a para llegar a la Casa Rosada, ya que \u201cUrribarri presidente, ser\u00eda lo mejor que le podr\u00eda pasar a la provincia, porque la apertura que tuvo con todos los dirigentes, de diferentes colores pol\u00edticos, es impresionante. Siempre ayud\u00f3 a cada municipio y Junta de Gobierno\u201d.<\/p>\n","protected":false},"excerpt":{"rendered":"<p>El presidente de la Junta de Gobierno de Camps, Luis Rivero (FPV), habl&oacute; de las obras llevadas adelante durante su gesti&oacute;n. Tambi&eacute;n se refiri&oacute; a proyectos, su futuro pol&iacute;tico y el respaldo a Sergio Urribarri.&nbsp; En di&aacute;logo con El Observador, el presidente de la Junta de Gobierno de Camps, Luis Rivero (FPV), hizo un repaso [&hellip;]<\/p>\n","protected":false},"author":2,"featured_media":0,"comment_status":"open","ping_status":"open","sticky":false,"template":"","format":"standard","meta":{"fifu_image_url":"","fifu_image_alt":"","footnotes":""},"categories":[5,16],"tags":[],"class_list":{"0":"post-7151","1":"post","2":"type-post","3":"status-publish","4":"format-standard","6":"category-zonales","7":"category-politi"},"yoast_head":"<title>Luis Rivero: \u201cUrribarri presidente, ser\u00eda lo mejor que le podr\u00eda pasar a la provincia\u201d - Informe Litoral<\/title>\n<meta name=\"robots\" content=\"index, follow, max-snippet:-1, max-image-preview:large, max-video-preview:-1\" \/>\n<link rel=\"canonical\" href=\"https:\/\/informelitoral.com.ar\/luis-rivero-urribarri-presidente-seria-lo-mejor-que-le-podria-pasar-a-la-provincia\/\" \/>\n<meta property=\"og:locale\" content=\"es_ES\" \/>\n<meta property=\"og:type\" content=\"article\" \/>\n<meta property=\"og:title\" content=\"Luis Rivero: \u201cUrribarri presidente, ser\u00eda lo mejor que le podr\u00eda pasar a la provincia\u201d - Informe Litoral\" \/>\n<meta property=\"og:description\" content=\"El presidente de la Junta de Gobierno de Camps, Luis Rivero (FPV), habl&oacute; de las obras llevadas adelante durante su gesti&oacute;n. Tambi&eacute;n se refiri&oacute; a proyectos, su futuro pol&iacute;tico y el respaldo a Sergio Urribarri.&nbsp; En di&aacute;logo con El Observador, el presidente de la Junta de Gobierno de Camps, Luis Rivero (FPV), hizo un repaso [&hellip;]\" \/>\n<meta property=\"og:url\" content=\"https:\/\/informelitoral.com.ar\/luis-rivero-urribarri-presidente-seria-lo-mejor-que-le-podria-pasar-a-la-provincia\/\" \/>\n<meta property=\"og:site_name\" content=\"Informe Litoral\" \/>\n<meta property=\"article:publisher\" content=\"https:\/\/www.facebook.com\/informelitoral\/\" \/>\n<meta property=\"article:published_time\" content=\"2014-06-19T01:22:24+00:00\" \/>\n<meta property=\"article:modified_time\" content=\"2014-06-19T01:27:02+00:00\" \/>\n<meta property=\"og:image\" content=\"https:\/\/informelitoral.com.ar\/%77%70%2d%63%6f%6e%74%65%6e%74\/uploads\/2014\/06\/577784_2652614731445_1428996036_n.jpg\" \/>\n\t<meta property=\"og:image:width\" content=\"960\" \/>\n\t<meta property=\"og:image:height\" content=\"720\" \/>\n\t<meta property=\"og:image:type\" content=\"image\/jpeg\" \/>\n<meta name=\"author\" content=\"Gonzalo Schmidt\" \/>\n<meta name=\"twitter:card\" content=\"summary_large_image\" \/>\n<meta name=\"twitter:creator\" content=\"@InformeLitoral\" \/>\n<meta name=\"twitter:site\" content=\"@InformeLitoral\" \/>\n<meta name=\"twitter:label1\" content=\"Escrito por\" \/>\n\t<meta name=\"twitter:data1\" content=\"Gonzalo Schmidt\" \/>\n\t<meta name=\"twitter:label2\" content=\"Tiempo de lectura\" \/>\n\t<meta name=\"twitter:data2\" content=\"3 minutos\" \/>\n<script type=\"application\/ld+json\" class=\"yoast-schema-graph\">{\"@context\":\"https:\\\/\\\/schema.org\",\"@graph\":[{\"@type\":\"Article\",\"@id\":\"https:\\\/\\\/informelitoral.com.ar\\\/luis-rivero-urribarri-presidente-seria-lo-mejor-que-le-podria-pasar-a-la-provincia\\\/#article\",\"isPartOf\":{\"@id\":\"https:\\\/\\\/informelitoral.com.ar\\\/luis-rivero-urribarri-presidente-seria-lo-mejor-que-le-podria-pasar-a-la-provincia\\\/\"},\"author\":{\"name\":\"Gonzalo Schmidt\",\"@id\":\"https:\\\/\\\/informelitoral.com.ar\\\/#\\\/schema\\\/person\\\/b9d00407c836482871ef1d57bf8e3180\"},\"headline\":\"Luis Rivero: \u201cUrribarri presidente, ser\u00eda lo mejor que le podr\u00eda pasar a la provincia\u201d\",\"datePublished\":\"2014-06-19T01:22:24+00:00\",\"dateModified\":\"2014-06-19T01:27:02+00:00\",\"mainEntityOfPage\":{\"@id\":\"https:\\\/\\\/informelitoral.com.ar\\\/luis-rivero-urribarri-presidente-seria-lo-mejor-que-le-podria-pasar-a-la-provincia\\\/\"},\"wordCount\":536,\"commentCount\":0,\"publisher\":{\"@id\":\"https:\\\/\\\/informelitoral.com.ar\\\/#organization\"},\"image\":{\"@id\":\"https:\\\/\\\/informelitoral.com.ar\\\/luis-rivero-urribarri-presidente-seria-lo-mejor-que-le-podria-pasar-a-la-provincia\\\/#primaryimage\"},\"thumbnailUrl\":\"http:\\\/\\\/www.isletasnoticias.com.ar\\\/%77%70%2d%63%6f%6e%74%65%6e%74\\\/uploads\\\/2014\\\/06\\\/577784_2652614731445_1428996036_n-300x225.jpg\",\"articleSection\":[\"Departamento Diamante\",\"Politica\"],\"inLanguage\":\"es\",\"potentialAction\":[{\"@type\":\"CommentAction\",\"name\":\"Comment\",\"target\":[\"https:\\\/\\\/informelitoral.com.ar\\\/luis-rivero-urribarri-presidente-seria-lo-mejor-que-le-podria-pasar-a-la-provincia\\\/#respond\"]}]},{\"@type\":\"WebPage\",\"@id\":\"https:\\\/\\\/informelitoral.com.ar\\\/luis-rivero-urribarri-presidente-seria-lo-mejor-que-le-podria-pasar-a-la-provincia\\\/\",\"url\":\"https:\\\/\\\/informelitoral.com.ar\\\/luis-rivero-urribarri-presidente-seria-lo-mejor-que-le-podria-pasar-a-la-provincia\\\/\",\"name\":\"Luis Rivero: \u201cUrribarri presidente, ser\u00eda lo mejor que le podr\u00eda pasar a la provincia\u201d - Informe Litoral\",\"isPartOf\":{\"@id\":\"https:\\\/\\\/informelitoral.com.ar\\\/#website\"},\"primaryImageOfPage\":{\"@id\":\"https:\\\/\\\/informelitoral.com.ar\\\/luis-rivero-urribarri-presidente-seria-lo-mejor-que-le-podria-pasar-a-la-provincia\\\/#primaryimage\"},\"image\":{\"@id\":\"https:\\\/\\\/informelitoral.com.ar\\\/luis-rivero-urribarri-presidente-seria-lo-mejor-que-le-podria-pasar-a-la-provincia\\\/#primaryimage\"},\"thumbnailUrl\":\"http:\\\/\\\/www.isletasnoticias.com.ar\\\/%77%70%2d%63%6f%6e%74%65%6e%74\\\/uploads\\\/2014\\\/06\\\/577784_2652614731445_1428996036_n-300x225.jpg\",\"datePublished\":\"2014-06-19T01:22:24+00:00\",\"dateModified\":\"2014-06-19T01:27:02+00:00\",\"breadcrumb\":{\"@id\":\"https:\\\/\\\/informelitoral.com.ar\\\/luis-rivero-urribarri-presidente-seria-lo-mejor-que-le-podria-pasar-a-la-provincia\\\/#breadcrumb\"},\"inLanguage\":\"es\",\"potentialAction\":[{\"@type\":\"ReadAction\",\"target\":[\"https:\\\/\\\/informelitoral.com.ar\\\/luis-rivero-urribarri-presidente-seria-lo-mejor-que-le-podria-pasar-a-la-provincia\\\/\"]}]},{\"@type\":\"ImageObject\",\"inLanguage\":\"es\",\"@id\":\"https:\\\/\\\/informelitoral.com.ar\\\/luis-rivero-urribarri-presidente-seria-lo-mejor-que-le-podria-pasar-a-la-provincia\\\/#primaryimage\",\"url\":\"http:\\\/\\\/www.isletasnoticias.com.ar\\\/%77%70%2d%63%6f%6e%74%65%6e%74\\\/uploads\\\/2014\\\/06\\\/577784_2652614731445_1428996036_n-300x225.jpg\",\"contentUrl\":\"http:\\\/\\\/www.isletasnoticias.com.ar\\\/%77%70%2d%63%6f%6e%74%65%6e%74\\\/uploads\\\/2014\\\/06\\\/577784_2652614731445_1428996036_n-300x225.jpg\"},{\"@type\":\"BreadcrumbList\",\"@id\":\"https:\\\/\\\/informelitoral.com.ar\\\/luis-rivero-urribarri-presidente-seria-lo-mejor-que-le-podria-pasar-a-la-provincia\\\/#breadcrumb\",\"itemListElement\":[{\"@type\":\"ListItem\",\"position\":1,\"name\":\"Portada\",\"item\":\"https:\\\/\\\/informelitoral.com.ar\\\/\"},{\"@type\":\"ListItem\",\"position\":2,\"name\":\"Luis Rivero: \u201cUrribarri presidente, ser\u00eda lo mejor que le podr\u00eda pasar a la provincia\u201d\"}]},{\"@type\":\"WebSite\",\"@id\":\"https:\\\/\\\/informelitoral.com.ar\\\/#website\",\"url\":\"https:\\\/\\\/informelitoral.com.ar\\\/\",\"name\":\"Informe Litoral\",\"description\":\"&quot;Nos informamos&quot; \",\"publisher\":{\"@id\":\"https:\\\/\\\/informelitoral.com.ar\\\/#organization\"},\"potentialAction\":[{\"@type\":\"SearchAction\",\"target\":{\"@type\":\"EntryPoint\",\"urlTemplate\":\"https:\\\/\\\/informelitoral.com.ar\\\/?s={search_term_string}\"},\"query-input\":{\"@type\":\"PropertyValueSpecification\",\"valueRequired\":true,\"valueName\":\"search_term_string\"}}],\"inLanguage\":\"es\"},{\"@type\":\"Organization\",\"@id\":\"https:\\\/\\\/informelitoral.com.ar\\\/#organization\",\"name\":\"Informe Litoral\",\"url\":\"https:\\\/\\\/informelitoral.com.ar\\\/\",\"logo\":{\"@type\":\"ImageObject\",\"inLanguage\":\"es\",\"@id\":\"https:\\\/\\\/informelitoral.com.ar\\\/#\\\/schema\\\/logo\\\/image\\\/\",\"url\":\"https:\\\/\\\/informelitoral.com.ar\\\/%77%70%2d%63%6f%6e%74%65%6e%74\\\/uploads\\\/2021\\\/01\\\/circulo.png\",\"contentUrl\":\"https:\\\/\\\/informelitoral.com.ar\\\/%77%70%2d%63%6f%6e%74%65%6e%74\\\/uploads\\\/2021\\\/01\\\/circulo.png\",\"width\":723,\"height\":731,\"caption\":\"Informe Litoral\"},\"image\":{\"@id\":\"https:\\\/\\\/informelitoral.com.ar\\\/#\\\/schema\\\/logo\\\/image\\\/\"},\"sameAs\":[\"https:\\\/\\\/www.facebook.com\\\/informelitoral\\\/\",\"https:\\\/\\\/x.com\\\/InformeLitoral\",\"https:\\\/\\\/www.instagram.com\\\/informelitoral\\\/\",\"https:\\\/\\\/www.youtube.com\\\/channel\\\/UCua4Qvz8Icb6MYqhoq9xLXw\"]},{\"@type\":\"Person\",\"@id\":\"https:\\\/\\\/informelitoral.com.ar\\\/#\\\/schema\\\/person\\\/b9d00407c836482871ef1d57bf8e3180\",\"name\":\"Gonzalo Schmidt\",\"image\":{\"@type\":\"ImageObject\",\"inLanguage\":\"es\",\"@id\":\"https:\\\/\\\/secure.gravatar.com\\\/avatar\\\/31a1a7b66ff2de83bd0e9fd79d026630d2d99e55e8bfe501287647b4fd9743de?s=96&d=mm&r=g\",\"url\":\"https:\\\/\\\/secure.gravatar.com\\\/avatar\\\/31a1a7b66ff2de83bd0e9fd79d026630d2d99e55e8bfe501287647b4fd9743de?s=96&d=mm&r=g\",\"contentUrl\":\"https:\\\/\\\/secure.gravatar.com\\\/avatar\\\/31a1a7b66ff2de83bd0e9fd79d026630d2d99e55e8bfe501287647b4fd9743de?s=96&d=mm&r=g\",\"caption\":\"Gonzalo Schmidt\"},\"description\":\"Sitio web de noticias de la provincia de Entre R\u00edos, Argentina. Informaci\u00f3n y entretenimiento. Informe Litoral, nos informamos.\",\"sameAs\":[\"http:\\\/\\\/www.isletasnoticias.com.ar\"],\"url\":\"https:\\\/\\\/informelitoral.com.ar\\\/author\\\/gonzalo\\\/\"}]}<\/script>","yoast_head_json":{"title":"Luis Rivero: \u201cUrribarri presidente, ser\u00eda lo mejor que le podr\u00eda pasar a la provincia\u201d - Informe Litoral","robots":{"index":"index","follow":"follow","max-snippet":"max-snippet:-1","max-image-preview":"max-image-preview:large","max-video-preview":"max-video-preview:-1"},"canonical":"https:\/\/informelitoral.com.ar\/luis-rivero-urribarri-presidente-seria-lo-mejor-que-le-podria-pasar-a-la-provincia\/","og_locale":"es_ES","og_type":"article","og_title":"Luis Rivero: \u201cUrribarri presidente, ser\u00eda lo mejor que le podr\u00eda pasar a la provincia\u201d - Informe Litoral","og_description":"El presidente de la Junta de Gobierno de Camps, Luis Rivero (FPV), habl&oacute; de las obras llevadas adelante durante su gesti&oacute;n. Tambi&eacute;n se refiri&oacute; a proyectos, su futuro pol&iacute;tico y el respaldo a Sergio Urribarri.&nbsp; En di&aacute;logo con El Observador, el presidente de la Junta de Gobierno de Camps, Luis Rivero (FPV), hizo un repaso [&hellip;]","og_url":"https:\/\/informelitoral.com.ar\/luis-rivero-urribarri-presidente-seria-lo-mejor-que-le-podria-pasar-a-la-provincia\/","og_site_name":"Informe Litoral","article_publisher":"https:\/\/www.facebook.com\/informelitoral\/","article_published_time":"2014-06-19T01:22:24+00:00","article_modified_time":"2014-06-19T01:27:02+00:00","og_image":[{"width":960,"height":720,"url":"https:\/\/informelitoral.com.ar\/%77%70%2d%63%6f%6e%74%65%6e%74\/uploads\/2014\/06\/577784_2652614731445_1428996036_n.jpg","type":"image\/jpeg"}],"author":"Gonzalo Schmidt","twitter_card":"summary_large_image","twitter_creator":"@InformeLitoral","twitter_site":"@InformeLitoral","twitter_misc":{"Escrito por":"Gonzalo Schmidt","Tiempo de lectura":"3 minutos"},"schema":{"@context":"https:\/\/schema.org","@graph":[{"@type":"Article","@id":"https:\/\/informelitoral.com.ar\/luis-rivero-urribarri-presidente-seria-lo-mejor-que-le-podria-pasar-a-la-provincia\/#article","isPartOf":{"@id":"https:\/\/informelitoral.com.ar\/luis-rivero-urribarri-presidente-seria-lo-mejor-que-le-podria-pasar-a-la-provincia\/"},"author":{"name":"Gonzalo Schmidt","@id":"https:\/\/informelitoral.com.ar\/#\/schema\/person\/b9d00407c836482871ef1d57bf8e3180"},"headline":"Luis Rivero: \u201cUrribarri presidente, ser\u00eda lo mejor que le podr\u00eda pasar a la provincia\u201d","datePublished":"2014-06-19T01:22:24+00:00","dateModified":"2014-06-19T01:27:02+00:00","mainEntityOfPage":{"@id":"https:\/\/informelitoral.com.ar\/luis-rivero-urribarri-presidente-seria-lo-mejor-que-le-podria-pasar-a-la-provincia\/"},"wordCount":536,"commentCount":0,"publisher":{"@id":"https:\/\/informelitoral.com.ar\/#organization"},"image":{"@id":"https:\/\/informelitoral.com.ar\/luis-rivero-urribarri-presidente-seria-lo-mejor-que-le-podria-pasar-a-la-provincia\/#primaryimage"},"thumbnailUrl":"http:\/\/www.isletasnoticias.com.ar\/%77%70%2d%63%6f%6e%74%65%6e%74\/uploads\/2014\/06\/577784_2652614731445_1428996036_n-300x225.jpg","articleSection":["Departamento Diamante","Politica"],"inLanguage":"es","potentialAction":[{"@type":"CommentAction","name":"Comment","target":["https:\/\/informelitoral.com.ar\/luis-rivero-urribarri-presidente-seria-lo-mejor-que-le-podria-pasar-a-la-provincia\/#respond"]}]},{"@type":"WebPage","@id":"https:\/\/informelitoral.com.ar\/luis-rivero-urribarri-presidente-seria-lo-mejor-que-le-podria-pasar-a-la-provincia\/","url":"https:\/\/informelitoral.com.ar\/luis-rivero-urribarri-presidente-seria-lo-mejor-que-le-podria-pasar-a-la-provincia\/","name":"Luis Rivero: \u201cUrribarri presidente, ser\u00eda lo mejor que le podr\u00eda pasar a la provincia\u201d - Informe Litoral","isPartOf":{"@id":"https:\/\/informelitoral.com.ar\/#website"},"primaryImageOfPage":{"@id":"https:\/\/informelitoral.com.ar\/luis-rivero-urribarri-presidente-seria-lo-mejor-que-le-podria-pasar-a-la-provincia\/#primaryimage"},"image":{"@id":"https:\/\/informelitoral.com.ar\/luis-rivero-urribarri-presidente-seria-lo-mejor-que-le-podria-pasar-a-la-provincia\/#primaryimage"},"thumbnailUrl":"http:\/\/www.isletasnoticias.com.ar\/%77%70%2d%63%6f%6e%74%65%6e%74\/uploads\/2014\/06\/577784_2652614731445_1428996036_n-300x225.jpg","datePublished":"2014-06-19T01:22:24+00:00","dateModified":"2014-06-19T01:27:02+00:00","breadcrumb":{"@id":"https:\/\/informelitoral.com.ar\/luis-rivero-urribarri-presidente-seria-lo-mejor-que-le-podria-pasar-a-la-provincia\/#breadcrumb"},"inLanguage":"es","potentialAction":[{"@type":"ReadAction","target":["https:\/\/informelitoral.com.ar\/luis-rivero-urribarri-presidente-seria-lo-mejor-que-le-podria-pasar-a-la-provincia\/"]}]},{"@type":"ImageObject","inLanguage":"es","@id":"https:\/\/informelitoral.com.ar\/luis-rivero-urribarri-presidente-seria-lo-mejor-que-le-podria-pasar-a-la-provincia\/#primaryimage","url":"http:\/\/www.isletasnoticias.com.ar\/%77%70%2d%63%6f%6e%74%65%6e%74\/uploads\/2014\/06\/577784_2652614731445_1428996036_n-300x225.jpg","contentUrl":"http:\/\/www.isletasnoticias.com.ar\/%77%70%2d%63%6f%6e%74%65%6e%74\/uploads\/2014\/06\/577784_2652614731445_1428996036_n-300x225.jpg"},{"@type":"BreadcrumbList","@id":"https:\/\/informelitoral.com.ar\/luis-rivero-urribarri-presidente-seria-lo-mejor-que-le-podria-pasar-a-la-provincia\/#breadcrumb","itemListElement":[{"@type":"ListItem","position":1,"name":"Portada","item":"https:\/\/informelitoral.com.ar\/"},{"@type":"ListItem","position":2,"name":"Luis Rivero: \u201cUrribarri presidente, ser\u00eda lo mejor que le podr\u00eda pasar a la provincia\u201d"}]},{"@type":"WebSite","@id":"https:\/\/informelitoral.com.ar\/#website","url":"https:\/\/informelitoral.com.ar\/","name":"Informe Litoral","description":"&quot;Nos informamos&quot; ","publisher":{"@id":"https:\/\/informelitoral.com.ar\/#organization"},"potentialAction":[{"@type":"SearchAction","target":{"@type":"EntryPoint","urlTemplate":"https:\/\/informelitoral.com.ar\/?s={search_term_string}"},"query-input":{"@type":"PropertyValueSpecification","valueRequired":true,"valueName":"search_term_string"}}],"inLanguage":"es"},{"@type":"Organization","@id":"https:\/\/informelitoral.com.ar\/#organization","name":"Informe Litoral","url":"https:\/\/informelitoral.com.ar\/","logo":{"@type":"ImageObject","inLanguage":"es","@id":"https:\/\/informelitoral.com.ar\/#\/schema\/logo\/image\/","url":"https:\/\/informelitoral.com.ar\/%77%70%2d%63%6f%6e%74%65%6e%74\/uploads\/2021\/01\/circulo.png","contentUrl":"https:\/\/informelitoral.com.ar\/%77%70%2d%63%6f%6e%74%65%6e%74\/uploads\/2021\/01\/circulo.png","width":723,"height":731,"caption":"Informe Litoral"},"image":{"@id":"https:\/\/informelitoral.com.ar\/#\/schema\/logo\/image\/"},"sameAs":["https:\/\/www.facebook.com\/informelitoral\/","https:\/\/x.com\/InformeLitoral","https:\/\/www.instagram.com\/informelitoral\/","https:\/\/www.youtube.com\/channel\/UCua4Qvz8Icb6MYqhoq9xLXw"]},{"@type":"Person","@id":"https:\/\/informelitoral.com.ar\/#\/schema\/person\/b9d00407c836482871ef1d57bf8e3180","name":"Gonzalo Schmidt","image":{"@type":"ImageObject","inLanguage":"es","@id":"https:\/\/secure.gravatar.com\/avatar\/31a1a7b66ff2de83bd0e9fd79d026630d2d99e55e8bfe501287647b4fd9743de?s=96&d=mm&r=g","url":"https:\/\/secure.gravatar.com\/avatar\/31a1a7b66ff2de83bd0e9fd79d026630d2d99e55e8bfe501287647b4fd9743de?s=96&d=mm&r=g","contentUrl":"https:\/\/secure.gravatar.com\/avatar\/31a1a7b66ff2de83bd0e9fd79d026630d2d99e55e8bfe501287647b4fd9743de?s=96&d=mm&r=g","caption":"Gonzalo Schmidt"},"description":"Sitio web de noticias de la provincia de Entre R\u00edos, Argentina. Informaci\u00f3n y entretenimiento. Informe Litoral, nos informamos.","sameAs":["http:\/\/www.isletasnoticias.com.ar"],"url":"https:\/\/informelitoral.com.ar\/author\/gonzalo\/"}]}},"_links":{"self":[{"href":"https:\/\/informelitoral.com.ar\/%77%70%2d%6a%73%6f%6e\/wp\/v2\/posts\/7151","targetHints":{"allow":["GET"]}}],"collection":[{"href":"https:\/\/informelitoral.com.ar\/%77%70%2d%6a%73%6f%6e\/wp\/v2\/posts"}],"about":[{"href":"https:\/\/informelitoral.com.ar\/%77%70%2d%6a%73%6f%6e\/wp\/v2\/types\/post"}],"author":[{"embeddable":true,"href":"https:\/\/informelitoral.com.ar\/%77%70%2d%6a%73%6f%6e\/wp\/v2\/users\/2"}],"replies":[{"embeddable":true,"href":"https:\/\/informelitoral.com.ar\/%77%70%2d%6a%73%6f%6e\/wp\/v2\/comments?post=7151"}],"version-history":[{"count":0,"href":"https:\/\/informelitoral.com.ar\/%77%70%2d%6a%73%6f%6e\/wp\/v2\/posts\/7151\/revisions"}],"wp:attachment":[{"href":"https:\/\/informelitoral.com.ar\/%77%70%2d%6a%73%6f%6e\/wp\/v2\/media?parent=7151"}],"wp:term":[{"taxonomy":"category","embeddable":true,"href":"https:\/\/informelitoral.com.ar\/%77%70%2d%6a%73%6f%6e\/wp\/v2\/categories?post=7151"},{"taxonomy":"post_tag","embeddable":true,"href":"https:\/\/informelitoral.com.ar\/%77%70%2d%6a%73%6f%6e\/wp\/v2\/tags?post=7151"}],"curies":[{"name":"wp","href":"https:\/\/api.w.org\/{rel}","templated":true}]}}