{"id":71481,"date":"2022-02-08T12:44:44","date_gmt":"2022-02-08T15:44:44","guid":{"rendered":"https:\/\/www.informelitoral.com.ar\/?p=71481"},"modified":"2022-02-08T12:44:44","modified_gmt":"2022-02-08T15:44:44","slug":"alberto-fernandez-concluye-su-gira-con-una-reunion-con-la-primera-ministra-de-barbados","status":"publish","type":"post","link":"https:\/\/informelitoral.com.ar\/alberto-fernandez-concluye-su-gira-con-una-reunion-con-la-primera-ministra-de-barbados\/","title":{"rendered":"Alberto Fern\u00e1ndez concluye su gira con una reuni\u00f3n con la primera ministra de Barbados"},"content":{"rendered":"<article id=\"article-post\" class=\"first\">\n<div class=\"cuerpo\" data-twitter-link=\"https:\/\/twitter.com\/intent\/tweet?url=https:\/\/ahora.com.ar\/c4257235&amp;via=PlataformaAhora&amp;related=Ahora&amp;text=\">\n<p>El presidente\u00a0Alberto Fern\u00e1ndez, titular del bloque regional de la Comunidad de Estados Latinoamericanos y Caribe\u00f1os (Celac), se encontraba reunido, a las 10,41 (hora de Argentina), con la primera ministra de la isla caribe\u00f1a de Barbados, Mia Mottley, \u00faltima escala de la gira iniciada la semana pasada por\u00a0Rusia\u00a0y\u00a0China.<\/p>\n<\/div>\n<\/article>\n<article id=\"article-post\">\n<div class=\"cuerpo\" data-twitter-link=\"https:\/\/twitter.com\/intent\/tweet?url=https:\/\/ahora.com.ar\/c4257235&amp;via=PlataformaAhora&amp;related=Ahora&amp;text=\">\n<p>El encuentro ten\u00eda lugar en el Centro Lloyd Erskine Sandiford, en la capital de Barbados, Bridgetown, dijeron a T\u00e9lam fuentes oficiales.<\/p>\n<p>Se trata de una visita\u00a0<strong>para \u00abdestacar el papel que Argentina, en la presidencia de la CELAC, le otorga a la regi\u00f3n del Caribe\u00bb.<\/strong><\/p>\n<p>Mottley, quien fue reelegida en el cargo recientemente, se destaca por su mensaje sobre el cambio clim\u00e1tico y, adem\u00e1s, apoy\u00f3 a a Argentina en la elecci\u00f3n del nuevo presidente de la Celac para que Fern\u00e1ndez alcanzase la presidencia pro t\u00e9mpore, el 7 de enero pasado.<\/p>\n<p>Adem\u00e1s, dijeron las fuentes oficiales a T\u00e9lam, el encuentro con Mottley refleja la \u00abrelevancia que el presidente Fern\u00e1ndez le otorga al liderazgo que la Argentina ejerce en temas concernientes a la equidad de g\u00e9nero, toda vez que Barbados es un pa\u00eds gobernado por mujeres en sus tres m\u00e1s altos cargos: su presidenta Sandra Mason; su primer ministra Mia Amor Mottley y su vice Santia Bradshaw\u00bb.<\/p>\n<p><strong>Otro eje clave<\/strong>\u00a0es que en 1968 la isla se independiz\u00f3 del Reino Unido -que mantiene usurpadas las islas Malvinas- y, desde noviembre del 2021, Mottley cumpli\u00f3 su prop\u00f3sito y\u00a0el pa\u00eds abandon\u00f3 la monarqu\u00eda y se transform\u00f3 en la Rep\u00fablica m\u00e1s joven del mundo.<\/p>\n<p>En los \u00faltimos d\u00edas, la primera ministra Mottley gan\u00f3 las elecciones que le garantizaron su continuidad y adem\u00e1s obtuvo todas las bancas del congreso.<\/p>\n<p>Tras su encuentro con Mottley, Fern\u00e1ndez mantendr\u00e1 una reuni\u00f3n de trabajo regional con la Organizaci\u00f3n de Estados del Caribe Oriental (OECO), integrada por Antigua y Barbuda, Dominica, Granada, Saint Kitts y Nevis, Santa Luc\u00eda y San Vicente y las Granadinas.<\/p>\n<p>Seg\u00fan adelantaron los voceros, los temas de an\u00e1lisis ser\u00e1n \u00abcambio clim\u00e1tico, cooperaci\u00f3n t\u00e9cnica, arquitectura financiera internacional, igualdad de g\u00e9nero\u00bb.<\/p>\n<p>El ministro de Ambiente y Desarrollo Sostenible, Juan Cabandi\u00e9, se integr\u00f3 a la comitiva presidencial.<\/p>\n<p>La delegaci\u00f3n -que ya acompa\u00f1\u00f3 al Presidente en Rusia y China- est\u00e1 compuesta por el canciller, Santiago Cafiero, la gobernadora de R\u00edo Negro, Arabela Carreras; los gobernadores de Buenos Aires, Axel Kicillof, y de Catamarca, Ra\u00fal Jalil; la portavoz de la Presidencia, Gabriela Cerruti; la secretaria de Deportes, In\u00e9s Arrondo; el senador Adolfo Rodr\u00edguez Sa\u00e1, el diputado Eduardo Vald\u00e9s, la asesora presidencial Cecilia Nicolini, y el intendente de Jos\u00e9 C. Paz, Mario Ishii.<\/p>\n<p>&nbsp;<\/p>\n<\/div>\n<\/article>\n","protected":false},"excerpt":{"rendered":"<p>Despu\u00e9s de haber visitado Rusia y China, donde mantuvo reuniones con sus pares Vladimir Putin y Xi Jinping, respectivamente, Alberto Fern\u00e1ndez encara la \u00faltima escala de su gira internacional.<\/p>\n","protected":false},"author":8,"featured_media":71482,"comment_status":"open","ping_status":"open","sticky":false,"template":"","format":"standard","meta":{"fifu_image_url":"","fifu_image_alt":"","footnotes":""},"categories":[16],"tags":[1311,3113],"class_list":{"0":"post-71481","1":"post","2":"type-post","3":"status-publish","4":"format-standard","5":"has-post-thumbnail","7":"category-politi","8":"tag-alberto-fernandez","9":"tag-barbados"},"yoast_head":"<title>Alberto Fern\u00e1ndez concluye su gira con una reuni\u00f3n con la primera ministra de Barbados - Informe Litoral<\/title>\n<meta name=\"robots\" content=\"index, follow, max-snippet:-1, max-image-preview:large, max-video-preview:-1\" \/>\n<link rel=\"canonical\" href=\"https:\/\/informelitoral.com.ar\/alberto-fernandez-concluye-su-gira-con-una-reunion-con-la-primera-ministra-de-barbados\/\" \/>\n<meta property=\"og:locale\" content=\"es_ES\" \/>\n<meta property=\"og:type\" content=\"article\" \/>\n<meta property=\"og:title\" content=\"Alberto Fern\u00e1ndez concluye su gira con una reuni\u00f3n con la primera ministra de Barbados - Informe Litoral\" \/>\n<meta property=\"og:description\" content=\"Despu\u00e9s de haber visitado Rusia y China, donde mantuvo reuniones con sus pares Vladimir Putin y Xi Jinping, respectivamente, Alberto Fern\u00e1ndez encara la \u00faltima escala de su gira internacional.\" \/>\n<meta property=\"og:url\" content=\"https:\/\/informelitoral.com.ar\/alberto-fernandez-concluye-su-gira-con-una-reunion-con-la-primera-ministra-de-barbados\/\" \/>\n<meta property=\"og:site_name\" content=\"Informe Litoral\" \/>\n<meta property=\"article:publisher\" content=\"https:\/\/www.facebook.com\/informelitoral\/\" \/>\n<meta property=\"article:published_time\" content=\"2022-02-08T15:44:44+00:00\" \/>\n<meta property=\"og:image\" content=\"https:\/\/informelitoral.com.ar\/%77%70%2d%63%6f%6e%74%65%6e%74\/uploads\/2022\/02\/N4GC2SQDRJGCZARPRZC6UIPHRY.webp\" \/>\n\t<meta property=\"og:image:width\" content=\"992\" \/>\n\t<meta property=\"og:image:height\" content=\"558\" \/>\n\t<meta property=\"og:image:type\" content=\"image\/webp\" \/>\n<meta name=\"author\" content=\"Sebastian\" \/>\n<meta name=\"twitter:card\" content=\"summary_large_image\" \/>\n<meta name=\"twitter:creator\" content=\"@InformeLitoral\" \/>\n<meta name=\"twitter:site\" content=\"@InformeLitoral\" \/>\n<meta name=\"twitter:label1\" content=\"Escrito por\" \/>\n\t<meta name=\"twitter:data1\" content=\"Sebastian\" \/>\n\t<meta name=\"twitter:label2\" content=\"Tiempo de lectura\" \/>\n\t<meta name=\"twitter:data2\" content=\"2 minutos\" \/>\n<script type=\"application\/ld+json\" class=\"yoast-schema-graph\">{\"@context\":\"https:\\\/\\\/schema.org\",\"@graph\":[{\"@type\":\"Article\",\"@id\":\"https:\\\/\\\/informelitoral.com.ar\\\/alberto-fernandez-concluye-su-gira-con-una-reunion-con-la-primera-ministra-de-barbados\\\/#article\",\"isPartOf\":{\"@id\":\"https:\\\/\\\/informelitoral.com.ar\\\/alberto-fernandez-concluye-su-gira-con-una-reunion-con-la-primera-ministra-de-barbados\\\/\"},\"author\":{\"name\":\"Sebastian\",\"@id\":\"https:\\\/\\\/informelitoral.com.ar\\\/#\\\/schema\\\/person\\\/f05f9f461677119578717524b127d6d5\"},\"headline\":\"Alberto Fern\u00e1ndez concluye su gira con una reuni\u00f3n con la primera ministra de Barbados\",\"datePublished\":\"2022-02-08T15:44:44+00:00\",\"mainEntityOfPage\":{\"@id\":\"https:\\\/\\\/informelitoral.com.ar\\\/alberto-fernandez-concluye-su-gira-con-una-reunion-con-la-primera-ministra-de-barbados\\\/\"},\"wordCount\":476,\"commentCount\":0,\"publisher\":{\"@id\":\"https:\\\/\\\/informelitoral.com.ar\\\/#organization\"},\"image\":{\"@id\":\"https:\\\/\\\/informelitoral.com.ar\\\/alberto-fernandez-concluye-su-gira-con-una-reunion-con-la-primera-ministra-de-barbados\\\/#primaryimage\"},\"thumbnailUrl\":\"https:\\\/\\\/informelitoral.com.ar\\\/%77%70%2d%63%6f%6e%74%65%6e%74\\\/uploads\\\/2022\\\/02\\\/N4GC2SQDRJGCZARPRZC6UIPHRY.webp\",\"keywords\":[\"Alberto Fern\u00e1ndez\",\"Barbados\"],\"articleSection\":[\"Politica\"],\"inLanguage\":\"es\",\"potentialAction\":[{\"@type\":\"CommentAction\",\"name\":\"Comment\",\"target\":[\"https:\\\/\\\/informelitoral.com.ar\\\/alberto-fernandez-concluye-su-gira-con-una-reunion-con-la-primera-ministra-de-barbados\\\/#respond\"]}]},{\"@type\":\"WebPage\",\"@id\":\"https:\\\/\\\/informelitoral.com.ar\\\/alberto-fernandez-concluye-su-gira-con-una-reunion-con-la-primera-ministra-de-barbados\\\/\",\"url\":\"https:\\\/\\\/informelitoral.com.ar\\\/alberto-fernandez-concluye-su-gira-con-una-reunion-con-la-primera-ministra-de-barbados\\\/\",\"name\":\"Alberto Fern\u00e1ndez concluye su gira con una reuni\u00f3n con la primera ministra de Barbados - Informe Litoral\",\"isPartOf\":{\"@id\":\"https:\\\/\\\/informelitoral.com.ar\\\/#website\"},\"primaryImageOfPage\":{\"@id\":\"https:\\\/\\\/informelitoral.com.ar\\\/alberto-fernandez-concluye-su-gira-con-una-reunion-con-la-primera-ministra-de-barbados\\\/#primaryimage\"},\"image\":{\"@id\":\"https:\\\/\\\/informelitoral.com.ar\\\/alberto-fernandez-concluye-su-gira-con-una-reunion-con-la-primera-ministra-de-barbados\\\/#primaryimage\"},\"thumbnailUrl\":\"https:\\\/\\\/informelitoral.com.ar\\\/%77%70%2d%63%6f%6e%74%65%6e%74\\\/uploads\\\/2022\\\/02\\\/N4GC2SQDRJGCZARPRZC6UIPHRY.webp\",\"datePublished\":\"2022-02-08T15:44:44+00:00\",\"breadcrumb\":{\"@id\":\"https:\\\/\\\/informelitoral.com.ar\\\/alberto-fernandez-concluye-su-gira-con-una-reunion-con-la-primera-ministra-de-barbados\\\/#breadcrumb\"},\"inLanguage\":\"es\",\"potentialAction\":[{\"@type\":\"ReadAction\",\"target\":[\"https:\\\/\\\/informelitoral.com.ar\\\/alberto-fernandez-concluye-su-gira-con-una-reunion-con-la-primera-ministra-de-barbados\\\/\"]}]},{\"@type\":\"ImageObject\",\"inLanguage\":\"es\",\"@id\":\"https:\\\/\\\/informelitoral.com.ar\\\/alberto-fernandez-concluye-su-gira-con-una-reunion-con-la-primera-ministra-de-barbados\\\/#primaryimage\",\"url\":\"https:\\\/\\\/informelitoral.com.ar\\\/%77%70%2d%63%6f%6e%74%65%6e%74\\\/uploads\\\/2022\\\/02\\\/N4GC2SQDRJGCZARPRZC6UIPHRY.webp\",\"contentUrl\":\"https:\\\/\\\/informelitoral.com.ar\\\/%77%70%2d%63%6f%6e%74%65%6e%74\\\/uploads\\\/2022\\\/02\\\/N4GC2SQDRJGCZARPRZC6UIPHRY.webp\",\"width\":992,\"height\":558},{\"@type\":\"BreadcrumbList\",\"@id\":\"https:\\\/\\\/informelitoral.com.ar\\\/alberto-fernandez-concluye-su-gira-con-una-reunion-con-la-primera-ministra-de-barbados\\\/#breadcrumb\",\"itemListElement\":[{\"@type\":\"ListItem\",\"position\":1,\"name\":\"Portada\",\"item\":\"https:\\\/\\\/informelitoral.com.ar\\\/\"},{\"@type\":\"ListItem\",\"position\":2,\"name\":\"Alberto Fern\u00e1ndez concluye su gira con una reuni\u00f3n con la primera ministra de Barbados\"}]},{\"@type\":\"WebSite\",\"@id\":\"https:\\\/\\\/informelitoral.com.ar\\\/#website\",\"url\":\"https:\\\/\\\/informelitoral.com.ar\\\/\",\"name\":\"Informe Litoral\",\"description\":\"&quot;Nos informamos&quot; \",\"publisher\":{\"@id\":\"https:\\\/\\\/informelitoral.com.ar\\\/#organization\"},\"potentialAction\":[{\"@type\":\"SearchAction\",\"target\":{\"@type\":\"EntryPoint\",\"urlTemplate\":\"https:\\\/\\\/informelitoral.com.ar\\\/?s={search_term_string}\"},\"query-input\":{\"@type\":\"PropertyValueSpecification\",\"valueRequired\":true,\"valueName\":\"search_term_string\"}}],\"inLanguage\":\"es\"},{\"@type\":\"Organization\",\"@id\":\"https:\\\/\\\/informelitoral.com.ar\\\/#organization\",\"name\":\"Informe Litoral\",\"url\":\"https:\\\/\\\/informelitoral.com.ar\\\/\",\"logo\":{\"@type\":\"ImageObject\",\"inLanguage\":\"es\",\"@id\":\"https:\\\/\\\/informelitoral.com.ar\\\/#\\\/schema\\\/logo\\\/image\\\/\",\"url\":\"https:\\\/\\\/informelitoral.com.ar\\\/%77%70%2d%63%6f%6e%74%65%6e%74\\\/uploads\\\/2021\\\/01\\\/circulo.png\",\"contentUrl\":\"https:\\\/\\\/informelitoral.com.ar\\\/%77%70%2d%63%6f%6e%74%65%6e%74\\\/uploads\\\/2021\\\/01\\\/circulo.png\",\"width\":723,\"height\":731,\"caption\":\"Informe Litoral\"},\"image\":{\"@id\":\"https:\\\/\\\/informelitoral.com.ar\\\/#\\\/schema\\\/logo\\\/image\\\/\"},\"sameAs\":[\"https:\\\/\\\/www.facebook.com\\\/informelitoral\\\/\",\"https:\\\/\\\/x.com\\\/InformeLitoral\",\"https:\\\/\\\/www.instagram.com\\\/informelitoral\\\/\",\"https:\\\/\\\/www.youtube.com\\\/channel\\\/UCua4Qvz8Icb6MYqhoq9xLXw\"]},{\"@type\":\"Person\",\"@id\":\"https:\\\/\\\/informelitoral.com.ar\\\/#\\\/schema\\\/person\\\/f05f9f461677119578717524b127d6d5\",\"name\":\"Sebastian\",\"image\":{\"@type\":\"ImageObject\",\"inLanguage\":\"es\",\"@id\":\"https:\\\/\\\/secure.gravatar.com\\\/avatar\\\/b71bf7481d447dfb9583c7f2798e7cc64de6efb9067b74633ed8c31059a3bd82?s=96&d=mm&r=g\",\"url\":\"https:\\\/\\\/secure.gravatar.com\\\/avatar\\\/b71bf7481d447dfb9583c7f2798e7cc64de6efb9067b74633ed8c31059a3bd82?s=96&d=mm&r=g\",\"contentUrl\":\"https:\\\/\\\/secure.gravatar.com\\\/avatar\\\/b71bf7481d447dfb9583c7f2798e7cc64de6efb9067b74633ed8c31059a3bd82?s=96&d=mm&r=g\",\"caption\":\"Sebastian\"},\"url\":\"https:\\\/\\\/informelitoral.com.ar\\\/author\\\/sebastian\\\/\"}]}<\/script>","yoast_head_json":{"title":"Alberto Fern\u00e1ndez concluye su gira con una reuni\u00f3n con la primera ministra de Barbados - Informe Litoral","robots":{"index":"index","follow":"follow","max-snippet":"max-snippet:-1","max-image-preview":"max-image-preview:large","max-video-preview":"max-video-preview:-1"},"canonical":"https:\/\/informelitoral.com.ar\/alberto-fernandez-concluye-su-gira-con-una-reunion-con-la-primera-ministra-de-barbados\/","og_locale":"es_ES","og_type":"article","og_title":"Alberto Fern\u00e1ndez concluye su gira con una reuni\u00f3n con la primera ministra de Barbados - Informe Litoral","og_description":"Despu\u00e9s de haber visitado Rusia y China, donde mantuvo reuniones con sus pares Vladimir Putin y Xi Jinping, respectivamente, Alberto Fern\u00e1ndez encara la \u00faltima escala de su gira internacional.","og_url":"https:\/\/informelitoral.com.ar\/alberto-fernandez-concluye-su-gira-con-una-reunion-con-la-primera-ministra-de-barbados\/","og_site_name":"Informe Litoral","article_publisher":"https:\/\/www.facebook.com\/informelitoral\/","article_published_time":"2022-02-08T15:44:44+00:00","og_image":[{"width":992,"height":558,"url":"https:\/\/informelitoral.com.ar\/%77%70%2d%63%6f%6e%74%65%6e%74\/uploads\/2022\/02\/N4GC2SQDRJGCZARPRZC6UIPHRY.webp","type":"image\/webp"}],"author":"Sebastian","twitter_card":"summary_large_image","twitter_creator":"@InformeLitoral","twitter_site":"@InformeLitoral","twitter_misc":{"Escrito por":"Sebastian","Tiempo de lectura":"2 minutos"},"schema":{"@context":"https:\/\/schema.org","@graph":[{"@type":"Article","@id":"https:\/\/informelitoral.com.ar\/alberto-fernandez-concluye-su-gira-con-una-reunion-con-la-primera-ministra-de-barbados\/#article","isPartOf":{"@id":"https:\/\/informelitoral.com.ar\/alberto-fernandez-concluye-su-gira-con-una-reunion-con-la-primera-ministra-de-barbados\/"},"author":{"name":"Sebastian","@id":"https:\/\/informelitoral.com.ar\/#\/schema\/person\/f05f9f461677119578717524b127d6d5"},"headline":"Alberto Fern\u00e1ndez concluye su gira con una reuni\u00f3n con la primera ministra de Barbados","datePublished":"2022-02-08T15:44:44+00:00","mainEntityOfPage":{"@id":"https:\/\/informelitoral.com.ar\/alberto-fernandez-concluye-su-gira-con-una-reunion-con-la-primera-ministra-de-barbados\/"},"wordCount":476,"commentCount":0,"publisher":{"@id":"https:\/\/informelitoral.com.ar\/#organization"},"image":{"@id":"https:\/\/informelitoral.com.ar\/alberto-fernandez-concluye-su-gira-con-una-reunion-con-la-primera-ministra-de-barbados\/#primaryimage"},"thumbnailUrl":"https:\/\/informelitoral.com.ar\/%77%70%2d%63%6f%6e%74%65%6e%74\/uploads\/2022\/02\/N4GC2SQDRJGCZARPRZC6UIPHRY.webp","keywords":["Alberto Fern\u00e1ndez","Barbados"],"articleSection":["Politica"],"inLanguage":"es","potentialAction":[{"@type":"CommentAction","name":"Comment","target":["https:\/\/informelitoral.com.ar\/alberto-fernandez-concluye-su-gira-con-una-reunion-con-la-primera-ministra-de-barbados\/#respond"]}]},{"@type":"WebPage","@id":"https:\/\/informelitoral.com.ar\/alberto-fernandez-concluye-su-gira-con-una-reunion-con-la-primera-ministra-de-barbados\/","url":"https:\/\/informelitoral.com.ar\/alberto-fernandez-concluye-su-gira-con-una-reunion-con-la-primera-ministra-de-barbados\/","name":"Alberto Fern\u00e1ndez concluye su gira con una reuni\u00f3n con la primera ministra de Barbados - Informe Litoral","isPartOf":{"@id":"https:\/\/informelitoral.com.ar\/#website"},"primaryImageOfPage":{"@id":"https:\/\/informelitoral.com.ar\/alberto-fernandez-concluye-su-gira-con-una-reunion-con-la-primera-ministra-de-barbados\/#primaryimage"},"image":{"@id":"https:\/\/informelitoral.com.ar\/alberto-fernandez-concluye-su-gira-con-una-reunion-con-la-primera-ministra-de-barbados\/#primaryimage"},"thumbnailUrl":"https:\/\/informelitoral.com.ar\/%77%70%2d%63%6f%6e%74%65%6e%74\/uploads\/2022\/02\/N4GC2SQDRJGCZARPRZC6UIPHRY.webp","datePublished":"2022-02-08T15:44:44+00:00","breadcrumb":{"@id":"https:\/\/informelitoral.com.ar\/alberto-fernandez-concluye-su-gira-con-una-reunion-con-la-primera-ministra-de-barbados\/#breadcrumb"},"inLanguage":"es","potentialAction":[{"@type":"ReadAction","target":["https:\/\/informelitoral.com.ar\/alberto-fernandez-concluye-su-gira-con-una-reunion-con-la-primera-ministra-de-barbados\/"]}]},{"@type":"ImageObject","inLanguage":"es","@id":"https:\/\/informelitoral.com.ar\/alberto-fernandez-concluye-su-gira-con-una-reunion-con-la-primera-ministra-de-barbados\/#primaryimage","url":"https:\/\/informelitoral.com.ar\/%77%70%2d%63%6f%6e%74%65%6e%74\/uploads\/2022\/02\/N4GC2SQDRJGCZARPRZC6UIPHRY.webp","contentUrl":"https:\/\/informelitoral.com.ar\/%77%70%2d%63%6f%6e%74%65%6e%74\/uploads\/2022\/02\/N4GC2SQDRJGCZARPRZC6UIPHRY.webp","width":992,"height":558},{"@type":"BreadcrumbList","@id":"https:\/\/informelitoral.com.ar\/alberto-fernandez-concluye-su-gira-con-una-reunion-con-la-primera-ministra-de-barbados\/#breadcrumb","itemListElement":[{"@type":"ListItem","position":1,"name":"Portada","item":"https:\/\/informelitoral.com.ar\/"},{"@type":"ListItem","position":2,"name":"Alberto Fern\u00e1ndez concluye su gira con una reuni\u00f3n con la primera ministra de Barbados"}]},{"@type":"WebSite","@id":"https:\/\/informelitoral.com.ar\/#website","url":"https:\/\/informelitoral.com.ar\/","name":"Informe Litoral","description":"&quot;Nos informamos&quot; ","publisher":{"@id":"https:\/\/informelitoral.com.ar\/#organization"},"potentialAction":[{"@type":"SearchAction","target":{"@type":"EntryPoint","urlTemplate":"https:\/\/informelitoral.com.ar\/?s={search_term_string}"},"query-input":{"@type":"PropertyValueSpecification","valueRequired":true,"valueName":"search_term_string"}}],"inLanguage":"es"},{"@type":"Organization","@id":"https:\/\/informelitoral.com.ar\/#organization","name":"Informe Litoral","url":"https:\/\/informelitoral.com.ar\/","logo":{"@type":"ImageObject","inLanguage":"es","@id":"https:\/\/informelitoral.com.ar\/#\/schema\/logo\/image\/","url":"https:\/\/informelitoral.com.ar\/%77%70%2d%63%6f%6e%74%65%6e%74\/uploads\/2021\/01\/circulo.png","contentUrl":"https:\/\/informelitoral.com.ar\/%77%70%2d%63%6f%6e%74%65%6e%74\/uploads\/2021\/01\/circulo.png","width":723,"height":731,"caption":"Informe Litoral"},"image":{"@id":"https:\/\/informelitoral.com.ar\/#\/schema\/logo\/image\/"},"sameAs":["https:\/\/www.facebook.com\/informelitoral\/","https:\/\/x.com\/InformeLitoral","https:\/\/www.instagram.com\/informelitoral\/","https:\/\/www.youtube.com\/channel\/UCua4Qvz8Icb6MYqhoq9xLXw"]},{"@type":"Person","@id":"https:\/\/informelitoral.com.ar\/#\/schema\/person\/f05f9f461677119578717524b127d6d5","name":"Sebastian","image":{"@type":"ImageObject","inLanguage":"es","@id":"https:\/\/secure.gravatar.com\/avatar\/b71bf7481d447dfb9583c7f2798e7cc64de6efb9067b74633ed8c31059a3bd82?s=96&d=mm&r=g","url":"https:\/\/secure.gravatar.com\/avatar\/b71bf7481d447dfb9583c7f2798e7cc64de6efb9067b74633ed8c31059a3bd82?s=96&d=mm&r=g","contentUrl":"https:\/\/secure.gravatar.com\/avatar\/b71bf7481d447dfb9583c7f2798e7cc64de6efb9067b74633ed8c31059a3bd82?s=96&d=mm&r=g","caption":"Sebastian"},"url":"https:\/\/informelitoral.com.ar\/author\/sebastian\/"}]}},"_links":{"self":[{"href":"https:\/\/informelitoral.com.ar\/%77%70%2d%6a%73%6f%6e\/wp\/v2\/posts\/71481","targetHints":{"allow":["GET"]}}],"collection":[{"href":"https:\/\/informelitoral.com.ar\/%77%70%2d%6a%73%6f%6e\/wp\/v2\/posts"}],"about":[{"href":"https:\/\/informelitoral.com.ar\/%77%70%2d%6a%73%6f%6e\/wp\/v2\/types\/post"}],"author":[{"embeddable":true,"href":"https:\/\/informelitoral.com.ar\/%77%70%2d%6a%73%6f%6e\/wp\/v2\/users\/8"}],"replies":[{"embeddable":true,"href":"https:\/\/informelitoral.com.ar\/%77%70%2d%6a%73%6f%6e\/wp\/v2\/comments?post=71481"}],"version-history":[{"count":0,"href":"https:\/\/informelitoral.com.ar\/%77%70%2d%6a%73%6f%6e\/wp\/v2\/posts\/71481\/revisions"}],"wp:featuredmedia":[{"embeddable":true,"href":"https:\/\/informelitoral.com.ar\/%77%70%2d%6a%73%6f%6e\/wp\/v2\/media\/71482"}],"wp:attachment":[{"href":"https:\/\/informelitoral.com.ar\/%77%70%2d%6a%73%6f%6e\/wp\/v2\/media?parent=71481"}],"wp:term":[{"taxonomy":"category","embeddable":true,"href":"https:\/\/informelitoral.com.ar\/%77%70%2d%6a%73%6f%6e\/wp\/v2\/categories?post=71481"},{"taxonomy":"post_tag","embeddable":true,"href":"https:\/\/informelitoral.com.ar\/%77%70%2d%6a%73%6f%6e\/wp\/v2\/tags?post=71481"}],"curies":[{"name":"wp","href":"https:\/\/api.w.org\/{rel}","templated":true}]}}