{"id":71473,"date":"2022-02-08T10:49:06","date_gmt":"2022-02-08T13:49:06","guid":{"rendered":"https:\/\/www.informelitoral.com.ar\/?p=71473"},"modified":"2022-02-08T10:49:06","modified_gmt":"2022-02-08T13:49:06","slug":"por-incendios-forestales-productores-entrerrianos-perdieron-1-200-millones","status":"publish","type":"post","link":"https:\/\/informelitoral.com.ar\/por-incendios-forestales-productores-entrerrianos-perdieron-1-200-millones\/","title":{"rendered":"Por incendios forestales, productores entrerrianos perdieron $1.200 millones"},"content":{"rendered":"<p>La Comisi\u00f3n Forestal del Distrito Entre R\u00edos de la Sociedad Rural Argentina emiti\u00f3 un informe que describe la dura realidad productiva que est\u00e1 atravesando esta importante actividad agropecuaria de nuestra provincia.<\/p>\n<p>En el mismo, se detalla que a ra\u00edz de la gran sequ\u00eda que atraves\u00f3 Entre R\u00edos durante los meses de diciembre 2021 y enero 2022, los incendios quemaron aproximadamente 2.100 hect\u00e1reas forestales en el Departamento Concordia y unas 1.200 hect\u00e1reas en el Departamento Col\u00f3n, de un total de m\u00e1s de 5.000 hect\u00e1reas que ardieron r\u00e1pidamente en nuestra provincia.<\/p>\n<p>\u00abEn tan solo dos meses, los productores forestales entrerrianos sufrieron p\u00e9rdidas superiores a los 1.200 millones de pesos. Las mismas se produjeron en un marco donde los productores tienen que lidiar con caminos secundarios en p\u00e9simo estado y a trav\u00e9s de los cuales deben transportar diariamente su producci\u00f3n donde invierten anualmente recursos propios cercanos a los 600 millones de pesos\u00bb, indica el informe de la Comisi\u00f3n de Forestaci\u00f3n de SRA.<\/p>\n<p>Y agrega: \u00abEstos millonarios perjuicios se produjeron a pesar del enorme esfuerzo realizado por los bomberos voluntarios y el de los propios forestadores, quienes debieron hacer frente a los incendios pr\u00e1cticamente en soledad en Entre R\u00edos. Es importante mencionar que los bomberos obtienen su financiamiento, fundamentalmente, a trav\u00e9s de rifas y eventos que recaudan de la misma comunidad\u00bb.<\/p>\n<p>Ian Odwyer, Delegado por San Salvador y Coordinador de la presente Comisi\u00f3n, detalla que \u201cnuestra provincia cuenta con 142.600 hect\u00e1reas forestadas, de las cuales el 90% son de eucaliptos y el 10% de pinos y de las cuales dependen miles de puestos laborales genuinos\u201d. Y a\u00f1ade \u201cque el 90% de la forestaci\u00f3n en Entre R\u00edos se encuentra en los Departamentos Concordia (47%), Col\u00f3n (27%) y Federaci\u00f3n (17%).<\/p>\n<p>Por \u00faltimo, Juan Diego Etchevehere, Director de la SRA en Entre R\u00edos, reclam\u00f3: \u201cAnte esta dif\u00edcil situaci\u00f3n el estado nacional salde su deuda con los productores forestales argentinos estimada en $ 900 millones de pesos y con los entrerrianos en particular por un monto superior a los $ 120 millones. Es imprescindible que el gobierno de la provincia reclame el desembolso de los fondos previstos por la Ley 25.080\u201d. Y agreg\u00f3: \u201cEs prioritario que ambos gobiernos inviertan recursos que los propios productores aportamos para construir un esquema efectivo contra los incendios\u201d.<\/p>\n<p>En Entre R\u00edos hay 142,600 hect\u00e1reas forestadas aproximadamente, de las cuales 90% son de eucaliptus y 10% de Pinos. El 90% de la forestaci\u00f3n de Entre R\u00edos se encuentra en los departamentos de Concordia (47%), Colon (27%) y Federaci\u00f3n (16%). Esto representa 24,4 millones de metros c\u00fabicos de Eucaliptus y 2,9 millones de metros c\u00fabicos de pino.<\/p>\n<p>De acuerdo al informe de la Comisi\u00f3n Forestal de la Sociedad Rural Argentina -Distrito Entre R\u00edos-, \u00abla actividad forestal genera un d\u00e9ficit comercial constante, somos exportadores de materia prima e importadores de productos procesados (papel, cart\u00f3n y pasta)\u00bb.<\/p>\n<p>\u00abLa forestaci\u00f3n genera innumerables oportunidades, tanto en la producci\u00f3n primaria como en sus alternativas de agregado de valor, el mayor impedimento son la falta de pol\u00edticas claras de largo plazo, financiaci\u00f3n e inversi\u00f3n en infraestructura (caminos, puertos, trenes, etc.)\u00bb, pondera el informe.<\/p>\n<p>Y agrega: \u00abEl flete tiene una incidencia enorme en el costo de la madera, por ejemplo llevar la madera de Entre R\u00edos a Buenos Aires sin procesar sale lo mismo que la madera, hay que generar incentivos para que toda la madera para consumo interno como exportaci\u00f3n se proceses dentro de la provincia. Hoy en d\u00eda se exporta Pino sin procesar a China desde Concepci\u00f3n del Uruguay\u00bb.<\/p>\n<p>\u00abCaminos secundarios en la provincia totalmente destruidos, se viven emparchando por los productores, pensar que de una Hect\u00e1rea de forestaci\u00f3n salen entre 300-400 toneladas, sin caminos es imposible producir, por lo cual hay lugares aptos para la producciones que no son explotados por el deterioro de los caminos\u00bb, denuncia la SRA a trav\u00e9s del trabajo de la Comisi\u00f3n Forestal.<\/p>\n<p>Y contin\u00faa: \u00abLas resoluciones de pagos de planes forestales fueron por 65 millones de pesos aproximadamente entre enero y noviembre de 2021 (21 millones aproximadamente se pagaron en Entre R\u00edos), y se ejecuta en la medida que Econom\u00eda libera los fondos. La deuda millonaria con los productores forestales se estima en m\u00e1s de 900 millones de pesos a nivel nacional (mas de 120 millones a productores Entre R\u00edos)\u00bb.<\/p>\n<p>Seg\u00fan la SRA, \u00abEl desfinanciamiento de la Ley 25.080 y el atraso en el pago en tiempo y forma de los beneficios solicitados por forestar es lo que fue alejando a los productores peque\u00f1os y medianos del sistema de promoci\u00f3n forestal argentino en la \u00faltima d\u00e9cada, que marca un ritmo de plantaciones que viene en descenso, cuando la meta del pa\u00eds debiera ser incrementar la superficie forestada\u00bb.<\/p>\n<p>\u00abComo la plata no aparece, hay algunos proyectos de crear otros impuestos para poder cumplir con los productores\u00bb, apunt\u00f3 la entidad rural. Y mencion\u00f3 que el Senado dio media sanci\u00f3n al proyecto de ley de \u201cSeguro Verde\u201d que destinar\u00eda un 0,5 por ciento de las p\u00f3lizas de los autom\u00f3viles a la forestaci\u00f3n.<\/p>\n<p>Seg\u00fan el proyecto, por iniciativa del senador misionero Maurice Closs (Frente de Todos), con la normativa se reactivar\u00e1 en la Superintendencia de Seguros de la Naci\u00f3n el \u201cPrograma de Sustentabilidad Ambiental y Seguros\u201d conocido como PROSAS. Esta norma institucionalizar\u00eda el denominado \u201cSeguro Verde\u201d que hasta 2019 fue voluntario, y pasar\u00eda a ser por ley obligatorio y la recaudaci\u00f3n destinar a garantizar el forma complementaria el financiamiento de la Ley N\u00b0 25.080, de Inversiones para Bosques.<\/p>\n<p>Para el Presupuesto Nacional 2022, desde el Ministerio de Agricultura solicitaron 900 millones de pesos para ejecutar los pagos correspondientes a la Ley 25.080 de los beneficios que se adeudan a los productores, y as\u00ed avanzar con los objetivos propuestos y a\u00fan postergados: incrementar la superficie forestal del pa\u00eds a 2 millones de hect\u00e1reas al 2030.<\/p>\n<p>Incidencia de las distintas acciones que se fueron haciendo en el tiempo en la producci\u00f3n forestal que muestran la importancia de continuar con los mismos e incrementarlos para que la actividad crezca y exprese todo su potencial.<\/p>\n<p>&nbsp;<\/p>\n","protected":false},"excerpt":{"rendered":"<p>A ra\u00edz de la gran sequ\u00eda que atraves\u00f3 Entre R\u00edos, durante los meses de diciembre 2021 y enero 2022, los incendios quemaron un total de m\u00e1s de 5.000 hect\u00e1reas que ardieron r\u00e1pidamente en provincia, indica un informe de la SRA.<\/p>\n","protected":false},"author":8,"featured_media":71474,"comment_status":"open","ping_status":"open","sticky":false,"template":"","format":"standard","meta":{"fifu_image_url":"","fifu_image_alt":"","footnotes":""},"categories":[10],"tags":[1676,3110,59],"class_list":{"0":"post-71473","1":"post","2":"type-post","3":"status-publish","4":"format-standard","5":"has-post-thumbnail","7":"category-campo","8":"tag-incendios-forestales","9":"tag-productores-entrerriano","10":"tag-sequia"},"yoast_head":"<title>Por incendios forestales, productores entrerrianos perdieron $1.200 millones - Informe Litoral<\/title>\n<meta name=\"robots\" content=\"index, follow, max-snippet:-1, max-image-preview:large, max-video-preview:-1\" \/>\n<link rel=\"canonical\" href=\"https:\/\/informelitoral.com.ar\/por-incendios-forestales-productores-entrerrianos-perdieron-1-200-millones\/\" \/>\n<meta property=\"og:locale\" content=\"es_ES\" \/>\n<meta property=\"og:type\" content=\"article\" \/>\n<meta property=\"og:title\" content=\"Por incendios forestales, productores entrerrianos perdieron $1.200 millones - Informe Litoral\" \/>\n<meta property=\"og:description\" content=\"A ra\u00edz de la gran sequ\u00eda que atraves\u00f3 Entre R\u00edos, durante los meses de diciembre 2021 y enero 2022, los incendios quemaron un total de m\u00e1s de 5.000 hect\u00e1reas que ardieron r\u00e1pidamente en provincia, indica un informe de la SRA.\" \/>\n<meta property=\"og:url\" content=\"https:\/\/informelitoral.com.ar\/por-incendios-forestales-productores-entrerrianos-perdieron-1-200-millones\/\" \/>\n<meta property=\"og:site_name\" content=\"Informe Litoral\" \/>\n<meta property=\"article:publisher\" content=\"https:\/\/www.facebook.com\/informelitoral\/\" \/>\n<meta property=\"article:published_time\" content=\"2022-02-08T13:49:06+00:00\" \/>\n<meta property=\"og:image\" content=\"https:\/\/informelitoral.com.ar\/%77%70%2d%63%6f%6e%74%65%6e%74\/uploads\/2022\/02\/incendio-federal2jpg.jpg\" \/>\n\t<meta property=\"og:image:width\" content=\"642\" \/>\n\t<meta property=\"og:image:height\" content=\"361\" \/>\n\t<meta property=\"og:image:type\" content=\"image\/jpeg\" \/>\n<meta name=\"author\" content=\"Sebastian\" \/>\n<meta name=\"twitter:card\" content=\"summary_large_image\" \/>\n<meta name=\"twitter:creator\" content=\"@InformeLitoral\" \/>\n<meta name=\"twitter:site\" content=\"@InformeLitoral\" \/>\n<meta name=\"twitter:label1\" content=\"Escrito por\" \/>\n\t<meta name=\"twitter:data1\" content=\"Sebastian\" \/>\n\t<meta name=\"twitter:label2\" content=\"Tiempo de lectura\" \/>\n\t<meta name=\"twitter:data2\" content=\"5 minutos\" \/>\n<script type=\"application\/ld+json\" class=\"yoast-schema-graph\">{\"@context\":\"https:\\\/\\\/schema.org\",\"@graph\":[{\"@type\":\"Article\",\"@id\":\"https:\\\/\\\/informelitoral.com.ar\\\/por-incendios-forestales-productores-entrerrianos-perdieron-1-200-millones\\\/#article\",\"isPartOf\":{\"@id\":\"https:\\\/\\\/informelitoral.com.ar\\\/por-incendios-forestales-productores-entrerrianos-perdieron-1-200-millones\\\/\"},\"author\":{\"name\":\"Sebastian\",\"@id\":\"https:\\\/\\\/informelitoral.com.ar\\\/#\\\/schema\\\/person\\\/f05f9f461677119578717524b127d6d5\"},\"headline\":\"Por incendios forestales, productores entrerrianos perdieron $1.200 millones\",\"datePublished\":\"2022-02-08T13:49:06+00:00\",\"mainEntityOfPage\":{\"@id\":\"https:\\\/\\\/informelitoral.com.ar\\\/por-incendios-forestales-productores-entrerrianos-perdieron-1-200-millones\\\/\"},\"wordCount\":1037,\"commentCount\":0,\"publisher\":{\"@id\":\"https:\\\/\\\/informelitoral.com.ar\\\/#organization\"},\"image\":{\"@id\":\"https:\\\/\\\/informelitoral.com.ar\\\/por-incendios-forestales-productores-entrerrianos-perdieron-1-200-millones\\\/#primaryimage\"},\"thumbnailUrl\":\"https:\\\/\\\/informelitoral.com.ar\\\/%77%70%2d%63%6f%6e%74%65%6e%74\\\/uploads\\\/2022\\\/02\\\/incendio-federal2jpg.jpg\",\"keywords\":[\"Incendios forestales\",\"Productores entrerriano\",\"Sequ\u00eda\"],\"articleSection\":[\"Campo\"],\"inLanguage\":\"es\",\"potentialAction\":[{\"@type\":\"CommentAction\",\"name\":\"Comment\",\"target\":[\"https:\\\/\\\/informelitoral.com.ar\\\/por-incendios-forestales-productores-entrerrianos-perdieron-1-200-millones\\\/#respond\"]}]},{\"@type\":\"WebPage\",\"@id\":\"https:\\\/\\\/informelitoral.com.ar\\\/por-incendios-forestales-productores-entrerrianos-perdieron-1-200-millones\\\/\",\"url\":\"https:\\\/\\\/informelitoral.com.ar\\\/por-incendios-forestales-productores-entrerrianos-perdieron-1-200-millones\\\/\",\"name\":\"Por incendios forestales, productores entrerrianos perdieron $1.200 millones - Informe Litoral\",\"isPartOf\":{\"@id\":\"https:\\\/\\\/informelitoral.com.ar\\\/#website\"},\"primaryImageOfPage\":{\"@id\":\"https:\\\/\\\/informelitoral.com.ar\\\/por-incendios-forestales-productores-entrerrianos-perdieron-1-200-millones\\\/#primaryimage\"},\"image\":{\"@id\":\"https:\\\/\\\/informelitoral.com.ar\\\/por-incendios-forestales-productores-entrerrianos-perdieron-1-200-millones\\\/#primaryimage\"},\"thumbnailUrl\":\"https:\\\/\\\/informelitoral.com.ar\\\/%77%70%2d%63%6f%6e%74%65%6e%74\\\/uploads\\\/2022\\\/02\\\/incendio-federal2jpg.jpg\",\"datePublished\":\"2022-02-08T13:49:06+00:00\",\"breadcrumb\":{\"@id\":\"https:\\\/\\\/informelitoral.com.ar\\\/por-incendios-forestales-productores-entrerrianos-perdieron-1-200-millones\\\/#breadcrumb\"},\"inLanguage\":\"es\",\"potentialAction\":[{\"@type\":\"ReadAction\",\"target\":[\"https:\\\/\\\/informelitoral.com.ar\\\/por-incendios-forestales-productores-entrerrianos-perdieron-1-200-millones\\\/\"]}]},{\"@type\":\"ImageObject\",\"inLanguage\":\"es\",\"@id\":\"https:\\\/\\\/informelitoral.com.ar\\\/por-incendios-forestales-productores-entrerrianos-perdieron-1-200-millones\\\/#primaryimage\",\"url\":\"https:\\\/\\\/informelitoral.com.ar\\\/%77%70%2d%63%6f%6e%74%65%6e%74\\\/uploads\\\/2022\\\/02\\\/incendio-federal2jpg.jpg\",\"contentUrl\":\"https:\\\/\\\/informelitoral.com.ar\\\/%77%70%2d%63%6f%6e%74%65%6e%74\\\/uploads\\\/2022\\\/02\\\/incendio-federal2jpg.jpg\",\"width\":642,\"height\":361},{\"@type\":\"BreadcrumbList\",\"@id\":\"https:\\\/\\\/informelitoral.com.ar\\\/por-incendios-forestales-productores-entrerrianos-perdieron-1-200-millones\\\/#breadcrumb\",\"itemListElement\":[{\"@type\":\"ListItem\",\"position\":1,\"name\":\"Portada\",\"item\":\"https:\\\/\\\/informelitoral.com.ar\\\/\"},{\"@type\":\"ListItem\",\"position\":2,\"name\":\"Por incendios forestales, productores entrerrianos perdieron $1.200 millones\"}]},{\"@type\":\"WebSite\",\"@id\":\"https:\\\/\\\/informelitoral.com.ar\\\/#website\",\"url\":\"https:\\\/\\\/informelitoral.com.ar\\\/\",\"name\":\"Informe Litoral\",\"description\":\"&quot;Nos informamos&quot; \",\"publisher\":{\"@id\":\"https:\\\/\\\/informelitoral.com.ar\\\/#organization\"},\"potentialAction\":[{\"@type\":\"SearchAction\",\"target\":{\"@type\":\"EntryPoint\",\"urlTemplate\":\"https:\\\/\\\/informelitoral.com.ar\\\/?s={search_term_string}\"},\"query-input\":{\"@type\":\"PropertyValueSpecification\",\"valueRequired\":true,\"valueName\":\"search_term_string\"}}],\"inLanguage\":\"es\"},{\"@type\":\"Organization\",\"@id\":\"https:\\\/\\\/informelitoral.com.ar\\\/#organization\",\"name\":\"Informe Litoral\",\"url\":\"https:\\\/\\\/informelitoral.com.ar\\\/\",\"logo\":{\"@type\":\"ImageObject\",\"inLanguage\":\"es\",\"@id\":\"https:\\\/\\\/informelitoral.com.ar\\\/#\\\/schema\\\/logo\\\/image\\\/\",\"url\":\"https:\\\/\\\/informelitoral.com.ar\\\/%77%70%2d%63%6f%6e%74%65%6e%74\\\/uploads\\\/2021\\\/01\\\/circulo.png\",\"contentUrl\":\"https:\\\/\\\/informelitoral.com.ar\\\/%77%70%2d%63%6f%6e%74%65%6e%74\\\/uploads\\\/2021\\\/01\\\/circulo.png\",\"width\":723,\"height\":731,\"caption\":\"Informe Litoral\"},\"image\":{\"@id\":\"https:\\\/\\\/informelitoral.com.ar\\\/#\\\/schema\\\/logo\\\/image\\\/\"},\"sameAs\":[\"https:\\\/\\\/www.facebook.com\\\/informelitoral\\\/\",\"https:\\\/\\\/x.com\\\/InformeLitoral\",\"https:\\\/\\\/www.instagram.com\\\/informelitoral\\\/\",\"https:\\\/\\\/www.youtube.com\\\/channel\\\/UCua4Qvz8Icb6MYqhoq9xLXw\"]},{\"@type\":\"Person\",\"@id\":\"https:\\\/\\\/informelitoral.com.ar\\\/#\\\/schema\\\/person\\\/f05f9f461677119578717524b127d6d5\",\"name\":\"Sebastian\",\"image\":{\"@type\":\"ImageObject\",\"inLanguage\":\"es\",\"@id\":\"https:\\\/\\\/secure.gravatar.com\\\/avatar\\\/b71bf7481d447dfb9583c7f2798e7cc64de6efb9067b74633ed8c31059a3bd82?s=96&d=mm&r=g\",\"url\":\"https:\\\/\\\/secure.gravatar.com\\\/avatar\\\/b71bf7481d447dfb9583c7f2798e7cc64de6efb9067b74633ed8c31059a3bd82?s=96&d=mm&r=g\",\"contentUrl\":\"https:\\\/\\\/secure.gravatar.com\\\/avatar\\\/b71bf7481d447dfb9583c7f2798e7cc64de6efb9067b74633ed8c31059a3bd82?s=96&d=mm&r=g\",\"caption\":\"Sebastian\"},\"url\":\"https:\\\/\\\/informelitoral.com.ar\\\/author\\\/sebastian\\\/\"}]}<\/script>","yoast_head_json":{"title":"Por incendios forestales, productores entrerrianos perdieron $1.200 millones - Informe Litoral","robots":{"index":"index","follow":"follow","max-snippet":"max-snippet:-1","max-image-preview":"max-image-preview:large","max-video-preview":"max-video-preview:-1"},"canonical":"https:\/\/informelitoral.com.ar\/por-incendios-forestales-productores-entrerrianos-perdieron-1-200-millones\/","og_locale":"es_ES","og_type":"article","og_title":"Por incendios forestales, productores entrerrianos perdieron $1.200 millones - Informe Litoral","og_description":"A ra\u00edz de la gran sequ\u00eda que atraves\u00f3 Entre R\u00edos, durante los meses de diciembre 2021 y enero 2022, los incendios quemaron un total de m\u00e1s de 5.000 hect\u00e1reas que ardieron r\u00e1pidamente en provincia, indica un informe de la SRA.","og_url":"https:\/\/informelitoral.com.ar\/por-incendios-forestales-productores-entrerrianos-perdieron-1-200-millones\/","og_site_name":"Informe Litoral","article_publisher":"https:\/\/www.facebook.com\/informelitoral\/","article_published_time":"2022-02-08T13:49:06+00:00","og_image":[{"width":642,"height":361,"url":"https:\/\/informelitoral.com.ar\/%77%70%2d%63%6f%6e%74%65%6e%74\/uploads\/2022\/02\/incendio-federal2jpg.jpg","type":"image\/jpeg"}],"author":"Sebastian","twitter_card":"summary_large_image","twitter_creator":"@InformeLitoral","twitter_site":"@InformeLitoral","twitter_misc":{"Escrito por":"Sebastian","Tiempo de lectura":"5 minutos"},"schema":{"@context":"https:\/\/schema.org","@graph":[{"@type":"Article","@id":"https:\/\/informelitoral.com.ar\/por-incendios-forestales-productores-entrerrianos-perdieron-1-200-millones\/#article","isPartOf":{"@id":"https:\/\/informelitoral.com.ar\/por-incendios-forestales-productores-entrerrianos-perdieron-1-200-millones\/"},"author":{"name":"Sebastian","@id":"https:\/\/informelitoral.com.ar\/#\/schema\/person\/f05f9f461677119578717524b127d6d5"},"headline":"Por incendios forestales, productores entrerrianos perdieron $1.200 millones","datePublished":"2022-02-08T13:49:06+00:00","mainEntityOfPage":{"@id":"https:\/\/informelitoral.com.ar\/por-incendios-forestales-productores-entrerrianos-perdieron-1-200-millones\/"},"wordCount":1037,"commentCount":0,"publisher":{"@id":"https:\/\/informelitoral.com.ar\/#organization"},"image":{"@id":"https:\/\/informelitoral.com.ar\/por-incendios-forestales-productores-entrerrianos-perdieron-1-200-millones\/#primaryimage"},"thumbnailUrl":"https:\/\/informelitoral.com.ar\/%77%70%2d%63%6f%6e%74%65%6e%74\/uploads\/2022\/02\/incendio-federal2jpg.jpg","keywords":["Incendios forestales","Productores entrerriano","Sequ\u00eda"],"articleSection":["Campo"],"inLanguage":"es","potentialAction":[{"@type":"CommentAction","name":"Comment","target":["https:\/\/informelitoral.com.ar\/por-incendios-forestales-productores-entrerrianos-perdieron-1-200-millones\/#respond"]}]},{"@type":"WebPage","@id":"https:\/\/informelitoral.com.ar\/por-incendios-forestales-productores-entrerrianos-perdieron-1-200-millones\/","url":"https:\/\/informelitoral.com.ar\/por-incendios-forestales-productores-entrerrianos-perdieron-1-200-millones\/","name":"Por incendios forestales, productores entrerrianos perdieron $1.200 millones - Informe Litoral","isPartOf":{"@id":"https:\/\/informelitoral.com.ar\/#website"},"primaryImageOfPage":{"@id":"https:\/\/informelitoral.com.ar\/por-incendios-forestales-productores-entrerrianos-perdieron-1-200-millones\/#primaryimage"},"image":{"@id":"https:\/\/informelitoral.com.ar\/por-incendios-forestales-productores-entrerrianos-perdieron-1-200-millones\/#primaryimage"},"thumbnailUrl":"https:\/\/informelitoral.com.ar\/%77%70%2d%63%6f%6e%74%65%6e%74\/uploads\/2022\/02\/incendio-federal2jpg.jpg","datePublished":"2022-02-08T13:49:06+00:00","breadcrumb":{"@id":"https:\/\/informelitoral.com.ar\/por-incendios-forestales-productores-entrerrianos-perdieron-1-200-millones\/#breadcrumb"},"inLanguage":"es","potentialAction":[{"@type":"ReadAction","target":["https:\/\/informelitoral.com.ar\/por-incendios-forestales-productores-entrerrianos-perdieron-1-200-millones\/"]}]},{"@type":"ImageObject","inLanguage":"es","@id":"https:\/\/informelitoral.com.ar\/por-incendios-forestales-productores-entrerrianos-perdieron-1-200-millones\/#primaryimage","url":"https:\/\/informelitoral.com.ar\/%77%70%2d%63%6f%6e%74%65%6e%74\/uploads\/2022\/02\/incendio-federal2jpg.jpg","contentUrl":"https:\/\/informelitoral.com.ar\/%77%70%2d%63%6f%6e%74%65%6e%74\/uploads\/2022\/02\/incendio-federal2jpg.jpg","width":642,"height":361},{"@type":"BreadcrumbList","@id":"https:\/\/informelitoral.com.ar\/por-incendios-forestales-productores-entrerrianos-perdieron-1-200-millones\/#breadcrumb","itemListElement":[{"@type":"ListItem","position":1,"name":"Portada","item":"https:\/\/informelitoral.com.ar\/"},{"@type":"ListItem","position":2,"name":"Por incendios forestales, productores entrerrianos perdieron $1.200 millones"}]},{"@type":"WebSite","@id":"https:\/\/informelitoral.com.ar\/#website","url":"https:\/\/informelitoral.com.ar\/","name":"Informe Litoral","description":"&quot;Nos informamos&quot; ","publisher":{"@id":"https:\/\/informelitoral.com.ar\/#organization"},"potentialAction":[{"@type":"SearchAction","target":{"@type":"EntryPoint","urlTemplate":"https:\/\/informelitoral.com.ar\/?s={search_term_string}"},"query-input":{"@type":"PropertyValueSpecification","valueRequired":true,"valueName":"search_term_string"}}],"inLanguage":"es"},{"@type":"Organization","@id":"https:\/\/informelitoral.com.ar\/#organization","name":"Informe Litoral","url":"https:\/\/informelitoral.com.ar\/","logo":{"@type":"ImageObject","inLanguage":"es","@id":"https:\/\/informelitoral.com.ar\/#\/schema\/logo\/image\/","url":"https:\/\/informelitoral.com.ar\/%77%70%2d%63%6f%6e%74%65%6e%74\/uploads\/2021\/01\/circulo.png","contentUrl":"https:\/\/informelitoral.com.ar\/%77%70%2d%63%6f%6e%74%65%6e%74\/uploads\/2021\/01\/circulo.png","width":723,"height":731,"caption":"Informe Litoral"},"image":{"@id":"https:\/\/informelitoral.com.ar\/#\/schema\/logo\/image\/"},"sameAs":["https:\/\/www.facebook.com\/informelitoral\/","https:\/\/x.com\/InformeLitoral","https:\/\/www.instagram.com\/informelitoral\/","https:\/\/www.youtube.com\/channel\/UCua4Qvz8Icb6MYqhoq9xLXw"]},{"@type":"Person","@id":"https:\/\/informelitoral.com.ar\/#\/schema\/person\/f05f9f461677119578717524b127d6d5","name":"Sebastian","image":{"@type":"ImageObject","inLanguage":"es","@id":"https:\/\/secure.gravatar.com\/avatar\/b71bf7481d447dfb9583c7f2798e7cc64de6efb9067b74633ed8c31059a3bd82?s=96&d=mm&r=g","url":"https:\/\/secure.gravatar.com\/avatar\/b71bf7481d447dfb9583c7f2798e7cc64de6efb9067b74633ed8c31059a3bd82?s=96&d=mm&r=g","contentUrl":"https:\/\/secure.gravatar.com\/avatar\/b71bf7481d447dfb9583c7f2798e7cc64de6efb9067b74633ed8c31059a3bd82?s=96&d=mm&r=g","caption":"Sebastian"},"url":"https:\/\/informelitoral.com.ar\/author\/sebastian\/"}]}},"_links":{"self":[{"href":"https:\/\/informelitoral.com.ar\/%77%70%2d%6a%73%6f%6e\/wp\/v2\/posts\/71473","targetHints":{"allow":["GET"]}}],"collection":[{"href":"https:\/\/informelitoral.com.ar\/%77%70%2d%6a%73%6f%6e\/wp\/v2\/posts"}],"about":[{"href":"https:\/\/informelitoral.com.ar\/%77%70%2d%6a%73%6f%6e\/wp\/v2\/types\/post"}],"author":[{"embeddable":true,"href":"https:\/\/informelitoral.com.ar\/%77%70%2d%6a%73%6f%6e\/wp\/v2\/users\/8"}],"replies":[{"embeddable":true,"href":"https:\/\/informelitoral.com.ar\/%77%70%2d%6a%73%6f%6e\/wp\/v2\/comments?post=71473"}],"version-history":[{"count":0,"href":"https:\/\/informelitoral.com.ar\/%77%70%2d%6a%73%6f%6e\/wp\/v2\/posts\/71473\/revisions"}],"wp:featuredmedia":[{"embeddable":true,"href":"https:\/\/informelitoral.com.ar\/%77%70%2d%6a%73%6f%6e\/wp\/v2\/media\/71474"}],"wp:attachment":[{"href":"https:\/\/informelitoral.com.ar\/%77%70%2d%6a%73%6f%6e\/wp\/v2\/media?parent=71473"}],"wp:term":[{"taxonomy":"category","embeddable":true,"href":"https:\/\/informelitoral.com.ar\/%77%70%2d%6a%73%6f%6e\/wp\/v2\/categories?post=71473"},{"taxonomy":"post_tag","embeddable":true,"href":"https:\/\/informelitoral.com.ar\/%77%70%2d%6a%73%6f%6e\/wp\/v2\/tags?post=71473"}],"curies":[{"name":"wp","href":"https:\/\/api.w.org\/{rel}","templated":true}]}}