{"id":7144,"date":"2014-06-17T13:52:29","date_gmt":"2014-06-17T16:52:29","guid":{"rendered":"http:\/\/www.isletasnoticias.com.ar\/?p=7144"},"modified":"2014-06-17T13:52:29","modified_gmt":"2014-06-17T16:52:29","slug":"se-creara-en-entre-rios-un-instituto-de-formacion-y-desarrollo-tecnologico-de-la-industria-del-gas","status":"publish","type":"post","link":"https:\/\/informelitoral.com.ar\/se-creara-en-entre-rios-un-instituto-de-formacion-y-desarrollo-tecnologico-de-la-industria-del-gas\/","title":{"rendered":"Se crear\u00e1 en Entre R\u00edos un Instituto de Formaci\u00f3n y Desarrollo Tecnol\u00f3gico de la Industria del Gas"},"content":{"rendered":"<p style=\"text-align: left;\"><strong>El gobernador <em>Sergio Urribarri<\/em> acord\u00f3 este lunes, con los responsables de la Federaci\u00f3n de Trabajadores de la Industria del Gas Natural de la Rep\u00fablica Argentina y la empresa Redengas SA, la creaci\u00f3n de un Centro de Capacitaci\u00f3n Laboral en Entre R\u00edos.<a href=\"http:\/\/www.isletasnoticias.com.ar\/%77%70%2d%63%6f%6e%74%65%6e%74\/uploads\/2014\/06\/b_1402962495.jpg\"><img loading=\"lazy\" decoding=\"async\" class=\"aligncenter  wp-image-7145\" alt=\"b_1402962495\" src=\"http:\/\/www.isletasnoticias.com.ar\/%77%70%2d%63%6f%6e%74%65%6e%74\/uploads\/2014\/06\/b_1402962495-300x200.jpg\" width=\"500\" height=\"300\" \/><\/a><\/strong><\/p>\n<p>\u201cEl convenio es muy importante porque eso significa hacer base en el desarrollo y la capacitaci\u00f3n de los trabajadores, no solamente de Paran\u00e1, sino de Entre R\u00edos y proyectarnos hacia la Mesopotamia, con esta cuesti\u00f3n de la incorporaci\u00f3n del gasoducto, de redes para otras provincias\u201d, expres\u00f3 el secretario de la Federaci\u00f3n de Trabajadores del Gas Natural, <strong>Rub\u00e9n Bessi<\/strong>, luego de firmar un convenio con el gobernador entrerriano para avanzar en la iniciativa.<\/p>\n<p>Destac\u00f3: \u201cEntre R\u00edos es una de las provincia que m\u00e1s creci\u00f3 en el desarrollo de redes de distribuci\u00f3n, con la fuerza que le dio el gobernador\u201d.<\/p>\n<p>\u201cTambi\u00e9n vamos a hacer un ordenamiento de lo que significa la seguridad del tratamiento del gas. No solamente para los que trabajan con el gas, sino para todo el universo que lo utiliza\u00bb, indic\u00f3 y a\u00f1adi\u00f3 que van a \u201capoyar firmemente a todo el desarrollo de la provincia que tenga que ver con la calidad de vida. Tener el gas natural es calidad de vida\u201d.<\/p>\n<p>El acuerdo prev\u00e9 la creaci\u00f3n del Instituto de Formaci\u00f3n Capacitaci\u00f3n Laboral y Desarrollo Tecnol\u00f3gico de la Industria del Gas de la Provincia de Entre R\u00edos. Las partes implicadas elaborar\u00e1n y desarrollaran en forma conjunta los programas, plataforma y contenidos respectivos que ayuden a promover la formaci\u00f3n laboral.<\/p>\n<p>El Centro de Formaci\u00f3n entregar\u00e1 certificados de idoneidad a las personas que realicen los cursos como as\u00ed tambi\u00e9n las matr\u00edculas habilitantes para lo cual tramitar\u00e1 ante los Ministerios de Trabajo y Educaci\u00f3n de la Naci\u00f3n y el Enargas, las respectivas autorizaciones.<\/p>\n<p>De la actividad, desarrollada en la Casa de Entre R\u00edos en Buenos Aires, participaron el secretario General de la Federaci\u00f3n, Oscar Horacio Mangone y el secretario de Capacitaci\u00f3n, Rub\u00e9n Bessi; el presidente del Directorio de Redengas, Alberto Guti\u00e9rrez y el secretario de Energ\u00eda, Ra\u00fal Arroyos.<\/p>\n<p><b>Energ\u00eda renovable<\/b><\/p>\n<p>Por su parte, el secretario de Energ\u00eda, Ra\u00fal Arroyos sostuvo que el acuerdo \u201ces muy importante para la provincia porque capacita al personal, a los trabajadores en todo lo que tenga que ver en las cuestiones del gas, no solamente las cuestiones tecnol\u00f3gicas, sino tambi\u00e9n lo que tiene que ver con la seguridad y la prevenci\u00f3n\u201d.<\/p>\n<p>Resalt\u00f3 que \u201ctenemos un protocolo que vamos a tratar ac\u00e1 tambi\u00e9n con todo lo que tiene que ver con lo que es la energ\u00eda renovable, espec\u00edficamente con el biog\u00e1s, que nos va a permitir trabajar con el protocolo de seguridad\u201d.<\/p>\n<p><b>La capacitaci\u00f3n es central<\/b><\/p>\n<p>Por \u00faltimo, el presidente de la firma Redengas, Alberto Guti\u00e9rrez subray\u00f3 que \u201cpara nosotros es muy importante para seguir desarrollando capacitaciones en seguridad y normativa relacionadas al servicio p\u00fablico\u201d.<\/p>\n<p>\u201cQueremos actualizar los planes de contingencia, de seguridad y trabajar en otros desarrollo de negocios como es el biog\u00e1s\u201d, asegur\u00f3.<\/p>\n<p>Consider\u00f3 que \u201centendemos que con la inversi\u00f3n en redes de distribuci\u00f3n que ha hecho la provincia de Entre R\u00edos, deber\u00eda haber una mayor cantidad de gasistas y que est\u00e9n bien formados\u201d.<\/p>\n<p><b>El convenio<\/b><\/p>\n<p>El acuerdo firmado busca capacitar a trabajadores de la zona entrerriana y mesopot\u00e1mica y arraigar a personas con idoneidad y especializaci\u00f3n que viven en la provincia, como as\u00ed tambi\u00e9n promover la investigaci\u00f3n y desarrollo tecnol\u00f3gico de emprendimientos y actividades que generen fuentes de trabajo dentro del universo de la industria del gas y la energ\u00eda, como tambi\u00e9n con procesos productivos que dependen de abastos energ\u00e9ticos.<\/p>\n<p>Asimismo, posibilitar a los trabajadores directos y a la comunidad pasant\u00edas u otras modalidades acad\u00e9micas. Asistir a la realizaci\u00f3n de actividades de asistencia t\u00e9cnica, capacitaci\u00f3n, transferencia de tecnolog\u00eda, implementadas sobre modalidades presenciales y\/o a distancia.<\/p>\n<p>Adem\u00e1s, se organizar\u00e1n conferencias, seminarios y cursos sobre problemas que puedan interesar a las partes o a cada una de las Instituciones y desarrollar actividades comunitarias en materia de prevenci\u00f3n y apoyo a la consolidaci\u00f3n de ciudadan\u00eda.<\/p>\n<p><b>El Centro de Formaci\u00f3n<\/b><\/p>\n<p>El instituto se crear\u00e1 para promover la formaci\u00f3n laboral de personas que manipulen o tengan contacto directa o indirectamente con el gas y que le permita desempe\u00f1arse en tareas necesarias para la producci\u00f3n (biog\u00e1s), filtrado, almacenaje, distribuci\u00f3n, industrializaci\u00f3n, comercio, manipulaci\u00f3n de cargas de reservorios (GNC) y que realicen tareas de instalaciones que transporten y traten el gas y el resultado de su combusti\u00f3n de: ca\u00f1er\u00edas, reservorios, conductos, artefactos elementos y equipos de seguridad y de medici\u00f3n dentro de domicilios (instalaciones internas); como as\u00ed tambi\u00e9n en los contenidos necesarios para que los Trabajadores puedan desarrollar tareas de inspecci\u00f3n, normas de seguridad y control de calidad de las actividades mencionadas.<\/p>\n<p>Tendr\u00e1 interacci\u00f3n con empresas que presten el servicio p\u00fablico de distribuci\u00f3n de gas natural a trav\u00e9s de pasant\u00edas con escuelas t\u00e9cnicas y estudiantes de ingenier\u00eda.<\/p>\n<p>Asimismo, capacitar\u00e1 en normas regulatorias y t\u00e9cnicas espec\u00edficas del sector de distribuci\u00f3n de gas natural; en desarrollo de planes de prevenci\u00f3n; en intervenci\u00f3n en accidentes y desarrollo de simulacros de distintos tipos de contingencias.<\/p>\n<p>Realizar\u00e1 cursos y matriculaci\u00f3n de t\u00e9cnicos habilitados para fusi\u00f3n de tuber\u00edas de polietileno; en soldadura en acero y t\u00e9cnicas de manejo de herramientas espec\u00edficas; cursos para matriculados y para inspectores de obras y de instalaciones internas.<\/p>\n<p>Tambi\u00e9n, generar\u00e1 programas de prevenci\u00f3n de accidentes para administradores de edificios y porteros y desarrollar\u00e1 Jornadas de Prevenci\u00f3n de Accidentes por Inhalaci\u00f3n de Mon\u00f3xido de Carbono para escuelas, vecinales, etc.<\/p>\n","protected":false},"excerpt":{"rendered":"<p>El gobernador Sergio Urribarri acord&oacute; este lunes, con los responsables de la Federaci&oacute;n de Trabajadores de la Industria del Gas Natural de la Rep&uacute;blica Argentina y la empresa Redengas SA, la creaci&oacute;n de un Centro de Capacitaci&oacute;n Laboral en Entre R&iacute;os. &ldquo;El convenio es muy importante porque eso significa hacer base en el desarrollo y [&hellip;]<\/p>\n","protected":false},"author":2,"featured_media":0,"comment_status":"open","ping_status":"open","sticky":false,"template":"","format":"standard","meta":{"fifu_image_url":"","fifu_image_alt":"","footnotes":""},"categories":[6],"tags":[],"class_list":{"0":"post-7144","1":"post","2":"type-post","3":"status-publish","4":"format-standard","6":"category-entre-rios"},"yoast_head":"<title>Se crear\u00e1 en Entre R\u00edos un Instituto de Formaci\u00f3n y Desarrollo Tecnol\u00f3gico de la Industria del Gas - Informe Litoral<\/title>\n<meta name=\"robots\" content=\"index, follow, max-snippet:-1, max-image-preview:large, max-video-preview:-1\" \/>\n<link rel=\"canonical\" href=\"https:\/\/informelitoral.com.ar\/se-creara-en-entre-rios-un-instituto-de-formacion-y-desarrollo-tecnologico-de-la-industria-del-gas\/\" \/>\n<meta property=\"og:locale\" content=\"es_ES\" \/>\n<meta property=\"og:type\" content=\"article\" \/>\n<meta property=\"og:title\" content=\"Se crear\u00e1 en Entre R\u00edos un Instituto de Formaci\u00f3n y Desarrollo Tecnol\u00f3gico de la Industria del Gas - Informe Litoral\" \/>\n<meta property=\"og:description\" content=\"El gobernador Sergio Urribarri acord&oacute; este lunes, con los responsables de la Federaci&oacute;n de Trabajadores de la Industria del Gas Natural de la Rep&uacute;blica Argentina y la empresa Redengas SA, la creaci&oacute;n de un Centro de Capacitaci&oacute;n Laboral en Entre R&iacute;os. &ldquo;El convenio es muy importante porque eso significa hacer base en el desarrollo y [&hellip;]\" \/>\n<meta property=\"og:url\" content=\"https:\/\/informelitoral.com.ar\/se-creara-en-entre-rios-un-instituto-de-formacion-y-desarrollo-tecnologico-de-la-industria-del-gas\/\" \/>\n<meta property=\"og:site_name\" content=\"Informe Litoral\" \/>\n<meta property=\"article:publisher\" content=\"https:\/\/www.facebook.com\/informelitoral\/\" \/>\n<meta property=\"article:published_time\" content=\"2014-06-17T16:52:29+00:00\" \/>\n<meta property=\"og:image\" content=\"https:\/\/informelitoral.com.ar\/%77%70%2d%63%6f%6e%74%65%6e%74\/uploads\/2014\/06\/b_1402962495.jpg\" \/>\n\t<meta property=\"og:image:width\" content=\"492\" \/>\n\t<meta property=\"og:image:height\" content=\"328\" \/>\n\t<meta property=\"og:image:type\" content=\"image\/jpeg\" \/>\n<meta name=\"author\" content=\"Gonzalo Schmidt\" \/>\n<meta name=\"twitter:card\" content=\"summary_large_image\" \/>\n<meta name=\"twitter:creator\" content=\"@InformeLitoral\" \/>\n<meta name=\"twitter:site\" content=\"@InformeLitoral\" \/>\n<meta name=\"twitter:label1\" content=\"Escrito por\" \/>\n\t<meta name=\"twitter:data1\" content=\"Gonzalo Schmidt\" \/>\n\t<meta name=\"twitter:label2\" content=\"Tiempo de lectura\" \/>\n\t<meta name=\"twitter:data2\" content=\"5 minutos\" \/>\n<script type=\"application\/ld+json\" class=\"yoast-schema-graph\">{\"@context\":\"https:\\\/\\\/schema.org\",\"@graph\":[{\"@type\":\"Article\",\"@id\":\"https:\\\/\\\/informelitoral.com.ar\\\/se-creara-en-entre-rios-un-instituto-de-formacion-y-desarrollo-tecnologico-de-la-industria-del-gas\\\/#article\",\"isPartOf\":{\"@id\":\"https:\\\/\\\/informelitoral.com.ar\\\/se-creara-en-entre-rios-un-instituto-de-formacion-y-desarrollo-tecnologico-de-la-industria-del-gas\\\/\"},\"author\":{\"name\":\"Gonzalo Schmidt\",\"@id\":\"https:\\\/\\\/informelitoral.com.ar\\\/#\\\/schema\\\/person\\\/b9d00407c836482871ef1d57bf8e3180\"},\"headline\":\"Se crear\u00e1 en Entre R\u00edos un Instituto de Formaci\u00f3n y Desarrollo Tecnol\u00f3gico de la Industria del Gas\",\"datePublished\":\"2014-06-17T16:52:29+00:00\",\"mainEntityOfPage\":{\"@id\":\"https:\\\/\\\/informelitoral.com.ar\\\/se-creara-en-entre-rios-un-instituto-de-formacion-y-desarrollo-tecnologico-de-la-industria-del-gas\\\/\"},\"wordCount\":1026,\"commentCount\":0,\"publisher\":{\"@id\":\"https:\\\/\\\/informelitoral.com.ar\\\/#organization\"},\"image\":{\"@id\":\"https:\\\/\\\/informelitoral.com.ar\\\/se-creara-en-entre-rios-un-instituto-de-formacion-y-desarrollo-tecnologico-de-la-industria-del-gas\\\/#primaryimage\"},\"thumbnailUrl\":\"http:\\\/\\\/www.isletasnoticias.com.ar\\\/%77%70%2d%63%6f%6e%74%65%6e%74\\\/uploads\\\/2014\\\/06\\\/b_1402962495-300x200.jpg\",\"articleSection\":[\"Entre R\u00edos\"],\"inLanguage\":\"es\",\"potentialAction\":[{\"@type\":\"CommentAction\",\"name\":\"Comment\",\"target\":[\"https:\\\/\\\/informelitoral.com.ar\\\/se-creara-en-entre-rios-un-instituto-de-formacion-y-desarrollo-tecnologico-de-la-industria-del-gas\\\/#respond\"]}]},{\"@type\":\"WebPage\",\"@id\":\"https:\\\/\\\/informelitoral.com.ar\\\/se-creara-en-entre-rios-un-instituto-de-formacion-y-desarrollo-tecnologico-de-la-industria-del-gas\\\/\",\"url\":\"https:\\\/\\\/informelitoral.com.ar\\\/se-creara-en-entre-rios-un-instituto-de-formacion-y-desarrollo-tecnologico-de-la-industria-del-gas\\\/\",\"name\":\"Se crear\u00e1 en Entre R\u00edos un Instituto de Formaci\u00f3n y Desarrollo Tecnol\u00f3gico de la Industria del Gas - Informe Litoral\",\"isPartOf\":{\"@id\":\"https:\\\/\\\/informelitoral.com.ar\\\/#website\"},\"primaryImageOfPage\":{\"@id\":\"https:\\\/\\\/informelitoral.com.ar\\\/se-creara-en-entre-rios-un-instituto-de-formacion-y-desarrollo-tecnologico-de-la-industria-del-gas\\\/#primaryimage\"},\"image\":{\"@id\":\"https:\\\/\\\/informelitoral.com.ar\\\/se-creara-en-entre-rios-un-instituto-de-formacion-y-desarrollo-tecnologico-de-la-industria-del-gas\\\/#primaryimage\"},\"thumbnailUrl\":\"http:\\\/\\\/www.isletasnoticias.com.ar\\\/%77%70%2d%63%6f%6e%74%65%6e%74\\\/uploads\\\/2014\\\/06\\\/b_1402962495-300x200.jpg\",\"datePublished\":\"2014-06-17T16:52:29+00:00\",\"breadcrumb\":{\"@id\":\"https:\\\/\\\/informelitoral.com.ar\\\/se-creara-en-entre-rios-un-instituto-de-formacion-y-desarrollo-tecnologico-de-la-industria-del-gas\\\/#breadcrumb\"},\"inLanguage\":\"es\",\"potentialAction\":[{\"@type\":\"ReadAction\",\"target\":[\"https:\\\/\\\/informelitoral.com.ar\\\/se-creara-en-entre-rios-un-instituto-de-formacion-y-desarrollo-tecnologico-de-la-industria-del-gas\\\/\"]}]},{\"@type\":\"ImageObject\",\"inLanguage\":\"es\",\"@id\":\"https:\\\/\\\/informelitoral.com.ar\\\/se-creara-en-entre-rios-un-instituto-de-formacion-y-desarrollo-tecnologico-de-la-industria-del-gas\\\/#primaryimage\",\"url\":\"http:\\\/\\\/www.isletasnoticias.com.ar\\\/%77%70%2d%63%6f%6e%74%65%6e%74\\\/uploads\\\/2014\\\/06\\\/b_1402962495-300x200.jpg\",\"contentUrl\":\"http:\\\/\\\/www.isletasnoticias.com.ar\\\/%77%70%2d%63%6f%6e%74%65%6e%74\\\/uploads\\\/2014\\\/06\\\/b_1402962495-300x200.jpg\"},{\"@type\":\"BreadcrumbList\",\"@id\":\"https:\\\/\\\/informelitoral.com.ar\\\/se-creara-en-entre-rios-un-instituto-de-formacion-y-desarrollo-tecnologico-de-la-industria-del-gas\\\/#breadcrumb\",\"itemListElement\":[{\"@type\":\"ListItem\",\"position\":1,\"name\":\"Portada\",\"item\":\"https:\\\/\\\/informelitoral.com.ar\\\/\"},{\"@type\":\"ListItem\",\"position\":2,\"name\":\"Se crear\u00e1 en Entre R\u00edos un Instituto de Formaci\u00f3n y Desarrollo Tecnol\u00f3gico de la Industria del Gas\"}]},{\"@type\":\"WebSite\",\"@id\":\"https:\\\/\\\/informelitoral.com.ar\\\/#website\",\"url\":\"https:\\\/\\\/informelitoral.com.ar\\\/\",\"name\":\"Informe Litoral\",\"description\":\"&quot;Nos informamos&quot; \",\"publisher\":{\"@id\":\"https:\\\/\\\/informelitoral.com.ar\\\/#organization\"},\"potentialAction\":[{\"@type\":\"SearchAction\",\"target\":{\"@type\":\"EntryPoint\",\"urlTemplate\":\"https:\\\/\\\/informelitoral.com.ar\\\/?s={search_term_string}\"},\"query-input\":{\"@type\":\"PropertyValueSpecification\",\"valueRequired\":true,\"valueName\":\"search_term_string\"}}],\"inLanguage\":\"es\"},{\"@type\":\"Organization\",\"@id\":\"https:\\\/\\\/informelitoral.com.ar\\\/#organization\",\"name\":\"Informe Litoral\",\"url\":\"https:\\\/\\\/informelitoral.com.ar\\\/\",\"logo\":{\"@type\":\"ImageObject\",\"inLanguage\":\"es\",\"@id\":\"https:\\\/\\\/informelitoral.com.ar\\\/#\\\/schema\\\/logo\\\/image\\\/\",\"url\":\"https:\\\/\\\/informelitoral.com.ar\\\/%77%70%2d%63%6f%6e%74%65%6e%74\\\/uploads\\\/2021\\\/01\\\/circulo.png\",\"contentUrl\":\"https:\\\/\\\/informelitoral.com.ar\\\/%77%70%2d%63%6f%6e%74%65%6e%74\\\/uploads\\\/2021\\\/01\\\/circulo.png\",\"width\":723,\"height\":731,\"caption\":\"Informe Litoral\"},\"image\":{\"@id\":\"https:\\\/\\\/informelitoral.com.ar\\\/#\\\/schema\\\/logo\\\/image\\\/\"},\"sameAs\":[\"https:\\\/\\\/www.facebook.com\\\/informelitoral\\\/\",\"https:\\\/\\\/x.com\\\/InformeLitoral\",\"https:\\\/\\\/www.instagram.com\\\/informelitoral\\\/\",\"https:\\\/\\\/www.youtube.com\\\/channel\\\/UCua4Qvz8Icb6MYqhoq9xLXw\"]},{\"@type\":\"Person\",\"@id\":\"https:\\\/\\\/informelitoral.com.ar\\\/#\\\/schema\\\/person\\\/b9d00407c836482871ef1d57bf8e3180\",\"name\":\"Gonzalo Schmidt\",\"image\":{\"@type\":\"ImageObject\",\"inLanguage\":\"es\",\"@id\":\"https:\\\/\\\/secure.gravatar.com\\\/avatar\\\/31a1a7b66ff2de83bd0e9fd79d026630d2d99e55e8bfe501287647b4fd9743de?s=96&d=mm&r=g\",\"url\":\"https:\\\/\\\/secure.gravatar.com\\\/avatar\\\/31a1a7b66ff2de83bd0e9fd79d026630d2d99e55e8bfe501287647b4fd9743de?s=96&d=mm&r=g\",\"contentUrl\":\"https:\\\/\\\/secure.gravatar.com\\\/avatar\\\/31a1a7b66ff2de83bd0e9fd79d026630d2d99e55e8bfe501287647b4fd9743de?s=96&d=mm&r=g\",\"caption\":\"Gonzalo Schmidt\"},\"description\":\"Sitio web de noticias de la provincia de Entre R\u00edos, Argentina. Informaci\u00f3n y entretenimiento. Informe Litoral, nos informamos.\",\"sameAs\":[\"http:\\\/\\\/www.isletasnoticias.com.ar\"],\"url\":\"https:\\\/\\\/informelitoral.com.ar\\\/author\\\/gonzalo\\\/\"}]}<\/script>","yoast_head_json":{"title":"Se crear\u00e1 en Entre R\u00edos un Instituto de Formaci\u00f3n y Desarrollo Tecnol\u00f3gico de la Industria del Gas - Informe Litoral","robots":{"index":"index","follow":"follow","max-snippet":"max-snippet:-1","max-image-preview":"max-image-preview:large","max-video-preview":"max-video-preview:-1"},"canonical":"https:\/\/informelitoral.com.ar\/se-creara-en-entre-rios-un-instituto-de-formacion-y-desarrollo-tecnologico-de-la-industria-del-gas\/","og_locale":"es_ES","og_type":"article","og_title":"Se crear\u00e1 en Entre R\u00edos un Instituto de Formaci\u00f3n y Desarrollo Tecnol\u00f3gico de la Industria del Gas - Informe Litoral","og_description":"El gobernador Sergio Urribarri acord&oacute; este lunes, con los responsables de la Federaci&oacute;n de Trabajadores de la Industria del Gas Natural de la Rep&uacute;blica Argentina y la empresa Redengas SA, la creaci&oacute;n de un Centro de Capacitaci&oacute;n Laboral en Entre R&iacute;os. &ldquo;El convenio es muy importante porque eso significa hacer base en el desarrollo y [&hellip;]","og_url":"https:\/\/informelitoral.com.ar\/se-creara-en-entre-rios-un-instituto-de-formacion-y-desarrollo-tecnologico-de-la-industria-del-gas\/","og_site_name":"Informe Litoral","article_publisher":"https:\/\/www.facebook.com\/informelitoral\/","article_published_time":"2014-06-17T16:52:29+00:00","og_image":[{"width":492,"height":328,"url":"https:\/\/informelitoral.com.ar\/%77%70%2d%63%6f%6e%74%65%6e%74\/uploads\/2014\/06\/b_1402962495.jpg","type":"image\/jpeg"}],"author":"Gonzalo Schmidt","twitter_card":"summary_large_image","twitter_creator":"@InformeLitoral","twitter_site":"@InformeLitoral","twitter_misc":{"Escrito por":"Gonzalo Schmidt","Tiempo de lectura":"5 minutos"},"schema":{"@context":"https:\/\/schema.org","@graph":[{"@type":"Article","@id":"https:\/\/informelitoral.com.ar\/se-creara-en-entre-rios-un-instituto-de-formacion-y-desarrollo-tecnologico-de-la-industria-del-gas\/#article","isPartOf":{"@id":"https:\/\/informelitoral.com.ar\/se-creara-en-entre-rios-un-instituto-de-formacion-y-desarrollo-tecnologico-de-la-industria-del-gas\/"},"author":{"name":"Gonzalo Schmidt","@id":"https:\/\/informelitoral.com.ar\/#\/schema\/person\/b9d00407c836482871ef1d57bf8e3180"},"headline":"Se crear\u00e1 en Entre R\u00edos un Instituto de Formaci\u00f3n y Desarrollo Tecnol\u00f3gico de la Industria del Gas","datePublished":"2014-06-17T16:52:29+00:00","mainEntityOfPage":{"@id":"https:\/\/informelitoral.com.ar\/se-creara-en-entre-rios-un-instituto-de-formacion-y-desarrollo-tecnologico-de-la-industria-del-gas\/"},"wordCount":1026,"commentCount":0,"publisher":{"@id":"https:\/\/informelitoral.com.ar\/#organization"},"image":{"@id":"https:\/\/informelitoral.com.ar\/se-creara-en-entre-rios-un-instituto-de-formacion-y-desarrollo-tecnologico-de-la-industria-del-gas\/#primaryimage"},"thumbnailUrl":"http:\/\/www.isletasnoticias.com.ar\/%77%70%2d%63%6f%6e%74%65%6e%74\/uploads\/2014\/06\/b_1402962495-300x200.jpg","articleSection":["Entre R\u00edos"],"inLanguage":"es","potentialAction":[{"@type":"CommentAction","name":"Comment","target":["https:\/\/informelitoral.com.ar\/se-creara-en-entre-rios-un-instituto-de-formacion-y-desarrollo-tecnologico-de-la-industria-del-gas\/#respond"]}]},{"@type":"WebPage","@id":"https:\/\/informelitoral.com.ar\/se-creara-en-entre-rios-un-instituto-de-formacion-y-desarrollo-tecnologico-de-la-industria-del-gas\/","url":"https:\/\/informelitoral.com.ar\/se-creara-en-entre-rios-un-instituto-de-formacion-y-desarrollo-tecnologico-de-la-industria-del-gas\/","name":"Se crear\u00e1 en Entre R\u00edos un Instituto de Formaci\u00f3n y Desarrollo Tecnol\u00f3gico de la Industria del Gas - Informe Litoral","isPartOf":{"@id":"https:\/\/informelitoral.com.ar\/#website"},"primaryImageOfPage":{"@id":"https:\/\/informelitoral.com.ar\/se-creara-en-entre-rios-un-instituto-de-formacion-y-desarrollo-tecnologico-de-la-industria-del-gas\/#primaryimage"},"image":{"@id":"https:\/\/informelitoral.com.ar\/se-creara-en-entre-rios-un-instituto-de-formacion-y-desarrollo-tecnologico-de-la-industria-del-gas\/#primaryimage"},"thumbnailUrl":"http:\/\/www.isletasnoticias.com.ar\/%77%70%2d%63%6f%6e%74%65%6e%74\/uploads\/2014\/06\/b_1402962495-300x200.jpg","datePublished":"2014-06-17T16:52:29+00:00","breadcrumb":{"@id":"https:\/\/informelitoral.com.ar\/se-creara-en-entre-rios-un-instituto-de-formacion-y-desarrollo-tecnologico-de-la-industria-del-gas\/#breadcrumb"},"inLanguage":"es","potentialAction":[{"@type":"ReadAction","target":["https:\/\/informelitoral.com.ar\/se-creara-en-entre-rios-un-instituto-de-formacion-y-desarrollo-tecnologico-de-la-industria-del-gas\/"]}]},{"@type":"ImageObject","inLanguage":"es","@id":"https:\/\/informelitoral.com.ar\/se-creara-en-entre-rios-un-instituto-de-formacion-y-desarrollo-tecnologico-de-la-industria-del-gas\/#primaryimage","url":"http:\/\/www.isletasnoticias.com.ar\/%77%70%2d%63%6f%6e%74%65%6e%74\/uploads\/2014\/06\/b_1402962495-300x200.jpg","contentUrl":"http:\/\/www.isletasnoticias.com.ar\/%77%70%2d%63%6f%6e%74%65%6e%74\/uploads\/2014\/06\/b_1402962495-300x200.jpg"},{"@type":"BreadcrumbList","@id":"https:\/\/informelitoral.com.ar\/se-creara-en-entre-rios-un-instituto-de-formacion-y-desarrollo-tecnologico-de-la-industria-del-gas\/#breadcrumb","itemListElement":[{"@type":"ListItem","position":1,"name":"Portada","item":"https:\/\/informelitoral.com.ar\/"},{"@type":"ListItem","position":2,"name":"Se crear\u00e1 en Entre R\u00edos un Instituto de Formaci\u00f3n y Desarrollo Tecnol\u00f3gico de la Industria del Gas"}]},{"@type":"WebSite","@id":"https:\/\/informelitoral.com.ar\/#website","url":"https:\/\/informelitoral.com.ar\/","name":"Informe Litoral","description":"&quot;Nos informamos&quot; ","publisher":{"@id":"https:\/\/informelitoral.com.ar\/#organization"},"potentialAction":[{"@type":"SearchAction","target":{"@type":"EntryPoint","urlTemplate":"https:\/\/informelitoral.com.ar\/?s={search_term_string}"},"query-input":{"@type":"PropertyValueSpecification","valueRequired":true,"valueName":"search_term_string"}}],"inLanguage":"es"},{"@type":"Organization","@id":"https:\/\/informelitoral.com.ar\/#organization","name":"Informe Litoral","url":"https:\/\/informelitoral.com.ar\/","logo":{"@type":"ImageObject","inLanguage":"es","@id":"https:\/\/informelitoral.com.ar\/#\/schema\/logo\/image\/","url":"https:\/\/informelitoral.com.ar\/%77%70%2d%63%6f%6e%74%65%6e%74\/uploads\/2021\/01\/circulo.png","contentUrl":"https:\/\/informelitoral.com.ar\/%77%70%2d%63%6f%6e%74%65%6e%74\/uploads\/2021\/01\/circulo.png","width":723,"height":731,"caption":"Informe Litoral"},"image":{"@id":"https:\/\/informelitoral.com.ar\/#\/schema\/logo\/image\/"},"sameAs":["https:\/\/www.facebook.com\/informelitoral\/","https:\/\/x.com\/InformeLitoral","https:\/\/www.instagram.com\/informelitoral\/","https:\/\/www.youtube.com\/channel\/UCua4Qvz8Icb6MYqhoq9xLXw"]},{"@type":"Person","@id":"https:\/\/informelitoral.com.ar\/#\/schema\/person\/b9d00407c836482871ef1d57bf8e3180","name":"Gonzalo Schmidt","image":{"@type":"ImageObject","inLanguage":"es","@id":"https:\/\/secure.gravatar.com\/avatar\/31a1a7b66ff2de83bd0e9fd79d026630d2d99e55e8bfe501287647b4fd9743de?s=96&d=mm&r=g","url":"https:\/\/secure.gravatar.com\/avatar\/31a1a7b66ff2de83bd0e9fd79d026630d2d99e55e8bfe501287647b4fd9743de?s=96&d=mm&r=g","contentUrl":"https:\/\/secure.gravatar.com\/avatar\/31a1a7b66ff2de83bd0e9fd79d026630d2d99e55e8bfe501287647b4fd9743de?s=96&d=mm&r=g","caption":"Gonzalo Schmidt"},"description":"Sitio web de noticias de la provincia de Entre R\u00edos, Argentina. Informaci\u00f3n y entretenimiento. Informe Litoral, nos informamos.","sameAs":["http:\/\/www.isletasnoticias.com.ar"],"url":"https:\/\/informelitoral.com.ar\/author\/gonzalo\/"}]}},"_links":{"self":[{"href":"https:\/\/informelitoral.com.ar\/%77%70%2d%6a%73%6f%6e\/wp\/v2\/posts\/7144","targetHints":{"allow":["GET"]}}],"collection":[{"href":"https:\/\/informelitoral.com.ar\/%77%70%2d%6a%73%6f%6e\/wp\/v2\/posts"}],"about":[{"href":"https:\/\/informelitoral.com.ar\/%77%70%2d%6a%73%6f%6e\/wp\/v2\/types\/post"}],"author":[{"embeddable":true,"href":"https:\/\/informelitoral.com.ar\/%77%70%2d%6a%73%6f%6e\/wp\/v2\/users\/2"}],"replies":[{"embeddable":true,"href":"https:\/\/informelitoral.com.ar\/%77%70%2d%6a%73%6f%6e\/wp\/v2\/comments?post=7144"}],"version-history":[{"count":0,"href":"https:\/\/informelitoral.com.ar\/%77%70%2d%6a%73%6f%6e\/wp\/v2\/posts\/7144\/revisions"}],"wp:attachment":[{"href":"https:\/\/informelitoral.com.ar\/%77%70%2d%6a%73%6f%6e\/wp\/v2\/media?parent=7144"}],"wp:term":[{"taxonomy":"category","embeddable":true,"href":"https:\/\/informelitoral.com.ar\/%77%70%2d%6a%73%6f%6e\/wp\/v2\/categories?post=7144"},{"taxonomy":"post_tag","embeddable":true,"href":"https:\/\/informelitoral.com.ar\/%77%70%2d%6a%73%6f%6e\/wp\/v2\/tags?post=7144"}],"curies":[{"name":"wp","href":"https:\/\/api.w.org\/{rel}","templated":true}]}}