{"id":7139,"date":"2014-06-16T22:43:03","date_gmt":"2014-06-17T01:43:03","guid":{"rendered":"http:\/\/www.isletasnoticias.com.ar\/?p=7139"},"modified":"2014-06-16T22:43:03","modified_gmt":"2014-06-17T01:43:03","slug":"crece-el-rio-parana-en-entre-rios-pero-sin-evacuados-hasta-el-momento","status":"publish","type":"post","link":"https:\/\/informelitoral.com.ar\/crece-el-rio-parana-en-entre-rios-pero-sin-evacuados-hasta-el-momento\/","title":{"rendered":"Crece el r\u00edo Paran\u00e1 en Entre R\u00edos pero sin evacuados, hasta el momento"},"content":{"rendered":"<p style=\"text-align: left;\"><strong>Frente a la capital entrerriana el alerta se pone en vigencia a partir de los 4,70 metros y la evacuaci\u00f3n a los 5 metros. <em>ALTURAS HOY.<\/em><a href=\"http:\/\/www.isletasnoticias.com.ar\/%77%70%2d%63%6f%6e%74%65%6e%74\/uploads\/2014\/06\/creciente-ganado-islas-DSC_2055.jpg\"><img loading=\"lazy\" decoding=\"async\" class=\"aligncenter  wp-image-7095\" title=\"Foto: Dar\u00edo L\u00f3pez\" alt=\"creciente ganado islas DSC_2055\" src=\"http:\/\/www.isletasnoticias.com.ar\/%77%70%2d%63%6f%6e%74%65%6e%74\/uploads\/2014\/06\/creciente-ganado-islas-DSC_2055-300x202.jpg\" width=\"500\" height=\"300\" \/><\/a><\/strong><\/p>\n<p>El r\u00edo Paran\u00e1 creci\u00f3 en las \u00faltimas horas frente a la costa entrerriana, con excepci\u00f3n de Victoria, pero sin provocar a\u00fan evacuaciones de pobladores costeros, informaron este lunes voceros de la Prefectura Naval.<\/p>\n<p>A pesar del repunte, la provincia mesopot\u00e1mica a\u00fan no sufre los efectos de la anunciada creciente, producida por las copiosas lluvias ca\u00eddas en el sur del Brasil.<\/p>\n<p>El r\u00edo Paran\u00e1 ten\u00eda frente al puerto de La Paz una altura de 5,15 metros, una suba de 0,05 cent\u00edmetros respecto a lo registrado el domingo.<\/p>\n<p>La ciudad entrerriana, que ser\u00e1 la primera en sentir los efectos de la inundaci\u00f3n, entrar\u00e1 en la etapa de alerta cuando el r\u00edo alcance una altura de 5,80 metros y las evacuaciones comienzan a los 6,15 metros.<\/p>\n<p>En Santa Elena el r\u00edo estaba en un nivel de 5,05 metros, un crecimiento de 0,01; en Hernandarias 4,60, tambi\u00e9n aument\u00f3 0,01; y en Paran\u00e1 3,90, lo que significa que subi\u00f3 0,01.<\/p>\n<p>Frente a la capital entrerriana el alerta se pone en vigencia a partir de los 4,70 metros y la evacuaci\u00f3n a los 5 metros.<\/p>\n<p>En el puerto de Diamante, la altura del Paran\u00e1 era hoy de 4,37 metros, por lo que subi\u00f3 0,01 cent\u00edmetros, y en el de Victoria fue el \u00fanico lugar donde el cauce baj\u00f3 1 cent\u00edmetro y se ubic\u00f3 en los 4,10 metros.<\/p>\n<p>Seg\u00fan las \u00faltimas estimaciones, el impacto de la creciente del r\u00edo Paran\u00e1 frente a la costa entrerriana ser\u00eda mucho menor a lo anunciado inicialmente por el Instituto Nacional del Agua (INA).<\/p>\n<p>En un principio se calcul\u00f3 que la altura del r\u00edo en el puerto de la ciudad de Paran\u00e1 llegar\u00eda el 26 de este mes a los 5,90 metros, pero los \u00faltimos informes se\u00f1alan que el pico de la creciente se reducir\u00eda a 5,10 metros, 10 cent\u00edmetros por encima del nivel de evacuaci\u00f3n.<\/p>\n<p><strong>Alturas<\/strong><\/p>\n<p>Seg\u00fan el Centro de Informaciones Meteorol\u00f3gicas de la Facultad de Ciencias H\u00eddricas de la Universidad Nacional del Litoral (UNL) el r\u00edo Paran\u00e1 en Entre R\u00edos sigue creciendo con los siguientes valores:<\/p>\n<p>La Paz hoy: 5,15 creciendo. Nivel de Alerta: 5.80 Nivel de Evacuaci\u00f3n: 6,15<\/p>\n<p>Santa Elena hoy 5,05 creciendo. Nivel de Alerta: 6.90. Nivel de Evacuaci\u00f3n: 7,25<\/p>\n<p>Hernandarias hoy 4,60 creciendo. Nivel de Alerta: 5.50. Nivel de Evacuaci\u00f3n: 6,00<\/p>\n<p>Paran\u00e1 hoy 3,90 creciendo. Nivel de Alerta: 4.70. Nivel de Evacuaci\u00f3n: 5,00.<\/p>\n<p><strong>Medidas de prevenci\u00f3n<\/strong><\/p>\n<p>Entre R\u00edos ya puso en vigencia el protocolo para hacer frente a este tipo de situaciones, efectu\u00f3 un primer relevamiento de las personas que pueden resultar afectadas por la creciente y prepar\u00f3 los lugares adonde se alojar\u00e1 a los evacuados.<\/p>\n<p>Se calcula que en la ribera entrerriana ba\u00f1ada por el r\u00edo Paran\u00e1 ser\u00e1 necesario evacuar entre 1.500 a 2.000 personas.<\/p>\n<p>Seg\u00fan datos del Servicio de Sanidad Animal (Senasa), en las islas entrerrianas hay casi 600.000 animales pastando, cuyos propietarios ya comenzaron a evacuarlos para evitar que mueran ahogados durante la inundaci\u00f3n.<\/p>\n<p>De acuerdo a ese c\u00e1lculo, en las islas de Diamante hay 67.546 animales; en Gualeguay 37.656, en el departamento Islas, en pleno delta entrerriano, 356.248; en La Paz 28.405; en Paran\u00e1 14.058 y en Victoria 88.652, lo que hace un total de 592.565 cabezas.<\/p>\n<p>Fuente: <em>UNO<\/em><\/p>\n","protected":false},"excerpt":{"rendered":"<p>Frente a la capital entrerriana el alerta se pone en vigencia a partir de los 4,70 metros y la evacuaci&oacute;n a los 5 metros. ALTURAS HOY. El r&iacute;o Paran&aacute; creci&oacute; en las &uacute;ltimas horas frente a la costa entrerriana, con excepci&oacute;n de Victoria, pero sin provocar a&uacute;n evacuaciones de pobladores costeros, informaron este lunes voceros [&hellip;]<\/p>\n","protected":false},"author":2,"featured_media":0,"comment_status":"open","ping_status":"open","sticky":false,"template":"","format":"standard","meta":{"fifu_image_url":"","fifu_image_alt":"","footnotes":""},"categories":[6],"tags":[],"class_list":{"0":"post-7139","1":"post","2":"type-post","3":"status-publish","4":"format-standard","6":"category-entre-rios"},"yoast_head":"<title>Crece el r\u00edo Paran\u00e1 en Entre R\u00edos pero sin evacuados, hasta el momento - Informe Litoral<\/title>\n<meta name=\"robots\" content=\"index, follow, max-snippet:-1, max-image-preview:large, max-video-preview:-1\" \/>\n<link rel=\"canonical\" href=\"https:\/\/informelitoral.com.ar\/crece-el-rio-parana-en-entre-rios-pero-sin-evacuados-hasta-el-momento\/\" \/>\n<meta property=\"og:locale\" content=\"es_ES\" \/>\n<meta property=\"og:type\" content=\"article\" \/>\n<meta property=\"og:title\" content=\"Crece el r\u00edo Paran\u00e1 en Entre R\u00edos pero sin evacuados, hasta el momento - Informe Litoral\" \/>\n<meta property=\"og:description\" content=\"Frente a la capital entrerriana el alerta se pone en vigencia a partir de los 4,70 metros y la evacuaci&oacute;n a los 5 metros. ALTURAS HOY. El r&iacute;o Paran&aacute; creci&oacute; en las &uacute;ltimas horas frente a la costa entrerriana, con excepci&oacute;n de Victoria, pero sin provocar a&uacute;n evacuaciones de pobladores costeros, informaron este lunes voceros [&hellip;]\" \/>\n<meta property=\"og:url\" content=\"https:\/\/informelitoral.com.ar\/crece-el-rio-parana-en-entre-rios-pero-sin-evacuados-hasta-el-momento\/\" \/>\n<meta property=\"og:site_name\" content=\"Informe Litoral\" \/>\n<meta property=\"article:publisher\" content=\"https:\/\/www.facebook.com\/informelitoral\/\" \/>\n<meta property=\"article:published_time\" content=\"2014-06-17T01:43:03+00:00\" \/>\n<meta property=\"og:image\" content=\"https:\/\/informelitoral.com.ar\/%77%70%2d%63%6f%6e%74%65%6e%74\/uploads\/2014\/06\/creciente-ganado-islas-DSC_2055.jpg\" \/>\n\t<meta property=\"og:image:width\" content=\"2047\" \/>\n\t<meta property=\"og:image:height\" content=\"1380\" \/>\n\t<meta property=\"og:image:type\" content=\"image\/jpeg\" \/>\n<meta name=\"author\" content=\"Gonzalo Schmidt\" \/>\n<meta name=\"twitter:card\" content=\"summary_large_image\" \/>\n<meta name=\"twitter:creator\" content=\"@InformeLitoral\" \/>\n<meta name=\"twitter:site\" content=\"@InformeLitoral\" \/>\n<meta name=\"twitter:label1\" content=\"Escrito por\" \/>\n\t<meta name=\"twitter:data1\" content=\"Gonzalo Schmidt\" \/>\n\t<meta name=\"twitter:label2\" content=\"Tiempo de lectura\" \/>\n\t<meta name=\"twitter:data2\" content=\"3 minutos\" \/>\n<script type=\"application\/ld+json\" class=\"yoast-schema-graph\">{\"@context\":\"https:\\\/\\\/schema.org\",\"@graph\":[{\"@type\":\"Article\",\"@id\":\"https:\\\/\\\/informelitoral.com.ar\\\/crece-el-rio-parana-en-entre-rios-pero-sin-evacuados-hasta-el-momento\\\/#article\",\"isPartOf\":{\"@id\":\"https:\\\/\\\/informelitoral.com.ar\\\/crece-el-rio-parana-en-entre-rios-pero-sin-evacuados-hasta-el-momento\\\/\"},\"author\":{\"name\":\"Gonzalo Schmidt\",\"@id\":\"https:\\\/\\\/informelitoral.com.ar\\\/#\\\/schema\\\/person\\\/b9d00407c836482871ef1d57bf8e3180\"},\"headline\":\"Crece el r\u00edo Paran\u00e1 en Entre R\u00edos pero sin evacuados, hasta el momento\",\"datePublished\":\"2014-06-17T01:43:03+00:00\",\"mainEntityOfPage\":{\"@id\":\"https:\\\/\\\/informelitoral.com.ar\\\/crece-el-rio-parana-en-entre-rios-pero-sin-evacuados-hasta-el-momento\\\/\"},\"wordCount\":565,\"commentCount\":0,\"publisher\":{\"@id\":\"https:\\\/\\\/informelitoral.com.ar\\\/#organization\"},\"image\":{\"@id\":\"https:\\\/\\\/informelitoral.com.ar\\\/crece-el-rio-parana-en-entre-rios-pero-sin-evacuados-hasta-el-momento\\\/#primaryimage\"},\"thumbnailUrl\":\"http:\\\/\\\/www.isletasnoticias.com.ar\\\/%77%70%2d%63%6f%6e%74%65%6e%74\\\/uploads\\\/2014\\\/06\\\/creciente-ganado-islas-DSC_2055-300x202.jpg\",\"articleSection\":[\"Entre R\u00edos\"],\"inLanguage\":\"es\",\"potentialAction\":[{\"@type\":\"CommentAction\",\"name\":\"Comment\",\"target\":[\"https:\\\/\\\/informelitoral.com.ar\\\/crece-el-rio-parana-en-entre-rios-pero-sin-evacuados-hasta-el-momento\\\/#respond\"]}]},{\"@type\":\"WebPage\",\"@id\":\"https:\\\/\\\/informelitoral.com.ar\\\/crece-el-rio-parana-en-entre-rios-pero-sin-evacuados-hasta-el-momento\\\/\",\"url\":\"https:\\\/\\\/informelitoral.com.ar\\\/crece-el-rio-parana-en-entre-rios-pero-sin-evacuados-hasta-el-momento\\\/\",\"name\":\"Crece el r\u00edo Paran\u00e1 en Entre R\u00edos pero sin evacuados, hasta el momento - Informe Litoral\",\"isPartOf\":{\"@id\":\"https:\\\/\\\/informelitoral.com.ar\\\/#website\"},\"primaryImageOfPage\":{\"@id\":\"https:\\\/\\\/informelitoral.com.ar\\\/crece-el-rio-parana-en-entre-rios-pero-sin-evacuados-hasta-el-momento\\\/#primaryimage\"},\"image\":{\"@id\":\"https:\\\/\\\/informelitoral.com.ar\\\/crece-el-rio-parana-en-entre-rios-pero-sin-evacuados-hasta-el-momento\\\/#primaryimage\"},\"thumbnailUrl\":\"http:\\\/\\\/www.isletasnoticias.com.ar\\\/%77%70%2d%63%6f%6e%74%65%6e%74\\\/uploads\\\/2014\\\/06\\\/creciente-ganado-islas-DSC_2055-300x202.jpg\",\"datePublished\":\"2014-06-17T01:43:03+00:00\",\"breadcrumb\":{\"@id\":\"https:\\\/\\\/informelitoral.com.ar\\\/crece-el-rio-parana-en-entre-rios-pero-sin-evacuados-hasta-el-momento\\\/#breadcrumb\"},\"inLanguage\":\"es\",\"potentialAction\":[{\"@type\":\"ReadAction\",\"target\":[\"https:\\\/\\\/informelitoral.com.ar\\\/crece-el-rio-parana-en-entre-rios-pero-sin-evacuados-hasta-el-momento\\\/\"]}]},{\"@type\":\"ImageObject\",\"inLanguage\":\"es\",\"@id\":\"https:\\\/\\\/informelitoral.com.ar\\\/crece-el-rio-parana-en-entre-rios-pero-sin-evacuados-hasta-el-momento\\\/#primaryimage\",\"url\":\"http:\\\/\\\/www.isletasnoticias.com.ar\\\/%77%70%2d%63%6f%6e%74%65%6e%74\\\/uploads\\\/2014\\\/06\\\/creciente-ganado-islas-DSC_2055-300x202.jpg\",\"contentUrl\":\"http:\\\/\\\/www.isletasnoticias.com.ar\\\/%77%70%2d%63%6f%6e%74%65%6e%74\\\/uploads\\\/2014\\\/06\\\/creciente-ganado-islas-DSC_2055-300x202.jpg\"},{\"@type\":\"BreadcrumbList\",\"@id\":\"https:\\\/\\\/informelitoral.com.ar\\\/crece-el-rio-parana-en-entre-rios-pero-sin-evacuados-hasta-el-momento\\\/#breadcrumb\",\"itemListElement\":[{\"@type\":\"ListItem\",\"position\":1,\"name\":\"Portada\",\"item\":\"https:\\\/\\\/informelitoral.com.ar\\\/\"},{\"@type\":\"ListItem\",\"position\":2,\"name\":\"Crece el r\u00edo Paran\u00e1 en Entre R\u00edos pero sin evacuados, hasta el momento\"}]},{\"@type\":\"WebSite\",\"@id\":\"https:\\\/\\\/informelitoral.com.ar\\\/#website\",\"url\":\"https:\\\/\\\/informelitoral.com.ar\\\/\",\"name\":\"Informe Litoral\",\"description\":\"&quot;Nos informamos&quot; \",\"publisher\":{\"@id\":\"https:\\\/\\\/informelitoral.com.ar\\\/#organization\"},\"potentialAction\":[{\"@type\":\"SearchAction\",\"target\":{\"@type\":\"EntryPoint\",\"urlTemplate\":\"https:\\\/\\\/informelitoral.com.ar\\\/?s={search_term_string}\"},\"query-input\":{\"@type\":\"PropertyValueSpecification\",\"valueRequired\":true,\"valueName\":\"search_term_string\"}}],\"inLanguage\":\"es\"},{\"@type\":\"Organization\",\"@id\":\"https:\\\/\\\/informelitoral.com.ar\\\/#organization\",\"name\":\"Informe Litoral\",\"url\":\"https:\\\/\\\/informelitoral.com.ar\\\/\",\"logo\":{\"@type\":\"ImageObject\",\"inLanguage\":\"es\",\"@id\":\"https:\\\/\\\/informelitoral.com.ar\\\/#\\\/schema\\\/logo\\\/image\\\/\",\"url\":\"https:\\\/\\\/informelitoral.com.ar\\\/%77%70%2d%63%6f%6e%74%65%6e%74\\\/uploads\\\/2021\\\/01\\\/circulo.png\",\"contentUrl\":\"https:\\\/\\\/informelitoral.com.ar\\\/%77%70%2d%63%6f%6e%74%65%6e%74\\\/uploads\\\/2021\\\/01\\\/circulo.png\",\"width\":723,\"height\":731,\"caption\":\"Informe Litoral\"},\"image\":{\"@id\":\"https:\\\/\\\/informelitoral.com.ar\\\/#\\\/schema\\\/logo\\\/image\\\/\"},\"sameAs\":[\"https:\\\/\\\/www.facebook.com\\\/informelitoral\\\/\",\"https:\\\/\\\/x.com\\\/InformeLitoral\",\"https:\\\/\\\/www.instagram.com\\\/informelitoral\\\/\",\"https:\\\/\\\/www.youtube.com\\\/channel\\\/UCua4Qvz8Icb6MYqhoq9xLXw\"]},{\"@type\":\"Person\",\"@id\":\"https:\\\/\\\/informelitoral.com.ar\\\/#\\\/schema\\\/person\\\/b9d00407c836482871ef1d57bf8e3180\",\"name\":\"Gonzalo Schmidt\",\"image\":{\"@type\":\"ImageObject\",\"inLanguage\":\"es\",\"@id\":\"https:\\\/\\\/secure.gravatar.com\\\/avatar\\\/31a1a7b66ff2de83bd0e9fd79d026630d2d99e55e8bfe501287647b4fd9743de?s=96&d=mm&r=g\",\"url\":\"https:\\\/\\\/secure.gravatar.com\\\/avatar\\\/31a1a7b66ff2de83bd0e9fd79d026630d2d99e55e8bfe501287647b4fd9743de?s=96&d=mm&r=g\",\"contentUrl\":\"https:\\\/\\\/secure.gravatar.com\\\/avatar\\\/31a1a7b66ff2de83bd0e9fd79d026630d2d99e55e8bfe501287647b4fd9743de?s=96&d=mm&r=g\",\"caption\":\"Gonzalo Schmidt\"},\"description\":\"Sitio web de noticias de la provincia de Entre R\u00edos, Argentina. Informaci\u00f3n y entretenimiento. Informe Litoral, nos informamos.\",\"sameAs\":[\"http:\\\/\\\/www.isletasnoticias.com.ar\"],\"url\":\"https:\\\/\\\/informelitoral.com.ar\\\/author\\\/gonzalo\\\/\"}]}<\/script>","yoast_head_json":{"title":"Crece el r\u00edo Paran\u00e1 en Entre R\u00edos pero sin evacuados, hasta el momento - Informe Litoral","robots":{"index":"index","follow":"follow","max-snippet":"max-snippet:-1","max-image-preview":"max-image-preview:large","max-video-preview":"max-video-preview:-1"},"canonical":"https:\/\/informelitoral.com.ar\/crece-el-rio-parana-en-entre-rios-pero-sin-evacuados-hasta-el-momento\/","og_locale":"es_ES","og_type":"article","og_title":"Crece el r\u00edo Paran\u00e1 en Entre R\u00edos pero sin evacuados, hasta el momento - Informe Litoral","og_description":"Frente a la capital entrerriana el alerta se pone en vigencia a partir de los 4,70 metros y la evacuaci&oacute;n a los 5 metros. ALTURAS HOY. El r&iacute;o Paran&aacute; creci&oacute; en las &uacute;ltimas horas frente a la costa entrerriana, con excepci&oacute;n de Victoria, pero sin provocar a&uacute;n evacuaciones de pobladores costeros, informaron este lunes voceros [&hellip;]","og_url":"https:\/\/informelitoral.com.ar\/crece-el-rio-parana-en-entre-rios-pero-sin-evacuados-hasta-el-momento\/","og_site_name":"Informe Litoral","article_publisher":"https:\/\/www.facebook.com\/informelitoral\/","article_published_time":"2014-06-17T01:43:03+00:00","og_image":[{"width":2047,"height":1380,"url":"https:\/\/informelitoral.com.ar\/%77%70%2d%63%6f%6e%74%65%6e%74\/uploads\/2014\/06\/creciente-ganado-islas-DSC_2055.jpg","type":"image\/jpeg"}],"author":"Gonzalo Schmidt","twitter_card":"summary_large_image","twitter_creator":"@InformeLitoral","twitter_site":"@InformeLitoral","twitter_misc":{"Escrito por":"Gonzalo Schmidt","Tiempo de lectura":"3 minutos"},"schema":{"@context":"https:\/\/schema.org","@graph":[{"@type":"Article","@id":"https:\/\/informelitoral.com.ar\/crece-el-rio-parana-en-entre-rios-pero-sin-evacuados-hasta-el-momento\/#article","isPartOf":{"@id":"https:\/\/informelitoral.com.ar\/crece-el-rio-parana-en-entre-rios-pero-sin-evacuados-hasta-el-momento\/"},"author":{"name":"Gonzalo Schmidt","@id":"https:\/\/informelitoral.com.ar\/#\/schema\/person\/b9d00407c836482871ef1d57bf8e3180"},"headline":"Crece el r\u00edo Paran\u00e1 en Entre R\u00edos pero sin evacuados, hasta el momento","datePublished":"2014-06-17T01:43:03+00:00","mainEntityOfPage":{"@id":"https:\/\/informelitoral.com.ar\/crece-el-rio-parana-en-entre-rios-pero-sin-evacuados-hasta-el-momento\/"},"wordCount":565,"commentCount":0,"publisher":{"@id":"https:\/\/informelitoral.com.ar\/#organization"},"image":{"@id":"https:\/\/informelitoral.com.ar\/crece-el-rio-parana-en-entre-rios-pero-sin-evacuados-hasta-el-momento\/#primaryimage"},"thumbnailUrl":"http:\/\/www.isletasnoticias.com.ar\/%77%70%2d%63%6f%6e%74%65%6e%74\/uploads\/2014\/06\/creciente-ganado-islas-DSC_2055-300x202.jpg","articleSection":["Entre R\u00edos"],"inLanguage":"es","potentialAction":[{"@type":"CommentAction","name":"Comment","target":["https:\/\/informelitoral.com.ar\/crece-el-rio-parana-en-entre-rios-pero-sin-evacuados-hasta-el-momento\/#respond"]}]},{"@type":"WebPage","@id":"https:\/\/informelitoral.com.ar\/crece-el-rio-parana-en-entre-rios-pero-sin-evacuados-hasta-el-momento\/","url":"https:\/\/informelitoral.com.ar\/crece-el-rio-parana-en-entre-rios-pero-sin-evacuados-hasta-el-momento\/","name":"Crece el r\u00edo Paran\u00e1 en Entre R\u00edos pero sin evacuados, hasta el momento - Informe Litoral","isPartOf":{"@id":"https:\/\/informelitoral.com.ar\/#website"},"primaryImageOfPage":{"@id":"https:\/\/informelitoral.com.ar\/crece-el-rio-parana-en-entre-rios-pero-sin-evacuados-hasta-el-momento\/#primaryimage"},"image":{"@id":"https:\/\/informelitoral.com.ar\/crece-el-rio-parana-en-entre-rios-pero-sin-evacuados-hasta-el-momento\/#primaryimage"},"thumbnailUrl":"http:\/\/www.isletasnoticias.com.ar\/%77%70%2d%63%6f%6e%74%65%6e%74\/uploads\/2014\/06\/creciente-ganado-islas-DSC_2055-300x202.jpg","datePublished":"2014-06-17T01:43:03+00:00","breadcrumb":{"@id":"https:\/\/informelitoral.com.ar\/crece-el-rio-parana-en-entre-rios-pero-sin-evacuados-hasta-el-momento\/#breadcrumb"},"inLanguage":"es","potentialAction":[{"@type":"ReadAction","target":["https:\/\/informelitoral.com.ar\/crece-el-rio-parana-en-entre-rios-pero-sin-evacuados-hasta-el-momento\/"]}]},{"@type":"ImageObject","inLanguage":"es","@id":"https:\/\/informelitoral.com.ar\/crece-el-rio-parana-en-entre-rios-pero-sin-evacuados-hasta-el-momento\/#primaryimage","url":"http:\/\/www.isletasnoticias.com.ar\/%77%70%2d%63%6f%6e%74%65%6e%74\/uploads\/2014\/06\/creciente-ganado-islas-DSC_2055-300x202.jpg","contentUrl":"http:\/\/www.isletasnoticias.com.ar\/%77%70%2d%63%6f%6e%74%65%6e%74\/uploads\/2014\/06\/creciente-ganado-islas-DSC_2055-300x202.jpg"},{"@type":"BreadcrumbList","@id":"https:\/\/informelitoral.com.ar\/crece-el-rio-parana-en-entre-rios-pero-sin-evacuados-hasta-el-momento\/#breadcrumb","itemListElement":[{"@type":"ListItem","position":1,"name":"Portada","item":"https:\/\/informelitoral.com.ar\/"},{"@type":"ListItem","position":2,"name":"Crece el r\u00edo Paran\u00e1 en Entre R\u00edos pero sin evacuados, hasta el momento"}]},{"@type":"WebSite","@id":"https:\/\/informelitoral.com.ar\/#website","url":"https:\/\/informelitoral.com.ar\/","name":"Informe Litoral","description":"&quot;Nos informamos&quot; ","publisher":{"@id":"https:\/\/informelitoral.com.ar\/#organization"},"potentialAction":[{"@type":"SearchAction","target":{"@type":"EntryPoint","urlTemplate":"https:\/\/informelitoral.com.ar\/?s={search_term_string}"},"query-input":{"@type":"PropertyValueSpecification","valueRequired":true,"valueName":"search_term_string"}}],"inLanguage":"es"},{"@type":"Organization","@id":"https:\/\/informelitoral.com.ar\/#organization","name":"Informe Litoral","url":"https:\/\/informelitoral.com.ar\/","logo":{"@type":"ImageObject","inLanguage":"es","@id":"https:\/\/informelitoral.com.ar\/#\/schema\/logo\/image\/","url":"https:\/\/informelitoral.com.ar\/%77%70%2d%63%6f%6e%74%65%6e%74\/uploads\/2021\/01\/circulo.png","contentUrl":"https:\/\/informelitoral.com.ar\/%77%70%2d%63%6f%6e%74%65%6e%74\/uploads\/2021\/01\/circulo.png","width":723,"height":731,"caption":"Informe Litoral"},"image":{"@id":"https:\/\/informelitoral.com.ar\/#\/schema\/logo\/image\/"},"sameAs":["https:\/\/www.facebook.com\/informelitoral\/","https:\/\/x.com\/InformeLitoral","https:\/\/www.instagram.com\/informelitoral\/","https:\/\/www.youtube.com\/channel\/UCua4Qvz8Icb6MYqhoq9xLXw"]},{"@type":"Person","@id":"https:\/\/informelitoral.com.ar\/#\/schema\/person\/b9d00407c836482871ef1d57bf8e3180","name":"Gonzalo Schmidt","image":{"@type":"ImageObject","inLanguage":"es","@id":"https:\/\/secure.gravatar.com\/avatar\/31a1a7b66ff2de83bd0e9fd79d026630d2d99e55e8bfe501287647b4fd9743de?s=96&d=mm&r=g","url":"https:\/\/secure.gravatar.com\/avatar\/31a1a7b66ff2de83bd0e9fd79d026630d2d99e55e8bfe501287647b4fd9743de?s=96&d=mm&r=g","contentUrl":"https:\/\/secure.gravatar.com\/avatar\/31a1a7b66ff2de83bd0e9fd79d026630d2d99e55e8bfe501287647b4fd9743de?s=96&d=mm&r=g","caption":"Gonzalo Schmidt"},"description":"Sitio web de noticias de la provincia de Entre R\u00edos, Argentina. Informaci\u00f3n y entretenimiento. Informe Litoral, nos informamos.","sameAs":["http:\/\/www.isletasnoticias.com.ar"],"url":"https:\/\/informelitoral.com.ar\/author\/gonzalo\/"}]}},"_links":{"self":[{"href":"https:\/\/informelitoral.com.ar\/%77%70%2d%6a%73%6f%6e\/wp\/v2\/posts\/7139","targetHints":{"allow":["GET"]}}],"collection":[{"href":"https:\/\/informelitoral.com.ar\/%77%70%2d%6a%73%6f%6e\/wp\/v2\/posts"}],"about":[{"href":"https:\/\/informelitoral.com.ar\/%77%70%2d%6a%73%6f%6e\/wp\/v2\/types\/post"}],"author":[{"embeddable":true,"href":"https:\/\/informelitoral.com.ar\/%77%70%2d%6a%73%6f%6e\/wp\/v2\/users\/2"}],"replies":[{"embeddable":true,"href":"https:\/\/informelitoral.com.ar\/%77%70%2d%6a%73%6f%6e\/wp\/v2\/comments?post=7139"}],"version-history":[{"count":0,"href":"https:\/\/informelitoral.com.ar\/%77%70%2d%6a%73%6f%6e\/wp\/v2\/posts\/7139\/revisions"}],"wp:attachment":[{"href":"https:\/\/informelitoral.com.ar\/%77%70%2d%6a%73%6f%6e\/wp\/v2\/media?parent=7139"}],"wp:term":[{"taxonomy":"category","embeddable":true,"href":"https:\/\/informelitoral.com.ar\/%77%70%2d%6a%73%6f%6e\/wp\/v2\/categories?post=7139"},{"taxonomy":"post_tag","embeddable":true,"href":"https:\/\/informelitoral.com.ar\/%77%70%2d%6a%73%6f%6e\/wp\/v2\/tags?post=7139"}],"curies":[{"name":"wp","href":"https:\/\/api.w.org\/{rel}","templated":true}]}}