{"id":7134,"date":"2014-06-16T22:28:00","date_gmt":"2014-06-17T01:28:00","guid":{"rendered":"http:\/\/www.isletasnoticias.com.ar\/?p=7134"},"modified":"2014-06-16T22:32:41","modified_gmt":"2014-06-17T01:32:41","slug":"isletas-la-jp-anuncio-que-repartiran-frazadas-del-programa-cobijar","status":"publish","type":"post","link":"https:\/\/informelitoral.com.ar\/isletas-la-jp-anuncio-que-repartiran-frazadas-del-programa-cobijar\/","title":{"rendered":"Isletas: la JP anunci\u00f3 que repartir\u00e1n frazadas del Programa Cobijar"},"content":{"rendered":"<p style=\"text-align: left;\"><strong>La Juventud Peronista de esta localidad, inform\u00f3 que en los pr\u00f3ximos d\u00edas repartir\u00e1n frazadas del Programa que depende del Ministerio de Desarrollo Social de la provincia. Por su parte, el viernes 20, har\u00e1n una venta de locro.<a href=\"http:\/\/www.isletasnoticias.com.ar\/%77%70%2d%63%6f%6e%74%65%6e%74\/uploads\/2014\/06\/programa-cobijar.jpg\"><img loading=\"lazy\" decoding=\"async\" class=\"aligncenter  wp-image-7135\" alt=\"programa-cobijar\" src=\"http:\/\/www.isletasnoticias.com.ar\/%77%70%2d%63%6f%6e%74%65%6e%74\/uploads\/2014\/06\/programa-cobijar-300x225.jpg\" width=\"500\" height=\"300\" \/><\/a><\/strong>En el transcurso de esta semana, integrantes de la Juventud Peronista de Isletas, \u00abestaremos repartiendo frazadas, del Programa Cobijar, provenientes del Ministerio de Desarrollo Social de Entre R\u00edos\u00bb, informaron a<em><strong> ISLETAS NOTICIAS.<\/strong><\/em><\/p>\n<p>\u00abLas mismas, se les entregar\u00e1 a familias de bajos recursos o que sufren alg\u00fan problema de incapacidad. As\u00ed comenzaremos a trabajar y acercarnos a la gente para escuchar si tienen inquietudes y tratar de darles soluci\u00f3n a las mismas de a acuerdo a nuestras posibilidades\u00bb, concluy\u00f3 el texto.<\/p>\n<p>Recordemos que el pr\u00f3ximo viernes 20, la JP tiene previsto realizar una venta de locro a $25 la porci\u00f3n, en el domicilio de la presidente de la agrupaci\u00f3n juvenil, Lucrecia Frank.<\/p>\n","protected":false},"excerpt":{"rendered":"<p>La Juventud Peronista de esta localidad, inform&oacute; que en los pr&oacute;ximos d&iacute;as repartir&aacute;n frazadas del Programa que depende del Ministerio de Desarrollo Social de la provincia. Por su parte, el viernes 20, har&aacute;n una venta de locro.En el transcurso de esta semana, integrantes de la Juventud Peronista de Isletas, &laquo;estaremos repartiendo frazadas, del Programa Cobijar, [&hellip;]<\/p>\n","protected":false},"author":2,"featured_media":0,"comment_status":"open","ping_status":"open","sticky":false,"template":"","format":"standard","meta":{"fifu_image_url":"","fifu_image_alt":"","footnotes":""},"categories":[4,16],"tags":[],"class_list":{"0":"post-7134","1":"post","2":"type-post","3":"status-publish","4":"format-standard","6":"category-locales","7":"category-politi"},"yoast_head":"<title>Isletas: la JP anunci\u00f3 que repartir\u00e1n frazadas del Programa Cobijar  - Informe Litoral<\/title>\n<meta name=\"robots\" content=\"index, follow, max-snippet:-1, max-image-preview:large, max-video-preview:-1\" \/>\n<link rel=\"canonical\" href=\"https:\/\/informelitoral.com.ar\/isletas-la-jp-anuncio-que-repartiran-frazadas-del-programa-cobijar\/\" \/>\n<meta property=\"og:locale\" content=\"es_ES\" \/>\n<meta property=\"og:type\" content=\"article\" \/>\n<meta property=\"og:title\" content=\"Isletas: la JP anunci\u00f3 que repartir\u00e1n frazadas del Programa Cobijar  - Informe Litoral\" \/>\n<meta property=\"og:description\" content=\"La Juventud Peronista de esta localidad, inform&oacute; que en los pr&oacute;ximos d&iacute;as repartir&aacute;n frazadas del Programa que depende del Ministerio de Desarrollo Social de la provincia. Por su parte, el viernes 20, har&aacute;n una venta de locro.En el transcurso de esta semana, integrantes de la Juventud Peronista de Isletas, &laquo;estaremos repartiendo frazadas, del Programa Cobijar, [&hellip;]\" \/>\n<meta property=\"og:url\" content=\"https:\/\/informelitoral.com.ar\/isletas-la-jp-anuncio-que-repartiran-frazadas-del-programa-cobijar\/\" \/>\n<meta property=\"og:site_name\" content=\"Informe Litoral\" \/>\n<meta property=\"article:publisher\" content=\"https:\/\/www.facebook.com\/informelitoral\/\" \/>\n<meta property=\"article:published_time\" content=\"2014-06-17T01:28:00+00:00\" \/>\n<meta property=\"article:modified_time\" content=\"2014-06-17T01:32:41+00:00\" \/>\n<meta property=\"og:image\" content=\"https:\/\/informelitoral.com.ar\/%77%70%2d%63%6f%6e%74%65%6e%74\/uploads\/2014\/06\/programa-cobijar.jpg\" \/>\n\t<meta property=\"og:image:width\" content=\"492\" \/>\n\t<meta property=\"og:image:height\" content=\"369\" \/>\n\t<meta property=\"og:image:type\" content=\"image\/jpeg\" \/>\n<meta name=\"author\" content=\"Gonzalo Schmidt\" \/>\n<meta name=\"twitter:card\" content=\"summary_large_image\" \/>\n<meta name=\"twitter:creator\" content=\"@InformeLitoral\" \/>\n<meta name=\"twitter:site\" content=\"@InformeLitoral\" \/>\n<meta name=\"twitter:label1\" content=\"Escrito por\" \/>\n\t<meta name=\"twitter:data1\" content=\"Gonzalo Schmidt\" \/>\n\t<meta name=\"twitter:label2\" content=\"Tiempo de lectura\" \/>\n\t<meta name=\"twitter:data2\" content=\"1 minuto\" \/>\n<script type=\"application\/ld+json\" class=\"yoast-schema-graph\">{\"@context\":\"https:\\\/\\\/schema.org\",\"@graph\":[{\"@type\":\"Article\",\"@id\":\"https:\\\/\\\/informelitoral.com.ar\\\/isletas-la-jp-anuncio-que-repartiran-frazadas-del-programa-cobijar\\\/#article\",\"isPartOf\":{\"@id\":\"https:\\\/\\\/informelitoral.com.ar\\\/isletas-la-jp-anuncio-que-repartiran-frazadas-del-programa-cobijar\\\/\"},\"author\":{\"name\":\"Gonzalo Schmidt\",\"@id\":\"https:\\\/\\\/informelitoral.com.ar\\\/#\\\/schema\\\/person\\\/b9d00407c836482871ef1d57bf8e3180\"},\"headline\":\"Isletas: la JP anunci\u00f3 que repartir\u00e1n frazadas del Programa Cobijar\",\"datePublished\":\"2014-06-17T01:28:00+00:00\",\"dateModified\":\"2014-06-17T01:32:41+00:00\",\"mainEntityOfPage\":{\"@id\":\"https:\\\/\\\/informelitoral.com.ar\\\/isletas-la-jp-anuncio-que-repartiran-frazadas-del-programa-cobijar\\\/\"},\"wordCount\":166,\"commentCount\":0,\"publisher\":{\"@id\":\"https:\\\/\\\/informelitoral.com.ar\\\/#organization\"},\"image\":{\"@id\":\"https:\\\/\\\/informelitoral.com.ar\\\/isletas-la-jp-anuncio-que-repartiran-frazadas-del-programa-cobijar\\\/#primaryimage\"},\"thumbnailUrl\":\"http:\\\/\\\/www.isletasnoticias.com.ar\\\/%77%70%2d%63%6f%6e%74%65%6e%74\\\/uploads\\\/2014\\\/06\\\/programa-cobijar-300x225.jpg\",\"articleSection\":[\"Isletas\",\"Politica\"],\"inLanguage\":\"es\",\"potentialAction\":[{\"@type\":\"CommentAction\",\"name\":\"Comment\",\"target\":[\"https:\\\/\\\/informelitoral.com.ar\\\/isletas-la-jp-anuncio-que-repartiran-frazadas-del-programa-cobijar\\\/#respond\"]}]},{\"@type\":\"WebPage\",\"@id\":\"https:\\\/\\\/informelitoral.com.ar\\\/isletas-la-jp-anuncio-que-repartiran-frazadas-del-programa-cobijar\\\/\",\"url\":\"https:\\\/\\\/informelitoral.com.ar\\\/isletas-la-jp-anuncio-que-repartiran-frazadas-del-programa-cobijar\\\/\",\"name\":\"Isletas: la JP anunci\u00f3 que repartir\u00e1n frazadas del Programa Cobijar - Informe Litoral\",\"isPartOf\":{\"@id\":\"https:\\\/\\\/informelitoral.com.ar\\\/#website\"},\"primaryImageOfPage\":{\"@id\":\"https:\\\/\\\/informelitoral.com.ar\\\/isletas-la-jp-anuncio-que-repartiran-frazadas-del-programa-cobijar\\\/#primaryimage\"},\"image\":{\"@id\":\"https:\\\/\\\/informelitoral.com.ar\\\/isletas-la-jp-anuncio-que-repartiran-frazadas-del-programa-cobijar\\\/#primaryimage\"},\"thumbnailUrl\":\"http:\\\/\\\/www.isletasnoticias.com.ar\\\/%77%70%2d%63%6f%6e%74%65%6e%74\\\/uploads\\\/2014\\\/06\\\/programa-cobijar-300x225.jpg\",\"datePublished\":\"2014-06-17T01:28:00+00:00\",\"dateModified\":\"2014-06-17T01:32:41+00:00\",\"breadcrumb\":{\"@id\":\"https:\\\/\\\/informelitoral.com.ar\\\/isletas-la-jp-anuncio-que-repartiran-frazadas-del-programa-cobijar\\\/#breadcrumb\"},\"inLanguage\":\"es\",\"potentialAction\":[{\"@type\":\"ReadAction\",\"target\":[\"https:\\\/\\\/informelitoral.com.ar\\\/isletas-la-jp-anuncio-que-repartiran-frazadas-del-programa-cobijar\\\/\"]}]},{\"@type\":\"ImageObject\",\"inLanguage\":\"es\",\"@id\":\"https:\\\/\\\/informelitoral.com.ar\\\/isletas-la-jp-anuncio-que-repartiran-frazadas-del-programa-cobijar\\\/#primaryimage\",\"url\":\"http:\\\/\\\/www.isletasnoticias.com.ar\\\/%77%70%2d%63%6f%6e%74%65%6e%74\\\/uploads\\\/2014\\\/06\\\/programa-cobijar-300x225.jpg\",\"contentUrl\":\"http:\\\/\\\/www.isletasnoticias.com.ar\\\/%77%70%2d%63%6f%6e%74%65%6e%74\\\/uploads\\\/2014\\\/06\\\/programa-cobijar-300x225.jpg\"},{\"@type\":\"BreadcrumbList\",\"@id\":\"https:\\\/\\\/informelitoral.com.ar\\\/isletas-la-jp-anuncio-que-repartiran-frazadas-del-programa-cobijar\\\/#breadcrumb\",\"itemListElement\":[{\"@type\":\"ListItem\",\"position\":1,\"name\":\"Portada\",\"item\":\"https:\\\/\\\/informelitoral.com.ar\\\/\"},{\"@type\":\"ListItem\",\"position\":2,\"name\":\"Isletas: la JP anunci\u00f3 que repartir\u00e1n frazadas del Programa Cobijar\"}]},{\"@type\":\"WebSite\",\"@id\":\"https:\\\/\\\/informelitoral.com.ar\\\/#website\",\"url\":\"https:\\\/\\\/informelitoral.com.ar\\\/\",\"name\":\"Informe Litoral\",\"description\":\"&quot;Nos informamos&quot; \",\"publisher\":{\"@id\":\"https:\\\/\\\/informelitoral.com.ar\\\/#organization\"},\"potentialAction\":[{\"@type\":\"SearchAction\",\"target\":{\"@type\":\"EntryPoint\",\"urlTemplate\":\"https:\\\/\\\/informelitoral.com.ar\\\/?s={search_term_string}\"},\"query-input\":{\"@type\":\"PropertyValueSpecification\",\"valueRequired\":true,\"valueName\":\"search_term_string\"}}],\"inLanguage\":\"es\"},{\"@type\":\"Organization\",\"@id\":\"https:\\\/\\\/informelitoral.com.ar\\\/#organization\",\"name\":\"Informe Litoral\",\"url\":\"https:\\\/\\\/informelitoral.com.ar\\\/\",\"logo\":{\"@type\":\"ImageObject\",\"inLanguage\":\"es\",\"@id\":\"https:\\\/\\\/informelitoral.com.ar\\\/#\\\/schema\\\/logo\\\/image\\\/\",\"url\":\"https:\\\/\\\/informelitoral.com.ar\\\/%77%70%2d%63%6f%6e%74%65%6e%74\\\/uploads\\\/2021\\\/01\\\/circulo.png\",\"contentUrl\":\"https:\\\/\\\/informelitoral.com.ar\\\/%77%70%2d%63%6f%6e%74%65%6e%74\\\/uploads\\\/2021\\\/01\\\/circulo.png\",\"width\":723,\"height\":731,\"caption\":\"Informe Litoral\"},\"image\":{\"@id\":\"https:\\\/\\\/informelitoral.com.ar\\\/#\\\/schema\\\/logo\\\/image\\\/\"},\"sameAs\":[\"https:\\\/\\\/www.facebook.com\\\/informelitoral\\\/\",\"https:\\\/\\\/x.com\\\/InformeLitoral\",\"https:\\\/\\\/www.instagram.com\\\/informelitoral\\\/\",\"https:\\\/\\\/www.youtube.com\\\/channel\\\/UCua4Qvz8Icb6MYqhoq9xLXw\"]},{\"@type\":\"Person\",\"@id\":\"https:\\\/\\\/informelitoral.com.ar\\\/#\\\/schema\\\/person\\\/b9d00407c836482871ef1d57bf8e3180\",\"name\":\"Gonzalo Schmidt\",\"image\":{\"@type\":\"ImageObject\",\"inLanguage\":\"es\",\"@id\":\"https:\\\/\\\/secure.gravatar.com\\\/avatar\\\/31a1a7b66ff2de83bd0e9fd79d026630d2d99e55e8bfe501287647b4fd9743de?s=96&d=mm&r=g\",\"url\":\"https:\\\/\\\/secure.gravatar.com\\\/avatar\\\/31a1a7b66ff2de83bd0e9fd79d026630d2d99e55e8bfe501287647b4fd9743de?s=96&d=mm&r=g\",\"contentUrl\":\"https:\\\/\\\/secure.gravatar.com\\\/avatar\\\/31a1a7b66ff2de83bd0e9fd79d026630d2d99e55e8bfe501287647b4fd9743de?s=96&d=mm&r=g\",\"caption\":\"Gonzalo Schmidt\"},\"description\":\"Sitio web de noticias de la provincia de Entre R\u00edos, Argentina. Informaci\u00f3n y entretenimiento. Informe Litoral, nos informamos.\",\"sameAs\":[\"http:\\\/\\\/www.isletasnoticias.com.ar\"],\"url\":\"https:\\\/\\\/informelitoral.com.ar\\\/author\\\/gonzalo\\\/\"}]}<\/script>","yoast_head_json":{"title":"Isletas: la JP anunci\u00f3 que repartir\u00e1n frazadas del Programa Cobijar  - Informe Litoral","robots":{"index":"index","follow":"follow","max-snippet":"max-snippet:-1","max-image-preview":"max-image-preview:large","max-video-preview":"max-video-preview:-1"},"canonical":"https:\/\/informelitoral.com.ar\/isletas-la-jp-anuncio-que-repartiran-frazadas-del-programa-cobijar\/","og_locale":"es_ES","og_type":"article","og_title":"Isletas: la JP anunci\u00f3 que repartir\u00e1n frazadas del Programa Cobijar  - Informe Litoral","og_description":"La Juventud Peronista de esta localidad, inform&oacute; que en los pr&oacute;ximos d&iacute;as repartir&aacute;n frazadas del Programa que depende del Ministerio de Desarrollo Social de la provincia. Por su parte, el viernes 20, har&aacute;n una venta de locro.En el transcurso de esta semana, integrantes de la Juventud Peronista de Isletas, &laquo;estaremos repartiendo frazadas, del Programa Cobijar, [&hellip;]","og_url":"https:\/\/informelitoral.com.ar\/isletas-la-jp-anuncio-que-repartiran-frazadas-del-programa-cobijar\/","og_site_name":"Informe Litoral","article_publisher":"https:\/\/www.facebook.com\/informelitoral\/","article_published_time":"2014-06-17T01:28:00+00:00","article_modified_time":"2014-06-17T01:32:41+00:00","og_image":[{"width":492,"height":369,"url":"https:\/\/informelitoral.com.ar\/%77%70%2d%63%6f%6e%74%65%6e%74\/uploads\/2014\/06\/programa-cobijar.jpg","type":"image\/jpeg"}],"author":"Gonzalo Schmidt","twitter_card":"summary_large_image","twitter_creator":"@InformeLitoral","twitter_site":"@InformeLitoral","twitter_misc":{"Escrito por":"Gonzalo Schmidt","Tiempo de lectura":"1 minuto"},"schema":{"@context":"https:\/\/schema.org","@graph":[{"@type":"Article","@id":"https:\/\/informelitoral.com.ar\/isletas-la-jp-anuncio-que-repartiran-frazadas-del-programa-cobijar\/#article","isPartOf":{"@id":"https:\/\/informelitoral.com.ar\/isletas-la-jp-anuncio-que-repartiran-frazadas-del-programa-cobijar\/"},"author":{"name":"Gonzalo Schmidt","@id":"https:\/\/informelitoral.com.ar\/#\/schema\/person\/b9d00407c836482871ef1d57bf8e3180"},"headline":"Isletas: la JP anunci\u00f3 que repartir\u00e1n frazadas del Programa Cobijar","datePublished":"2014-06-17T01:28:00+00:00","dateModified":"2014-06-17T01:32:41+00:00","mainEntityOfPage":{"@id":"https:\/\/informelitoral.com.ar\/isletas-la-jp-anuncio-que-repartiran-frazadas-del-programa-cobijar\/"},"wordCount":166,"commentCount":0,"publisher":{"@id":"https:\/\/informelitoral.com.ar\/#organization"},"image":{"@id":"https:\/\/informelitoral.com.ar\/isletas-la-jp-anuncio-que-repartiran-frazadas-del-programa-cobijar\/#primaryimage"},"thumbnailUrl":"http:\/\/www.isletasnoticias.com.ar\/%77%70%2d%63%6f%6e%74%65%6e%74\/uploads\/2014\/06\/programa-cobijar-300x225.jpg","articleSection":["Isletas","Politica"],"inLanguage":"es","potentialAction":[{"@type":"CommentAction","name":"Comment","target":["https:\/\/informelitoral.com.ar\/isletas-la-jp-anuncio-que-repartiran-frazadas-del-programa-cobijar\/#respond"]}]},{"@type":"WebPage","@id":"https:\/\/informelitoral.com.ar\/isletas-la-jp-anuncio-que-repartiran-frazadas-del-programa-cobijar\/","url":"https:\/\/informelitoral.com.ar\/isletas-la-jp-anuncio-que-repartiran-frazadas-del-programa-cobijar\/","name":"Isletas: la JP anunci\u00f3 que repartir\u00e1n frazadas del Programa Cobijar - Informe Litoral","isPartOf":{"@id":"https:\/\/informelitoral.com.ar\/#website"},"primaryImageOfPage":{"@id":"https:\/\/informelitoral.com.ar\/isletas-la-jp-anuncio-que-repartiran-frazadas-del-programa-cobijar\/#primaryimage"},"image":{"@id":"https:\/\/informelitoral.com.ar\/isletas-la-jp-anuncio-que-repartiran-frazadas-del-programa-cobijar\/#primaryimage"},"thumbnailUrl":"http:\/\/www.isletasnoticias.com.ar\/%77%70%2d%63%6f%6e%74%65%6e%74\/uploads\/2014\/06\/programa-cobijar-300x225.jpg","datePublished":"2014-06-17T01:28:00+00:00","dateModified":"2014-06-17T01:32:41+00:00","breadcrumb":{"@id":"https:\/\/informelitoral.com.ar\/isletas-la-jp-anuncio-que-repartiran-frazadas-del-programa-cobijar\/#breadcrumb"},"inLanguage":"es","potentialAction":[{"@type":"ReadAction","target":["https:\/\/informelitoral.com.ar\/isletas-la-jp-anuncio-que-repartiran-frazadas-del-programa-cobijar\/"]}]},{"@type":"ImageObject","inLanguage":"es","@id":"https:\/\/informelitoral.com.ar\/isletas-la-jp-anuncio-que-repartiran-frazadas-del-programa-cobijar\/#primaryimage","url":"http:\/\/www.isletasnoticias.com.ar\/%77%70%2d%63%6f%6e%74%65%6e%74\/uploads\/2014\/06\/programa-cobijar-300x225.jpg","contentUrl":"http:\/\/www.isletasnoticias.com.ar\/%77%70%2d%63%6f%6e%74%65%6e%74\/uploads\/2014\/06\/programa-cobijar-300x225.jpg"},{"@type":"BreadcrumbList","@id":"https:\/\/informelitoral.com.ar\/isletas-la-jp-anuncio-que-repartiran-frazadas-del-programa-cobijar\/#breadcrumb","itemListElement":[{"@type":"ListItem","position":1,"name":"Portada","item":"https:\/\/informelitoral.com.ar\/"},{"@type":"ListItem","position":2,"name":"Isletas: la JP anunci\u00f3 que repartir\u00e1n frazadas del Programa Cobijar"}]},{"@type":"WebSite","@id":"https:\/\/informelitoral.com.ar\/#website","url":"https:\/\/informelitoral.com.ar\/","name":"Informe Litoral","description":"&quot;Nos informamos&quot; ","publisher":{"@id":"https:\/\/informelitoral.com.ar\/#organization"},"potentialAction":[{"@type":"SearchAction","target":{"@type":"EntryPoint","urlTemplate":"https:\/\/informelitoral.com.ar\/?s={search_term_string}"},"query-input":{"@type":"PropertyValueSpecification","valueRequired":true,"valueName":"search_term_string"}}],"inLanguage":"es"},{"@type":"Organization","@id":"https:\/\/informelitoral.com.ar\/#organization","name":"Informe Litoral","url":"https:\/\/informelitoral.com.ar\/","logo":{"@type":"ImageObject","inLanguage":"es","@id":"https:\/\/informelitoral.com.ar\/#\/schema\/logo\/image\/","url":"https:\/\/informelitoral.com.ar\/%77%70%2d%63%6f%6e%74%65%6e%74\/uploads\/2021\/01\/circulo.png","contentUrl":"https:\/\/informelitoral.com.ar\/%77%70%2d%63%6f%6e%74%65%6e%74\/uploads\/2021\/01\/circulo.png","width":723,"height":731,"caption":"Informe Litoral"},"image":{"@id":"https:\/\/informelitoral.com.ar\/#\/schema\/logo\/image\/"},"sameAs":["https:\/\/www.facebook.com\/informelitoral\/","https:\/\/x.com\/InformeLitoral","https:\/\/www.instagram.com\/informelitoral\/","https:\/\/www.youtube.com\/channel\/UCua4Qvz8Icb6MYqhoq9xLXw"]},{"@type":"Person","@id":"https:\/\/informelitoral.com.ar\/#\/schema\/person\/b9d00407c836482871ef1d57bf8e3180","name":"Gonzalo Schmidt","image":{"@type":"ImageObject","inLanguage":"es","@id":"https:\/\/secure.gravatar.com\/avatar\/31a1a7b66ff2de83bd0e9fd79d026630d2d99e55e8bfe501287647b4fd9743de?s=96&d=mm&r=g","url":"https:\/\/secure.gravatar.com\/avatar\/31a1a7b66ff2de83bd0e9fd79d026630d2d99e55e8bfe501287647b4fd9743de?s=96&d=mm&r=g","contentUrl":"https:\/\/secure.gravatar.com\/avatar\/31a1a7b66ff2de83bd0e9fd79d026630d2d99e55e8bfe501287647b4fd9743de?s=96&d=mm&r=g","caption":"Gonzalo Schmidt"},"description":"Sitio web de noticias de la provincia de Entre R\u00edos, Argentina. Informaci\u00f3n y entretenimiento. Informe Litoral, nos informamos.","sameAs":["http:\/\/www.isletasnoticias.com.ar"],"url":"https:\/\/informelitoral.com.ar\/author\/gonzalo\/"}]}},"_links":{"self":[{"href":"https:\/\/informelitoral.com.ar\/%77%70%2d%6a%73%6f%6e\/wp\/v2\/posts\/7134","targetHints":{"allow":["GET"]}}],"collection":[{"href":"https:\/\/informelitoral.com.ar\/%77%70%2d%6a%73%6f%6e\/wp\/v2\/posts"}],"about":[{"href":"https:\/\/informelitoral.com.ar\/%77%70%2d%6a%73%6f%6e\/wp\/v2\/types\/post"}],"author":[{"embeddable":true,"href":"https:\/\/informelitoral.com.ar\/%77%70%2d%6a%73%6f%6e\/wp\/v2\/users\/2"}],"replies":[{"embeddable":true,"href":"https:\/\/informelitoral.com.ar\/%77%70%2d%6a%73%6f%6e\/wp\/v2\/comments?post=7134"}],"version-history":[{"count":0,"href":"https:\/\/informelitoral.com.ar\/%77%70%2d%6a%73%6f%6e\/wp\/v2\/posts\/7134\/revisions"}],"wp:attachment":[{"href":"https:\/\/informelitoral.com.ar\/%77%70%2d%6a%73%6f%6e\/wp\/v2\/media?parent=7134"}],"wp:term":[{"taxonomy":"category","embeddable":true,"href":"https:\/\/informelitoral.com.ar\/%77%70%2d%6a%73%6f%6e\/wp\/v2\/categories?post=7134"},{"taxonomy":"post_tag","embeddable":true,"href":"https:\/\/informelitoral.com.ar\/%77%70%2d%6a%73%6f%6e\/wp\/v2\/tags?post=7134"}],"curies":[{"name":"wp","href":"https:\/\/api.w.org\/{rel}","templated":true}]}}