{"id":71265,"date":"2022-02-04T08:51:49","date_gmt":"2022-02-04T11:51:49","guid":{"rendered":"https:\/\/www.informelitoral.com.ar\/?p=71265"},"modified":"2022-02-04T08:51:49","modified_gmt":"2022-02-04T11:51:49","slug":"la-provincia-y-sedronar-fortaleceran-estrategias-de-prevencion-de-los-consumos-problematicos-en-el-territorio","status":"publish","type":"post","link":"https:\/\/informelitoral.com.ar\/la-provincia-y-sedronar-fortaleceran-estrategias-de-prevencion-de-los-consumos-problematicos-en-el-territorio\/","title":{"rendered":"La provincia y Sedronar fortalecer\u00e1n estrategias de prevenci\u00f3n de los consumos problem\u00e1ticos en el territorio"},"content":{"rendered":"<p>Durante un encuentro que mantuvieron en la Ciudad de Buenos Aires, en el que tambi\u00e9n particip\u00f3 la subsecretaria de la Juventud, Brenda Ulman, dialogaron sobre la importancia de realizar acciones conjuntas en materia de prevenci\u00f3n y promoci\u00f3n destinadas a las juventudes entrerrianas, a trav\u00e9s de programas nacionales que se ejecutar\u00e1n en el territorio provincial junto a las \u00e1reas municipales de Juventud.<\/p>\n<p>\u201cVamos a impulsar acciones para continuar fortaleciendo las \u00e1reas de Juventud municipales, con el objetivo de acompa\u00f1ar a las y los adolescentes y j\u00f3venes en situaci\u00f3n de vulnerabilidad de la provincia. Como nos insta nuestro gobernador, Gustavo Bordet, articulamos pol\u00edticas con la Naci\u00f3n para pensar, desde una mirada integral, estrategias de atenci\u00f3n, prevenci\u00f3n y promoci\u00f3n\u201d, explic\u00f3 la ministra al t\u00e9rmino del encuentro de trabajo.<\/p>\n<p>Por su parte, Torres precis\u00f3: \u201cJunto a la ministra de Desarrollo Social de Entre R\u00edos trabajamos en un plan integral de prevenci\u00f3n y acompa\u00f1amiento de juventudes con una mirada integral, para lograr un mayor alcance en materia de prevenci\u00f3n de consumos problem\u00e1ticos. A partir de marzo comenzaremos con capacitaciones para fortalecer el abordaje territorial\u201d.<\/p>\n<p>Adem\u00e1s, la funcionaria destac\u00f3 la importancia del trabajo conjunto: \u201cCreemos que si nosotros llegamos antes, los consumos dejan de ser problem\u00e1ticos si el Estado est\u00e1 presente, as\u00ed que es una alegr\u00eda enorme desde la Naci\u00f3n estar acompa\u00f1ando a Entre R\u00edos\u201d.<\/p>\n<p>Por \u00faltimo, Ulman sostuvo: \u201cEs fundamental pensar en estrategias territoriales respecto a las problem\u00e1ticas de consumo, tanto en la atenci\u00f3n como en la prevenci\u00f3n de nuestras juventudes entrerrianas. En ese sentido es importante que formen parte de las pol\u00edticas p\u00fablicas, por eso una de las acciones que llevaremos adelante son capacitaciones para j\u00f3venes y adolescentes, como as\u00ed tambi\u00e9n para referentes comunitarios y municipales\u201d.<\/p>\n","protected":false},"excerpt":{"rendered":"<p>Con el fin de articular estrategias de prevenci\u00f3n y definir una agenda de trabajo, que prev\u00e9 capacitaciones para referentes comunitarios y municipales en materia de consumos problem\u00e1ticos, se reunieron la titular de la Sedronar, Gabriela Torres, y la ministra de Desarrollo Social, Marisa Paira.<\/p>\n","protected":false},"author":8,"featured_media":71266,"comment_status":"open","ping_status":"open","sticky":false,"template":"","format":"standard","meta":{"fifu_image_url":"","fifu_image_alt":"","footnotes":""},"categories":[6],"tags":[3087,3088],"class_list":{"0":"post-71265","1":"post","2":"type-post","3":"status-publish","4":"format-standard","5":"has-post-thumbnail","7":"category-entre-rios","8":"tag-estrategias-de-prevencion","9":"tag-problematicas-de-consumo"},"yoast_head":"<title>La provincia y Sedronar fortalecer\u00e1n estrategias de prevenci\u00f3n de los consumos problem\u00e1ticos en el territorio - Informe Litoral<\/title>\n<meta name=\"robots\" content=\"index, follow, max-snippet:-1, max-image-preview:large, max-video-preview:-1\" \/>\n<link rel=\"canonical\" href=\"https:\/\/informelitoral.com.ar\/la-provincia-y-sedronar-fortaleceran-estrategias-de-prevencion-de-los-consumos-problematicos-en-el-territorio\/\" \/>\n<meta property=\"og:locale\" content=\"es_ES\" \/>\n<meta property=\"og:type\" content=\"article\" \/>\n<meta property=\"og:title\" content=\"La provincia y Sedronar fortalecer\u00e1n estrategias de prevenci\u00f3n de los consumos problem\u00e1ticos en el territorio - Informe Litoral\" \/>\n<meta property=\"og:description\" content=\"Con el fin de articular estrategias de prevenci\u00f3n y definir una agenda de trabajo, que prev\u00e9 capacitaciones para referentes comunitarios y municipales en materia de consumos problem\u00e1ticos, se reunieron la titular de la Sedronar, Gabriela Torres, y la ministra de Desarrollo Social, Marisa Paira.\" \/>\n<meta property=\"og:url\" content=\"https:\/\/informelitoral.com.ar\/la-provincia-y-sedronar-fortaleceran-estrategias-de-prevencion-de-los-consumos-problematicos-en-el-territorio\/\" \/>\n<meta property=\"og:site_name\" content=\"Informe Litoral\" \/>\n<meta property=\"article:publisher\" content=\"https:\/\/www.facebook.com\/informelitoral\/\" \/>\n<meta property=\"article:published_time\" content=\"2022-02-04T11:51:49+00:00\" \/>\n<meta property=\"og:image\" content=\"https:\/\/informelitoral.com.ar\/%77%70%2d%63%6f%6e%74%65%6e%74\/uploads\/2022\/02\/x_1643974843.jpg\" \/>\n\t<meta property=\"og:image:width\" content=\"1980\" \/>\n\t<meta property=\"og:image:height\" content=\"1280\" \/>\n\t<meta property=\"og:image:type\" content=\"image\/jpeg\" \/>\n<meta name=\"author\" content=\"Sebastian\" \/>\n<meta name=\"twitter:card\" content=\"summary_large_image\" \/>\n<meta name=\"twitter:creator\" content=\"@InformeLitoral\" \/>\n<meta name=\"twitter:site\" content=\"@InformeLitoral\" \/>\n<meta name=\"twitter:label1\" content=\"Escrito por\" \/>\n\t<meta name=\"twitter:data1\" content=\"Sebastian\" \/>\n\t<meta name=\"twitter:label2\" content=\"Tiempo de lectura\" \/>\n\t<meta name=\"twitter:data2\" content=\"2 minutos\" \/>\n<script type=\"application\/ld+json\" class=\"yoast-schema-graph\">{\"@context\":\"https:\\\/\\\/schema.org\",\"@graph\":[{\"@type\":\"Article\",\"@id\":\"https:\\\/\\\/informelitoral.com.ar\\\/la-provincia-y-sedronar-fortaleceran-estrategias-de-prevencion-de-los-consumos-problematicos-en-el-territorio\\\/#article\",\"isPartOf\":{\"@id\":\"https:\\\/\\\/informelitoral.com.ar\\\/la-provincia-y-sedronar-fortaleceran-estrategias-de-prevencion-de-los-consumos-problematicos-en-el-territorio\\\/\"},\"author\":{\"name\":\"Sebastian\",\"@id\":\"https:\\\/\\\/informelitoral.com.ar\\\/#\\\/schema\\\/person\\\/f05f9f461677119578717524b127d6d5\"},\"headline\":\"La provincia y Sedronar fortalecer\u00e1n estrategias de prevenci\u00f3n de los consumos problem\u00e1ticos en el territorio\",\"datePublished\":\"2022-02-04T11:51:49+00:00\",\"mainEntityOfPage\":{\"@id\":\"https:\\\/\\\/informelitoral.com.ar\\\/la-provincia-y-sedronar-fortaleceran-estrategias-de-prevencion-de-los-consumos-problematicos-en-el-territorio\\\/\"},\"wordCount\":332,\"commentCount\":0,\"publisher\":{\"@id\":\"https:\\\/\\\/informelitoral.com.ar\\\/#organization\"},\"image\":{\"@id\":\"https:\\\/\\\/informelitoral.com.ar\\\/la-provincia-y-sedronar-fortaleceran-estrategias-de-prevencion-de-los-consumos-problematicos-en-el-territorio\\\/#primaryimage\"},\"thumbnailUrl\":\"https:\\\/\\\/informelitoral.com.ar\\\/%77%70%2d%63%6f%6e%74%65%6e%74\\\/uploads\\\/2022\\\/02\\\/x_1643974843.jpg\",\"keywords\":[\"Estrategias de prevenci\u00f3n\",\"Problem\u00e1ticas de consum\u00f3\"],\"articleSection\":[\"Entre R\u00edos\"],\"inLanguage\":\"es\",\"potentialAction\":[{\"@type\":\"CommentAction\",\"name\":\"Comment\",\"target\":[\"https:\\\/\\\/informelitoral.com.ar\\\/la-provincia-y-sedronar-fortaleceran-estrategias-de-prevencion-de-los-consumos-problematicos-en-el-territorio\\\/#respond\"]}]},{\"@type\":\"WebPage\",\"@id\":\"https:\\\/\\\/informelitoral.com.ar\\\/la-provincia-y-sedronar-fortaleceran-estrategias-de-prevencion-de-los-consumos-problematicos-en-el-territorio\\\/\",\"url\":\"https:\\\/\\\/informelitoral.com.ar\\\/la-provincia-y-sedronar-fortaleceran-estrategias-de-prevencion-de-los-consumos-problematicos-en-el-territorio\\\/\",\"name\":\"La provincia y Sedronar fortalecer\u00e1n estrategias de prevenci\u00f3n de los consumos problem\u00e1ticos en el territorio - Informe Litoral\",\"isPartOf\":{\"@id\":\"https:\\\/\\\/informelitoral.com.ar\\\/#website\"},\"primaryImageOfPage\":{\"@id\":\"https:\\\/\\\/informelitoral.com.ar\\\/la-provincia-y-sedronar-fortaleceran-estrategias-de-prevencion-de-los-consumos-problematicos-en-el-territorio\\\/#primaryimage\"},\"image\":{\"@id\":\"https:\\\/\\\/informelitoral.com.ar\\\/la-provincia-y-sedronar-fortaleceran-estrategias-de-prevencion-de-los-consumos-problematicos-en-el-territorio\\\/#primaryimage\"},\"thumbnailUrl\":\"https:\\\/\\\/informelitoral.com.ar\\\/%77%70%2d%63%6f%6e%74%65%6e%74\\\/uploads\\\/2022\\\/02\\\/x_1643974843.jpg\",\"datePublished\":\"2022-02-04T11:51:49+00:00\",\"breadcrumb\":{\"@id\":\"https:\\\/\\\/informelitoral.com.ar\\\/la-provincia-y-sedronar-fortaleceran-estrategias-de-prevencion-de-los-consumos-problematicos-en-el-territorio\\\/#breadcrumb\"},\"inLanguage\":\"es\",\"potentialAction\":[{\"@type\":\"ReadAction\",\"target\":[\"https:\\\/\\\/informelitoral.com.ar\\\/la-provincia-y-sedronar-fortaleceran-estrategias-de-prevencion-de-los-consumos-problematicos-en-el-territorio\\\/\"]}]},{\"@type\":\"ImageObject\",\"inLanguage\":\"es\",\"@id\":\"https:\\\/\\\/informelitoral.com.ar\\\/la-provincia-y-sedronar-fortaleceran-estrategias-de-prevencion-de-los-consumos-problematicos-en-el-territorio\\\/#primaryimage\",\"url\":\"https:\\\/\\\/informelitoral.com.ar\\\/%77%70%2d%63%6f%6e%74%65%6e%74\\\/uploads\\\/2022\\\/02\\\/x_1643974843.jpg\",\"contentUrl\":\"https:\\\/\\\/informelitoral.com.ar\\\/%77%70%2d%63%6f%6e%74%65%6e%74\\\/uploads\\\/2022\\\/02\\\/x_1643974843.jpg\",\"width\":1980,\"height\":1280},{\"@type\":\"BreadcrumbList\",\"@id\":\"https:\\\/\\\/informelitoral.com.ar\\\/la-provincia-y-sedronar-fortaleceran-estrategias-de-prevencion-de-los-consumos-problematicos-en-el-territorio\\\/#breadcrumb\",\"itemListElement\":[{\"@type\":\"ListItem\",\"position\":1,\"name\":\"Portada\",\"item\":\"https:\\\/\\\/informelitoral.com.ar\\\/\"},{\"@type\":\"ListItem\",\"position\":2,\"name\":\"La provincia y Sedronar fortalecer\u00e1n estrategias de prevenci\u00f3n de los consumos problem\u00e1ticos en el territorio\"}]},{\"@type\":\"WebSite\",\"@id\":\"https:\\\/\\\/informelitoral.com.ar\\\/#website\",\"url\":\"https:\\\/\\\/informelitoral.com.ar\\\/\",\"name\":\"Informe Litoral\",\"description\":\"&quot;Nos informamos&quot; \",\"publisher\":{\"@id\":\"https:\\\/\\\/informelitoral.com.ar\\\/#organization\"},\"potentialAction\":[{\"@type\":\"SearchAction\",\"target\":{\"@type\":\"EntryPoint\",\"urlTemplate\":\"https:\\\/\\\/informelitoral.com.ar\\\/?s={search_term_string}\"},\"query-input\":{\"@type\":\"PropertyValueSpecification\",\"valueRequired\":true,\"valueName\":\"search_term_string\"}}],\"inLanguage\":\"es\"},{\"@type\":\"Organization\",\"@id\":\"https:\\\/\\\/informelitoral.com.ar\\\/#organization\",\"name\":\"Informe Litoral\",\"url\":\"https:\\\/\\\/informelitoral.com.ar\\\/\",\"logo\":{\"@type\":\"ImageObject\",\"inLanguage\":\"es\",\"@id\":\"https:\\\/\\\/informelitoral.com.ar\\\/#\\\/schema\\\/logo\\\/image\\\/\",\"url\":\"https:\\\/\\\/informelitoral.com.ar\\\/%77%70%2d%63%6f%6e%74%65%6e%74\\\/uploads\\\/2021\\\/01\\\/circulo.png\",\"contentUrl\":\"https:\\\/\\\/informelitoral.com.ar\\\/%77%70%2d%63%6f%6e%74%65%6e%74\\\/uploads\\\/2021\\\/01\\\/circulo.png\",\"width\":723,\"height\":731,\"caption\":\"Informe Litoral\"},\"image\":{\"@id\":\"https:\\\/\\\/informelitoral.com.ar\\\/#\\\/schema\\\/logo\\\/image\\\/\"},\"sameAs\":[\"https:\\\/\\\/www.facebook.com\\\/informelitoral\\\/\",\"https:\\\/\\\/x.com\\\/InformeLitoral\",\"https:\\\/\\\/www.instagram.com\\\/informelitoral\\\/\",\"https:\\\/\\\/www.youtube.com\\\/channel\\\/UCua4Qvz8Icb6MYqhoq9xLXw\"]},{\"@type\":\"Person\",\"@id\":\"https:\\\/\\\/informelitoral.com.ar\\\/#\\\/schema\\\/person\\\/f05f9f461677119578717524b127d6d5\",\"name\":\"Sebastian\",\"image\":{\"@type\":\"ImageObject\",\"inLanguage\":\"es\",\"@id\":\"https:\\\/\\\/secure.gravatar.com\\\/avatar\\\/b71bf7481d447dfb9583c7f2798e7cc64de6efb9067b74633ed8c31059a3bd82?s=96&d=mm&r=g\",\"url\":\"https:\\\/\\\/secure.gravatar.com\\\/avatar\\\/b71bf7481d447dfb9583c7f2798e7cc64de6efb9067b74633ed8c31059a3bd82?s=96&d=mm&r=g\",\"contentUrl\":\"https:\\\/\\\/secure.gravatar.com\\\/avatar\\\/b71bf7481d447dfb9583c7f2798e7cc64de6efb9067b74633ed8c31059a3bd82?s=96&d=mm&r=g\",\"caption\":\"Sebastian\"},\"url\":\"https:\\\/\\\/informelitoral.com.ar\\\/author\\\/sebastian\\\/\"}]}<\/script>","yoast_head_json":{"title":"La provincia y Sedronar fortalecer\u00e1n estrategias de prevenci\u00f3n de los consumos problem\u00e1ticos en el territorio - Informe Litoral","robots":{"index":"index","follow":"follow","max-snippet":"max-snippet:-1","max-image-preview":"max-image-preview:large","max-video-preview":"max-video-preview:-1"},"canonical":"https:\/\/informelitoral.com.ar\/la-provincia-y-sedronar-fortaleceran-estrategias-de-prevencion-de-los-consumos-problematicos-en-el-territorio\/","og_locale":"es_ES","og_type":"article","og_title":"La provincia y Sedronar fortalecer\u00e1n estrategias de prevenci\u00f3n de los consumos problem\u00e1ticos en el territorio - Informe Litoral","og_description":"Con el fin de articular estrategias de prevenci\u00f3n y definir una agenda de trabajo, que prev\u00e9 capacitaciones para referentes comunitarios y municipales en materia de consumos problem\u00e1ticos, se reunieron la titular de la Sedronar, Gabriela Torres, y la ministra de Desarrollo Social, Marisa Paira.","og_url":"https:\/\/informelitoral.com.ar\/la-provincia-y-sedronar-fortaleceran-estrategias-de-prevencion-de-los-consumos-problematicos-en-el-territorio\/","og_site_name":"Informe Litoral","article_publisher":"https:\/\/www.facebook.com\/informelitoral\/","article_published_time":"2022-02-04T11:51:49+00:00","og_image":[{"width":1980,"height":1280,"url":"https:\/\/informelitoral.com.ar\/%77%70%2d%63%6f%6e%74%65%6e%74\/uploads\/2022\/02\/x_1643974843.jpg","type":"image\/jpeg"}],"author":"Sebastian","twitter_card":"summary_large_image","twitter_creator":"@InformeLitoral","twitter_site":"@InformeLitoral","twitter_misc":{"Escrito por":"Sebastian","Tiempo de lectura":"2 minutos"},"schema":{"@context":"https:\/\/schema.org","@graph":[{"@type":"Article","@id":"https:\/\/informelitoral.com.ar\/la-provincia-y-sedronar-fortaleceran-estrategias-de-prevencion-de-los-consumos-problematicos-en-el-territorio\/#article","isPartOf":{"@id":"https:\/\/informelitoral.com.ar\/la-provincia-y-sedronar-fortaleceran-estrategias-de-prevencion-de-los-consumos-problematicos-en-el-territorio\/"},"author":{"name":"Sebastian","@id":"https:\/\/informelitoral.com.ar\/#\/schema\/person\/f05f9f461677119578717524b127d6d5"},"headline":"La provincia y Sedronar fortalecer\u00e1n estrategias de prevenci\u00f3n de los consumos problem\u00e1ticos en el territorio","datePublished":"2022-02-04T11:51:49+00:00","mainEntityOfPage":{"@id":"https:\/\/informelitoral.com.ar\/la-provincia-y-sedronar-fortaleceran-estrategias-de-prevencion-de-los-consumos-problematicos-en-el-territorio\/"},"wordCount":332,"commentCount":0,"publisher":{"@id":"https:\/\/informelitoral.com.ar\/#organization"},"image":{"@id":"https:\/\/informelitoral.com.ar\/la-provincia-y-sedronar-fortaleceran-estrategias-de-prevencion-de-los-consumos-problematicos-en-el-territorio\/#primaryimage"},"thumbnailUrl":"https:\/\/informelitoral.com.ar\/%77%70%2d%63%6f%6e%74%65%6e%74\/uploads\/2022\/02\/x_1643974843.jpg","keywords":["Estrategias de prevenci\u00f3n","Problem\u00e1ticas de consum\u00f3"],"articleSection":["Entre R\u00edos"],"inLanguage":"es","potentialAction":[{"@type":"CommentAction","name":"Comment","target":["https:\/\/informelitoral.com.ar\/la-provincia-y-sedronar-fortaleceran-estrategias-de-prevencion-de-los-consumos-problematicos-en-el-territorio\/#respond"]}]},{"@type":"WebPage","@id":"https:\/\/informelitoral.com.ar\/la-provincia-y-sedronar-fortaleceran-estrategias-de-prevencion-de-los-consumos-problematicos-en-el-territorio\/","url":"https:\/\/informelitoral.com.ar\/la-provincia-y-sedronar-fortaleceran-estrategias-de-prevencion-de-los-consumos-problematicos-en-el-territorio\/","name":"La provincia y Sedronar fortalecer\u00e1n estrategias de prevenci\u00f3n de los consumos problem\u00e1ticos en el territorio - Informe Litoral","isPartOf":{"@id":"https:\/\/informelitoral.com.ar\/#website"},"primaryImageOfPage":{"@id":"https:\/\/informelitoral.com.ar\/la-provincia-y-sedronar-fortaleceran-estrategias-de-prevencion-de-los-consumos-problematicos-en-el-territorio\/#primaryimage"},"image":{"@id":"https:\/\/informelitoral.com.ar\/la-provincia-y-sedronar-fortaleceran-estrategias-de-prevencion-de-los-consumos-problematicos-en-el-territorio\/#primaryimage"},"thumbnailUrl":"https:\/\/informelitoral.com.ar\/%77%70%2d%63%6f%6e%74%65%6e%74\/uploads\/2022\/02\/x_1643974843.jpg","datePublished":"2022-02-04T11:51:49+00:00","breadcrumb":{"@id":"https:\/\/informelitoral.com.ar\/la-provincia-y-sedronar-fortaleceran-estrategias-de-prevencion-de-los-consumos-problematicos-en-el-territorio\/#breadcrumb"},"inLanguage":"es","potentialAction":[{"@type":"ReadAction","target":["https:\/\/informelitoral.com.ar\/la-provincia-y-sedronar-fortaleceran-estrategias-de-prevencion-de-los-consumos-problematicos-en-el-territorio\/"]}]},{"@type":"ImageObject","inLanguage":"es","@id":"https:\/\/informelitoral.com.ar\/la-provincia-y-sedronar-fortaleceran-estrategias-de-prevencion-de-los-consumos-problematicos-en-el-territorio\/#primaryimage","url":"https:\/\/informelitoral.com.ar\/%77%70%2d%63%6f%6e%74%65%6e%74\/uploads\/2022\/02\/x_1643974843.jpg","contentUrl":"https:\/\/informelitoral.com.ar\/%77%70%2d%63%6f%6e%74%65%6e%74\/uploads\/2022\/02\/x_1643974843.jpg","width":1980,"height":1280},{"@type":"BreadcrumbList","@id":"https:\/\/informelitoral.com.ar\/la-provincia-y-sedronar-fortaleceran-estrategias-de-prevencion-de-los-consumos-problematicos-en-el-territorio\/#breadcrumb","itemListElement":[{"@type":"ListItem","position":1,"name":"Portada","item":"https:\/\/informelitoral.com.ar\/"},{"@type":"ListItem","position":2,"name":"La provincia y Sedronar fortalecer\u00e1n estrategias de prevenci\u00f3n de los consumos problem\u00e1ticos en el territorio"}]},{"@type":"WebSite","@id":"https:\/\/informelitoral.com.ar\/#website","url":"https:\/\/informelitoral.com.ar\/","name":"Informe Litoral","description":"&quot;Nos informamos&quot; ","publisher":{"@id":"https:\/\/informelitoral.com.ar\/#organization"},"potentialAction":[{"@type":"SearchAction","target":{"@type":"EntryPoint","urlTemplate":"https:\/\/informelitoral.com.ar\/?s={search_term_string}"},"query-input":{"@type":"PropertyValueSpecification","valueRequired":true,"valueName":"search_term_string"}}],"inLanguage":"es"},{"@type":"Organization","@id":"https:\/\/informelitoral.com.ar\/#organization","name":"Informe Litoral","url":"https:\/\/informelitoral.com.ar\/","logo":{"@type":"ImageObject","inLanguage":"es","@id":"https:\/\/informelitoral.com.ar\/#\/schema\/logo\/image\/","url":"https:\/\/informelitoral.com.ar\/%77%70%2d%63%6f%6e%74%65%6e%74\/uploads\/2021\/01\/circulo.png","contentUrl":"https:\/\/informelitoral.com.ar\/%77%70%2d%63%6f%6e%74%65%6e%74\/uploads\/2021\/01\/circulo.png","width":723,"height":731,"caption":"Informe Litoral"},"image":{"@id":"https:\/\/informelitoral.com.ar\/#\/schema\/logo\/image\/"},"sameAs":["https:\/\/www.facebook.com\/informelitoral\/","https:\/\/x.com\/InformeLitoral","https:\/\/www.instagram.com\/informelitoral\/","https:\/\/www.youtube.com\/channel\/UCua4Qvz8Icb6MYqhoq9xLXw"]},{"@type":"Person","@id":"https:\/\/informelitoral.com.ar\/#\/schema\/person\/f05f9f461677119578717524b127d6d5","name":"Sebastian","image":{"@type":"ImageObject","inLanguage":"es","@id":"https:\/\/secure.gravatar.com\/avatar\/b71bf7481d447dfb9583c7f2798e7cc64de6efb9067b74633ed8c31059a3bd82?s=96&d=mm&r=g","url":"https:\/\/secure.gravatar.com\/avatar\/b71bf7481d447dfb9583c7f2798e7cc64de6efb9067b74633ed8c31059a3bd82?s=96&d=mm&r=g","contentUrl":"https:\/\/secure.gravatar.com\/avatar\/b71bf7481d447dfb9583c7f2798e7cc64de6efb9067b74633ed8c31059a3bd82?s=96&d=mm&r=g","caption":"Sebastian"},"url":"https:\/\/informelitoral.com.ar\/author\/sebastian\/"}]}},"_links":{"self":[{"href":"https:\/\/informelitoral.com.ar\/%77%70%2d%6a%73%6f%6e\/wp\/v2\/posts\/71265","targetHints":{"allow":["GET"]}}],"collection":[{"href":"https:\/\/informelitoral.com.ar\/%77%70%2d%6a%73%6f%6e\/wp\/v2\/posts"}],"about":[{"href":"https:\/\/informelitoral.com.ar\/%77%70%2d%6a%73%6f%6e\/wp\/v2\/types\/post"}],"author":[{"embeddable":true,"href":"https:\/\/informelitoral.com.ar\/%77%70%2d%6a%73%6f%6e\/wp\/v2\/users\/8"}],"replies":[{"embeddable":true,"href":"https:\/\/informelitoral.com.ar\/%77%70%2d%6a%73%6f%6e\/wp\/v2\/comments?post=71265"}],"version-history":[{"count":0,"href":"https:\/\/informelitoral.com.ar\/%77%70%2d%6a%73%6f%6e\/wp\/v2\/posts\/71265\/revisions"}],"wp:featuredmedia":[{"embeddable":true,"href":"https:\/\/informelitoral.com.ar\/%77%70%2d%6a%73%6f%6e\/wp\/v2\/media\/71266"}],"wp:attachment":[{"href":"https:\/\/informelitoral.com.ar\/%77%70%2d%6a%73%6f%6e\/wp\/v2\/media?parent=71265"}],"wp:term":[{"taxonomy":"category","embeddable":true,"href":"https:\/\/informelitoral.com.ar\/%77%70%2d%6a%73%6f%6e\/wp\/v2\/categories?post=71265"},{"taxonomy":"post_tag","embeddable":true,"href":"https:\/\/informelitoral.com.ar\/%77%70%2d%6a%73%6f%6e\/wp\/v2\/tags?post=71265"}],"curies":[{"name":"wp","href":"https:\/\/api.w.org\/{rel}","templated":true}]}}