{"id":71260,"date":"2022-02-04T08:33:18","date_gmt":"2022-02-04T11:33:18","guid":{"rendered":"https:\/\/www.informelitoral.com.ar\/?p=71260"},"modified":"2022-02-04T08:33:18","modified_gmt":"2022-02-04T11:33:18","slug":"es-alta-la-demanda-del-autotest-para-covid-19","status":"publish","type":"post","link":"https:\/\/informelitoral.com.ar\/es-alta-la-demanda-del-autotest-para-covid-19\/","title":{"rendered":"Es alta la demanda del autotest para Covid-19"},"content":{"rendered":"<div class=\"news-body-main\">\n<div id=\"note-body\" data-twitter-link=\"https:\/\/twitter.com\/intent\/tweet?url=https:\/\/www.unoentrerios.com.ar\/c2708973&amp;via=&amp;related=Uno Entre Rios&amp;text=\">\n<p><strong>Son 252 las\u00a0farmacias\u00a0que adhirieron a la venta del\u00a0autotest\u00a0de Covid-19 en\u00a0Entre R\u00edos, seg\u00fan inform\u00f3 ayer a trav\u00e9s de un comunicado el Colegio de Farmac\u00e9uticos de Entre R\u00edos (Cofaer). Si bien se public\u00f3 un extenso listado de las farmacias donde ya se estar\u00eda vendiendo el producto. Ante el aumento exponencial de los contagios de coronavirus y el nuevo criterio para realizar testetos, se est\u00e1 registrando una importante demanda del autotest a horas de haber salido a la venta. Su distribuci\u00f3n y comercializaci\u00f3n requiri\u00f3 previamente de la autorizaci\u00f3n de la Administraci\u00f3n Nacional de Medicamentos, Alimentos y Tecnolog\u00eda M\u00e9dica (Anmat) y a comienzo de esta semana ya comenz\u00f3 a llegar a farmacias de varios puntos de la provincia.<\/strong><\/p>\n<\/div>\n<\/div>\n<div class=\"news-body-main\">\n<div id=\"note-body\" data-twitter-link=\"https:\/\/twitter.com\/intent\/tweet?url=https:\/\/www.unoentrerios.com.ar\/c2708973&amp;via=&amp;related=Uno Entre Rios&amp;text=\">\n<p>El presidente del Cofaer, Emilio Irigoiti, precis\u00f3 en di\u00e1logo\u00a0 que los primeros autotest est\u00e1n llegando hoy a las farmacias que no lo ten\u00edan en stock. \u201cCooperativa del Litoral, que es de Paran\u00e1, lo recibi\u00f3 ayer. Si lo recib\u00edan temprano, comenzaban a distribuirlo. Mientras que si lo reciben tarde, el reparto comenzaba hoy\u201d, adelant\u00f3 el dirigente.<\/p>\n<\/div>\n<\/div>\n<div class=\"news-body-main\">\n<div id=\"note-body\" data-twitter-link=\"https:\/\/twitter.com\/intent\/tweet?url=https:\/\/www.unoentrerios.com.ar\/c2708973&amp;via=&amp;related=Uno Entre Rios&amp;text=\">\n<p>En representaci\u00f3n del Colegio, Irigoiti defendi\u00f3 la eficacia del autotest para determinar si una persona tiene Covid-19. Al respecto manifest\u00f3: \u201cS\u00ed, totalmente. Es un test serio y hecho para hacer la prueba en el hogar. Es adecuado para que lo pueda hacer el mismo paciente\u201d.<\/p>\n<p><strong>Protocolo<\/strong>La persona que adquiri\u00f3 el producto tiene la obligaci\u00f3n de informar a la farmacia el resultado de la prueba, m\u00e1s all\u00e1 que el resultado sea positivo, negativo o sea inv\u00e1lido. \u201cTambi\u00e9n la farmacia le hace firmar una declaraci\u00f3n jurada, en el que aparecen todos los datos personal y un c\u00f3digo QR (de barras). Esto le da la posibilidad al paciente de informar directamente<\/p>\n<p>al Sistema Nacional de Vigilancia Epidemiol\u00f3gica del Ministerio de Salud de la Naci\u00f3n. Si no se informa el resultado, la farmacia es la que se encarga de ubicar a la persona\u201d, detall\u00f3 Irigoiti.<\/p>\n<p><strong>Alta demanda<\/strong>El autotest se vende a un precio oficial de 1.650 pesos, un valor que por el momento rige para todo el pa\u00eds. En Paran\u00e1 se est\u00e1n vendiendo test r\u00e1pidos del laboratorio chino Jayor -bajo la marca Immunobio-. El titular del Cofaer adelant\u00f3 que tambi\u00e9n se va a fabricar otra remesa en un laboratorio de Santa Fe. En cuanto al abastecimiento del producto las droguer\u00edas comenzaron a entregarlo al mismo tiempo en Paran\u00e1 y en el resto de la provincia. \u201cNo se van a vender muchos a una sola farmacia, tienen la obligaci\u00f3n las droguer\u00edas de repartirlos equitativamente para que llegue a toda la provincia. Hay droguer\u00edas que entregan 10 autotest por farmacia; si tienen menos, entregan los que tienen. La idea es que todas las farmacias tengan\u201d, enfatiz\u00f3.<\/p>\n<p>Desde que sali\u00f3 a la venta la demanda se increment\u00f3 en forma vertiginosa, \u201cporque est\u00e1n todos esper\u00e1ndolo, est\u00e1n todos ansiosos de recibirlo. Pero puede ser que falten un poco, puede haber alguna merma. Aunque para mediados de febrero ya va a estar bien regularizado y va a haber suficientes para todos\u201d.<\/p>\n<p>Se inform\u00f3 que no estar\u00e1n cubiertos por los planes de las obras sociales ni las prepagas.<\/p>\n<p><strong>C\u00f3mo se usa<\/strong>Para usar el autotest para Covid-19 hay que seguir los siguientes pasos: tomar una muestra de secreci\u00f3n nasal o de saliva. Si se elige la primera opci\u00f3n, se debe colocar el hisopo en el tubo del kit con el reactivo, dejarlo reaccionar unos segundos para que el l\u00edquido tome la muestra y verter unas gotas sobre una tarjeta o cassette. El resultado suele estar entre 15 y 30 minutos. Una l\u00ednea indica que el diagn\u00f3stico es negativo, y dos l\u00edneas que es positivo. Se debe introducir el hisopo en las fosas nasales, entre 2 y 3 cent\u00edmetros, girarlo cuatro o cinco veces por fosa nasal.<\/p>\n<p>Con respecto a lo que es saliva, el test r\u00e1pido contiene una bolsa y dentro del cassette viene una pipeta. Se solicita que se haga un carraspeo para obtener la saliva de la garganta profunda, se escupe adentro de la bolsa y con la pipeta que trae adentro del cassette, se junta la saliva. Con esa pipeta se colocan cinco gotitas dentro del tubo de ensayo que trae el reactivo. Eso se cierra y se colocan tres gotas nuevamente en el in-vitro. Luego se esperan 10 minutos para obtener el resultado.<\/p>\n<p>M\u00e1s all\u00e1 de esta informaci\u00f3n, hay opiniones de profesionales a favor o en contra acerca de la efectividad en la detecci\u00f3n de casos positivos de coronavirus.<\/p>\n<\/div>\n<\/div>\n","protected":false},"excerpt":{"rendered":"<p>Son muchas las consultas sobre el autotest que ya se puede conseguir en farmacias de Paran\u00e1. Los pasos a tener en cuenta para su \u00f3ptima utilizaci\u00f3n<\/p>\n","protected":false},"author":8,"featured_media":69948,"comment_status":"open","ping_status":"open","sticky":false,"template":"","format":"standard","meta":{"fifu_image_url":"","fifu_image_alt":"","footnotes":""},"categories":[6],"tags":[2967,1481],"class_list":{"0":"post-71260","1":"post","2":"type-post","3":"status-publish","4":"format-standard","5":"has-post-thumbnail","7":"category-entre-rios","8":"tag-autotest","9":"tag-covid-19"},"yoast_head":"<title>Es alta la demanda del autotest para Covid-19 - Informe Litoral<\/title>\n<meta name=\"robots\" content=\"index, follow, max-snippet:-1, max-image-preview:large, max-video-preview:-1\" \/>\n<link rel=\"canonical\" href=\"https:\/\/informelitoral.com.ar\/es-alta-la-demanda-del-autotest-para-covid-19\/\" \/>\n<meta property=\"og:locale\" content=\"es_ES\" \/>\n<meta property=\"og:type\" content=\"article\" \/>\n<meta property=\"og:title\" content=\"Es alta la demanda del autotest para Covid-19 - Informe Litoral\" \/>\n<meta property=\"og:description\" content=\"Son muchas las consultas sobre el autotest que ya se puede conseguir en farmacias de Paran\u00e1. Los pasos a tener en cuenta para su \u00f3ptima utilizaci\u00f3n\" \/>\n<meta property=\"og:url\" content=\"https:\/\/informelitoral.com.ar\/es-alta-la-demanda-del-autotest-para-covid-19\/\" \/>\n<meta property=\"og:site_name\" content=\"Informe Litoral\" \/>\n<meta property=\"article:publisher\" content=\"https:\/\/www.facebook.com\/informelitoral\/\" \/>\n<meta property=\"article:published_time\" content=\"2022-02-04T11:33:18+00:00\" \/>\n<meta property=\"og:image\" content=\"https:\/\/informelitoral.com.ar\/%77%70%2d%63%6f%6e%74%65%6e%74\/uploads\/2022\/01\/auto-test-de-antigenos-de-covid-20220105-1294127.jpg\" \/>\n\t<meta property=\"og:image:width\" content=\"1024\" \/>\n\t<meta property=\"og:image:height\" content=\"576\" \/>\n\t<meta property=\"og:image:type\" content=\"image\/jpeg\" \/>\n<meta name=\"author\" content=\"Sebastian\" \/>\n<meta name=\"twitter:card\" content=\"summary_large_image\" \/>\n<meta name=\"twitter:creator\" content=\"@InformeLitoral\" \/>\n<meta name=\"twitter:site\" content=\"@InformeLitoral\" \/>\n<meta name=\"twitter:label1\" content=\"Escrito por\" \/>\n\t<meta name=\"twitter:data1\" content=\"Sebastian\" \/>\n\t<meta name=\"twitter:label2\" content=\"Tiempo de lectura\" \/>\n\t<meta name=\"twitter:data2\" content=\"4 minutos\" \/>\n<script type=\"application\/ld+json\" class=\"yoast-schema-graph\">{\"@context\":\"https:\\\/\\\/schema.org\",\"@graph\":[{\"@type\":\"Article\",\"@id\":\"https:\\\/\\\/informelitoral.com.ar\\\/es-alta-la-demanda-del-autotest-para-covid-19\\\/#article\",\"isPartOf\":{\"@id\":\"https:\\\/\\\/informelitoral.com.ar\\\/es-alta-la-demanda-del-autotest-para-covid-19\\\/\"},\"author\":{\"name\":\"Sebastian\",\"@id\":\"https:\\\/\\\/informelitoral.com.ar\\\/#\\\/schema\\\/person\\\/f05f9f461677119578717524b127d6d5\"},\"headline\":\"Es alta la demanda del autotest para Covid-19\",\"datePublished\":\"2022-02-04T11:33:18+00:00\",\"mainEntityOfPage\":{\"@id\":\"https:\\\/\\\/informelitoral.com.ar\\\/es-alta-la-demanda-del-autotest-para-covid-19\\\/\"},\"wordCount\":784,\"commentCount\":0,\"publisher\":{\"@id\":\"https:\\\/\\\/informelitoral.com.ar\\\/#organization\"},\"image\":{\"@id\":\"https:\\\/\\\/informelitoral.com.ar\\\/es-alta-la-demanda-del-autotest-para-covid-19\\\/#primaryimage\"},\"thumbnailUrl\":\"https:\\\/\\\/informelitoral.com.ar\\\/%77%70%2d%63%6f%6e%74%65%6e%74\\\/uploads\\\/2022\\\/01\\\/auto-test-de-antigenos-de-covid-20220105-1294127.jpg\",\"keywords\":[\"Autotest\",\"COVID-19\"],\"articleSection\":[\"Entre R\u00edos\"],\"inLanguage\":\"es\",\"potentialAction\":[{\"@type\":\"CommentAction\",\"name\":\"Comment\",\"target\":[\"https:\\\/\\\/informelitoral.com.ar\\\/es-alta-la-demanda-del-autotest-para-covid-19\\\/#respond\"]}]},{\"@type\":\"WebPage\",\"@id\":\"https:\\\/\\\/informelitoral.com.ar\\\/es-alta-la-demanda-del-autotest-para-covid-19\\\/\",\"url\":\"https:\\\/\\\/informelitoral.com.ar\\\/es-alta-la-demanda-del-autotest-para-covid-19\\\/\",\"name\":\"Es alta la demanda del autotest para Covid-19 - Informe Litoral\",\"isPartOf\":{\"@id\":\"https:\\\/\\\/informelitoral.com.ar\\\/#website\"},\"primaryImageOfPage\":{\"@id\":\"https:\\\/\\\/informelitoral.com.ar\\\/es-alta-la-demanda-del-autotest-para-covid-19\\\/#primaryimage\"},\"image\":{\"@id\":\"https:\\\/\\\/informelitoral.com.ar\\\/es-alta-la-demanda-del-autotest-para-covid-19\\\/#primaryimage\"},\"thumbnailUrl\":\"https:\\\/\\\/informelitoral.com.ar\\\/%77%70%2d%63%6f%6e%74%65%6e%74\\\/uploads\\\/2022\\\/01\\\/auto-test-de-antigenos-de-covid-20220105-1294127.jpg\",\"datePublished\":\"2022-02-04T11:33:18+00:00\",\"breadcrumb\":{\"@id\":\"https:\\\/\\\/informelitoral.com.ar\\\/es-alta-la-demanda-del-autotest-para-covid-19\\\/#breadcrumb\"},\"inLanguage\":\"es\",\"potentialAction\":[{\"@type\":\"ReadAction\",\"target\":[\"https:\\\/\\\/informelitoral.com.ar\\\/es-alta-la-demanda-del-autotest-para-covid-19\\\/\"]}]},{\"@type\":\"ImageObject\",\"inLanguage\":\"es\",\"@id\":\"https:\\\/\\\/informelitoral.com.ar\\\/es-alta-la-demanda-del-autotest-para-covid-19\\\/#primaryimage\",\"url\":\"https:\\\/\\\/informelitoral.com.ar\\\/%77%70%2d%63%6f%6e%74%65%6e%74\\\/uploads\\\/2022\\\/01\\\/auto-test-de-antigenos-de-covid-20220105-1294127.jpg\",\"contentUrl\":\"https:\\\/\\\/informelitoral.com.ar\\\/%77%70%2d%63%6f%6e%74%65%6e%74\\\/uploads\\\/2022\\\/01\\\/auto-test-de-antigenos-de-covid-20220105-1294127.jpg\",\"width\":1024,\"height\":576},{\"@type\":\"BreadcrumbList\",\"@id\":\"https:\\\/\\\/informelitoral.com.ar\\\/es-alta-la-demanda-del-autotest-para-covid-19\\\/#breadcrumb\",\"itemListElement\":[{\"@type\":\"ListItem\",\"position\":1,\"name\":\"Portada\",\"item\":\"https:\\\/\\\/informelitoral.com.ar\\\/\"},{\"@type\":\"ListItem\",\"position\":2,\"name\":\"Es alta la demanda del autotest para Covid-19\"}]},{\"@type\":\"WebSite\",\"@id\":\"https:\\\/\\\/informelitoral.com.ar\\\/#website\",\"url\":\"https:\\\/\\\/informelitoral.com.ar\\\/\",\"name\":\"Informe Litoral\",\"description\":\"&quot;Nos informamos&quot; \",\"publisher\":{\"@id\":\"https:\\\/\\\/informelitoral.com.ar\\\/#organization\"},\"potentialAction\":[{\"@type\":\"SearchAction\",\"target\":{\"@type\":\"EntryPoint\",\"urlTemplate\":\"https:\\\/\\\/informelitoral.com.ar\\\/?s={search_term_string}\"},\"query-input\":{\"@type\":\"PropertyValueSpecification\",\"valueRequired\":true,\"valueName\":\"search_term_string\"}}],\"inLanguage\":\"es\"},{\"@type\":\"Organization\",\"@id\":\"https:\\\/\\\/informelitoral.com.ar\\\/#organization\",\"name\":\"Informe Litoral\",\"url\":\"https:\\\/\\\/informelitoral.com.ar\\\/\",\"logo\":{\"@type\":\"ImageObject\",\"inLanguage\":\"es\",\"@id\":\"https:\\\/\\\/informelitoral.com.ar\\\/#\\\/schema\\\/logo\\\/image\\\/\",\"url\":\"https:\\\/\\\/informelitoral.com.ar\\\/%77%70%2d%63%6f%6e%74%65%6e%74\\\/uploads\\\/2021\\\/01\\\/circulo.png\",\"contentUrl\":\"https:\\\/\\\/informelitoral.com.ar\\\/%77%70%2d%63%6f%6e%74%65%6e%74\\\/uploads\\\/2021\\\/01\\\/circulo.png\",\"width\":723,\"height\":731,\"caption\":\"Informe Litoral\"},\"image\":{\"@id\":\"https:\\\/\\\/informelitoral.com.ar\\\/#\\\/schema\\\/logo\\\/image\\\/\"},\"sameAs\":[\"https:\\\/\\\/www.facebook.com\\\/informelitoral\\\/\",\"https:\\\/\\\/x.com\\\/InformeLitoral\",\"https:\\\/\\\/www.instagram.com\\\/informelitoral\\\/\",\"https:\\\/\\\/www.youtube.com\\\/channel\\\/UCua4Qvz8Icb6MYqhoq9xLXw\"]},{\"@type\":\"Person\",\"@id\":\"https:\\\/\\\/informelitoral.com.ar\\\/#\\\/schema\\\/person\\\/f05f9f461677119578717524b127d6d5\",\"name\":\"Sebastian\",\"image\":{\"@type\":\"ImageObject\",\"inLanguage\":\"es\",\"@id\":\"https:\\\/\\\/secure.gravatar.com\\\/avatar\\\/b71bf7481d447dfb9583c7f2798e7cc64de6efb9067b74633ed8c31059a3bd82?s=96&d=mm&r=g\",\"url\":\"https:\\\/\\\/secure.gravatar.com\\\/avatar\\\/b71bf7481d447dfb9583c7f2798e7cc64de6efb9067b74633ed8c31059a3bd82?s=96&d=mm&r=g\",\"contentUrl\":\"https:\\\/\\\/secure.gravatar.com\\\/avatar\\\/b71bf7481d447dfb9583c7f2798e7cc64de6efb9067b74633ed8c31059a3bd82?s=96&d=mm&r=g\",\"caption\":\"Sebastian\"},\"url\":\"https:\\\/\\\/informelitoral.com.ar\\\/author\\\/sebastian\\\/\"}]}<\/script>","yoast_head_json":{"title":"Es alta la demanda del autotest para Covid-19 - Informe Litoral","robots":{"index":"index","follow":"follow","max-snippet":"max-snippet:-1","max-image-preview":"max-image-preview:large","max-video-preview":"max-video-preview:-1"},"canonical":"https:\/\/informelitoral.com.ar\/es-alta-la-demanda-del-autotest-para-covid-19\/","og_locale":"es_ES","og_type":"article","og_title":"Es alta la demanda del autotest para Covid-19 - Informe Litoral","og_description":"Son muchas las consultas sobre el autotest que ya se puede conseguir en farmacias de Paran\u00e1. Los pasos a tener en cuenta para su \u00f3ptima utilizaci\u00f3n","og_url":"https:\/\/informelitoral.com.ar\/es-alta-la-demanda-del-autotest-para-covid-19\/","og_site_name":"Informe Litoral","article_publisher":"https:\/\/www.facebook.com\/informelitoral\/","article_published_time":"2022-02-04T11:33:18+00:00","og_image":[{"width":1024,"height":576,"url":"https:\/\/informelitoral.com.ar\/%77%70%2d%63%6f%6e%74%65%6e%74\/uploads\/2022\/01\/auto-test-de-antigenos-de-covid-20220105-1294127.jpg","type":"image\/jpeg"}],"author":"Sebastian","twitter_card":"summary_large_image","twitter_creator":"@InformeLitoral","twitter_site":"@InformeLitoral","twitter_misc":{"Escrito por":"Sebastian","Tiempo de lectura":"4 minutos"},"schema":{"@context":"https:\/\/schema.org","@graph":[{"@type":"Article","@id":"https:\/\/informelitoral.com.ar\/es-alta-la-demanda-del-autotest-para-covid-19\/#article","isPartOf":{"@id":"https:\/\/informelitoral.com.ar\/es-alta-la-demanda-del-autotest-para-covid-19\/"},"author":{"name":"Sebastian","@id":"https:\/\/informelitoral.com.ar\/#\/schema\/person\/f05f9f461677119578717524b127d6d5"},"headline":"Es alta la demanda del autotest para Covid-19","datePublished":"2022-02-04T11:33:18+00:00","mainEntityOfPage":{"@id":"https:\/\/informelitoral.com.ar\/es-alta-la-demanda-del-autotest-para-covid-19\/"},"wordCount":784,"commentCount":0,"publisher":{"@id":"https:\/\/informelitoral.com.ar\/#organization"},"image":{"@id":"https:\/\/informelitoral.com.ar\/es-alta-la-demanda-del-autotest-para-covid-19\/#primaryimage"},"thumbnailUrl":"https:\/\/informelitoral.com.ar\/%77%70%2d%63%6f%6e%74%65%6e%74\/uploads\/2022\/01\/auto-test-de-antigenos-de-covid-20220105-1294127.jpg","keywords":["Autotest","COVID-19"],"articleSection":["Entre R\u00edos"],"inLanguage":"es","potentialAction":[{"@type":"CommentAction","name":"Comment","target":["https:\/\/informelitoral.com.ar\/es-alta-la-demanda-del-autotest-para-covid-19\/#respond"]}]},{"@type":"WebPage","@id":"https:\/\/informelitoral.com.ar\/es-alta-la-demanda-del-autotest-para-covid-19\/","url":"https:\/\/informelitoral.com.ar\/es-alta-la-demanda-del-autotest-para-covid-19\/","name":"Es alta la demanda del autotest para Covid-19 - Informe Litoral","isPartOf":{"@id":"https:\/\/informelitoral.com.ar\/#website"},"primaryImageOfPage":{"@id":"https:\/\/informelitoral.com.ar\/es-alta-la-demanda-del-autotest-para-covid-19\/#primaryimage"},"image":{"@id":"https:\/\/informelitoral.com.ar\/es-alta-la-demanda-del-autotest-para-covid-19\/#primaryimage"},"thumbnailUrl":"https:\/\/informelitoral.com.ar\/%77%70%2d%63%6f%6e%74%65%6e%74\/uploads\/2022\/01\/auto-test-de-antigenos-de-covid-20220105-1294127.jpg","datePublished":"2022-02-04T11:33:18+00:00","breadcrumb":{"@id":"https:\/\/informelitoral.com.ar\/es-alta-la-demanda-del-autotest-para-covid-19\/#breadcrumb"},"inLanguage":"es","potentialAction":[{"@type":"ReadAction","target":["https:\/\/informelitoral.com.ar\/es-alta-la-demanda-del-autotest-para-covid-19\/"]}]},{"@type":"ImageObject","inLanguage":"es","@id":"https:\/\/informelitoral.com.ar\/es-alta-la-demanda-del-autotest-para-covid-19\/#primaryimage","url":"https:\/\/informelitoral.com.ar\/%77%70%2d%63%6f%6e%74%65%6e%74\/uploads\/2022\/01\/auto-test-de-antigenos-de-covid-20220105-1294127.jpg","contentUrl":"https:\/\/informelitoral.com.ar\/%77%70%2d%63%6f%6e%74%65%6e%74\/uploads\/2022\/01\/auto-test-de-antigenos-de-covid-20220105-1294127.jpg","width":1024,"height":576},{"@type":"BreadcrumbList","@id":"https:\/\/informelitoral.com.ar\/es-alta-la-demanda-del-autotest-para-covid-19\/#breadcrumb","itemListElement":[{"@type":"ListItem","position":1,"name":"Portada","item":"https:\/\/informelitoral.com.ar\/"},{"@type":"ListItem","position":2,"name":"Es alta la demanda del autotest para Covid-19"}]},{"@type":"WebSite","@id":"https:\/\/informelitoral.com.ar\/#website","url":"https:\/\/informelitoral.com.ar\/","name":"Informe Litoral","description":"&quot;Nos informamos&quot; ","publisher":{"@id":"https:\/\/informelitoral.com.ar\/#organization"},"potentialAction":[{"@type":"SearchAction","target":{"@type":"EntryPoint","urlTemplate":"https:\/\/informelitoral.com.ar\/?s={search_term_string}"},"query-input":{"@type":"PropertyValueSpecification","valueRequired":true,"valueName":"search_term_string"}}],"inLanguage":"es"},{"@type":"Organization","@id":"https:\/\/informelitoral.com.ar\/#organization","name":"Informe Litoral","url":"https:\/\/informelitoral.com.ar\/","logo":{"@type":"ImageObject","inLanguage":"es","@id":"https:\/\/informelitoral.com.ar\/#\/schema\/logo\/image\/","url":"https:\/\/informelitoral.com.ar\/%77%70%2d%63%6f%6e%74%65%6e%74\/uploads\/2021\/01\/circulo.png","contentUrl":"https:\/\/informelitoral.com.ar\/%77%70%2d%63%6f%6e%74%65%6e%74\/uploads\/2021\/01\/circulo.png","width":723,"height":731,"caption":"Informe Litoral"},"image":{"@id":"https:\/\/informelitoral.com.ar\/#\/schema\/logo\/image\/"},"sameAs":["https:\/\/www.facebook.com\/informelitoral\/","https:\/\/x.com\/InformeLitoral","https:\/\/www.instagram.com\/informelitoral\/","https:\/\/www.youtube.com\/channel\/UCua4Qvz8Icb6MYqhoq9xLXw"]},{"@type":"Person","@id":"https:\/\/informelitoral.com.ar\/#\/schema\/person\/f05f9f461677119578717524b127d6d5","name":"Sebastian","image":{"@type":"ImageObject","inLanguage":"es","@id":"https:\/\/secure.gravatar.com\/avatar\/b71bf7481d447dfb9583c7f2798e7cc64de6efb9067b74633ed8c31059a3bd82?s=96&d=mm&r=g","url":"https:\/\/secure.gravatar.com\/avatar\/b71bf7481d447dfb9583c7f2798e7cc64de6efb9067b74633ed8c31059a3bd82?s=96&d=mm&r=g","contentUrl":"https:\/\/secure.gravatar.com\/avatar\/b71bf7481d447dfb9583c7f2798e7cc64de6efb9067b74633ed8c31059a3bd82?s=96&d=mm&r=g","caption":"Sebastian"},"url":"https:\/\/informelitoral.com.ar\/author\/sebastian\/"}]}},"_links":{"self":[{"href":"https:\/\/informelitoral.com.ar\/%77%70%2d%6a%73%6f%6e\/wp\/v2\/posts\/71260","targetHints":{"allow":["GET"]}}],"collection":[{"href":"https:\/\/informelitoral.com.ar\/%77%70%2d%6a%73%6f%6e\/wp\/v2\/posts"}],"about":[{"href":"https:\/\/informelitoral.com.ar\/%77%70%2d%6a%73%6f%6e\/wp\/v2\/types\/post"}],"author":[{"embeddable":true,"href":"https:\/\/informelitoral.com.ar\/%77%70%2d%6a%73%6f%6e\/wp\/v2\/users\/8"}],"replies":[{"embeddable":true,"href":"https:\/\/informelitoral.com.ar\/%77%70%2d%6a%73%6f%6e\/wp\/v2\/comments?post=71260"}],"version-history":[{"count":0,"href":"https:\/\/informelitoral.com.ar\/%77%70%2d%6a%73%6f%6e\/wp\/v2\/posts\/71260\/revisions"}],"wp:featuredmedia":[{"embeddable":true,"href":"https:\/\/informelitoral.com.ar\/%77%70%2d%6a%73%6f%6e\/wp\/v2\/media\/69948"}],"wp:attachment":[{"href":"https:\/\/informelitoral.com.ar\/%77%70%2d%6a%73%6f%6e\/wp\/v2\/media?parent=71260"}],"wp:term":[{"taxonomy":"category","embeddable":true,"href":"https:\/\/informelitoral.com.ar\/%77%70%2d%6a%73%6f%6e\/wp\/v2\/categories?post=71260"},{"taxonomy":"post_tag","embeddable":true,"href":"https:\/\/informelitoral.com.ar\/%77%70%2d%6a%73%6f%6e\/wp\/v2\/tags?post=71260"}],"curies":[{"name":"wp","href":"https:\/\/api.w.org\/{rel}","templated":true}]}}