{"id":71253,"date":"2022-02-04T08:14:56","date_gmt":"2022-02-04T11:14:56","guid":{"rendered":"https:\/\/www.informelitoral.com.ar\/?p=71253"},"modified":"2022-02-04T08:14:56","modified_gmt":"2022-02-04T11:14:56","slug":"pronostican-notoria-baja-de-temperatura-como-estara-el-tiempo-el-fin-de-semana","status":"publish","type":"post","link":"https:\/\/informelitoral.com.ar\/pronostican-notoria-baja-de-temperatura-como-estara-el-tiempo-el-fin-de-semana\/","title":{"rendered":"Pronostican notoria baja de temperatura: c\u00f3mo estar\u00e1 el tiempo el fin de semana"},"content":{"rendered":"<p>Durante esta jornada, la nubosidad ser\u00e1 un patr\u00f3n dominante sobre vastas regiones del pa\u00eds. El tiempo inestable estar\u00e1 presente en el centro del pa\u00eds, con mejoramientos temporarios. El ambiente ser\u00e1 c\u00e1lido, pero con un moderado descenso de las temperaturas, tanto en la regi\u00f3n central, como para las provincias del Cuyo y parte del norte del pa\u00eds.<\/p>\n<p><b>Entre R\u00edos<\/b><br \/>\nPara Entre R\u00edos se anuncian hoy vientos d\u00e9biles y de direcciones variables. Alto porcentual de la humedad. Altamente nuboso. Inestable. Probabilidad de chaparrones y tormentas dispersas. Mejor\u00edas parciales y temporales, con tiempo c\u00e1lido a la tarde. Las temperaturas m\u00e1ximas rondar\u00edan los 31 grados, mientras que las sensaciones t\u00e9rmicas podr\u00edan superar los 35.<\/p>\n<p>Se estima que los departamentos m\u00e1s inestables ser\u00edan los del sur y el este de la provincia.<\/p>\n<p>El cambio de la circulaci\u00f3n de viento hacia el sur empezar\u00e1 a modificar los registros t\u00e9rmicos m\u00e1ximos hacia el fin de semana. Seg\u00fan el Servicio Meteorol\u00f3gico Nacional, las condiciones de inestabilidad, pero con escasas probabilidad de lluvias de importancia perdurar\u00e1n el s\u00e1bado, con temperaturas que estar\u00e1n por debajo de los 30 grados.<\/p>\n<p>En tanto, el domingo empezar\u00e1 a ganar protagonismo el sol. No obstante, se esperan m\u00ednimas bajas para esta \u00e9poca del a\u00f1o, que rondar\u00edan los 15 grados e incluso podr\u00edan ser inferiores en el sur entrerriano. En tanto, por la tarde se alcanzar\u00edan registros de entre 20 y 26 grados.<\/p>\n<p>Para comienzos de la semana venidera no se pronostican lluvias en esta zona y temperaturas agradables.<\/p>\n<p><img decoding=\"async\" src=\"https:\/\/elonce-media.elonce.com\/fotos-nuevo\/2022\/02\/04\/o_1643962494.jpg\" \/><\/p>\n<p><img decoding=\"async\" src=\"https:\/\/elonce-media.elonce.com\/fotos-nuevo\/2022\/02\/04\/o_1643962495.jpg\" \/><\/p>\n","protected":false},"excerpt":{"rendered":"<p>Para hoy se prev\u00e9 probabilidad de chaparrones y tormentas dispersas. Mejor\u00edas parciales, con tiempo c\u00e1lido a la tarde. El cambio de la circulaci\u00f3n de viento hacia el sur empezar\u00e1 a modificar las temperaturas para el fin de semana.<\/p>\n","protected":false},"author":8,"featured_media":71255,"comment_status":"open","ping_status":"open","sticky":false,"template":"","format":"standard","meta":{"fifu_image_url":"","fifu_image_alt":"","footnotes":""},"categories":[6],"tags":[113,3083],"class_list":{"0":"post-71253","1":"post","2":"type-post","3":"status-publish","4":"format-standard","5":"has-post-thumbnail","7":"category-entre-rios","8":"tag-smn","9":"tag-temperaturas-baja"},"yoast_head":"<title>Pronostican notoria baja de temperatura: c\u00f3mo estar\u00e1 el tiempo el fin de semana - Informe Litoral<\/title>\n<meta name=\"robots\" content=\"index, follow, max-snippet:-1, max-image-preview:large, max-video-preview:-1\" \/>\n<link rel=\"canonical\" href=\"https:\/\/informelitoral.com.ar\/pronostican-notoria-baja-de-temperatura-como-estara-el-tiempo-el-fin-de-semana\/\" \/>\n<meta property=\"og:locale\" content=\"es_ES\" \/>\n<meta property=\"og:type\" content=\"article\" \/>\n<meta property=\"og:title\" content=\"Pronostican notoria baja de temperatura: c\u00f3mo estar\u00e1 el tiempo el fin de semana - Informe Litoral\" \/>\n<meta property=\"og:description\" content=\"Para hoy se prev\u00e9 probabilidad de chaparrones y tormentas dispersas. Mejor\u00edas parciales, con tiempo c\u00e1lido a la tarde. El cambio de la circulaci\u00f3n de viento hacia el sur empezar\u00e1 a modificar las temperaturas para el fin de semana.\" \/>\n<meta property=\"og:url\" content=\"https:\/\/informelitoral.com.ar\/pronostican-notoria-baja-de-temperatura-como-estara-el-tiempo-el-fin-de-semana\/\" \/>\n<meta property=\"og:site_name\" content=\"Informe Litoral\" \/>\n<meta property=\"article:publisher\" content=\"https:\/\/www.facebook.com\/informelitoral\/\" \/>\n<meta property=\"article:published_time\" content=\"2022-02-04T11:14:56+00:00\" \/>\n<meta property=\"og:image\" content=\"https:\/\/informelitoral.com.ar\/%77%70%2d%63%6f%6e%74%65%6e%74\/uploads\/2022\/02\/0003306354-e1620998974827.jpeg\" \/>\n\t<meta property=\"og:image:width\" content=\"542\" \/>\n\t<meta property=\"og:image:height\" content=\"396\" \/>\n\t<meta property=\"og:image:type\" content=\"image\/jpeg\" \/>\n<meta name=\"author\" content=\"Sebastian\" \/>\n<meta name=\"twitter:card\" content=\"summary_large_image\" \/>\n<meta name=\"twitter:creator\" content=\"@InformeLitoral\" \/>\n<meta name=\"twitter:site\" content=\"@InformeLitoral\" \/>\n<meta name=\"twitter:label1\" content=\"Escrito por\" \/>\n\t<meta name=\"twitter:data1\" content=\"Sebastian\" \/>\n\t<meta name=\"twitter:label2\" content=\"Tiempo de lectura\" \/>\n\t<meta name=\"twitter:data2\" content=\"1 minuto\" \/>\n<script type=\"application\/ld+json\" class=\"yoast-schema-graph\">{\"@context\":\"https:\\\/\\\/schema.org\",\"@graph\":[{\"@type\":\"Article\",\"@id\":\"https:\\\/\\\/informelitoral.com.ar\\\/pronostican-notoria-baja-de-temperatura-como-estara-el-tiempo-el-fin-de-semana\\\/#article\",\"isPartOf\":{\"@id\":\"https:\\\/\\\/informelitoral.com.ar\\\/pronostican-notoria-baja-de-temperatura-como-estara-el-tiempo-el-fin-de-semana\\\/\"},\"author\":{\"name\":\"Sebastian\",\"@id\":\"https:\\\/\\\/informelitoral.com.ar\\\/#\\\/schema\\\/person\\\/f05f9f461677119578717524b127d6d5\"},\"headline\":\"Pronostican notoria baja de temperatura: c\u00f3mo estar\u00e1 el tiempo el fin de semana\",\"datePublished\":\"2022-02-04T11:14:56+00:00\",\"mainEntityOfPage\":{\"@id\":\"https:\\\/\\\/informelitoral.com.ar\\\/pronostican-notoria-baja-de-temperatura-como-estara-el-tiempo-el-fin-de-semana\\\/\"},\"wordCount\":282,\"commentCount\":0,\"publisher\":{\"@id\":\"https:\\\/\\\/informelitoral.com.ar\\\/#organization\"},\"image\":{\"@id\":\"https:\\\/\\\/informelitoral.com.ar\\\/pronostican-notoria-baja-de-temperatura-como-estara-el-tiempo-el-fin-de-semana\\\/#primaryimage\"},\"thumbnailUrl\":\"https:\\\/\\\/informelitoral.com.ar\\\/%77%70%2d%63%6f%6e%74%65%6e%74\\\/uploads\\\/2022\\\/02\\\/0003306354-e1620998974827.jpeg\",\"keywords\":[\"SMN\",\"Temperaturas baja\"],\"articleSection\":[\"Entre R\u00edos\"],\"inLanguage\":\"es\",\"potentialAction\":[{\"@type\":\"CommentAction\",\"name\":\"Comment\",\"target\":[\"https:\\\/\\\/informelitoral.com.ar\\\/pronostican-notoria-baja-de-temperatura-como-estara-el-tiempo-el-fin-de-semana\\\/#respond\"]}]},{\"@type\":\"WebPage\",\"@id\":\"https:\\\/\\\/informelitoral.com.ar\\\/pronostican-notoria-baja-de-temperatura-como-estara-el-tiempo-el-fin-de-semana\\\/\",\"url\":\"https:\\\/\\\/informelitoral.com.ar\\\/pronostican-notoria-baja-de-temperatura-como-estara-el-tiempo-el-fin-de-semana\\\/\",\"name\":\"Pronostican notoria baja de temperatura: c\u00f3mo estar\u00e1 el tiempo el fin de semana - Informe Litoral\",\"isPartOf\":{\"@id\":\"https:\\\/\\\/informelitoral.com.ar\\\/#website\"},\"primaryImageOfPage\":{\"@id\":\"https:\\\/\\\/informelitoral.com.ar\\\/pronostican-notoria-baja-de-temperatura-como-estara-el-tiempo-el-fin-de-semana\\\/#primaryimage\"},\"image\":{\"@id\":\"https:\\\/\\\/informelitoral.com.ar\\\/pronostican-notoria-baja-de-temperatura-como-estara-el-tiempo-el-fin-de-semana\\\/#primaryimage\"},\"thumbnailUrl\":\"https:\\\/\\\/informelitoral.com.ar\\\/%77%70%2d%63%6f%6e%74%65%6e%74\\\/uploads\\\/2022\\\/02\\\/0003306354-e1620998974827.jpeg\",\"datePublished\":\"2022-02-04T11:14:56+00:00\",\"breadcrumb\":{\"@id\":\"https:\\\/\\\/informelitoral.com.ar\\\/pronostican-notoria-baja-de-temperatura-como-estara-el-tiempo-el-fin-de-semana\\\/#breadcrumb\"},\"inLanguage\":\"es\",\"potentialAction\":[{\"@type\":\"ReadAction\",\"target\":[\"https:\\\/\\\/informelitoral.com.ar\\\/pronostican-notoria-baja-de-temperatura-como-estara-el-tiempo-el-fin-de-semana\\\/\"]}]},{\"@type\":\"ImageObject\",\"inLanguage\":\"es\",\"@id\":\"https:\\\/\\\/informelitoral.com.ar\\\/pronostican-notoria-baja-de-temperatura-como-estara-el-tiempo-el-fin-de-semana\\\/#primaryimage\",\"url\":\"https:\\\/\\\/informelitoral.com.ar\\\/%77%70%2d%63%6f%6e%74%65%6e%74\\\/uploads\\\/2022\\\/02\\\/0003306354-e1620998974827.jpeg\",\"contentUrl\":\"https:\\\/\\\/informelitoral.com.ar\\\/%77%70%2d%63%6f%6e%74%65%6e%74\\\/uploads\\\/2022\\\/02\\\/0003306354-e1620998974827.jpeg\",\"width\":542,\"height\":396},{\"@type\":\"BreadcrumbList\",\"@id\":\"https:\\\/\\\/informelitoral.com.ar\\\/pronostican-notoria-baja-de-temperatura-como-estara-el-tiempo-el-fin-de-semana\\\/#breadcrumb\",\"itemListElement\":[{\"@type\":\"ListItem\",\"position\":1,\"name\":\"Portada\",\"item\":\"https:\\\/\\\/informelitoral.com.ar\\\/\"},{\"@type\":\"ListItem\",\"position\":2,\"name\":\"Pronostican notoria baja de temperatura: c\u00f3mo estar\u00e1 el tiempo el fin de semana\"}]},{\"@type\":\"WebSite\",\"@id\":\"https:\\\/\\\/informelitoral.com.ar\\\/#website\",\"url\":\"https:\\\/\\\/informelitoral.com.ar\\\/\",\"name\":\"Informe Litoral\",\"description\":\"&quot;Nos informamos&quot; \",\"publisher\":{\"@id\":\"https:\\\/\\\/informelitoral.com.ar\\\/#organization\"},\"potentialAction\":[{\"@type\":\"SearchAction\",\"target\":{\"@type\":\"EntryPoint\",\"urlTemplate\":\"https:\\\/\\\/informelitoral.com.ar\\\/?s={search_term_string}\"},\"query-input\":{\"@type\":\"PropertyValueSpecification\",\"valueRequired\":true,\"valueName\":\"search_term_string\"}}],\"inLanguage\":\"es\"},{\"@type\":\"Organization\",\"@id\":\"https:\\\/\\\/informelitoral.com.ar\\\/#organization\",\"name\":\"Informe Litoral\",\"url\":\"https:\\\/\\\/informelitoral.com.ar\\\/\",\"logo\":{\"@type\":\"ImageObject\",\"inLanguage\":\"es\",\"@id\":\"https:\\\/\\\/informelitoral.com.ar\\\/#\\\/schema\\\/logo\\\/image\\\/\",\"url\":\"https:\\\/\\\/informelitoral.com.ar\\\/%77%70%2d%63%6f%6e%74%65%6e%74\\\/uploads\\\/2021\\\/01\\\/circulo.png\",\"contentUrl\":\"https:\\\/\\\/informelitoral.com.ar\\\/%77%70%2d%63%6f%6e%74%65%6e%74\\\/uploads\\\/2021\\\/01\\\/circulo.png\",\"width\":723,\"height\":731,\"caption\":\"Informe Litoral\"},\"image\":{\"@id\":\"https:\\\/\\\/informelitoral.com.ar\\\/#\\\/schema\\\/logo\\\/image\\\/\"},\"sameAs\":[\"https:\\\/\\\/www.facebook.com\\\/informelitoral\\\/\",\"https:\\\/\\\/x.com\\\/InformeLitoral\",\"https:\\\/\\\/www.instagram.com\\\/informelitoral\\\/\",\"https:\\\/\\\/www.youtube.com\\\/channel\\\/UCua4Qvz8Icb6MYqhoq9xLXw\"]},{\"@type\":\"Person\",\"@id\":\"https:\\\/\\\/informelitoral.com.ar\\\/#\\\/schema\\\/person\\\/f05f9f461677119578717524b127d6d5\",\"name\":\"Sebastian\",\"image\":{\"@type\":\"ImageObject\",\"inLanguage\":\"es\",\"@id\":\"https:\\\/\\\/secure.gravatar.com\\\/avatar\\\/b71bf7481d447dfb9583c7f2798e7cc64de6efb9067b74633ed8c31059a3bd82?s=96&d=mm&r=g\",\"url\":\"https:\\\/\\\/secure.gravatar.com\\\/avatar\\\/b71bf7481d447dfb9583c7f2798e7cc64de6efb9067b74633ed8c31059a3bd82?s=96&d=mm&r=g\",\"contentUrl\":\"https:\\\/\\\/secure.gravatar.com\\\/avatar\\\/b71bf7481d447dfb9583c7f2798e7cc64de6efb9067b74633ed8c31059a3bd82?s=96&d=mm&r=g\",\"caption\":\"Sebastian\"},\"url\":\"https:\\\/\\\/informelitoral.com.ar\\\/author\\\/sebastian\\\/\"}]}<\/script>","yoast_head_json":{"title":"Pronostican notoria baja de temperatura: c\u00f3mo estar\u00e1 el tiempo el fin de semana - Informe Litoral","robots":{"index":"index","follow":"follow","max-snippet":"max-snippet:-1","max-image-preview":"max-image-preview:large","max-video-preview":"max-video-preview:-1"},"canonical":"https:\/\/informelitoral.com.ar\/pronostican-notoria-baja-de-temperatura-como-estara-el-tiempo-el-fin-de-semana\/","og_locale":"es_ES","og_type":"article","og_title":"Pronostican notoria baja de temperatura: c\u00f3mo estar\u00e1 el tiempo el fin de semana - Informe Litoral","og_description":"Para hoy se prev\u00e9 probabilidad de chaparrones y tormentas dispersas. Mejor\u00edas parciales, con tiempo c\u00e1lido a la tarde. El cambio de la circulaci\u00f3n de viento hacia el sur empezar\u00e1 a modificar las temperaturas para el fin de semana.","og_url":"https:\/\/informelitoral.com.ar\/pronostican-notoria-baja-de-temperatura-como-estara-el-tiempo-el-fin-de-semana\/","og_site_name":"Informe Litoral","article_publisher":"https:\/\/www.facebook.com\/informelitoral\/","article_published_time":"2022-02-04T11:14:56+00:00","og_image":[{"width":542,"height":396,"url":"https:\/\/informelitoral.com.ar\/%77%70%2d%63%6f%6e%74%65%6e%74\/uploads\/2022\/02\/0003306354-e1620998974827.jpeg","type":"image\/jpeg"}],"author":"Sebastian","twitter_card":"summary_large_image","twitter_creator":"@InformeLitoral","twitter_site":"@InformeLitoral","twitter_misc":{"Escrito por":"Sebastian","Tiempo de lectura":"1 minuto"},"schema":{"@context":"https:\/\/schema.org","@graph":[{"@type":"Article","@id":"https:\/\/informelitoral.com.ar\/pronostican-notoria-baja-de-temperatura-como-estara-el-tiempo-el-fin-de-semana\/#article","isPartOf":{"@id":"https:\/\/informelitoral.com.ar\/pronostican-notoria-baja-de-temperatura-como-estara-el-tiempo-el-fin-de-semana\/"},"author":{"name":"Sebastian","@id":"https:\/\/informelitoral.com.ar\/#\/schema\/person\/f05f9f461677119578717524b127d6d5"},"headline":"Pronostican notoria baja de temperatura: c\u00f3mo estar\u00e1 el tiempo el fin de semana","datePublished":"2022-02-04T11:14:56+00:00","mainEntityOfPage":{"@id":"https:\/\/informelitoral.com.ar\/pronostican-notoria-baja-de-temperatura-como-estara-el-tiempo-el-fin-de-semana\/"},"wordCount":282,"commentCount":0,"publisher":{"@id":"https:\/\/informelitoral.com.ar\/#organization"},"image":{"@id":"https:\/\/informelitoral.com.ar\/pronostican-notoria-baja-de-temperatura-como-estara-el-tiempo-el-fin-de-semana\/#primaryimage"},"thumbnailUrl":"https:\/\/informelitoral.com.ar\/%77%70%2d%63%6f%6e%74%65%6e%74\/uploads\/2022\/02\/0003306354-e1620998974827.jpeg","keywords":["SMN","Temperaturas baja"],"articleSection":["Entre R\u00edos"],"inLanguage":"es","potentialAction":[{"@type":"CommentAction","name":"Comment","target":["https:\/\/informelitoral.com.ar\/pronostican-notoria-baja-de-temperatura-como-estara-el-tiempo-el-fin-de-semana\/#respond"]}]},{"@type":"WebPage","@id":"https:\/\/informelitoral.com.ar\/pronostican-notoria-baja-de-temperatura-como-estara-el-tiempo-el-fin-de-semana\/","url":"https:\/\/informelitoral.com.ar\/pronostican-notoria-baja-de-temperatura-como-estara-el-tiempo-el-fin-de-semana\/","name":"Pronostican notoria baja de temperatura: c\u00f3mo estar\u00e1 el tiempo el fin de semana - Informe Litoral","isPartOf":{"@id":"https:\/\/informelitoral.com.ar\/#website"},"primaryImageOfPage":{"@id":"https:\/\/informelitoral.com.ar\/pronostican-notoria-baja-de-temperatura-como-estara-el-tiempo-el-fin-de-semana\/#primaryimage"},"image":{"@id":"https:\/\/informelitoral.com.ar\/pronostican-notoria-baja-de-temperatura-como-estara-el-tiempo-el-fin-de-semana\/#primaryimage"},"thumbnailUrl":"https:\/\/informelitoral.com.ar\/%77%70%2d%63%6f%6e%74%65%6e%74\/uploads\/2022\/02\/0003306354-e1620998974827.jpeg","datePublished":"2022-02-04T11:14:56+00:00","breadcrumb":{"@id":"https:\/\/informelitoral.com.ar\/pronostican-notoria-baja-de-temperatura-como-estara-el-tiempo-el-fin-de-semana\/#breadcrumb"},"inLanguage":"es","potentialAction":[{"@type":"ReadAction","target":["https:\/\/informelitoral.com.ar\/pronostican-notoria-baja-de-temperatura-como-estara-el-tiempo-el-fin-de-semana\/"]}]},{"@type":"ImageObject","inLanguage":"es","@id":"https:\/\/informelitoral.com.ar\/pronostican-notoria-baja-de-temperatura-como-estara-el-tiempo-el-fin-de-semana\/#primaryimage","url":"https:\/\/informelitoral.com.ar\/%77%70%2d%63%6f%6e%74%65%6e%74\/uploads\/2022\/02\/0003306354-e1620998974827.jpeg","contentUrl":"https:\/\/informelitoral.com.ar\/%77%70%2d%63%6f%6e%74%65%6e%74\/uploads\/2022\/02\/0003306354-e1620998974827.jpeg","width":542,"height":396},{"@type":"BreadcrumbList","@id":"https:\/\/informelitoral.com.ar\/pronostican-notoria-baja-de-temperatura-como-estara-el-tiempo-el-fin-de-semana\/#breadcrumb","itemListElement":[{"@type":"ListItem","position":1,"name":"Portada","item":"https:\/\/informelitoral.com.ar\/"},{"@type":"ListItem","position":2,"name":"Pronostican notoria baja de temperatura: c\u00f3mo estar\u00e1 el tiempo el fin de semana"}]},{"@type":"WebSite","@id":"https:\/\/informelitoral.com.ar\/#website","url":"https:\/\/informelitoral.com.ar\/","name":"Informe Litoral","description":"&quot;Nos informamos&quot; ","publisher":{"@id":"https:\/\/informelitoral.com.ar\/#organization"},"potentialAction":[{"@type":"SearchAction","target":{"@type":"EntryPoint","urlTemplate":"https:\/\/informelitoral.com.ar\/?s={search_term_string}"},"query-input":{"@type":"PropertyValueSpecification","valueRequired":true,"valueName":"search_term_string"}}],"inLanguage":"es"},{"@type":"Organization","@id":"https:\/\/informelitoral.com.ar\/#organization","name":"Informe Litoral","url":"https:\/\/informelitoral.com.ar\/","logo":{"@type":"ImageObject","inLanguage":"es","@id":"https:\/\/informelitoral.com.ar\/#\/schema\/logo\/image\/","url":"https:\/\/informelitoral.com.ar\/%77%70%2d%63%6f%6e%74%65%6e%74\/uploads\/2021\/01\/circulo.png","contentUrl":"https:\/\/informelitoral.com.ar\/%77%70%2d%63%6f%6e%74%65%6e%74\/uploads\/2021\/01\/circulo.png","width":723,"height":731,"caption":"Informe Litoral"},"image":{"@id":"https:\/\/informelitoral.com.ar\/#\/schema\/logo\/image\/"},"sameAs":["https:\/\/www.facebook.com\/informelitoral\/","https:\/\/x.com\/InformeLitoral","https:\/\/www.instagram.com\/informelitoral\/","https:\/\/www.youtube.com\/channel\/UCua4Qvz8Icb6MYqhoq9xLXw"]},{"@type":"Person","@id":"https:\/\/informelitoral.com.ar\/#\/schema\/person\/f05f9f461677119578717524b127d6d5","name":"Sebastian","image":{"@type":"ImageObject","inLanguage":"es","@id":"https:\/\/secure.gravatar.com\/avatar\/b71bf7481d447dfb9583c7f2798e7cc64de6efb9067b74633ed8c31059a3bd82?s=96&d=mm&r=g","url":"https:\/\/secure.gravatar.com\/avatar\/b71bf7481d447dfb9583c7f2798e7cc64de6efb9067b74633ed8c31059a3bd82?s=96&d=mm&r=g","contentUrl":"https:\/\/secure.gravatar.com\/avatar\/b71bf7481d447dfb9583c7f2798e7cc64de6efb9067b74633ed8c31059a3bd82?s=96&d=mm&r=g","caption":"Sebastian"},"url":"https:\/\/informelitoral.com.ar\/author\/sebastian\/"}]}},"_links":{"self":[{"href":"https:\/\/informelitoral.com.ar\/%77%70%2d%6a%73%6f%6e\/wp\/v2\/posts\/71253","targetHints":{"allow":["GET"]}}],"collection":[{"href":"https:\/\/informelitoral.com.ar\/%77%70%2d%6a%73%6f%6e\/wp\/v2\/posts"}],"about":[{"href":"https:\/\/informelitoral.com.ar\/%77%70%2d%6a%73%6f%6e\/wp\/v2\/types\/post"}],"author":[{"embeddable":true,"href":"https:\/\/informelitoral.com.ar\/%77%70%2d%6a%73%6f%6e\/wp\/v2\/users\/8"}],"replies":[{"embeddable":true,"href":"https:\/\/informelitoral.com.ar\/%77%70%2d%6a%73%6f%6e\/wp\/v2\/comments?post=71253"}],"version-history":[{"count":0,"href":"https:\/\/informelitoral.com.ar\/%77%70%2d%6a%73%6f%6e\/wp\/v2\/posts\/71253\/revisions"}],"wp:featuredmedia":[{"embeddable":true,"href":"https:\/\/informelitoral.com.ar\/%77%70%2d%6a%73%6f%6e\/wp\/v2\/media\/71255"}],"wp:attachment":[{"href":"https:\/\/informelitoral.com.ar\/%77%70%2d%6a%73%6f%6e\/wp\/v2\/media?parent=71253"}],"wp:term":[{"taxonomy":"category","embeddable":true,"href":"https:\/\/informelitoral.com.ar\/%77%70%2d%6a%73%6f%6e\/wp\/v2\/categories?post=71253"},{"taxonomy":"post_tag","embeddable":true,"href":"https:\/\/informelitoral.com.ar\/%77%70%2d%6a%73%6f%6e\/wp\/v2\/tags?post=71253"}],"curies":[{"name":"wp","href":"https:\/\/api.w.org\/{rel}","templated":true}]}}