{"id":71210,"date":"2022-02-03T09:11:34","date_gmt":"2022-02-03T12:11:34","guid":{"rendered":"https:\/\/www.informelitoral.com.ar\/?p=71210"},"modified":"2022-02-03T09:11:34","modified_gmt":"2022-02-03T12:11:34","slug":"alberto-fernandez-fue-recibido-por-vladimir-putin-en-moscu","status":"publish","type":"post","link":"https:\/\/informelitoral.com.ar\/alberto-fernandez-fue-recibido-por-vladimir-putin-en-moscu\/","title":{"rendered":"Alberto Fern\u00e1ndez fue recibido por Vladimir Putin en Mosc\u00fa"},"content":{"rendered":"<article id=\"article-post\" class=\"first\">\n<div class=\"cuerpo\" data-twitter-link=\"https:\/\/twitter.com\/intent\/tweet?url=https:\/\/ahora.com.ar\/c4256870&amp;via=PlataformaAhora&amp;related=Ahora&amp;text=\">\n<p>El presidente\u00a0<strong>Alberto Fern\u00e1ndez<\/strong>\u00a0mantiene desde las 7.55 un encuentro bilateral con su par de la Federaci\u00f3n Rusa,\u00a0<strong>Vladimir Putin<\/strong>, en el inicio de una gira que luego continuar\u00e1 por la Rep\u00fablica Popular China y Barbados, seg\u00fan consignaron fuentes oficiales.<\/p>\n<\/div>\n<\/article>\n<article id=\"article-post\">\n<div class=\"cuerpo\" data-twitter-link=\"https:\/\/twitter.com\/intent\/tweet?url=https:\/\/ahora.com.ar\/c4256870&amp;via=PlataformaAhora&amp;related=Ahora&amp;text=\">\n<p>Durante este encuentro ambos mandatarios tienen previsto evaluar el <strong>\u00abdesarrollo de las relaciones entre ambos pa\u00edses en diversos campos pol\u00edticos, econ\u00f3micos y culturales\u00bb<\/strong>, se\u00f1alaron los voceros gubernamentales.<\/p>\n<p>Fern\u00e1ndez lleg\u00f3 al Kremlin, la sede del gobierno de la Federaci\u00f3n, acompa\u00f1ado del embajador argentino en\u00a0Rusia, Eduardo Zuain, y, de acuerdo con lo previsto, luego del encuentro privado, compartir\u00e1 un almuerzo de trabajo con Putin.<\/p>\n<p>En tanto, a las 12.30, Alberto Fern\u00e1ndez y la comitiva partir\u00e1n rumbo a Beijing para continuar su viaje oficial a China y Barbados.<\/p>\n<p>El Jefe de Estado argentino hab\u00eda sido invitado a visitar Mosc\u00fa en reiteradas ocasiones, pero la concreci\u00f3n del viaje fue dilat\u00e1ndose por los desaf\u00edos que impuso la pandemia de coronavirus durante los dos \u00faltimos a\u00f1os.<\/p>\n<p>La informaci\u00f3n de la\u00a0<strong>Casa Rosada<\/strong>\u00a0indic\u00f3 que tambi\u00e9n habr\u00e1 \u00abun intercambio de puntos de vista sobre asuntos de actualidad de la agenda internacional y regional entre los mandatarios\u00bb.<\/p>\n<p>Luego ambos Jefes de Estado \u00abbrindar\u00e1n una declaraci\u00f3n conjunta a la prensa\u00bb.<\/p>\n<p>Zuain: \u00abLa idea es reactivar esta relaci\u00f3n\u00bbEn declaraciones que realiz\u00f3 este mi\u00e9rcoles, el embajador argentino en Mosc\u00fa, Eduardo Zuain, afirm\u00f3 que el encuentro genera \u00abmucha expectativa y entusiasmo\u00bb, e indic\u00f3 que lo m\u00e1s importante es que ambos pa\u00edses \u00abestrechen relaci\u00f3n y que los equipos de ambos gobiernos se pongan de acuerdo en una hoja de ruta para trabajar en cuestiones concretas\u00bb.<\/p>\n<p>El diplom\u00e1tico sostuvo que el mayor desaf\u00edo para la Argentina es \u00abpoder implementar la tecnolog\u00eda que tiene Rusia\u00bb para \u00abpoder aplicarla\u00bb a la producci\u00f3n que tiene el pa\u00eds. Y describi\u00f3 que hay cuatro \u00e1reas centrales: \u00absalud, ciencia, tecnolog\u00eda e infraestructura\u00bb.<\/p>\n<p>Consider\u00f3 que, durante el mandato del expresidente Mauricio Macri \u00abse planch\u00f3 bastante la relaci\u00f3n\u00bb entre los dos pa\u00edses y sostuvo que, por eso, ahora \u00abel objetivo est\u00e1 puesto en reactivarla nuevamente\u00bb.<\/p>\n<p>\u00abEs excepcional la invitaci\u00f3n de Putin a Alberto Fern\u00e1ndez en estas situaciones de pandemia, esto da cuenta de la\u00a0<strong>muy buena relaci\u00f3n que hay entre los pa\u00edses<\/strong>\u00ab, destac\u00f3 el diplom\u00e1tico.<\/p>\n<h2>El primer d\u00eda del Presidente en Rusia<\/h2>\n<p>Alberto Fern\u00e1ndez lleg\u00f3 a Mosc\u00fa acompa\u00f1ado por el canciller\u00a0<strong>Santiago Cafiero<\/strong>; el ministro de Econom\u00eda,\u00a0<strong>Mart\u00edn Guzm\u00e1n<\/strong>; la gobernadora de R\u00edo Negro,\u00a0<strong>Arabela Carreras<\/strong>; los gobernadores de Buenos Aires,\u00a0<strong>Axel Kicillof<\/strong>, y de Catamarca,\u00a0<strong>Ra\u00fal Jalil<\/strong>; la portavoz de la Presidencia,\u00a0<strong>Gabriela Cerruti<\/strong>; la secretaria de Deportes,\u00a0<strong>In\u00e9s Arrondo<\/strong>; el senador\u00a0<strong>Adolfo Rodr\u00edguez Sa\u00e1<\/strong>, el diputado\u00a0<strong>Eduardo Vald\u00e9s<\/strong>, la asesora presidencial\u00a0<strong>Cecilia Nicolini,<\/strong>\u00a0y el intendente de Jos\u00e9 C. Paz,\u00a0<strong>Mario Ishii<\/strong>.<\/p>\n<p>En el aeropuerto internacional Vn\u00fakovo, el mandatario fue recibido por el vicecanciller ruso\u00a0<strong>Sergei Ryabkov<\/strong>\u00a0y el embajador Zuain. Poco despu\u00e9s del aterrizaje, la portavoz gubernamental inform\u00f3 que la delegaci\u00f3n lleg\u00f3 a \u00abun Mosc\u00fa maravillosamente nevado\u00bb.<\/p>\n<\/div>\n<\/article>\n","protected":false},"excerpt":{"rendered":"<p>El objetivo del encuentro entre Putin y Alberto Fern\u00e1ndez es evaluar el \u00abdesarrollo de las relaciones entre ambos pa\u00edses\u00bb.<\/p>\n","protected":false},"author":8,"featured_media":71211,"comment_status":"open","ping_status":"open","sticky":false,"template":"","format":"standard","meta":{"fifu_image_url":"","fifu_image_alt":"","footnotes":""},"categories":[16],"tags":[1311,2207,1483],"class_list":{"0":"post-71210","1":"post","2":"type-post","3":"status-publish","4":"format-standard","5":"has-post-thumbnail","7":"category-politi","8":"tag-alberto-fernandez","9":"tag-moscu","10":"tag-vladimir-putin"},"yoast_head":"<title>Alberto Fern\u00e1ndez fue recibido por Vladimir Putin en Mosc\u00fa - Informe Litoral<\/title>\n<meta name=\"robots\" content=\"index, follow, max-snippet:-1, max-image-preview:large, max-video-preview:-1\" \/>\n<link rel=\"canonical\" href=\"https:\/\/informelitoral.com.ar\/alberto-fernandez-fue-recibido-por-vladimir-putin-en-moscu\/\" \/>\n<meta property=\"og:locale\" content=\"es_ES\" \/>\n<meta property=\"og:type\" content=\"article\" \/>\n<meta property=\"og:title\" content=\"Alberto Fern\u00e1ndez fue recibido por Vladimir Putin en Mosc\u00fa - Informe Litoral\" \/>\n<meta property=\"og:description\" content=\"El objetivo del encuentro entre Putin y Alberto Fern\u00e1ndez es evaluar el &quot;desarrollo de las relaciones entre ambos pa\u00edses&quot;.\" \/>\n<meta property=\"og:url\" content=\"https:\/\/informelitoral.com.ar\/alberto-fernandez-fue-recibido-por-vladimir-putin-en-moscu\/\" \/>\n<meta property=\"og:site_name\" content=\"Informe Litoral\" \/>\n<meta property=\"article:publisher\" content=\"https:\/\/www.facebook.com\/informelitoral\/\" \/>\n<meta property=\"article:published_time\" content=\"2022-02-03T12:11:34+00:00\" \/>\n<meta property=\"og:image\" content=\"https:\/\/informelitoral.com.ar\/%77%70%2d%63%6f%6e%74%65%6e%74\/uploads\/2022\/02\/0003509941.jpg\" \/>\n\t<meta property=\"og:image:width\" content=\"770\" \/>\n\t<meta property=\"og:image:height\" content=\"478\" \/>\n\t<meta property=\"og:image:type\" content=\"image\/jpeg\" \/>\n<meta name=\"author\" content=\"Sebastian\" \/>\n<meta name=\"twitter:card\" content=\"summary_large_image\" \/>\n<meta name=\"twitter:creator\" content=\"@InformeLitoral\" \/>\n<meta name=\"twitter:site\" content=\"@InformeLitoral\" \/>\n<meta name=\"twitter:label1\" content=\"Escrito por\" \/>\n\t<meta name=\"twitter:data1\" content=\"Sebastian\" \/>\n\t<meta name=\"twitter:label2\" content=\"Tiempo de lectura\" \/>\n\t<meta name=\"twitter:data2\" content=\"3 minutos\" \/>\n<script type=\"application\/ld+json\" class=\"yoast-schema-graph\">{\"@context\":\"https:\\\/\\\/schema.org\",\"@graph\":[{\"@type\":\"Article\",\"@id\":\"https:\\\/\\\/informelitoral.com.ar\\\/alberto-fernandez-fue-recibido-por-vladimir-putin-en-moscu\\\/#article\",\"isPartOf\":{\"@id\":\"https:\\\/\\\/informelitoral.com.ar\\\/alberto-fernandez-fue-recibido-por-vladimir-putin-en-moscu\\\/\"},\"author\":{\"name\":\"Sebastian\",\"@id\":\"https:\\\/\\\/informelitoral.com.ar\\\/#\\\/schema\\\/person\\\/f05f9f461677119578717524b127d6d5\"},\"headline\":\"Alberto Fern\u00e1ndez fue recibido por Vladimir Putin en Mosc\u00fa\",\"datePublished\":\"2022-02-03T12:11:34+00:00\",\"mainEntityOfPage\":{\"@id\":\"https:\\\/\\\/informelitoral.com.ar\\\/alberto-fernandez-fue-recibido-por-vladimir-putin-en-moscu\\\/\"},\"wordCount\":542,\"commentCount\":0,\"publisher\":{\"@id\":\"https:\\\/\\\/informelitoral.com.ar\\\/#organization\"},\"image\":{\"@id\":\"https:\\\/\\\/informelitoral.com.ar\\\/alberto-fernandez-fue-recibido-por-vladimir-putin-en-moscu\\\/#primaryimage\"},\"thumbnailUrl\":\"https:\\\/\\\/informelitoral.com.ar\\\/%77%70%2d%63%6f%6e%74%65%6e%74\\\/uploads\\\/2022\\\/02\\\/0003509941.jpg\",\"keywords\":[\"Alberto Fern\u00e1ndez\",\"Mosc\u00fa\",\"Vlad\u00edmir Putin\"],\"articleSection\":[\"Politica\"],\"inLanguage\":\"es\",\"potentialAction\":[{\"@type\":\"CommentAction\",\"name\":\"Comment\",\"target\":[\"https:\\\/\\\/informelitoral.com.ar\\\/alberto-fernandez-fue-recibido-por-vladimir-putin-en-moscu\\\/#respond\"]}]},{\"@type\":\"WebPage\",\"@id\":\"https:\\\/\\\/informelitoral.com.ar\\\/alberto-fernandez-fue-recibido-por-vladimir-putin-en-moscu\\\/\",\"url\":\"https:\\\/\\\/informelitoral.com.ar\\\/alberto-fernandez-fue-recibido-por-vladimir-putin-en-moscu\\\/\",\"name\":\"Alberto Fern\u00e1ndez fue recibido por Vladimir Putin en Mosc\u00fa - Informe Litoral\",\"isPartOf\":{\"@id\":\"https:\\\/\\\/informelitoral.com.ar\\\/#website\"},\"primaryImageOfPage\":{\"@id\":\"https:\\\/\\\/informelitoral.com.ar\\\/alberto-fernandez-fue-recibido-por-vladimir-putin-en-moscu\\\/#primaryimage\"},\"image\":{\"@id\":\"https:\\\/\\\/informelitoral.com.ar\\\/alberto-fernandez-fue-recibido-por-vladimir-putin-en-moscu\\\/#primaryimage\"},\"thumbnailUrl\":\"https:\\\/\\\/informelitoral.com.ar\\\/%77%70%2d%63%6f%6e%74%65%6e%74\\\/uploads\\\/2022\\\/02\\\/0003509941.jpg\",\"datePublished\":\"2022-02-03T12:11:34+00:00\",\"breadcrumb\":{\"@id\":\"https:\\\/\\\/informelitoral.com.ar\\\/alberto-fernandez-fue-recibido-por-vladimir-putin-en-moscu\\\/#breadcrumb\"},\"inLanguage\":\"es\",\"potentialAction\":[{\"@type\":\"ReadAction\",\"target\":[\"https:\\\/\\\/informelitoral.com.ar\\\/alberto-fernandez-fue-recibido-por-vladimir-putin-en-moscu\\\/\"]}]},{\"@type\":\"ImageObject\",\"inLanguage\":\"es\",\"@id\":\"https:\\\/\\\/informelitoral.com.ar\\\/alberto-fernandez-fue-recibido-por-vladimir-putin-en-moscu\\\/#primaryimage\",\"url\":\"https:\\\/\\\/informelitoral.com.ar\\\/%77%70%2d%63%6f%6e%74%65%6e%74\\\/uploads\\\/2022\\\/02\\\/0003509941.jpg\",\"contentUrl\":\"https:\\\/\\\/informelitoral.com.ar\\\/%77%70%2d%63%6f%6e%74%65%6e%74\\\/uploads\\\/2022\\\/02\\\/0003509941.jpg\",\"width\":770,\"height\":478},{\"@type\":\"BreadcrumbList\",\"@id\":\"https:\\\/\\\/informelitoral.com.ar\\\/alberto-fernandez-fue-recibido-por-vladimir-putin-en-moscu\\\/#breadcrumb\",\"itemListElement\":[{\"@type\":\"ListItem\",\"position\":1,\"name\":\"Portada\",\"item\":\"https:\\\/\\\/informelitoral.com.ar\\\/\"},{\"@type\":\"ListItem\",\"position\":2,\"name\":\"Alberto Fern\u00e1ndez fue recibido por Vladimir Putin en Mosc\u00fa\"}]},{\"@type\":\"WebSite\",\"@id\":\"https:\\\/\\\/informelitoral.com.ar\\\/#website\",\"url\":\"https:\\\/\\\/informelitoral.com.ar\\\/\",\"name\":\"Informe Litoral\",\"description\":\"&quot;Nos informamos&quot; \",\"publisher\":{\"@id\":\"https:\\\/\\\/informelitoral.com.ar\\\/#organization\"},\"potentialAction\":[{\"@type\":\"SearchAction\",\"target\":{\"@type\":\"EntryPoint\",\"urlTemplate\":\"https:\\\/\\\/informelitoral.com.ar\\\/?s={search_term_string}\"},\"query-input\":{\"@type\":\"PropertyValueSpecification\",\"valueRequired\":true,\"valueName\":\"search_term_string\"}}],\"inLanguage\":\"es\"},{\"@type\":\"Organization\",\"@id\":\"https:\\\/\\\/informelitoral.com.ar\\\/#organization\",\"name\":\"Informe Litoral\",\"url\":\"https:\\\/\\\/informelitoral.com.ar\\\/\",\"logo\":{\"@type\":\"ImageObject\",\"inLanguage\":\"es\",\"@id\":\"https:\\\/\\\/informelitoral.com.ar\\\/#\\\/schema\\\/logo\\\/image\\\/\",\"url\":\"https:\\\/\\\/informelitoral.com.ar\\\/%77%70%2d%63%6f%6e%74%65%6e%74\\\/uploads\\\/2021\\\/01\\\/circulo.png\",\"contentUrl\":\"https:\\\/\\\/informelitoral.com.ar\\\/%77%70%2d%63%6f%6e%74%65%6e%74\\\/uploads\\\/2021\\\/01\\\/circulo.png\",\"width\":723,\"height\":731,\"caption\":\"Informe Litoral\"},\"image\":{\"@id\":\"https:\\\/\\\/informelitoral.com.ar\\\/#\\\/schema\\\/logo\\\/image\\\/\"},\"sameAs\":[\"https:\\\/\\\/www.facebook.com\\\/informelitoral\\\/\",\"https:\\\/\\\/x.com\\\/InformeLitoral\",\"https:\\\/\\\/www.instagram.com\\\/informelitoral\\\/\",\"https:\\\/\\\/www.youtube.com\\\/channel\\\/UCua4Qvz8Icb6MYqhoq9xLXw\"]},{\"@type\":\"Person\",\"@id\":\"https:\\\/\\\/informelitoral.com.ar\\\/#\\\/schema\\\/person\\\/f05f9f461677119578717524b127d6d5\",\"name\":\"Sebastian\",\"image\":{\"@type\":\"ImageObject\",\"inLanguage\":\"es\",\"@id\":\"https:\\\/\\\/secure.gravatar.com\\\/avatar\\\/b71bf7481d447dfb9583c7f2798e7cc64de6efb9067b74633ed8c31059a3bd82?s=96&d=mm&r=g\",\"url\":\"https:\\\/\\\/secure.gravatar.com\\\/avatar\\\/b71bf7481d447dfb9583c7f2798e7cc64de6efb9067b74633ed8c31059a3bd82?s=96&d=mm&r=g\",\"contentUrl\":\"https:\\\/\\\/secure.gravatar.com\\\/avatar\\\/b71bf7481d447dfb9583c7f2798e7cc64de6efb9067b74633ed8c31059a3bd82?s=96&d=mm&r=g\",\"caption\":\"Sebastian\"},\"url\":\"https:\\\/\\\/informelitoral.com.ar\\\/author\\\/sebastian\\\/\"}]}<\/script>","yoast_head_json":{"title":"Alberto Fern\u00e1ndez fue recibido por Vladimir Putin en Mosc\u00fa - Informe Litoral","robots":{"index":"index","follow":"follow","max-snippet":"max-snippet:-1","max-image-preview":"max-image-preview:large","max-video-preview":"max-video-preview:-1"},"canonical":"https:\/\/informelitoral.com.ar\/alberto-fernandez-fue-recibido-por-vladimir-putin-en-moscu\/","og_locale":"es_ES","og_type":"article","og_title":"Alberto Fern\u00e1ndez fue recibido por Vladimir Putin en Mosc\u00fa - Informe Litoral","og_description":"El objetivo del encuentro entre Putin y Alberto Fern\u00e1ndez es evaluar el \"desarrollo de las relaciones entre ambos pa\u00edses\".","og_url":"https:\/\/informelitoral.com.ar\/alberto-fernandez-fue-recibido-por-vladimir-putin-en-moscu\/","og_site_name":"Informe Litoral","article_publisher":"https:\/\/www.facebook.com\/informelitoral\/","article_published_time":"2022-02-03T12:11:34+00:00","og_image":[{"width":770,"height":478,"url":"https:\/\/informelitoral.com.ar\/%77%70%2d%63%6f%6e%74%65%6e%74\/uploads\/2022\/02\/0003509941.jpg","type":"image\/jpeg"}],"author":"Sebastian","twitter_card":"summary_large_image","twitter_creator":"@InformeLitoral","twitter_site":"@InformeLitoral","twitter_misc":{"Escrito por":"Sebastian","Tiempo de lectura":"3 minutos"},"schema":{"@context":"https:\/\/schema.org","@graph":[{"@type":"Article","@id":"https:\/\/informelitoral.com.ar\/alberto-fernandez-fue-recibido-por-vladimir-putin-en-moscu\/#article","isPartOf":{"@id":"https:\/\/informelitoral.com.ar\/alberto-fernandez-fue-recibido-por-vladimir-putin-en-moscu\/"},"author":{"name":"Sebastian","@id":"https:\/\/informelitoral.com.ar\/#\/schema\/person\/f05f9f461677119578717524b127d6d5"},"headline":"Alberto Fern\u00e1ndez fue recibido por Vladimir Putin en Mosc\u00fa","datePublished":"2022-02-03T12:11:34+00:00","mainEntityOfPage":{"@id":"https:\/\/informelitoral.com.ar\/alberto-fernandez-fue-recibido-por-vladimir-putin-en-moscu\/"},"wordCount":542,"commentCount":0,"publisher":{"@id":"https:\/\/informelitoral.com.ar\/#organization"},"image":{"@id":"https:\/\/informelitoral.com.ar\/alberto-fernandez-fue-recibido-por-vladimir-putin-en-moscu\/#primaryimage"},"thumbnailUrl":"https:\/\/informelitoral.com.ar\/%77%70%2d%63%6f%6e%74%65%6e%74\/uploads\/2022\/02\/0003509941.jpg","keywords":["Alberto Fern\u00e1ndez","Mosc\u00fa","Vlad\u00edmir Putin"],"articleSection":["Politica"],"inLanguage":"es","potentialAction":[{"@type":"CommentAction","name":"Comment","target":["https:\/\/informelitoral.com.ar\/alberto-fernandez-fue-recibido-por-vladimir-putin-en-moscu\/#respond"]}]},{"@type":"WebPage","@id":"https:\/\/informelitoral.com.ar\/alberto-fernandez-fue-recibido-por-vladimir-putin-en-moscu\/","url":"https:\/\/informelitoral.com.ar\/alberto-fernandez-fue-recibido-por-vladimir-putin-en-moscu\/","name":"Alberto Fern\u00e1ndez fue recibido por Vladimir Putin en Mosc\u00fa - Informe Litoral","isPartOf":{"@id":"https:\/\/informelitoral.com.ar\/#website"},"primaryImageOfPage":{"@id":"https:\/\/informelitoral.com.ar\/alberto-fernandez-fue-recibido-por-vladimir-putin-en-moscu\/#primaryimage"},"image":{"@id":"https:\/\/informelitoral.com.ar\/alberto-fernandez-fue-recibido-por-vladimir-putin-en-moscu\/#primaryimage"},"thumbnailUrl":"https:\/\/informelitoral.com.ar\/%77%70%2d%63%6f%6e%74%65%6e%74\/uploads\/2022\/02\/0003509941.jpg","datePublished":"2022-02-03T12:11:34+00:00","breadcrumb":{"@id":"https:\/\/informelitoral.com.ar\/alberto-fernandez-fue-recibido-por-vladimir-putin-en-moscu\/#breadcrumb"},"inLanguage":"es","potentialAction":[{"@type":"ReadAction","target":["https:\/\/informelitoral.com.ar\/alberto-fernandez-fue-recibido-por-vladimir-putin-en-moscu\/"]}]},{"@type":"ImageObject","inLanguage":"es","@id":"https:\/\/informelitoral.com.ar\/alberto-fernandez-fue-recibido-por-vladimir-putin-en-moscu\/#primaryimage","url":"https:\/\/informelitoral.com.ar\/%77%70%2d%63%6f%6e%74%65%6e%74\/uploads\/2022\/02\/0003509941.jpg","contentUrl":"https:\/\/informelitoral.com.ar\/%77%70%2d%63%6f%6e%74%65%6e%74\/uploads\/2022\/02\/0003509941.jpg","width":770,"height":478},{"@type":"BreadcrumbList","@id":"https:\/\/informelitoral.com.ar\/alberto-fernandez-fue-recibido-por-vladimir-putin-en-moscu\/#breadcrumb","itemListElement":[{"@type":"ListItem","position":1,"name":"Portada","item":"https:\/\/informelitoral.com.ar\/"},{"@type":"ListItem","position":2,"name":"Alberto Fern\u00e1ndez fue recibido por Vladimir Putin en Mosc\u00fa"}]},{"@type":"WebSite","@id":"https:\/\/informelitoral.com.ar\/#website","url":"https:\/\/informelitoral.com.ar\/","name":"Informe Litoral","description":"&quot;Nos informamos&quot; ","publisher":{"@id":"https:\/\/informelitoral.com.ar\/#organization"},"potentialAction":[{"@type":"SearchAction","target":{"@type":"EntryPoint","urlTemplate":"https:\/\/informelitoral.com.ar\/?s={search_term_string}"},"query-input":{"@type":"PropertyValueSpecification","valueRequired":true,"valueName":"search_term_string"}}],"inLanguage":"es"},{"@type":"Organization","@id":"https:\/\/informelitoral.com.ar\/#organization","name":"Informe Litoral","url":"https:\/\/informelitoral.com.ar\/","logo":{"@type":"ImageObject","inLanguage":"es","@id":"https:\/\/informelitoral.com.ar\/#\/schema\/logo\/image\/","url":"https:\/\/informelitoral.com.ar\/%77%70%2d%63%6f%6e%74%65%6e%74\/uploads\/2021\/01\/circulo.png","contentUrl":"https:\/\/informelitoral.com.ar\/%77%70%2d%63%6f%6e%74%65%6e%74\/uploads\/2021\/01\/circulo.png","width":723,"height":731,"caption":"Informe Litoral"},"image":{"@id":"https:\/\/informelitoral.com.ar\/#\/schema\/logo\/image\/"},"sameAs":["https:\/\/www.facebook.com\/informelitoral\/","https:\/\/x.com\/InformeLitoral","https:\/\/www.instagram.com\/informelitoral\/","https:\/\/www.youtube.com\/channel\/UCua4Qvz8Icb6MYqhoq9xLXw"]},{"@type":"Person","@id":"https:\/\/informelitoral.com.ar\/#\/schema\/person\/f05f9f461677119578717524b127d6d5","name":"Sebastian","image":{"@type":"ImageObject","inLanguage":"es","@id":"https:\/\/secure.gravatar.com\/avatar\/b71bf7481d447dfb9583c7f2798e7cc64de6efb9067b74633ed8c31059a3bd82?s=96&d=mm&r=g","url":"https:\/\/secure.gravatar.com\/avatar\/b71bf7481d447dfb9583c7f2798e7cc64de6efb9067b74633ed8c31059a3bd82?s=96&d=mm&r=g","contentUrl":"https:\/\/secure.gravatar.com\/avatar\/b71bf7481d447dfb9583c7f2798e7cc64de6efb9067b74633ed8c31059a3bd82?s=96&d=mm&r=g","caption":"Sebastian"},"url":"https:\/\/informelitoral.com.ar\/author\/sebastian\/"}]}},"_links":{"self":[{"href":"https:\/\/informelitoral.com.ar\/%77%70%2d%6a%73%6f%6e\/wp\/v2\/posts\/71210","targetHints":{"allow":["GET"]}}],"collection":[{"href":"https:\/\/informelitoral.com.ar\/%77%70%2d%6a%73%6f%6e\/wp\/v2\/posts"}],"about":[{"href":"https:\/\/informelitoral.com.ar\/%77%70%2d%6a%73%6f%6e\/wp\/v2\/types\/post"}],"author":[{"embeddable":true,"href":"https:\/\/informelitoral.com.ar\/%77%70%2d%6a%73%6f%6e\/wp\/v2\/users\/8"}],"replies":[{"embeddable":true,"href":"https:\/\/informelitoral.com.ar\/%77%70%2d%6a%73%6f%6e\/wp\/v2\/comments?post=71210"}],"version-history":[{"count":0,"href":"https:\/\/informelitoral.com.ar\/%77%70%2d%6a%73%6f%6e\/wp\/v2\/posts\/71210\/revisions"}],"wp:featuredmedia":[{"embeddable":true,"href":"https:\/\/informelitoral.com.ar\/%77%70%2d%6a%73%6f%6e\/wp\/v2\/media\/71211"}],"wp:attachment":[{"href":"https:\/\/informelitoral.com.ar\/%77%70%2d%6a%73%6f%6e\/wp\/v2\/media?parent=71210"}],"wp:term":[{"taxonomy":"category","embeddable":true,"href":"https:\/\/informelitoral.com.ar\/%77%70%2d%6a%73%6f%6e\/wp\/v2\/categories?post=71210"},{"taxonomy":"post_tag","embeddable":true,"href":"https:\/\/informelitoral.com.ar\/%77%70%2d%6a%73%6f%6e\/wp\/v2\/tags?post=71210"}],"curies":[{"name":"wp","href":"https:\/\/api.w.org\/{rel}","templated":true}]}}