{"id":71096,"date":"2022-02-02T08:46:04","date_gmt":"2022-02-02T11:46:04","guid":{"rendered":"https:\/\/www.informelitoral.com.ar\/?p=71096"},"modified":"2022-02-02T08:46:04","modified_gmt":"2022-02-02T11:46:04","slug":"aumento-de-combustibles-los-nuevos-precios-de-la-nafta-y-el-gasoil-en-parana","status":"publish","type":"post","link":"https:\/\/informelitoral.com.ar\/aumento-de-combustibles-los-nuevos-precios-de-la-nafta-y-el-gasoil-en-parana\/","title":{"rendered":"Aumento de combustibles: los nuevos precios de la nafta y el gasoil en Paran\u00e1"},"content":{"rendered":"<p>La empresa YPF subi\u00f3 los precios de las naftas y el gasoil en los primeros minutos de este mi\u00e9rcoles. Se trata de la primera suba del a\u00f1o. El incremento promedia el 9 por ciento en todo el pa\u00eds. el litro de nafta s\u00faper pas\u00f3 los 100 pesos.<\/p>\n<p><b>Los precios de YPF en Paran\u00e1<\/b><\/p>\n<p>La nafta s\u00faper pas\u00f3 de 95,1 a 103,70 pesos.<\/p>\n<p>La nafta Infinia que costaba 109,80 ahora se vende a 121,90<\/p>\n<p>El diesel 500 trep\u00f3 de 89,30 a 97.30<\/p>\n<p>En tanto, el Infinia diesel subi\u00f3 de 108,20 a 122,30<\/p>\n<p><b>La comunicaci\u00f3n de YPF<\/b><\/p>\n<p>La compa\u00f1\u00eda inform\u00f3 que la decisi\u00f3n se tom\u00f3 \u00abcon el fin de sostener su plan de crecimiento para 2022 en un contexto de prudencia financiera y en el marco de la evoluci\u00f3n de los \u00faltimos meses de ciertas variables macro locales e internacionales\u00bb.<\/p>\n<p>En consecuencia, YPF realiz\u00f3 \u00aba partir del mi\u00e9rcoles 2 de febrero a las 0 un aumento de precios de surtidor del 9% promedio pa\u00eds, luego del \u00faltimo aumento en mayo 2021\u00bb tras lo cual continuar\u00e1n \u00abmonitoreando la evoluci\u00f3n de las variables que inciden en la formaci\u00f3n de precios\u00bb.<\/p>\n<p>El incremento incluye un incremento de 2 puntos porcentuales m\u00e1s en los productos premium (YPF Infinia), precisaron fuentes de la empresa.<\/p>\n<p>Se descartaba en el mercado en las \u00faltimas horas que ante el movimiento de precios en surtidores de YFP que controla el 56% del mercado minorista de combustibles, el resto de las empresas har\u00edan lo propio en las pr\u00f3ximas horas y en similar proporci\u00f3n.<\/p>\n<p>Desde mayo 21 a la fecha, las diferentes variables que impactan en la econom\u00eda de YPF evolucionaron de acuerdo a una devaluaci\u00f3n del 11,35%, una inflaci\u00f3n de 29,18% desde mayo a enero pasado (proyecci\u00f3n BCRA-REM); y aumentos en los precios del etanol de 16,07%, del biodiesel 46,61% y del brent en d\u00f3lares de 31% (hoy en 89 USD\/bbl).<\/p>\n<p>En este contexto, en la compa\u00f1\u00eda ven\u00edan advirtiendo una fuerte recuperaci\u00f3n de la demanda de combustibles a diciembre de 2021 del 10% en gasoil y 8% en naftas respecto de diciembre de 2019, con lo cual el \u00faltimo mes del a\u00f1o pasado fue el m\u00e1s alto de la historia.<\/p>\n<p>De la misma manera, el consumo en estaciones de provincias lim\u00edtrofes, en particular Misiones, se ha incrementado en varias estaciones de servicio en hasta dos veces el consumo hist\u00f3rico.<\/p>\n<p>Las fuentes se\u00f1alaron tambi\u00e9n que las estaciones \u00abse encuentran muy por debajo del punto de equilibrio y existen importantes riesgos de sostenibilidad de la actividad, resultando imprescindible una mejora de los ingresos de la red\u00bb.<\/p>\n<p>Con este aumento de 9% se prev\u00e9 para 2022 \u00abcontinuar con un crecimiento significativo del plan de Inversiones superior al 40 % respecto al a\u00f1o anterior, apuntalando principalmente las actividades de producci\u00f3n de petr\u00f3leo y gas natural, afianzando su liderazgo en energ\u00edas renovables y poniendo en marcha importantes reformas en las refiner\u00edas de la compa\u00f1\u00eda\u00bb, se\u00f1al\u00f3 la empresa.<\/p>\n<p>La empresa de mayor\u00eda accionaria estatal record\u00f3 que durante 2021 increment\u00f3 significativamente las inversiones en l\u00ednea con su plan anunciado a comienzos de a\u00f1o por un valor de 2.700 millones de d\u00f3lares, representando un incremento de m\u00e1s del 70% respecto a las inversiones de 2020.<\/p>\n<p>\u00abEste nivel de inversiones permiti\u00f3 un fuerte crecimiento en la actividad petrolera en todo el pa\u00eds y una importante recuperaci\u00f3n de la producci\u00f3n a partir del segundo semestre\u00bb, se\u00f1al\u00f3 al precisar que mediante este plan \u00ablogr\u00f3 estabilizar la producci\u00f3n de petr\u00f3leo crudo y gas despu\u00e9s de 5 a\u00f1os de ca\u00eddas consecutivas\u00bb.<\/p>\n<p>Asimismo, se record\u00f3 que la compa\u00f1\u00eda continu\u00f3 con el proceso de desendeudamiento iniciado en 2020, alcanzando en el \u00faltimo trimestre, el menor nivel de deuda registrado desde el a\u00f1o 2015.<\/p>\n","protected":false},"excerpt":{"rendered":"<p>La empresa YPF subi&oacute; los precios de las naftas y el gasoil en los primeros minutos de este mi&eacute;rcoles. Se trata de la primera suba del a&ntilde;o. El incremento promedia el 9 por ciento en todo el pa&iacute;s. el litro de nafta s&uacute;per pas&oacute; los 100 pesos. Los precios de YPF en Paran&aacute; La nafta [&hellip;]<\/p>\n","protected":false},"author":8,"featured_media":15613,"comment_status":"open","ping_status":"open","sticky":false,"template":"","format":"standard","meta":{"fifu_image_url":"","fifu_image_alt":"","footnotes":""},"categories":[1594],"tags":[2808,32],"class_list":{"0":"post-71096","1":"post","2":"type-post","3":"status-publish","4":"format-standard","5":"has-post-thumbnail","7":"category-economia","8":"tag-aumentos-de-conbustibles","9":"tag-precios"},"yoast_head":"<title>Aumento de combustibles: los nuevos precios de la nafta y el gasoil en Paran\u00e1 - Informe Litoral<\/title>\n<meta name=\"robots\" content=\"index, follow, max-snippet:-1, max-image-preview:large, max-video-preview:-1\" \/>\n<link rel=\"canonical\" href=\"https:\/\/informelitoral.com.ar\/aumento-de-combustibles-los-nuevos-precios-de-la-nafta-y-el-gasoil-en-parana\/\" \/>\n<meta property=\"og:locale\" content=\"es_ES\" \/>\n<meta property=\"og:type\" content=\"article\" \/>\n<meta property=\"og:title\" content=\"Aumento de combustibles: los nuevos precios de la nafta y el gasoil en Paran\u00e1 - Informe Litoral\" \/>\n<meta property=\"og:description\" content=\"La empresa YPF subi&oacute; los precios de las naftas y el gasoil en los primeros minutos de este mi&eacute;rcoles. Se trata de la primera suba del a&ntilde;o. El incremento promedia el 9 por ciento en todo el pa&iacute;s. el litro de nafta s&uacute;per pas&oacute; los 100 pesos. Los precios de YPF en Paran&aacute; La nafta [&hellip;]\" \/>\n<meta property=\"og:url\" content=\"https:\/\/informelitoral.com.ar\/aumento-de-combustibles-los-nuevos-precios-de-la-nafta-y-el-gasoil-en-parana\/\" \/>\n<meta property=\"og:site_name\" content=\"Informe Litoral\" \/>\n<meta property=\"article:publisher\" content=\"https:\/\/www.facebook.com\/informelitoral\/\" \/>\n<meta property=\"article:published_time\" content=\"2022-02-02T11:46:04+00:00\" \/>\n<meta property=\"og:image\" content=\"https:\/\/informelitoral.com.ar\/%77%70%2d%63%6f%6e%74%65%6e%74\/uploads\/2016\/04\/Combustible-aumento-de-precio.jpg\" \/>\n\t<meta property=\"og:image:width\" content=\"1200\" \/>\n\t<meta property=\"og:image:height\" content=\"600\" \/>\n\t<meta property=\"og:image:type\" content=\"image\/jpeg\" \/>\n<meta name=\"author\" content=\"Sebastian\" \/>\n<meta name=\"twitter:card\" content=\"summary_large_image\" \/>\n<meta name=\"twitter:creator\" content=\"@InformeLitoral\" \/>\n<meta name=\"twitter:site\" content=\"@InformeLitoral\" \/>\n<meta name=\"twitter:label1\" content=\"Escrito por\" \/>\n\t<meta name=\"twitter:data1\" content=\"Sebastian\" \/>\n\t<meta name=\"twitter:label2\" content=\"Tiempo de lectura\" \/>\n\t<meta name=\"twitter:data2\" content=\"3 minutos\" \/>\n<script type=\"application\/ld+json\" class=\"yoast-schema-graph\">{\"@context\":\"https:\\\/\\\/schema.org\",\"@graph\":[{\"@type\":\"Article\",\"@id\":\"https:\\\/\\\/informelitoral.com.ar\\\/aumento-de-combustibles-los-nuevos-precios-de-la-nafta-y-el-gasoil-en-parana\\\/#article\",\"isPartOf\":{\"@id\":\"https:\\\/\\\/informelitoral.com.ar\\\/aumento-de-combustibles-los-nuevos-precios-de-la-nafta-y-el-gasoil-en-parana\\\/\"},\"author\":{\"name\":\"Sebastian\",\"@id\":\"https:\\\/\\\/informelitoral.com.ar\\\/#\\\/schema\\\/person\\\/f05f9f461677119578717524b127d6d5\"},\"headline\":\"Aumento de combustibles: los nuevos precios de la nafta y el gasoil en Paran\u00e1\",\"datePublished\":\"2022-02-02T11:46:04+00:00\",\"mainEntityOfPage\":{\"@id\":\"https:\\\/\\\/informelitoral.com.ar\\\/aumento-de-combustibles-los-nuevos-precios-de-la-nafta-y-el-gasoil-en-parana\\\/\"},\"wordCount\":636,\"commentCount\":0,\"publisher\":{\"@id\":\"https:\\\/\\\/informelitoral.com.ar\\\/#organization\"},\"image\":{\"@id\":\"https:\\\/\\\/informelitoral.com.ar\\\/aumento-de-combustibles-los-nuevos-precios-de-la-nafta-y-el-gasoil-en-parana\\\/#primaryimage\"},\"thumbnailUrl\":\"https:\\\/\\\/informelitoral.com.ar\\\/%77%70%2d%63%6f%6e%74%65%6e%74\\\/uploads\\\/2016\\\/04\\\/Combustible-aumento-de-precio.jpg\",\"keywords\":[\"Aumentos de conbustibles\",\"precios\"],\"articleSection\":[\"Econom\u00eda\"],\"inLanguage\":\"es\",\"potentialAction\":[{\"@type\":\"CommentAction\",\"name\":\"Comment\",\"target\":[\"https:\\\/\\\/informelitoral.com.ar\\\/aumento-de-combustibles-los-nuevos-precios-de-la-nafta-y-el-gasoil-en-parana\\\/#respond\"]}]},{\"@type\":\"WebPage\",\"@id\":\"https:\\\/\\\/informelitoral.com.ar\\\/aumento-de-combustibles-los-nuevos-precios-de-la-nafta-y-el-gasoil-en-parana\\\/\",\"url\":\"https:\\\/\\\/informelitoral.com.ar\\\/aumento-de-combustibles-los-nuevos-precios-de-la-nafta-y-el-gasoil-en-parana\\\/\",\"name\":\"Aumento de combustibles: los nuevos precios de la nafta y el gasoil en Paran\u00e1 - Informe Litoral\",\"isPartOf\":{\"@id\":\"https:\\\/\\\/informelitoral.com.ar\\\/#website\"},\"primaryImageOfPage\":{\"@id\":\"https:\\\/\\\/informelitoral.com.ar\\\/aumento-de-combustibles-los-nuevos-precios-de-la-nafta-y-el-gasoil-en-parana\\\/#primaryimage\"},\"image\":{\"@id\":\"https:\\\/\\\/informelitoral.com.ar\\\/aumento-de-combustibles-los-nuevos-precios-de-la-nafta-y-el-gasoil-en-parana\\\/#primaryimage\"},\"thumbnailUrl\":\"https:\\\/\\\/informelitoral.com.ar\\\/%77%70%2d%63%6f%6e%74%65%6e%74\\\/uploads\\\/2016\\\/04\\\/Combustible-aumento-de-precio.jpg\",\"datePublished\":\"2022-02-02T11:46:04+00:00\",\"breadcrumb\":{\"@id\":\"https:\\\/\\\/informelitoral.com.ar\\\/aumento-de-combustibles-los-nuevos-precios-de-la-nafta-y-el-gasoil-en-parana\\\/#breadcrumb\"},\"inLanguage\":\"es\",\"potentialAction\":[{\"@type\":\"ReadAction\",\"target\":[\"https:\\\/\\\/informelitoral.com.ar\\\/aumento-de-combustibles-los-nuevos-precios-de-la-nafta-y-el-gasoil-en-parana\\\/\"]}]},{\"@type\":\"ImageObject\",\"inLanguage\":\"es\",\"@id\":\"https:\\\/\\\/informelitoral.com.ar\\\/aumento-de-combustibles-los-nuevos-precios-de-la-nafta-y-el-gasoil-en-parana\\\/#primaryimage\",\"url\":\"https:\\\/\\\/informelitoral.com.ar\\\/%77%70%2d%63%6f%6e%74%65%6e%74\\\/uploads\\\/2016\\\/04\\\/Combustible-aumento-de-precio.jpg\",\"contentUrl\":\"https:\\\/\\\/informelitoral.com.ar\\\/%77%70%2d%63%6f%6e%74%65%6e%74\\\/uploads\\\/2016\\\/04\\\/Combustible-aumento-de-precio.jpg\",\"width\":1200,\"height\":600},{\"@type\":\"BreadcrumbList\",\"@id\":\"https:\\\/\\\/informelitoral.com.ar\\\/aumento-de-combustibles-los-nuevos-precios-de-la-nafta-y-el-gasoil-en-parana\\\/#breadcrumb\",\"itemListElement\":[{\"@type\":\"ListItem\",\"position\":1,\"name\":\"Portada\",\"item\":\"https:\\\/\\\/informelitoral.com.ar\\\/\"},{\"@type\":\"ListItem\",\"position\":2,\"name\":\"Aumento de combustibles: los nuevos precios de la nafta y el gasoil en Paran\u00e1\"}]},{\"@type\":\"WebSite\",\"@id\":\"https:\\\/\\\/informelitoral.com.ar\\\/#website\",\"url\":\"https:\\\/\\\/informelitoral.com.ar\\\/\",\"name\":\"Informe Litoral\",\"description\":\"&quot;Nos informamos&quot; \",\"publisher\":{\"@id\":\"https:\\\/\\\/informelitoral.com.ar\\\/#organization\"},\"potentialAction\":[{\"@type\":\"SearchAction\",\"target\":{\"@type\":\"EntryPoint\",\"urlTemplate\":\"https:\\\/\\\/informelitoral.com.ar\\\/?s={search_term_string}\"},\"query-input\":{\"@type\":\"PropertyValueSpecification\",\"valueRequired\":true,\"valueName\":\"search_term_string\"}}],\"inLanguage\":\"es\"},{\"@type\":\"Organization\",\"@id\":\"https:\\\/\\\/informelitoral.com.ar\\\/#organization\",\"name\":\"Informe Litoral\",\"url\":\"https:\\\/\\\/informelitoral.com.ar\\\/\",\"logo\":{\"@type\":\"ImageObject\",\"inLanguage\":\"es\",\"@id\":\"https:\\\/\\\/informelitoral.com.ar\\\/#\\\/schema\\\/logo\\\/image\\\/\",\"url\":\"https:\\\/\\\/informelitoral.com.ar\\\/%77%70%2d%63%6f%6e%74%65%6e%74\\\/uploads\\\/2021\\\/01\\\/circulo.png\",\"contentUrl\":\"https:\\\/\\\/informelitoral.com.ar\\\/%77%70%2d%63%6f%6e%74%65%6e%74\\\/uploads\\\/2021\\\/01\\\/circulo.png\",\"width\":723,\"height\":731,\"caption\":\"Informe Litoral\"},\"image\":{\"@id\":\"https:\\\/\\\/informelitoral.com.ar\\\/#\\\/schema\\\/logo\\\/image\\\/\"},\"sameAs\":[\"https:\\\/\\\/www.facebook.com\\\/informelitoral\\\/\",\"https:\\\/\\\/x.com\\\/InformeLitoral\",\"https:\\\/\\\/www.instagram.com\\\/informelitoral\\\/\",\"https:\\\/\\\/www.youtube.com\\\/channel\\\/UCua4Qvz8Icb6MYqhoq9xLXw\"]},{\"@type\":\"Person\",\"@id\":\"https:\\\/\\\/informelitoral.com.ar\\\/#\\\/schema\\\/person\\\/f05f9f461677119578717524b127d6d5\",\"name\":\"Sebastian\",\"image\":{\"@type\":\"ImageObject\",\"inLanguage\":\"es\",\"@id\":\"https:\\\/\\\/secure.gravatar.com\\\/avatar\\\/b71bf7481d447dfb9583c7f2798e7cc64de6efb9067b74633ed8c31059a3bd82?s=96&d=mm&r=g\",\"url\":\"https:\\\/\\\/secure.gravatar.com\\\/avatar\\\/b71bf7481d447dfb9583c7f2798e7cc64de6efb9067b74633ed8c31059a3bd82?s=96&d=mm&r=g\",\"contentUrl\":\"https:\\\/\\\/secure.gravatar.com\\\/avatar\\\/b71bf7481d447dfb9583c7f2798e7cc64de6efb9067b74633ed8c31059a3bd82?s=96&d=mm&r=g\",\"caption\":\"Sebastian\"},\"url\":\"https:\\\/\\\/informelitoral.com.ar\\\/author\\\/sebastian\\\/\"}]}<\/script>","yoast_head_json":{"title":"Aumento de combustibles: los nuevos precios de la nafta y el gasoil en Paran\u00e1 - Informe Litoral","robots":{"index":"index","follow":"follow","max-snippet":"max-snippet:-1","max-image-preview":"max-image-preview:large","max-video-preview":"max-video-preview:-1"},"canonical":"https:\/\/informelitoral.com.ar\/aumento-de-combustibles-los-nuevos-precios-de-la-nafta-y-el-gasoil-en-parana\/","og_locale":"es_ES","og_type":"article","og_title":"Aumento de combustibles: los nuevos precios de la nafta y el gasoil en Paran\u00e1 - Informe Litoral","og_description":"La empresa YPF subi&oacute; los precios de las naftas y el gasoil en los primeros minutos de este mi&eacute;rcoles. Se trata de la primera suba del a&ntilde;o. El incremento promedia el 9 por ciento en todo el pa&iacute;s. el litro de nafta s&uacute;per pas&oacute; los 100 pesos. Los precios de YPF en Paran&aacute; La nafta [&hellip;]","og_url":"https:\/\/informelitoral.com.ar\/aumento-de-combustibles-los-nuevos-precios-de-la-nafta-y-el-gasoil-en-parana\/","og_site_name":"Informe Litoral","article_publisher":"https:\/\/www.facebook.com\/informelitoral\/","article_published_time":"2022-02-02T11:46:04+00:00","og_image":[{"width":1200,"height":600,"url":"https:\/\/informelitoral.com.ar\/%77%70%2d%63%6f%6e%74%65%6e%74\/uploads\/2016\/04\/Combustible-aumento-de-precio.jpg","type":"image\/jpeg"}],"author":"Sebastian","twitter_card":"summary_large_image","twitter_creator":"@InformeLitoral","twitter_site":"@InformeLitoral","twitter_misc":{"Escrito por":"Sebastian","Tiempo de lectura":"3 minutos"},"schema":{"@context":"https:\/\/schema.org","@graph":[{"@type":"Article","@id":"https:\/\/informelitoral.com.ar\/aumento-de-combustibles-los-nuevos-precios-de-la-nafta-y-el-gasoil-en-parana\/#article","isPartOf":{"@id":"https:\/\/informelitoral.com.ar\/aumento-de-combustibles-los-nuevos-precios-de-la-nafta-y-el-gasoil-en-parana\/"},"author":{"name":"Sebastian","@id":"https:\/\/informelitoral.com.ar\/#\/schema\/person\/f05f9f461677119578717524b127d6d5"},"headline":"Aumento de combustibles: los nuevos precios de la nafta y el gasoil en Paran\u00e1","datePublished":"2022-02-02T11:46:04+00:00","mainEntityOfPage":{"@id":"https:\/\/informelitoral.com.ar\/aumento-de-combustibles-los-nuevos-precios-de-la-nafta-y-el-gasoil-en-parana\/"},"wordCount":636,"commentCount":0,"publisher":{"@id":"https:\/\/informelitoral.com.ar\/#organization"},"image":{"@id":"https:\/\/informelitoral.com.ar\/aumento-de-combustibles-los-nuevos-precios-de-la-nafta-y-el-gasoil-en-parana\/#primaryimage"},"thumbnailUrl":"https:\/\/informelitoral.com.ar\/%77%70%2d%63%6f%6e%74%65%6e%74\/uploads\/2016\/04\/Combustible-aumento-de-precio.jpg","keywords":["Aumentos de conbustibles","precios"],"articleSection":["Econom\u00eda"],"inLanguage":"es","potentialAction":[{"@type":"CommentAction","name":"Comment","target":["https:\/\/informelitoral.com.ar\/aumento-de-combustibles-los-nuevos-precios-de-la-nafta-y-el-gasoil-en-parana\/#respond"]}]},{"@type":"WebPage","@id":"https:\/\/informelitoral.com.ar\/aumento-de-combustibles-los-nuevos-precios-de-la-nafta-y-el-gasoil-en-parana\/","url":"https:\/\/informelitoral.com.ar\/aumento-de-combustibles-los-nuevos-precios-de-la-nafta-y-el-gasoil-en-parana\/","name":"Aumento de combustibles: los nuevos precios de la nafta y el gasoil en Paran\u00e1 - Informe Litoral","isPartOf":{"@id":"https:\/\/informelitoral.com.ar\/#website"},"primaryImageOfPage":{"@id":"https:\/\/informelitoral.com.ar\/aumento-de-combustibles-los-nuevos-precios-de-la-nafta-y-el-gasoil-en-parana\/#primaryimage"},"image":{"@id":"https:\/\/informelitoral.com.ar\/aumento-de-combustibles-los-nuevos-precios-de-la-nafta-y-el-gasoil-en-parana\/#primaryimage"},"thumbnailUrl":"https:\/\/informelitoral.com.ar\/%77%70%2d%63%6f%6e%74%65%6e%74\/uploads\/2016\/04\/Combustible-aumento-de-precio.jpg","datePublished":"2022-02-02T11:46:04+00:00","breadcrumb":{"@id":"https:\/\/informelitoral.com.ar\/aumento-de-combustibles-los-nuevos-precios-de-la-nafta-y-el-gasoil-en-parana\/#breadcrumb"},"inLanguage":"es","potentialAction":[{"@type":"ReadAction","target":["https:\/\/informelitoral.com.ar\/aumento-de-combustibles-los-nuevos-precios-de-la-nafta-y-el-gasoil-en-parana\/"]}]},{"@type":"ImageObject","inLanguage":"es","@id":"https:\/\/informelitoral.com.ar\/aumento-de-combustibles-los-nuevos-precios-de-la-nafta-y-el-gasoil-en-parana\/#primaryimage","url":"https:\/\/informelitoral.com.ar\/%77%70%2d%63%6f%6e%74%65%6e%74\/uploads\/2016\/04\/Combustible-aumento-de-precio.jpg","contentUrl":"https:\/\/informelitoral.com.ar\/%77%70%2d%63%6f%6e%74%65%6e%74\/uploads\/2016\/04\/Combustible-aumento-de-precio.jpg","width":1200,"height":600},{"@type":"BreadcrumbList","@id":"https:\/\/informelitoral.com.ar\/aumento-de-combustibles-los-nuevos-precios-de-la-nafta-y-el-gasoil-en-parana\/#breadcrumb","itemListElement":[{"@type":"ListItem","position":1,"name":"Portada","item":"https:\/\/informelitoral.com.ar\/"},{"@type":"ListItem","position":2,"name":"Aumento de combustibles: los nuevos precios de la nafta y el gasoil en Paran\u00e1"}]},{"@type":"WebSite","@id":"https:\/\/informelitoral.com.ar\/#website","url":"https:\/\/informelitoral.com.ar\/","name":"Informe Litoral","description":"&quot;Nos informamos&quot; ","publisher":{"@id":"https:\/\/informelitoral.com.ar\/#organization"},"potentialAction":[{"@type":"SearchAction","target":{"@type":"EntryPoint","urlTemplate":"https:\/\/informelitoral.com.ar\/?s={search_term_string}"},"query-input":{"@type":"PropertyValueSpecification","valueRequired":true,"valueName":"search_term_string"}}],"inLanguage":"es"},{"@type":"Organization","@id":"https:\/\/informelitoral.com.ar\/#organization","name":"Informe Litoral","url":"https:\/\/informelitoral.com.ar\/","logo":{"@type":"ImageObject","inLanguage":"es","@id":"https:\/\/informelitoral.com.ar\/#\/schema\/logo\/image\/","url":"https:\/\/informelitoral.com.ar\/%77%70%2d%63%6f%6e%74%65%6e%74\/uploads\/2021\/01\/circulo.png","contentUrl":"https:\/\/informelitoral.com.ar\/%77%70%2d%63%6f%6e%74%65%6e%74\/uploads\/2021\/01\/circulo.png","width":723,"height":731,"caption":"Informe Litoral"},"image":{"@id":"https:\/\/informelitoral.com.ar\/#\/schema\/logo\/image\/"},"sameAs":["https:\/\/www.facebook.com\/informelitoral\/","https:\/\/x.com\/InformeLitoral","https:\/\/www.instagram.com\/informelitoral\/","https:\/\/www.youtube.com\/channel\/UCua4Qvz8Icb6MYqhoq9xLXw"]},{"@type":"Person","@id":"https:\/\/informelitoral.com.ar\/#\/schema\/person\/f05f9f461677119578717524b127d6d5","name":"Sebastian","image":{"@type":"ImageObject","inLanguage":"es","@id":"https:\/\/secure.gravatar.com\/avatar\/b71bf7481d447dfb9583c7f2798e7cc64de6efb9067b74633ed8c31059a3bd82?s=96&d=mm&r=g","url":"https:\/\/secure.gravatar.com\/avatar\/b71bf7481d447dfb9583c7f2798e7cc64de6efb9067b74633ed8c31059a3bd82?s=96&d=mm&r=g","contentUrl":"https:\/\/secure.gravatar.com\/avatar\/b71bf7481d447dfb9583c7f2798e7cc64de6efb9067b74633ed8c31059a3bd82?s=96&d=mm&r=g","caption":"Sebastian"},"url":"https:\/\/informelitoral.com.ar\/author\/sebastian\/"}]}},"_links":{"self":[{"href":"https:\/\/informelitoral.com.ar\/%77%70%2d%6a%73%6f%6e\/wp\/v2\/posts\/71096","targetHints":{"allow":["GET"]}}],"collection":[{"href":"https:\/\/informelitoral.com.ar\/%77%70%2d%6a%73%6f%6e\/wp\/v2\/posts"}],"about":[{"href":"https:\/\/informelitoral.com.ar\/%77%70%2d%6a%73%6f%6e\/wp\/v2\/types\/post"}],"author":[{"embeddable":true,"href":"https:\/\/informelitoral.com.ar\/%77%70%2d%6a%73%6f%6e\/wp\/v2\/users\/8"}],"replies":[{"embeddable":true,"href":"https:\/\/informelitoral.com.ar\/%77%70%2d%6a%73%6f%6e\/wp\/v2\/comments?post=71096"}],"version-history":[{"count":0,"href":"https:\/\/informelitoral.com.ar\/%77%70%2d%6a%73%6f%6e\/wp\/v2\/posts\/71096\/revisions"}],"wp:featuredmedia":[{"embeddable":true,"href":"https:\/\/informelitoral.com.ar\/%77%70%2d%6a%73%6f%6e\/wp\/v2\/media\/15613"}],"wp:attachment":[{"href":"https:\/\/informelitoral.com.ar\/%77%70%2d%6a%73%6f%6e\/wp\/v2\/media?parent=71096"}],"wp:term":[{"taxonomy":"category","embeddable":true,"href":"https:\/\/informelitoral.com.ar\/%77%70%2d%6a%73%6f%6e\/wp\/v2\/categories?post=71096"},{"taxonomy":"post_tag","embeddable":true,"href":"https:\/\/informelitoral.com.ar\/%77%70%2d%6a%73%6f%6e\/wp\/v2\/tags?post=71096"}],"curies":[{"name":"wp","href":"https:\/\/api.w.org\/{rel}","templated":true}]}}