{"id":71083,"date":"2022-02-01T18:35:52","date_gmt":"2022-02-01T21:35:52","guid":{"rendered":"https:\/\/www.informelitoral.com.ar\/?p=71083"},"modified":"2022-02-01T18:36:06","modified_gmt":"2022-02-01T21:36:06","slug":"alberto-fernandez-define-el-nuevo-presidente-de-bloque","status":"publish","type":"post","link":"https:\/\/informelitoral.com.ar\/alberto-fernandez-define-el-nuevo-presidente-de-bloque\/","title":{"rendered":"Alberto Fern\u00e1ndez define el nuevo presidente de bloque"},"content":{"rendered":"<section class=\"news-body-wrapper\">\n<div class=\"news-body-main\">\n<div id=\"note-body\" data-twitter-link=\"https:\/\/twitter.com\/intent\/tweet?url=https:\/\/www.unoentrerios.com.ar\/c2708785&amp;via=&amp;related=Uno Entre Rios&amp;text=\">\n<p><strong>El titular de la C\u00e1mara de Diputados,\u00a0Sergio Massa, anticip\u00f3 que el presidente\u00a0Alberto Fern\u00e1ndez\u00a0definir\u00e1 en las pr\u00f3ximas horas al reemplazante de\u00a0M\u00e1ximo Kirchner\u00a0al frente del bloque del Frente de Todos en la C\u00e1mara baja. Adem\u00e1s confirm\u00f3 que el acuerdo con el Fondo Monetario Internacional (FMI) pasar\u00e1 por el Congreso de la Naci\u00f3n.<\/strong><\/p>\n<\/div>\n<\/div>\n<\/section>\n<section class=\"news-body-wrapper\">\n<div class=\"news-body-main\">\n<div id=\"note-body\" data-twitter-link=\"https:\/\/twitter.com\/intent\/tweet?url=https:\/\/www.unoentrerios.com.ar\/c2708785&amp;via=&amp;related=Uno Entre Rios&amp;text=\">\n<p>\u00abTrabajamos distintos nombres, distintas alternativas para que el bloque siga trabajando de forma ordenada y cohesionada\u00bb, dijo Sergio Massa en declaraciones a la prensa tras reunirse con Alberto Fern\u00e1ndez en la residencia de Olivos. \u00abBarajamos varios nombres con el Presidente\u00bb, asegur\u00f3.<\/p>\n<p>En ese contexto, se\u00f1al\u00f3 que \u00abdecir que hay varios nombres y que despu\u00e9s el Presidente elija uno, deslegitima a los otros\u00bb.<\/p>\n<p>\u00abM\u00e1ximo (Kirchner) hizo un enorme trabajo, tiene una personalidad y un liderazgo pol\u00edtico ganado. De manera tal que el que tenga que llevar adelante ese trabajo a partir de ahora lo tiene que hacer entendiendo que tiene que buscar la cohesi\u00f3n en el Frente de Todos y adem\u00e1s, seguir adelante con el trabajo pol\u00edtico y parlamentario\u00bb, dijo Massa.<\/p>\n<p>Asimismo, expres\u00f3 que \u00abel trabajo de estos dos a\u00f1os desde el punto de vista de los resultados para el Gobierno y en el \u00e9xito de las leyes que impulsamos, hab\u00eda sido importante\u00bb.<\/p>\n<p>Consultado sobre si hay riesgo de fractura en el bloque oficialista tras la renuncia de M\u00e1ximo Kirchner, asegur\u00f3 que \u00abno\u00bb y manifest\u00f3 que \u00abla misma carta del entonces presidente del bloque est\u00e1 planteando que lo que hay es una unificaci\u00f3n del bloque m\u00e1s all\u00e1 de los matices que pueda haber en torno de un tema u otro\u00bb.<\/p>\n<p>\u00abTengo una muy buena relaci\u00f3n con M\u00e1ximo, hoy habl\u00e9 con \u00e9l varias veces, ayer tambi\u00e9n\u00bb, dijo.<\/p>\n<p>En esa l\u00ednea, expres\u00f3 que le parece que \u00abuna cosa es la discusi\u00f3n interna que pueda tener una coalici\u00f3n de gobierno y otra cosa son los temas en los que el pa\u00eds est\u00e1 en juego\u00bb y asegur\u00f3: \u00abEn eso tenemos que tener una mirada de hombres de Estado\u00bb.<\/p>\n<p>\u00abAhora tenemos que resolver un tema operativo que es c\u00f3mo salir adelante\u00bb, advirti\u00f3 y se\u00f1al\u00f3 que \u00abno se trata de reemplazar a cualquier dirigente, sino a un dirigente que tiene tama\u00f1o pol\u00edtico y peso dentro del Frente de Todos\u00bb.<\/p>\n<p>Massa tambi\u00e9n fue consultado sobre si el acuerdo con el FMI debe pasar por el Congreso de la Naci\u00f3n y sostuvo que \u00abs\u00ed, claramente\u00bb.<\/p>\n<p>\u00abEl cronograma lo define primero la propia din\u00e1mica de la negociaci\u00f3n que tiene el staff t\u00e9cnico del Fondo con el Ministerio de Econom\u00eda\u00bb, explic\u00f3 y precis\u00f3 que \u00aben segundo lugar, eso tiene que tener un primer memor\u00e1ndum de entendimiento y posteriormente, un aval del parlamento\u00bb.<\/p>\n<\/div>\n<\/div>\n<\/section>\n","protected":false},"excerpt":{"rendered":"<p>Sergio Massa dijo que en pr\u00f3ximas horas se decidir\u00e1 nuevo presidente del bloque del Frente de Todos, en reemplazo de M\u00e1ximo Kirchner.<\/p>\n","protected":false},"author":8,"featured_media":71084,"comment_status":"open","ping_status":"open","sticky":false,"template":"","format":"standard","meta":{"fifu_image_url":"","fifu_image_alt":"","footnotes":""},"categories":[16],"tags":[1311,2062,1887,3058],"class_list":{"0":"post-71083","1":"post","2":"type-post","3":"status-publish","4":"format-standard","5":"has-post-thumbnail","7":"category-politi","8":"tag-alberto-fernandez","9":"tag-frente-de-todos","10":"tag-maximo-kirchner","11":"tag-presidente-de-bloque"},"yoast_head":"<title>Alberto Fern\u00e1ndez define el nuevo presidente de bloque - Informe Litoral<\/title>\n<meta name=\"robots\" content=\"index, follow, max-snippet:-1, max-image-preview:large, max-video-preview:-1\" \/>\n<link rel=\"canonical\" href=\"https:\/\/informelitoral.com.ar\/alberto-fernandez-define-el-nuevo-presidente-de-bloque\/\" \/>\n<meta property=\"og:locale\" content=\"es_ES\" \/>\n<meta property=\"og:type\" content=\"article\" \/>\n<meta property=\"og:title\" content=\"Alberto Fern\u00e1ndez define el nuevo presidente de bloque - Informe Litoral\" \/>\n<meta property=\"og:description\" content=\"Sergio Massa dijo que en pr\u00f3ximas horas se decidir\u00e1 nuevo presidente del bloque del Frente de Todos, en reemplazo de M\u00e1ximo Kirchner.\" \/>\n<meta property=\"og:url\" content=\"https:\/\/informelitoral.com.ar\/alberto-fernandez-define-el-nuevo-presidente-de-bloque\/\" \/>\n<meta property=\"og:site_name\" content=\"Informe Litoral\" \/>\n<meta property=\"article:publisher\" content=\"https:\/\/www.facebook.com\/informelitoral\/\" \/>\n<meta property=\"article:published_time\" content=\"2022-02-01T21:35:52+00:00\" \/>\n<meta property=\"article:modified_time\" content=\"2022-02-01T21:36:06+00:00\" \/>\n<meta property=\"og:image\" content=\"https:\/\/informelitoral.com.ar\/%77%70%2d%63%6f%6e%74%65%6e%74\/uploads\/2022\/02\/alberto-fernandez-massajpg.jpg\" \/>\n\t<meta property=\"og:image:width\" content=\"642\" \/>\n\t<meta property=\"og:image:height\" content=\"361\" \/>\n\t<meta property=\"og:image:type\" content=\"image\/jpeg\" \/>\n<meta name=\"author\" content=\"Sebastian\" \/>\n<meta name=\"twitter:card\" content=\"summary_large_image\" \/>\n<meta name=\"twitter:creator\" content=\"@InformeLitoral\" \/>\n<meta name=\"twitter:site\" content=\"@InformeLitoral\" \/>\n<meta name=\"twitter:label1\" content=\"Escrito por\" \/>\n\t<meta name=\"twitter:data1\" content=\"Sebastian\" \/>\n\t<meta name=\"twitter:label2\" content=\"Tiempo de lectura\" \/>\n\t<meta name=\"twitter:data2\" content=\"2 minutos\" \/>\n<script type=\"application\/ld+json\" class=\"yoast-schema-graph\">{\"@context\":\"https:\\\/\\\/schema.org\",\"@graph\":[{\"@type\":\"Article\",\"@id\":\"https:\\\/\\\/informelitoral.com.ar\\\/alberto-fernandez-define-el-nuevo-presidente-de-bloque\\\/#article\",\"isPartOf\":{\"@id\":\"https:\\\/\\\/informelitoral.com.ar\\\/alberto-fernandez-define-el-nuevo-presidente-de-bloque\\\/\"},\"author\":{\"name\":\"Sebastian\",\"@id\":\"https:\\\/\\\/informelitoral.com.ar\\\/#\\\/schema\\\/person\\\/f05f9f461677119578717524b127d6d5\"},\"headline\":\"Alberto Fern\u00e1ndez define el nuevo presidente de bloque\",\"datePublished\":\"2022-02-01T21:35:52+00:00\",\"dateModified\":\"2022-02-01T21:36:06+00:00\",\"mainEntityOfPage\":{\"@id\":\"https:\\\/\\\/informelitoral.com.ar\\\/alberto-fernandez-define-el-nuevo-presidente-de-bloque\\\/\"},\"wordCount\":483,\"commentCount\":0,\"publisher\":{\"@id\":\"https:\\\/\\\/informelitoral.com.ar\\\/#organization\"},\"image\":{\"@id\":\"https:\\\/\\\/informelitoral.com.ar\\\/alberto-fernandez-define-el-nuevo-presidente-de-bloque\\\/#primaryimage\"},\"thumbnailUrl\":\"https:\\\/\\\/informelitoral.com.ar\\\/%77%70%2d%63%6f%6e%74%65%6e%74\\\/uploads\\\/2022\\\/02\\\/alberto-fernandez-massajpg.jpg\",\"keywords\":[\"Alberto Fern\u00e1ndez\",\"Frente De Todos\",\"M\u00e1ximo Kirchner\",\"Presidente de bloque\"],\"articleSection\":[\"Politica\"],\"inLanguage\":\"es\",\"potentialAction\":[{\"@type\":\"CommentAction\",\"name\":\"Comment\",\"target\":[\"https:\\\/\\\/informelitoral.com.ar\\\/alberto-fernandez-define-el-nuevo-presidente-de-bloque\\\/#respond\"]}]},{\"@type\":\"WebPage\",\"@id\":\"https:\\\/\\\/informelitoral.com.ar\\\/alberto-fernandez-define-el-nuevo-presidente-de-bloque\\\/\",\"url\":\"https:\\\/\\\/informelitoral.com.ar\\\/alberto-fernandez-define-el-nuevo-presidente-de-bloque\\\/\",\"name\":\"Alberto Fern\u00e1ndez define el nuevo presidente de bloque - Informe Litoral\",\"isPartOf\":{\"@id\":\"https:\\\/\\\/informelitoral.com.ar\\\/#website\"},\"primaryImageOfPage\":{\"@id\":\"https:\\\/\\\/informelitoral.com.ar\\\/alberto-fernandez-define-el-nuevo-presidente-de-bloque\\\/#primaryimage\"},\"image\":{\"@id\":\"https:\\\/\\\/informelitoral.com.ar\\\/alberto-fernandez-define-el-nuevo-presidente-de-bloque\\\/#primaryimage\"},\"thumbnailUrl\":\"https:\\\/\\\/informelitoral.com.ar\\\/%77%70%2d%63%6f%6e%74%65%6e%74\\\/uploads\\\/2022\\\/02\\\/alberto-fernandez-massajpg.jpg\",\"datePublished\":\"2022-02-01T21:35:52+00:00\",\"dateModified\":\"2022-02-01T21:36:06+00:00\",\"breadcrumb\":{\"@id\":\"https:\\\/\\\/informelitoral.com.ar\\\/alberto-fernandez-define-el-nuevo-presidente-de-bloque\\\/#breadcrumb\"},\"inLanguage\":\"es\",\"potentialAction\":[{\"@type\":\"ReadAction\",\"target\":[\"https:\\\/\\\/informelitoral.com.ar\\\/alberto-fernandez-define-el-nuevo-presidente-de-bloque\\\/\"]}]},{\"@type\":\"ImageObject\",\"inLanguage\":\"es\",\"@id\":\"https:\\\/\\\/informelitoral.com.ar\\\/alberto-fernandez-define-el-nuevo-presidente-de-bloque\\\/#primaryimage\",\"url\":\"https:\\\/\\\/informelitoral.com.ar\\\/%77%70%2d%63%6f%6e%74%65%6e%74\\\/uploads\\\/2022\\\/02\\\/alberto-fernandez-massajpg.jpg\",\"contentUrl\":\"https:\\\/\\\/informelitoral.com.ar\\\/%77%70%2d%63%6f%6e%74%65%6e%74\\\/uploads\\\/2022\\\/02\\\/alberto-fernandez-massajpg.jpg\",\"width\":642,\"height\":361},{\"@type\":\"BreadcrumbList\",\"@id\":\"https:\\\/\\\/informelitoral.com.ar\\\/alberto-fernandez-define-el-nuevo-presidente-de-bloque\\\/#breadcrumb\",\"itemListElement\":[{\"@type\":\"ListItem\",\"position\":1,\"name\":\"Portada\",\"item\":\"https:\\\/\\\/informelitoral.com.ar\\\/\"},{\"@type\":\"ListItem\",\"position\":2,\"name\":\"Alberto Fern\u00e1ndez define el nuevo presidente de bloque\"}]},{\"@type\":\"WebSite\",\"@id\":\"https:\\\/\\\/informelitoral.com.ar\\\/#website\",\"url\":\"https:\\\/\\\/informelitoral.com.ar\\\/\",\"name\":\"Informe Litoral\",\"description\":\"&quot;Nos informamos&quot; \",\"publisher\":{\"@id\":\"https:\\\/\\\/informelitoral.com.ar\\\/#organization\"},\"potentialAction\":[{\"@type\":\"SearchAction\",\"target\":{\"@type\":\"EntryPoint\",\"urlTemplate\":\"https:\\\/\\\/informelitoral.com.ar\\\/?s={search_term_string}\"},\"query-input\":{\"@type\":\"PropertyValueSpecification\",\"valueRequired\":true,\"valueName\":\"search_term_string\"}}],\"inLanguage\":\"es\"},{\"@type\":\"Organization\",\"@id\":\"https:\\\/\\\/informelitoral.com.ar\\\/#organization\",\"name\":\"Informe Litoral\",\"url\":\"https:\\\/\\\/informelitoral.com.ar\\\/\",\"logo\":{\"@type\":\"ImageObject\",\"inLanguage\":\"es\",\"@id\":\"https:\\\/\\\/informelitoral.com.ar\\\/#\\\/schema\\\/logo\\\/image\\\/\",\"url\":\"https:\\\/\\\/informelitoral.com.ar\\\/%77%70%2d%63%6f%6e%74%65%6e%74\\\/uploads\\\/2021\\\/01\\\/circulo.png\",\"contentUrl\":\"https:\\\/\\\/informelitoral.com.ar\\\/%77%70%2d%63%6f%6e%74%65%6e%74\\\/uploads\\\/2021\\\/01\\\/circulo.png\",\"width\":723,\"height\":731,\"caption\":\"Informe Litoral\"},\"image\":{\"@id\":\"https:\\\/\\\/informelitoral.com.ar\\\/#\\\/schema\\\/logo\\\/image\\\/\"},\"sameAs\":[\"https:\\\/\\\/www.facebook.com\\\/informelitoral\\\/\",\"https:\\\/\\\/x.com\\\/InformeLitoral\",\"https:\\\/\\\/www.instagram.com\\\/informelitoral\\\/\",\"https:\\\/\\\/www.youtube.com\\\/channel\\\/UCua4Qvz8Icb6MYqhoq9xLXw\"]},{\"@type\":\"Person\",\"@id\":\"https:\\\/\\\/informelitoral.com.ar\\\/#\\\/schema\\\/person\\\/f05f9f461677119578717524b127d6d5\",\"name\":\"Sebastian\",\"image\":{\"@type\":\"ImageObject\",\"inLanguage\":\"es\",\"@id\":\"https:\\\/\\\/secure.gravatar.com\\\/avatar\\\/b71bf7481d447dfb9583c7f2798e7cc64de6efb9067b74633ed8c31059a3bd82?s=96&d=mm&r=g\",\"url\":\"https:\\\/\\\/secure.gravatar.com\\\/avatar\\\/b71bf7481d447dfb9583c7f2798e7cc64de6efb9067b74633ed8c31059a3bd82?s=96&d=mm&r=g\",\"contentUrl\":\"https:\\\/\\\/secure.gravatar.com\\\/avatar\\\/b71bf7481d447dfb9583c7f2798e7cc64de6efb9067b74633ed8c31059a3bd82?s=96&d=mm&r=g\",\"caption\":\"Sebastian\"},\"url\":\"https:\\\/\\\/informelitoral.com.ar\\\/author\\\/sebastian\\\/\"}]}<\/script>","yoast_head_json":{"title":"Alberto Fern\u00e1ndez define el nuevo presidente de bloque - Informe Litoral","robots":{"index":"index","follow":"follow","max-snippet":"max-snippet:-1","max-image-preview":"max-image-preview:large","max-video-preview":"max-video-preview:-1"},"canonical":"https:\/\/informelitoral.com.ar\/alberto-fernandez-define-el-nuevo-presidente-de-bloque\/","og_locale":"es_ES","og_type":"article","og_title":"Alberto Fern\u00e1ndez define el nuevo presidente de bloque - Informe Litoral","og_description":"Sergio Massa dijo que en pr\u00f3ximas horas se decidir\u00e1 nuevo presidente del bloque del Frente de Todos, en reemplazo de M\u00e1ximo Kirchner.","og_url":"https:\/\/informelitoral.com.ar\/alberto-fernandez-define-el-nuevo-presidente-de-bloque\/","og_site_name":"Informe Litoral","article_publisher":"https:\/\/www.facebook.com\/informelitoral\/","article_published_time":"2022-02-01T21:35:52+00:00","article_modified_time":"2022-02-01T21:36:06+00:00","og_image":[{"width":642,"height":361,"url":"https:\/\/informelitoral.com.ar\/%77%70%2d%63%6f%6e%74%65%6e%74\/uploads\/2022\/02\/alberto-fernandez-massajpg.jpg","type":"image\/jpeg"}],"author":"Sebastian","twitter_card":"summary_large_image","twitter_creator":"@InformeLitoral","twitter_site":"@InformeLitoral","twitter_misc":{"Escrito por":"Sebastian","Tiempo de lectura":"2 minutos"},"schema":{"@context":"https:\/\/schema.org","@graph":[{"@type":"Article","@id":"https:\/\/informelitoral.com.ar\/alberto-fernandez-define-el-nuevo-presidente-de-bloque\/#article","isPartOf":{"@id":"https:\/\/informelitoral.com.ar\/alberto-fernandez-define-el-nuevo-presidente-de-bloque\/"},"author":{"name":"Sebastian","@id":"https:\/\/informelitoral.com.ar\/#\/schema\/person\/f05f9f461677119578717524b127d6d5"},"headline":"Alberto Fern\u00e1ndez define el nuevo presidente de bloque","datePublished":"2022-02-01T21:35:52+00:00","dateModified":"2022-02-01T21:36:06+00:00","mainEntityOfPage":{"@id":"https:\/\/informelitoral.com.ar\/alberto-fernandez-define-el-nuevo-presidente-de-bloque\/"},"wordCount":483,"commentCount":0,"publisher":{"@id":"https:\/\/informelitoral.com.ar\/#organization"},"image":{"@id":"https:\/\/informelitoral.com.ar\/alberto-fernandez-define-el-nuevo-presidente-de-bloque\/#primaryimage"},"thumbnailUrl":"https:\/\/informelitoral.com.ar\/%77%70%2d%63%6f%6e%74%65%6e%74\/uploads\/2022\/02\/alberto-fernandez-massajpg.jpg","keywords":["Alberto Fern\u00e1ndez","Frente De Todos","M\u00e1ximo Kirchner","Presidente de bloque"],"articleSection":["Politica"],"inLanguage":"es","potentialAction":[{"@type":"CommentAction","name":"Comment","target":["https:\/\/informelitoral.com.ar\/alberto-fernandez-define-el-nuevo-presidente-de-bloque\/#respond"]}]},{"@type":"WebPage","@id":"https:\/\/informelitoral.com.ar\/alberto-fernandez-define-el-nuevo-presidente-de-bloque\/","url":"https:\/\/informelitoral.com.ar\/alberto-fernandez-define-el-nuevo-presidente-de-bloque\/","name":"Alberto Fern\u00e1ndez define el nuevo presidente de bloque - Informe Litoral","isPartOf":{"@id":"https:\/\/informelitoral.com.ar\/#website"},"primaryImageOfPage":{"@id":"https:\/\/informelitoral.com.ar\/alberto-fernandez-define-el-nuevo-presidente-de-bloque\/#primaryimage"},"image":{"@id":"https:\/\/informelitoral.com.ar\/alberto-fernandez-define-el-nuevo-presidente-de-bloque\/#primaryimage"},"thumbnailUrl":"https:\/\/informelitoral.com.ar\/%77%70%2d%63%6f%6e%74%65%6e%74\/uploads\/2022\/02\/alberto-fernandez-massajpg.jpg","datePublished":"2022-02-01T21:35:52+00:00","dateModified":"2022-02-01T21:36:06+00:00","breadcrumb":{"@id":"https:\/\/informelitoral.com.ar\/alberto-fernandez-define-el-nuevo-presidente-de-bloque\/#breadcrumb"},"inLanguage":"es","potentialAction":[{"@type":"ReadAction","target":["https:\/\/informelitoral.com.ar\/alberto-fernandez-define-el-nuevo-presidente-de-bloque\/"]}]},{"@type":"ImageObject","inLanguage":"es","@id":"https:\/\/informelitoral.com.ar\/alberto-fernandez-define-el-nuevo-presidente-de-bloque\/#primaryimage","url":"https:\/\/informelitoral.com.ar\/%77%70%2d%63%6f%6e%74%65%6e%74\/uploads\/2022\/02\/alberto-fernandez-massajpg.jpg","contentUrl":"https:\/\/informelitoral.com.ar\/%77%70%2d%63%6f%6e%74%65%6e%74\/uploads\/2022\/02\/alberto-fernandez-massajpg.jpg","width":642,"height":361},{"@type":"BreadcrumbList","@id":"https:\/\/informelitoral.com.ar\/alberto-fernandez-define-el-nuevo-presidente-de-bloque\/#breadcrumb","itemListElement":[{"@type":"ListItem","position":1,"name":"Portada","item":"https:\/\/informelitoral.com.ar\/"},{"@type":"ListItem","position":2,"name":"Alberto Fern\u00e1ndez define el nuevo presidente de bloque"}]},{"@type":"WebSite","@id":"https:\/\/informelitoral.com.ar\/#website","url":"https:\/\/informelitoral.com.ar\/","name":"Informe Litoral","description":"&quot;Nos informamos&quot; ","publisher":{"@id":"https:\/\/informelitoral.com.ar\/#organization"},"potentialAction":[{"@type":"SearchAction","target":{"@type":"EntryPoint","urlTemplate":"https:\/\/informelitoral.com.ar\/?s={search_term_string}"},"query-input":{"@type":"PropertyValueSpecification","valueRequired":true,"valueName":"search_term_string"}}],"inLanguage":"es"},{"@type":"Organization","@id":"https:\/\/informelitoral.com.ar\/#organization","name":"Informe Litoral","url":"https:\/\/informelitoral.com.ar\/","logo":{"@type":"ImageObject","inLanguage":"es","@id":"https:\/\/informelitoral.com.ar\/#\/schema\/logo\/image\/","url":"https:\/\/informelitoral.com.ar\/%77%70%2d%63%6f%6e%74%65%6e%74\/uploads\/2021\/01\/circulo.png","contentUrl":"https:\/\/informelitoral.com.ar\/%77%70%2d%63%6f%6e%74%65%6e%74\/uploads\/2021\/01\/circulo.png","width":723,"height":731,"caption":"Informe Litoral"},"image":{"@id":"https:\/\/informelitoral.com.ar\/#\/schema\/logo\/image\/"},"sameAs":["https:\/\/www.facebook.com\/informelitoral\/","https:\/\/x.com\/InformeLitoral","https:\/\/www.instagram.com\/informelitoral\/","https:\/\/www.youtube.com\/channel\/UCua4Qvz8Icb6MYqhoq9xLXw"]},{"@type":"Person","@id":"https:\/\/informelitoral.com.ar\/#\/schema\/person\/f05f9f461677119578717524b127d6d5","name":"Sebastian","image":{"@type":"ImageObject","inLanguage":"es","@id":"https:\/\/secure.gravatar.com\/avatar\/b71bf7481d447dfb9583c7f2798e7cc64de6efb9067b74633ed8c31059a3bd82?s=96&d=mm&r=g","url":"https:\/\/secure.gravatar.com\/avatar\/b71bf7481d447dfb9583c7f2798e7cc64de6efb9067b74633ed8c31059a3bd82?s=96&d=mm&r=g","contentUrl":"https:\/\/secure.gravatar.com\/avatar\/b71bf7481d447dfb9583c7f2798e7cc64de6efb9067b74633ed8c31059a3bd82?s=96&d=mm&r=g","caption":"Sebastian"},"url":"https:\/\/informelitoral.com.ar\/author\/sebastian\/"}]}},"_links":{"self":[{"href":"https:\/\/informelitoral.com.ar\/%77%70%2d%6a%73%6f%6e\/wp\/v2\/posts\/71083","targetHints":{"allow":["GET"]}}],"collection":[{"href":"https:\/\/informelitoral.com.ar\/%77%70%2d%6a%73%6f%6e\/wp\/v2\/posts"}],"about":[{"href":"https:\/\/informelitoral.com.ar\/%77%70%2d%6a%73%6f%6e\/wp\/v2\/types\/post"}],"author":[{"embeddable":true,"href":"https:\/\/informelitoral.com.ar\/%77%70%2d%6a%73%6f%6e\/wp\/v2\/users\/8"}],"replies":[{"embeddable":true,"href":"https:\/\/informelitoral.com.ar\/%77%70%2d%6a%73%6f%6e\/wp\/v2\/comments?post=71083"}],"version-history":[{"count":0,"href":"https:\/\/informelitoral.com.ar\/%77%70%2d%6a%73%6f%6e\/wp\/v2\/posts\/71083\/revisions"}],"wp:featuredmedia":[{"embeddable":true,"href":"https:\/\/informelitoral.com.ar\/%77%70%2d%6a%73%6f%6e\/wp\/v2\/media\/71084"}],"wp:attachment":[{"href":"https:\/\/informelitoral.com.ar\/%77%70%2d%6a%73%6f%6e\/wp\/v2\/media?parent=71083"}],"wp:term":[{"taxonomy":"category","embeddable":true,"href":"https:\/\/informelitoral.com.ar\/%77%70%2d%6a%73%6f%6e\/wp\/v2\/categories?post=71083"},{"taxonomy":"post_tag","embeddable":true,"href":"https:\/\/informelitoral.com.ar\/%77%70%2d%6a%73%6f%6e\/wp\/v2\/tags?post=71083"}],"curies":[{"name":"wp","href":"https:\/\/api.w.org\/{rel}","templated":true}]}}