{"id":71035,"date":"2022-02-01T08:31:19","date_gmt":"2022-02-01T11:31:19","guid":{"rendered":"https:\/\/www.informelitoral.com.ar\/?p=71035"},"modified":"2022-03-05T19:41:00","modified_gmt":"2022-03-05T22:41:00","slug":"avanzan-las-gestiones-para-el-financiamiento-de-la-nueva-sub-estacion-transformadora-de-ramirez","status":"publish","type":"post","link":"https:\/\/informelitoral.com.ar\/avanzan-las-gestiones-para-el-financiamiento-de-la-nueva-sub-estacion-transformadora-de-ramirez\/","title":{"rendered":"Avanzan las gestiones para el financiamiento de la nueva Sub Estaci\u00f3n Transformadora de Ram\u00edrez"},"content":{"rendered":"<p>Esta obra permitir\u00e1 mejorar el suministro el\u00e9ctrico en una amplia zona del departamento Nogoy\u00e1.<\/p>\n<p>La secretaria de Energ\u00eda, Silvina Guerra, y el Coordinador de Cooperativas El\u00e9ctricas, Mart\u00edn Campagnoni, recibieron a las autoridades de la Cooperativa de Servicios P\u00fablicos Gral. Jos\u00e9 de San Mart\u00edn Ltda., para informar los avances en la gesti\u00f3n de un cr\u00e9dito que permitir\u00e1 financiar una nueva Sub Estaci\u00f3n Transformadora en la localidad de General Ram\u00edrez.<\/p>\n<p>El monto de la financiaci\u00f3n asciende a $29.584.822,20, que ser\u00e1n afrontados con fondos provenientes Fondo Especial Desarrollo El\u00e9ctrico del Interior (Fedei), una l\u00ednea de cr\u00e9dito que el gobierno nacional pone a disposici\u00f3n de las Cooperativas El\u00e9ctricas de todo el pa\u00eds, que se gestionan a trav\u00e9s de Consejo Federal de Energ\u00eda El\u00e9ctrica, v\u00eda los organismos jurisdiccionales de cada provincia, en este caso, la Secretar\u00eda Ministerial de Energ\u00eda de Entre R\u00edos.<\/p>\n<p>Guerra, luego del encuentro, destac\u00f3: \u201cLa obra que hoy est\u00e1 m\u00e1s cerca de concretarse, se inicia como un requerimiento de la Cooperativa El\u00e9ctrica General San Mart\u00edn, para brindar una mejor calidad de servicio en toda su zona de concesi\u00f3n, que viene experimentando un crecimiento y expansi\u00f3n que hace necesaria esta inversi\u00f3n de parte del Estado. Tal cual es el par\u00e1metro de gesti\u00f3n que nos ha transmitido el Gobernador Bordet, nuestra misi\u00f3n es acompa\u00f1ar este tipo de pedidos que redunda en beneficios para el sector productivo, poniendo toda la estructura del Estado a disposici\u00f3n y con el fin de que esta gesti\u00f3n llegue a buen t\u00e9rmino\u201d.<\/p>\n<p>Por su parte, el Coordinador de Cooperativas, Campagnoni, indic\u00f3: \u201ceste tipo de desarrollo del sector industrial, pone de manifiesto la reactivaci\u00f3n econ\u00f3mica y la necesidad de algunas obras de infraestructura el\u00e9ctrica, que se vuelven imprescindibles para acompa\u00f1ar el crecimiento productivo\u201d.<\/p>\n<h4><strong>Sobre la obra<\/strong><\/h4>\n<p>Se trata de la construcci\u00f3n de una nueva Sub Estaci\u00f3n Transformadora de 33\/13,2 kV, con dos campos transformadores de 2 MVA cada uno, que reemplazar\u00e1 la actual \u201cSET Ram\u00edrez\u201d, para mejorar el suministro a un amplio sector del concesionado a la Cooperativa, que comprende unas 110.000 hect\u00e1reas de los departamentos Nogoy\u00e1 y Paran\u00e1 Campa\u00f1a.<\/p>\n<p>En total, se beneficiar\u00e1 con mejor calidad de suministro a unos 850 usuarios rurales.<\/p>\n","protected":false},"excerpt":{"rendered":"<p>A trav\u00e9s de la Secretar\u00eda de Energ\u00eda, la Cooperativa de Energ\u00eda El\u00e9ctrica General San Mart\u00edn accedi\u00f3 a una financiaci\u00f3n cercana a los 30 millones de pesos para la construcci\u00f3n de una Nueva Sub Estaci\u00f3n Transformadora en la localidad de General Ram\u00edrez.<\/p>\n","protected":false},"author":8,"featured_media":71036,"comment_status":"open","ping_status":"open","sticky":false,"template":"","format":"standard","meta":{"fifu_image_url":"","fifu_image_alt":"","footnotes":""},"categories":[5],"tags":[3049,556,2109],"class_list":{"0":"post-71035","1":"post","2":"type-post","3":"status-publish","4":"format-standard","5":"has-post-thumbnail","7":"category-zonales","8":"tag-estacion-de-transformadores","9":"tag-general-ramirez","10":"tag-gestion"},"yoast_head":"<title>Avanzan las gestiones para el financiamiento de la nueva Sub Estaci\u00f3n Transformadora de Ram\u00edrez - Informe Litoral<\/title>\n<meta name=\"robots\" content=\"index, follow, max-snippet:-1, max-image-preview:large, max-video-preview:-1\" \/>\n<link rel=\"canonical\" href=\"https:\/\/informelitoral.com.ar\/avanzan-las-gestiones-para-el-financiamiento-de-la-nueva-sub-estacion-transformadora-de-ramirez\/\" \/>\n<meta property=\"og:locale\" content=\"es_ES\" \/>\n<meta property=\"og:type\" content=\"article\" \/>\n<meta property=\"og:title\" content=\"Avanzan las gestiones para el financiamiento de la nueva Sub Estaci\u00f3n Transformadora de Ram\u00edrez - Informe Litoral\" \/>\n<meta property=\"og:description\" content=\"A trav\u00e9s de la Secretar\u00eda de Energ\u00eda, la Cooperativa de Energ\u00eda El\u00e9ctrica General San Mart\u00edn accedi\u00f3 a una financiaci\u00f3n cercana a los 30 millones de pesos para la construcci\u00f3n de una Nueva Sub Estaci\u00f3n Transformadora en la localidad de General Ram\u00edrez.\" \/>\n<meta property=\"og:url\" content=\"https:\/\/informelitoral.com.ar\/avanzan-las-gestiones-para-el-financiamiento-de-la-nueva-sub-estacion-transformadora-de-ramirez\/\" \/>\n<meta property=\"og:site_name\" content=\"Informe Litoral\" \/>\n<meta property=\"article:publisher\" content=\"https:\/\/www.facebook.com\/informelitoral\/\" \/>\n<meta property=\"article:published_time\" content=\"2022-02-01T11:31:19+00:00\" \/>\n<meta property=\"article:modified_time\" content=\"2022-03-05T22:41:00+00:00\" \/>\n<meta property=\"og:image\" content=\"https:\/\/informelitoral.com.ar\/%77%70%2d%63%6f%6e%74%65%6e%74\/uploads\/2022\/02\/p_1643644702.jpg\" \/>\n\t<meta property=\"og:image:width\" content=\"1920\" \/>\n\t<meta property=\"og:image:height\" content=\"800\" \/>\n\t<meta property=\"og:image:type\" content=\"image\/jpeg\" \/>\n<meta name=\"author\" content=\"Sebastian\" \/>\n<meta name=\"twitter:card\" content=\"summary_large_image\" \/>\n<meta name=\"twitter:creator\" content=\"@InformeLitoral\" \/>\n<meta name=\"twitter:site\" content=\"@InformeLitoral\" \/>\n<meta name=\"twitter:label1\" content=\"Escrito por\" \/>\n\t<meta name=\"twitter:data1\" content=\"Sebastian\" \/>\n\t<meta name=\"twitter:label2\" content=\"Tiempo de lectura\" \/>\n\t<meta name=\"twitter:data2\" content=\"2 minutos\" \/>\n<script type=\"application\/ld+json\" class=\"yoast-schema-graph\">{\"@context\":\"https:\\\/\\\/schema.org\",\"@graph\":[{\"@type\":\"Article\",\"@id\":\"https:\\\/\\\/informelitoral.com.ar\\\/avanzan-las-gestiones-para-el-financiamiento-de-la-nueva-sub-estacion-transformadora-de-ramirez\\\/#article\",\"isPartOf\":{\"@id\":\"https:\\\/\\\/informelitoral.com.ar\\\/avanzan-las-gestiones-para-el-financiamiento-de-la-nueva-sub-estacion-transformadora-de-ramirez\\\/\"},\"author\":{\"name\":\"Sebastian\",\"@id\":\"https:\\\/\\\/informelitoral.com.ar\\\/#\\\/schema\\\/person\\\/f05f9f461677119578717524b127d6d5\"},\"headline\":\"Avanzan las gestiones para el financiamiento de la nueva Sub Estaci\u00f3n Transformadora de Ram\u00edrez\",\"datePublished\":\"2022-02-01T11:31:19+00:00\",\"dateModified\":\"2022-03-05T22:41:00+00:00\",\"mainEntityOfPage\":{\"@id\":\"https:\\\/\\\/informelitoral.com.ar\\\/avanzan-las-gestiones-para-el-financiamiento-de-la-nueva-sub-estacion-transformadora-de-ramirez\\\/\"},\"wordCount\":411,\"commentCount\":0,\"publisher\":{\"@id\":\"https:\\\/\\\/informelitoral.com.ar\\\/#organization\"},\"image\":{\"@id\":\"https:\\\/\\\/informelitoral.com.ar\\\/avanzan-las-gestiones-para-el-financiamiento-de-la-nueva-sub-estacion-transformadora-de-ramirez\\\/#primaryimage\"},\"thumbnailUrl\":\"https:\\\/\\\/informelitoral.com.ar\\\/%77%70%2d%63%6f%6e%74%65%6e%74\\\/uploads\\\/2022\\\/02\\\/p_1643644702.jpg\",\"keywords\":[\"Estaci\u00f3n de transformadores\",\"General Ram\u00edrez\",\"Gesti\u00f3n\"],\"articleSection\":[\"Departamento Diamante\"],\"inLanguage\":\"es\",\"potentialAction\":[{\"@type\":\"CommentAction\",\"name\":\"Comment\",\"target\":[\"https:\\\/\\\/informelitoral.com.ar\\\/avanzan-las-gestiones-para-el-financiamiento-de-la-nueva-sub-estacion-transformadora-de-ramirez\\\/#respond\"]}]},{\"@type\":\"WebPage\",\"@id\":\"https:\\\/\\\/informelitoral.com.ar\\\/avanzan-las-gestiones-para-el-financiamiento-de-la-nueva-sub-estacion-transformadora-de-ramirez\\\/\",\"url\":\"https:\\\/\\\/informelitoral.com.ar\\\/avanzan-las-gestiones-para-el-financiamiento-de-la-nueva-sub-estacion-transformadora-de-ramirez\\\/\",\"name\":\"Avanzan las gestiones para el financiamiento de la nueva Sub Estaci\u00f3n Transformadora de Ram\u00edrez - Informe Litoral\",\"isPartOf\":{\"@id\":\"https:\\\/\\\/informelitoral.com.ar\\\/#website\"},\"primaryImageOfPage\":{\"@id\":\"https:\\\/\\\/informelitoral.com.ar\\\/avanzan-las-gestiones-para-el-financiamiento-de-la-nueva-sub-estacion-transformadora-de-ramirez\\\/#primaryimage\"},\"image\":{\"@id\":\"https:\\\/\\\/informelitoral.com.ar\\\/avanzan-las-gestiones-para-el-financiamiento-de-la-nueva-sub-estacion-transformadora-de-ramirez\\\/#primaryimage\"},\"thumbnailUrl\":\"https:\\\/\\\/informelitoral.com.ar\\\/%77%70%2d%63%6f%6e%74%65%6e%74\\\/uploads\\\/2022\\\/02\\\/p_1643644702.jpg\",\"datePublished\":\"2022-02-01T11:31:19+00:00\",\"dateModified\":\"2022-03-05T22:41:00+00:00\",\"breadcrumb\":{\"@id\":\"https:\\\/\\\/informelitoral.com.ar\\\/avanzan-las-gestiones-para-el-financiamiento-de-la-nueva-sub-estacion-transformadora-de-ramirez\\\/#breadcrumb\"},\"inLanguage\":\"es\",\"potentialAction\":[{\"@type\":\"ReadAction\",\"target\":[\"https:\\\/\\\/informelitoral.com.ar\\\/avanzan-las-gestiones-para-el-financiamiento-de-la-nueva-sub-estacion-transformadora-de-ramirez\\\/\"]}]},{\"@type\":\"ImageObject\",\"inLanguage\":\"es\",\"@id\":\"https:\\\/\\\/informelitoral.com.ar\\\/avanzan-las-gestiones-para-el-financiamiento-de-la-nueva-sub-estacion-transformadora-de-ramirez\\\/#primaryimage\",\"url\":\"https:\\\/\\\/informelitoral.com.ar\\\/%77%70%2d%63%6f%6e%74%65%6e%74\\\/uploads\\\/2022\\\/02\\\/p_1643644702.jpg\",\"contentUrl\":\"https:\\\/\\\/informelitoral.com.ar\\\/%77%70%2d%63%6f%6e%74%65%6e%74\\\/uploads\\\/2022\\\/02\\\/p_1643644702.jpg\",\"width\":1920,\"height\":800},{\"@type\":\"BreadcrumbList\",\"@id\":\"https:\\\/\\\/informelitoral.com.ar\\\/avanzan-las-gestiones-para-el-financiamiento-de-la-nueva-sub-estacion-transformadora-de-ramirez\\\/#breadcrumb\",\"itemListElement\":[{\"@type\":\"ListItem\",\"position\":1,\"name\":\"Portada\",\"item\":\"https:\\\/\\\/informelitoral.com.ar\\\/\"},{\"@type\":\"ListItem\",\"position\":2,\"name\":\"Avanzan las gestiones para el financiamiento de la nueva Sub Estaci\u00f3n Transformadora de Ram\u00edrez\"}]},{\"@type\":\"WebSite\",\"@id\":\"https:\\\/\\\/informelitoral.com.ar\\\/#website\",\"url\":\"https:\\\/\\\/informelitoral.com.ar\\\/\",\"name\":\"Informe Litoral\",\"description\":\"&quot;Nos informamos&quot; \",\"publisher\":{\"@id\":\"https:\\\/\\\/informelitoral.com.ar\\\/#organization\"},\"potentialAction\":[{\"@type\":\"SearchAction\",\"target\":{\"@type\":\"EntryPoint\",\"urlTemplate\":\"https:\\\/\\\/informelitoral.com.ar\\\/?s={search_term_string}\"},\"query-input\":{\"@type\":\"PropertyValueSpecification\",\"valueRequired\":true,\"valueName\":\"search_term_string\"}}],\"inLanguage\":\"es\"},{\"@type\":\"Organization\",\"@id\":\"https:\\\/\\\/informelitoral.com.ar\\\/#organization\",\"name\":\"Informe Litoral\",\"url\":\"https:\\\/\\\/informelitoral.com.ar\\\/\",\"logo\":{\"@type\":\"ImageObject\",\"inLanguage\":\"es\",\"@id\":\"https:\\\/\\\/informelitoral.com.ar\\\/#\\\/schema\\\/logo\\\/image\\\/\",\"url\":\"https:\\\/\\\/informelitoral.com.ar\\\/%77%70%2d%63%6f%6e%74%65%6e%74\\\/uploads\\\/2021\\\/01\\\/circulo.png\",\"contentUrl\":\"https:\\\/\\\/informelitoral.com.ar\\\/%77%70%2d%63%6f%6e%74%65%6e%74\\\/uploads\\\/2021\\\/01\\\/circulo.png\",\"width\":723,\"height\":731,\"caption\":\"Informe Litoral\"},\"image\":{\"@id\":\"https:\\\/\\\/informelitoral.com.ar\\\/#\\\/schema\\\/logo\\\/image\\\/\"},\"sameAs\":[\"https:\\\/\\\/www.facebook.com\\\/informelitoral\\\/\",\"https:\\\/\\\/x.com\\\/InformeLitoral\",\"https:\\\/\\\/www.instagram.com\\\/informelitoral\\\/\",\"https:\\\/\\\/www.youtube.com\\\/channel\\\/UCua4Qvz8Icb6MYqhoq9xLXw\"]},{\"@type\":\"Person\",\"@id\":\"https:\\\/\\\/informelitoral.com.ar\\\/#\\\/schema\\\/person\\\/f05f9f461677119578717524b127d6d5\",\"name\":\"Sebastian\",\"image\":{\"@type\":\"ImageObject\",\"inLanguage\":\"es\",\"@id\":\"https:\\\/\\\/secure.gravatar.com\\\/avatar\\\/b71bf7481d447dfb9583c7f2798e7cc64de6efb9067b74633ed8c31059a3bd82?s=96&d=mm&r=g\",\"url\":\"https:\\\/\\\/secure.gravatar.com\\\/avatar\\\/b71bf7481d447dfb9583c7f2798e7cc64de6efb9067b74633ed8c31059a3bd82?s=96&d=mm&r=g\",\"contentUrl\":\"https:\\\/\\\/secure.gravatar.com\\\/avatar\\\/b71bf7481d447dfb9583c7f2798e7cc64de6efb9067b74633ed8c31059a3bd82?s=96&d=mm&r=g\",\"caption\":\"Sebastian\"},\"url\":\"https:\\\/\\\/informelitoral.com.ar\\\/author\\\/sebastian\\\/\"}]}<\/script>","yoast_head_json":{"title":"Avanzan las gestiones para el financiamiento de la nueva Sub Estaci\u00f3n Transformadora de Ram\u00edrez - Informe Litoral","robots":{"index":"index","follow":"follow","max-snippet":"max-snippet:-1","max-image-preview":"max-image-preview:large","max-video-preview":"max-video-preview:-1"},"canonical":"https:\/\/informelitoral.com.ar\/avanzan-las-gestiones-para-el-financiamiento-de-la-nueva-sub-estacion-transformadora-de-ramirez\/","og_locale":"es_ES","og_type":"article","og_title":"Avanzan las gestiones para el financiamiento de la nueva Sub Estaci\u00f3n Transformadora de Ram\u00edrez - Informe Litoral","og_description":"A trav\u00e9s de la Secretar\u00eda de Energ\u00eda, la Cooperativa de Energ\u00eda El\u00e9ctrica General San Mart\u00edn accedi\u00f3 a una financiaci\u00f3n cercana a los 30 millones de pesos para la construcci\u00f3n de una Nueva Sub Estaci\u00f3n Transformadora en la localidad de General Ram\u00edrez.","og_url":"https:\/\/informelitoral.com.ar\/avanzan-las-gestiones-para-el-financiamiento-de-la-nueva-sub-estacion-transformadora-de-ramirez\/","og_site_name":"Informe Litoral","article_publisher":"https:\/\/www.facebook.com\/informelitoral\/","article_published_time":"2022-02-01T11:31:19+00:00","article_modified_time":"2022-03-05T22:41:00+00:00","og_image":[{"width":1920,"height":800,"url":"https:\/\/informelitoral.com.ar\/%77%70%2d%63%6f%6e%74%65%6e%74\/uploads\/2022\/02\/p_1643644702.jpg","type":"image\/jpeg"}],"author":"Sebastian","twitter_card":"summary_large_image","twitter_creator":"@InformeLitoral","twitter_site":"@InformeLitoral","twitter_misc":{"Escrito por":"Sebastian","Tiempo de lectura":"2 minutos"},"schema":{"@context":"https:\/\/schema.org","@graph":[{"@type":"Article","@id":"https:\/\/informelitoral.com.ar\/avanzan-las-gestiones-para-el-financiamiento-de-la-nueva-sub-estacion-transformadora-de-ramirez\/#article","isPartOf":{"@id":"https:\/\/informelitoral.com.ar\/avanzan-las-gestiones-para-el-financiamiento-de-la-nueva-sub-estacion-transformadora-de-ramirez\/"},"author":{"name":"Sebastian","@id":"https:\/\/informelitoral.com.ar\/#\/schema\/person\/f05f9f461677119578717524b127d6d5"},"headline":"Avanzan las gestiones para el financiamiento de la nueva Sub Estaci\u00f3n Transformadora de Ram\u00edrez","datePublished":"2022-02-01T11:31:19+00:00","dateModified":"2022-03-05T22:41:00+00:00","mainEntityOfPage":{"@id":"https:\/\/informelitoral.com.ar\/avanzan-las-gestiones-para-el-financiamiento-de-la-nueva-sub-estacion-transformadora-de-ramirez\/"},"wordCount":411,"commentCount":0,"publisher":{"@id":"https:\/\/informelitoral.com.ar\/#organization"},"image":{"@id":"https:\/\/informelitoral.com.ar\/avanzan-las-gestiones-para-el-financiamiento-de-la-nueva-sub-estacion-transformadora-de-ramirez\/#primaryimage"},"thumbnailUrl":"https:\/\/informelitoral.com.ar\/%77%70%2d%63%6f%6e%74%65%6e%74\/uploads\/2022\/02\/p_1643644702.jpg","keywords":["Estaci\u00f3n de transformadores","General Ram\u00edrez","Gesti\u00f3n"],"articleSection":["Departamento Diamante"],"inLanguage":"es","potentialAction":[{"@type":"CommentAction","name":"Comment","target":["https:\/\/informelitoral.com.ar\/avanzan-las-gestiones-para-el-financiamiento-de-la-nueva-sub-estacion-transformadora-de-ramirez\/#respond"]}]},{"@type":"WebPage","@id":"https:\/\/informelitoral.com.ar\/avanzan-las-gestiones-para-el-financiamiento-de-la-nueva-sub-estacion-transformadora-de-ramirez\/","url":"https:\/\/informelitoral.com.ar\/avanzan-las-gestiones-para-el-financiamiento-de-la-nueva-sub-estacion-transformadora-de-ramirez\/","name":"Avanzan las gestiones para el financiamiento de la nueva Sub Estaci\u00f3n Transformadora de Ram\u00edrez - Informe Litoral","isPartOf":{"@id":"https:\/\/informelitoral.com.ar\/#website"},"primaryImageOfPage":{"@id":"https:\/\/informelitoral.com.ar\/avanzan-las-gestiones-para-el-financiamiento-de-la-nueva-sub-estacion-transformadora-de-ramirez\/#primaryimage"},"image":{"@id":"https:\/\/informelitoral.com.ar\/avanzan-las-gestiones-para-el-financiamiento-de-la-nueva-sub-estacion-transformadora-de-ramirez\/#primaryimage"},"thumbnailUrl":"https:\/\/informelitoral.com.ar\/%77%70%2d%63%6f%6e%74%65%6e%74\/uploads\/2022\/02\/p_1643644702.jpg","datePublished":"2022-02-01T11:31:19+00:00","dateModified":"2022-03-05T22:41:00+00:00","breadcrumb":{"@id":"https:\/\/informelitoral.com.ar\/avanzan-las-gestiones-para-el-financiamiento-de-la-nueva-sub-estacion-transformadora-de-ramirez\/#breadcrumb"},"inLanguage":"es","potentialAction":[{"@type":"ReadAction","target":["https:\/\/informelitoral.com.ar\/avanzan-las-gestiones-para-el-financiamiento-de-la-nueva-sub-estacion-transformadora-de-ramirez\/"]}]},{"@type":"ImageObject","inLanguage":"es","@id":"https:\/\/informelitoral.com.ar\/avanzan-las-gestiones-para-el-financiamiento-de-la-nueva-sub-estacion-transformadora-de-ramirez\/#primaryimage","url":"https:\/\/informelitoral.com.ar\/%77%70%2d%63%6f%6e%74%65%6e%74\/uploads\/2022\/02\/p_1643644702.jpg","contentUrl":"https:\/\/informelitoral.com.ar\/%77%70%2d%63%6f%6e%74%65%6e%74\/uploads\/2022\/02\/p_1643644702.jpg","width":1920,"height":800},{"@type":"BreadcrumbList","@id":"https:\/\/informelitoral.com.ar\/avanzan-las-gestiones-para-el-financiamiento-de-la-nueva-sub-estacion-transformadora-de-ramirez\/#breadcrumb","itemListElement":[{"@type":"ListItem","position":1,"name":"Portada","item":"https:\/\/informelitoral.com.ar\/"},{"@type":"ListItem","position":2,"name":"Avanzan las gestiones para el financiamiento de la nueva Sub Estaci\u00f3n Transformadora de Ram\u00edrez"}]},{"@type":"WebSite","@id":"https:\/\/informelitoral.com.ar\/#website","url":"https:\/\/informelitoral.com.ar\/","name":"Informe Litoral","description":"&quot;Nos informamos&quot; ","publisher":{"@id":"https:\/\/informelitoral.com.ar\/#organization"},"potentialAction":[{"@type":"SearchAction","target":{"@type":"EntryPoint","urlTemplate":"https:\/\/informelitoral.com.ar\/?s={search_term_string}"},"query-input":{"@type":"PropertyValueSpecification","valueRequired":true,"valueName":"search_term_string"}}],"inLanguage":"es"},{"@type":"Organization","@id":"https:\/\/informelitoral.com.ar\/#organization","name":"Informe Litoral","url":"https:\/\/informelitoral.com.ar\/","logo":{"@type":"ImageObject","inLanguage":"es","@id":"https:\/\/informelitoral.com.ar\/#\/schema\/logo\/image\/","url":"https:\/\/informelitoral.com.ar\/%77%70%2d%63%6f%6e%74%65%6e%74\/uploads\/2021\/01\/circulo.png","contentUrl":"https:\/\/informelitoral.com.ar\/%77%70%2d%63%6f%6e%74%65%6e%74\/uploads\/2021\/01\/circulo.png","width":723,"height":731,"caption":"Informe Litoral"},"image":{"@id":"https:\/\/informelitoral.com.ar\/#\/schema\/logo\/image\/"},"sameAs":["https:\/\/www.facebook.com\/informelitoral\/","https:\/\/x.com\/InformeLitoral","https:\/\/www.instagram.com\/informelitoral\/","https:\/\/www.youtube.com\/channel\/UCua4Qvz8Icb6MYqhoq9xLXw"]},{"@type":"Person","@id":"https:\/\/informelitoral.com.ar\/#\/schema\/person\/f05f9f461677119578717524b127d6d5","name":"Sebastian","image":{"@type":"ImageObject","inLanguage":"es","@id":"https:\/\/secure.gravatar.com\/avatar\/b71bf7481d447dfb9583c7f2798e7cc64de6efb9067b74633ed8c31059a3bd82?s=96&d=mm&r=g","url":"https:\/\/secure.gravatar.com\/avatar\/b71bf7481d447dfb9583c7f2798e7cc64de6efb9067b74633ed8c31059a3bd82?s=96&d=mm&r=g","contentUrl":"https:\/\/secure.gravatar.com\/avatar\/b71bf7481d447dfb9583c7f2798e7cc64de6efb9067b74633ed8c31059a3bd82?s=96&d=mm&r=g","caption":"Sebastian"},"url":"https:\/\/informelitoral.com.ar\/author\/sebastian\/"}]}},"_links":{"self":[{"href":"https:\/\/informelitoral.com.ar\/%77%70%2d%6a%73%6f%6e\/wp\/v2\/posts\/71035","targetHints":{"allow":["GET"]}}],"collection":[{"href":"https:\/\/informelitoral.com.ar\/%77%70%2d%6a%73%6f%6e\/wp\/v2\/posts"}],"about":[{"href":"https:\/\/informelitoral.com.ar\/%77%70%2d%6a%73%6f%6e\/wp\/v2\/types\/post"}],"author":[{"embeddable":true,"href":"https:\/\/informelitoral.com.ar\/%77%70%2d%6a%73%6f%6e\/wp\/v2\/users\/8"}],"replies":[{"embeddable":true,"href":"https:\/\/informelitoral.com.ar\/%77%70%2d%6a%73%6f%6e\/wp\/v2\/comments?post=71035"}],"version-history":[{"count":0,"href":"https:\/\/informelitoral.com.ar\/%77%70%2d%6a%73%6f%6e\/wp\/v2\/posts\/71035\/revisions"}],"wp:featuredmedia":[{"embeddable":true,"href":"https:\/\/informelitoral.com.ar\/%77%70%2d%6a%73%6f%6e\/wp\/v2\/media\/71036"}],"wp:attachment":[{"href":"https:\/\/informelitoral.com.ar\/%77%70%2d%6a%73%6f%6e\/wp\/v2\/media?parent=71035"}],"wp:term":[{"taxonomy":"category","embeddable":true,"href":"https:\/\/informelitoral.com.ar\/%77%70%2d%6a%73%6f%6e\/wp\/v2\/categories?post=71035"},{"taxonomy":"post_tag","embeddable":true,"href":"https:\/\/informelitoral.com.ar\/%77%70%2d%6a%73%6f%6e\/wp\/v2\/tags?post=71035"}],"curies":[{"name":"wp","href":"https:\/\/api.w.org\/{rel}","templated":true}]}}