{"id":71028,"date":"2022-01-31T18:29:35","date_gmt":"2022-01-31T21:29:35","guid":{"rendered":"https:\/\/www.informelitoral.com.ar\/?p=71028"},"modified":"2022-01-31T18:29:35","modified_gmt":"2022-01-31T21:29:35","slug":"con-la-soja-ingresando-en-periodo-critico-las-manchas-foliares-presionan","status":"publish","type":"post","link":"https:\/\/informelitoral.com.ar\/con-la-soja-ingresando-en-periodo-critico-las-manchas-foliares-presionan\/","title":{"rendered":"Con la soja ingresando en per\u00edodo cr\u00edtico, las manchas foliares presionan"},"content":{"rendered":"<p>En un segundo informe fitosanitario en soja, para el norte de Buenos Aires y sur de Santa Fe, publicado por el Grupo de Fitopatolog\u00eda de la Estaci\u00f3n Experimental INTA Pergamino, alertan que la oleaginosa ya se encuentra atravesando\u00a0<strong>pleno per\u00edodo cr\u00edtico<\/strong>, con plant\u00edos avanzados hasta en el R4.<\/p>\n<p>Al respecto, advierten que luego de las lluvias que alcanzaron a las subzonas de la regi\u00f3n central, las condiciones\u00a0<strong>\u201cpropicias para el avance de las manchas por salpicado\u201d<\/strong>.<\/p>\n<div id=\"related\">\n<p>A su vez, los expertos indican que en todas las zonas, la soja posee bajo porte. Entre las enfermedades destacadas, Septoria se encuentra en el estrato medio de la planta con incidencia de un 30% a 50%.<\/p>\n<p>Asimismo, tambi\u00e9n alertan que las tormentas con fuertes vientos produjeron roturas de hojas y facilitan el ingreso de bacterias.<\/p>\n<p>De esta forma, el consejo de los especialistas es avanzan en diagn\u00f3sticos precisos, verificar enfermedades causadas por hongos y bacterias y diferenciando bien estos da\u00f1os de los abi\u00f3ticos (provocados por condiciones ambientales).<\/p>\n<p><strong>Tratamientos<\/strong>A la hora de los tratamientos, las recomendaciones de los expertos del INTA son dos, b\u00e1sicamente.<\/p>\n<p>La primera es realizar un tratamiento con triazoles y estrobirulinas (cotizados entre 6 a 12 d\u00f3lares), mientras que las mezclas con carboxamidas (valorizados entre 20 a 25 d\u00f3lares), las cuales equivalen entre 50 a 80 kilos de soja.<\/p>\n<p>&nbsp;<\/p>\n<\/div>\n","protected":false},"excerpt":{"rendered":"<p>Luego de las lluvias y la recupraci\u00f3n del cultivo, la sanidad del cultivo es clave en el momento en que se define rendimiento.<\/p>\n","protected":false},"author":8,"featured_media":71029,"comment_status":"open","ping_status":"open","sticky":false,"template":"","format":"standard","meta":{"fifu_image_url":"","fifu_image_alt":"","footnotes":""},"categories":[10],"tags":[160,3048,73],"class_list":{"0":"post-71028","1":"post","2":"type-post","3":"status-publish","4":"format-standard","5":"has-post-thumbnail","7":"category-campo","8":"tag-inta","9":"tag-manchas-foliares","10":"tag-soja"},"yoast_head":"<title>Con la soja ingresando en per\u00edodo cr\u00edtico, las manchas foliares presionan - Informe Litoral<\/title>\n<meta name=\"robots\" content=\"index, follow, max-snippet:-1, max-image-preview:large, max-video-preview:-1\" \/>\n<link rel=\"canonical\" href=\"https:\/\/informelitoral.com.ar\/con-la-soja-ingresando-en-periodo-critico-las-manchas-foliares-presionan\/\" \/>\n<meta property=\"og:locale\" content=\"es_ES\" \/>\n<meta property=\"og:type\" content=\"article\" \/>\n<meta property=\"og:title\" content=\"Con la soja ingresando en per\u00edodo cr\u00edtico, las manchas foliares presionan - Informe Litoral\" \/>\n<meta property=\"og:description\" content=\"Luego de las lluvias y la recupraci\u00f3n del cultivo, la sanidad del cultivo es clave en el momento en que se define rendimiento.\" \/>\n<meta property=\"og:url\" content=\"https:\/\/informelitoral.com.ar\/con-la-soja-ingresando-en-periodo-critico-las-manchas-foliares-presionan\/\" \/>\n<meta property=\"og:site_name\" content=\"Informe Litoral\" \/>\n<meta property=\"article:publisher\" content=\"https:\/\/www.facebook.com\/informelitoral\/\" \/>\n<meta property=\"article:published_time\" content=\"2022-01-31T21:29:35+00:00\" \/>\n<meta property=\"og:image\" content=\"https:\/\/informelitoral.com.ar\/%77%70%2d%63%6f%6e%74%65%6e%74\/uploads\/2022\/01\/Soja-Septoria.jpg\" \/>\n\t<meta property=\"og:image:width\" content=\"1000\" \/>\n\t<meta property=\"og:image:height\" content=\"570\" \/>\n\t<meta property=\"og:image:type\" content=\"image\/jpeg\" \/>\n<meta name=\"author\" content=\"Sebastian\" \/>\n<meta name=\"twitter:card\" content=\"summary_large_image\" \/>\n<meta name=\"twitter:creator\" content=\"@InformeLitoral\" \/>\n<meta name=\"twitter:site\" content=\"@InformeLitoral\" \/>\n<meta name=\"twitter:label1\" content=\"Escrito por\" \/>\n\t<meta name=\"twitter:data1\" content=\"Sebastian\" \/>\n\t<meta name=\"twitter:label2\" content=\"Tiempo de lectura\" \/>\n\t<meta name=\"twitter:data2\" content=\"1 minuto\" \/>\n<script type=\"application\/ld+json\" class=\"yoast-schema-graph\">{\"@context\":\"https:\\\/\\\/schema.org\",\"@graph\":[{\"@type\":\"Article\",\"@id\":\"https:\\\/\\\/informelitoral.com.ar\\\/con-la-soja-ingresando-en-periodo-critico-las-manchas-foliares-presionan\\\/#article\",\"isPartOf\":{\"@id\":\"https:\\\/\\\/informelitoral.com.ar\\\/con-la-soja-ingresando-en-periodo-critico-las-manchas-foliares-presionan\\\/\"},\"author\":{\"name\":\"Sebastian\",\"@id\":\"https:\\\/\\\/informelitoral.com.ar\\\/#\\\/schema\\\/person\\\/f05f9f461677119578717524b127d6d5\"},\"headline\":\"Con la soja ingresando en per\u00edodo cr\u00edtico, las manchas foliares presionan\",\"datePublished\":\"2022-01-31T21:29:35+00:00\",\"mainEntityOfPage\":{\"@id\":\"https:\\\/\\\/informelitoral.com.ar\\\/con-la-soja-ingresando-en-periodo-critico-las-manchas-foliares-presionan\\\/\"},\"wordCount\":237,\"commentCount\":0,\"publisher\":{\"@id\":\"https:\\\/\\\/informelitoral.com.ar\\\/#organization\"},\"image\":{\"@id\":\"https:\\\/\\\/informelitoral.com.ar\\\/con-la-soja-ingresando-en-periodo-critico-las-manchas-foliares-presionan\\\/#primaryimage\"},\"thumbnailUrl\":\"https:\\\/\\\/informelitoral.com.ar\\\/%77%70%2d%63%6f%6e%74%65%6e%74\\\/uploads\\\/2022\\\/01\\\/Soja-Septoria.jpg\",\"keywords\":[\"INTA\",\"Manchas Foliares\",\"Soja\"],\"articleSection\":[\"Campo\"],\"inLanguage\":\"es\",\"potentialAction\":[{\"@type\":\"CommentAction\",\"name\":\"Comment\",\"target\":[\"https:\\\/\\\/informelitoral.com.ar\\\/con-la-soja-ingresando-en-periodo-critico-las-manchas-foliares-presionan\\\/#respond\"]}]},{\"@type\":\"WebPage\",\"@id\":\"https:\\\/\\\/informelitoral.com.ar\\\/con-la-soja-ingresando-en-periodo-critico-las-manchas-foliares-presionan\\\/\",\"url\":\"https:\\\/\\\/informelitoral.com.ar\\\/con-la-soja-ingresando-en-periodo-critico-las-manchas-foliares-presionan\\\/\",\"name\":\"Con la soja ingresando en per\u00edodo cr\u00edtico, las manchas foliares presionan - Informe Litoral\",\"isPartOf\":{\"@id\":\"https:\\\/\\\/informelitoral.com.ar\\\/#website\"},\"primaryImageOfPage\":{\"@id\":\"https:\\\/\\\/informelitoral.com.ar\\\/con-la-soja-ingresando-en-periodo-critico-las-manchas-foliares-presionan\\\/#primaryimage\"},\"image\":{\"@id\":\"https:\\\/\\\/informelitoral.com.ar\\\/con-la-soja-ingresando-en-periodo-critico-las-manchas-foliares-presionan\\\/#primaryimage\"},\"thumbnailUrl\":\"https:\\\/\\\/informelitoral.com.ar\\\/%77%70%2d%63%6f%6e%74%65%6e%74\\\/uploads\\\/2022\\\/01\\\/Soja-Septoria.jpg\",\"datePublished\":\"2022-01-31T21:29:35+00:00\",\"breadcrumb\":{\"@id\":\"https:\\\/\\\/informelitoral.com.ar\\\/con-la-soja-ingresando-en-periodo-critico-las-manchas-foliares-presionan\\\/#breadcrumb\"},\"inLanguage\":\"es\",\"potentialAction\":[{\"@type\":\"ReadAction\",\"target\":[\"https:\\\/\\\/informelitoral.com.ar\\\/con-la-soja-ingresando-en-periodo-critico-las-manchas-foliares-presionan\\\/\"]}]},{\"@type\":\"ImageObject\",\"inLanguage\":\"es\",\"@id\":\"https:\\\/\\\/informelitoral.com.ar\\\/con-la-soja-ingresando-en-periodo-critico-las-manchas-foliares-presionan\\\/#primaryimage\",\"url\":\"https:\\\/\\\/informelitoral.com.ar\\\/%77%70%2d%63%6f%6e%74%65%6e%74\\\/uploads\\\/2022\\\/01\\\/Soja-Septoria.jpg\",\"contentUrl\":\"https:\\\/\\\/informelitoral.com.ar\\\/%77%70%2d%63%6f%6e%74%65%6e%74\\\/uploads\\\/2022\\\/01\\\/Soja-Septoria.jpg\",\"width\":1000,\"height\":570},{\"@type\":\"BreadcrumbList\",\"@id\":\"https:\\\/\\\/informelitoral.com.ar\\\/con-la-soja-ingresando-en-periodo-critico-las-manchas-foliares-presionan\\\/#breadcrumb\",\"itemListElement\":[{\"@type\":\"ListItem\",\"position\":1,\"name\":\"Portada\",\"item\":\"https:\\\/\\\/informelitoral.com.ar\\\/\"},{\"@type\":\"ListItem\",\"position\":2,\"name\":\"Con la soja ingresando en per\u00edodo cr\u00edtico, las manchas foliares presionan\"}]},{\"@type\":\"WebSite\",\"@id\":\"https:\\\/\\\/informelitoral.com.ar\\\/#website\",\"url\":\"https:\\\/\\\/informelitoral.com.ar\\\/\",\"name\":\"Informe Litoral\",\"description\":\"&quot;Nos informamos&quot; \",\"publisher\":{\"@id\":\"https:\\\/\\\/informelitoral.com.ar\\\/#organization\"},\"potentialAction\":[{\"@type\":\"SearchAction\",\"target\":{\"@type\":\"EntryPoint\",\"urlTemplate\":\"https:\\\/\\\/informelitoral.com.ar\\\/?s={search_term_string}\"},\"query-input\":{\"@type\":\"PropertyValueSpecification\",\"valueRequired\":true,\"valueName\":\"search_term_string\"}}],\"inLanguage\":\"es\"},{\"@type\":\"Organization\",\"@id\":\"https:\\\/\\\/informelitoral.com.ar\\\/#organization\",\"name\":\"Informe Litoral\",\"url\":\"https:\\\/\\\/informelitoral.com.ar\\\/\",\"logo\":{\"@type\":\"ImageObject\",\"inLanguage\":\"es\",\"@id\":\"https:\\\/\\\/informelitoral.com.ar\\\/#\\\/schema\\\/logo\\\/image\\\/\",\"url\":\"https:\\\/\\\/informelitoral.com.ar\\\/%77%70%2d%63%6f%6e%74%65%6e%74\\\/uploads\\\/2021\\\/01\\\/circulo.png\",\"contentUrl\":\"https:\\\/\\\/informelitoral.com.ar\\\/%77%70%2d%63%6f%6e%74%65%6e%74\\\/uploads\\\/2021\\\/01\\\/circulo.png\",\"width\":723,\"height\":731,\"caption\":\"Informe Litoral\"},\"image\":{\"@id\":\"https:\\\/\\\/informelitoral.com.ar\\\/#\\\/schema\\\/logo\\\/image\\\/\"},\"sameAs\":[\"https:\\\/\\\/www.facebook.com\\\/informelitoral\\\/\",\"https:\\\/\\\/x.com\\\/InformeLitoral\",\"https:\\\/\\\/www.instagram.com\\\/informelitoral\\\/\",\"https:\\\/\\\/www.youtube.com\\\/channel\\\/UCua4Qvz8Icb6MYqhoq9xLXw\"]},{\"@type\":\"Person\",\"@id\":\"https:\\\/\\\/informelitoral.com.ar\\\/#\\\/schema\\\/person\\\/f05f9f461677119578717524b127d6d5\",\"name\":\"Sebastian\",\"image\":{\"@type\":\"ImageObject\",\"inLanguage\":\"es\",\"@id\":\"https:\\\/\\\/secure.gravatar.com\\\/avatar\\\/b71bf7481d447dfb9583c7f2798e7cc64de6efb9067b74633ed8c31059a3bd82?s=96&d=mm&r=g\",\"url\":\"https:\\\/\\\/secure.gravatar.com\\\/avatar\\\/b71bf7481d447dfb9583c7f2798e7cc64de6efb9067b74633ed8c31059a3bd82?s=96&d=mm&r=g\",\"contentUrl\":\"https:\\\/\\\/secure.gravatar.com\\\/avatar\\\/b71bf7481d447dfb9583c7f2798e7cc64de6efb9067b74633ed8c31059a3bd82?s=96&d=mm&r=g\",\"caption\":\"Sebastian\"},\"url\":\"https:\\\/\\\/informelitoral.com.ar\\\/author\\\/sebastian\\\/\"}]}<\/script>","yoast_head_json":{"title":"Con la soja ingresando en per\u00edodo cr\u00edtico, las manchas foliares presionan - Informe Litoral","robots":{"index":"index","follow":"follow","max-snippet":"max-snippet:-1","max-image-preview":"max-image-preview:large","max-video-preview":"max-video-preview:-1"},"canonical":"https:\/\/informelitoral.com.ar\/con-la-soja-ingresando-en-periodo-critico-las-manchas-foliares-presionan\/","og_locale":"es_ES","og_type":"article","og_title":"Con la soja ingresando en per\u00edodo cr\u00edtico, las manchas foliares presionan - Informe Litoral","og_description":"Luego de las lluvias y la recupraci\u00f3n del cultivo, la sanidad del cultivo es clave en el momento en que se define rendimiento.","og_url":"https:\/\/informelitoral.com.ar\/con-la-soja-ingresando-en-periodo-critico-las-manchas-foliares-presionan\/","og_site_name":"Informe Litoral","article_publisher":"https:\/\/www.facebook.com\/informelitoral\/","article_published_time":"2022-01-31T21:29:35+00:00","og_image":[{"width":1000,"height":570,"url":"https:\/\/informelitoral.com.ar\/%77%70%2d%63%6f%6e%74%65%6e%74\/uploads\/2022\/01\/Soja-Septoria.jpg","type":"image\/jpeg"}],"author":"Sebastian","twitter_card":"summary_large_image","twitter_creator":"@InformeLitoral","twitter_site":"@InformeLitoral","twitter_misc":{"Escrito por":"Sebastian","Tiempo de lectura":"1 minuto"},"schema":{"@context":"https:\/\/schema.org","@graph":[{"@type":"Article","@id":"https:\/\/informelitoral.com.ar\/con-la-soja-ingresando-en-periodo-critico-las-manchas-foliares-presionan\/#article","isPartOf":{"@id":"https:\/\/informelitoral.com.ar\/con-la-soja-ingresando-en-periodo-critico-las-manchas-foliares-presionan\/"},"author":{"name":"Sebastian","@id":"https:\/\/informelitoral.com.ar\/#\/schema\/person\/f05f9f461677119578717524b127d6d5"},"headline":"Con la soja ingresando en per\u00edodo cr\u00edtico, las manchas foliares presionan","datePublished":"2022-01-31T21:29:35+00:00","mainEntityOfPage":{"@id":"https:\/\/informelitoral.com.ar\/con-la-soja-ingresando-en-periodo-critico-las-manchas-foliares-presionan\/"},"wordCount":237,"commentCount":0,"publisher":{"@id":"https:\/\/informelitoral.com.ar\/#organization"},"image":{"@id":"https:\/\/informelitoral.com.ar\/con-la-soja-ingresando-en-periodo-critico-las-manchas-foliares-presionan\/#primaryimage"},"thumbnailUrl":"https:\/\/informelitoral.com.ar\/%77%70%2d%63%6f%6e%74%65%6e%74\/uploads\/2022\/01\/Soja-Septoria.jpg","keywords":["INTA","Manchas Foliares","Soja"],"articleSection":["Campo"],"inLanguage":"es","potentialAction":[{"@type":"CommentAction","name":"Comment","target":["https:\/\/informelitoral.com.ar\/con-la-soja-ingresando-en-periodo-critico-las-manchas-foliares-presionan\/#respond"]}]},{"@type":"WebPage","@id":"https:\/\/informelitoral.com.ar\/con-la-soja-ingresando-en-periodo-critico-las-manchas-foliares-presionan\/","url":"https:\/\/informelitoral.com.ar\/con-la-soja-ingresando-en-periodo-critico-las-manchas-foliares-presionan\/","name":"Con la soja ingresando en per\u00edodo cr\u00edtico, las manchas foliares presionan - Informe Litoral","isPartOf":{"@id":"https:\/\/informelitoral.com.ar\/#website"},"primaryImageOfPage":{"@id":"https:\/\/informelitoral.com.ar\/con-la-soja-ingresando-en-periodo-critico-las-manchas-foliares-presionan\/#primaryimage"},"image":{"@id":"https:\/\/informelitoral.com.ar\/con-la-soja-ingresando-en-periodo-critico-las-manchas-foliares-presionan\/#primaryimage"},"thumbnailUrl":"https:\/\/informelitoral.com.ar\/%77%70%2d%63%6f%6e%74%65%6e%74\/uploads\/2022\/01\/Soja-Septoria.jpg","datePublished":"2022-01-31T21:29:35+00:00","breadcrumb":{"@id":"https:\/\/informelitoral.com.ar\/con-la-soja-ingresando-en-periodo-critico-las-manchas-foliares-presionan\/#breadcrumb"},"inLanguage":"es","potentialAction":[{"@type":"ReadAction","target":["https:\/\/informelitoral.com.ar\/con-la-soja-ingresando-en-periodo-critico-las-manchas-foliares-presionan\/"]}]},{"@type":"ImageObject","inLanguage":"es","@id":"https:\/\/informelitoral.com.ar\/con-la-soja-ingresando-en-periodo-critico-las-manchas-foliares-presionan\/#primaryimage","url":"https:\/\/informelitoral.com.ar\/%77%70%2d%63%6f%6e%74%65%6e%74\/uploads\/2022\/01\/Soja-Septoria.jpg","contentUrl":"https:\/\/informelitoral.com.ar\/%77%70%2d%63%6f%6e%74%65%6e%74\/uploads\/2022\/01\/Soja-Septoria.jpg","width":1000,"height":570},{"@type":"BreadcrumbList","@id":"https:\/\/informelitoral.com.ar\/con-la-soja-ingresando-en-periodo-critico-las-manchas-foliares-presionan\/#breadcrumb","itemListElement":[{"@type":"ListItem","position":1,"name":"Portada","item":"https:\/\/informelitoral.com.ar\/"},{"@type":"ListItem","position":2,"name":"Con la soja ingresando en per\u00edodo cr\u00edtico, las manchas foliares presionan"}]},{"@type":"WebSite","@id":"https:\/\/informelitoral.com.ar\/#website","url":"https:\/\/informelitoral.com.ar\/","name":"Informe Litoral","description":"&quot;Nos informamos&quot; ","publisher":{"@id":"https:\/\/informelitoral.com.ar\/#organization"},"potentialAction":[{"@type":"SearchAction","target":{"@type":"EntryPoint","urlTemplate":"https:\/\/informelitoral.com.ar\/?s={search_term_string}"},"query-input":{"@type":"PropertyValueSpecification","valueRequired":true,"valueName":"search_term_string"}}],"inLanguage":"es"},{"@type":"Organization","@id":"https:\/\/informelitoral.com.ar\/#organization","name":"Informe Litoral","url":"https:\/\/informelitoral.com.ar\/","logo":{"@type":"ImageObject","inLanguage":"es","@id":"https:\/\/informelitoral.com.ar\/#\/schema\/logo\/image\/","url":"https:\/\/informelitoral.com.ar\/%77%70%2d%63%6f%6e%74%65%6e%74\/uploads\/2021\/01\/circulo.png","contentUrl":"https:\/\/informelitoral.com.ar\/%77%70%2d%63%6f%6e%74%65%6e%74\/uploads\/2021\/01\/circulo.png","width":723,"height":731,"caption":"Informe Litoral"},"image":{"@id":"https:\/\/informelitoral.com.ar\/#\/schema\/logo\/image\/"},"sameAs":["https:\/\/www.facebook.com\/informelitoral\/","https:\/\/x.com\/InformeLitoral","https:\/\/www.instagram.com\/informelitoral\/","https:\/\/www.youtube.com\/channel\/UCua4Qvz8Icb6MYqhoq9xLXw"]},{"@type":"Person","@id":"https:\/\/informelitoral.com.ar\/#\/schema\/person\/f05f9f461677119578717524b127d6d5","name":"Sebastian","image":{"@type":"ImageObject","inLanguage":"es","@id":"https:\/\/secure.gravatar.com\/avatar\/b71bf7481d447dfb9583c7f2798e7cc64de6efb9067b74633ed8c31059a3bd82?s=96&d=mm&r=g","url":"https:\/\/secure.gravatar.com\/avatar\/b71bf7481d447dfb9583c7f2798e7cc64de6efb9067b74633ed8c31059a3bd82?s=96&d=mm&r=g","contentUrl":"https:\/\/secure.gravatar.com\/avatar\/b71bf7481d447dfb9583c7f2798e7cc64de6efb9067b74633ed8c31059a3bd82?s=96&d=mm&r=g","caption":"Sebastian"},"url":"https:\/\/informelitoral.com.ar\/author\/sebastian\/"}]}},"_links":{"self":[{"href":"https:\/\/informelitoral.com.ar\/%77%70%2d%6a%73%6f%6e\/wp\/v2\/posts\/71028","targetHints":{"allow":["GET"]}}],"collection":[{"href":"https:\/\/informelitoral.com.ar\/%77%70%2d%6a%73%6f%6e\/wp\/v2\/posts"}],"about":[{"href":"https:\/\/informelitoral.com.ar\/%77%70%2d%6a%73%6f%6e\/wp\/v2\/types\/post"}],"author":[{"embeddable":true,"href":"https:\/\/informelitoral.com.ar\/%77%70%2d%6a%73%6f%6e\/wp\/v2\/users\/8"}],"replies":[{"embeddable":true,"href":"https:\/\/informelitoral.com.ar\/%77%70%2d%6a%73%6f%6e\/wp\/v2\/comments?post=71028"}],"version-history":[{"count":0,"href":"https:\/\/informelitoral.com.ar\/%77%70%2d%6a%73%6f%6e\/wp\/v2\/posts\/71028\/revisions"}],"wp:featuredmedia":[{"embeddable":true,"href":"https:\/\/informelitoral.com.ar\/%77%70%2d%6a%73%6f%6e\/wp\/v2\/media\/71029"}],"wp:attachment":[{"href":"https:\/\/informelitoral.com.ar\/%77%70%2d%6a%73%6f%6e\/wp\/v2\/media?parent=71028"}],"wp:term":[{"taxonomy":"category","embeddable":true,"href":"https:\/\/informelitoral.com.ar\/%77%70%2d%6a%73%6f%6e\/wp\/v2\/categories?post=71028"},{"taxonomy":"post_tag","embeddable":true,"href":"https:\/\/informelitoral.com.ar\/%77%70%2d%6a%73%6f%6e\/wp\/v2\/tags?post=71028"}],"curies":[{"name":"wp","href":"https:\/\/api.w.org\/{rel}","templated":true}]}}