{"id":71025,"date":"2022-01-31T17:09:16","date_gmt":"2022-01-31T20:09:16","guid":{"rendered":"https:\/\/www.informelitoral.com.ar\/?p=71025"},"modified":"2022-01-31T17:09:16","modified_gmt":"2022-01-31T20:09:16","slug":"entre-rios-dispone-de-un-sistema-de-faros-para-monitoreo-en-las-islas-del-delta-para-prevenir-incendios","status":"publish","type":"post","link":"https:\/\/informelitoral.com.ar\/entre-rios-dispone-de-un-sistema-de-faros-para-monitoreo-en-las-islas-del-delta-para-prevenir-incendios\/","title":{"rendered":"Entre R\u00edos dispone de un sistema de faros para monitoreo en las islas del Delta para prevenir incendios"},"content":{"rendered":"<p>As\u00ed lo anunciaron el gobernador Gustavo Bordet y el viceministro de Ambiente y Desarrollo Sostenible de la Naci\u00f3n, Sergio Federovisky.<\/p>\n<p>La Red de Faros de Conservaci\u00f3n fue presentada este lunes en Diamante en el Parque Nacional Pre Delta, y en la oportunidad el gobernador anunci\u00f3 la inauguraci\u00f3n de una comisar\u00eda en zona de islas. \u201cTener estos faros de detecci\u00f3n temprana es llegar de manera eficaz, es mitigar los da\u00f1os que produce el fuego y evitar que se quemen muchas de nuestras islas y humedales que se vieron afectados con el estiaje hist\u00f3rico del r\u00edo Paran\u00e1 y la sequ\u00eda de enero. Esto nos permite trabajar r\u00e1pidamente para evitar m\u00e1s da\u00f1o y preservar un ecosistema que es el legado que dejaremos a las generaciones del futuro\u201d, sostuvo.<\/p>\n<p>La Red de Faros es una pol\u00edtica p\u00fablica integral y federal para la prevenci\u00f3n de incendios que apunta a conservar ecosistemas valiosos como los humedales a partir de utilizar tecnolog\u00eda de \u00faltima generaci\u00f3n para el monitoreo y las alertas tempranas. Se compone de torres de entre 30 y 40 metros de altura, sobre las que se colocan c\u00e1maras multiespectrales, que identifican humo y calor, y de video, conectadas a internet. Las c\u00e1maras monitorean las 24 horas los 365 d\u00edas del a\u00f1o.<\/p>\n<p>La inversi\u00f3n alcanza los 216 millones de pesos y contempla tres faros ubicados en Diamante, Victoria, el Puente Victoria-Rosario, y dos en la provincia de Santa Fe.<\/p>\n<p>Al respecto, el gobernador Gustavo Bordet asegur\u00f3 que \u00abes muy importante poder llegar a esta instancia despu\u00e9s de trabajar ardua y sostenidamente para lograr tener esta Red de Faros de detecci\u00f3n temprana de incendios que nos permitan trabajar con mayor eficacia y rapidez ante la repitencia de incendios que se dan a\u00f1o a a\u00f1o en las islas de nuestro Delta\u00bb.<\/p>\n<p>Dijo adem\u00e1s que \u00abes un compromiso que asumimos y lo hemos trabajado desde la Secretar\u00eda Ambiente con recursos que hemos afectado y en articulaci\u00f3n con sectores de la sociedad civil, como bomberos voluntarios, aeroclubes para sobrevolar y llegar a zonas de dif\u00edcil acceso, y la Polic\u00eda de la provincia de Entre R\u00edos con los dos helic\u00f3pteros. Y estamos inaugurando la pr\u00f3xima semana una comisar\u00eda en la parte l\u00edmite de la provincia, frente a Villa Constituci\u00f3n, que tiene como objetivo determinar las responsabilidades de quienes inician los incendios y poder llegar de manera r\u00e1pida, generar multas y acciones punitivas a quienes intencionalmente encienden el fuego\u00bb.<\/p>\n<p>Bordet reflexion\u00f3 luego al decir que \u00abrealmente son tiempos complejos. Venimos viendo que desde hace dos a\u00f1os tenemos un estiaje en el r\u00edo Paran\u00e1 que provoca serios problemas\u201d. En ese marco, sostuvo que \u201chemos tenido meses de much\u00edsimo trabajo articulado con la provincia de Santa Fe, la provincia y los municipios, y este es el camino para llegar r\u00e1pidamente a soluciones que preservan nuestro ecosistema que es tan importante, sobre todo para las generaciones futuras\u00bb.<\/p>\n<p>Habl\u00f3 luego \u00abdel compromiso permanente del Ministerio de Ambiente de Naci\u00f3n, en la persona del ministro Juan Cabandie que permanentemente ha estado trabajando con la provincia y de todo equipo que nos han dado un apoyo realmente importante\u00bb.<\/p>\n<p>Por \u00faltimo, Bordet sostuvo que \u00abredoblamos el compromiso de trabajar en conjunto con el gobernador de Santa Fe, Omar Perotti, y el ministro Cabandie. Es la forma de encontrar en dos a\u00f1os las soluciones que no ten\u00edamos anteriormente. Hoy estamos inaugurando obras, proyectando y trabajando en territorio permanentemente para tener buenos resultados. Mi agradecimiento por el trabajo, la dedicaci\u00f3n y el compromiso\u00bb, concluy\u00f3.<\/p>\n<p><b>Gran noticia<\/b><\/p>\n<p>Por su parte, la ministra de Ambiente y Cambio Clim\u00e1tico de Santa Fe, Erika Gonnet, dijo que la presentaci\u00f3n \u00abes una gran noticia\u00bb e indic\u00f3 que \u00abest\u00e1 de la mano de un trabajo que se viene realizando\u00bb. Precis\u00f3 luego que \u00abel faro es un trabajo que se ha venido llevando adelante con mucho compromiso de personas, sobre todo los que est\u00e1n en este territorio\u00bb.<\/p>\n<p>Destac\u00f3 tambi\u00e9n que \u00abse ponga en valor toda esta zona\u00bb y \u00abel tener estas medidas preventivas y de alertas tempranas que todos esper\u00e1bamos, y que (con) las provincias lo ven\u00edamos trabajando y articulando para tratar de paliar la consecuencia de la crisis clim\u00e1tica que atraviesa nuestro pa\u00eds\u00bb.<\/p>\n<p>Finalmente, se refiri\u00f3 a la importancia de respuestas en diversos \u00e1mbitos, entre ellos, el de la Justicia, m\u00e1s all\u00e1 de la respuesta inmediata que debe dar el Estado.<\/p>\n<p><b>La importancia de la prevenci\u00f3n<\/b><\/p>\n<p>Al hacer uso de la palabra, Federovisky afirm\u00f3 que \u00abcualquier hecho de gesti\u00f3n tiene una historia\u00bb y al respecto indic\u00f3 que \u00abhace solamente 16 meses el Ministerio de Ambiente de la Naci\u00f3n recib\u00eda, como corresponde conceptualmente, el manejo del Plan Nacional del Manejo del Fuego, luego de que en 2017 hab\u00eda sido descuartizado, hab\u00eda quedado el \u00e1rea de combate de incendios subsumida dentro de la l\u00f3gica del Ministerio de Seguridad que no es la l\u00f3gica del Plan Nacional del Manejo del Fuego. Y el \u00e1rea correspondiente a la prevenci\u00f3n hab\u00eda quedado en el Ministerio de Ambiente con un presupuesto igual a cero peso\u00bb.<\/p>\n<p>\u00abDesde agosto de 2020 hasta aqu\u00ed se hicieron unas cuantas cosas, entre ellas recuperar la l\u00f3gica de lo que significa un Plan de Manejo del Fuego que supone la totalidad de las acciones y las herramientas para las etapas que se presentan en el incendio\u00bb, dijo y acot\u00f3 que \u00abtodos sabemos que pretender extinguir un incendio solamente en el momento en el que ya las llamas son irrefrenables es una dificultad demasiado alta y por eso se suele se\u00f1alar, con l\u00f3gica, con criterio, la necesidad de la prevenci\u00f3n\u00bb.<\/p>\n<p>Tras ello, el funcionario nacional sostuvo que \u00abpara poder tener una pol\u00edtica de prevenci\u00f3n hab\u00eda que tener recursos que le fueron arrebatados al Plan Nacional del Manejo del Fuego y por eso una de las primeras decisiones que se adopt\u00f3 desde el Ministerio de Ambiente, y que el ministro Cabandi\u00e9 acompa\u00f1\u00f3 con much\u00edsima energ\u00eda, fue solicitarle al Congreso de la Naci\u00f3n que hiciera una modificaci\u00f3n de la Ley del Plan Nacional del Manejo del Fuego para permitir que hubiese un fondo de recursos permanentes a partir de una al\u00edcuota del 3 por ciento de todas las p\u00f3lizas de seguros que se emitan en la Argentina, menos del seguro de vida. Y eso permiti\u00f3 que en 2021 tuvi\u00e9semos en moneda constante, un presupuesto siete veces superior al del \u00faltimo a\u00f1o del gobierno de Mauricio Macri\u00bb.<\/p>\n<p>\u00abEso permiti\u00f3 tambi\u00e9n poner en marcha pol\u00edticas y previsibilidad porque cuando uno no tiene recursos, y no sabe cu\u00e1les van a ser los recursos del a\u00f1o siguiente y de los sucesivos, no tiene ninguna posibilidad de planificar una pol\u00edtica p\u00fablica\u201d, indic\u00f3.<\/p>\n<p>Entonces, afirm\u00f3 que \u201choy tenemos fondos y un fideicomiso que administra el Ministerio de Ambiente y que nos permite poner en marcha estos faros de conservaci\u00f3n que no es solamente una torre con una c\u00e1mara, sino que es un sistema de prevenci\u00f3n que va a permitir, por ejemplo, en pocos minutos identificar con la georeferenciaci\u00f3n m\u00e1s precisa en d\u00f3nde se inicia un fuego\u00bb, sostuvo Federovisky y acot\u00f3 que la Justicia podr\u00e1 posteriormente hacer las averiguaciones pertinentes.<\/p>\n<p>Tambi\u00e9n dio cuenta de la disposici\u00f3n del comando de operaciones de emergencia que posibilita \u00abestar en el territorio con todos los efectivos correspondientes y con la m\u00e1s moderna tecnolog\u00eda para combatir el fuego\u00bb.<\/p>\n<p>\u00abLa detecci\u00f3n temprana significa poder llegar antes\u00bb, destac\u00f3 el funcionario que es hijo de entrerrianos y luego indic\u00f3 que \u00abaqu\u00ed en general no hay rayos que caigan y provoquen grandes incendios. Lo que hay es una deliberada acci\u00f3n sobre el territorio para sacar un provecho personal, un beneficio para un inter\u00e9s particular\u00bb.<\/p>\n<p>El viceministro nacional explic\u00f3 que esta herramienta \u00abya est\u00e1 funcionando\u00bb, ya pusimos en marcha el centro de monitoreo que est\u00e1 funcionando en el Ministerio de Ambiente, va a haber un centro de monitoreo que se va a instalar en el Parque Pre Delta\u00bb, y con eso ya el sistema est\u00e1 funcionando plenamente\u00bb. En ese marco, inform\u00f3 que en 15 meses \u00abhemos logrado hacer esta inversi\u00f3n y estamos comprometiendo, porque va a estar publicado en todos los medios y el Bolet\u00edn Oficial la semana que viene, una licitaci\u00f3n adicional por 4.200 millones de pesos\u00bb.<\/p>\n<p>Finalmente, sostuvo que \u00abes muy posible que con estos faros de conservaci\u00f3n, con estas c\u00e1maras, con esta tecnolog\u00eda, con el esfuerzo de las provincias, con la coordinaci\u00f3n que hoy tenemos entre Naci\u00f3n, provincias y municipios en materia del Plan Nacional del Manejo del Fuego, podamos enfrentar con algo m\u00e1s de \u00e9xito\u201d el combate del fuego y agreg\u00f3 que \u201clo que ocurre en las islas del Delta no pasa por casualidad y tenemos que tener todos los instrumentos, toda la vocaci\u00f3n y toda la potencia pol\u00edtica e institucional para poder combatirlo porque lo que estamos haciendo es defender el bien com\u00fan\u00bb.<\/p>\n<p><b>La Red<\/b><\/p>\n<p>La Red de Faros de Conservaci\u00f3n del Delta del R\u00edo Paran\u00e1 (PRFC) es una estrategia del Ministerio de Ambiente y Desarrollo Sostenible de la Naci\u00f3n para la prevenci\u00f3n de riesgos y la promoci\u00f3n del desarrollo sostenible en distintos puntos del pa\u00eds, que ya opera en el Delta del Paran\u00e1, con base en la mayor presencia del Estado, el di\u00e1logo con las comunidades isle\u00f1as y ribere\u00f1as y la incorporaci\u00f3n de tecnolog\u00eda para el monitoreo ambiental.<\/p>\n<p>La inversi\u00f3n total de la Red alcanza los 1.300 millones de pesos para la construcci\u00f3n de 27 faros en la zona del Delta del r\u00edo Paran\u00e1, la Regi\u00f3n Centro y la Patagonia.<\/p>\n<p>La iniciativa incluye adem\u00e1s del sistema de monitoreo de incendios, la incorporaci\u00f3n de personal para el seguimiento ambiental y el di\u00e1logo con las comunidades del Delta, la adquisici\u00f3n de equipamiento, el dictado de cursos e instancias de capacitaci\u00f3n para las comunidades isle\u00f1as y productores en materia de conservaci\u00f3n de biodiversidad y prevenci\u00f3n de incendios, la investigaci\u00f3n y extensi\u00f3n sobre pr\u00e1cticas ganaderas que eviten el uso del fuego, entre otras acciones.<\/p>\n<p>La inversi\u00f3n alcanza los 216 millones de pesos y contempla cinco faros en Diamante, Victoria, el Puente Victoria-Rosario y dos en la provincia de Santa Fe.<\/p>\n<p>En la actualidad, la implementaci\u00f3n en territorio, de la que es parte la Administraci\u00f3n de Parques Nacionales (APN), comprende a los parques nacionales Pre-Delta, Islas de Santa Fe y Ciervo de los Pantanos, donde se emplazan los nodos m\u00e1s activos del programa. Los municipios de Victoria (Entre R\u00edos) y Villa Constituci\u00f3n (Santa Fe) tambi\u00e9n forman parte de estos nodos.<\/p>\n<p><b>El acto<\/b><\/p>\n<p>El acto fue encabezado por el gobernador Gustavo Bordet; el secretario de Control y Monitoreo Ambiental del Ministerio de Ambiente y Desarrollo Sostenible de la Naci\u00f3n, Sergio Federovisky; la secretaria de Ambiente de Entre R\u00edos, Daniela Garc\u00eda; la ministra de Ambiente y Cambio Clim\u00e1tico, Erika Gonnet; y la jefa de Gabinete del Ministerio de Ambiente de Naci\u00f3n, Soledad Cantero. Tambi\u00e9n participaron los legisladores Jorge C\u00e1ceres y Claudia Gieco; autoridades de Diamante y el director del Parque NacionalPre-Delta, Aldo Delaloye, entre otros.<\/p>\n<p>Durante el acto, se entreg\u00f3 un cami\u00f3n y una lancha de monitoreo de incendio, y se firm\u00f3 un convenio marco. Luego, Bordet recorri\u00f3 uno de los faros instalados en el parque.<\/p>\n<p><b>Sistema de Monitoreo y Alerta Temprana de Incendios<\/b><\/p>\n<p>Se compone de torres de entre 30 y 40 metros de altura, sobre las que se colocan c\u00e1maras multiespectrales, que identifican humo y calor, y de video, conectadas a internet. Las c\u00e1maras monitorean las 24 horas los 365 d\u00edas del a\u00f1o. Realizan un giro completo cada 5 minutos aproximadamente. Est\u00e1n vinculadas a un software que localiza los focos de incendio con coordenadas geogr\u00e1ficas (georeferenciaci\u00f3n) para indicar el lugar donde ocurren, registrar la hora exacta y emitir alertas. Las alertas est\u00e1n destinadas a ser recibidas en los dos centros de monitoreo para ser analizadas y retransmitidas a quienes deban abordar los focos para su extinci\u00f3n en territorio.<\/p>\n<p>Fueron ubicadas en el camping municipal de la localidad de Puerto Gaboto, provincia de Santa Fe; el Parque Nacional Pre-Delta, provincia de Entre R\u00edos; en la Estaci\u00f3n de peaje de la ruta nacional n.\u00b0 174 (cabecera Este del puente Rosario-Victoria); en el camping municipal de la localidad de Victoria, provincia de Entre R\u00edos; y en el puerto de cabotaje de la localidad de Villa Constituci\u00f3n, provincia de Santa Fe (frente a la Reserva \u201cIsla del Sol\u201d).<\/p>\n<p>Los Centros de monitoreo en tiempo real son el Ministerio de Ambiente y Desarrollo Sostenible de la Naci\u00f3n, PB, Ciudad Aut\u00f3noma de Buenos Aires, y en el Parque Nacional Ciervo de los Pantanos, provincia de Buenos Aires. Est\u00e1 configurado y calibrado, resta terminar la obra civil del espacio en el que tendr\u00e1 su ubicaci\u00f3n.<\/p>\n","protected":false},"excerpt":{"rendered":"<p>Con la incorporaci\u00f3n de tecnolog\u00eda para el monitoreo ambiental, la provincia tendr\u00e1 tres faros que detectar\u00e1n tempranamente incendios, prevendr\u00e1n riesgos y promover\u00e1n el desarrollo sostenible.<\/p>\n","protected":false},"author":8,"featured_media":71026,"comment_status":"open","ping_status":"open","sticky":false,"template":"","format":"standard","meta":{"fifu_image_url":"","fifu_image_alt":"","footnotes":""},"categories":[6],"tags":[34,3046,167,3047],"class_list":{"0":"post-71025","1":"post","2":"type-post","3":"status-publish","4":"format-standard","5":"has-post-thumbnail","7":"category-entre-rios","8":"tag-diamante","9":"tag-faros-para-monitoreo","10":"tag-gustavo-bordet","11":"tag-isla-del-delta"},"yoast_head":"<title>Entre R\u00edos dispone de un sistema de faros para monitoreo en las islas del Delta para prevenir incendios - Informe Litoral<\/title>\n<meta name=\"robots\" content=\"index, follow, max-snippet:-1, max-image-preview:large, max-video-preview:-1\" \/>\n<link rel=\"canonical\" href=\"https:\/\/informelitoral.com.ar\/entre-rios-dispone-de-un-sistema-de-faros-para-monitoreo-en-las-islas-del-delta-para-prevenir-incendios\/\" \/>\n<meta property=\"og:locale\" content=\"es_ES\" \/>\n<meta property=\"og:type\" content=\"article\" \/>\n<meta property=\"og:title\" content=\"Entre R\u00edos dispone de un sistema de faros para monitoreo en las islas del Delta para prevenir incendios - Informe Litoral\" \/>\n<meta property=\"og:description\" content=\"Con la incorporaci\u00f3n de tecnolog\u00eda para el monitoreo ambiental, la provincia tendr\u00e1 tres faros que detectar\u00e1n tempranamente incendios, prevendr\u00e1n riesgos y promover\u00e1n el desarrollo sostenible.\" \/>\n<meta property=\"og:url\" content=\"https:\/\/informelitoral.com.ar\/entre-rios-dispone-de-un-sistema-de-faros-para-monitoreo-en-las-islas-del-delta-para-prevenir-incendios\/\" \/>\n<meta property=\"og:site_name\" content=\"Informe Litoral\" \/>\n<meta property=\"article:publisher\" content=\"https:\/\/www.facebook.com\/informelitoral\/\" \/>\n<meta property=\"article:published_time\" content=\"2022-01-31T20:09:16+00:00\" \/>\n<meta property=\"og:image\" content=\"https:\/\/informelitoral.com.ar\/%77%70%2d%63%6f%6e%74%65%6e%74\/uploads\/2022\/01\/x_1643655685-scaled.jpg\" \/>\n\t<meta property=\"og:image:width\" content=\"2560\" \/>\n\t<meta property=\"og:image:height\" content=\"1705\" \/>\n\t<meta property=\"og:image:type\" content=\"image\/jpeg\" \/>\n<meta name=\"author\" content=\"Sebastian\" \/>\n<meta name=\"twitter:card\" content=\"summary_large_image\" \/>\n<meta name=\"twitter:creator\" content=\"@InformeLitoral\" \/>\n<meta name=\"twitter:site\" content=\"@InformeLitoral\" \/>\n<meta name=\"twitter:label1\" content=\"Escrito por\" \/>\n\t<meta name=\"twitter:data1\" content=\"Sebastian\" \/>\n\t<meta name=\"twitter:label2\" content=\"Tiempo de lectura\" \/>\n\t<meta name=\"twitter:data2\" content=\"11 minutos\" \/>\n<script type=\"application\/ld+json\" class=\"yoast-schema-graph\">{\"@context\":\"https:\\\/\\\/schema.org\",\"@graph\":[{\"@type\":\"Article\",\"@id\":\"https:\\\/\\\/informelitoral.com.ar\\\/entre-rios-dispone-de-un-sistema-de-faros-para-monitoreo-en-las-islas-del-delta-para-prevenir-incendios\\\/#article\",\"isPartOf\":{\"@id\":\"https:\\\/\\\/informelitoral.com.ar\\\/entre-rios-dispone-de-un-sistema-de-faros-para-monitoreo-en-las-islas-del-delta-para-prevenir-incendios\\\/\"},\"author\":{\"name\":\"Sebastian\",\"@id\":\"https:\\\/\\\/informelitoral.com.ar\\\/#\\\/schema\\\/person\\\/f05f9f461677119578717524b127d6d5\"},\"headline\":\"Entre R\u00edos dispone de un sistema de faros para monitoreo en las islas del Delta para prevenir incendios\",\"datePublished\":\"2022-01-31T20:09:16+00:00\",\"mainEntityOfPage\":{\"@id\":\"https:\\\/\\\/informelitoral.com.ar\\\/entre-rios-dispone-de-un-sistema-de-faros-para-monitoreo-en-las-islas-del-delta-para-prevenir-incendios\\\/\"},\"wordCount\":2226,\"commentCount\":0,\"publisher\":{\"@id\":\"https:\\\/\\\/informelitoral.com.ar\\\/#organization\"},\"image\":{\"@id\":\"https:\\\/\\\/informelitoral.com.ar\\\/entre-rios-dispone-de-un-sistema-de-faros-para-monitoreo-en-las-islas-del-delta-para-prevenir-incendios\\\/#primaryimage\"},\"thumbnailUrl\":\"https:\\\/\\\/informelitoral.com.ar\\\/%77%70%2d%63%6f%6e%74%65%6e%74\\\/uploads\\\/2022\\\/01\\\/x_1643655685-scaled.jpg\",\"keywords\":[\"Diamante\",\"Faros para monitoreo\",\"Gustavo Bordet\",\"Isla del Delta\"],\"articleSection\":[\"Entre R\u00edos\"],\"inLanguage\":\"es\",\"potentialAction\":[{\"@type\":\"CommentAction\",\"name\":\"Comment\",\"target\":[\"https:\\\/\\\/informelitoral.com.ar\\\/entre-rios-dispone-de-un-sistema-de-faros-para-monitoreo-en-las-islas-del-delta-para-prevenir-incendios\\\/#respond\"]}]},{\"@type\":\"WebPage\",\"@id\":\"https:\\\/\\\/informelitoral.com.ar\\\/entre-rios-dispone-de-un-sistema-de-faros-para-monitoreo-en-las-islas-del-delta-para-prevenir-incendios\\\/\",\"url\":\"https:\\\/\\\/informelitoral.com.ar\\\/entre-rios-dispone-de-un-sistema-de-faros-para-monitoreo-en-las-islas-del-delta-para-prevenir-incendios\\\/\",\"name\":\"Entre R\u00edos dispone de un sistema de faros para monitoreo en las islas del Delta para prevenir incendios - Informe Litoral\",\"isPartOf\":{\"@id\":\"https:\\\/\\\/informelitoral.com.ar\\\/#website\"},\"primaryImageOfPage\":{\"@id\":\"https:\\\/\\\/informelitoral.com.ar\\\/entre-rios-dispone-de-un-sistema-de-faros-para-monitoreo-en-las-islas-del-delta-para-prevenir-incendios\\\/#primaryimage\"},\"image\":{\"@id\":\"https:\\\/\\\/informelitoral.com.ar\\\/entre-rios-dispone-de-un-sistema-de-faros-para-monitoreo-en-las-islas-del-delta-para-prevenir-incendios\\\/#primaryimage\"},\"thumbnailUrl\":\"https:\\\/\\\/informelitoral.com.ar\\\/%77%70%2d%63%6f%6e%74%65%6e%74\\\/uploads\\\/2022\\\/01\\\/x_1643655685-scaled.jpg\",\"datePublished\":\"2022-01-31T20:09:16+00:00\",\"breadcrumb\":{\"@id\":\"https:\\\/\\\/informelitoral.com.ar\\\/entre-rios-dispone-de-un-sistema-de-faros-para-monitoreo-en-las-islas-del-delta-para-prevenir-incendios\\\/#breadcrumb\"},\"inLanguage\":\"es\",\"potentialAction\":[{\"@type\":\"ReadAction\",\"target\":[\"https:\\\/\\\/informelitoral.com.ar\\\/entre-rios-dispone-de-un-sistema-de-faros-para-monitoreo-en-las-islas-del-delta-para-prevenir-incendios\\\/\"]}]},{\"@type\":\"ImageObject\",\"inLanguage\":\"es\",\"@id\":\"https:\\\/\\\/informelitoral.com.ar\\\/entre-rios-dispone-de-un-sistema-de-faros-para-monitoreo-en-las-islas-del-delta-para-prevenir-incendios\\\/#primaryimage\",\"url\":\"https:\\\/\\\/informelitoral.com.ar\\\/%77%70%2d%63%6f%6e%74%65%6e%74\\\/uploads\\\/2022\\\/01\\\/x_1643655685-scaled.jpg\",\"contentUrl\":\"https:\\\/\\\/informelitoral.com.ar\\\/%77%70%2d%63%6f%6e%74%65%6e%74\\\/uploads\\\/2022\\\/01\\\/x_1643655685-scaled.jpg\",\"width\":2560,\"height\":1705},{\"@type\":\"BreadcrumbList\",\"@id\":\"https:\\\/\\\/informelitoral.com.ar\\\/entre-rios-dispone-de-un-sistema-de-faros-para-monitoreo-en-las-islas-del-delta-para-prevenir-incendios\\\/#breadcrumb\",\"itemListElement\":[{\"@type\":\"ListItem\",\"position\":1,\"name\":\"Portada\",\"item\":\"https:\\\/\\\/informelitoral.com.ar\\\/\"},{\"@type\":\"ListItem\",\"position\":2,\"name\":\"Entre R\u00edos dispone de un sistema de faros para monitoreo en las islas del Delta para prevenir incendios\"}]},{\"@type\":\"WebSite\",\"@id\":\"https:\\\/\\\/informelitoral.com.ar\\\/#website\",\"url\":\"https:\\\/\\\/informelitoral.com.ar\\\/\",\"name\":\"Informe Litoral\",\"description\":\"&quot;Nos informamos&quot; \",\"publisher\":{\"@id\":\"https:\\\/\\\/informelitoral.com.ar\\\/#organization\"},\"potentialAction\":[{\"@type\":\"SearchAction\",\"target\":{\"@type\":\"EntryPoint\",\"urlTemplate\":\"https:\\\/\\\/informelitoral.com.ar\\\/?s={search_term_string}\"},\"query-input\":{\"@type\":\"PropertyValueSpecification\",\"valueRequired\":true,\"valueName\":\"search_term_string\"}}],\"inLanguage\":\"es\"},{\"@type\":\"Organization\",\"@id\":\"https:\\\/\\\/informelitoral.com.ar\\\/#organization\",\"name\":\"Informe Litoral\",\"url\":\"https:\\\/\\\/informelitoral.com.ar\\\/\",\"logo\":{\"@type\":\"ImageObject\",\"inLanguage\":\"es\",\"@id\":\"https:\\\/\\\/informelitoral.com.ar\\\/#\\\/schema\\\/logo\\\/image\\\/\",\"url\":\"https:\\\/\\\/informelitoral.com.ar\\\/%77%70%2d%63%6f%6e%74%65%6e%74\\\/uploads\\\/2021\\\/01\\\/circulo.png\",\"contentUrl\":\"https:\\\/\\\/informelitoral.com.ar\\\/%77%70%2d%63%6f%6e%74%65%6e%74\\\/uploads\\\/2021\\\/01\\\/circulo.png\",\"width\":723,\"height\":731,\"caption\":\"Informe Litoral\"},\"image\":{\"@id\":\"https:\\\/\\\/informelitoral.com.ar\\\/#\\\/schema\\\/logo\\\/image\\\/\"},\"sameAs\":[\"https:\\\/\\\/www.facebook.com\\\/informelitoral\\\/\",\"https:\\\/\\\/x.com\\\/InformeLitoral\",\"https:\\\/\\\/www.instagram.com\\\/informelitoral\\\/\",\"https:\\\/\\\/www.youtube.com\\\/channel\\\/UCua4Qvz8Icb6MYqhoq9xLXw\"]},{\"@type\":\"Person\",\"@id\":\"https:\\\/\\\/informelitoral.com.ar\\\/#\\\/schema\\\/person\\\/f05f9f461677119578717524b127d6d5\",\"name\":\"Sebastian\",\"image\":{\"@type\":\"ImageObject\",\"inLanguage\":\"es\",\"@id\":\"https:\\\/\\\/secure.gravatar.com\\\/avatar\\\/b71bf7481d447dfb9583c7f2798e7cc64de6efb9067b74633ed8c31059a3bd82?s=96&d=mm&r=g\",\"url\":\"https:\\\/\\\/secure.gravatar.com\\\/avatar\\\/b71bf7481d447dfb9583c7f2798e7cc64de6efb9067b74633ed8c31059a3bd82?s=96&d=mm&r=g\",\"contentUrl\":\"https:\\\/\\\/secure.gravatar.com\\\/avatar\\\/b71bf7481d447dfb9583c7f2798e7cc64de6efb9067b74633ed8c31059a3bd82?s=96&d=mm&r=g\",\"caption\":\"Sebastian\"},\"url\":\"https:\\\/\\\/informelitoral.com.ar\\\/author\\\/sebastian\\\/\"}]}<\/script>","yoast_head_json":{"title":"Entre R\u00edos dispone de un sistema de faros para monitoreo en las islas del Delta para prevenir incendios - Informe Litoral","robots":{"index":"index","follow":"follow","max-snippet":"max-snippet:-1","max-image-preview":"max-image-preview:large","max-video-preview":"max-video-preview:-1"},"canonical":"https:\/\/informelitoral.com.ar\/entre-rios-dispone-de-un-sistema-de-faros-para-monitoreo-en-las-islas-del-delta-para-prevenir-incendios\/","og_locale":"es_ES","og_type":"article","og_title":"Entre R\u00edos dispone de un sistema de faros para monitoreo en las islas del Delta para prevenir incendios - Informe Litoral","og_description":"Con la incorporaci\u00f3n de tecnolog\u00eda para el monitoreo ambiental, la provincia tendr\u00e1 tres faros que detectar\u00e1n tempranamente incendios, prevendr\u00e1n riesgos y promover\u00e1n el desarrollo sostenible.","og_url":"https:\/\/informelitoral.com.ar\/entre-rios-dispone-de-un-sistema-de-faros-para-monitoreo-en-las-islas-del-delta-para-prevenir-incendios\/","og_site_name":"Informe Litoral","article_publisher":"https:\/\/www.facebook.com\/informelitoral\/","article_published_time":"2022-01-31T20:09:16+00:00","og_image":[{"width":2560,"height":1705,"url":"https:\/\/informelitoral.com.ar\/%77%70%2d%63%6f%6e%74%65%6e%74\/uploads\/2022\/01\/x_1643655685-scaled.jpg","type":"image\/jpeg"}],"author":"Sebastian","twitter_card":"summary_large_image","twitter_creator":"@InformeLitoral","twitter_site":"@InformeLitoral","twitter_misc":{"Escrito por":"Sebastian","Tiempo de lectura":"11 minutos"},"schema":{"@context":"https:\/\/schema.org","@graph":[{"@type":"Article","@id":"https:\/\/informelitoral.com.ar\/entre-rios-dispone-de-un-sistema-de-faros-para-monitoreo-en-las-islas-del-delta-para-prevenir-incendios\/#article","isPartOf":{"@id":"https:\/\/informelitoral.com.ar\/entre-rios-dispone-de-un-sistema-de-faros-para-monitoreo-en-las-islas-del-delta-para-prevenir-incendios\/"},"author":{"name":"Sebastian","@id":"https:\/\/informelitoral.com.ar\/#\/schema\/person\/f05f9f461677119578717524b127d6d5"},"headline":"Entre R\u00edos dispone de un sistema de faros para monitoreo en las islas del Delta para prevenir incendios","datePublished":"2022-01-31T20:09:16+00:00","mainEntityOfPage":{"@id":"https:\/\/informelitoral.com.ar\/entre-rios-dispone-de-un-sistema-de-faros-para-monitoreo-en-las-islas-del-delta-para-prevenir-incendios\/"},"wordCount":2226,"commentCount":0,"publisher":{"@id":"https:\/\/informelitoral.com.ar\/#organization"},"image":{"@id":"https:\/\/informelitoral.com.ar\/entre-rios-dispone-de-un-sistema-de-faros-para-monitoreo-en-las-islas-del-delta-para-prevenir-incendios\/#primaryimage"},"thumbnailUrl":"https:\/\/informelitoral.com.ar\/%77%70%2d%63%6f%6e%74%65%6e%74\/uploads\/2022\/01\/x_1643655685-scaled.jpg","keywords":["Diamante","Faros para monitoreo","Gustavo Bordet","Isla del Delta"],"articleSection":["Entre R\u00edos"],"inLanguage":"es","potentialAction":[{"@type":"CommentAction","name":"Comment","target":["https:\/\/informelitoral.com.ar\/entre-rios-dispone-de-un-sistema-de-faros-para-monitoreo-en-las-islas-del-delta-para-prevenir-incendios\/#respond"]}]},{"@type":"WebPage","@id":"https:\/\/informelitoral.com.ar\/entre-rios-dispone-de-un-sistema-de-faros-para-monitoreo-en-las-islas-del-delta-para-prevenir-incendios\/","url":"https:\/\/informelitoral.com.ar\/entre-rios-dispone-de-un-sistema-de-faros-para-monitoreo-en-las-islas-del-delta-para-prevenir-incendios\/","name":"Entre R\u00edos dispone de un sistema de faros para monitoreo en las islas del Delta para prevenir incendios - Informe Litoral","isPartOf":{"@id":"https:\/\/informelitoral.com.ar\/#website"},"primaryImageOfPage":{"@id":"https:\/\/informelitoral.com.ar\/entre-rios-dispone-de-un-sistema-de-faros-para-monitoreo-en-las-islas-del-delta-para-prevenir-incendios\/#primaryimage"},"image":{"@id":"https:\/\/informelitoral.com.ar\/entre-rios-dispone-de-un-sistema-de-faros-para-monitoreo-en-las-islas-del-delta-para-prevenir-incendios\/#primaryimage"},"thumbnailUrl":"https:\/\/informelitoral.com.ar\/%77%70%2d%63%6f%6e%74%65%6e%74\/uploads\/2022\/01\/x_1643655685-scaled.jpg","datePublished":"2022-01-31T20:09:16+00:00","breadcrumb":{"@id":"https:\/\/informelitoral.com.ar\/entre-rios-dispone-de-un-sistema-de-faros-para-monitoreo-en-las-islas-del-delta-para-prevenir-incendios\/#breadcrumb"},"inLanguage":"es","potentialAction":[{"@type":"ReadAction","target":["https:\/\/informelitoral.com.ar\/entre-rios-dispone-de-un-sistema-de-faros-para-monitoreo-en-las-islas-del-delta-para-prevenir-incendios\/"]}]},{"@type":"ImageObject","inLanguage":"es","@id":"https:\/\/informelitoral.com.ar\/entre-rios-dispone-de-un-sistema-de-faros-para-monitoreo-en-las-islas-del-delta-para-prevenir-incendios\/#primaryimage","url":"https:\/\/informelitoral.com.ar\/%77%70%2d%63%6f%6e%74%65%6e%74\/uploads\/2022\/01\/x_1643655685-scaled.jpg","contentUrl":"https:\/\/informelitoral.com.ar\/%77%70%2d%63%6f%6e%74%65%6e%74\/uploads\/2022\/01\/x_1643655685-scaled.jpg","width":2560,"height":1705},{"@type":"BreadcrumbList","@id":"https:\/\/informelitoral.com.ar\/entre-rios-dispone-de-un-sistema-de-faros-para-monitoreo-en-las-islas-del-delta-para-prevenir-incendios\/#breadcrumb","itemListElement":[{"@type":"ListItem","position":1,"name":"Portada","item":"https:\/\/informelitoral.com.ar\/"},{"@type":"ListItem","position":2,"name":"Entre R\u00edos dispone de un sistema de faros para monitoreo en las islas del Delta para prevenir incendios"}]},{"@type":"WebSite","@id":"https:\/\/informelitoral.com.ar\/#website","url":"https:\/\/informelitoral.com.ar\/","name":"Informe Litoral","description":"&quot;Nos informamos&quot; ","publisher":{"@id":"https:\/\/informelitoral.com.ar\/#organization"},"potentialAction":[{"@type":"SearchAction","target":{"@type":"EntryPoint","urlTemplate":"https:\/\/informelitoral.com.ar\/?s={search_term_string}"},"query-input":{"@type":"PropertyValueSpecification","valueRequired":true,"valueName":"search_term_string"}}],"inLanguage":"es"},{"@type":"Organization","@id":"https:\/\/informelitoral.com.ar\/#organization","name":"Informe Litoral","url":"https:\/\/informelitoral.com.ar\/","logo":{"@type":"ImageObject","inLanguage":"es","@id":"https:\/\/informelitoral.com.ar\/#\/schema\/logo\/image\/","url":"https:\/\/informelitoral.com.ar\/%77%70%2d%63%6f%6e%74%65%6e%74\/uploads\/2021\/01\/circulo.png","contentUrl":"https:\/\/informelitoral.com.ar\/%77%70%2d%63%6f%6e%74%65%6e%74\/uploads\/2021\/01\/circulo.png","width":723,"height":731,"caption":"Informe Litoral"},"image":{"@id":"https:\/\/informelitoral.com.ar\/#\/schema\/logo\/image\/"},"sameAs":["https:\/\/www.facebook.com\/informelitoral\/","https:\/\/x.com\/InformeLitoral","https:\/\/www.instagram.com\/informelitoral\/","https:\/\/www.youtube.com\/channel\/UCua4Qvz8Icb6MYqhoq9xLXw"]},{"@type":"Person","@id":"https:\/\/informelitoral.com.ar\/#\/schema\/person\/f05f9f461677119578717524b127d6d5","name":"Sebastian","image":{"@type":"ImageObject","inLanguage":"es","@id":"https:\/\/secure.gravatar.com\/avatar\/b71bf7481d447dfb9583c7f2798e7cc64de6efb9067b74633ed8c31059a3bd82?s=96&d=mm&r=g","url":"https:\/\/secure.gravatar.com\/avatar\/b71bf7481d447dfb9583c7f2798e7cc64de6efb9067b74633ed8c31059a3bd82?s=96&d=mm&r=g","contentUrl":"https:\/\/secure.gravatar.com\/avatar\/b71bf7481d447dfb9583c7f2798e7cc64de6efb9067b74633ed8c31059a3bd82?s=96&d=mm&r=g","caption":"Sebastian"},"url":"https:\/\/informelitoral.com.ar\/author\/sebastian\/"}]}},"_links":{"self":[{"href":"https:\/\/informelitoral.com.ar\/%77%70%2d%6a%73%6f%6e\/wp\/v2\/posts\/71025","targetHints":{"allow":["GET"]}}],"collection":[{"href":"https:\/\/informelitoral.com.ar\/%77%70%2d%6a%73%6f%6e\/wp\/v2\/posts"}],"about":[{"href":"https:\/\/informelitoral.com.ar\/%77%70%2d%6a%73%6f%6e\/wp\/v2\/types\/post"}],"author":[{"embeddable":true,"href":"https:\/\/informelitoral.com.ar\/%77%70%2d%6a%73%6f%6e\/wp\/v2\/users\/8"}],"replies":[{"embeddable":true,"href":"https:\/\/informelitoral.com.ar\/%77%70%2d%6a%73%6f%6e\/wp\/v2\/comments?post=71025"}],"version-history":[{"count":0,"href":"https:\/\/informelitoral.com.ar\/%77%70%2d%6a%73%6f%6e\/wp\/v2\/posts\/71025\/revisions"}],"wp:featuredmedia":[{"embeddable":true,"href":"https:\/\/informelitoral.com.ar\/%77%70%2d%6a%73%6f%6e\/wp\/v2\/media\/71026"}],"wp:attachment":[{"href":"https:\/\/informelitoral.com.ar\/%77%70%2d%6a%73%6f%6e\/wp\/v2\/media?parent=71025"}],"wp:term":[{"taxonomy":"category","embeddable":true,"href":"https:\/\/informelitoral.com.ar\/%77%70%2d%6a%73%6f%6e\/wp\/v2\/categories?post=71025"},{"taxonomy":"post_tag","embeddable":true,"href":"https:\/\/informelitoral.com.ar\/%77%70%2d%6a%73%6f%6e\/wp\/v2\/tags?post=71025"}],"curies":[{"name":"wp","href":"https:\/\/api.w.org\/{rel}","templated":true}]}}