{"id":70845,"date":"2022-01-27T09:40:40","date_gmt":"2022-01-27T12:40:40","guid":{"rendered":"https:\/\/www.informelitoral.com.ar\/?p=70845"},"modified":"2022-01-27T10:50:59","modified_gmt":"2022-01-27T13:50:59","slug":"articulan-asistencia-para-evaluar-las-propuestas-por-la-licitacion-del-dragado-en-el-puerto-de-diamante","status":"publish","type":"post","link":"https:\/\/informelitoral.com.ar\/articulan-asistencia-para-evaluar-las-propuestas-por-la-licitacion-del-dragado-en-el-puerto-de-diamante\/","title":{"rendered":"Articulan asistencia para evaluar las propuestas por la licitaci\u00f3n del dragado en el puerto de Diamante"},"content":{"rendered":"<p>En el marco de la pr\u00f3xima licitaci\u00f3n p\u00fablica de la obra \u201cDragado Integral del Puerto P\u00fablico Diamante \u2013 Etapa 1 \u2013 Dragado de Emergencia\u201d, a realizarse el d\u00eda 28 de febrero en las oficinas del Ente Aut\u00e1rquico Puerto Diamante, el ministro Richard mantuvo un encuentro de trabajo con el titular del ente, Luis Stello.<\/p>\n<p>La reuni\u00f3n tuvo como objetivo avanzar de forma articulada en la asistencia t\u00e9cnica requerida por el organismo portuario en relaci\u00f3n al proceso de evaluaci\u00f3n de las propuestas. En tal sentido, Stello explic\u00f3 que \u201cel puerto de Diamante est\u00e1 en plena licitaci\u00f3n de dragado y solicitamos al ministro Richard, colaboraci\u00f3n precisamente con la evaluaci\u00f3n de las propuestas que pr\u00f3ximamente se tendr\u00e1n que analizar\u201d.<\/p>\n<p>La gesti\u00f3n se funda en virtud que en el Ministerio de Planeamiento, Infraestructura y Servicios, funciona la Comisi\u00f3n \u00danica Evaluadora, y cuya tarea es evaluar en el marco de la ley de obras, las propuestas presentadas en las licitaciones llevadas adelante desde la cartera.<\/p>\n<p>\u201cEl puerto de Diamante est\u00e1 en plena licitaci\u00f3n de dragado, un dragado de emergencia frente a la emergencia h\u00eddrica que tiene el r\u00edo Paran\u00e1\u201d precis\u00f3 Stello y acot\u00f3 que gestionaron \u201ccolaboraci\u00f3n precisamente con la evaluaci\u00f3n econ\u00f3mica t\u00e9cnica de las propuestas, aprovechando la experiencia que tiene este ministerio en licitaciones y precisamente en orden a tratar de buscar la m\u00e1xima experiencia y tambi\u00e9n resguardar los intereses del Estado\u201d.<\/p>\n","protected":false},"excerpt":{"rendered":"<p>El ministro de Planeamiento, Marcelo Richard, recibi\u00f3 al presidente del Ente Aut\u00e1rquico Puerto Diamante, Luis Stello, a fin de articular acciones que tiendan a facilitar asistencia t\u00e9cnica de la Comisi\u00f3n \u00danica de Evaluaci\u00f3n al organismo portuario.<\/p>\n","protected":false},"author":8,"featured_media":70847,"comment_status":"open","ping_status":"open","sticky":false,"template":"","format":"standard","meta":{"fifu_image_url":"","fifu_image_alt":"","footnotes":""},"categories":[5],"tags":[34,600,3019],"class_list":{"0":"post-70845","1":"post","2":"type-post","3":"status-publish","4":"format-standard","5":"has-post-thumbnail","7":"category-zonales","8":"tag-diamante","9":"tag-licitacion","10":"tag-luis-stallo"},"yoast_head":"<title>Articulan asistencia para evaluar las propuestas por la licitaci\u00f3n del dragado en el puerto de Diamante - Informe Litoral<\/title>\n<meta name=\"robots\" content=\"index, follow, max-snippet:-1, max-image-preview:large, max-video-preview:-1\" \/>\n<link rel=\"canonical\" href=\"https:\/\/informelitoral.com.ar\/articulan-asistencia-para-evaluar-las-propuestas-por-la-licitacion-del-dragado-en-el-puerto-de-diamante\/\" \/>\n<meta property=\"og:locale\" content=\"es_ES\" \/>\n<meta property=\"og:type\" content=\"article\" \/>\n<meta property=\"og:title\" content=\"Articulan asistencia para evaluar las propuestas por la licitaci\u00f3n del dragado en el puerto de Diamante - Informe Litoral\" \/>\n<meta property=\"og:description\" content=\"El ministro de Planeamiento, Marcelo Richard, recibi\u00f3 al presidente del Ente Aut\u00e1rquico Puerto Diamante, Luis Stello, a fin de articular acciones que tiendan a facilitar asistencia t\u00e9cnica de la Comisi\u00f3n \u00danica de Evaluaci\u00f3n al organismo portuario.\" \/>\n<meta property=\"og:url\" content=\"https:\/\/informelitoral.com.ar\/articulan-asistencia-para-evaluar-las-propuestas-por-la-licitacion-del-dragado-en-el-puerto-de-diamante\/\" \/>\n<meta property=\"og:site_name\" content=\"Informe Litoral\" \/>\n<meta property=\"article:publisher\" content=\"https:\/\/www.facebook.com\/informelitoral\/\" \/>\n<meta property=\"article:published_time\" content=\"2022-01-27T12:40:40+00:00\" \/>\n<meta property=\"article:modified_time\" content=\"2022-01-27T13:50:59+00:00\" \/>\n<meta property=\"og:image\" content=\"https:\/\/informelitoral.com.ar\/%77%70%2d%63%6f%6e%74%65%6e%74\/uploads\/2022\/01\/x_1643283220.jpg\" \/>\n\t<meta property=\"og:image:width\" content=\"1920\" \/>\n\t<meta property=\"og:image:height\" content=\"1280\" \/>\n\t<meta property=\"og:image:type\" content=\"image\/jpeg\" \/>\n<meta name=\"author\" content=\"Sebastian\" \/>\n<meta name=\"twitter:card\" content=\"summary_large_image\" \/>\n<meta name=\"twitter:creator\" content=\"@InformeLitoral\" \/>\n<meta name=\"twitter:site\" content=\"@InformeLitoral\" \/>\n<meta name=\"twitter:label1\" content=\"Escrito por\" \/>\n\t<meta name=\"twitter:data1\" content=\"Sebastian\" \/>\n\t<meta name=\"twitter:label2\" content=\"Tiempo de lectura\" \/>\n\t<meta name=\"twitter:data2\" content=\"1 minuto\" \/>\n<script type=\"application\/ld+json\" class=\"yoast-schema-graph\">{\"@context\":\"https:\\\/\\\/schema.org\",\"@graph\":[{\"@type\":\"Article\",\"@id\":\"https:\\\/\\\/informelitoral.com.ar\\\/articulan-asistencia-para-evaluar-las-propuestas-por-la-licitacion-del-dragado-en-el-puerto-de-diamante\\\/#article\",\"isPartOf\":{\"@id\":\"https:\\\/\\\/informelitoral.com.ar\\\/articulan-asistencia-para-evaluar-las-propuestas-por-la-licitacion-del-dragado-en-el-puerto-de-diamante\\\/\"},\"author\":{\"name\":\"Sebastian\",\"@id\":\"https:\\\/\\\/informelitoral.com.ar\\\/#\\\/schema\\\/person\\\/f05f9f461677119578717524b127d6d5\"},\"headline\":\"Articulan asistencia para evaluar las propuestas por la licitaci\u00f3n del dragado en el puerto de Diamante\",\"datePublished\":\"2022-01-27T12:40:40+00:00\",\"dateModified\":\"2022-01-27T13:50:59+00:00\",\"mainEntityOfPage\":{\"@id\":\"https:\\\/\\\/informelitoral.com.ar\\\/articulan-asistencia-para-evaluar-las-propuestas-por-la-licitacion-del-dragado-en-el-puerto-de-diamante\\\/\"},\"wordCount\":266,\"commentCount\":0,\"publisher\":{\"@id\":\"https:\\\/\\\/informelitoral.com.ar\\\/#organization\"},\"image\":{\"@id\":\"https:\\\/\\\/informelitoral.com.ar\\\/articulan-asistencia-para-evaluar-las-propuestas-por-la-licitacion-del-dragado-en-el-puerto-de-diamante\\\/#primaryimage\"},\"thumbnailUrl\":\"https:\\\/\\\/informelitoral.com.ar\\\/%77%70%2d%63%6f%6e%74%65%6e%74\\\/uploads\\\/2022\\\/01\\\/x_1643283220.jpg\",\"keywords\":[\"Diamante\",\"Licitaci\u00f3n\",\"Luis Stallo\"],\"articleSection\":[\"Departamento Diamante\"],\"inLanguage\":\"es\",\"potentialAction\":[{\"@type\":\"CommentAction\",\"name\":\"Comment\",\"target\":[\"https:\\\/\\\/informelitoral.com.ar\\\/articulan-asistencia-para-evaluar-las-propuestas-por-la-licitacion-del-dragado-en-el-puerto-de-diamante\\\/#respond\"]}]},{\"@type\":\"WebPage\",\"@id\":\"https:\\\/\\\/informelitoral.com.ar\\\/articulan-asistencia-para-evaluar-las-propuestas-por-la-licitacion-del-dragado-en-el-puerto-de-diamante\\\/\",\"url\":\"https:\\\/\\\/informelitoral.com.ar\\\/articulan-asistencia-para-evaluar-las-propuestas-por-la-licitacion-del-dragado-en-el-puerto-de-diamante\\\/\",\"name\":\"Articulan asistencia para evaluar las propuestas por la licitaci\u00f3n del dragado en el puerto de Diamante - Informe Litoral\",\"isPartOf\":{\"@id\":\"https:\\\/\\\/informelitoral.com.ar\\\/#website\"},\"primaryImageOfPage\":{\"@id\":\"https:\\\/\\\/informelitoral.com.ar\\\/articulan-asistencia-para-evaluar-las-propuestas-por-la-licitacion-del-dragado-en-el-puerto-de-diamante\\\/#primaryimage\"},\"image\":{\"@id\":\"https:\\\/\\\/informelitoral.com.ar\\\/articulan-asistencia-para-evaluar-las-propuestas-por-la-licitacion-del-dragado-en-el-puerto-de-diamante\\\/#primaryimage\"},\"thumbnailUrl\":\"https:\\\/\\\/informelitoral.com.ar\\\/%77%70%2d%63%6f%6e%74%65%6e%74\\\/uploads\\\/2022\\\/01\\\/x_1643283220.jpg\",\"datePublished\":\"2022-01-27T12:40:40+00:00\",\"dateModified\":\"2022-01-27T13:50:59+00:00\",\"breadcrumb\":{\"@id\":\"https:\\\/\\\/informelitoral.com.ar\\\/articulan-asistencia-para-evaluar-las-propuestas-por-la-licitacion-del-dragado-en-el-puerto-de-diamante\\\/#breadcrumb\"},\"inLanguage\":\"es\",\"potentialAction\":[{\"@type\":\"ReadAction\",\"target\":[\"https:\\\/\\\/informelitoral.com.ar\\\/articulan-asistencia-para-evaluar-las-propuestas-por-la-licitacion-del-dragado-en-el-puerto-de-diamante\\\/\"]}]},{\"@type\":\"ImageObject\",\"inLanguage\":\"es\",\"@id\":\"https:\\\/\\\/informelitoral.com.ar\\\/articulan-asistencia-para-evaluar-las-propuestas-por-la-licitacion-del-dragado-en-el-puerto-de-diamante\\\/#primaryimage\",\"url\":\"https:\\\/\\\/informelitoral.com.ar\\\/%77%70%2d%63%6f%6e%74%65%6e%74\\\/uploads\\\/2022\\\/01\\\/x_1643283220.jpg\",\"contentUrl\":\"https:\\\/\\\/informelitoral.com.ar\\\/%77%70%2d%63%6f%6e%74%65%6e%74\\\/uploads\\\/2022\\\/01\\\/x_1643283220.jpg\",\"width\":1920,\"height\":1280},{\"@type\":\"BreadcrumbList\",\"@id\":\"https:\\\/\\\/informelitoral.com.ar\\\/articulan-asistencia-para-evaluar-las-propuestas-por-la-licitacion-del-dragado-en-el-puerto-de-diamante\\\/#breadcrumb\",\"itemListElement\":[{\"@type\":\"ListItem\",\"position\":1,\"name\":\"Portada\",\"item\":\"https:\\\/\\\/informelitoral.com.ar\\\/\"},{\"@type\":\"ListItem\",\"position\":2,\"name\":\"Articulan asistencia para evaluar las propuestas por la licitaci\u00f3n del dragado en el puerto de Diamante\"}]},{\"@type\":\"WebSite\",\"@id\":\"https:\\\/\\\/informelitoral.com.ar\\\/#website\",\"url\":\"https:\\\/\\\/informelitoral.com.ar\\\/\",\"name\":\"Informe Litoral\",\"description\":\"&quot;Nos informamos&quot; \",\"publisher\":{\"@id\":\"https:\\\/\\\/informelitoral.com.ar\\\/#organization\"},\"potentialAction\":[{\"@type\":\"SearchAction\",\"target\":{\"@type\":\"EntryPoint\",\"urlTemplate\":\"https:\\\/\\\/informelitoral.com.ar\\\/?s={search_term_string}\"},\"query-input\":{\"@type\":\"PropertyValueSpecification\",\"valueRequired\":true,\"valueName\":\"search_term_string\"}}],\"inLanguage\":\"es\"},{\"@type\":\"Organization\",\"@id\":\"https:\\\/\\\/informelitoral.com.ar\\\/#organization\",\"name\":\"Informe Litoral\",\"url\":\"https:\\\/\\\/informelitoral.com.ar\\\/\",\"logo\":{\"@type\":\"ImageObject\",\"inLanguage\":\"es\",\"@id\":\"https:\\\/\\\/informelitoral.com.ar\\\/#\\\/schema\\\/logo\\\/image\\\/\",\"url\":\"https:\\\/\\\/informelitoral.com.ar\\\/%77%70%2d%63%6f%6e%74%65%6e%74\\\/uploads\\\/2021\\\/01\\\/circulo.png\",\"contentUrl\":\"https:\\\/\\\/informelitoral.com.ar\\\/%77%70%2d%63%6f%6e%74%65%6e%74\\\/uploads\\\/2021\\\/01\\\/circulo.png\",\"width\":723,\"height\":731,\"caption\":\"Informe Litoral\"},\"image\":{\"@id\":\"https:\\\/\\\/informelitoral.com.ar\\\/#\\\/schema\\\/logo\\\/image\\\/\"},\"sameAs\":[\"https:\\\/\\\/www.facebook.com\\\/informelitoral\\\/\",\"https:\\\/\\\/x.com\\\/InformeLitoral\",\"https:\\\/\\\/www.instagram.com\\\/informelitoral\\\/\",\"https:\\\/\\\/www.youtube.com\\\/channel\\\/UCua4Qvz8Icb6MYqhoq9xLXw\"]},{\"@type\":\"Person\",\"@id\":\"https:\\\/\\\/informelitoral.com.ar\\\/#\\\/schema\\\/person\\\/f05f9f461677119578717524b127d6d5\",\"name\":\"Sebastian\",\"image\":{\"@type\":\"ImageObject\",\"inLanguage\":\"es\",\"@id\":\"https:\\\/\\\/secure.gravatar.com\\\/avatar\\\/b71bf7481d447dfb9583c7f2798e7cc64de6efb9067b74633ed8c31059a3bd82?s=96&d=mm&r=g\",\"url\":\"https:\\\/\\\/secure.gravatar.com\\\/avatar\\\/b71bf7481d447dfb9583c7f2798e7cc64de6efb9067b74633ed8c31059a3bd82?s=96&d=mm&r=g\",\"contentUrl\":\"https:\\\/\\\/secure.gravatar.com\\\/avatar\\\/b71bf7481d447dfb9583c7f2798e7cc64de6efb9067b74633ed8c31059a3bd82?s=96&d=mm&r=g\",\"caption\":\"Sebastian\"},\"url\":\"https:\\\/\\\/informelitoral.com.ar\\\/author\\\/sebastian\\\/\"}]}<\/script>","yoast_head_json":{"title":"Articulan asistencia para evaluar las propuestas por la licitaci\u00f3n del dragado en el puerto de Diamante - Informe Litoral","robots":{"index":"index","follow":"follow","max-snippet":"max-snippet:-1","max-image-preview":"max-image-preview:large","max-video-preview":"max-video-preview:-1"},"canonical":"https:\/\/informelitoral.com.ar\/articulan-asistencia-para-evaluar-las-propuestas-por-la-licitacion-del-dragado-en-el-puerto-de-diamante\/","og_locale":"es_ES","og_type":"article","og_title":"Articulan asistencia para evaluar las propuestas por la licitaci\u00f3n del dragado en el puerto de Diamante - Informe Litoral","og_description":"El ministro de Planeamiento, Marcelo Richard, recibi\u00f3 al presidente del Ente Aut\u00e1rquico Puerto Diamante, Luis Stello, a fin de articular acciones que tiendan a facilitar asistencia t\u00e9cnica de la Comisi\u00f3n \u00danica de Evaluaci\u00f3n al organismo portuario.","og_url":"https:\/\/informelitoral.com.ar\/articulan-asistencia-para-evaluar-las-propuestas-por-la-licitacion-del-dragado-en-el-puerto-de-diamante\/","og_site_name":"Informe Litoral","article_publisher":"https:\/\/www.facebook.com\/informelitoral\/","article_published_time":"2022-01-27T12:40:40+00:00","article_modified_time":"2022-01-27T13:50:59+00:00","og_image":[{"width":1920,"height":1280,"url":"https:\/\/informelitoral.com.ar\/%77%70%2d%63%6f%6e%74%65%6e%74\/uploads\/2022\/01\/x_1643283220.jpg","type":"image\/jpeg"}],"author":"Sebastian","twitter_card":"summary_large_image","twitter_creator":"@InformeLitoral","twitter_site":"@InformeLitoral","twitter_misc":{"Escrito por":"Sebastian","Tiempo de lectura":"1 minuto"},"schema":{"@context":"https:\/\/schema.org","@graph":[{"@type":"Article","@id":"https:\/\/informelitoral.com.ar\/articulan-asistencia-para-evaluar-las-propuestas-por-la-licitacion-del-dragado-en-el-puerto-de-diamante\/#article","isPartOf":{"@id":"https:\/\/informelitoral.com.ar\/articulan-asistencia-para-evaluar-las-propuestas-por-la-licitacion-del-dragado-en-el-puerto-de-diamante\/"},"author":{"name":"Sebastian","@id":"https:\/\/informelitoral.com.ar\/#\/schema\/person\/f05f9f461677119578717524b127d6d5"},"headline":"Articulan asistencia para evaluar las propuestas por la licitaci\u00f3n del dragado en el puerto de Diamante","datePublished":"2022-01-27T12:40:40+00:00","dateModified":"2022-01-27T13:50:59+00:00","mainEntityOfPage":{"@id":"https:\/\/informelitoral.com.ar\/articulan-asistencia-para-evaluar-las-propuestas-por-la-licitacion-del-dragado-en-el-puerto-de-diamante\/"},"wordCount":266,"commentCount":0,"publisher":{"@id":"https:\/\/informelitoral.com.ar\/#organization"},"image":{"@id":"https:\/\/informelitoral.com.ar\/articulan-asistencia-para-evaluar-las-propuestas-por-la-licitacion-del-dragado-en-el-puerto-de-diamante\/#primaryimage"},"thumbnailUrl":"https:\/\/informelitoral.com.ar\/%77%70%2d%63%6f%6e%74%65%6e%74\/uploads\/2022\/01\/x_1643283220.jpg","keywords":["Diamante","Licitaci\u00f3n","Luis Stallo"],"articleSection":["Departamento Diamante"],"inLanguage":"es","potentialAction":[{"@type":"CommentAction","name":"Comment","target":["https:\/\/informelitoral.com.ar\/articulan-asistencia-para-evaluar-las-propuestas-por-la-licitacion-del-dragado-en-el-puerto-de-diamante\/#respond"]}]},{"@type":"WebPage","@id":"https:\/\/informelitoral.com.ar\/articulan-asistencia-para-evaluar-las-propuestas-por-la-licitacion-del-dragado-en-el-puerto-de-diamante\/","url":"https:\/\/informelitoral.com.ar\/articulan-asistencia-para-evaluar-las-propuestas-por-la-licitacion-del-dragado-en-el-puerto-de-diamante\/","name":"Articulan asistencia para evaluar las propuestas por la licitaci\u00f3n del dragado en el puerto de Diamante - Informe Litoral","isPartOf":{"@id":"https:\/\/informelitoral.com.ar\/#website"},"primaryImageOfPage":{"@id":"https:\/\/informelitoral.com.ar\/articulan-asistencia-para-evaluar-las-propuestas-por-la-licitacion-del-dragado-en-el-puerto-de-diamante\/#primaryimage"},"image":{"@id":"https:\/\/informelitoral.com.ar\/articulan-asistencia-para-evaluar-las-propuestas-por-la-licitacion-del-dragado-en-el-puerto-de-diamante\/#primaryimage"},"thumbnailUrl":"https:\/\/informelitoral.com.ar\/%77%70%2d%63%6f%6e%74%65%6e%74\/uploads\/2022\/01\/x_1643283220.jpg","datePublished":"2022-01-27T12:40:40+00:00","dateModified":"2022-01-27T13:50:59+00:00","breadcrumb":{"@id":"https:\/\/informelitoral.com.ar\/articulan-asistencia-para-evaluar-las-propuestas-por-la-licitacion-del-dragado-en-el-puerto-de-diamante\/#breadcrumb"},"inLanguage":"es","potentialAction":[{"@type":"ReadAction","target":["https:\/\/informelitoral.com.ar\/articulan-asistencia-para-evaluar-las-propuestas-por-la-licitacion-del-dragado-en-el-puerto-de-diamante\/"]}]},{"@type":"ImageObject","inLanguage":"es","@id":"https:\/\/informelitoral.com.ar\/articulan-asistencia-para-evaluar-las-propuestas-por-la-licitacion-del-dragado-en-el-puerto-de-diamante\/#primaryimage","url":"https:\/\/informelitoral.com.ar\/%77%70%2d%63%6f%6e%74%65%6e%74\/uploads\/2022\/01\/x_1643283220.jpg","contentUrl":"https:\/\/informelitoral.com.ar\/%77%70%2d%63%6f%6e%74%65%6e%74\/uploads\/2022\/01\/x_1643283220.jpg","width":1920,"height":1280},{"@type":"BreadcrumbList","@id":"https:\/\/informelitoral.com.ar\/articulan-asistencia-para-evaluar-las-propuestas-por-la-licitacion-del-dragado-en-el-puerto-de-diamante\/#breadcrumb","itemListElement":[{"@type":"ListItem","position":1,"name":"Portada","item":"https:\/\/informelitoral.com.ar\/"},{"@type":"ListItem","position":2,"name":"Articulan asistencia para evaluar las propuestas por la licitaci\u00f3n del dragado en el puerto de Diamante"}]},{"@type":"WebSite","@id":"https:\/\/informelitoral.com.ar\/#website","url":"https:\/\/informelitoral.com.ar\/","name":"Informe Litoral","description":"&quot;Nos informamos&quot; ","publisher":{"@id":"https:\/\/informelitoral.com.ar\/#organization"},"potentialAction":[{"@type":"SearchAction","target":{"@type":"EntryPoint","urlTemplate":"https:\/\/informelitoral.com.ar\/?s={search_term_string}"},"query-input":{"@type":"PropertyValueSpecification","valueRequired":true,"valueName":"search_term_string"}}],"inLanguage":"es"},{"@type":"Organization","@id":"https:\/\/informelitoral.com.ar\/#organization","name":"Informe Litoral","url":"https:\/\/informelitoral.com.ar\/","logo":{"@type":"ImageObject","inLanguage":"es","@id":"https:\/\/informelitoral.com.ar\/#\/schema\/logo\/image\/","url":"https:\/\/informelitoral.com.ar\/%77%70%2d%63%6f%6e%74%65%6e%74\/uploads\/2021\/01\/circulo.png","contentUrl":"https:\/\/informelitoral.com.ar\/%77%70%2d%63%6f%6e%74%65%6e%74\/uploads\/2021\/01\/circulo.png","width":723,"height":731,"caption":"Informe Litoral"},"image":{"@id":"https:\/\/informelitoral.com.ar\/#\/schema\/logo\/image\/"},"sameAs":["https:\/\/www.facebook.com\/informelitoral\/","https:\/\/x.com\/InformeLitoral","https:\/\/www.instagram.com\/informelitoral\/","https:\/\/www.youtube.com\/channel\/UCua4Qvz8Icb6MYqhoq9xLXw"]},{"@type":"Person","@id":"https:\/\/informelitoral.com.ar\/#\/schema\/person\/f05f9f461677119578717524b127d6d5","name":"Sebastian","image":{"@type":"ImageObject","inLanguage":"es","@id":"https:\/\/secure.gravatar.com\/avatar\/b71bf7481d447dfb9583c7f2798e7cc64de6efb9067b74633ed8c31059a3bd82?s=96&d=mm&r=g","url":"https:\/\/secure.gravatar.com\/avatar\/b71bf7481d447dfb9583c7f2798e7cc64de6efb9067b74633ed8c31059a3bd82?s=96&d=mm&r=g","contentUrl":"https:\/\/secure.gravatar.com\/avatar\/b71bf7481d447dfb9583c7f2798e7cc64de6efb9067b74633ed8c31059a3bd82?s=96&d=mm&r=g","caption":"Sebastian"},"url":"https:\/\/informelitoral.com.ar\/author\/sebastian\/"}]}},"_links":{"self":[{"href":"https:\/\/informelitoral.com.ar\/%77%70%2d%6a%73%6f%6e\/wp\/v2\/posts\/70845","targetHints":{"allow":["GET"]}}],"collection":[{"href":"https:\/\/informelitoral.com.ar\/%77%70%2d%6a%73%6f%6e\/wp\/v2\/posts"}],"about":[{"href":"https:\/\/informelitoral.com.ar\/%77%70%2d%6a%73%6f%6e\/wp\/v2\/types\/post"}],"author":[{"embeddable":true,"href":"https:\/\/informelitoral.com.ar\/%77%70%2d%6a%73%6f%6e\/wp\/v2\/users\/8"}],"replies":[{"embeddable":true,"href":"https:\/\/informelitoral.com.ar\/%77%70%2d%6a%73%6f%6e\/wp\/v2\/comments?post=70845"}],"version-history":[{"count":0,"href":"https:\/\/informelitoral.com.ar\/%77%70%2d%6a%73%6f%6e\/wp\/v2\/posts\/70845\/revisions"}],"wp:featuredmedia":[{"embeddable":true,"href":"https:\/\/informelitoral.com.ar\/%77%70%2d%6a%73%6f%6e\/wp\/v2\/media\/70847"}],"wp:attachment":[{"href":"https:\/\/informelitoral.com.ar\/%77%70%2d%6a%73%6f%6e\/wp\/v2\/media?parent=70845"}],"wp:term":[{"taxonomy":"category","embeddable":true,"href":"https:\/\/informelitoral.com.ar\/%77%70%2d%6a%73%6f%6e\/wp\/v2\/categories?post=70845"},{"taxonomy":"post_tag","embeddable":true,"href":"https:\/\/informelitoral.com.ar\/%77%70%2d%6a%73%6f%6e\/wp\/v2\/tags?post=70845"}],"curies":[{"name":"wp","href":"https:\/\/api.w.org\/{rel}","templated":true}]}}