{"id":70841,"date":"2022-01-27T08:58:46","date_gmt":"2022-01-27T11:58:46","guid":{"rendered":"https:\/\/www.informelitoral.com.ar\/?p=70841"},"modified":"2022-01-27T13:34:10","modified_gmt":"2022-01-27T16:34:10","slug":"casos-positivos-y-fallecimiento-por-coronavirus","status":"publish","type":"post","link":"https:\/\/informelitoral.com.ar\/casos-positivos-y-fallecimiento-por-coronavirus\/","title":{"rendered":"Casos registrados en las ultimas horas"},"content":{"rendered":"<div class=\"news-body-main\">\n<div id=\"note-body\" data-twitter-link=\"https:\/\/twitter.com\/intent\/tweet?url=https:\/\/www.unoentrerios.com.ar\/c2708188&amp;via=&amp;related=Uno Entre Rios&amp;text=\">\n<p>En la tarde de este mi\u00e9rcoles se difundi\u00f3 por parte del Ministerio de\u00a0<strong>Salud<\/strong>\u00a0de la Naci\u00f3n, el informe epidemiol\u00f3go de\u00a0<strong>Coronavirus<\/strong>. Se notific\u00f3 del crecimiento de los fallecimientos en el pa\u00eds y de la reducci\u00f3n de\u00a0<strong>contagios<\/strong>\u00a0en las \u00faltimas 24 horas. De esta manera, se reportaron 317 decesos y 88.503 casos.<\/p>\n<\/div>\n<\/div>\n<div class=\"news-body-main\">\n<div id=\"note-body\" data-twitter-link=\"https:\/\/twitter.com\/intent\/tweet?url=https:\/\/www.unoentrerios.com.ar\/c2708188&amp;via=&amp;related=Uno Entre Rios&amp;text=\">\n<p>El Ministerio de Salud de la Naci\u00f3n inform\u00f3 este mi\u00e9rcoles 26 de enero que, en las \u00faltimas 24 horas, se registraron 88.503 nuevos contagios de coronavirus y 317 muertes. Con estos datos, Argentina super\u00f3 las 120 mil v\u00edctimas fatales y alcanza los 120.019 decesos. Los contagios, en tanto, suman 8.130.023.<\/p>\n<div class=\"teads-adCall\"><\/div>\n<\/div>\n<\/div>\n<div class=\"news-body-main\">\n<div id=\"note-body\" data-twitter-link=\"https:\/\/twitter.com\/intent\/tweet?url=https:\/\/www.unoentrerios.com.ar\/c2708188&amp;via=&amp;related=Uno Entre Rios&amp;text=\">\n<p><strong>En relaci\u00f3n a la\u00a0provincia\u00a0de Entre R\u00edos, el informe oficial de la Naci\u00f3n, hizo saber que este mi\u00e9rcoles se registraron 1.756 contagios, en tanto que se confirm\u00f3 la muerte de tres personas.<\/strong><\/p>\n<p class=\"paragraph\">De ayer a hoy se realizaron 140.157 testeos. Como resultado, la tasa de positividad registrada es del 63,14%. Es decir: 6 de cada 10 que se testaron dieron positivo de coronavirus.<\/p>\n<p class=\"paragraph\">Por otro lado, del total de muertes reportadas hoy, 167 son hombres y 148 mujeres. La provincia de Buenos Aires fue las que m\u00e1s decesos notific\u00f3, con 105 fallecidos. La siguieron CABA con 48 y Salta con 40. Dos personas fallecidas (una residente en la provincia de C\u00f3rdoba y otra residente en la provincia de R\u00edo Negro) fueron reportadas sin datos de sexo.<\/p>\n<\/div>\n<\/div>\n","protected":false},"excerpt":{"rendered":"<p>El informe de Salud marc\u00f3 que el d\u00eda mi\u00e9rcoles se reportaron 317 muertes y 88.503 contagios por Coronavirus. En Entre R\u00edos, se registraron 1.756 casos y tres decesos<\/p>\n","protected":false},"author":8,"featured_media":45265,"comment_status":"open","ping_status":"open","sticky":false,"template":"","format":"standard","meta":{"fifu_image_url":"","fifu_image_alt":"","footnotes":""},"categories":[6],"tags":[2226,1481,2975],"class_list":{"0":"post-70841","1":"post","2":"type-post","3":"status-publish","4":"format-standard","5":"has-post-thumbnail","7":"category-entre-rios","8":"tag-casos","9":"tag-covid-19","10":"tag-fallecimientos"},"yoast_head":"<title>Casos registrados en las ultimas horas - Informe Litoral<\/title>\n<meta name=\"robots\" content=\"index, follow, max-snippet:-1, max-image-preview:large, max-video-preview:-1\" \/>\n<link rel=\"canonical\" href=\"https:\/\/informelitoral.com.ar\/casos-positivos-y-fallecimiento-por-coronavirus\/\" \/>\n<meta property=\"og:locale\" content=\"es_ES\" \/>\n<meta property=\"og:type\" content=\"article\" \/>\n<meta property=\"og:title\" content=\"Casos registrados en las ultimas horas - Informe Litoral\" \/>\n<meta property=\"og:description\" content=\"El informe de Salud marc\u00f3 que el d\u00eda mi\u00e9rcoles se reportaron 317 muertes y 88.503 contagios por Coronavirus. En Entre R\u00edos, se registraron 1.756 casos y tres decesos\" \/>\n<meta property=\"og:url\" content=\"https:\/\/informelitoral.com.ar\/casos-positivos-y-fallecimiento-por-coronavirus\/\" \/>\n<meta property=\"og:site_name\" content=\"Informe Litoral\" \/>\n<meta property=\"article:publisher\" content=\"https:\/\/www.facebook.com\/informelitoral\/\" \/>\n<meta property=\"article:published_time\" content=\"2022-01-27T11:58:46+00:00\" \/>\n<meta property=\"article:modified_time\" content=\"2022-01-27T16:34:10+00:00\" \/>\n<meta property=\"og:image\" content=\"https:\/\/informelitoral.com.ar\/%77%70%2d%63%6f%6e%74%65%6e%74\/uploads\/2020\/07\/covid19-er.jpg\" \/>\n\t<meta property=\"og:image:width\" content=\"759\" \/>\n\t<meta property=\"og:image:height\" content=\"500\" \/>\n\t<meta property=\"og:image:type\" content=\"image\/jpeg\" \/>\n<meta name=\"author\" content=\"Sebastian\" \/>\n<meta name=\"twitter:card\" content=\"summary_large_image\" \/>\n<meta name=\"twitter:creator\" content=\"@InformeLitoral\" \/>\n<meta name=\"twitter:site\" content=\"@InformeLitoral\" \/>\n<meta name=\"twitter:label1\" content=\"Escrito por\" \/>\n\t<meta name=\"twitter:data1\" content=\"Sebastian\" \/>\n\t<meta name=\"twitter:label2\" content=\"Tiempo de lectura\" \/>\n\t<meta name=\"twitter:data2\" content=\"1 minuto\" \/>\n<script type=\"application\/ld+json\" class=\"yoast-schema-graph\">{\"@context\":\"https:\\\/\\\/schema.org\",\"@graph\":[{\"@type\":\"Article\",\"@id\":\"https:\\\/\\\/informelitoral.com.ar\\\/casos-positivos-y-fallecimiento-por-coronavirus\\\/#article\",\"isPartOf\":{\"@id\":\"https:\\\/\\\/informelitoral.com.ar\\\/casos-positivos-y-fallecimiento-por-coronavirus\\\/\"},\"author\":{\"name\":\"Sebastian\",\"@id\":\"https:\\\/\\\/informelitoral.com.ar\\\/#\\\/schema\\\/person\\\/f05f9f461677119578717524b127d6d5\"},\"headline\":\"Casos registrados en las ultimas horas\",\"datePublished\":\"2022-01-27T11:58:46+00:00\",\"dateModified\":\"2022-01-27T16:34:10+00:00\",\"mainEntityOfPage\":{\"@id\":\"https:\\\/\\\/informelitoral.com.ar\\\/casos-positivos-y-fallecimiento-por-coronavirus\\\/\"},\"wordCount\":231,\"commentCount\":0,\"publisher\":{\"@id\":\"https:\\\/\\\/informelitoral.com.ar\\\/#organization\"},\"image\":{\"@id\":\"https:\\\/\\\/informelitoral.com.ar\\\/casos-positivos-y-fallecimiento-por-coronavirus\\\/#primaryimage\"},\"thumbnailUrl\":\"https:\\\/\\\/informelitoral.com.ar\\\/%77%70%2d%63%6f%6e%74%65%6e%74\\\/uploads\\\/2020\\\/07\\\/covid19-er.jpg\",\"keywords\":[\"Casos\",\"COVID-19\",\"Fallecimientos\"],\"articleSection\":[\"Entre R\u00edos\"],\"inLanguage\":\"es\",\"potentialAction\":[{\"@type\":\"CommentAction\",\"name\":\"Comment\",\"target\":[\"https:\\\/\\\/informelitoral.com.ar\\\/casos-positivos-y-fallecimiento-por-coronavirus\\\/#respond\"]}]},{\"@type\":\"WebPage\",\"@id\":\"https:\\\/\\\/informelitoral.com.ar\\\/casos-positivos-y-fallecimiento-por-coronavirus\\\/\",\"url\":\"https:\\\/\\\/informelitoral.com.ar\\\/casos-positivos-y-fallecimiento-por-coronavirus\\\/\",\"name\":\"Casos registrados en las ultimas horas - Informe Litoral\",\"isPartOf\":{\"@id\":\"https:\\\/\\\/informelitoral.com.ar\\\/#website\"},\"primaryImageOfPage\":{\"@id\":\"https:\\\/\\\/informelitoral.com.ar\\\/casos-positivos-y-fallecimiento-por-coronavirus\\\/#primaryimage\"},\"image\":{\"@id\":\"https:\\\/\\\/informelitoral.com.ar\\\/casos-positivos-y-fallecimiento-por-coronavirus\\\/#primaryimage\"},\"thumbnailUrl\":\"https:\\\/\\\/informelitoral.com.ar\\\/%77%70%2d%63%6f%6e%74%65%6e%74\\\/uploads\\\/2020\\\/07\\\/covid19-er.jpg\",\"datePublished\":\"2022-01-27T11:58:46+00:00\",\"dateModified\":\"2022-01-27T16:34:10+00:00\",\"breadcrumb\":{\"@id\":\"https:\\\/\\\/informelitoral.com.ar\\\/casos-positivos-y-fallecimiento-por-coronavirus\\\/#breadcrumb\"},\"inLanguage\":\"es\",\"potentialAction\":[{\"@type\":\"ReadAction\",\"target\":[\"https:\\\/\\\/informelitoral.com.ar\\\/casos-positivos-y-fallecimiento-por-coronavirus\\\/\"]}]},{\"@type\":\"ImageObject\",\"inLanguage\":\"es\",\"@id\":\"https:\\\/\\\/informelitoral.com.ar\\\/casos-positivos-y-fallecimiento-por-coronavirus\\\/#primaryimage\",\"url\":\"https:\\\/\\\/informelitoral.com.ar\\\/%77%70%2d%63%6f%6e%74%65%6e%74\\\/uploads\\\/2020\\\/07\\\/covid19-er.jpg\",\"contentUrl\":\"https:\\\/\\\/informelitoral.com.ar\\\/%77%70%2d%63%6f%6e%74%65%6e%74\\\/uploads\\\/2020\\\/07\\\/covid19-er.jpg\",\"width\":759,\"height\":500},{\"@type\":\"BreadcrumbList\",\"@id\":\"https:\\\/\\\/informelitoral.com.ar\\\/casos-positivos-y-fallecimiento-por-coronavirus\\\/#breadcrumb\",\"itemListElement\":[{\"@type\":\"ListItem\",\"position\":1,\"name\":\"Portada\",\"item\":\"https:\\\/\\\/informelitoral.com.ar\\\/\"},{\"@type\":\"ListItem\",\"position\":2,\"name\":\"Casos registrados en las ultimas horas\"}]},{\"@type\":\"WebSite\",\"@id\":\"https:\\\/\\\/informelitoral.com.ar\\\/#website\",\"url\":\"https:\\\/\\\/informelitoral.com.ar\\\/\",\"name\":\"Informe Litoral\",\"description\":\"&quot;Nos informamos&quot; \",\"publisher\":{\"@id\":\"https:\\\/\\\/informelitoral.com.ar\\\/#organization\"},\"potentialAction\":[{\"@type\":\"SearchAction\",\"target\":{\"@type\":\"EntryPoint\",\"urlTemplate\":\"https:\\\/\\\/informelitoral.com.ar\\\/?s={search_term_string}\"},\"query-input\":{\"@type\":\"PropertyValueSpecification\",\"valueRequired\":true,\"valueName\":\"search_term_string\"}}],\"inLanguage\":\"es\"},{\"@type\":\"Organization\",\"@id\":\"https:\\\/\\\/informelitoral.com.ar\\\/#organization\",\"name\":\"Informe Litoral\",\"url\":\"https:\\\/\\\/informelitoral.com.ar\\\/\",\"logo\":{\"@type\":\"ImageObject\",\"inLanguage\":\"es\",\"@id\":\"https:\\\/\\\/informelitoral.com.ar\\\/#\\\/schema\\\/logo\\\/image\\\/\",\"url\":\"https:\\\/\\\/informelitoral.com.ar\\\/%77%70%2d%63%6f%6e%74%65%6e%74\\\/uploads\\\/2021\\\/01\\\/circulo.png\",\"contentUrl\":\"https:\\\/\\\/informelitoral.com.ar\\\/%77%70%2d%63%6f%6e%74%65%6e%74\\\/uploads\\\/2021\\\/01\\\/circulo.png\",\"width\":723,\"height\":731,\"caption\":\"Informe Litoral\"},\"image\":{\"@id\":\"https:\\\/\\\/informelitoral.com.ar\\\/#\\\/schema\\\/logo\\\/image\\\/\"},\"sameAs\":[\"https:\\\/\\\/www.facebook.com\\\/informelitoral\\\/\",\"https:\\\/\\\/x.com\\\/InformeLitoral\",\"https:\\\/\\\/www.instagram.com\\\/informelitoral\\\/\",\"https:\\\/\\\/www.youtube.com\\\/channel\\\/UCua4Qvz8Icb6MYqhoq9xLXw\"]},{\"@type\":\"Person\",\"@id\":\"https:\\\/\\\/informelitoral.com.ar\\\/#\\\/schema\\\/person\\\/f05f9f461677119578717524b127d6d5\",\"name\":\"Sebastian\",\"image\":{\"@type\":\"ImageObject\",\"inLanguage\":\"es\",\"@id\":\"https:\\\/\\\/secure.gravatar.com\\\/avatar\\\/b71bf7481d447dfb9583c7f2798e7cc64de6efb9067b74633ed8c31059a3bd82?s=96&d=mm&r=g\",\"url\":\"https:\\\/\\\/secure.gravatar.com\\\/avatar\\\/b71bf7481d447dfb9583c7f2798e7cc64de6efb9067b74633ed8c31059a3bd82?s=96&d=mm&r=g\",\"contentUrl\":\"https:\\\/\\\/secure.gravatar.com\\\/avatar\\\/b71bf7481d447dfb9583c7f2798e7cc64de6efb9067b74633ed8c31059a3bd82?s=96&d=mm&r=g\",\"caption\":\"Sebastian\"},\"url\":\"https:\\\/\\\/informelitoral.com.ar\\\/author\\\/sebastian\\\/\"}]}<\/script>","yoast_head_json":{"title":"Casos registrados en las ultimas horas - Informe Litoral","robots":{"index":"index","follow":"follow","max-snippet":"max-snippet:-1","max-image-preview":"max-image-preview:large","max-video-preview":"max-video-preview:-1"},"canonical":"https:\/\/informelitoral.com.ar\/casos-positivos-y-fallecimiento-por-coronavirus\/","og_locale":"es_ES","og_type":"article","og_title":"Casos registrados en las ultimas horas - Informe Litoral","og_description":"El informe de Salud marc\u00f3 que el d\u00eda mi\u00e9rcoles se reportaron 317 muertes y 88.503 contagios por Coronavirus. En Entre R\u00edos, se registraron 1.756 casos y tres decesos","og_url":"https:\/\/informelitoral.com.ar\/casos-positivos-y-fallecimiento-por-coronavirus\/","og_site_name":"Informe Litoral","article_publisher":"https:\/\/www.facebook.com\/informelitoral\/","article_published_time":"2022-01-27T11:58:46+00:00","article_modified_time":"2022-01-27T16:34:10+00:00","og_image":[{"width":759,"height":500,"url":"https:\/\/informelitoral.com.ar\/%77%70%2d%63%6f%6e%74%65%6e%74\/uploads\/2020\/07\/covid19-er.jpg","type":"image\/jpeg"}],"author":"Sebastian","twitter_card":"summary_large_image","twitter_creator":"@InformeLitoral","twitter_site":"@InformeLitoral","twitter_misc":{"Escrito por":"Sebastian","Tiempo de lectura":"1 minuto"},"schema":{"@context":"https:\/\/schema.org","@graph":[{"@type":"Article","@id":"https:\/\/informelitoral.com.ar\/casos-positivos-y-fallecimiento-por-coronavirus\/#article","isPartOf":{"@id":"https:\/\/informelitoral.com.ar\/casos-positivos-y-fallecimiento-por-coronavirus\/"},"author":{"name":"Sebastian","@id":"https:\/\/informelitoral.com.ar\/#\/schema\/person\/f05f9f461677119578717524b127d6d5"},"headline":"Casos registrados en las ultimas horas","datePublished":"2022-01-27T11:58:46+00:00","dateModified":"2022-01-27T16:34:10+00:00","mainEntityOfPage":{"@id":"https:\/\/informelitoral.com.ar\/casos-positivos-y-fallecimiento-por-coronavirus\/"},"wordCount":231,"commentCount":0,"publisher":{"@id":"https:\/\/informelitoral.com.ar\/#organization"},"image":{"@id":"https:\/\/informelitoral.com.ar\/casos-positivos-y-fallecimiento-por-coronavirus\/#primaryimage"},"thumbnailUrl":"https:\/\/informelitoral.com.ar\/%77%70%2d%63%6f%6e%74%65%6e%74\/uploads\/2020\/07\/covid19-er.jpg","keywords":["Casos","COVID-19","Fallecimientos"],"articleSection":["Entre R\u00edos"],"inLanguage":"es","potentialAction":[{"@type":"CommentAction","name":"Comment","target":["https:\/\/informelitoral.com.ar\/casos-positivos-y-fallecimiento-por-coronavirus\/#respond"]}]},{"@type":"WebPage","@id":"https:\/\/informelitoral.com.ar\/casos-positivos-y-fallecimiento-por-coronavirus\/","url":"https:\/\/informelitoral.com.ar\/casos-positivos-y-fallecimiento-por-coronavirus\/","name":"Casos registrados en las ultimas horas - Informe Litoral","isPartOf":{"@id":"https:\/\/informelitoral.com.ar\/#website"},"primaryImageOfPage":{"@id":"https:\/\/informelitoral.com.ar\/casos-positivos-y-fallecimiento-por-coronavirus\/#primaryimage"},"image":{"@id":"https:\/\/informelitoral.com.ar\/casos-positivos-y-fallecimiento-por-coronavirus\/#primaryimage"},"thumbnailUrl":"https:\/\/informelitoral.com.ar\/%77%70%2d%63%6f%6e%74%65%6e%74\/uploads\/2020\/07\/covid19-er.jpg","datePublished":"2022-01-27T11:58:46+00:00","dateModified":"2022-01-27T16:34:10+00:00","breadcrumb":{"@id":"https:\/\/informelitoral.com.ar\/casos-positivos-y-fallecimiento-por-coronavirus\/#breadcrumb"},"inLanguage":"es","potentialAction":[{"@type":"ReadAction","target":["https:\/\/informelitoral.com.ar\/casos-positivos-y-fallecimiento-por-coronavirus\/"]}]},{"@type":"ImageObject","inLanguage":"es","@id":"https:\/\/informelitoral.com.ar\/casos-positivos-y-fallecimiento-por-coronavirus\/#primaryimage","url":"https:\/\/informelitoral.com.ar\/%77%70%2d%63%6f%6e%74%65%6e%74\/uploads\/2020\/07\/covid19-er.jpg","contentUrl":"https:\/\/informelitoral.com.ar\/%77%70%2d%63%6f%6e%74%65%6e%74\/uploads\/2020\/07\/covid19-er.jpg","width":759,"height":500},{"@type":"BreadcrumbList","@id":"https:\/\/informelitoral.com.ar\/casos-positivos-y-fallecimiento-por-coronavirus\/#breadcrumb","itemListElement":[{"@type":"ListItem","position":1,"name":"Portada","item":"https:\/\/informelitoral.com.ar\/"},{"@type":"ListItem","position":2,"name":"Casos registrados en las ultimas horas"}]},{"@type":"WebSite","@id":"https:\/\/informelitoral.com.ar\/#website","url":"https:\/\/informelitoral.com.ar\/","name":"Informe Litoral","description":"&quot;Nos informamos&quot; ","publisher":{"@id":"https:\/\/informelitoral.com.ar\/#organization"},"potentialAction":[{"@type":"SearchAction","target":{"@type":"EntryPoint","urlTemplate":"https:\/\/informelitoral.com.ar\/?s={search_term_string}"},"query-input":{"@type":"PropertyValueSpecification","valueRequired":true,"valueName":"search_term_string"}}],"inLanguage":"es"},{"@type":"Organization","@id":"https:\/\/informelitoral.com.ar\/#organization","name":"Informe Litoral","url":"https:\/\/informelitoral.com.ar\/","logo":{"@type":"ImageObject","inLanguage":"es","@id":"https:\/\/informelitoral.com.ar\/#\/schema\/logo\/image\/","url":"https:\/\/informelitoral.com.ar\/%77%70%2d%63%6f%6e%74%65%6e%74\/uploads\/2021\/01\/circulo.png","contentUrl":"https:\/\/informelitoral.com.ar\/%77%70%2d%63%6f%6e%74%65%6e%74\/uploads\/2021\/01\/circulo.png","width":723,"height":731,"caption":"Informe Litoral"},"image":{"@id":"https:\/\/informelitoral.com.ar\/#\/schema\/logo\/image\/"},"sameAs":["https:\/\/www.facebook.com\/informelitoral\/","https:\/\/x.com\/InformeLitoral","https:\/\/www.instagram.com\/informelitoral\/","https:\/\/www.youtube.com\/channel\/UCua4Qvz8Icb6MYqhoq9xLXw"]},{"@type":"Person","@id":"https:\/\/informelitoral.com.ar\/#\/schema\/person\/f05f9f461677119578717524b127d6d5","name":"Sebastian","image":{"@type":"ImageObject","inLanguage":"es","@id":"https:\/\/secure.gravatar.com\/avatar\/b71bf7481d447dfb9583c7f2798e7cc64de6efb9067b74633ed8c31059a3bd82?s=96&d=mm&r=g","url":"https:\/\/secure.gravatar.com\/avatar\/b71bf7481d447dfb9583c7f2798e7cc64de6efb9067b74633ed8c31059a3bd82?s=96&d=mm&r=g","contentUrl":"https:\/\/secure.gravatar.com\/avatar\/b71bf7481d447dfb9583c7f2798e7cc64de6efb9067b74633ed8c31059a3bd82?s=96&d=mm&r=g","caption":"Sebastian"},"url":"https:\/\/informelitoral.com.ar\/author\/sebastian\/"}]}},"_links":{"self":[{"href":"https:\/\/informelitoral.com.ar\/%77%70%2d%6a%73%6f%6e\/wp\/v2\/posts\/70841","targetHints":{"allow":["GET"]}}],"collection":[{"href":"https:\/\/informelitoral.com.ar\/%77%70%2d%6a%73%6f%6e\/wp\/v2\/posts"}],"about":[{"href":"https:\/\/informelitoral.com.ar\/%77%70%2d%6a%73%6f%6e\/wp\/v2\/types\/post"}],"author":[{"embeddable":true,"href":"https:\/\/informelitoral.com.ar\/%77%70%2d%6a%73%6f%6e\/wp\/v2\/users\/8"}],"replies":[{"embeddable":true,"href":"https:\/\/informelitoral.com.ar\/%77%70%2d%6a%73%6f%6e\/wp\/v2\/comments?post=70841"}],"version-history":[{"count":0,"href":"https:\/\/informelitoral.com.ar\/%77%70%2d%6a%73%6f%6e\/wp\/v2\/posts\/70841\/revisions"}],"wp:featuredmedia":[{"embeddable":true,"href":"https:\/\/informelitoral.com.ar\/%77%70%2d%6a%73%6f%6e\/wp\/v2\/media\/45265"}],"wp:attachment":[{"href":"https:\/\/informelitoral.com.ar\/%77%70%2d%6a%73%6f%6e\/wp\/v2\/media?parent=70841"}],"wp:term":[{"taxonomy":"category","embeddable":true,"href":"https:\/\/informelitoral.com.ar\/%77%70%2d%6a%73%6f%6e\/wp\/v2\/categories?post=70841"},{"taxonomy":"post_tag","embeddable":true,"href":"https:\/\/informelitoral.com.ar\/%77%70%2d%6a%73%6f%6e\/wp\/v2\/tags?post=70841"}],"curies":[{"name":"wp","href":"https:\/\/api.w.org\/{rel}","templated":true}]}}