{"id":70764,"date":"2022-01-26T08:40:26","date_gmt":"2022-01-26T11:40:26","guid":{"rendered":"https:\/\/www.informelitoral.com.ar\/?p=70764"},"modified":"2022-01-26T08:40:26","modified_gmt":"2022-01-26T11:40:26","slug":"covid-hubo-260-muertes-y-se-supero-los-8-millones-de-casos","status":"publish","type":"post","link":"https:\/\/informelitoral.com.ar\/covid-hubo-260-muertes-y-se-supero-los-8-millones-de-casos\/","title":{"rendered":"Covid: hubo 260 muertes y se super\u00f3 los 8 millones de casos"},"content":{"rendered":"<div class=\"news-body-main\">\n<div id=\"note-body\" data-twitter-link=\"https:\/\/twitter.com\/intent\/tweet?url=https:\/\/www.unoentrerios.com.ar\/c2708064&amp;via=&amp;related=Uno Entre Rios&amp;text=\">\n<p>Este martes a la tarde, se difundi\u00f3 el informe epidemiol\u00f3gico del pa\u00eds, en el cual se estableci\u00f3 que la Argentina super\u00f3 los 8 millones de\u00a0<strong>contagios<\/strong>\u00a0de\u00a0<strong>Covid<\/strong>. En el informe oficial, se supo que en\u00a0<strong>Entre R\u00edos hubo 2.246 casos y nueve fallecimientos<\/strong>.<\/p>\n<\/div>\n<\/div>\n<div class=\"news-body-main\">\n<div id=\"note-body\" data-twitter-link=\"https:\/\/twitter.com\/intent\/tweet?url=https:\/\/www.unoentrerios.com.ar\/c2708064&amp;via=&amp;related=Uno Entre Rios&amp;text=\">\n<p>El Ministerio de Salud de la Naci\u00f3n confirm\u00f3 que en las \u00faltimas 24 horas el n\u00famero total de contagios desde el comienzo de la pandemia ascendi\u00f3 a 8.041.520, en tanto que los fallecimientos se ubican en 119.703.<\/p>\n<\/div>\n<\/div>\n<div class=\"news-body-main\">\n<div id=\"note-body\" data-twitter-link=\"https:\/\/twitter.com\/intent\/tweet?url=https:\/\/www.unoentrerios.com.ar\/c2708064&amp;via=&amp;related=Uno Entre Rios&amp;text=\">\n<p>El reporte del Ministerio de Salud confirm\u00f3 100.863 nuevos contagios en las \u00faltimas 24 horas. Con estos registros, suman 8.041.520 casos desde que comenz\u00f3 la pandemia. Adem\u00e1s, se registraron 260 nuevas muertes de pacientes con coronavirus lo que eleva la cifra de v\u00edctimas mortales en el pa\u00eds a 119.703.<\/p>\n<p class=\"paragraph\">De ayer a hoy se realizaron 158.767 testeos. Como resultado, la tasa de positividad registrada es del 63,52%. Es decir: 6 de cada 10 que se testaron dieron positivo de coronavirus.<\/p>\n<p class=\"paragraph\">Por otro lado, del total de muertes reportadas hoy, 143 son hombres y 115 mujeres. La provincia de\u00a0<strong><a class=\"agrupador\" href=\"https:\/\/www.unoentrerios.com.ar\/buenos-aires-a41811.html\" rel=\"41811\">Buenos Aires<\/a><\/strong>\u00a0fue las que m\u00e1s decesos notific\u00f3, con 86 fallecidos. La siguieron C\u00f3rdoba con 31 y CABA con 22. Dos personas fallecidas (una residente en la provincia de Buenos Aires y otra residente en la provincia de Mendoza) fueron reportadas sin datos de sexo.<\/p>\n<p>En cuanto al AMBA, en la provincia de Buenos Aires se detectaron 42.664 contagios y en la Ciudad de Buenos Aires, 10.392 casos positivos.<\/p>\n<p>Hay por el momento 2640 personas internadas en Unidades de Terapia Intensiva: las camas de UTI est\u00e1n ocupadas en un 48.7 por ciento a nivel nacional y en un 47.7 por ciento en el \u00c1rea Metropolitana de Buenos Aires.<\/p>\n<\/div>\n<\/div>\n","protected":false},"excerpt":{"rendered":"<p>El informe del Ministerio de Salud se\u00f1al\u00f3 que en Entre R\u00edos se reportaron 2.246 contagios y nueve fallecimientos por Covid.<\/p>\n","protected":false},"author":8,"featured_media":70669,"comment_status":"open","ping_status":"open","sticky":false,"template":"","format":"standard","meta":{"fifu_image_url":"","fifu_image_alt":"","footnotes":""},"categories":[6],"tags":[2226,1481,2975],"class_list":{"0":"post-70764","1":"post","2":"type-post","3":"status-publish","4":"format-standard","5":"has-post-thumbnail","7":"category-entre-rios","8":"tag-casos","9":"tag-covid-19","10":"tag-fallecimientos"},"yoast_head":"<title>Covid: hubo 260 muertes y se super\u00f3 los 8 millones de casos - Informe Litoral<\/title>\n<meta name=\"robots\" content=\"index, follow, max-snippet:-1, max-image-preview:large, max-video-preview:-1\" \/>\n<link rel=\"canonical\" href=\"https:\/\/informelitoral.com.ar\/covid-hubo-260-muertes-y-se-supero-los-8-millones-de-casos\/\" \/>\n<meta property=\"og:locale\" content=\"es_ES\" \/>\n<meta property=\"og:type\" content=\"article\" \/>\n<meta property=\"og:title\" content=\"Covid: hubo 260 muertes y se super\u00f3 los 8 millones de casos - Informe Litoral\" \/>\n<meta property=\"og:description\" content=\"El informe del Ministerio de Salud se\u00f1al\u00f3 que en Entre R\u00edos se reportaron 2.246 contagios y nueve fallecimientos por Covid.\" \/>\n<meta property=\"og:url\" content=\"https:\/\/informelitoral.com.ar\/covid-hubo-260-muertes-y-se-supero-los-8-millones-de-casos\/\" \/>\n<meta property=\"og:site_name\" content=\"Informe Litoral\" \/>\n<meta property=\"article:publisher\" content=\"https:\/\/www.facebook.com\/informelitoral\/\" \/>\n<meta property=\"article:published_time\" content=\"2022-01-26T11:40:26+00:00\" \/>\n<meta property=\"og:image\" content=\"https:\/\/informelitoral.com.ar\/%77%70%2d%63%6f%6e%74%65%6e%74\/uploads\/2022\/01\/2021-03-111316_slide_5374.jpg\" \/>\n\t<meta property=\"og:image:width\" content=\"1200\" \/>\n\t<meta property=\"og:image:height\" content=\"900\" \/>\n\t<meta property=\"og:image:type\" content=\"image\/jpeg\" \/>\n<meta name=\"author\" content=\"Sebastian\" \/>\n<meta name=\"twitter:card\" content=\"summary_large_image\" \/>\n<meta name=\"twitter:creator\" content=\"@InformeLitoral\" \/>\n<meta name=\"twitter:site\" content=\"@InformeLitoral\" \/>\n<meta name=\"twitter:label1\" content=\"Escrito por\" \/>\n\t<meta name=\"twitter:data1\" content=\"Sebastian\" \/>\n\t<meta name=\"twitter:label2\" content=\"Tiempo de lectura\" \/>\n\t<meta name=\"twitter:data2\" content=\"1 minuto\" \/>\n<script type=\"application\/ld+json\" class=\"yoast-schema-graph\">{\"@context\":\"https:\\\/\\\/schema.org\",\"@graph\":[{\"@type\":\"Article\",\"@id\":\"https:\\\/\\\/informelitoral.com.ar\\\/covid-hubo-260-muertes-y-se-supero-los-8-millones-de-casos\\\/#article\",\"isPartOf\":{\"@id\":\"https:\\\/\\\/informelitoral.com.ar\\\/covid-hubo-260-muertes-y-se-supero-los-8-millones-de-casos\\\/\"},\"author\":{\"name\":\"Sebastian\",\"@id\":\"https:\\\/\\\/informelitoral.com.ar\\\/#\\\/schema\\\/person\\\/f05f9f461677119578717524b127d6d5\"},\"headline\":\"Covid: hubo 260 muertes y se super\u00f3 los 8 millones de casos\",\"datePublished\":\"2022-01-26T11:40:26+00:00\",\"mainEntityOfPage\":{\"@id\":\"https:\\\/\\\/informelitoral.com.ar\\\/covid-hubo-260-muertes-y-se-supero-los-8-millones-de-casos\\\/\"},\"wordCount\":284,\"commentCount\":0,\"publisher\":{\"@id\":\"https:\\\/\\\/informelitoral.com.ar\\\/#organization\"},\"image\":{\"@id\":\"https:\\\/\\\/informelitoral.com.ar\\\/covid-hubo-260-muertes-y-se-supero-los-8-millones-de-casos\\\/#primaryimage\"},\"thumbnailUrl\":\"https:\\\/\\\/informelitoral.com.ar\\\/%77%70%2d%63%6f%6e%74%65%6e%74\\\/uploads\\\/2022\\\/01\\\/2021-03-111316_slide_5374.jpg\",\"keywords\":[\"Casos\",\"COVID-19\",\"Fallecimientos\"],\"articleSection\":[\"Entre R\u00edos\"],\"inLanguage\":\"es\",\"potentialAction\":[{\"@type\":\"CommentAction\",\"name\":\"Comment\",\"target\":[\"https:\\\/\\\/informelitoral.com.ar\\\/covid-hubo-260-muertes-y-se-supero-los-8-millones-de-casos\\\/#respond\"]}]},{\"@type\":\"WebPage\",\"@id\":\"https:\\\/\\\/informelitoral.com.ar\\\/covid-hubo-260-muertes-y-se-supero-los-8-millones-de-casos\\\/\",\"url\":\"https:\\\/\\\/informelitoral.com.ar\\\/covid-hubo-260-muertes-y-se-supero-los-8-millones-de-casos\\\/\",\"name\":\"Covid: hubo 260 muertes y se super\u00f3 los 8 millones de casos - Informe Litoral\",\"isPartOf\":{\"@id\":\"https:\\\/\\\/informelitoral.com.ar\\\/#website\"},\"primaryImageOfPage\":{\"@id\":\"https:\\\/\\\/informelitoral.com.ar\\\/covid-hubo-260-muertes-y-se-supero-los-8-millones-de-casos\\\/#primaryimage\"},\"image\":{\"@id\":\"https:\\\/\\\/informelitoral.com.ar\\\/covid-hubo-260-muertes-y-se-supero-los-8-millones-de-casos\\\/#primaryimage\"},\"thumbnailUrl\":\"https:\\\/\\\/informelitoral.com.ar\\\/%77%70%2d%63%6f%6e%74%65%6e%74\\\/uploads\\\/2022\\\/01\\\/2021-03-111316_slide_5374.jpg\",\"datePublished\":\"2022-01-26T11:40:26+00:00\",\"breadcrumb\":{\"@id\":\"https:\\\/\\\/informelitoral.com.ar\\\/covid-hubo-260-muertes-y-se-supero-los-8-millones-de-casos\\\/#breadcrumb\"},\"inLanguage\":\"es\",\"potentialAction\":[{\"@type\":\"ReadAction\",\"target\":[\"https:\\\/\\\/informelitoral.com.ar\\\/covid-hubo-260-muertes-y-se-supero-los-8-millones-de-casos\\\/\"]}]},{\"@type\":\"ImageObject\",\"inLanguage\":\"es\",\"@id\":\"https:\\\/\\\/informelitoral.com.ar\\\/covid-hubo-260-muertes-y-se-supero-los-8-millones-de-casos\\\/#primaryimage\",\"url\":\"https:\\\/\\\/informelitoral.com.ar\\\/%77%70%2d%63%6f%6e%74%65%6e%74\\\/uploads\\\/2022\\\/01\\\/2021-03-111316_slide_5374.jpg\",\"contentUrl\":\"https:\\\/\\\/informelitoral.com.ar\\\/%77%70%2d%63%6f%6e%74%65%6e%74\\\/uploads\\\/2022\\\/01\\\/2021-03-111316_slide_5374.jpg\",\"width\":1200,\"height\":900},{\"@type\":\"BreadcrumbList\",\"@id\":\"https:\\\/\\\/informelitoral.com.ar\\\/covid-hubo-260-muertes-y-se-supero-los-8-millones-de-casos\\\/#breadcrumb\",\"itemListElement\":[{\"@type\":\"ListItem\",\"position\":1,\"name\":\"Portada\",\"item\":\"https:\\\/\\\/informelitoral.com.ar\\\/\"},{\"@type\":\"ListItem\",\"position\":2,\"name\":\"Covid: hubo 260 muertes y se super\u00f3 los 8 millones de casos\"}]},{\"@type\":\"WebSite\",\"@id\":\"https:\\\/\\\/informelitoral.com.ar\\\/#website\",\"url\":\"https:\\\/\\\/informelitoral.com.ar\\\/\",\"name\":\"Informe Litoral\",\"description\":\"&quot;Nos informamos&quot; \",\"publisher\":{\"@id\":\"https:\\\/\\\/informelitoral.com.ar\\\/#organization\"},\"potentialAction\":[{\"@type\":\"SearchAction\",\"target\":{\"@type\":\"EntryPoint\",\"urlTemplate\":\"https:\\\/\\\/informelitoral.com.ar\\\/?s={search_term_string}\"},\"query-input\":{\"@type\":\"PropertyValueSpecification\",\"valueRequired\":true,\"valueName\":\"search_term_string\"}}],\"inLanguage\":\"es\"},{\"@type\":\"Organization\",\"@id\":\"https:\\\/\\\/informelitoral.com.ar\\\/#organization\",\"name\":\"Informe Litoral\",\"url\":\"https:\\\/\\\/informelitoral.com.ar\\\/\",\"logo\":{\"@type\":\"ImageObject\",\"inLanguage\":\"es\",\"@id\":\"https:\\\/\\\/informelitoral.com.ar\\\/#\\\/schema\\\/logo\\\/image\\\/\",\"url\":\"https:\\\/\\\/informelitoral.com.ar\\\/%77%70%2d%63%6f%6e%74%65%6e%74\\\/uploads\\\/2021\\\/01\\\/circulo.png\",\"contentUrl\":\"https:\\\/\\\/informelitoral.com.ar\\\/%77%70%2d%63%6f%6e%74%65%6e%74\\\/uploads\\\/2021\\\/01\\\/circulo.png\",\"width\":723,\"height\":731,\"caption\":\"Informe Litoral\"},\"image\":{\"@id\":\"https:\\\/\\\/informelitoral.com.ar\\\/#\\\/schema\\\/logo\\\/image\\\/\"},\"sameAs\":[\"https:\\\/\\\/www.facebook.com\\\/informelitoral\\\/\",\"https:\\\/\\\/x.com\\\/InformeLitoral\",\"https:\\\/\\\/www.instagram.com\\\/informelitoral\\\/\",\"https:\\\/\\\/www.youtube.com\\\/channel\\\/UCua4Qvz8Icb6MYqhoq9xLXw\"]},{\"@type\":\"Person\",\"@id\":\"https:\\\/\\\/informelitoral.com.ar\\\/#\\\/schema\\\/person\\\/f05f9f461677119578717524b127d6d5\",\"name\":\"Sebastian\",\"image\":{\"@type\":\"ImageObject\",\"inLanguage\":\"es\",\"@id\":\"https:\\\/\\\/secure.gravatar.com\\\/avatar\\\/b71bf7481d447dfb9583c7f2798e7cc64de6efb9067b74633ed8c31059a3bd82?s=96&d=mm&r=g\",\"url\":\"https:\\\/\\\/secure.gravatar.com\\\/avatar\\\/b71bf7481d447dfb9583c7f2798e7cc64de6efb9067b74633ed8c31059a3bd82?s=96&d=mm&r=g\",\"contentUrl\":\"https:\\\/\\\/secure.gravatar.com\\\/avatar\\\/b71bf7481d447dfb9583c7f2798e7cc64de6efb9067b74633ed8c31059a3bd82?s=96&d=mm&r=g\",\"caption\":\"Sebastian\"},\"url\":\"https:\\\/\\\/informelitoral.com.ar\\\/author\\\/sebastian\\\/\"}]}<\/script>","yoast_head_json":{"title":"Covid: hubo 260 muertes y se super\u00f3 los 8 millones de casos - Informe Litoral","robots":{"index":"index","follow":"follow","max-snippet":"max-snippet:-1","max-image-preview":"max-image-preview:large","max-video-preview":"max-video-preview:-1"},"canonical":"https:\/\/informelitoral.com.ar\/covid-hubo-260-muertes-y-se-supero-los-8-millones-de-casos\/","og_locale":"es_ES","og_type":"article","og_title":"Covid: hubo 260 muertes y se super\u00f3 los 8 millones de casos - Informe Litoral","og_description":"El informe del Ministerio de Salud se\u00f1al\u00f3 que en Entre R\u00edos se reportaron 2.246 contagios y nueve fallecimientos por Covid.","og_url":"https:\/\/informelitoral.com.ar\/covid-hubo-260-muertes-y-se-supero-los-8-millones-de-casos\/","og_site_name":"Informe Litoral","article_publisher":"https:\/\/www.facebook.com\/informelitoral\/","article_published_time":"2022-01-26T11:40:26+00:00","og_image":[{"width":1200,"height":900,"url":"https:\/\/informelitoral.com.ar\/%77%70%2d%63%6f%6e%74%65%6e%74\/uploads\/2022\/01\/2021-03-111316_slide_5374.jpg","type":"image\/jpeg"}],"author":"Sebastian","twitter_card":"summary_large_image","twitter_creator":"@InformeLitoral","twitter_site":"@InformeLitoral","twitter_misc":{"Escrito por":"Sebastian","Tiempo de lectura":"1 minuto"},"schema":{"@context":"https:\/\/schema.org","@graph":[{"@type":"Article","@id":"https:\/\/informelitoral.com.ar\/covid-hubo-260-muertes-y-se-supero-los-8-millones-de-casos\/#article","isPartOf":{"@id":"https:\/\/informelitoral.com.ar\/covid-hubo-260-muertes-y-se-supero-los-8-millones-de-casos\/"},"author":{"name":"Sebastian","@id":"https:\/\/informelitoral.com.ar\/#\/schema\/person\/f05f9f461677119578717524b127d6d5"},"headline":"Covid: hubo 260 muertes y se super\u00f3 los 8 millones de casos","datePublished":"2022-01-26T11:40:26+00:00","mainEntityOfPage":{"@id":"https:\/\/informelitoral.com.ar\/covid-hubo-260-muertes-y-se-supero-los-8-millones-de-casos\/"},"wordCount":284,"commentCount":0,"publisher":{"@id":"https:\/\/informelitoral.com.ar\/#organization"},"image":{"@id":"https:\/\/informelitoral.com.ar\/covid-hubo-260-muertes-y-se-supero-los-8-millones-de-casos\/#primaryimage"},"thumbnailUrl":"https:\/\/informelitoral.com.ar\/%77%70%2d%63%6f%6e%74%65%6e%74\/uploads\/2022\/01\/2021-03-111316_slide_5374.jpg","keywords":["Casos","COVID-19","Fallecimientos"],"articleSection":["Entre R\u00edos"],"inLanguage":"es","potentialAction":[{"@type":"CommentAction","name":"Comment","target":["https:\/\/informelitoral.com.ar\/covid-hubo-260-muertes-y-se-supero-los-8-millones-de-casos\/#respond"]}]},{"@type":"WebPage","@id":"https:\/\/informelitoral.com.ar\/covid-hubo-260-muertes-y-se-supero-los-8-millones-de-casos\/","url":"https:\/\/informelitoral.com.ar\/covid-hubo-260-muertes-y-se-supero-los-8-millones-de-casos\/","name":"Covid: hubo 260 muertes y se super\u00f3 los 8 millones de casos - Informe Litoral","isPartOf":{"@id":"https:\/\/informelitoral.com.ar\/#website"},"primaryImageOfPage":{"@id":"https:\/\/informelitoral.com.ar\/covid-hubo-260-muertes-y-se-supero-los-8-millones-de-casos\/#primaryimage"},"image":{"@id":"https:\/\/informelitoral.com.ar\/covid-hubo-260-muertes-y-se-supero-los-8-millones-de-casos\/#primaryimage"},"thumbnailUrl":"https:\/\/informelitoral.com.ar\/%77%70%2d%63%6f%6e%74%65%6e%74\/uploads\/2022\/01\/2021-03-111316_slide_5374.jpg","datePublished":"2022-01-26T11:40:26+00:00","breadcrumb":{"@id":"https:\/\/informelitoral.com.ar\/covid-hubo-260-muertes-y-se-supero-los-8-millones-de-casos\/#breadcrumb"},"inLanguage":"es","potentialAction":[{"@type":"ReadAction","target":["https:\/\/informelitoral.com.ar\/covid-hubo-260-muertes-y-se-supero-los-8-millones-de-casos\/"]}]},{"@type":"ImageObject","inLanguage":"es","@id":"https:\/\/informelitoral.com.ar\/covid-hubo-260-muertes-y-se-supero-los-8-millones-de-casos\/#primaryimage","url":"https:\/\/informelitoral.com.ar\/%77%70%2d%63%6f%6e%74%65%6e%74\/uploads\/2022\/01\/2021-03-111316_slide_5374.jpg","contentUrl":"https:\/\/informelitoral.com.ar\/%77%70%2d%63%6f%6e%74%65%6e%74\/uploads\/2022\/01\/2021-03-111316_slide_5374.jpg","width":1200,"height":900},{"@type":"BreadcrumbList","@id":"https:\/\/informelitoral.com.ar\/covid-hubo-260-muertes-y-se-supero-los-8-millones-de-casos\/#breadcrumb","itemListElement":[{"@type":"ListItem","position":1,"name":"Portada","item":"https:\/\/informelitoral.com.ar\/"},{"@type":"ListItem","position":2,"name":"Covid: hubo 260 muertes y se super\u00f3 los 8 millones de casos"}]},{"@type":"WebSite","@id":"https:\/\/informelitoral.com.ar\/#website","url":"https:\/\/informelitoral.com.ar\/","name":"Informe Litoral","description":"&quot;Nos informamos&quot; ","publisher":{"@id":"https:\/\/informelitoral.com.ar\/#organization"},"potentialAction":[{"@type":"SearchAction","target":{"@type":"EntryPoint","urlTemplate":"https:\/\/informelitoral.com.ar\/?s={search_term_string}"},"query-input":{"@type":"PropertyValueSpecification","valueRequired":true,"valueName":"search_term_string"}}],"inLanguage":"es"},{"@type":"Organization","@id":"https:\/\/informelitoral.com.ar\/#organization","name":"Informe Litoral","url":"https:\/\/informelitoral.com.ar\/","logo":{"@type":"ImageObject","inLanguage":"es","@id":"https:\/\/informelitoral.com.ar\/#\/schema\/logo\/image\/","url":"https:\/\/informelitoral.com.ar\/%77%70%2d%63%6f%6e%74%65%6e%74\/uploads\/2021\/01\/circulo.png","contentUrl":"https:\/\/informelitoral.com.ar\/%77%70%2d%63%6f%6e%74%65%6e%74\/uploads\/2021\/01\/circulo.png","width":723,"height":731,"caption":"Informe Litoral"},"image":{"@id":"https:\/\/informelitoral.com.ar\/#\/schema\/logo\/image\/"},"sameAs":["https:\/\/www.facebook.com\/informelitoral\/","https:\/\/x.com\/InformeLitoral","https:\/\/www.instagram.com\/informelitoral\/","https:\/\/www.youtube.com\/channel\/UCua4Qvz8Icb6MYqhoq9xLXw"]},{"@type":"Person","@id":"https:\/\/informelitoral.com.ar\/#\/schema\/person\/f05f9f461677119578717524b127d6d5","name":"Sebastian","image":{"@type":"ImageObject","inLanguage":"es","@id":"https:\/\/secure.gravatar.com\/avatar\/b71bf7481d447dfb9583c7f2798e7cc64de6efb9067b74633ed8c31059a3bd82?s=96&d=mm&r=g","url":"https:\/\/secure.gravatar.com\/avatar\/b71bf7481d447dfb9583c7f2798e7cc64de6efb9067b74633ed8c31059a3bd82?s=96&d=mm&r=g","contentUrl":"https:\/\/secure.gravatar.com\/avatar\/b71bf7481d447dfb9583c7f2798e7cc64de6efb9067b74633ed8c31059a3bd82?s=96&d=mm&r=g","caption":"Sebastian"},"url":"https:\/\/informelitoral.com.ar\/author\/sebastian\/"}]}},"_links":{"self":[{"href":"https:\/\/informelitoral.com.ar\/%77%70%2d%6a%73%6f%6e\/wp\/v2\/posts\/70764","targetHints":{"allow":["GET"]}}],"collection":[{"href":"https:\/\/informelitoral.com.ar\/%77%70%2d%6a%73%6f%6e\/wp\/v2\/posts"}],"about":[{"href":"https:\/\/informelitoral.com.ar\/%77%70%2d%6a%73%6f%6e\/wp\/v2\/types\/post"}],"author":[{"embeddable":true,"href":"https:\/\/informelitoral.com.ar\/%77%70%2d%6a%73%6f%6e\/wp\/v2\/users\/8"}],"replies":[{"embeddable":true,"href":"https:\/\/informelitoral.com.ar\/%77%70%2d%6a%73%6f%6e\/wp\/v2\/comments?post=70764"}],"version-history":[{"count":0,"href":"https:\/\/informelitoral.com.ar\/%77%70%2d%6a%73%6f%6e\/wp\/v2\/posts\/70764\/revisions"}],"wp:featuredmedia":[{"embeddable":true,"href":"https:\/\/informelitoral.com.ar\/%77%70%2d%6a%73%6f%6e\/wp\/v2\/media\/70669"}],"wp:attachment":[{"href":"https:\/\/informelitoral.com.ar\/%77%70%2d%6a%73%6f%6e\/wp\/v2\/media?parent=70764"}],"wp:term":[{"taxonomy":"category","embeddable":true,"href":"https:\/\/informelitoral.com.ar\/%77%70%2d%6a%73%6f%6e\/wp\/v2\/categories?post=70764"},{"taxonomy":"post_tag","embeddable":true,"href":"https:\/\/informelitoral.com.ar\/%77%70%2d%6a%73%6f%6e\/wp\/v2\/tags?post=70764"}],"curies":[{"name":"wp","href":"https:\/\/api.w.org\/{rel}","templated":true}]}}