{"id":70734,"date":"2022-01-25T11:34:39","date_gmt":"2022-01-25T14:34:39","guid":{"rendered":"https:\/\/www.informelitoral.com.ar\/?p=70734"},"modified":"2022-01-25T22:21:11","modified_gmt":"2022-01-26T01:21:11","slug":"confirman-las-obras-complementarias-que-conlleva-la-repavimentacion-de-la-ruta-32","status":"publish","type":"post","link":"https:\/\/informelitoral.com.ar\/confirman-las-obras-complementarias-que-conlleva-la-repavimentacion-de-la-ruta-32\/","title":{"rendered":"Confirman las obras complementarias que conlleva la repavimentaci\u00f3n de la Ruta 32"},"content":{"rendered":"<p>Las empresas Luis Losi, Lemiro Pablo Pietroboni, Jose Eleuterio Pit\u00f3n y Constructora Dos Arroyos, se convirtieron en las cuatro ofertas que tiene el gobierno entrerriano para la importante obra vial, que consiste en repavimentar la Ruta 32, en el tramo que va de Viale a Crespo. Pero no ser\u00e1n s\u00f3lo 39 kil\u00f3metros de asfalto, sino que habr\u00e1 modificaciones e incorporaciones de trascendente impacto para quienes la transiten.<\/p>\n<p>La titular de la Direcci\u00f3n Provincial de Vialidad, Alicia Ben\u00edtez, precis\u00f3: \u00abEn toda la ruta se har\u00e1 un ensanche, porque actualmente no cumple con las medidas st\u00e1ndar de seguridad, que es de 7.30 y hoy tiene 6.70. Se mantendr\u00e1 el eje de la misma, pero se ensanchar\u00e1 hacia ambos costados para promediar y alcanzar los 7.30 metros. Tambi\u00e9n se har\u00e1n d\u00e1rsenas, rotonda en la zona de Segu\u00ed, accesibilidad de ripio a otros destinos intermedios, iluminaci\u00f3n en los ingresos a los poblados, carriles de aceleraci\u00f3n y desaceleraci\u00f3n\u00bb.<\/p>\n<p>\u00abEs una ruta que a lo largo de mucho a\u00f1os ha concentrado en sus costados emprendimientos productivos y los productores justamente nos planteaban darle accesibilidad a sus establecimientos\u00bb, coment\u00f3 la funcionaria en cuanto al impacto que tendr\u00e1 para quienes desarrollan una actividad econ\u00f3mica en proximidad.<\/p>\n<p>Ben\u00edtez resalt\u00f3 que \u00abla Ruta 32 es medular, porque nos atraviesan la provincia y tienen un importante movimiento productivo y social. Ten\u00edamos el proyecto terminado desde hace un tiempo, pero est\u00e1bamos en la b\u00fasqueda de financiamiento y el gobernador lo obtuvo, permiti\u00e9ndonos a fines de diciembre poner en proceso todo esto y en este 2022 realizar la apertura de sobres\u00bb.\u00a0 Acerca de las instancias venideras, la directora detall\u00f3: \u00abAhora hay que armar y estudiar toda la documentaci\u00f3n presentada por las 4 empresas. Se complementa con el informe de la Direcci\u00f3n de Trabajo, respecto del cumplimiento de esas firmas en ese sentido y el Registro de Contratistas, que califica a esas empresas. No s\u00f3lo se estudia el precio, sino tambi\u00e9n los antecedentes y cuestiones afines. Cuando ocurra la adjudicaci\u00f3n, son 2 a\u00f1os de plazo de ejecuci\u00f3n\u00bb.<\/p>\n<p>Este proyecto de puesta en valor de la Ruta 32, desde Crespo hasta Viale, complementa una concreci\u00f3n anterior: \u00abHace unos a\u00f1os y con otro tipo de financiamiento, se hab\u00eda repavimentado hasta Mar\u00eda Grande y todav\u00eda quedar\u00e1 pendiente para un futuro, llegar hasta la localidad de Hasenkamp. Es otro proyecto que tenemos listo y vamos as\u00ed completando la traza de la Ruta 32\u00bb, afirm\u00f3.<\/p>\n","protected":false},"excerpt":{"rendered":"<p>La directora de Vialidad Provincial, Alicia Ben\u00edtez, enumer\u00f3 la infraestructura que comprende la obra licitada y para la cual hubo cuatro oferentes.<\/p>\n","protected":false},"author":8,"featured_media":70735,"comment_status":"open","ping_status":"open","sticky":false,"template":"","format":"standard","meta":{"fifu_image_url":"","fifu_image_alt":"","footnotes":""},"categories":[6],"tags":[729,283,2990,2791],"class_list":{"0":"post-70734","1":"post","2":"type-post","3":"status-publish","4":"format-standard","5":"has-post-thumbnail","7":"category-entre-rios","8":"tag-alicia-benitez","9":"tag-obras","10":"tag-repavimentacion","11":"tag-ruta-32"},"yoast_head":"<title>Confirman las obras complementarias que conlleva la repavimentaci\u00f3n de la Ruta 32 - Informe Litoral<\/title>\n<meta name=\"robots\" content=\"index, follow, max-snippet:-1, max-image-preview:large, max-video-preview:-1\" \/>\n<link rel=\"canonical\" href=\"https:\/\/informelitoral.com.ar\/confirman-las-obras-complementarias-que-conlleva-la-repavimentacion-de-la-ruta-32\/\" \/>\n<meta property=\"og:locale\" content=\"es_ES\" \/>\n<meta property=\"og:type\" content=\"article\" \/>\n<meta property=\"og:title\" content=\"Confirman las obras complementarias que conlleva la repavimentaci\u00f3n de la Ruta 32 - Informe Litoral\" \/>\n<meta property=\"og:description\" content=\"La directora de Vialidad Provincial, Alicia Ben\u00edtez, enumer\u00f3 la infraestructura que comprende la obra licitada y para la cual hubo cuatro oferentes.\" \/>\n<meta property=\"og:url\" content=\"https:\/\/informelitoral.com.ar\/confirman-las-obras-complementarias-que-conlleva-la-repavimentacion-de-la-ruta-32\/\" \/>\n<meta property=\"og:site_name\" content=\"Informe Litoral\" \/>\n<meta property=\"article:publisher\" content=\"https:\/\/www.facebook.com\/informelitoral\/\" \/>\n<meta property=\"article:published_time\" content=\"2022-01-25T14:34:39+00:00\" \/>\n<meta property=\"article:modified_time\" content=\"2022-01-26T01:21:11+00:00\" \/>\n<meta property=\"og:image\" content=\"https:\/\/informelitoral.com.ar\/%77%70%2d%63%6f%6e%74%65%6e%74\/uploads\/2022\/01\/ruta32-845x475-1.jpg\" \/>\n\t<meta property=\"og:image:width\" content=\"845\" \/>\n\t<meta property=\"og:image:height\" content=\"475\" \/>\n\t<meta property=\"og:image:type\" content=\"image\/jpeg\" \/>\n<meta name=\"author\" content=\"Sebastian\" \/>\n<meta name=\"twitter:card\" content=\"summary_large_image\" \/>\n<meta name=\"twitter:creator\" content=\"@InformeLitoral\" \/>\n<meta name=\"twitter:site\" content=\"@InformeLitoral\" \/>\n<meta name=\"twitter:label1\" content=\"Escrito por\" \/>\n\t<meta name=\"twitter:data1\" content=\"Sebastian\" \/>\n\t<meta name=\"twitter:label2\" content=\"Tiempo de lectura\" \/>\n\t<meta name=\"twitter:data2\" content=\"2 minutos\" \/>\n<script type=\"application\/ld+json\" class=\"yoast-schema-graph\">{\"@context\":\"https:\\\/\\\/schema.org\",\"@graph\":[{\"@type\":\"Article\",\"@id\":\"https:\\\/\\\/informelitoral.com.ar\\\/confirman-las-obras-complementarias-que-conlleva-la-repavimentacion-de-la-ruta-32\\\/#article\",\"isPartOf\":{\"@id\":\"https:\\\/\\\/informelitoral.com.ar\\\/confirman-las-obras-complementarias-que-conlleva-la-repavimentacion-de-la-ruta-32\\\/\"},\"author\":{\"name\":\"Sebastian\",\"@id\":\"https:\\\/\\\/informelitoral.com.ar\\\/#\\\/schema\\\/person\\\/f05f9f461677119578717524b127d6d5\"},\"headline\":\"Confirman las obras complementarias que conlleva la repavimentaci\u00f3n de la Ruta 32\",\"datePublished\":\"2022-01-25T14:34:39+00:00\",\"dateModified\":\"2022-01-26T01:21:11+00:00\",\"mainEntityOfPage\":{\"@id\":\"https:\\\/\\\/informelitoral.com.ar\\\/confirman-las-obras-complementarias-que-conlleva-la-repavimentacion-de-la-ruta-32\\\/\"},\"wordCount\":429,\"commentCount\":0,\"publisher\":{\"@id\":\"https:\\\/\\\/informelitoral.com.ar\\\/#organization\"},\"image\":{\"@id\":\"https:\\\/\\\/informelitoral.com.ar\\\/confirman-las-obras-complementarias-que-conlleva-la-repavimentacion-de-la-ruta-32\\\/#primaryimage\"},\"thumbnailUrl\":\"https:\\\/\\\/informelitoral.com.ar\\\/%77%70%2d%63%6f%6e%74%65%6e%74\\\/uploads\\\/2022\\\/01\\\/ruta32-845x475-1.jpg\",\"keywords\":[\"Alicia Ben\u00edtez\",\"Obras\",\"repavimentaci\u00f3n\",\"Ruta 32\"],\"articleSection\":[\"Entre R\u00edos\"],\"inLanguage\":\"es\",\"potentialAction\":[{\"@type\":\"CommentAction\",\"name\":\"Comment\",\"target\":[\"https:\\\/\\\/informelitoral.com.ar\\\/confirman-las-obras-complementarias-que-conlleva-la-repavimentacion-de-la-ruta-32\\\/#respond\"]}]},{\"@type\":\"WebPage\",\"@id\":\"https:\\\/\\\/informelitoral.com.ar\\\/confirman-las-obras-complementarias-que-conlleva-la-repavimentacion-de-la-ruta-32\\\/\",\"url\":\"https:\\\/\\\/informelitoral.com.ar\\\/confirman-las-obras-complementarias-que-conlleva-la-repavimentacion-de-la-ruta-32\\\/\",\"name\":\"Confirman las obras complementarias que conlleva la repavimentaci\u00f3n de la Ruta 32 - Informe Litoral\",\"isPartOf\":{\"@id\":\"https:\\\/\\\/informelitoral.com.ar\\\/#website\"},\"primaryImageOfPage\":{\"@id\":\"https:\\\/\\\/informelitoral.com.ar\\\/confirman-las-obras-complementarias-que-conlleva-la-repavimentacion-de-la-ruta-32\\\/#primaryimage\"},\"image\":{\"@id\":\"https:\\\/\\\/informelitoral.com.ar\\\/confirman-las-obras-complementarias-que-conlleva-la-repavimentacion-de-la-ruta-32\\\/#primaryimage\"},\"thumbnailUrl\":\"https:\\\/\\\/informelitoral.com.ar\\\/%77%70%2d%63%6f%6e%74%65%6e%74\\\/uploads\\\/2022\\\/01\\\/ruta32-845x475-1.jpg\",\"datePublished\":\"2022-01-25T14:34:39+00:00\",\"dateModified\":\"2022-01-26T01:21:11+00:00\",\"breadcrumb\":{\"@id\":\"https:\\\/\\\/informelitoral.com.ar\\\/confirman-las-obras-complementarias-que-conlleva-la-repavimentacion-de-la-ruta-32\\\/#breadcrumb\"},\"inLanguage\":\"es\",\"potentialAction\":[{\"@type\":\"ReadAction\",\"target\":[\"https:\\\/\\\/informelitoral.com.ar\\\/confirman-las-obras-complementarias-que-conlleva-la-repavimentacion-de-la-ruta-32\\\/\"]}]},{\"@type\":\"ImageObject\",\"inLanguage\":\"es\",\"@id\":\"https:\\\/\\\/informelitoral.com.ar\\\/confirman-las-obras-complementarias-que-conlleva-la-repavimentacion-de-la-ruta-32\\\/#primaryimage\",\"url\":\"https:\\\/\\\/informelitoral.com.ar\\\/%77%70%2d%63%6f%6e%74%65%6e%74\\\/uploads\\\/2022\\\/01\\\/ruta32-845x475-1.jpg\",\"contentUrl\":\"https:\\\/\\\/informelitoral.com.ar\\\/%77%70%2d%63%6f%6e%74%65%6e%74\\\/uploads\\\/2022\\\/01\\\/ruta32-845x475-1.jpg\",\"width\":845,\"height\":475},{\"@type\":\"BreadcrumbList\",\"@id\":\"https:\\\/\\\/informelitoral.com.ar\\\/confirman-las-obras-complementarias-que-conlleva-la-repavimentacion-de-la-ruta-32\\\/#breadcrumb\",\"itemListElement\":[{\"@type\":\"ListItem\",\"position\":1,\"name\":\"Portada\",\"item\":\"https:\\\/\\\/informelitoral.com.ar\\\/\"},{\"@type\":\"ListItem\",\"position\":2,\"name\":\"Confirman las obras complementarias que conlleva la repavimentaci\u00f3n de la Ruta 32\"}]},{\"@type\":\"WebSite\",\"@id\":\"https:\\\/\\\/informelitoral.com.ar\\\/#website\",\"url\":\"https:\\\/\\\/informelitoral.com.ar\\\/\",\"name\":\"Informe Litoral\",\"description\":\"&quot;Nos informamos&quot; \",\"publisher\":{\"@id\":\"https:\\\/\\\/informelitoral.com.ar\\\/#organization\"},\"potentialAction\":[{\"@type\":\"SearchAction\",\"target\":{\"@type\":\"EntryPoint\",\"urlTemplate\":\"https:\\\/\\\/informelitoral.com.ar\\\/?s={search_term_string}\"},\"query-input\":{\"@type\":\"PropertyValueSpecification\",\"valueRequired\":true,\"valueName\":\"search_term_string\"}}],\"inLanguage\":\"es\"},{\"@type\":\"Organization\",\"@id\":\"https:\\\/\\\/informelitoral.com.ar\\\/#organization\",\"name\":\"Informe Litoral\",\"url\":\"https:\\\/\\\/informelitoral.com.ar\\\/\",\"logo\":{\"@type\":\"ImageObject\",\"inLanguage\":\"es\",\"@id\":\"https:\\\/\\\/informelitoral.com.ar\\\/#\\\/schema\\\/logo\\\/image\\\/\",\"url\":\"https:\\\/\\\/informelitoral.com.ar\\\/%77%70%2d%63%6f%6e%74%65%6e%74\\\/uploads\\\/2021\\\/01\\\/circulo.png\",\"contentUrl\":\"https:\\\/\\\/informelitoral.com.ar\\\/%77%70%2d%63%6f%6e%74%65%6e%74\\\/uploads\\\/2021\\\/01\\\/circulo.png\",\"width\":723,\"height\":731,\"caption\":\"Informe Litoral\"},\"image\":{\"@id\":\"https:\\\/\\\/informelitoral.com.ar\\\/#\\\/schema\\\/logo\\\/image\\\/\"},\"sameAs\":[\"https:\\\/\\\/www.facebook.com\\\/informelitoral\\\/\",\"https:\\\/\\\/x.com\\\/InformeLitoral\",\"https:\\\/\\\/www.instagram.com\\\/informelitoral\\\/\",\"https:\\\/\\\/www.youtube.com\\\/channel\\\/UCua4Qvz8Icb6MYqhoq9xLXw\"]},{\"@type\":\"Person\",\"@id\":\"https:\\\/\\\/informelitoral.com.ar\\\/#\\\/schema\\\/person\\\/f05f9f461677119578717524b127d6d5\",\"name\":\"Sebastian\",\"image\":{\"@type\":\"ImageObject\",\"inLanguage\":\"es\",\"@id\":\"https:\\\/\\\/secure.gravatar.com\\\/avatar\\\/b71bf7481d447dfb9583c7f2798e7cc64de6efb9067b74633ed8c31059a3bd82?s=96&d=mm&r=g\",\"url\":\"https:\\\/\\\/secure.gravatar.com\\\/avatar\\\/b71bf7481d447dfb9583c7f2798e7cc64de6efb9067b74633ed8c31059a3bd82?s=96&d=mm&r=g\",\"contentUrl\":\"https:\\\/\\\/secure.gravatar.com\\\/avatar\\\/b71bf7481d447dfb9583c7f2798e7cc64de6efb9067b74633ed8c31059a3bd82?s=96&d=mm&r=g\",\"caption\":\"Sebastian\"},\"url\":\"https:\\\/\\\/informelitoral.com.ar\\\/author\\\/sebastian\\\/\"}]}<\/script>","yoast_head_json":{"title":"Confirman las obras complementarias que conlleva la repavimentaci\u00f3n de la Ruta 32 - Informe Litoral","robots":{"index":"index","follow":"follow","max-snippet":"max-snippet:-1","max-image-preview":"max-image-preview:large","max-video-preview":"max-video-preview:-1"},"canonical":"https:\/\/informelitoral.com.ar\/confirman-las-obras-complementarias-que-conlleva-la-repavimentacion-de-la-ruta-32\/","og_locale":"es_ES","og_type":"article","og_title":"Confirman las obras complementarias que conlleva la repavimentaci\u00f3n de la Ruta 32 - Informe Litoral","og_description":"La directora de Vialidad Provincial, Alicia Ben\u00edtez, enumer\u00f3 la infraestructura que comprende la obra licitada y para la cual hubo cuatro oferentes.","og_url":"https:\/\/informelitoral.com.ar\/confirman-las-obras-complementarias-que-conlleva-la-repavimentacion-de-la-ruta-32\/","og_site_name":"Informe Litoral","article_publisher":"https:\/\/www.facebook.com\/informelitoral\/","article_published_time":"2022-01-25T14:34:39+00:00","article_modified_time":"2022-01-26T01:21:11+00:00","og_image":[{"width":845,"height":475,"url":"https:\/\/informelitoral.com.ar\/%77%70%2d%63%6f%6e%74%65%6e%74\/uploads\/2022\/01\/ruta32-845x475-1.jpg","type":"image\/jpeg"}],"author":"Sebastian","twitter_card":"summary_large_image","twitter_creator":"@InformeLitoral","twitter_site":"@InformeLitoral","twitter_misc":{"Escrito por":"Sebastian","Tiempo de lectura":"2 minutos"},"schema":{"@context":"https:\/\/schema.org","@graph":[{"@type":"Article","@id":"https:\/\/informelitoral.com.ar\/confirman-las-obras-complementarias-que-conlleva-la-repavimentacion-de-la-ruta-32\/#article","isPartOf":{"@id":"https:\/\/informelitoral.com.ar\/confirman-las-obras-complementarias-que-conlleva-la-repavimentacion-de-la-ruta-32\/"},"author":{"name":"Sebastian","@id":"https:\/\/informelitoral.com.ar\/#\/schema\/person\/f05f9f461677119578717524b127d6d5"},"headline":"Confirman las obras complementarias que conlleva la repavimentaci\u00f3n de la Ruta 32","datePublished":"2022-01-25T14:34:39+00:00","dateModified":"2022-01-26T01:21:11+00:00","mainEntityOfPage":{"@id":"https:\/\/informelitoral.com.ar\/confirman-las-obras-complementarias-que-conlleva-la-repavimentacion-de-la-ruta-32\/"},"wordCount":429,"commentCount":0,"publisher":{"@id":"https:\/\/informelitoral.com.ar\/#organization"},"image":{"@id":"https:\/\/informelitoral.com.ar\/confirman-las-obras-complementarias-que-conlleva-la-repavimentacion-de-la-ruta-32\/#primaryimage"},"thumbnailUrl":"https:\/\/informelitoral.com.ar\/%77%70%2d%63%6f%6e%74%65%6e%74\/uploads\/2022\/01\/ruta32-845x475-1.jpg","keywords":["Alicia Ben\u00edtez","Obras","repavimentaci\u00f3n","Ruta 32"],"articleSection":["Entre R\u00edos"],"inLanguage":"es","potentialAction":[{"@type":"CommentAction","name":"Comment","target":["https:\/\/informelitoral.com.ar\/confirman-las-obras-complementarias-que-conlleva-la-repavimentacion-de-la-ruta-32\/#respond"]}]},{"@type":"WebPage","@id":"https:\/\/informelitoral.com.ar\/confirman-las-obras-complementarias-que-conlleva-la-repavimentacion-de-la-ruta-32\/","url":"https:\/\/informelitoral.com.ar\/confirman-las-obras-complementarias-que-conlleva-la-repavimentacion-de-la-ruta-32\/","name":"Confirman las obras complementarias que conlleva la repavimentaci\u00f3n de la Ruta 32 - Informe Litoral","isPartOf":{"@id":"https:\/\/informelitoral.com.ar\/#website"},"primaryImageOfPage":{"@id":"https:\/\/informelitoral.com.ar\/confirman-las-obras-complementarias-que-conlleva-la-repavimentacion-de-la-ruta-32\/#primaryimage"},"image":{"@id":"https:\/\/informelitoral.com.ar\/confirman-las-obras-complementarias-que-conlleva-la-repavimentacion-de-la-ruta-32\/#primaryimage"},"thumbnailUrl":"https:\/\/informelitoral.com.ar\/%77%70%2d%63%6f%6e%74%65%6e%74\/uploads\/2022\/01\/ruta32-845x475-1.jpg","datePublished":"2022-01-25T14:34:39+00:00","dateModified":"2022-01-26T01:21:11+00:00","breadcrumb":{"@id":"https:\/\/informelitoral.com.ar\/confirman-las-obras-complementarias-que-conlleva-la-repavimentacion-de-la-ruta-32\/#breadcrumb"},"inLanguage":"es","potentialAction":[{"@type":"ReadAction","target":["https:\/\/informelitoral.com.ar\/confirman-las-obras-complementarias-que-conlleva-la-repavimentacion-de-la-ruta-32\/"]}]},{"@type":"ImageObject","inLanguage":"es","@id":"https:\/\/informelitoral.com.ar\/confirman-las-obras-complementarias-que-conlleva-la-repavimentacion-de-la-ruta-32\/#primaryimage","url":"https:\/\/informelitoral.com.ar\/%77%70%2d%63%6f%6e%74%65%6e%74\/uploads\/2022\/01\/ruta32-845x475-1.jpg","contentUrl":"https:\/\/informelitoral.com.ar\/%77%70%2d%63%6f%6e%74%65%6e%74\/uploads\/2022\/01\/ruta32-845x475-1.jpg","width":845,"height":475},{"@type":"BreadcrumbList","@id":"https:\/\/informelitoral.com.ar\/confirman-las-obras-complementarias-que-conlleva-la-repavimentacion-de-la-ruta-32\/#breadcrumb","itemListElement":[{"@type":"ListItem","position":1,"name":"Portada","item":"https:\/\/informelitoral.com.ar\/"},{"@type":"ListItem","position":2,"name":"Confirman las obras complementarias que conlleva la repavimentaci\u00f3n de la Ruta 32"}]},{"@type":"WebSite","@id":"https:\/\/informelitoral.com.ar\/#website","url":"https:\/\/informelitoral.com.ar\/","name":"Informe Litoral","description":"&quot;Nos informamos&quot; ","publisher":{"@id":"https:\/\/informelitoral.com.ar\/#organization"},"potentialAction":[{"@type":"SearchAction","target":{"@type":"EntryPoint","urlTemplate":"https:\/\/informelitoral.com.ar\/?s={search_term_string}"},"query-input":{"@type":"PropertyValueSpecification","valueRequired":true,"valueName":"search_term_string"}}],"inLanguage":"es"},{"@type":"Organization","@id":"https:\/\/informelitoral.com.ar\/#organization","name":"Informe Litoral","url":"https:\/\/informelitoral.com.ar\/","logo":{"@type":"ImageObject","inLanguage":"es","@id":"https:\/\/informelitoral.com.ar\/#\/schema\/logo\/image\/","url":"https:\/\/informelitoral.com.ar\/%77%70%2d%63%6f%6e%74%65%6e%74\/uploads\/2021\/01\/circulo.png","contentUrl":"https:\/\/informelitoral.com.ar\/%77%70%2d%63%6f%6e%74%65%6e%74\/uploads\/2021\/01\/circulo.png","width":723,"height":731,"caption":"Informe Litoral"},"image":{"@id":"https:\/\/informelitoral.com.ar\/#\/schema\/logo\/image\/"},"sameAs":["https:\/\/www.facebook.com\/informelitoral\/","https:\/\/x.com\/InformeLitoral","https:\/\/www.instagram.com\/informelitoral\/","https:\/\/www.youtube.com\/channel\/UCua4Qvz8Icb6MYqhoq9xLXw"]},{"@type":"Person","@id":"https:\/\/informelitoral.com.ar\/#\/schema\/person\/f05f9f461677119578717524b127d6d5","name":"Sebastian","image":{"@type":"ImageObject","inLanguage":"es","@id":"https:\/\/secure.gravatar.com\/avatar\/b71bf7481d447dfb9583c7f2798e7cc64de6efb9067b74633ed8c31059a3bd82?s=96&d=mm&r=g","url":"https:\/\/secure.gravatar.com\/avatar\/b71bf7481d447dfb9583c7f2798e7cc64de6efb9067b74633ed8c31059a3bd82?s=96&d=mm&r=g","contentUrl":"https:\/\/secure.gravatar.com\/avatar\/b71bf7481d447dfb9583c7f2798e7cc64de6efb9067b74633ed8c31059a3bd82?s=96&d=mm&r=g","caption":"Sebastian"},"url":"https:\/\/informelitoral.com.ar\/author\/sebastian\/"}]}},"_links":{"self":[{"href":"https:\/\/informelitoral.com.ar\/%77%70%2d%6a%73%6f%6e\/wp\/v2\/posts\/70734","targetHints":{"allow":["GET"]}}],"collection":[{"href":"https:\/\/informelitoral.com.ar\/%77%70%2d%6a%73%6f%6e\/wp\/v2\/posts"}],"about":[{"href":"https:\/\/informelitoral.com.ar\/%77%70%2d%6a%73%6f%6e\/wp\/v2\/types\/post"}],"author":[{"embeddable":true,"href":"https:\/\/informelitoral.com.ar\/%77%70%2d%6a%73%6f%6e\/wp\/v2\/users\/8"}],"replies":[{"embeddable":true,"href":"https:\/\/informelitoral.com.ar\/%77%70%2d%6a%73%6f%6e\/wp\/v2\/comments?post=70734"}],"version-history":[{"count":0,"href":"https:\/\/informelitoral.com.ar\/%77%70%2d%6a%73%6f%6e\/wp\/v2\/posts\/70734\/revisions"}],"wp:featuredmedia":[{"embeddable":true,"href":"https:\/\/informelitoral.com.ar\/%77%70%2d%6a%73%6f%6e\/wp\/v2\/media\/70735"}],"wp:attachment":[{"href":"https:\/\/informelitoral.com.ar\/%77%70%2d%6a%73%6f%6e\/wp\/v2\/media?parent=70734"}],"wp:term":[{"taxonomy":"category","embeddable":true,"href":"https:\/\/informelitoral.com.ar\/%77%70%2d%6a%73%6f%6e\/wp\/v2\/categories?post=70734"},{"taxonomy":"post_tag","embeddable":true,"href":"https:\/\/informelitoral.com.ar\/%77%70%2d%6a%73%6f%6e\/wp\/v2\/tags?post=70734"}],"curies":[{"name":"wp","href":"https:\/\/api.w.org\/{rel}","templated":true}]}}