{"id":70713,"date":"2022-01-25T09:15:02","date_gmt":"2022-01-25T12:15:02","guid":{"rendered":"https:\/\/www.informelitoral.com.ar\/?p=70713"},"modified":"2022-01-25T09:15:02","modified_gmt":"2022-01-25T12:15:02","slug":"policias-heridos-patrulleros-danados-y-detenidos-frente-a-la-jefatura-departamental-victoria","status":"publish","type":"post","link":"https:\/\/informelitoral.com.ar\/policias-heridos-patrulleros-danados-y-detenidos-frente-a-la-jefatura-departamental-victoria\/","title":{"rendered":"Polic\u00edas heridos, patrulleros da\u00f1ados y detenidos frente a la Jefatura Departamental Victoria"},"content":{"rendered":"<p>Tras los incidentes, se registraron manifestantes y personal policial heridos, a la vez que m\u00f3viles policiales resultaron da\u00f1ados. Detuvieron a cuatro personas, dos hombres y dos mujeres, por los delitos de Resistencia a la Autoridad, Da\u00f1os a los bienes del Estado, Coacci\u00f3n, Incendio y Lesiones.<\/p>\n<p>Los familiares de Quintana hab\u00edan asistido esta ma\u00f1ana a una reuni\u00f3n con el Jefe de Polic\u00eda, Omar Regondi, quien les inform\u00f3 del estado de las investigaciones que comenzaron a ra\u00edz de la muerte del joven. En la reuni\u00f3n se mostraron las im\u00e1genes de la c\u00e1mara de seguridad, lo cual habr\u00eda desatado la furia en los familiares de Leonardo, puesto que ellos aseguran que \u00e9ste ped\u00eda ayuda momentos antes de su deceso, y los oficiales no habr\u00edan recurrido a \u00e9l.<\/p>\n<p>Los allegados a Quintana denuncian que el joven no se quit\u00f3 la vida y piden que se haga justicia. Por su parte, el Jefe de Polic\u00eda, en di\u00e1logo con FM 90.3 afirm\u00f3 que la investigaci\u00f3n se encuentra en curso y la est\u00e1 llevando a cabo otra jefatura, para tratar de esclarecer las circunstancias alrededor de la autodeterminaci\u00f3n del joven.<\/p>\n<p>Al comienzo de la tarde de este lunes, los manifestantes continuaban en vigilia frente a la Jefatura con carteles pidiendo justicia.<\/p>\n<p>&nbsp;<\/p>\n<p>&nbsp;<\/p>\n","protected":false},"excerpt":{"rendered":"<p>Familiares de Leonado Quintana, el joven hallado muerto en una de las celdas, encabezaron una protesta. Hubo quema de gomas, arrojaron piedras contra efectivos y m\u00f3viles, por lo que \u00e9stos disuadieron con postas de goma y gas lacrim\u00f3geno.<\/p>\n","protected":false},"author":8,"featured_media":70714,"comment_status":"open","ping_status":"open","sticky":false,"template":"","format":"standard","meta":{"fifu_image_url":"","fifu_image_alt":"","footnotes":""},"categories":[14],"tags":[2984,2985,2094],"class_list":{"0":"post-70713","1":"post","2":"type-post","3":"status-publish","4":"format-standard","5":"has-post-thumbnail","7":"category-policiales","8":"tag-heridos","9":"tag-jefatura-departamental-de-victoria","10":"tag-policias"},"yoast_head":"<title>Polic\u00edas heridos, patrulleros da\u00f1ados y detenidos frente a la Jefatura Departamental Victoria - Informe Litoral<\/title>\n<meta name=\"robots\" content=\"index, follow, max-snippet:-1, max-image-preview:large, max-video-preview:-1\" \/>\n<link rel=\"canonical\" href=\"https:\/\/informelitoral.com.ar\/policias-heridos-patrulleros-danados-y-detenidos-frente-a-la-jefatura-departamental-victoria\/\" \/>\n<meta property=\"og:locale\" content=\"es_ES\" \/>\n<meta property=\"og:type\" content=\"article\" \/>\n<meta property=\"og:title\" content=\"Polic\u00edas heridos, patrulleros da\u00f1ados y detenidos frente a la Jefatura Departamental Victoria - Informe Litoral\" \/>\n<meta property=\"og:description\" content=\"Familiares de Leonado Quintana, el joven hallado muerto en una de las celdas, encabezaron una protesta. Hubo quema de gomas, arrojaron piedras contra efectivos y m\u00f3viles, por lo que \u00e9stos disuadieron con postas de goma y gas lacrim\u00f3geno.\" \/>\n<meta property=\"og:url\" content=\"https:\/\/informelitoral.com.ar\/policias-heridos-patrulleros-danados-y-detenidos-frente-a-la-jefatura-departamental-victoria\/\" \/>\n<meta property=\"og:site_name\" content=\"Informe Litoral\" \/>\n<meta property=\"article:publisher\" content=\"https:\/\/www.facebook.com\/informelitoral\/\" \/>\n<meta property=\"article:published_time\" content=\"2022-01-25T12:15:02+00:00\" \/>\n<meta property=\"og:image\" content=\"https:\/\/informelitoral.com.ar\/%77%70%2d%63%6f%6e%74%65%6e%74\/uploads\/2022\/01\/departamental-victoria-policiajpg.jpg\" \/>\n\t<meta property=\"og:image:width\" content=\"642\" \/>\n\t<meta property=\"og:image:height\" content=\"361\" \/>\n\t<meta property=\"og:image:type\" content=\"image\/jpeg\" \/>\n<meta name=\"author\" content=\"Sebastian\" \/>\n<meta name=\"twitter:card\" content=\"summary_large_image\" \/>\n<meta name=\"twitter:creator\" content=\"@InformeLitoral\" \/>\n<meta name=\"twitter:site\" content=\"@InformeLitoral\" \/>\n<meta name=\"twitter:label1\" content=\"Escrito por\" \/>\n\t<meta name=\"twitter:data1\" content=\"Sebastian\" \/>\n\t<meta name=\"twitter:label2\" content=\"Tiempo de lectura\" \/>\n\t<meta name=\"twitter:data2\" content=\"1 minuto\" \/>\n<script type=\"application\/ld+json\" class=\"yoast-schema-graph\">{\"@context\":\"https:\\\/\\\/schema.org\",\"@graph\":[{\"@type\":\"Article\",\"@id\":\"https:\\\/\\\/informelitoral.com.ar\\\/policias-heridos-patrulleros-danados-y-detenidos-frente-a-la-jefatura-departamental-victoria\\\/#article\",\"isPartOf\":{\"@id\":\"https:\\\/\\\/informelitoral.com.ar\\\/policias-heridos-patrulleros-danados-y-detenidos-frente-a-la-jefatura-departamental-victoria\\\/\"},\"author\":{\"name\":\"Sebastian\",\"@id\":\"https:\\\/\\\/informelitoral.com.ar\\\/#\\\/schema\\\/person\\\/f05f9f461677119578717524b127d6d5\"},\"headline\":\"Polic\u00edas heridos, patrulleros da\u00f1ados y detenidos frente a la Jefatura Departamental Victoria\",\"datePublished\":\"2022-01-25T12:15:02+00:00\",\"mainEntityOfPage\":{\"@id\":\"https:\\\/\\\/informelitoral.com.ar\\\/policias-heridos-patrulleros-danados-y-detenidos-frente-a-la-jefatura-departamental-victoria\\\/\"},\"wordCount\":238,\"commentCount\":0,\"publisher\":{\"@id\":\"https:\\\/\\\/informelitoral.com.ar\\\/#organization\"},\"image\":{\"@id\":\"https:\\\/\\\/informelitoral.com.ar\\\/policias-heridos-patrulleros-danados-y-detenidos-frente-a-la-jefatura-departamental-victoria\\\/#primaryimage\"},\"thumbnailUrl\":\"https:\\\/\\\/informelitoral.com.ar\\\/%77%70%2d%63%6f%6e%74%65%6e%74\\\/uploads\\\/2022\\\/01\\\/departamental-victoria-policiajpg.jpg\",\"keywords\":[\"Heridos\",\"Jefatura Departamental de Victoria\",\"Policias\"],\"articleSection\":[\"Policiales\"],\"inLanguage\":\"es\",\"potentialAction\":[{\"@type\":\"CommentAction\",\"name\":\"Comment\",\"target\":[\"https:\\\/\\\/informelitoral.com.ar\\\/policias-heridos-patrulleros-danados-y-detenidos-frente-a-la-jefatura-departamental-victoria\\\/#respond\"]}]},{\"@type\":\"WebPage\",\"@id\":\"https:\\\/\\\/informelitoral.com.ar\\\/policias-heridos-patrulleros-danados-y-detenidos-frente-a-la-jefatura-departamental-victoria\\\/\",\"url\":\"https:\\\/\\\/informelitoral.com.ar\\\/policias-heridos-patrulleros-danados-y-detenidos-frente-a-la-jefatura-departamental-victoria\\\/\",\"name\":\"Polic\u00edas heridos, patrulleros da\u00f1ados y detenidos frente a la Jefatura Departamental Victoria - Informe Litoral\",\"isPartOf\":{\"@id\":\"https:\\\/\\\/informelitoral.com.ar\\\/#website\"},\"primaryImageOfPage\":{\"@id\":\"https:\\\/\\\/informelitoral.com.ar\\\/policias-heridos-patrulleros-danados-y-detenidos-frente-a-la-jefatura-departamental-victoria\\\/#primaryimage\"},\"image\":{\"@id\":\"https:\\\/\\\/informelitoral.com.ar\\\/policias-heridos-patrulleros-danados-y-detenidos-frente-a-la-jefatura-departamental-victoria\\\/#primaryimage\"},\"thumbnailUrl\":\"https:\\\/\\\/informelitoral.com.ar\\\/%77%70%2d%63%6f%6e%74%65%6e%74\\\/uploads\\\/2022\\\/01\\\/departamental-victoria-policiajpg.jpg\",\"datePublished\":\"2022-01-25T12:15:02+00:00\",\"breadcrumb\":{\"@id\":\"https:\\\/\\\/informelitoral.com.ar\\\/policias-heridos-patrulleros-danados-y-detenidos-frente-a-la-jefatura-departamental-victoria\\\/#breadcrumb\"},\"inLanguage\":\"es\",\"potentialAction\":[{\"@type\":\"ReadAction\",\"target\":[\"https:\\\/\\\/informelitoral.com.ar\\\/policias-heridos-patrulleros-danados-y-detenidos-frente-a-la-jefatura-departamental-victoria\\\/\"]}]},{\"@type\":\"ImageObject\",\"inLanguage\":\"es\",\"@id\":\"https:\\\/\\\/informelitoral.com.ar\\\/policias-heridos-patrulleros-danados-y-detenidos-frente-a-la-jefatura-departamental-victoria\\\/#primaryimage\",\"url\":\"https:\\\/\\\/informelitoral.com.ar\\\/%77%70%2d%63%6f%6e%74%65%6e%74\\\/uploads\\\/2022\\\/01\\\/departamental-victoria-policiajpg.jpg\",\"contentUrl\":\"https:\\\/\\\/informelitoral.com.ar\\\/%77%70%2d%63%6f%6e%74%65%6e%74\\\/uploads\\\/2022\\\/01\\\/departamental-victoria-policiajpg.jpg\",\"width\":642,\"height\":361},{\"@type\":\"BreadcrumbList\",\"@id\":\"https:\\\/\\\/informelitoral.com.ar\\\/policias-heridos-patrulleros-danados-y-detenidos-frente-a-la-jefatura-departamental-victoria\\\/#breadcrumb\",\"itemListElement\":[{\"@type\":\"ListItem\",\"position\":1,\"name\":\"Portada\",\"item\":\"https:\\\/\\\/informelitoral.com.ar\\\/\"},{\"@type\":\"ListItem\",\"position\":2,\"name\":\"Polic\u00edas heridos, patrulleros da\u00f1ados y detenidos frente a la Jefatura Departamental Victoria\"}]},{\"@type\":\"WebSite\",\"@id\":\"https:\\\/\\\/informelitoral.com.ar\\\/#website\",\"url\":\"https:\\\/\\\/informelitoral.com.ar\\\/\",\"name\":\"Informe Litoral\",\"description\":\"&quot;Nos informamos&quot; \",\"publisher\":{\"@id\":\"https:\\\/\\\/informelitoral.com.ar\\\/#organization\"},\"potentialAction\":[{\"@type\":\"SearchAction\",\"target\":{\"@type\":\"EntryPoint\",\"urlTemplate\":\"https:\\\/\\\/informelitoral.com.ar\\\/?s={search_term_string}\"},\"query-input\":{\"@type\":\"PropertyValueSpecification\",\"valueRequired\":true,\"valueName\":\"search_term_string\"}}],\"inLanguage\":\"es\"},{\"@type\":\"Organization\",\"@id\":\"https:\\\/\\\/informelitoral.com.ar\\\/#organization\",\"name\":\"Informe Litoral\",\"url\":\"https:\\\/\\\/informelitoral.com.ar\\\/\",\"logo\":{\"@type\":\"ImageObject\",\"inLanguage\":\"es\",\"@id\":\"https:\\\/\\\/informelitoral.com.ar\\\/#\\\/schema\\\/logo\\\/image\\\/\",\"url\":\"https:\\\/\\\/informelitoral.com.ar\\\/%77%70%2d%63%6f%6e%74%65%6e%74\\\/uploads\\\/2021\\\/01\\\/circulo.png\",\"contentUrl\":\"https:\\\/\\\/informelitoral.com.ar\\\/%77%70%2d%63%6f%6e%74%65%6e%74\\\/uploads\\\/2021\\\/01\\\/circulo.png\",\"width\":723,\"height\":731,\"caption\":\"Informe Litoral\"},\"image\":{\"@id\":\"https:\\\/\\\/informelitoral.com.ar\\\/#\\\/schema\\\/logo\\\/image\\\/\"},\"sameAs\":[\"https:\\\/\\\/www.facebook.com\\\/informelitoral\\\/\",\"https:\\\/\\\/x.com\\\/InformeLitoral\",\"https:\\\/\\\/www.instagram.com\\\/informelitoral\\\/\",\"https:\\\/\\\/www.youtube.com\\\/channel\\\/UCua4Qvz8Icb6MYqhoq9xLXw\"]},{\"@type\":\"Person\",\"@id\":\"https:\\\/\\\/informelitoral.com.ar\\\/#\\\/schema\\\/person\\\/f05f9f461677119578717524b127d6d5\",\"name\":\"Sebastian\",\"image\":{\"@type\":\"ImageObject\",\"inLanguage\":\"es\",\"@id\":\"https:\\\/\\\/secure.gravatar.com\\\/avatar\\\/b71bf7481d447dfb9583c7f2798e7cc64de6efb9067b74633ed8c31059a3bd82?s=96&d=mm&r=g\",\"url\":\"https:\\\/\\\/secure.gravatar.com\\\/avatar\\\/b71bf7481d447dfb9583c7f2798e7cc64de6efb9067b74633ed8c31059a3bd82?s=96&d=mm&r=g\",\"contentUrl\":\"https:\\\/\\\/secure.gravatar.com\\\/avatar\\\/b71bf7481d447dfb9583c7f2798e7cc64de6efb9067b74633ed8c31059a3bd82?s=96&d=mm&r=g\",\"caption\":\"Sebastian\"},\"url\":\"https:\\\/\\\/informelitoral.com.ar\\\/author\\\/sebastian\\\/\"}]}<\/script>","yoast_head_json":{"title":"Polic\u00edas heridos, patrulleros da\u00f1ados y detenidos frente a la Jefatura Departamental Victoria - Informe Litoral","robots":{"index":"index","follow":"follow","max-snippet":"max-snippet:-1","max-image-preview":"max-image-preview:large","max-video-preview":"max-video-preview:-1"},"canonical":"https:\/\/informelitoral.com.ar\/policias-heridos-patrulleros-danados-y-detenidos-frente-a-la-jefatura-departamental-victoria\/","og_locale":"es_ES","og_type":"article","og_title":"Polic\u00edas heridos, patrulleros da\u00f1ados y detenidos frente a la Jefatura Departamental Victoria - Informe Litoral","og_description":"Familiares de Leonado Quintana, el joven hallado muerto en una de las celdas, encabezaron una protesta. Hubo quema de gomas, arrojaron piedras contra efectivos y m\u00f3viles, por lo que \u00e9stos disuadieron con postas de goma y gas lacrim\u00f3geno.","og_url":"https:\/\/informelitoral.com.ar\/policias-heridos-patrulleros-danados-y-detenidos-frente-a-la-jefatura-departamental-victoria\/","og_site_name":"Informe Litoral","article_publisher":"https:\/\/www.facebook.com\/informelitoral\/","article_published_time":"2022-01-25T12:15:02+00:00","og_image":[{"width":642,"height":361,"url":"https:\/\/informelitoral.com.ar\/%77%70%2d%63%6f%6e%74%65%6e%74\/uploads\/2022\/01\/departamental-victoria-policiajpg.jpg","type":"image\/jpeg"}],"author":"Sebastian","twitter_card":"summary_large_image","twitter_creator":"@InformeLitoral","twitter_site":"@InformeLitoral","twitter_misc":{"Escrito por":"Sebastian","Tiempo de lectura":"1 minuto"},"schema":{"@context":"https:\/\/schema.org","@graph":[{"@type":"Article","@id":"https:\/\/informelitoral.com.ar\/policias-heridos-patrulleros-danados-y-detenidos-frente-a-la-jefatura-departamental-victoria\/#article","isPartOf":{"@id":"https:\/\/informelitoral.com.ar\/policias-heridos-patrulleros-danados-y-detenidos-frente-a-la-jefatura-departamental-victoria\/"},"author":{"name":"Sebastian","@id":"https:\/\/informelitoral.com.ar\/#\/schema\/person\/f05f9f461677119578717524b127d6d5"},"headline":"Polic\u00edas heridos, patrulleros da\u00f1ados y detenidos frente a la Jefatura Departamental Victoria","datePublished":"2022-01-25T12:15:02+00:00","mainEntityOfPage":{"@id":"https:\/\/informelitoral.com.ar\/policias-heridos-patrulleros-danados-y-detenidos-frente-a-la-jefatura-departamental-victoria\/"},"wordCount":238,"commentCount":0,"publisher":{"@id":"https:\/\/informelitoral.com.ar\/#organization"},"image":{"@id":"https:\/\/informelitoral.com.ar\/policias-heridos-patrulleros-danados-y-detenidos-frente-a-la-jefatura-departamental-victoria\/#primaryimage"},"thumbnailUrl":"https:\/\/informelitoral.com.ar\/%77%70%2d%63%6f%6e%74%65%6e%74\/uploads\/2022\/01\/departamental-victoria-policiajpg.jpg","keywords":["Heridos","Jefatura Departamental de Victoria","Policias"],"articleSection":["Policiales"],"inLanguage":"es","potentialAction":[{"@type":"CommentAction","name":"Comment","target":["https:\/\/informelitoral.com.ar\/policias-heridos-patrulleros-danados-y-detenidos-frente-a-la-jefatura-departamental-victoria\/#respond"]}]},{"@type":"WebPage","@id":"https:\/\/informelitoral.com.ar\/policias-heridos-patrulleros-danados-y-detenidos-frente-a-la-jefatura-departamental-victoria\/","url":"https:\/\/informelitoral.com.ar\/policias-heridos-patrulleros-danados-y-detenidos-frente-a-la-jefatura-departamental-victoria\/","name":"Polic\u00edas heridos, patrulleros da\u00f1ados y detenidos frente a la Jefatura Departamental Victoria - Informe Litoral","isPartOf":{"@id":"https:\/\/informelitoral.com.ar\/#website"},"primaryImageOfPage":{"@id":"https:\/\/informelitoral.com.ar\/policias-heridos-patrulleros-danados-y-detenidos-frente-a-la-jefatura-departamental-victoria\/#primaryimage"},"image":{"@id":"https:\/\/informelitoral.com.ar\/policias-heridos-patrulleros-danados-y-detenidos-frente-a-la-jefatura-departamental-victoria\/#primaryimage"},"thumbnailUrl":"https:\/\/informelitoral.com.ar\/%77%70%2d%63%6f%6e%74%65%6e%74\/uploads\/2022\/01\/departamental-victoria-policiajpg.jpg","datePublished":"2022-01-25T12:15:02+00:00","breadcrumb":{"@id":"https:\/\/informelitoral.com.ar\/policias-heridos-patrulleros-danados-y-detenidos-frente-a-la-jefatura-departamental-victoria\/#breadcrumb"},"inLanguage":"es","potentialAction":[{"@type":"ReadAction","target":["https:\/\/informelitoral.com.ar\/policias-heridos-patrulleros-danados-y-detenidos-frente-a-la-jefatura-departamental-victoria\/"]}]},{"@type":"ImageObject","inLanguage":"es","@id":"https:\/\/informelitoral.com.ar\/policias-heridos-patrulleros-danados-y-detenidos-frente-a-la-jefatura-departamental-victoria\/#primaryimage","url":"https:\/\/informelitoral.com.ar\/%77%70%2d%63%6f%6e%74%65%6e%74\/uploads\/2022\/01\/departamental-victoria-policiajpg.jpg","contentUrl":"https:\/\/informelitoral.com.ar\/%77%70%2d%63%6f%6e%74%65%6e%74\/uploads\/2022\/01\/departamental-victoria-policiajpg.jpg","width":642,"height":361},{"@type":"BreadcrumbList","@id":"https:\/\/informelitoral.com.ar\/policias-heridos-patrulleros-danados-y-detenidos-frente-a-la-jefatura-departamental-victoria\/#breadcrumb","itemListElement":[{"@type":"ListItem","position":1,"name":"Portada","item":"https:\/\/informelitoral.com.ar\/"},{"@type":"ListItem","position":2,"name":"Polic\u00edas heridos, patrulleros da\u00f1ados y detenidos frente a la Jefatura Departamental Victoria"}]},{"@type":"WebSite","@id":"https:\/\/informelitoral.com.ar\/#website","url":"https:\/\/informelitoral.com.ar\/","name":"Informe Litoral","description":"&quot;Nos informamos&quot; ","publisher":{"@id":"https:\/\/informelitoral.com.ar\/#organization"},"potentialAction":[{"@type":"SearchAction","target":{"@type":"EntryPoint","urlTemplate":"https:\/\/informelitoral.com.ar\/?s={search_term_string}"},"query-input":{"@type":"PropertyValueSpecification","valueRequired":true,"valueName":"search_term_string"}}],"inLanguage":"es"},{"@type":"Organization","@id":"https:\/\/informelitoral.com.ar\/#organization","name":"Informe Litoral","url":"https:\/\/informelitoral.com.ar\/","logo":{"@type":"ImageObject","inLanguage":"es","@id":"https:\/\/informelitoral.com.ar\/#\/schema\/logo\/image\/","url":"https:\/\/informelitoral.com.ar\/%77%70%2d%63%6f%6e%74%65%6e%74\/uploads\/2021\/01\/circulo.png","contentUrl":"https:\/\/informelitoral.com.ar\/%77%70%2d%63%6f%6e%74%65%6e%74\/uploads\/2021\/01\/circulo.png","width":723,"height":731,"caption":"Informe Litoral"},"image":{"@id":"https:\/\/informelitoral.com.ar\/#\/schema\/logo\/image\/"},"sameAs":["https:\/\/www.facebook.com\/informelitoral\/","https:\/\/x.com\/InformeLitoral","https:\/\/www.instagram.com\/informelitoral\/","https:\/\/www.youtube.com\/channel\/UCua4Qvz8Icb6MYqhoq9xLXw"]},{"@type":"Person","@id":"https:\/\/informelitoral.com.ar\/#\/schema\/person\/f05f9f461677119578717524b127d6d5","name":"Sebastian","image":{"@type":"ImageObject","inLanguage":"es","@id":"https:\/\/secure.gravatar.com\/avatar\/b71bf7481d447dfb9583c7f2798e7cc64de6efb9067b74633ed8c31059a3bd82?s=96&d=mm&r=g","url":"https:\/\/secure.gravatar.com\/avatar\/b71bf7481d447dfb9583c7f2798e7cc64de6efb9067b74633ed8c31059a3bd82?s=96&d=mm&r=g","contentUrl":"https:\/\/secure.gravatar.com\/avatar\/b71bf7481d447dfb9583c7f2798e7cc64de6efb9067b74633ed8c31059a3bd82?s=96&d=mm&r=g","caption":"Sebastian"},"url":"https:\/\/informelitoral.com.ar\/author\/sebastian\/"}]}},"_links":{"self":[{"href":"https:\/\/informelitoral.com.ar\/%77%70%2d%6a%73%6f%6e\/wp\/v2\/posts\/70713","targetHints":{"allow":["GET"]}}],"collection":[{"href":"https:\/\/informelitoral.com.ar\/%77%70%2d%6a%73%6f%6e\/wp\/v2\/posts"}],"about":[{"href":"https:\/\/informelitoral.com.ar\/%77%70%2d%6a%73%6f%6e\/wp\/v2\/types\/post"}],"author":[{"embeddable":true,"href":"https:\/\/informelitoral.com.ar\/%77%70%2d%6a%73%6f%6e\/wp\/v2\/users\/8"}],"replies":[{"embeddable":true,"href":"https:\/\/informelitoral.com.ar\/%77%70%2d%6a%73%6f%6e\/wp\/v2\/comments?post=70713"}],"version-history":[{"count":0,"href":"https:\/\/informelitoral.com.ar\/%77%70%2d%6a%73%6f%6e\/wp\/v2\/posts\/70713\/revisions"}],"wp:featuredmedia":[{"embeddable":true,"href":"https:\/\/informelitoral.com.ar\/%77%70%2d%6a%73%6f%6e\/wp\/v2\/media\/70714"}],"wp:attachment":[{"href":"https:\/\/informelitoral.com.ar\/%77%70%2d%6a%73%6f%6e\/wp\/v2\/media?parent=70713"}],"wp:term":[{"taxonomy":"category","embeddable":true,"href":"https:\/\/informelitoral.com.ar\/%77%70%2d%6a%73%6f%6e\/wp\/v2\/categories?post=70713"},{"taxonomy":"post_tag","embeddable":true,"href":"https:\/\/informelitoral.com.ar\/%77%70%2d%6a%73%6f%6e\/wp\/v2\/tags?post=70713"}],"curies":[{"name":"wp","href":"https:\/\/api.w.org\/{rel}","templated":true}]}}