{"id":70609,"date":"2022-01-21T08:55:33","date_gmt":"2022-01-21T11:55:33","guid":{"rendered":"https:\/\/www.informelitoral.com.ar\/?p=70609"},"modified":"2022-01-21T08:55:33","modified_gmt":"2022-01-21T11:55:33","slug":"las-lluvias-frenaron-la-sequia-del-campo-en-entre-rios","status":"publish","type":"post","link":"https:\/\/informelitoral.com.ar\/las-lluvias-frenaron-la-sequia-del-campo-en-entre-rios\/","title":{"rendered":"Las lluvias frenaron la sequ\u00eda del campo en Entre R\u00edos"},"content":{"rendered":"<article id=\"article-post\" class=\"first\">\n<div class=\"cuerpo\" data-twitter-link=\"https:\/\/twitter.com\/intent\/tweet?url=https:\/\/ahora.com.ar\/c4255858&amp;via=PlataformaAhora&amp;related=Ahora&amp;text=\">\n<p><strong>El balance h\u00eddrico de Entre R\u00edos muestra una importante recuperaci\u00f3n luego de las\u00a0lluvias\u00a0generalizadas de esta semana y puso un freno de la sequ\u00eda<\/strong>. El balance h\u00eddrico s\u00f3lo responde con reservas adecuadas, en zonas donde los acumulados de lo que va del mes logran superar la barrera de los 100 mil\u00edmetros. Esto se ha dado s\u00f3lo en \u00e1reas reducidas y cuantifica el elevado volumen de precipitaciones necesario para<strong>\u00a0recomponer la situaci\u00f3n a cierto grado de normalidad.<\/strong><\/p>\n<\/div>\n<\/article>\n<article id=\"article-post\">\n<div class=\"cuerpo\" data-twitter-link=\"https:\/\/twitter.com\/intent\/tweet?url=https:\/\/ahora.com.ar\/c4255858&amp;via=PlataformaAhora&amp;related=Ahora&amp;text=\">\n<p>Por lo pronto, desde la\u00a0<strong>Bolsa de Cereales de Entre R\u00edos<\/strong>\u00a0indican que \u201c<strong>es satisfactorio ver que la sequ\u00eda de gran escala que dominaba todo el territorio provincial el jueves pasado, ha retrocedido en forma significativa<\/strong>\u201d. Solo \u00e1reas que han presentado lluvias inferiores a los 40 mil\u00edmetros no han logrado el impulso necesario para cambiar de categor\u00eda. \u201cSin embargo debemos decir que, incluso en estas zonas,\u00a0<strong>el alivio se ha hecho presente<\/strong>\u201d, acota el informe.<\/p>\n<p>\u201c<strong>El cambio observado debe validarse con nuevas precipitaciones para que las reservas logren sostenerse<\/strong>\u201d, plantean desde la entidad. Por lo pronto el ambiente es m\u00e1s que favorable y puede ser acompa\u00f1ado por lluvias durante el recorrido hasta el pr\u00f3ximo mi\u00e9rcoles.<\/p>\n<p><strong>Los modelos de\u00a0pron\u00f3stico\u00a0muestran lluvias significativas para Buenos Aires, C\u00f3rdoba, centro sur de Santa Fe y en menor medida la provincia de Entre R\u00edos<\/strong>. Las lluvias se mantendr\u00edan en valores m\u00e1s modestos en el territorio entrerriano. No obstante esto, es razonable esperar que debido al contexto de alta disponibilidad de humedad que domina toda la regi\u00f3n pampeana, haya corrimientos hacia el este y hacia el norte en la oferta prevista. Esto ser\u00eda muy importante para los departamentos del sur de la provincia.<\/p>\n<p>\u201cLo que queda claro, es que\u00a0<strong>no hay un regreso a la situaci\u00f3n precedente, no al menos en el mediano plazo<\/strong>. No es posible garantizar que no volvamos a tener otra ventana seca y que la pasada haya sido la \u00faltima ola de calor del verano, sin embargo, vemos se\u00f1ales que revelan un mejor funcionamiento regional, sobre todo por el despliegue de lluvias de gran escala, rompiendo el comportamiento discrecional y tan poco efectivo para el verano\u201d, expresa el informe.<\/p>\n<\/div>\n<\/article>\n","protected":false},"excerpt":{"rendered":"<p>\u00abEs satisfactorio ver que la sequ\u00eda de gran escala que dominaba el territorio provincial ha retrocedido en forma significativa\u00bb, destaca el informe.<\/p>\n","protected":false},"author":8,"featured_media":70610,"comment_status":"open","ping_status":"open","sticky":false,"template":"","format":"standard","meta":{"fifu_image_url":"","fifu_image_alt":"","footnotes":""},"categories":[10],"tags":[579,112,59],"class_list":{"0":"post-70609","1":"post","2":"type-post","3":"status-publish","4":"format-standard","5":"has-post-thumbnail","7":"category-campo","8":"tag-bolsa-de-cereales","9":"tag-lluvias","10":"tag-sequia"},"yoast_head":"<title>Las lluvias frenaron la sequ\u00eda del campo en Entre R\u00edos - Informe Litoral<\/title>\n<meta name=\"robots\" content=\"index, follow, max-snippet:-1, max-image-preview:large, max-video-preview:-1\" \/>\n<link rel=\"canonical\" href=\"https:\/\/informelitoral.com.ar\/las-lluvias-frenaron-la-sequia-del-campo-en-entre-rios\/\" \/>\n<meta property=\"og:locale\" content=\"es_ES\" \/>\n<meta property=\"og:type\" content=\"article\" \/>\n<meta property=\"og:title\" content=\"Las lluvias frenaron la sequ\u00eda del campo en Entre R\u00edos - Informe Litoral\" \/>\n<meta property=\"og:description\" content=\"&quot;Es satisfactorio ver que la sequ\u00eda de gran escala que dominaba el territorio provincial ha retrocedido en forma significativa&quot;, destaca el informe.\" \/>\n<meta property=\"og:url\" content=\"https:\/\/informelitoral.com.ar\/las-lluvias-frenaron-la-sequia-del-campo-en-entre-rios\/\" \/>\n<meta property=\"og:site_name\" content=\"Informe Litoral\" \/>\n<meta property=\"article:publisher\" content=\"https:\/\/www.facebook.com\/informelitoral\/\" \/>\n<meta property=\"article:published_time\" content=\"2022-01-21T11:55:33+00:00\" \/>\n<meta property=\"og:image\" content=\"https:\/\/informelitoral.com.ar\/%77%70%2d%63%6f%6e%74%65%6e%74\/uploads\/2022\/01\/5b6c951a42fab_837_627.jpg\" \/>\n\t<meta property=\"og:image:width\" content=\"837\" \/>\n\t<meta property=\"og:image:height\" content=\"627\" \/>\n\t<meta property=\"og:image:type\" content=\"image\/jpeg\" \/>\n<meta name=\"author\" content=\"Sebastian\" \/>\n<meta name=\"twitter:card\" content=\"summary_large_image\" \/>\n<meta name=\"twitter:creator\" content=\"@InformeLitoral\" \/>\n<meta name=\"twitter:site\" content=\"@InformeLitoral\" \/>\n<meta name=\"twitter:label1\" content=\"Escrito por\" \/>\n\t<meta name=\"twitter:data1\" content=\"Sebastian\" \/>\n\t<meta name=\"twitter:label2\" content=\"Tiempo de lectura\" \/>\n\t<meta name=\"twitter:data2\" content=\"2 minutos\" \/>\n<script type=\"application\/ld+json\" class=\"yoast-schema-graph\">{\"@context\":\"https:\\\/\\\/schema.org\",\"@graph\":[{\"@type\":\"Article\",\"@id\":\"https:\\\/\\\/informelitoral.com.ar\\\/las-lluvias-frenaron-la-sequia-del-campo-en-entre-rios\\\/#article\",\"isPartOf\":{\"@id\":\"https:\\\/\\\/informelitoral.com.ar\\\/las-lluvias-frenaron-la-sequia-del-campo-en-entre-rios\\\/\"},\"author\":{\"name\":\"Sebastian\",\"@id\":\"https:\\\/\\\/informelitoral.com.ar\\\/#\\\/schema\\\/person\\\/f05f9f461677119578717524b127d6d5\"},\"headline\":\"Las lluvias frenaron la sequ\u00eda del campo en Entre R\u00edos\",\"datePublished\":\"2022-01-21T11:55:33+00:00\",\"mainEntityOfPage\":{\"@id\":\"https:\\\/\\\/informelitoral.com.ar\\\/las-lluvias-frenaron-la-sequia-del-campo-en-entre-rios\\\/\"},\"wordCount\":391,\"commentCount\":0,\"publisher\":{\"@id\":\"https:\\\/\\\/informelitoral.com.ar\\\/#organization\"},\"image\":{\"@id\":\"https:\\\/\\\/informelitoral.com.ar\\\/las-lluvias-frenaron-la-sequia-del-campo-en-entre-rios\\\/#primaryimage\"},\"thumbnailUrl\":\"https:\\\/\\\/informelitoral.com.ar\\\/%77%70%2d%63%6f%6e%74%65%6e%74\\\/uploads\\\/2022\\\/01\\\/5b6c951a42fab_837_627.jpg\",\"keywords\":[\"Bolsa de Cereales\",\"Lluvias\",\"Sequ\u00eda\"],\"articleSection\":[\"Campo\"],\"inLanguage\":\"es\",\"potentialAction\":[{\"@type\":\"CommentAction\",\"name\":\"Comment\",\"target\":[\"https:\\\/\\\/informelitoral.com.ar\\\/las-lluvias-frenaron-la-sequia-del-campo-en-entre-rios\\\/#respond\"]}]},{\"@type\":\"WebPage\",\"@id\":\"https:\\\/\\\/informelitoral.com.ar\\\/las-lluvias-frenaron-la-sequia-del-campo-en-entre-rios\\\/\",\"url\":\"https:\\\/\\\/informelitoral.com.ar\\\/las-lluvias-frenaron-la-sequia-del-campo-en-entre-rios\\\/\",\"name\":\"Las lluvias frenaron la sequ\u00eda del campo en Entre R\u00edos - Informe Litoral\",\"isPartOf\":{\"@id\":\"https:\\\/\\\/informelitoral.com.ar\\\/#website\"},\"primaryImageOfPage\":{\"@id\":\"https:\\\/\\\/informelitoral.com.ar\\\/las-lluvias-frenaron-la-sequia-del-campo-en-entre-rios\\\/#primaryimage\"},\"image\":{\"@id\":\"https:\\\/\\\/informelitoral.com.ar\\\/las-lluvias-frenaron-la-sequia-del-campo-en-entre-rios\\\/#primaryimage\"},\"thumbnailUrl\":\"https:\\\/\\\/informelitoral.com.ar\\\/%77%70%2d%63%6f%6e%74%65%6e%74\\\/uploads\\\/2022\\\/01\\\/5b6c951a42fab_837_627.jpg\",\"datePublished\":\"2022-01-21T11:55:33+00:00\",\"breadcrumb\":{\"@id\":\"https:\\\/\\\/informelitoral.com.ar\\\/las-lluvias-frenaron-la-sequia-del-campo-en-entre-rios\\\/#breadcrumb\"},\"inLanguage\":\"es\",\"potentialAction\":[{\"@type\":\"ReadAction\",\"target\":[\"https:\\\/\\\/informelitoral.com.ar\\\/las-lluvias-frenaron-la-sequia-del-campo-en-entre-rios\\\/\"]}]},{\"@type\":\"ImageObject\",\"inLanguage\":\"es\",\"@id\":\"https:\\\/\\\/informelitoral.com.ar\\\/las-lluvias-frenaron-la-sequia-del-campo-en-entre-rios\\\/#primaryimage\",\"url\":\"https:\\\/\\\/informelitoral.com.ar\\\/%77%70%2d%63%6f%6e%74%65%6e%74\\\/uploads\\\/2022\\\/01\\\/5b6c951a42fab_837_627.jpg\",\"contentUrl\":\"https:\\\/\\\/informelitoral.com.ar\\\/%77%70%2d%63%6f%6e%74%65%6e%74\\\/uploads\\\/2022\\\/01\\\/5b6c951a42fab_837_627.jpg\",\"width\":837,\"height\":627},{\"@type\":\"BreadcrumbList\",\"@id\":\"https:\\\/\\\/informelitoral.com.ar\\\/las-lluvias-frenaron-la-sequia-del-campo-en-entre-rios\\\/#breadcrumb\",\"itemListElement\":[{\"@type\":\"ListItem\",\"position\":1,\"name\":\"Portada\",\"item\":\"https:\\\/\\\/informelitoral.com.ar\\\/\"},{\"@type\":\"ListItem\",\"position\":2,\"name\":\"Las lluvias frenaron la sequ\u00eda del campo en Entre R\u00edos\"}]},{\"@type\":\"WebSite\",\"@id\":\"https:\\\/\\\/informelitoral.com.ar\\\/#website\",\"url\":\"https:\\\/\\\/informelitoral.com.ar\\\/\",\"name\":\"Informe Litoral\",\"description\":\"&quot;Nos informamos&quot; \",\"publisher\":{\"@id\":\"https:\\\/\\\/informelitoral.com.ar\\\/#organization\"},\"potentialAction\":[{\"@type\":\"SearchAction\",\"target\":{\"@type\":\"EntryPoint\",\"urlTemplate\":\"https:\\\/\\\/informelitoral.com.ar\\\/?s={search_term_string}\"},\"query-input\":{\"@type\":\"PropertyValueSpecification\",\"valueRequired\":true,\"valueName\":\"search_term_string\"}}],\"inLanguage\":\"es\"},{\"@type\":\"Organization\",\"@id\":\"https:\\\/\\\/informelitoral.com.ar\\\/#organization\",\"name\":\"Informe Litoral\",\"url\":\"https:\\\/\\\/informelitoral.com.ar\\\/\",\"logo\":{\"@type\":\"ImageObject\",\"inLanguage\":\"es\",\"@id\":\"https:\\\/\\\/informelitoral.com.ar\\\/#\\\/schema\\\/logo\\\/image\\\/\",\"url\":\"https:\\\/\\\/informelitoral.com.ar\\\/%77%70%2d%63%6f%6e%74%65%6e%74\\\/uploads\\\/2021\\\/01\\\/circulo.png\",\"contentUrl\":\"https:\\\/\\\/informelitoral.com.ar\\\/%77%70%2d%63%6f%6e%74%65%6e%74\\\/uploads\\\/2021\\\/01\\\/circulo.png\",\"width\":723,\"height\":731,\"caption\":\"Informe Litoral\"},\"image\":{\"@id\":\"https:\\\/\\\/informelitoral.com.ar\\\/#\\\/schema\\\/logo\\\/image\\\/\"},\"sameAs\":[\"https:\\\/\\\/www.facebook.com\\\/informelitoral\\\/\",\"https:\\\/\\\/x.com\\\/InformeLitoral\",\"https:\\\/\\\/www.instagram.com\\\/informelitoral\\\/\",\"https:\\\/\\\/www.youtube.com\\\/channel\\\/UCua4Qvz8Icb6MYqhoq9xLXw\"]},{\"@type\":\"Person\",\"@id\":\"https:\\\/\\\/informelitoral.com.ar\\\/#\\\/schema\\\/person\\\/f05f9f461677119578717524b127d6d5\",\"name\":\"Sebastian\",\"image\":{\"@type\":\"ImageObject\",\"inLanguage\":\"es\",\"@id\":\"https:\\\/\\\/secure.gravatar.com\\\/avatar\\\/b71bf7481d447dfb9583c7f2798e7cc64de6efb9067b74633ed8c31059a3bd82?s=96&d=mm&r=g\",\"url\":\"https:\\\/\\\/secure.gravatar.com\\\/avatar\\\/b71bf7481d447dfb9583c7f2798e7cc64de6efb9067b74633ed8c31059a3bd82?s=96&d=mm&r=g\",\"contentUrl\":\"https:\\\/\\\/secure.gravatar.com\\\/avatar\\\/b71bf7481d447dfb9583c7f2798e7cc64de6efb9067b74633ed8c31059a3bd82?s=96&d=mm&r=g\",\"caption\":\"Sebastian\"},\"url\":\"https:\\\/\\\/informelitoral.com.ar\\\/author\\\/sebastian\\\/\"}]}<\/script>","yoast_head_json":{"title":"Las lluvias frenaron la sequ\u00eda del campo en Entre R\u00edos - Informe Litoral","robots":{"index":"index","follow":"follow","max-snippet":"max-snippet:-1","max-image-preview":"max-image-preview:large","max-video-preview":"max-video-preview:-1"},"canonical":"https:\/\/informelitoral.com.ar\/las-lluvias-frenaron-la-sequia-del-campo-en-entre-rios\/","og_locale":"es_ES","og_type":"article","og_title":"Las lluvias frenaron la sequ\u00eda del campo en Entre R\u00edos - Informe Litoral","og_description":"\"Es satisfactorio ver que la sequ\u00eda de gran escala que dominaba el territorio provincial ha retrocedido en forma significativa\", destaca el informe.","og_url":"https:\/\/informelitoral.com.ar\/las-lluvias-frenaron-la-sequia-del-campo-en-entre-rios\/","og_site_name":"Informe Litoral","article_publisher":"https:\/\/www.facebook.com\/informelitoral\/","article_published_time":"2022-01-21T11:55:33+00:00","og_image":[{"width":837,"height":627,"url":"https:\/\/informelitoral.com.ar\/%77%70%2d%63%6f%6e%74%65%6e%74\/uploads\/2022\/01\/5b6c951a42fab_837_627.jpg","type":"image\/jpeg"}],"author":"Sebastian","twitter_card":"summary_large_image","twitter_creator":"@InformeLitoral","twitter_site":"@InformeLitoral","twitter_misc":{"Escrito por":"Sebastian","Tiempo de lectura":"2 minutos"},"schema":{"@context":"https:\/\/schema.org","@graph":[{"@type":"Article","@id":"https:\/\/informelitoral.com.ar\/las-lluvias-frenaron-la-sequia-del-campo-en-entre-rios\/#article","isPartOf":{"@id":"https:\/\/informelitoral.com.ar\/las-lluvias-frenaron-la-sequia-del-campo-en-entre-rios\/"},"author":{"name":"Sebastian","@id":"https:\/\/informelitoral.com.ar\/#\/schema\/person\/f05f9f461677119578717524b127d6d5"},"headline":"Las lluvias frenaron la sequ\u00eda del campo en Entre R\u00edos","datePublished":"2022-01-21T11:55:33+00:00","mainEntityOfPage":{"@id":"https:\/\/informelitoral.com.ar\/las-lluvias-frenaron-la-sequia-del-campo-en-entre-rios\/"},"wordCount":391,"commentCount":0,"publisher":{"@id":"https:\/\/informelitoral.com.ar\/#organization"},"image":{"@id":"https:\/\/informelitoral.com.ar\/las-lluvias-frenaron-la-sequia-del-campo-en-entre-rios\/#primaryimage"},"thumbnailUrl":"https:\/\/informelitoral.com.ar\/%77%70%2d%63%6f%6e%74%65%6e%74\/uploads\/2022\/01\/5b6c951a42fab_837_627.jpg","keywords":["Bolsa de Cereales","Lluvias","Sequ\u00eda"],"articleSection":["Campo"],"inLanguage":"es","potentialAction":[{"@type":"CommentAction","name":"Comment","target":["https:\/\/informelitoral.com.ar\/las-lluvias-frenaron-la-sequia-del-campo-en-entre-rios\/#respond"]}]},{"@type":"WebPage","@id":"https:\/\/informelitoral.com.ar\/las-lluvias-frenaron-la-sequia-del-campo-en-entre-rios\/","url":"https:\/\/informelitoral.com.ar\/las-lluvias-frenaron-la-sequia-del-campo-en-entre-rios\/","name":"Las lluvias frenaron la sequ\u00eda del campo en Entre R\u00edos - Informe Litoral","isPartOf":{"@id":"https:\/\/informelitoral.com.ar\/#website"},"primaryImageOfPage":{"@id":"https:\/\/informelitoral.com.ar\/las-lluvias-frenaron-la-sequia-del-campo-en-entre-rios\/#primaryimage"},"image":{"@id":"https:\/\/informelitoral.com.ar\/las-lluvias-frenaron-la-sequia-del-campo-en-entre-rios\/#primaryimage"},"thumbnailUrl":"https:\/\/informelitoral.com.ar\/%77%70%2d%63%6f%6e%74%65%6e%74\/uploads\/2022\/01\/5b6c951a42fab_837_627.jpg","datePublished":"2022-01-21T11:55:33+00:00","breadcrumb":{"@id":"https:\/\/informelitoral.com.ar\/las-lluvias-frenaron-la-sequia-del-campo-en-entre-rios\/#breadcrumb"},"inLanguage":"es","potentialAction":[{"@type":"ReadAction","target":["https:\/\/informelitoral.com.ar\/las-lluvias-frenaron-la-sequia-del-campo-en-entre-rios\/"]}]},{"@type":"ImageObject","inLanguage":"es","@id":"https:\/\/informelitoral.com.ar\/las-lluvias-frenaron-la-sequia-del-campo-en-entre-rios\/#primaryimage","url":"https:\/\/informelitoral.com.ar\/%77%70%2d%63%6f%6e%74%65%6e%74\/uploads\/2022\/01\/5b6c951a42fab_837_627.jpg","contentUrl":"https:\/\/informelitoral.com.ar\/%77%70%2d%63%6f%6e%74%65%6e%74\/uploads\/2022\/01\/5b6c951a42fab_837_627.jpg","width":837,"height":627},{"@type":"BreadcrumbList","@id":"https:\/\/informelitoral.com.ar\/las-lluvias-frenaron-la-sequia-del-campo-en-entre-rios\/#breadcrumb","itemListElement":[{"@type":"ListItem","position":1,"name":"Portada","item":"https:\/\/informelitoral.com.ar\/"},{"@type":"ListItem","position":2,"name":"Las lluvias frenaron la sequ\u00eda del campo en Entre R\u00edos"}]},{"@type":"WebSite","@id":"https:\/\/informelitoral.com.ar\/#website","url":"https:\/\/informelitoral.com.ar\/","name":"Informe Litoral","description":"&quot;Nos informamos&quot; ","publisher":{"@id":"https:\/\/informelitoral.com.ar\/#organization"},"potentialAction":[{"@type":"SearchAction","target":{"@type":"EntryPoint","urlTemplate":"https:\/\/informelitoral.com.ar\/?s={search_term_string}"},"query-input":{"@type":"PropertyValueSpecification","valueRequired":true,"valueName":"search_term_string"}}],"inLanguage":"es"},{"@type":"Organization","@id":"https:\/\/informelitoral.com.ar\/#organization","name":"Informe Litoral","url":"https:\/\/informelitoral.com.ar\/","logo":{"@type":"ImageObject","inLanguage":"es","@id":"https:\/\/informelitoral.com.ar\/#\/schema\/logo\/image\/","url":"https:\/\/informelitoral.com.ar\/%77%70%2d%63%6f%6e%74%65%6e%74\/uploads\/2021\/01\/circulo.png","contentUrl":"https:\/\/informelitoral.com.ar\/%77%70%2d%63%6f%6e%74%65%6e%74\/uploads\/2021\/01\/circulo.png","width":723,"height":731,"caption":"Informe Litoral"},"image":{"@id":"https:\/\/informelitoral.com.ar\/#\/schema\/logo\/image\/"},"sameAs":["https:\/\/www.facebook.com\/informelitoral\/","https:\/\/x.com\/InformeLitoral","https:\/\/www.instagram.com\/informelitoral\/","https:\/\/www.youtube.com\/channel\/UCua4Qvz8Icb6MYqhoq9xLXw"]},{"@type":"Person","@id":"https:\/\/informelitoral.com.ar\/#\/schema\/person\/f05f9f461677119578717524b127d6d5","name":"Sebastian","image":{"@type":"ImageObject","inLanguage":"es","@id":"https:\/\/secure.gravatar.com\/avatar\/b71bf7481d447dfb9583c7f2798e7cc64de6efb9067b74633ed8c31059a3bd82?s=96&d=mm&r=g","url":"https:\/\/secure.gravatar.com\/avatar\/b71bf7481d447dfb9583c7f2798e7cc64de6efb9067b74633ed8c31059a3bd82?s=96&d=mm&r=g","contentUrl":"https:\/\/secure.gravatar.com\/avatar\/b71bf7481d447dfb9583c7f2798e7cc64de6efb9067b74633ed8c31059a3bd82?s=96&d=mm&r=g","caption":"Sebastian"},"url":"https:\/\/informelitoral.com.ar\/author\/sebastian\/"}]}},"_links":{"self":[{"href":"https:\/\/informelitoral.com.ar\/%77%70%2d%6a%73%6f%6e\/wp\/v2\/posts\/70609","targetHints":{"allow":["GET"]}}],"collection":[{"href":"https:\/\/informelitoral.com.ar\/%77%70%2d%6a%73%6f%6e\/wp\/v2\/posts"}],"about":[{"href":"https:\/\/informelitoral.com.ar\/%77%70%2d%6a%73%6f%6e\/wp\/v2\/types\/post"}],"author":[{"embeddable":true,"href":"https:\/\/informelitoral.com.ar\/%77%70%2d%6a%73%6f%6e\/wp\/v2\/users\/8"}],"replies":[{"embeddable":true,"href":"https:\/\/informelitoral.com.ar\/%77%70%2d%6a%73%6f%6e\/wp\/v2\/comments?post=70609"}],"version-history":[{"count":0,"href":"https:\/\/informelitoral.com.ar\/%77%70%2d%6a%73%6f%6e\/wp\/v2\/posts\/70609\/revisions"}],"wp:featuredmedia":[{"embeddable":true,"href":"https:\/\/informelitoral.com.ar\/%77%70%2d%6a%73%6f%6e\/wp\/v2\/media\/70610"}],"wp:attachment":[{"href":"https:\/\/informelitoral.com.ar\/%77%70%2d%6a%73%6f%6e\/wp\/v2\/media?parent=70609"}],"wp:term":[{"taxonomy":"category","embeddable":true,"href":"https:\/\/informelitoral.com.ar\/%77%70%2d%6a%73%6f%6e\/wp\/v2\/categories?post=70609"},{"taxonomy":"post_tag","embeddable":true,"href":"https:\/\/informelitoral.com.ar\/%77%70%2d%6a%73%6f%6e\/wp\/v2\/tags?post=70609"}],"curies":[{"name":"wp","href":"https:\/\/api.w.org\/{rel}","templated":true}]}}