{"id":70584,"date":"2022-01-20T15:13:12","date_gmt":"2022-01-20T18:13:12","guid":{"rendered":"https:\/\/www.informelitoral.com.ar\/?p=70584"},"modified":"2022-01-20T15:13:12","modified_gmt":"2022-01-20T18:13:12","slug":"confirman-el-precio-y-cuando-estaran-disponibles-los-primeros-autotest-de-covid","status":"publish","type":"post","link":"https:\/\/informelitoral.com.ar\/confirman-el-precio-y-cuando-estaran-disponibles-los-primeros-autotest-de-covid\/","title":{"rendered":"Confirman el precio y cu\u00e1ndo estar\u00e1n disponibles los primeros autotest de covid"},"content":{"rendered":"<p>La presidenta de la Confederaci\u00f3n Farmac\u00e9utica Argentina (COFA), Isabel Reinoso, dijo que el primer laboratorio que estar\u00eda en condiciones de entregar autotest de coronavirus a las farmacias para su comercializaci\u00f3n lo har\u00eda \u00abla semana que viene\u00bb y que el costo ser\u00e1 de 1.560 pesos.<\/p>\n<p>Reinoso precis\u00f3 que las fechas estimadas para la llegada del primer autotest a las farmacias se ubican \u00abentre el 25 y 30 de enero\u00bb y aclar\u00f3 que \u00abdespu\u00e9s alg\u00fan otro laboratorio los primeros d\u00edas de febrero\u00bb los entregar\u00e1 para su comercializaci\u00f3n.<\/p>\n<p>La venta ir\u00e1 creciendo -seg\u00fan remarc\u00f3 en declaraciones por radio Del Plata- \u00aben la medida que los laboratorios vayan fabricando y tambi\u00e9n importando\u00bb.<\/p>\n<p>La dirigente empresarial indic\u00f3 que el primer autotest que estar\u00eda a la venta \u00abtiene un costo 1.560 pesos para el p\u00fablico y ser\u00e1 el mismo precio en todas las farmacias que se adhieran, independientemente de la log\u00edstica que haya que hacer para la entrega: Ushuaia, La Quiaca, C\u00f3rdoba, La Rioja, Salta o Jujuy, todos van a tener el mismo precio que Buenos Aires\u00bb.<\/p>\n<p>Al ser consultada sobre si este examen tendr\u00e1 validez oficial en caso de requerir acreditar un negativo de coronavirus para un viaje, la farmac\u00e9utica dijo que aunque va a tener el registro en el Sistema Nacional de Vigilancia \u00abno va a ser apto para viajar por ahora porque se est\u00e1 pidiendo PCR\u00bb.<\/p>\n<p>No obstante, Reinoso aclar\u00f3 que ello \u00abno significa que a medida que vaya pasando el tiempo, no puedan tomarlo (oficialmente) porque va estar registrado ese DNI en el sistema\u00bb.<\/p>\n<p>Por otra parte, la farmac\u00e9utica precis\u00f3 que no es \u00abengorrosa\u00bb la implementaci\u00f3n de venta de los test aprobados por Anmat y producidos por los laboratorios Abbott, Roche, Vyam Group y Wiener porque \u00ablas farmacias estamos muy acostumbradas a registrar datos\u00bb.<\/p>\n<p>Y explic\u00f3 que las recetas que se reciben a diario se graban y se autorizan, y que, con la pandemia, surgi\u00f3 un desaf\u00edo \u00abcasi extraordinario\u00bb porque hubo que tomar recetas por whatsapp o mail.<\/p>\n<p>La presidenta de COFA detall\u00f3 que para la farmacia los datos son sencillos de tomar porque son los mismos datos requeridos cuando se dispensa una receta: \u00abEl paciente va a tener las mismas alternativas que cuando nos pasan las recetas, podr\u00e1 venir a la farmacia para traernos el casete si es negativo para que lo registremos pero tambi\u00e9n le vamos a dar una impresi\u00f3n, como cuando damos un certificado de vacunas, donde va a haber un c\u00f3digo QR que va a poder leer f\u00e1cilmente los datos sin bajar ninguna aplicaci\u00f3n\u00bb.<\/p>\n<p>Reinoso explic\u00f3 que el tiempo establecido en la resoluci\u00f3n oficial sobre el plazo que debe pasar entre la compra del autotest y su utilizaci\u00f3n es de siete d\u00edas.<\/p>\n<p>\u00abLo l\u00f3gico es que se compre el test para una persona que tiene s\u00edntomas para poder confirmar si es Covid positivo, pero puede pasar que venga una persona por ser contacto estrecho y ah\u00ed recomendamos que espere 5 d\u00edas\u00bb, agreg\u00f3.<\/p>\n<p>\u00abEn este momento estos autotest no est\u00e1n cubiertos por las obras sociales pero nosotros no tendr\u00edamos ning\u00fan problema si una obra social quiere incluirlos\u00bb, se\u00f1al\u00f3 Reinoso, quien remarc\u00f3 que \u00abesperemos que esto sea una herramienta para poder descomprimir la situaci\u00f3n\u00bb que se viven en los centros de testeos, con largas filas para acceder a los controles.<\/p>\n<p>&nbsp;<\/p>\n","protected":false},"excerpt":{"rendered":"<p>La presidenta de la Confederaci\u00f3n Farmac\u00e9utica Argentina dijo que \u201cel precio para el p\u00fablico ser\u00e1 el mismo en todas las farmacias del pa\u00eds que se adhieran, independientemente de la log\u00edstica que haya que hacer para la entrega\u201d.<\/p>\n","protected":false},"author":8,"featured_media":69948,"comment_status":"open","ping_status":"open","sticky":false,"template":"","format":"standard","meta":{"fifu_image_url":"","fifu_image_alt":"","footnotes":""},"categories":[7],"tags":[2967,1481,32],"class_list":{"0":"post-70584","1":"post","2":"type-post","3":"status-publish","4":"format-standard","5":"has-post-thumbnail","7":"category-nacionales","8":"tag-autotest","9":"tag-covid-19","10":"tag-precios"},"yoast_head":"<title>Confirman el precio y cu\u00e1ndo estar\u00e1n disponibles los primeros autotest de covid - Informe Litoral<\/title>\n<meta name=\"robots\" content=\"index, follow, max-snippet:-1, max-image-preview:large, max-video-preview:-1\" \/>\n<link rel=\"canonical\" href=\"https:\/\/informelitoral.com.ar\/confirman-el-precio-y-cuando-estaran-disponibles-los-primeros-autotest-de-covid\/\" \/>\n<meta property=\"og:locale\" content=\"es_ES\" \/>\n<meta property=\"og:type\" content=\"article\" \/>\n<meta property=\"og:title\" content=\"Confirman el precio y cu\u00e1ndo estar\u00e1n disponibles los primeros autotest de covid - Informe Litoral\" \/>\n<meta property=\"og:description\" content=\"La presidenta de la Confederaci\u00f3n Farmac\u00e9utica Argentina dijo que \u201cel precio para el p\u00fablico ser\u00e1 el mismo en todas las farmacias del pa\u00eds que se adhieran, independientemente de la log\u00edstica que haya que hacer para la entrega\u201d.\" \/>\n<meta property=\"og:url\" content=\"https:\/\/informelitoral.com.ar\/confirman-el-precio-y-cuando-estaran-disponibles-los-primeros-autotest-de-covid\/\" \/>\n<meta property=\"og:site_name\" content=\"Informe Litoral\" \/>\n<meta property=\"article:publisher\" content=\"https:\/\/www.facebook.com\/informelitoral\/\" \/>\n<meta property=\"article:published_time\" content=\"2022-01-20T18:13:12+00:00\" \/>\n<meta property=\"og:image\" content=\"https:\/\/informelitoral.com.ar\/%77%70%2d%63%6f%6e%74%65%6e%74\/uploads\/2022\/01\/auto-test-de-antigenos-de-covid-20220105-1294127.jpg\" \/>\n\t<meta property=\"og:image:width\" content=\"1024\" \/>\n\t<meta property=\"og:image:height\" content=\"576\" \/>\n\t<meta property=\"og:image:type\" content=\"image\/jpeg\" \/>\n<meta name=\"author\" content=\"Sebastian\" \/>\n<meta name=\"twitter:card\" content=\"summary_large_image\" \/>\n<meta name=\"twitter:creator\" content=\"@InformeLitoral\" \/>\n<meta name=\"twitter:site\" content=\"@InformeLitoral\" \/>\n<meta name=\"twitter:label1\" content=\"Escrito por\" \/>\n\t<meta name=\"twitter:data1\" content=\"Sebastian\" \/>\n\t<meta name=\"twitter:label2\" content=\"Tiempo de lectura\" \/>\n\t<meta name=\"twitter:data2\" content=\"3 minutos\" \/>\n<script type=\"application\/ld+json\" class=\"yoast-schema-graph\">{\"@context\":\"https:\\\/\\\/schema.org\",\"@graph\":[{\"@type\":\"Article\",\"@id\":\"https:\\\/\\\/informelitoral.com.ar\\\/confirman-el-precio-y-cuando-estaran-disponibles-los-primeros-autotest-de-covid\\\/#article\",\"isPartOf\":{\"@id\":\"https:\\\/\\\/informelitoral.com.ar\\\/confirman-el-precio-y-cuando-estaran-disponibles-los-primeros-autotest-de-covid\\\/\"},\"author\":{\"name\":\"Sebastian\",\"@id\":\"https:\\\/\\\/informelitoral.com.ar\\\/#\\\/schema\\\/person\\\/f05f9f461677119578717524b127d6d5\"},\"headline\":\"Confirman el precio y cu\u00e1ndo estar\u00e1n disponibles los primeros autotest de covid\",\"datePublished\":\"2022-01-20T18:13:12+00:00\",\"mainEntityOfPage\":{\"@id\":\"https:\\\/\\\/informelitoral.com.ar\\\/confirman-el-precio-y-cuando-estaran-disponibles-los-primeros-autotest-de-covid\\\/\"},\"wordCount\":585,\"commentCount\":0,\"publisher\":{\"@id\":\"https:\\\/\\\/informelitoral.com.ar\\\/#organization\"},\"image\":{\"@id\":\"https:\\\/\\\/informelitoral.com.ar\\\/confirman-el-precio-y-cuando-estaran-disponibles-los-primeros-autotest-de-covid\\\/#primaryimage\"},\"thumbnailUrl\":\"https:\\\/\\\/informelitoral.com.ar\\\/%77%70%2d%63%6f%6e%74%65%6e%74\\\/uploads\\\/2022\\\/01\\\/auto-test-de-antigenos-de-covid-20220105-1294127.jpg\",\"keywords\":[\"Autotest\",\"COVID-19\",\"precios\"],\"articleSection\":[\"Nacionales\"],\"inLanguage\":\"es\",\"potentialAction\":[{\"@type\":\"CommentAction\",\"name\":\"Comment\",\"target\":[\"https:\\\/\\\/informelitoral.com.ar\\\/confirman-el-precio-y-cuando-estaran-disponibles-los-primeros-autotest-de-covid\\\/#respond\"]}]},{\"@type\":\"WebPage\",\"@id\":\"https:\\\/\\\/informelitoral.com.ar\\\/confirman-el-precio-y-cuando-estaran-disponibles-los-primeros-autotest-de-covid\\\/\",\"url\":\"https:\\\/\\\/informelitoral.com.ar\\\/confirman-el-precio-y-cuando-estaran-disponibles-los-primeros-autotest-de-covid\\\/\",\"name\":\"Confirman el precio y cu\u00e1ndo estar\u00e1n disponibles los primeros autotest de covid - Informe Litoral\",\"isPartOf\":{\"@id\":\"https:\\\/\\\/informelitoral.com.ar\\\/#website\"},\"primaryImageOfPage\":{\"@id\":\"https:\\\/\\\/informelitoral.com.ar\\\/confirman-el-precio-y-cuando-estaran-disponibles-los-primeros-autotest-de-covid\\\/#primaryimage\"},\"image\":{\"@id\":\"https:\\\/\\\/informelitoral.com.ar\\\/confirman-el-precio-y-cuando-estaran-disponibles-los-primeros-autotest-de-covid\\\/#primaryimage\"},\"thumbnailUrl\":\"https:\\\/\\\/informelitoral.com.ar\\\/%77%70%2d%63%6f%6e%74%65%6e%74\\\/uploads\\\/2022\\\/01\\\/auto-test-de-antigenos-de-covid-20220105-1294127.jpg\",\"datePublished\":\"2022-01-20T18:13:12+00:00\",\"breadcrumb\":{\"@id\":\"https:\\\/\\\/informelitoral.com.ar\\\/confirman-el-precio-y-cuando-estaran-disponibles-los-primeros-autotest-de-covid\\\/#breadcrumb\"},\"inLanguage\":\"es\",\"potentialAction\":[{\"@type\":\"ReadAction\",\"target\":[\"https:\\\/\\\/informelitoral.com.ar\\\/confirman-el-precio-y-cuando-estaran-disponibles-los-primeros-autotest-de-covid\\\/\"]}]},{\"@type\":\"ImageObject\",\"inLanguage\":\"es\",\"@id\":\"https:\\\/\\\/informelitoral.com.ar\\\/confirman-el-precio-y-cuando-estaran-disponibles-los-primeros-autotest-de-covid\\\/#primaryimage\",\"url\":\"https:\\\/\\\/informelitoral.com.ar\\\/%77%70%2d%63%6f%6e%74%65%6e%74\\\/uploads\\\/2022\\\/01\\\/auto-test-de-antigenos-de-covid-20220105-1294127.jpg\",\"contentUrl\":\"https:\\\/\\\/informelitoral.com.ar\\\/%77%70%2d%63%6f%6e%74%65%6e%74\\\/uploads\\\/2022\\\/01\\\/auto-test-de-antigenos-de-covid-20220105-1294127.jpg\",\"width\":1024,\"height\":576},{\"@type\":\"BreadcrumbList\",\"@id\":\"https:\\\/\\\/informelitoral.com.ar\\\/confirman-el-precio-y-cuando-estaran-disponibles-los-primeros-autotest-de-covid\\\/#breadcrumb\",\"itemListElement\":[{\"@type\":\"ListItem\",\"position\":1,\"name\":\"Portada\",\"item\":\"https:\\\/\\\/informelitoral.com.ar\\\/\"},{\"@type\":\"ListItem\",\"position\":2,\"name\":\"Confirman el precio y cu\u00e1ndo estar\u00e1n disponibles los primeros autotest de covid\"}]},{\"@type\":\"WebSite\",\"@id\":\"https:\\\/\\\/informelitoral.com.ar\\\/#website\",\"url\":\"https:\\\/\\\/informelitoral.com.ar\\\/\",\"name\":\"Informe Litoral\",\"description\":\"&quot;Nos informamos&quot; \",\"publisher\":{\"@id\":\"https:\\\/\\\/informelitoral.com.ar\\\/#organization\"},\"potentialAction\":[{\"@type\":\"SearchAction\",\"target\":{\"@type\":\"EntryPoint\",\"urlTemplate\":\"https:\\\/\\\/informelitoral.com.ar\\\/?s={search_term_string}\"},\"query-input\":{\"@type\":\"PropertyValueSpecification\",\"valueRequired\":true,\"valueName\":\"search_term_string\"}}],\"inLanguage\":\"es\"},{\"@type\":\"Organization\",\"@id\":\"https:\\\/\\\/informelitoral.com.ar\\\/#organization\",\"name\":\"Informe Litoral\",\"url\":\"https:\\\/\\\/informelitoral.com.ar\\\/\",\"logo\":{\"@type\":\"ImageObject\",\"inLanguage\":\"es\",\"@id\":\"https:\\\/\\\/informelitoral.com.ar\\\/#\\\/schema\\\/logo\\\/image\\\/\",\"url\":\"https:\\\/\\\/informelitoral.com.ar\\\/%77%70%2d%63%6f%6e%74%65%6e%74\\\/uploads\\\/2021\\\/01\\\/circulo.png\",\"contentUrl\":\"https:\\\/\\\/informelitoral.com.ar\\\/%77%70%2d%63%6f%6e%74%65%6e%74\\\/uploads\\\/2021\\\/01\\\/circulo.png\",\"width\":723,\"height\":731,\"caption\":\"Informe Litoral\"},\"image\":{\"@id\":\"https:\\\/\\\/informelitoral.com.ar\\\/#\\\/schema\\\/logo\\\/image\\\/\"},\"sameAs\":[\"https:\\\/\\\/www.facebook.com\\\/informelitoral\\\/\",\"https:\\\/\\\/x.com\\\/InformeLitoral\",\"https:\\\/\\\/www.instagram.com\\\/informelitoral\\\/\",\"https:\\\/\\\/www.youtube.com\\\/channel\\\/UCua4Qvz8Icb6MYqhoq9xLXw\"]},{\"@type\":\"Person\",\"@id\":\"https:\\\/\\\/informelitoral.com.ar\\\/#\\\/schema\\\/person\\\/f05f9f461677119578717524b127d6d5\",\"name\":\"Sebastian\",\"image\":{\"@type\":\"ImageObject\",\"inLanguage\":\"es\",\"@id\":\"https:\\\/\\\/secure.gravatar.com\\\/avatar\\\/b71bf7481d447dfb9583c7f2798e7cc64de6efb9067b74633ed8c31059a3bd82?s=96&d=mm&r=g\",\"url\":\"https:\\\/\\\/secure.gravatar.com\\\/avatar\\\/b71bf7481d447dfb9583c7f2798e7cc64de6efb9067b74633ed8c31059a3bd82?s=96&d=mm&r=g\",\"contentUrl\":\"https:\\\/\\\/secure.gravatar.com\\\/avatar\\\/b71bf7481d447dfb9583c7f2798e7cc64de6efb9067b74633ed8c31059a3bd82?s=96&d=mm&r=g\",\"caption\":\"Sebastian\"},\"url\":\"https:\\\/\\\/informelitoral.com.ar\\\/author\\\/sebastian\\\/\"}]}<\/script>","yoast_head_json":{"title":"Confirman el precio y cu\u00e1ndo estar\u00e1n disponibles los primeros autotest de covid - Informe Litoral","robots":{"index":"index","follow":"follow","max-snippet":"max-snippet:-1","max-image-preview":"max-image-preview:large","max-video-preview":"max-video-preview:-1"},"canonical":"https:\/\/informelitoral.com.ar\/confirman-el-precio-y-cuando-estaran-disponibles-los-primeros-autotest-de-covid\/","og_locale":"es_ES","og_type":"article","og_title":"Confirman el precio y cu\u00e1ndo estar\u00e1n disponibles los primeros autotest de covid - Informe Litoral","og_description":"La presidenta de la Confederaci\u00f3n Farmac\u00e9utica Argentina dijo que \u201cel precio para el p\u00fablico ser\u00e1 el mismo en todas las farmacias del pa\u00eds que se adhieran, independientemente de la log\u00edstica que haya que hacer para la entrega\u201d.","og_url":"https:\/\/informelitoral.com.ar\/confirman-el-precio-y-cuando-estaran-disponibles-los-primeros-autotest-de-covid\/","og_site_name":"Informe Litoral","article_publisher":"https:\/\/www.facebook.com\/informelitoral\/","article_published_time":"2022-01-20T18:13:12+00:00","og_image":[{"width":1024,"height":576,"url":"https:\/\/informelitoral.com.ar\/%77%70%2d%63%6f%6e%74%65%6e%74\/uploads\/2022\/01\/auto-test-de-antigenos-de-covid-20220105-1294127.jpg","type":"image\/jpeg"}],"author":"Sebastian","twitter_card":"summary_large_image","twitter_creator":"@InformeLitoral","twitter_site":"@InformeLitoral","twitter_misc":{"Escrito por":"Sebastian","Tiempo de lectura":"3 minutos"},"schema":{"@context":"https:\/\/schema.org","@graph":[{"@type":"Article","@id":"https:\/\/informelitoral.com.ar\/confirman-el-precio-y-cuando-estaran-disponibles-los-primeros-autotest-de-covid\/#article","isPartOf":{"@id":"https:\/\/informelitoral.com.ar\/confirman-el-precio-y-cuando-estaran-disponibles-los-primeros-autotest-de-covid\/"},"author":{"name":"Sebastian","@id":"https:\/\/informelitoral.com.ar\/#\/schema\/person\/f05f9f461677119578717524b127d6d5"},"headline":"Confirman el precio y cu\u00e1ndo estar\u00e1n disponibles los primeros autotest de covid","datePublished":"2022-01-20T18:13:12+00:00","mainEntityOfPage":{"@id":"https:\/\/informelitoral.com.ar\/confirman-el-precio-y-cuando-estaran-disponibles-los-primeros-autotest-de-covid\/"},"wordCount":585,"commentCount":0,"publisher":{"@id":"https:\/\/informelitoral.com.ar\/#organization"},"image":{"@id":"https:\/\/informelitoral.com.ar\/confirman-el-precio-y-cuando-estaran-disponibles-los-primeros-autotest-de-covid\/#primaryimage"},"thumbnailUrl":"https:\/\/informelitoral.com.ar\/%77%70%2d%63%6f%6e%74%65%6e%74\/uploads\/2022\/01\/auto-test-de-antigenos-de-covid-20220105-1294127.jpg","keywords":["Autotest","COVID-19","precios"],"articleSection":["Nacionales"],"inLanguage":"es","potentialAction":[{"@type":"CommentAction","name":"Comment","target":["https:\/\/informelitoral.com.ar\/confirman-el-precio-y-cuando-estaran-disponibles-los-primeros-autotest-de-covid\/#respond"]}]},{"@type":"WebPage","@id":"https:\/\/informelitoral.com.ar\/confirman-el-precio-y-cuando-estaran-disponibles-los-primeros-autotest-de-covid\/","url":"https:\/\/informelitoral.com.ar\/confirman-el-precio-y-cuando-estaran-disponibles-los-primeros-autotest-de-covid\/","name":"Confirman el precio y cu\u00e1ndo estar\u00e1n disponibles los primeros autotest de covid - Informe Litoral","isPartOf":{"@id":"https:\/\/informelitoral.com.ar\/#website"},"primaryImageOfPage":{"@id":"https:\/\/informelitoral.com.ar\/confirman-el-precio-y-cuando-estaran-disponibles-los-primeros-autotest-de-covid\/#primaryimage"},"image":{"@id":"https:\/\/informelitoral.com.ar\/confirman-el-precio-y-cuando-estaran-disponibles-los-primeros-autotest-de-covid\/#primaryimage"},"thumbnailUrl":"https:\/\/informelitoral.com.ar\/%77%70%2d%63%6f%6e%74%65%6e%74\/uploads\/2022\/01\/auto-test-de-antigenos-de-covid-20220105-1294127.jpg","datePublished":"2022-01-20T18:13:12+00:00","breadcrumb":{"@id":"https:\/\/informelitoral.com.ar\/confirman-el-precio-y-cuando-estaran-disponibles-los-primeros-autotest-de-covid\/#breadcrumb"},"inLanguage":"es","potentialAction":[{"@type":"ReadAction","target":["https:\/\/informelitoral.com.ar\/confirman-el-precio-y-cuando-estaran-disponibles-los-primeros-autotest-de-covid\/"]}]},{"@type":"ImageObject","inLanguage":"es","@id":"https:\/\/informelitoral.com.ar\/confirman-el-precio-y-cuando-estaran-disponibles-los-primeros-autotest-de-covid\/#primaryimage","url":"https:\/\/informelitoral.com.ar\/%77%70%2d%63%6f%6e%74%65%6e%74\/uploads\/2022\/01\/auto-test-de-antigenos-de-covid-20220105-1294127.jpg","contentUrl":"https:\/\/informelitoral.com.ar\/%77%70%2d%63%6f%6e%74%65%6e%74\/uploads\/2022\/01\/auto-test-de-antigenos-de-covid-20220105-1294127.jpg","width":1024,"height":576},{"@type":"BreadcrumbList","@id":"https:\/\/informelitoral.com.ar\/confirman-el-precio-y-cuando-estaran-disponibles-los-primeros-autotest-de-covid\/#breadcrumb","itemListElement":[{"@type":"ListItem","position":1,"name":"Portada","item":"https:\/\/informelitoral.com.ar\/"},{"@type":"ListItem","position":2,"name":"Confirman el precio y cu\u00e1ndo estar\u00e1n disponibles los primeros autotest de covid"}]},{"@type":"WebSite","@id":"https:\/\/informelitoral.com.ar\/#website","url":"https:\/\/informelitoral.com.ar\/","name":"Informe Litoral","description":"&quot;Nos informamos&quot; ","publisher":{"@id":"https:\/\/informelitoral.com.ar\/#organization"},"potentialAction":[{"@type":"SearchAction","target":{"@type":"EntryPoint","urlTemplate":"https:\/\/informelitoral.com.ar\/?s={search_term_string}"},"query-input":{"@type":"PropertyValueSpecification","valueRequired":true,"valueName":"search_term_string"}}],"inLanguage":"es"},{"@type":"Organization","@id":"https:\/\/informelitoral.com.ar\/#organization","name":"Informe Litoral","url":"https:\/\/informelitoral.com.ar\/","logo":{"@type":"ImageObject","inLanguage":"es","@id":"https:\/\/informelitoral.com.ar\/#\/schema\/logo\/image\/","url":"https:\/\/informelitoral.com.ar\/%77%70%2d%63%6f%6e%74%65%6e%74\/uploads\/2021\/01\/circulo.png","contentUrl":"https:\/\/informelitoral.com.ar\/%77%70%2d%63%6f%6e%74%65%6e%74\/uploads\/2021\/01\/circulo.png","width":723,"height":731,"caption":"Informe Litoral"},"image":{"@id":"https:\/\/informelitoral.com.ar\/#\/schema\/logo\/image\/"},"sameAs":["https:\/\/www.facebook.com\/informelitoral\/","https:\/\/x.com\/InformeLitoral","https:\/\/www.instagram.com\/informelitoral\/","https:\/\/www.youtube.com\/channel\/UCua4Qvz8Icb6MYqhoq9xLXw"]},{"@type":"Person","@id":"https:\/\/informelitoral.com.ar\/#\/schema\/person\/f05f9f461677119578717524b127d6d5","name":"Sebastian","image":{"@type":"ImageObject","inLanguage":"es","@id":"https:\/\/secure.gravatar.com\/avatar\/b71bf7481d447dfb9583c7f2798e7cc64de6efb9067b74633ed8c31059a3bd82?s=96&d=mm&r=g","url":"https:\/\/secure.gravatar.com\/avatar\/b71bf7481d447dfb9583c7f2798e7cc64de6efb9067b74633ed8c31059a3bd82?s=96&d=mm&r=g","contentUrl":"https:\/\/secure.gravatar.com\/avatar\/b71bf7481d447dfb9583c7f2798e7cc64de6efb9067b74633ed8c31059a3bd82?s=96&d=mm&r=g","caption":"Sebastian"},"url":"https:\/\/informelitoral.com.ar\/author\/sebastian\/"}]}},"_links":{"self":[{"href":"https:\/\/informelitoral.com.ar\/%77%70%2d%6a%73%6f%6e\/wp\/v2\/posts\/70584","targetHints":{"allow":["GET"]}}],"collection":[{"href":"https:\/\/informelitoral.com.ar\/%77%70%2d%6a%73%6f%6e\/wp\/v2\/posts"}],"about":[{"href":"https:\/\/informelitoral.com.ar\/%77%70%2d%6a%73%6f%6e\/wp\/v2\/types\/post"}],"author":[{"embeddable":true,"href":"https:\/\/informelitoral.com.ar\/%77%70%2d%6a%73%6f%6e\/wp\/v2\/users\/8"}],"replies":[{"embeddable":true,"href":"https:\/\/informelitoral.com.ar\/%77%70%2d%6a%73%6f%6e\/wp\/v2\/comments?post=70584"}],"version-history":[{"count":0,"href":"https:\/\/informelitoral.com.ar\/%77%70%2d%6a%73%6f%6e\/wp\/v2\/posts\/70584\/revisions"}],"wp:featuredmedia":[{"embeddable":true,"href":"https:\/\/informelitoral.com.ar\/%77%70%2d%6a%73%6f%6e\/wp\/v2\/media\/69948"}],"wp:attachment":[{"href":"https:\/\/informelitoral.com.ar\/%77%70%2d%6a%73%6f%6e\/wp\/v2\/media?parent=70584"}],"wp:term":[{"taxonomy":"category","embeddable":true,"href":"https:\/\/informelitoral.com.ar\/%77%70%2d%6a%73%6f%6e\/wp\/v2\/categories?post=70584"},{"taxonomy":"post_tag","embeddable":true,"href":"https:\/\/informelitoral.com.ar\/%77%70%2d%6a%73%6f%6e\/wp\/v2\/tags?post=70584"}],"curies":[{"name":"wp","href":"https:\/\/api.w.org\/{rel}","templated":true}]}}