{"id":70418,"date":"2022-01-17T11:09:42","date_gmt":"2022-01-17T14:09:42","guid":{"rendered":"https:\/\/www.informelitoral.com.ar\/?p=70418"},"modified":"2022-01-17T11:09:42","modified_gmt":"2022-01-17T14:09:42","slug":"arboles-techos-y-autos-efectos-del-temporal-en-entre-rios","status":"publish","type":"post","link":"https:\/\/informelitoral.com.ar\/arboles-techos-y-autos-efectos-del-temporal-en-entre-rios\/","title":{"rendered":"\u00c1rboles, techos y autos: efectos del temporal en Entre R\u00edos"},"content":{"rendered":"<p><strong>La\u00a0tormenta\u00a0que trajo el alivio de temperaturas a Entre R\u00edos tambi\u00e9n dej\u00f3 saldos negativos en algunos lugares de la provincia, donde el\u00a0temporal\u00a0pas\u00f3 con crudeza y arras\u00f3 con\u00a0\u00e1rboles, postes y techos, y provoc\u00f3 da\u00f1os en locales y algunos autom\u00f3viles. El repaso de la lluvia en cada departamento y localidad.<\/strong><\/p>\n<p>Los lugares de Entre R\u00edos donde cay\u00f3 m\u00e1s agua con las lluvias que comenzaron en la noche de este domingo y siguieron con fuerza en la madrugada de este lunes fueron en los departamentos<strong>\u00a0Nogoy\u00e1<\/strong>\u00a0(Aranguren, 88 mil\u00edmetros; Lucas Gonz\u00e1lez, 52 mm; y Nogoy\u00e1 Ciudad 54 mm);\u00a0<strong>Islas\u00a0<\/strong>(M\u00e9danos y Ceibas 65 mm; Villa Paranacito, 70 mm; Brazo Largo, Mazaruca e Ibicuy, 68 mm); y\u00a0<strong>Tala\u00a0<\/strong>(Mansilla 50 mm; La Ilusi\u00f3n 58 mm).<\/p>\n<p>Uno de los lugares donde la tormenta caus\u00f3 m\u00e1s da\u00f1os y problemas fue en la ciudad de\u00a0<strong>Victoria<\/strong>, Pasadas las 22 de este domingo lleg\u00f3 la fuerte tormenta a la ciudad con r\u00e1fagas de vientos fuertes que durante un lapso de 20 minutos aproximadamente provocaron ca\u00edda de \u00e1rboles y postes de luz y tel\u00e9fono, as\u00ed como la voladuras de techo de tres viviendas en calle 9 de Julio, en barrio la Ponderosa y en calle Alem.<\/p>\n<p>&nbsp;<\/p>\n<p>En la Ciudad de las Siete Colinas tambi\u00e9n se registr\u00f3 el da\u00f1o de un autom\u00f3vil por la ca\u00edda de un poste y ca\u00eddas de \u00e1rboles sobre la banquina de la ruta 11, aunque no obstruyendo la circulaci\u00f3n.<\/p>\n<p>En\u00a0<strong>Nogoy\u00e1\u00a0<\/strong>el temporal tambi\u00e9n provoc\u00f3 situaciones adversas, aunque hasta el momento no llegaron a lesionar o evacuar personas. En la ciudad capital cayeron cables de l\u00edneas el\u00e9ctricas y hubo cortes de suministro de luz en diversos sectores, y tambi\u00e9n se derribaron numerosos \u00e1rboles, uno ellos averiando con ramas un autom\u00f3vil. En\u00a0<strong>Lucas Gonz\u00e1lez,\u00a0<\/strong>en tanto, las ca\u00eddas de \u00e1rboles obstaculizaron el tr\u00e1nsito por varios minutos en varios lugares, entre ellos el acceso principal y el centro del pueblo. Al menos un vecino de la localidad sufri\u00f3 la voladura del techo de chapa de su vivienda y el anegamiento de la misma.<\/p>\n<p>El departamento\u00a0<strong>Tala\u00a0<\/strong>fue otro de los que sufrieron consecuencias. Se registr\u00f3 en la ciudad de<strong>\u00a0Rosario del Tala<\/strong>\u00a0la ca\u00edda de postes de luz municipal y de telefon\u00eda. En la ciudad de\u00a0<strong>Gobernador Mansilla<\/strong> cayeron varios postes de luz y de telefon\u00eda en distintos puntos y se qued\u00f3 sin luz toda la localidad. Tambi\u00e9n se produjo la voladura del techo de un tinglado en construcci\u00f3n, quedando al costado de la estructura.<\/p>\n<h3><strong>Alerta y aviso a corto plazo<\/strong><\/h3>\n<p>Por otro lado, el Servicio Meteorol\u00f3gico Nacional emiti\u00f3 a las 9 de este lunes un\u00a0<strong>aviso a muy corto plazo para los departamentos La Paz y Paran\u00e1 por lluvias y ocasional ca\u00edda de granizo.<\/strong>\u00a0El aviso tiene vigencia por una hora.<\/p>\n<p>En tanto, el organismo nacional renov\u00f3 el alerta Amarillo para la ma\u00f1ana de este lunes destinado a los departamentos Col\u00f3n, Gualeguaych\u00fa, Islas, Tala, Uruguay, Gualeguay y Victoria, \u00e1reas que podr\u00e1n ser afectadas \u00abpor tormentas de variada intensidad, pudiendo ser algunas localmente fuertes, acompa\u00f1adas de intensas r\u00e1fagas, ocasional ca\u00edda de granizo y fuerte actividad el\u00e9ctrica. Los valores de precipitaci\u00f3n acumulada se estiman entre 30 y 60 mil\u00edmetros\u00bb.<\/p>\n<p>El mismo alerta emiti\u00f3 el SMN, pero para este martes, para los departamentos Concordia, Federaci\u00f3n, Feliciano, Diamante, La Paz, Nogoy\u00e1, Paran\u00e1, Villaguay y San Salvador.<\/p>\n<p>&nbsp;<\/p>\n<p>&nbsp;<\/p>\n","protected":false},"excerpt":{"rendered":"<p>Algunas zonas sufrieron fuertes tormentas en la noche del domingo, que incluyeron ca\u00edda de \u00e1rboles, voladura de techos y rotura de autom\u00f3viles. <\/p>\n","protected":false},"author":8,"featured_media":70419,"comment_status":"open","ping_status":"open","sticky":false,"template":"","format":"standard","meta":{"fifu_image_url":"","fifu_image_alt":"","footnotes":""},"categories":[6],"tags":[2925,113,527,1078],"class_list":{"0":"post-70418","1":"post","2":"type-post","3":"status-publish","4":"format-standard","5":"has-post-thumbnail","7":"category-entre-rios","8":"tag-alertas-por-granizo","9":"tag-smn","10":"tag-temporal","11":"tag-tormentas"},"yoast_head":"<title>\u00c1rboles, techos y autos: efectos del temporal en Entre R\u00edos - Informe Litoral<\/title>\n<meta name=\"robots\" content=\"index, follow, max-snippet:-1, max-image-preview:large, max-video-preview:-1\" \/>\n<link rel=\"canonical\" href=\"https:\/\/informelitoral.com.ar\/arboles-techos-y-autos-efectos-del-temporal-en-entre-rios\/\" \/>\n<meta property=\"og:locale\" content=\"es_ES\" \/>\n<meta property=\"og:type\" content=\"article\" \/>\n<meta property=\"og:title\" content=\"\u00c1rboles, techos y autos: efectos del temporal en Entre R\u00edos - Informe Litoral\" \/>\n<meta property=\"og:description\" content=\"Algunas zonas sufrieron fuertes tormentas en la noche del domingo, que incluyeron ca\u00edda de \u00e1rboles, voladura de techos y rotura de autom\u00f3viles.\" \/>\n<meta property=\"og:url\" content=\"https:\/\/informelitoral.com.ar\/arboles-techos-y-autos-efectos-del-temporal-en-entre-rios\/\" \/>\n<meta property=\"og:site_name\" content=\"Informe Litoral\" \/>\n<meta property=\"article:publisher\" content=\"https:\/\/www.facebook.com\/informelitoral\/\" \/>\n<meta property=\"article:published_time\" content=\"2022-01-17T14:09:42+00:00\" \/>\n<meta property=\"og:image\" content=\"https:\/\/informelitoral.com.ar\/%77%70%2d%63%6f%6e%74%65%6e%74\/uploads\/2022\/01\/o_1642403488_1.jpg\" \/>\n\t<meta property=\"og:image:width\" content=\"800\" \/>\n\t<meta property=\"og:image:height\" content=\"450\" \/>\n\t<meta property=\"og:image:type\" content=\"image\/jpeg\" \/>\n<meta name=\"author\" content=\"Sebastian\" \/>\n<meta name=\"twitter:card\" content=\"summary_large_image\" \/>\n<meta name=\"twitter:creator\" content=\"@InformeLitoral\" \/>\n<meta name=\"twitter:site\" content=\"@InformeLitoral\" \/>\n<meta name=\"twitter:label1\" content=\"Escrito por\" \/>\n\t<meta name=\"twitter:data1\" content=\"Sebastian\" \/>\n\t<meta name=\"twitter:label2\" content=\"Tiempo de lectura\" \/>\n\t<meta name=\"twitter:data2\" content=\"3 minutos\" \/>\n<script type=\"application\/ld+json\" class=\"yoast-schema-graph\">{\"@context\":\"https:\\\/\\\/schema.org\",\"@graph\":[{\"@type\":\"Article\",\"@id\":\"https:\\\/\\\/informelitoral.com.ar\\\/arboles-techos-y-autos-efectos-del-temporal-en-entre-rios\\\/#article\",\"isPartOf\":{\"@id\":\"https:\\\/\\\/informelitoral.com.ar\\\/arboles-techos-y-autos-efectos-del-temporal-en-entre-rios\\\/\"},\"author\":{\"name\":\"Sebastian\",\"@id\":\"https:\\\/\\\/informelitoral.com.ar\\\/#\\\/schema\\\/person\\\/f05f9f461677119578717524b127d6d5\"},\"headline\":\"\u00c1rboles, techos y autos: efectos del temporal en Entre R\u00edos\",\"datePublished\":\"2022-01-17T14:09:42+00:00\",\"mainEntityOfPage\":{\"@id\":\"https:\\\/\\\/informelitoral.com.ar\\\/arboles-techos-y-autos-efectos-del-temporal-en-entre-rios\\\/\"},\"wordCount\":595,\"commentCount\":0,\"publisher\":{\"@id\":\"https:\\\/\\\/informelitoral.com.ar\\\/#organization\"},\"image\":{\"@id\":\"https:\\\/\\\/informelitoral.com.ar\\\/arboles-techos-y-autos-efectos-del-temporal-en-entre-rios\\\/#primaryimage\"},\"thumbnailUrl\":\"https:\\\/\\\/informelitoral.com.ar\\\/%77%70%2d%63%6f%6e%74%65%6e%74\\\/uploads\\\/2022\\\/01\\\/o_1642403488_1.jpg\",\"keywords\":[\"Alertas por granizo\",\"SMN\",\"Temporal\",\"Tormentas\"],\"articleSection\":[\"Entre R\u00edos\"],\"inLanguage\":\"es\",\"potentialAction\":[{\"@type\":\"CommentAction\",\"name\":\"Comment\",\"target\":[\"https:\\\/\\\/informelitoral.com.ar\\\/arboles-techos-y-autos-efectos-del-temporal-en-entre-rios\\\/#respond\"]}]},{\"@type\":\"WebPage\",\"@id\":\"https:\\\/\\\/informelitoral.com.ar\\\/arboles-techos-y-autos-efectos-del-temporal-en-entre-rios\\\/\",\"url\":\"https:\\\/\\\/informelitoral.com.ar\\\/arboles-techos-y-autos-efectos-del-temporal-en-entre-rios\\\/\",\"name\":\"\u00c1rboles, techos y autos: efectos del temporal en Entre R\u00edos - Informe Litoral\",\"isPartOf\":{\"@id\":\"https:\\\/\\\/informelitoral.com.ar\\\/#website\"},\"primaryImageOfPage\":{\"@id\":\"https:\\\/\\\/informelitoral.com.ar\\\/arboles-techos-y-autos-efectos-del-temporal-en-entre-rios\\\/#primaryimage\"},\"image\":{\"@id\":\"https:\\\/\\\/informelitoral.com.ar\\\/arboles-techos-y-autos-efectos-del-temporal-en-entre-rios\\\/#primaryimage\"},\"thumbnailUrl\":\"https:\\\/\\\/informelitoral.com.ar\\\/%77%70%2d%63%6f%6e%74%65%6e%74\\\/uploads\\\/2022\\\/01\\\/o_1642403488_1.jpg\",\"datePublished\":\"2022-01-17T14:09:42+00:00\",\"breadcrumb\":{\"@id\":\"https:\\\/\\\/informelitoral.com.ar\\\/arboles-techos-y-autos-efectos-del-temporal-en-entre-rios\\\/#breadcrumb\"},\"inLanguage\":\"es\",\"potentialAction\":[{\"@type\":\"ReadAction\",\"target\":[\"https:\\\/\\\/informelitoral.com.ar\\\/arboles-techos-y-autos-efectos-del-temporal-en-entre-rios\\\/\"]}]},{\"@type\":\"ImageObject\",\"inLanguage\":\"es\",\"@id\":\"https:\\\/\\\/informelitoral.com.ar\\\/arboles-techos-y-autos-efectos-del-temporal-en-entre-rios\\\/#primaryimage\",\"url\":\"https:\\\/\\\/informelitoral.com.ar\\\/%77%70%2d%63%6f%6e%74%65%6e%74\\\/uploads\\\/2022\\\/01\\\/o_1642403488_1.jpg\",\"contentUrl\":\"https:\\\/\\\/informelitoral.com.ar\\\/%77%70%2d%63%6f%6e%74%65%6e%74\\\/uploads\\\/2022\\\/01\\\/o_1642403488_1.jpg\",\"width\":800,\"height\":450},{\"@type\":\"BreadcrumbList\",\"@id\":\"https:\\\/\\\/informelitoral.com.ar\\\/arboles-techos-y-autos-efectos-del-temporal-en-entre-rios\\\/#breadcrumb\",\"itemListElement\":[{\"@type\":\"ListItem\",\"position\":1,\"name\":\"Portada\",\"item\":\"https:\\\/\\\/informelitoral.com.ar\\\/\"},{\"@type\":\"ListItem\",\"position\":2,\"name\":\"\u00c1rboles, techos y autos: efectos del temporal en Entre R\u00edos\"}]},{\"@type\":\"WebSite\",\"@id\":\"https:\\\/\\\/informelitoral.com.ar\\\/#website\",\"url\":\"https:\\\/\\\/informelitoral.com.ar\\\/\",\"name\":\"Informe Litoral\",\"description\":\"&quot;Nos informamos&quot; \",\"publisher\":{\"@id\":\"https:\\\/\\\/informelitoral.com.ar\\\/#organization\"},\"potentialAction\":[{\"@type\":\"SearchAction\",\"target\":{\"@type\":\"EntryPoint\",\"urlTemplate\":\"https:\\\/\\\/informelitoral.com.ar\\\/?s={search_term_string}\"},\"query-input\":{\"@type\":\"PropertyValueSpecification\",\"valueRequired\":true,\"valueName\":\"search_term_string\"}}],\"inLanguage\":\"es\"},{\"@type\":\"Organization\",\"@id\":\"https:\\\/\\\/informelitoral.com.ar\\\/#organization\",\"name\":\"Informe Litoral\",\"url\":\"https:\\\/\\\/informelitoral.com.ar\\\/\",\"logo\":{\"@type\":\"ImageObject\",\"inLanguage\":\"es\",\"@id\":\"https:\\\/\\\/informelitoral.com.ar\\\/#\\\/schema\\\/logo\\\/image\\\/\",\"url\":\"https:\\\/\\\/informelitoral.com.ar\\\/%77%70%2d%63%6f%6e%74%65%6e%74\\\/uploads\\\/2021\\\/01\\\/circulo.png\",\"contentUrl\":\"https:\\\/\\\/informelitoral.com.ar\\\/%77%70%2d%63%6f%6e%74%65%6e%74\\\/uploads\\\/2021\\\/01\\\/circulo.png\",\"width\":723,\"height\":731,\"caption\":\"Informe Litoral\"},\"image\":{\"@id\":\"https:\\\/\\\/informelitoral.com.ar\\\/#\\\/schema\\\/logo\\\/image\\\/\"},\"sameAs\":[\"https:\\\/\\\/www.facebook.com\\\/informelitoral\\\/\",\"https:\\\/\\\/x.com\\\/InformeLitoral\",\"https:\\\/\\\/www.instagram.com\\\/informelitoral\\\/\",\"https:\\\/\\\/www.youtube.com\\\/channel\\\/UCua4Qvz8Icb6MYqhoq9xLXw\"]},{\"@type\":\"Person\",\"@id\":\"https:\\\/\\\/informelitoral.com.ar\\\/#\\\/schema\\\/person\\\/f05f9f461677119578717524b127d6d5\",\"name\":\"Sebastian\",\"image\":{\"@type\":\"ImageObject\",\"inLanguage\":\"es\",\"@id\":\"https:\\\/\\\/secure.gravatar.com\\\/avatar\\\/b71bf7481d447dfb9583c7f2798e7cc64de6efb9067b74633ed8c31059a3bd82?s=96&d=mm&r=g\",\"url\":\"https:\\\/\\\/secure.gravatar.com\\\/avatar\\\/b71bf7481d447dfb9583c7f2798e7cc64de6efb9067b74633ed8c31059a3bd82?s=96&d=mm&r=g\",\"contentUrl\":\"https:\\\/\\\/secure.gravatar.com\\\/avatar\\\/b71bf7481d447dfb9583c7f2798e7cc64de6efb9067b74633ed8c31059a3bd82?s=96&d=mm&r=g\",\"caption\":\"Sebastian\"},\"url\":\"https:\\\/\\\/informelitoral.com.ar\\\/author\\\/sebastian\\\/\"}]}<\/script>","yoast_head_json":{"title":"\u00c1rboles, techos y autos: efectos del temporal en Entre R\u00edos - Informe Litoral","robots":{"index":"index","follow":"follow","max-snippet":"max-snippet:-1","max-image-preview":"max-image-preview:large","max-video-preview":"max-video-preview:-1"},"canonical":"https:\/\/informelitoral.com.ar\/arboles-techos-y-autos-efectos-del-temporal-en-entre-rios\/","og_locale":"es_ES","og_type":"article","og_title":"\u00c1rboles, techos y autos: efectos del temporal en Entre R\u00edos - Informe Litoral","og_description":"Algunas zonas sufrieron fuertes tormentas en la noche del domingo, que incluyeron ca\u00edda de \u00e1rboles, voladura de techos y rotura de autom\u00f3viles.","og_url":"https:\/\/informelitoral.com.ar\/arboles-techos-y-autos-efectos-del-temporal-en-entre-rios\/","og_site_name":"Informe Litoral","article_publisher":"https:\/\/www.facebook.com\/informelitoral\/","article_published_time":"2022-01-17T14:09:42+00:00","og_image":[{"width":800,"height":450,"url":"https:\/\/informelitoral.com.ar\/%77%70%2d%63%6f%6e%74%65%6e%74\/uploads\/2022\/01\/o_1642403488_1.jpg","type":"image\/jpeg"}],"author":"Sebastian","twitter_card":"summary_large_image","twitter_creator":"@InformeLitoral","twitter_site":"@InformeLitoral","twitter_misc":{"Escrito por":"Sebastian","Tiempo de lectura":"3 minutos"},"schema":{"@context":"https:\/\/schema.org","@graph":[{"@type":"Article","@id":"https:\/\/informelitoral.com.ar\/arboles-techos-y-autos-efectos-del-temporal-en-entre-rios\/#article","isPartOf":{"@id":"https:\/\/informelitoral.com.ar\/arboles-techos-y-autos-efectos-del-temporal-en-entre-rios\/"},"author":{"name":"Sebastian","@id":"https:\/\/informelitoral.com.ar\/#\/schema\/person\/f05f9f461677119578717524b127d6d5"},"headline":"\u00c1rboles, techos y autos: efectos del temporal en Entre R\u00edos","datePublished":"2022-01-17T14:09:42+00:00","mainEntityOfPage":{"@id":"https:\/\/informelitoral.com.ar\/arboles-techos-y-autos-efectos-del-temporal-en-entre-rios\/"},"wordCount":595,"commentCount":0,"publisher":{"@id":"https:\/\/informelitoral.com.ar\/#organization"},"image":{"@id":"https:\/\/informelitoral.com.ar\/arboles-techos-y-autos-efectos-del-temporal-en-entre-rios\/#primaryimage"},"thumbnailUrl":"https:\/\/informelitoral.com.ar\/%77%70%2d%63%6f%6e%74%65%6e%74\/uploads\/2022\/01\/o_1642403488_1.jpg","keywords":["Alertas por granizo","SMN","Temporal","Tormentas"],"articleSection":["Entre R\u00edos"],"inLanguage":"es","potentialAction":[{"@type":"CommentAction","name":"Comment","target":["https:\/\/informelitoral.com.ar\/arboles-techos-y-autos-efectos-del-temporal-en-entre-rios\/#respond"]}]},{"@type":"WebPage","@id":"https:\/\/informelitoral.com.ar\/arboles-techos-y-autos-efectos-del-temporal-en-entre-rios\/","url":"https:\/\/informelitoral.com.ar\/arboles-techos-y-autos-efectos-del-temporal-en-entre-rios\/","name":"\u00c1rboles, techos y autos: efectos del temporal en Entre R\u00edos - Informe Litoral","isPartOf":{"@id":"https:\/\/informelitoral.com.ar\/#website"},"primaryImageOfPage":{"@id":"https:\/\/informelitoral.com.ar\/arboles-techos-y-autos-efectos-del-temporal-en-entre-rios\/#primaryimage"},"image":{"@id":"https:\/\/informelitoral.com.ar\/arboles-techos-y-autos-efectos-del-temporal-en-entre-rios\/#primaryimage"},"thumbnailUrl":"https:\/\/informelitoral.com.ar\/%77%70%2d%63%6f%6e%74%65%6e%74\/uploads\/2022\/01\/o_1642403488_1.jpg","datePublished":"2022-01-17T14:09:42+00:00","breadcrumb":{"@id":"https:\/\/informelitoral.com.ar\/arboles-techos-y-autos-efectos-del-temporal-en-entre-rios\/#breadcrumb"},"inLanguage":"es","potentialAction":[{"@type":"ReadAction","target":["https:\/\/informelitoral.com.ar\/arboles-techos-y-autos-efectos-del-temporal-en-entre-rios\/"]}]},{"@type":"ImageObject","inLanguage":"es","@id":"https:\/\/informelitoral.com.ar\/arboles-techos-y-autos-efectos-del-temporal-en-entre-rios\/#primaryimage","url":"https:\/\/informelitoral.com.ar\/%77%70%2d%63%6f%6e%74%65%6e%74\/uploads\/2022\/01\/o_1642403488_1.jpg","contentUrl":"https:\/\/informelitoral.com.ar\/%77%70%2d%63%6f%6e%74%65%6e%74\/uploads\/2022\/01\/o_1642403488_1.jpg","width":800,"height":450},{"@type":"BreadcrumbList","@id":"https:\/\/informelitoral.com.ar\/arboles-techos-y-autos-efectos-del-temporal-en-entre-rios\/#breadcrumb","itemListElement":[{"@type":"ListItem","position":1,"name":"Portada","item":"https:\/\/informelitoral.com.ar\/"},{"@type":"ListItem","position":2,"name":"\u00c1rboles, techos y autos: efectos del temporal en Entre R\u00edos"}]},{"@type":"WebSite","@id":"https:\/\/informelitoral.com.ar\/#website","url":"https:\/\/informelitoral.com.ar\/","name":"Informe Litoral","description":"&quot;Nos informamos&quot; ","publisher":{"@id":"https:\/\/informelitoral.com.ar\/#organization"},"potentialAction":[{"@type":"SearchAction","target":{"@type":"EntryPoint","urlTemplate":"https:\/\/informelitoral.com.ar\/?s={search_term_string}"},"query-input":{"@type":"PropertyValueSpecification","valueRequired":true,"valueName":"search_term_string"}}],"inLanguage":"es"},{"@type":"Organization","@id":"https:\/\/informelitoral.com.ar\/#organization","name":"Informe Litoral","url":"https:\/\/informelitoral.com.ar\/","logo":{"@type":"ImageObject","inLanguage":"es","@id":"https:\/\/informelitoral.com.ar\/#\/schema\/logo\/image\/","url":"https:\/\/informelitoral.com.ar\/%77%70%2d%63%6f%6e%74%65%6e%74\/uploads\/2021\/01\/circulo.png","contentUrl":"https:\/\/informelitoral.com.ar\/%77%70%2d%63%6f%6e%74%65%6e%74\/uploads\/2021\/01\/circulo.png","width":723,"height":731,"caption":"Informe Litoral"},"image":{"@id":"https:\/\/informelitoral.com.ar\/#\/schema\/logo\/image\/"},"sameAs":["https:\/\/www.facebook.com\/informelitoral\/","https:\/\/x.com\/InformeLitoral","https:\/\/www.instagram.com\/informelitoral\/","https:\/\/www.youtube.com\/channel\/UCua4Qvz8Icb6MYqhoq9xLXw"]},{"@type":"Person","@id":"https:\/\/informelitoral.com.ar\/#\/schema\/person\/f05f9f461677119578717524b127d6d5","name":"Sebastian","image":{"@type":"ImageObject","inLanguage":"es","@id":"https:\/\/secure.gravatar.com\/avatar\/b71bf7481d447dfb9583c7f2798e7cc64de6efb9067b74633ed8c31059a3bd82?s=96&d=mm&r=g","url":"https:\/\/secure.gravatar.com\/avatar\/b71bf7481d447dfb9583c7f2798e7cc64de6efb9067b74633ed8c31059a3bd82?s=96&d=mm&r=g","contentUrl":"https:\/\/secure.gravatar.com\/avatar\/b71bf7481d447dfb9583c7f2798e7cc64de6efb9067b74633ed8c31059a3bd82?s=96&d=mm&r=g","caption":"Sebastian"},"url":"https:\/\/informelitoral.com.ar\/author\/sebastian\/"}]}},"_links":{"self":[{"href":"https:\/\/informelitoral.com.ar\/%77%70%2d%6a%73%6f%6e\/wp\/v2\/posts\/70418","targetHints":{"allow":["GET"]}}],"collection":[{"href":"https:\/\/informelitoral.com.ar\/%77%70%2d%6a%73%6f%6e\/wp\/v2\/posts"}],"about":[{"href":"https:\/\/informelitoral.com.ar\/%77%70%2d%6a%73%6f%6e\/wp\/v2\/types\/post"}],"author":[{"embeddable":true,"href":"https:\/\/informelitoral.com.ar\/%77%70%2d%6a%73%6f%6e\/wp\/v2\/users\/8"}],"replies":[{"embeddable":true,"href":"https:\/\/informelitoral.com.ar\/%77%70%2d%6a%73%6f%6e\/wp\/v2\/comments?post=70418"}],"version-history":[{"count":0,"href":"https:\/\/informelitoral.com.ar\/%77%70%2d%6a%73%6f%6e\/wp\/v2\/posts\/70418\/revisions"}],"wp:featuredmedia":[{"embeddable":true,"href":"https:\/\/informelitoral.com.ar\/%77%70%2d%6a%73%6f%6e\/wp\/v2\/media\/70419"}],"wp:attachment":[{"href":"https:\/\/informelitoral.com.ar\/%77%70%2d%6a%73%6f%6e\/wp\/v2\/media?parent=70418"}],"wp:term":[{"taxonomy":"category","embeddable":true,"href":"https:\/\/informelitoral.com.ar\/%77%70%2d%6a%73%6f%6e\/wp\/v2\/categories?post=70418"},{"taxonomy":"post_tag","embeddable":true,"href":"https:\/\/informelitoral.com.ar\/%77%70%2d%6a%73%6f%6e\/wp\/v2\/tags?post=70418"}],"curies":[{"name":"wp","href":"https:\/\/api.w.org\/{rel}","templated":true}]}}