{"id":704,"date":"2013-04-02T09:35:28","date_gmt":"2013-04-02T12:35:28","guid":{"rendered":"http:\/\/www.isletasnoticias.com.ar\/?p=704"},"modified":"2013-04-02T09:35:28","modified_gmt":"2013-04-02T12:35:28","slug":"urribarri-presidira-en-nogoya-el-acto-central-por-el-aniversario-de-la-gesta-de-malvinas","status":"publish","type":"post","link":"https:\/\/informelitoral.com.ar\/urribarri-presidira-en-nogoya-el-acto-central-por-el-aniversario-de-la-gesta-de-malvinas\/","title":{"rendered":"Urribarri presidir\u00e1 en Nogoy\u00e1 el acto central por el aniversario de la gesta de Malvinas"},"content":{"rendered":"<h2>El acto oficial se realizar\u00e1 a partir de las 11 en el Monumento al Soldado de Malvinas. El gobernador realizar\u00e1 en la ciudad del centro de la provincia una reuni\u00f3n de gabinete ampliado.<\/h2>\n<p><a href=\"http:\/\/www.isletasnoticias.com.ar\/%77%70%2d%63%6f%6e%74%65%6e%74\/uploads\/2013\/04\/urribarri.jpg_869080375.jpg\"><img loading=\"lazy\" decoding=\"async\" class=\"size-medium wp-image-705 alignright\" alt=\"urribarri.jpg_869080375\" src=\"http:\/\/www.isletasnoticias.com.ar\/%77%70%2d%63%6f%6e%74%65%6e%74\/uploads\/2013\/04\/urribarri.jpg_869080375-300x225.jpg\" width=\"300\" height=\"225\" srcset=\"https:\/\/informelitoral.com.ar\/%77%70%2d%63%6f%6e%74%65%6e%74\/uploads\/2013\/04\/urribarri.jpg_869080375-300x225.jpg 300w, https:\/\/informelitoral.com.ar\/%77%70%2d%63%6f%6e%74%65%6e%74\/uploads\/2013\/04\/urribarri.jpg_869080375.jpg 624w\" sizes=\"auto, (max-width: 300px) 100vw, 300px\" \/><\/a><\/p>\n<p>&nbsp;<\/p>\n<p>El gobernador <strong>Sergio Urribarri<\/strong> encabezar\u00e1 el martes en Nogoy\u00e1 el acto oficial en conmemoraci\u00f3n del \u00abD\u00eda del Veterano y de los Ca\u00eddos en la Guerra de Malvinas\u00bb. Tiene previsto adem\u00e1s una reuni\u00f3n de trabajo con el gabinete provincial y dejar inaugurado el gabinete de criminal\u00edstica en la Jefetura Departamental de Polic\u00eda y la ampliaci\u00f3n de la red de gas natural. Se entregar\u00e1n aportes a distintas instituciones del departamento.<\/p>\n<p>El presidente municipal <strong>Daniel Pav\u00f3n<\/strong> confirm\u00f3 la presencia del gobernador Urribarri en Nogoy\u00e1 el martes 2 de abril. <em>\u201cEl gobernador realizar\u00e1 una reuni\u00f3n de gabinete ampliado con los funcionarios municipales y departamentales, los presidentes de las juntas de gobierno y los intendentes de las ciudades de nuestro departamento\u201d,<\/em> manifest\u00f3 Daniel Pav\u00f3n.<\/p>\n<p><em>\u00a0\u201cTendremos el honor de realizar el acto central en homenaje a los h\u00e9roes de Malvinas con la presencia de las m\u00e1ximas autoridades provinciales y a su vez tendremos una reuni\u00f3n con el gabinete provincial para abordar todos los asuntos de relevancia de nuestra ciudad y el departamento\u201d, destac\u00f3 el intendente. <\/em>A su vez, inform\u00f3 que<em> \u201cse entregar\u00e1n numerosos aportes a instituciones de la ciudad y el departamento, que ven\u00edan siendo gestionados con anterioridad ante los organismos correspondientes del gobierno provincial\u201d.<\/em><\/p>\n<p>El acto Oficial en Conmemoraci\u00f3n del \u00abD\u00eda del Veterano y de los Ca\u00eddos en la Guerra de Malvinas\u00bb, a 31 a\u00f1os de esta her\u00f3ica gesta, ser\u00e1 a partir de las 11 en el Monumento al Soldado de Malvinas.<\/p>\n<p>Participar\u00e1n el Cuerpo de Ej\u00e9rcito G\u00ba de Artiller\u00eda Blindado II de Rosario del Tala, delegaciones escolares, familiares de ca\u00eddos en Malvinas, y Veteranos de Guerra.<\/p>\n<p>Habr\u00e1 una ofrenda floral en recordaci\u00f3n a los ca\u00eddos en Malvinas a cargo de Aurelia Muller de Monz\u00f3n (Madre del Cabo Julio C\u00e9sar Monz\u00f3n) y se descubrir\u00e1n placas recordatorias.<\/p>\n<p>La banda de Polic\u00eda de Entre R\u00edos interpretar\u00e1 finalmente la marcha de Malvinas.<\/p>\n<p>Fuente: UNO.<\/p>\n","protected":false},"excerpt":{"rendered":"<p>El acto oficial se realizar&aacute; a partir de las 11 en el Monumento al Soldado de Malvinas. El gobernador realizar&aacute; en la ciudad del centro de la provincia una reuni&oacute;n de gabinete ampliado. &nbsp; El gobernador Sergio Urribarri encabezar&aacute; el martes en Nogoy&aacute; el acto oficial en conmemoraci&oacute;n del &laquo;D&iacute;a del Veterano y de los [&hellip;]<\/p>\n","protected":false},"author":2,"featured_media":0,"comment_status":"open","ping_status":"open","sticky":false,"template":"","format":"standard","meta":{"fifu_image_url":"","fifu_image_alt":"","footnotes":""},"categories":[6,16],"tags":[],"class_list":{"0":"post-704","1":"post","2":"type-post","3":"status-publish","4":"format-standard","6":"category-entre-rios","7":"category-politi"},"yoast_head":"<title>Urribarri presidir\u00e1 en Nogoy\u00e1 el acto central por el aniversario de la gesta de Malvinas  - Informe Litoral<\/title>\n<meta name=\"robots\" content=\"index, follow, max-snippet:-1, max-image-preview:large, max-video-preview:-1\" \/>\n<link rel=\"canonical\" href=\"https:\/\/informelitoral.com.ar\/urribarri-presidira-en-nogoya-el-acto-central-por-el-aniversario-de-la-gesta-de-malvinas\/\" \/>\n<meta property=\"og:locale\" content=\"es_ES\" \/>\n<meta property=\"og:type\" content=\"article\" \/>\n<meta property=\"og:title\" content=\"Urribarri presidir\u00e1 en Nogoy\u00e1 el acto central por el aniversario de la gesta de Malvinas  - Informe Litoral\" \/>\n<meta property=\"og:description\" content=\"El acto oficial se realizar&aacute; a partir de las 11 en el Monumento al Soldado de Malvinas. El gobernador realizar&aacute; en la ciudad del centro de la provincia una reuni&oacute;n de gabinete ampliado. &nbsp; El gobernador Sergio Urribarri encabezar&aacute; el martes en Nogoy&aacute; el acto oficial en conmemoraci&oacute;n del &laquo;D&iacute;a del Veterano y de los [&hellip;]\" \/>\n<meta property=\"og:url\" content=\"https:\/\/informelitoral.com.ar\/urribarri-presidira-en-nogoya-el-acto-central-por-el-aniversario-de-la-gesta-de-malvinas\/\" \/>\n<meta property=\"og:site_name\" content=\"Informe Litoral\" \/>\n<meta property=\"article:publisher\" content=\"https:\/\/www.facebook.com\/informelitoral\/\" \/>\n<meta property=\"article:published_time\" content=\"2013-04-02T12:35:28+00:00\" \/>\n<meta property=\"og:image\" content=\"https:\/\/informelitoral.com.ar\/%77%70%2d%63%6f%6e%74%65%6e%74\/uploads\/2013\/04\/urribarri.jpg_869080375.jpg\" \/>\n\t<meta property=\"og:image:width\" content=\"624\" \/>\n\t<meta property=\"og:image:height\" content=\"468\" \/>\n\t<meta property=\"og:image:type\" content=\"image\/jpeg\" \/>\n<meta name=\"author\" content=\"Gonzalo Schmidt\" \/>\n<meta name=\"twitter:card\" content=\"summary_large_image\" \/>\n<meta name=\"twitter:creator\" content=\"@InformeLitoral\" \/>\n<meta name=\"twitter:site\" content=\"@InformeLitoral\" \/>\n<meta name=\"twitter:label1\" content=\"Escrito por\" \/>\n\t<meta name=\"twitter:data1\" content=\"Gonzalo Schmidt\" \/>\n\t<meta name=\"twitter:label2\" content=\"Tiempo de lectura\" \/>\n\t<meta name=\"twitter:data2\" content=\"2 minutos\" \/>\n<script type=\"application\/ld+json\" class=\"yoast-schema-graph\">{\"@context\":\"https:\\\/\\\/schema.org\",\"@graph\":[{\"@type\":\"Article\",\"@id\":\"https:\\\/\\\/informelitoral.com.ar\\\/urribarri-presidira-en-nogoya-el-acto-central-por-el-aniversario-de-la-gesta-de-malvinas\\\/#article\",\"isPartOf\":{\"@id\":\"https:\\\/\\\/informelitoral.com.ar\\\/urribarri-presidira-en-nogoya-el-acto-central-por-el-aniversario-de-la-gesta-de-malvinas\\\/\"},\"author\":{\"name\":\"Gonzalo Schmidt\",\"@id\":\"https:\\\/\\\/informelitoral.com.ar\\\/#\\\/schema\\\/person\\\/b9d00407c836482871ef1d57bf8e3180\"},\"headline\":\"Urribarri presidir\u00e1 en Nogoy\u00e1 el acto central por el aniversario de la gesta de Malvinas\",\"datePublished\":\"2013-04-02T12:35:28+00:00\",\"mainEntityOfPage\":{\"@id\":\"https:\\\/\\\/informelitoral.com.ar\\\/urribarri-presidira-en-nogoya-el-acto-central-por-el-aniversario-de-la-gesta-de-malvinas\\\/\"},\"wordCount\":386,\"commentCount\":0,\"publisher\":{\"@id\":\"https:\\\/\\\/informelitoral.com.ar\\\/#organization\"},\"image\":{\"@id\":\"https:\\\/\\\/informelitoral.com.ar\\\/urribarri-presidira-en-nogoya-el-acto-central-por-el-aniversario-de-la-gesta-de-malvinas\\\/#primaryimage\"},\"thumbnailUrl\":\"http:\\\/\\\/www.isletasnoticias.com.ar\\\/%77%70%2d%63%6f%6e%74%65%6e%74\\\/uploads\\\/2013\\\/04\\\/urribarri.jpg_869080375-300x225.jpg\",\"articleSection\":[\"Entre R\u00edos\",\"Politica\"],\"inLanguage\":\"es\",\"potentialAction\":[{\"@type\":\"CommentAction\",\"name\":\"Comment\",\"target\":[\"https:\\\/\\\/informelitoral.com.ar\\\/urribarri-presidira-en-nogoya-el-acto-central-por-el-aniversario-de-la-gesta-de-malvinas\\\/#respond\"]}]},{\"@type\":\"WebPage\",\"@id\":\"https:\\\/\\\/informelitoral.com.ar\\\/urribarri-presidira-en-nogoya-el-acto-central-por-el-aniversario-de-la-gesta-de-malvinas\\\/\",\"url\":\"https:\\\/\\\/informelitoral.com.ar\\\/urribarri-presidira-en-nogoya-el-acto-central-por-el-aniversario-de-la-gesta-de-malvinas\\\/\",\"name\":\"Urribarri presidir\u00e1 en Nogoy\u00e1 el acto central por el aniversario de la gesta de Malvinas - Informe Litoral\",\"isPartOf\":{\"@id\":\"https:\\\/\\\/informelitoral.com.ar\\\/#website\"},\"primaryImageOfPage\":{\"@id\":\"https:\\\/\\\/informelitoral.com.ar\\\/urribarri-presidira-en-nogoya-el-acto-central-por-el-aniversario-de-la-gesta-de-malvinas\\\/#primaryimage\"},\"image\":{\"@id\":\"https:\\\/\\\/informelitoral.com.ar\\\/urribarri-presidira-en-nogoya-el-acto-central-por-el-aniversario-de-la-gesta-de-malvinas\\\/#primaryimage\"},\"thumbnailUrl\":\"http:\\\/\\\/www.isletasnoticias.com.ar\\\/%77%70%2d%63%6f%6e%74%65%6e%74\\\/uploads\\\/2013\\\/04\\\/urribarri.jpg_869080375-300x225.jpg\",\"datePublished\":\"2013-04-02T12:35:28+00:00\",\"breadcrumb\":{\"@id\":\"https:\\\/\\\/informelitoral.com.ar\\\/urribarri-presidira-en-nogoya-el-acto-central-por-el-aniversario-de-la-gesta-de-malvinas\\\/#breadcrumb\"},\"inLanguage\":\"es\",\"potentialAction\":[{\"@type\":\"ReadAction\",\"target\":[\"https:\\\/\\\/informelitoral.com.ar\\\/urribarri-presidira-en-nogoya-el-acto-central-por-el-aniversario-de-la-gesta-de-malvinas\\\/\"]}]},{\"@type\":\"ImageObject\",\"inLanguage\":\"es\",\"@id\":\"https:\\\/\\\/informelitoral.com.ar\\\/urribarri-presidira-en-nogoya-el-acto-central-por-el-aniversario-de-la-gesta-de-malvinas\\\/#primaryimage\",\"url\":\"http:\\\/\\\/www.isletasnoticias.com.ar\\\/%77%70%2d%63%6f%6e%74%65%6e%74\\\/uploads\\\/2013\\\/04\\\/urribarri.jpg_869080375-300x225.jpg\",\"contentUrl\":\"http:\\\/\\\/www.isletasnoticias.com.ar\\\/%77%70%2d%63%6f%6e%74%65%6e%74\\\/uploads\\\/2013\\\/04\\\/urribarri.jpg_869080375-300x225.jpg\"},{\"@type\":\"BreadcrumbList\",\"@id\":\"https:\\\/\\\/informelitoral.com.ar\\\/urribarri-presidira-en-nogoya-el-acto-central-por-el-aniversario-de-la-gesta-de-malvinas\\\/#breadcrumb\",\"itemListElement\":[{\"@type\":\"ListItem\",\"position\":1,\"name\":\"Portada\",\"item\":\"https:\\\/\\\/informelitoral.com.ar\\\/\"},{\"@type\":\"ListItem\",\"position\":2,\"name\":\"Urribarri presidir\u00e1 en Nogoy\u00e1 el acto central por el aniversario de la gesta de Malvinas\"}]},{\"@type\":\"WebSite\",\"@id\":\"https:\\\/\\\/informelitoral.com.ar\\\/#website\",\"url\":\"https:\\\/\\\/informelitoral.com.ar\\\/\",\"name\":\"Informe Litoral\",\"description\":\"&quot;Nos informamos&quot; \",\"publisher\":{\"@id\":\"https:\\\/\\\/informelitoral.com.ar\\\/#organization\"},\"potentialAction\":[{\"@type\":\"SearchAction\",\"target\":{\"@type\":\"EntryPoint\",\"urlTemplate\":\"https:\\\/\\\/informelitoral.com.ar\\\/?s={search_term_string}\"},\"query-input\":{\"@type\":\"PropertyValueSpecification\",\"valueRequired\":true,\"valueName\":\"search_term_string\"}}],\"inLanguage\":\"es\"},{\"@type\":\"Organization\",\"@id\":\"https:\\\/\\\/informelitoral.com.ar\\\/#organization\",\"name\":\"Informe Litoral\",\"url\":\"https:\\\/\\\/informelitoral.com.ar\\\/\",\"logo\":{\"@type\":\"ImageObject\",\"inLanguage\":\"es\",\"@id\":\"https:\\\/\\\/informelitoral.com.ar\\\/#\\\/schema\\\/logo\\\/image\\\/\",\"url\":\"https:\\\/\\\/informelitoral.com.ar\\\/%77%70%2d%63%6f%6e%74%65%6e%74\\\/uploads\\\/2021\\\/01\\\/circulo.png\",\"contentUrl\":\"https:\\\/\\\/informelitoral.com.ar\\\/%77%70%2d%63%6f%6e%74%65%6e%74\\\/uploads\\\/2021\\\/01\\\/circulo.png\",\"width\":723,\"height\":731,\"caption\":\"Informe Litoral\"},\"image\":{\"@id\":\"https:\\\/\\\/informelitoral.com.ar\\\/#\\\/schema\\\/logo\\\/image\\\/\"},\"sameAs\":[\"https:\\\/\\\/www.facebook.com\\\/informelitoral\\\/\",\"https:\\\/\\\/x.com\\\/InformeLitoral\",\"https:\\\/\\\/www.instagram.com\\\/informelitoral\\\/\",\"https:\\\/\\\/www.youtube.com\\\/channel\\\/UCua4Qvz8Icb6MYqhoq9xLXw\"]},{\"@type\":\"Person\",\"@id\":\"https:\\\/\\\/informelitoral.com.ar\\\/#\\\/schema\\\/person\\\/b9d00407c836482871ef1d57bf8e3180\",\"name\":\"Gonzalo Schmidt\",\"image\":{\"@type\":\"ImageObject\",\"inLanguage\":\"es\",\"@id\":\"https:\\\/\\\/secure.gravatar.com\\\/avatar\\\/31a1a7b66ff2de83bd0e9fd79d026630d2d99e55e8bfe501287647b4fd9743de?s=96&d=mm&r=g\",\"url\":\"https:\\\/\\\/secure.gravatar.com\\\/avatar\\\/31a1a7b66ff2de83bd0e9fd79d026630d2d99e55e8bfe501287647b4fd9743de?s=96&d=mm&r=g\",\"contentUrl\":\"https:\\\/\\\/secure.gravatar.com\\\/avatar\\\/31a1a7b66ff2de83bd0e9fd79d026630d2d99e55e8bfe501287647b4fd9743de?s=96&d=mm&r=g\",\"caption\":\"Gonzalo Schmidt\"},\"description\":\"Sitio web de noticias de la provincia de Entre R\u00edos, Argentina. Informaci\u00f3n y entretenimiento. Informe Litoral, nos informamos.\",\"sameAs\":[\"http:\\\/\\\/www.isletasnoticias.com.ar\"],\"url\":\"https:\\\/\\\/informelitoral.com.ar\\\/author\\\/gonzalo\\\/\"}]}<\/script>","yoast_head_json":{"title":"Urribarri presidir\u00e1 en Nogoy\u00e1 el acto central por el aniversario de la gesta de Malvinas  - Informe Litoral","robots":{"index":"index","follow":"follow","max-snippet":"max-snippet:-1","max-image-preview":"max-image-preview:large","max-video-preview":"max-video-preview:-1"},"canonical":"https:\/\/informelitoral.com.ar\/urribarri-presidira-en-nogoya-el-acto-central-por-el-aniversario-de-la-gesta-de-malvinas\/","og_locale":"es_ES","og_type":"article","og_title":"Urribarri presidir\u00e1 en Nogoy\u00e1 el acto central por el aniversario de la gesta de Malvinas  - Informe Litoral","og_description":"El acto oficial se realizar&aacute; a partir de las 11 en el Monumento al Soldado de Malvinas. El gobernador realizar&aacute; en la ciudad del centro de la provincia una reuni&oacute;n de gabinete ampliado. &nbsp; El gobernador Sergio Urribarri encabezar&aacute; el martes en Nogoy&aacute; el acto oficial en conmemoraci&oacute;n del &laquo;D&iacute;a del Veterano y de los [&hellip;]","og_url":"https:\/\/informelitoral.com.ar\/urribarri-presidira-en-nogoya-el-acto-central-por-el-aniversario-de-la-gesta-de-malvinas\/","og_site_name":"Informe Litoral","article_publisher":"https:\/\/www.facebook.com\/informelitoral\/","article_published_time":"2013-04-02T12:35:28+00:00","og_image":[{"width":624,"height":468,"url":"https:\/\/informelitoral.com.ar\/%77%70%2d%63%6f%6e%74%65%6e%74\/uploads\/2013\/04\/urribarri.jpg_869080375.jpg","type":"image\/jpeg"}],"author":"Gonzalo Schmidt","twitter_card":"summary_large_image","twitter_creator":"@InformeLitoral","twitter_site":"@InformeLitoral","twitter_misc":{"Escrito por":"Gonzalo Schmidt","Tiempo de lectura":"2 minutos"},"schema":{"@context":"https:\/\/schema.org","@graph":[{"@type":"Article","@id":"https:\/\/informelitoral.com.ar\/urribarri-presidira-en-nogoya-el-acto-central-por-el-aniversario-de-la-gesta-de-malvinas\/#article","isPartOf":{"@id":"https:\/\/informelitoral.com.ar\/urribarri-presidira-en-nogoya-el-acto-central-por-el-aniversario-de-la-gesta-de-malvinas\/"},"author":{"name":"Gonzalo Schmidt","@id":"https:\/\/informelitoral.com.ar\/#\/schema\/person\/b9d00407c836482871ef1d57bf8e3180"},"headline":"Urribarri presidir\u00e1 en Nogoy\u00e1 el acto central por el aniversario de la gesta de Malvinas","datePublished":"2013-04-02T12:35:28+00:00","mainEntityOfPage":{"@id":"https:\/\/informelitoral.com.ar\/urribarri-presidira-en-nogoya-el-acto-central-por-el-aniversario-de-la-gesta-de-malvinas\/"},"wordCount":386,"commentCount":0,"publisher":{"@id":"https:\/\/informelitoral.com.ar\/#organization"},"image":{"@id":"https:\/\/informelitoral.com.ar\/urribarri-presidira-en-nogoya-el-acto-central-por-el-aniversario-de-la-gesta-de-malvinas\/#primaryimage"},"thumbnailUrl":"http:\/\/www.isletasnoticias.com.ar\/%77%70%2d%63%6f%6e%74%65%6e%74\/uploads\/2013\/04\/urribarri.jpg_869080375-300x225.jpg","articleSection":["Entre R\u00edos","Politica"],"inLanguage":"es","potentialAction":[{"@type":"CommentAction","name":"Comment","target":["https:\/\/informelitoral.com.ar\/urribarri-presidira-en-nogoya-el-acto-central-por-el-aniversario-de-la-gesta-de-malvinas\/#respond"]}]},{"@type":"WebPage","@id":"https:\/\/informelitoral.com.ar\/urribarri-presidira-en-nogoya-el-acto-central-por-el-aniversario-de-la-gesta-de-malvinas\/","url":"https:\/\/informelitoral.com.ar\/urribarri-presidira-en-nogoya-el-acto-central-por-el-aniversario-de-la-gesta-de-malvinas\/","name":"Urribarri presidir\u00e1 en Nogoy\u00e1 el acto central por el aniversario de la gesta de Malvinas - Informe Litoral","isPartOf":{"@id":"https:\/\/informelitoral.com.ar\/#website"},"primaryImageOfPage":{"@id":"https:\/\/informelitoral.com.ar\/urribarri-presidira-en-nogoya-el-acto-central-por-el-aniversario-de-la-gesta-de-malvinas\/#primaryimage"},"image":{"@id":"https:\/\/informelitoral.com.ar\/urribarri-presidira-en-nogoya-el-acto-central-por-el-aniversario-de-la-gesta-de-malvinas\/#primaryimage"},"thumbnailUrl":"http:\/\/www.isletasnoticias.com.ar\/%77%70%2d%63%6f%6e%74%65%6e%74\/uploads\/2013\/04\/urribarri.jpg_869080375-300x225.jpg","datePublished":"2013-04-02T12:35:28+00:00","breadcrumb":{"@id":"https:\/\/informelitoral.com.ar\/urribarri-presidira-en-nogoya-el-acto-central-por-el-aniversario-de-la-gesta-de-malvinas\/#breadcrumb"},"inLanguage":"es","potentialAction":[{"@type":"ReadAction","target":["https:\/\/informelitoral.com.ar\/urribarri-presidira-en-nogoya-el-acto-central-por-el-aniversario-de-la-gesta-de-malvinas\/"]}]},{"@type":"ImageObject","inLanguage":"es","@id":"https:\/\/informelitoral.com.ar\/urribarri-presidira-en-nogoya-el-acto-central-por-el-aniversario-de-la-gesta-de-malvinas\/#primaryimage","url":"http:\/\/www.isletasnoticias.com.ar\/%77%70%2d%63%6f%6e%74%65%6e%74\/uploads\/2013\/04\/urribarri.jpg_869080375-300x225.jpg","contentUrl":"http:\/\/www.isletasnoticias.com.ar\/%77%70%2d%63%6f%6e%74%65%6e%74\/uploads\/2013\/04\/urribarri.jpg_869080375-300x225.jpg"},{"@type":"BreadcrumbList","@id":"https:\/\/informelitoral.com.ar\/urribarri-presidira-en-nogoya-el-acto-central-por-el-aniversario-de-la-gesta-de-malvinas\/#breadcrumb","itemListElement":[{"@type":"ListItem","position":1,"name":"Portada","item":"https:\/\/informelitoral.com.ar\/"},{"@type":"ListItem","position":2,"name":"Urribarri presidir\u00e1 en Nogoy\u00e1 el acto central por el aniversario de la gesta de Malvinas"}]},{"@type":"WebSite","@id":"https:\/\/informelitoral.com.ar\/#website","url":"https:\/\/informelitoral.com.ar\/","name":"Informe Litoral","description":"&quot;Nos informamos&quot; ","publisher":{"@id":"https:\/\/informelitoral.com.ar\/#organization"},"potentialAction":[{"@type":"SearchAction","target":{"@type":"EntryPoint","urlTemplate":"https:\/\/informelitoral.com.ar\/?s={search_term_string}"},"query-input":{"@type":"PropertyValueSpecification","valueRequired":true,"valueName":"search_term_string"}}],"inLanguage":"es"},{"@type":"Organization","@id":"https:\/\/informelitoral.com.ar\/#organization","name":"Informe Litoral","url":"https:\/\/informelitoral.com.ar\/","logo":{"@type":"ImageObject","inLanguage":"es","@id":"https:\/\/informelitoral.com.ar\/#\/schema\/logo\/image\/","url":"https:\/\/informelitoral.com.ar\/%77%70%2d%63%6f%6e%74%65%6e%74\/uploads\/2021\/01\/circulo.png","contentUrl":"https:\/\/informelitoral.com.ar\/%77%70%2d%63%6f%6e%74%65%6e%74\/uploads\/2021\/01\/circulo.png","width":723,"height":731,"caption":"Informe Litoral"},"image":{"@id":"https:\/\/informelitoral.com.ar\/#\/schema\/logo\/image\/"},"sameAs":["https:\/\/www.facebook.com\/informelitoral\/","https:\/\/x.com\/InformeLitoral","https:\/\/www.instagram.com\/informelitoral\/","https:\/\/www.youtube.com\/channel\/UCua4Qvz8Icb6MYqhoq9xLXw"]},{"@type":"Person","@id":"https:\/\/informelitoral.com.ar\/#\/schema\/person\/b9d00407c836482871ef1d57bf8e3180","name":"Gonzalo Schmidt","image":{"@type":"ImageObject","inLanguage":"es","@id":"https:\/\/secure.gravatar.com\/avatar\/31a1a7b66ff2de83bd0e9fd79d026630d2d99e55e8bfe501287647b4fd9743de?s=96&d=mm&r=g","url":"https:\/\/secure.gravatar.com\/avatar\/31a1a7b66ff2de83bd0e9fd79d026630d2d99e55e8bfe501287647b4fd9743de?s=96&d=mm&r=g","contentUrl":"https:\/\/secure.gravatar.com\/avatar\/31a1a7b66ff2de83bd0e9fd79d026630d2d99e55e8bfe501287647b4fd9743de?s=96&d=mm&r=g","caption":"Gonzalo Schmidt"},"description":"Sitio web de noticias de la provincia de Entre R\u00edos, Argentina. Informaci\u00f3n y entretenimiento. Informe Litoral, nos informamos.","sameAs":["http:\/\/www.isletasnoticias.com.ar"],"url":"https:\/\/informelitoral.com.ar\/author\/gonzalo\/"}]}},"_links":{"self":[{"href":"https:\/\/informelitoral.com.ar\/%77%70%2d%6a%73%6f%6e\/wp\/v2\/posts\/704","targetHints":{"allow":["GET"]}}],"collection":[{"href":"https:\/\/informelitoral.com.ar\/%77%70%2d%6a%73%6f%6e\/wp\/v2\/posts"}],"about":[{"href":"https:\/\/informelitoral.com.ar\/%77%70%2d%6a%73%6f%6e\/wp\/v2\/types\/post"}],"author":[{"embeddable":true,"href":"https:\/\/informelitoral.com.ar\/%77%70%2d%6a%73%6f%6e\/wp\/v2\/users\/2"}],"replies":[{"embeddable":true,"href":"https:\/\/informelitoral.com.ar\/%77%70%2d%6a%73%6f%6e\/wp\/v2\/comments?post=704"}],"version-history":[{"count":0,"href":"https:\/\/informelitoral.com.ar\/%77%70%2d%6a%73%6f%6e\/wp\/v2\/posts\/704\/revisions"}],"wp:attachment":[{"href":"https:\/\/informelitoral.com.ar\/%77%70%2d%6a%73%6f%6e\/wp\/v2\/media?parent=704"}],"wp:term":[{"taxonomy":"category","embeddable":true,"href":"https:\/\/informelitoral.com.ar\/%77%70%2d%6a%73%6f%6e\/wp\/v2\/categories?post=704"},{"taxonomy":"post_tag","embeddable":true,"href":"https:\/\/informelitoral.com.ar\/%77%70%2d%6a%73%6f%6e\/wp\/v2\/tags?post=704"}],"curies":[{"name":"wp","href":"https:\/\/api.w.org\/{rel}","templated":true}]}}