{"id":70393,"date":"2022-01-17T08:57:26","date_gmt":"2022-01-17T11:57:26","guid":{"rendered":"https:\/\/www.informelitoral.com.ar\/?p=70393"},"modified":"2022-01-17T08:57:26","modified_gmt":"2022-01-17T11:57:26","slug":"covid-de-las-51-muertes-en-el-pais-6-fueron-en-entre-rios","status":"publish","type":"post","link":"https:\/\/informelitoral.com.ar\/covid-de-las-51-muertes-en-el-pais-6-fueron-en-entre-rios\/","title":{"rendered":"Covid: de las 51 muertes en el pa\u00eds, 6 fueron en Entre R\u00edos"},"content":{"rendered":"<div class=\"news-body-main\">\n<div id=\"note-body\" data-twitter-link=\"https:\/\/twitter.com\/intent\/tweet?url=https:\/\/www.unoentrerios.com.ar\/c2707072&amp;via=&amp;related=Uno Entre Rios&amp;text=\">\n<p>En la tarde de este domingo, se difundi\u00f3 el informe epidemiol\u00f3gico de\u00a0<strong>Covid<\/strong>, por parte del Ministerio de Salud de la Naci\u00f3n. Se reportaron 65.241\u00a0<strong>casos<\/strong>\u00a0y 51 muertes. En tanto, en Entre R\u00edos, contabilizaron en las \u00faltimas 24 horas, 762\u00a0<strong>contagios<\/strong>\u00a0y seis fallecimientos.<\/p>\n<\/div>\n<\/div>\n<div class=\"news-body-main\">\n<div id=\"note-body\" data-twitter-link=\"https:\/\/twitter.com\/intent\/tweet?url=https:\/\/www.unoentrerios.com.ar\/c2707072&amp;via=&amp;related=Uno Entre Rios&amp;text=\">\n<p>El reporte del Ministerio de Salud confirm\u00f3 65.241 nuevos contagios en las \u00faltimas 24 horas. Con estos registros, suman 7.094.865 casos desde que comenz\u00f3 la pandemia. Adem\u00e1s, se registraron 51 nuevas muertes de pacientes con coronavirus lo que eleva la cifra de v\u00edctimas mortales en el pa\u00eds a 118.040.<\/p>\n<div class=\"teads-adCall\"><\/div>\n<\/div>\n<\/div>\n<div class=\"news-body-main\">\n<div id=\"note-body\" data-twitter-link=\"https:\/\/twitter.com\/intent\/tweet?url=https:\/\/www.unoentrerios.com.ar\/c2707072&amp;via=&amp;related=Uno Entre Rios&amp;text=\">\n<p>Entre los decesos, 21 son hombres y 30 mujeres. Las provincias que m\u00e1s decesos reportaron fueron C\u00f3rdoba con 16 y\u00a0<strong>Entre R\u00edos con 6 fallecidos<\/strong>, respectivamente.<\/p>\n<p>En cuanto al AMBA, en la provincia de Buenos Aires se detectaron 22.117 contagios y en la Ciudad de Buenos Aires, 12.190 casos positivos.<\/p>\n<p>En el d\u00eda fueron realizados 106.993 tests y desde el inicio del brote se practicaron 30.511.664 pruebas diagn\u00f3sticas para esta enfermedad.<\/p>\n<p>Hay por el momento 2.036 personas internadas en Unidades de Terapia Intensiva: las camas de UTI est\u00e1n ocupadas en un 42,4 por ciento a nivel nacional y en un 42,1 por ciento en el \u00c1rea Metropolitana de Buenos Aires.<\/p>\n<p><strong>Provincias<\/strong><\/p>\n<p>Para el resto del pa\u00eds, los n\u00fameros fueron los siguientes: Catamarca 781, contagios, Chaco 950, Chubut 495, Corrientes 280, C\u00f3rdoba 7.647,\u00a0<strong>Entre R\u00edos 762<\/strong>, Formosa 1.261, Jujuy 1.200, La Pampa 417, La Rioja 209, Mendoza 1.583, Misiones 445, Neuqu\u00e9n 605, R\u00edo Negro 435, Salta 1.332, San Juan 3.066, San Luis 1.948, Santa Cruz 459, Santa Fe 3.955, Santiago del Estero 823, Tierra del Fuego 190 y Tucum\u00e1n 2.091.<\/p>\n<\/div>\n<\/div>\n","protected":false},"excerpt":{"rendered":"<p>El informe de Salud de la Naci\u00f3n, estableci\u00f3 que hubo 65.241 casos, en tanto que en Entre R\u00edos, se reportaron 762 contagios por Covid.<\/p>\n","protected":false},"author":8,"featured_media":70394,"comment_status":"open","ping_status":"open","sticky":false,"template":"","format":"standard","meta":{"fifu_image_url":"","fifu_image_alt":"","footnotes":""},"categories":[1595],"tags":[2226,1481,81,2011],"class_list":{"0":"post-70393","1":"post","2":"type-post","3":"status-publish","4":"format-standard","5":"has-post-thumbnail","7":"category-salud","8":"tag-casos","9":"tag-covid-19","10":"tag-entre-rios","11":"tag-muertes"},"yoast_head":"<title>Covid: de las 51 muertes en el pa\u00eds, 6 fueron en Entre R\u00edos - Informe Litoral<\/title>\n<meta name=\"robots\" content=\"index, follow, max-snippet:-1, max-image-preview:large, max-video-preview:-1\" \/>\n<link rel=\"canonical\" href=\"https:\/\/informelitoral.com.ar\/covid-de-las-51-muertes-en-el-pais-6-fueron-en-entre-rios\/\" \/>\n<meta property=\"og:locale\" content=\"es_ES\" \/>\n<meta property=\"og:type\" content=\"article\" \/>\n<meta property=\"og:title\" content=\"Covid: de las 51 muertes en el pa\u00eds, 6 fueron en Entre R\u00edos - Informe Litoral\" \/>\n<meta property=\"og:description\" content=\"El informe de Salud de la Naci\u00f3n, estableci\u00f3 que hubo 65.241 casos, en tanto que en Entre R\u00edos, se reportaron 762 contagios por Covid.\" \/>\n<meta property=\"og:url\" content=\"https:\/\/informelitoral.com.ar\/covid-de-las-51-muertes-en-el-pais-6-fueron-en-entre-rios\/\" \/>\n<meta property=\"og:site_name\" content=\"Informe Litoral\" \/>\n<meta property=\"article:publisher\" content=\"https:\/\/www.facebook.com\/informelitoral\/\" \/>\n<meta property=\"article:published_time\" content=\"2022-01-17T11:57:26+00:00\" \/>\n<meta property=\"og:image\" content=\"https:\/\/informelitoral.com.ar\/%77%70%2d%63%6f%6e%74%65%6e%74\/uploads\/2022\/01\/thumbs_b_c_687aaae7fd31bbfac0ac2eb47c84bfba.jpg\" \/>\n\t<meta property=\"og:image:width\" content=\"864\" \/>\n\t<meta property=\"og:image:height\" content=\"486\" \/>\n\t<meta property=\"og:image:type\" content=\"image\/jpeg\" \/>\n<meta name=\"author\" content=\"Sebastian\" \/>\n<meta name=\"twitter:card\" content=\"summary_large_image\" \/>\n<meta name=\"twitter:creator\" content=\"@InformeLitoral\" \/>\n<meta name=\"twitter:site\" content=\"@InformeLitoral\" \/>\n<meta name=\"twitter:label1\" content=\"Escrito por\" \/>\n\t<meta name=\"twitter:data1\" content=\"Sebastian\" \/>\n\t<meta name=\"twitter:label2\" content=\"Tiempo de lectura\" \/>\n\t<meta name=\"twitter:data2\" content=\"1 minuto\" \/>\n<script type=\"application\/ld+json\" class=\"yoast-schema-graph\">{\"@context\":\"https:\\\/\\\/schema.org\",\"@graph\":[{\"@type\":\"Article\",\"@id\":\"https:\\\/\\\/informelitoral.com.ar\\\/covid-de-las-51-muertes-en-el-pais-6-fueron-en-entre-rios\\\/#article\",\"isPartOf\":{\"@id\":\"https:\\\/\\\/informelitoral.com.ar\\\/covid-de-las-51-muertes-en-el-pais-6-fueron-en-entre-rios\\\/\"},\"author\":{\"name\":\"Sebastian\",\"@id\":\"https:\\\/\\\/informelitoral.com.ar\\\/#\\\/schema\\\/person\\\/f05f9f461677119578717524b127d6d5\"},\"headline\":\"Covid: de las 51 muertes en el pa\u00eds, 6 fueron en Entre R\u00edos\",\"datePublished\":\"2022-01-17T11:57:26+00:00\",\"mainEntityOfPage\":{\"@id\":\"https:\\\/\\\/informelitoral.com.ar\\\/covid-de-las-51-muertes-en-el-pais-6-fueron-en-entre-rios\\\/\"},\"wordCount\":263,\"commentCount\":0,\"publisher\":{\"@id\":\"https:\\\/\\\/informelitoral.com.ar\\\/#organization\"},\"image\":{\"@id\":\"https:\\\/\\\/informelitoral.com.ar\\\/covid-de-las-51-muertes-en-el-pais-6-fueron-en-entre-rios\\\/#primaryimage\"},\"thumbnailUrl\":\"https:\\\/\\\/informelitoral.com.ar\\\/%77%70%2d%63%6f%6e%74%65%6e%74\\\/uploads\\\/2022\\\/01\\\/thumbs_b_c_687aaae7fd31bbfac0ac2eb47c84bfba.jpg\",\"keywords\":[\"Casos\",\"COVID-19\",\"Entre R\u00edos\",\"Muertes\"],\"articleSection\":[\"Salud\"],\"inLanguage\":\"es\",\"potentialAction\":[{\"@type\":\"CommentAction\",\"name\":\"Comment\",\"target\":[\"https:\\\/\\\/informelitoral.com.ar\\\/covid-de-las-51-muertes-en-el-pais-6-fueron-en-entre-rios\\\/#respond\"]}]},{\"@type\":\"WebPage\",\"@id\":\"https:\\\/\\\/informelitoral.com.ar\\\/covid-de-las-51-muertes-en-el-pais-6-fueron-en-entre-rios\\\/\",\"url\":\"https:\\\/\\\/informelitoral.com.ar\\\/covid-de-las-51-muertes-en-el-pais-6-fueron-en-entre-rios\\\/\",\"name\":\"Covid: de las 51 muertes en el pa\u00eds, 6 fueron en Entre R\u00edos - Informe Litoral\",\"isPartOf\":{\"@id\":\"https:\\\/\\\/informelitoral.com.ar\\\/#website\"},\"primaryImageOfPage\":{\"@id\":\"https:\\\/\\\/informelitoral.com.ar\\\/covid-de-las-51-muertes-en-el-pais-6-fueron-en-entre-rios\\\/#primaryimage\"},\"image\":{\"@id\":\"https:\\\/\\\/informelitoral.com.ar\\\/covid-de-las-51-muertes-en-el-pais-6-fueron-en-entre-rios\\\/#primaryimage\"},\"thumbnailUrl\":\"https:\\\/\\\/informelitoral.com.ar\\\/%77%70%2d%63%6f%6e%74%65%6e%74\\\/uploads\\\/2022\\\/01\\\/thumbs_b_c_687aaae7fd31bbfac0ac2eb47c84bfba.jpg\",\"datePublished\":\"2022-01-17T11:57:26+00:00\",\"breadcrumb\":{\"@id\":\"https:\\\/\\\/informelitoral.com.ar\\\/covid-de-las-51-muertes-en-el-pais-6-fueron-en-entre-rios\\\/#breadcrumb\"},\"inLanguage\":\"es\",\"potentialAction\":[{\"@type\":\"ReadAction\",\"target\":[\"https:\\\/\\\/informelitoral.com.ar\\\/covid-de-las-51-muertes-en-el-pais-6-fueron-en-entre-rios\\\/\"]}]},{\"@type\":\"ImageObject\",\"inLanguage\":\"es\",\"@id\":\"https:\\\/\\\/informelitoral.com.ar\\\/covid-de-las-51-muertes-en-el-pais-6-fueron-en-entre-rios\\\/#primaryimage\",\"url\":\"https:\\\/\\\/informelitoral.com.ar\\\/%77%70%2d%63%6f%6e%74%65%6e%74\\\/uploads\\\/2022\\\/01\\\/thumbs_b_c_687aaae7fd31bbfac0ac2eb47c84bfba.jpg\",\"contentUrl\":\"https:\\\/\\\/informelitoral.com.ar\\\/%77%70%2d%63%6f%6e%74%65%6e%74\\\/uploads\\\/2022\\\/01\\\/thumbs_b_c_687aaae7fd31bbfac0ac2eb47c84bfba.jpg\",\"width\":864,\"height\":486},{\"@type\":\"BreadcrumbList\",\"@id\":\"https:\\\/\\\/informelitoral.com.ar\\\/covid-de-las-51-muertes-en-el-pais-6-fueron-en-entre-rios\\\/#breadcrumb\",\"itemListElement\":[{\"@type\":\"ListItem\",\"position\":1,\"name\":\"Portada\",\"item\":\"https:\\\/\\\/informelitoral.com.ar\\\/\"},{\"@type\":\"ListItem\",\"position\":2,\"name\":\"Covid: de las 51 muertes en el pa\u00eds, 6 fueron en Entre R\u00edos\"}]},{\"@type\":\"WebSite\",\"@id\":\"https:\\\/\\\/informelitoral.com.ar\\\/#website\",\"url\":\"https:\\\/\\\/informelitoral.com.ar\\\/\",\"name\":\"Informe Litoral\",\"description\":\"&quot;Nos informamos&quot; \",\"publisher\":{\"@id\":\"https:\\\/\\\/informelitoral.com.ar\\\/#organization\"},\"potentialAction\":[{\"@type\":\"SearchAction\",\"target\":{\"@type\":\"EntryPoint\",\"urlTemplate\":\"https:\\\/\\\/informelitoral.com.ar\\\/?s={search_term_string}\"},\"query-input\":{\"@type\":\"PropertyValueSpecification\",\"valueRequired\":true,\"valueName\":\"search_term_string\"}}],\"inLanguage\":\"es\"},{\"@type\":\"Organization\",\"@id\":\"https:\\\/\\\/informelitoral.com.ar\\\/#organization\",\"name\":\"Informe Litoral\",\"url\":\"https:\\\/\\\/informelitoral.com.ar\\\/\",\"logo\":{\"@type\":\"ImageObject\",\"inLanguage\":\"es\",\"@id\":\"https:\\\/\\\/informelitoral.com.ar\\\/#\\\/schema\\\/logo\\\/image\\\/\",\"url\":\"https:\\\/\\\/informelitoral.com.ar\\\/%77%70%2d%63%6f%6e%74%65%6e%74\\\/uploads\\\/2021\\\/01\\\/circulo.png\",\"contentUrl\":\"https:\\\/\\\/informelitoral.com.ar\\\/%77%70%2d%63%6f%6e%74%65%6e%74\\\/uploads\\\/2021\\\/01\\\/circulo.png\",\"width\":723,\"height\":731,\"caption\":\"Informe Litoral\"},\"image\":{\"@id\":\"https:\\\/\\\/informelitoral.com.ar\\\/#\\\/schema\\\/logo\\\/image\\\/\"},\"sameAs\":[\"https:\\\/\\\/www.facebook.com\\\/informelitoral\\\/\",\"https:\\\/\\\/x.com\\\/InformeLitoral\",\"https:\\\/\\\/www.instagram.com\\\/informelitoral\\\/\",\"https:\\\/\\\/www.youtube.com\\\/channel\\\/UCua4Qvz8Icb6MYqhoq9xLXw\"]},{\"@type\":\"Person\",\"@id\":\"https:\\\/\\\/informelitoral.com.ar\\\/#\\\/schema\\\/person\\\/f05f9f461677119578717524b127d6d5\",\"name\":\"Sebastian\",\"image\":{\"@type\":\"ImageObject\",\"inLanguage\":\"es\",\"@id\":\"https:\\\/\\\/secure.gravatar.com\\\/avatar\\\/b71bf7481d447dfb9583c7f2798e7cc64de6efb9067b74633ed8c31059a3bd82?s=96&d=mm&r=g\",\"url\":\"https:\\\/\\\/secure.gravatar.com\\\/avatar\\\/b71bf7481d447dfb9583c7f2798e7cc64de6efb9067b74633ed8c31059a3bd82?s=96&d=mm&r=g\",\"contentUrl\":\"https:\\\/\\\/secure.gravatar.com\\\/avatar\\\/b71bf7481d447dfb9583c7f2798e7cc64de6efb9067b74633ed8c31059a3bd82?s=96&d=mm&r=g\",\"caption\":\"Sebastian\"},\"url\":\"https:\\\/\\\/informelitoral.com.ar\\\/author\\\/sebastian\\\/\"}]}<\/script>","yoast_head_json":{"title":"Covid: de las 51 muertes en el pa\u00eds, 6 fueron en Entre R\u00edos - Informe Litoral","robots":{"index":"index","follow":"follow","max-snippet":"max-snippet:-1","max-image-preview":"max-image-preview:large","max-video-preview":"max-video-preview:-1"},"canonical":"https:\/\/informelitoral.com.ar\/covid-de-las-51-muertes-en-el-pais-6-fueron-en-entre-rios\/","og_locale":"es_ES","og_type":"article","og_title":"Covid: de las 51 muertes en el pa\u00eds, 6 fueron en Entre R\u00edos - Informe Litoral","og_description":"El informe de Salud de la Naci\u00f3n, estableci\u00f3 que hubo 65.241 casos, en tanto que en Entre R\u00edos, se reportaron 762 contagios por Covid.","og_url":"https:\/\/informelitoral.com.ar\/covid-de-las-51-muertes-en-el-pais-6-fueron-en-entre-rios\/","og_site_name":"Informe Litoral","article_publisher":"https:\/\/www.facebook.com\/informelitoral\/","article_published_time":"2022-01-17T11:57:26+00:00","og_image":[{"width":864,"height":486,"url":"https:\/\/informelitoral.com.ar\/%77%70%2d%63%6f%6e%74%65%6e%74\/uploads\/2022\/01\/thumbs_b_c_687aaae7fd31bbfac0ac2eb47c84bfba.jpg","type":"image\/jpeg"}],"author":"Sebastian","twitter_card":"summary_large_image","twitter_creator":"@InformeLitoral","twitter_site":"@InformeLitoral","twitter_misc":{"Escrito por":"Sebastian","Tiempo de lectura":"1 minuto"},"schema":{"@context":"https:\/\/schema.org","@graph":[{"@type":"Article","@id":"https:\/\/informelitoral.com.ar\/covid-de-las-51-muertes-en-el-pais-6-fueron-en-entre-rios\/#article","isPartOf":{"@id":"https:\/\/informelitoral.com.ar\/covid-de-las-51-muertes-en-el-pais-6-fueron-en-entre-rios\/"},"author":{"name":"Sebastian","@id":"https:\/\/informelitoral.com.ar\/#\/schema\/person\/f05f9f461677119578717524b127d6d5"},"headline":"Covid: de las 51 muertes en el pa\u00eds, 6 fueron en Entre R\u00edos","datePublished":"2022-01-17T11:57:26+00:00","mainEntityOfPage":{"@id":"https:\/\/informelitoral.com.ar\/covid-de-las-51-muertes-en-el-pais-6-fueron-en-entre-rios\/"},"wordCount":263,"commentCount":0,"publisher":{"@id":"https:\/\/informelitoral.com.ar\/#organization"},"image":{"@id":"https:\/\/informelitoral.com.ar\/covid-de-las-51-muertes-en-el-pais-6-fueron-en-entre-rios\/#primaryimage"},"thumbnailUrl":"https:\/\/informelitoral.com.ar\/%77%70%2d%63%6f%6e%74%65%6e%74\/uploads\/2022\/01\/thumbs_b_c_687aaae7fd31bbfac0ac2eb47c84bfba.jpg","keywords":["Casos","COVID-19","Entre R\u00edos","Muertes"],"articleSection":["Salud"],"inLanguage":"es","potentialAction":[{"@type":"CommentAction","name":"Comment","target":["https:\/\/informelitoral.com.ar\/covid-de-las-51-muertes-en-el-pais-6-fueron-en-entre-rios\/#respond"]}]},{"@type":"WebPage","@id":"https:\/\/informelitoral.com.ar\/covid-de-las-51-muertes-en-el-pais-6-fueron-en-entre-rios\/","url":"https:\/\/informelitoral.com.ar\/covid-de-las-51-muertes-en-el-pais-6-fueron-en-entre-rios\/","name":"Covid: de las 51 muertes en el pa\u00eds, 6 fueron en Entre R\u00edos - Informe Litoral","isPartOf":{"@id":"https:\/\/informelitoral.com.ar\/#website"},"primaryImageOfPage":{"@id":"https:\/\/informelitoral.com.ar\/covid-de-las-51-muertes-en-el-pais-6-fueron-en-entre-rios\/#primaryimage"},"image":{"@id":"https:\/\/informelitoral.com.ar\/covid-de-las-51-muertes-en-el-pais-6-fueron-en-entre-rios\/#primaryimage"},"thumbnailUrl":"https:\/\/informelitoral.com.ar\/%77%70%2d%63%6f%6e%74%65%6e%74\/uploads\/2022\/01\/thumbs_b_c_687aaae7fd31bbfac0ac2eb47c84bfba.jpg","datePublished":"2022-01-17T11:57:26+00:00","breadcrumb":{"@id":"https:\/\/informelitoral.com.ar\/covid-de-las-51-muertes-en-el-pais-6-fueron-en-entre-rios\/#breadcrumb"},"inLanguage":"es","potentialAction":[{"@type":"ReadAction","target":["https:\/\/informelitoral.com.ar\/covid-de-las-51-muertes-en-el-pais-6-fueron-en-entre-rios\/"]}]},{"@type":"ImageObject","inLanguage":"es","@id":"https:\/\/informelitoral.com.ar\/covid-de-las-51-muertes-en-el-pais-6-fueron-en-entre-rios\/#primaryimage","url":"https:\/\/informelitoral.com.ar\/%77%70%2d%63%6f%6e%74%65%6e%74\/uploads\/2022\/01\/thumbs_b_c_687aaae7fd31bbfac0ac2eb47c84bfba.jpg","contentUrl":"https:\/\/informelitoral.com.ar\/%77%70%2d%63%6f%6e%74%65%6e%74\/uploads\/2022\/01\/thumbs_b_c_687aaae7fd31bbfac0ac2eb47c84bfba.jpg","width":864,"height":486},{"@type":"BreadcrumbList","@id":"https:\/\/informelitoral.com.ar\/covid-de-las-51-muertes-en-el-pais-6-fueron-en-entre-rios\/#breadcrumb","itemListElement":[{"@type":"ListItem","position":1,"name":"Portada","item":"https:\/\/informelitoral.com.ar\/"},{"@type":"ListItem","position":2,"name":"Covid: de las 51 muertes en el pa\u00eds, 6 fueron en Entre R\u00edos"}]},{"@type":"WebSite","@id":"https:\/\/informelitoral.com.ar\/#website","url":"https:\/\/informelitoral.com.ar\/","name":"Informe Litoral","description":"&quot;Nos informamos&quot; ","publisher":{"@id":"https:\/\/informelitoral.com.ar\/#organization"},"potentialAction":[{"@type":"SearchAction","target":{"@type":"EntryPoint","urlTemplate":"https:\/\/informelitoral.com.ar\/?s={search_term_string}"},"query-input":{"@type":"PropertyValueSpecification","valueRequired":true,"valueName":"search_term_string"}}],"inLanguage":"es"},{"@type":"Organization","@id":"https:\/\/informelitoral.com.ar\/#organization","name":"Informe Litoral","url":"https:\/\/informelitoral.com.ar\/","logo":{"@type":"ImageObject","inLanguage":"es","@id":"https:\/\/informelitoral.com.ar\/#\/schema\/logo\/image\/","url":"https:\/\/informelitoral.com.ar\/%77%70%2d%63%6f%6e%74%65%6e%74\/uploads\/2021\/01\/circulo.png","contentUrl":"https:\/\/informelitoral.com.ar\/%77%70%2d%63%6f%6e%74%65%6e%74\/uploads\/2021\/01\/circulo.png","width":723,"height":731,"caption":"Informe Litoral"},"image":{"@id":"https:\/\/informelitoral.com.ar\/#\/schema\/logo\/image\/"},"sameAs":["https:\/\/www.facebook.com\/informelitoral\/","https:\/\/x.com\/InformeLitoral","https:\/\/www.instagram.com\/informelitoral\/","https:\/\/www.youtube.com\/channel\/UCua4Qvz8Icb6MYqhoq9xLXw"]},{"@type":"Person","@id":"https:\/\/informelitoral.com.ar\/#\/schema\/person\/f05f9f461677119578717524b127d6d5","name":"Sebastian","image":{"@type":"ImageObject","inLanguage":"es","@id":"https:\/\/secure.gravatar.com\/avatar\/b71bf7481d447dfb9583c7f2798e7cc64de6efb9067b74633ed8c31059a3bd82?s=96&d=mm&r=g","url":"https:\/\/secure.gravatar.com\/avatar\/b71bf7481d447dfb9583c7f2798e7cc64de6efb9067b74633ed8c31059a3bd82?s=96&d=mm&r=g","contentUrl":"https:\/\/secure.gravatar.com\/avatar\/b71bf7481d447dfb9583c7f2798e7cc64de6efb9067b74633ed8c31059a3bd82?s=96&d=mm&r=g","caption":"Sebastian"},"url":"https:\/\/informelitoral.com.ar\/author\/sebastian\/"}]}},"_links":{"self":[{"href":"https:\/\/informelitoral.com.ar\/%77%70%2d%6a%73%6f%6e\/wp\/v2\/posts\/70393","targetHints":{"allow":["GET"]}}],"collection":[{"href":"https:\/\/informelitoral.com.ar\/%77%70%2d%6a%73%6f%6e\/wp\/v2\/posts"}],"about":[{"href":"https:\/\/informelitoral.com.ar\/%77%70%2d%6a%73%6f%6e\/wp\/v2\/types\/post"}],"author":[{"embeddable":true,"href":"https:\/\/informelitoral.com.ar\/%77%70%2d%6a%73%6f%6e\/wp\/v2\/users\/8"}],"replies":[{"embeddable":true,"href":"https:\/\/informelitoral.com.ar\/%77%70%2d%6a%73%6f%6e\/wp\/v2\/comments?post=70393"}],"version-history":[{"count":0,"href":"https:\/\/informelitoral.com.ar\/%77%70%2d%6a%73%6f%6e\/wp\/v2\/posts\/70393\/revisions"}],"wp:featuredmedia":[{"embeddable":true,"href":"https:\/\/informelitoral.com.ar\/%77%70%2d%6a%73%6f%6e\/wp\/v2\/media\/70394"}],"wp:attachment":[{"href":"https:\/\/informelitoral.com.ar\/%77%70%2d%6a%73%6f%6e\/wp\/v2\/media?parent=70393"}],"wp:term":[{"taxonomy":"category","embeddable":true,"href":"https:\/\/informelitoral.com.ar\/%77%70%2d%6a%73%6f%6e\/wp\/v2\/categories?post=70393"},{"taxonomy":"post_tag","embeddable":true,"href":"https:\/\/informelitoral.com.ar\/%77%70%2d%6a%73%6f%6e\/wp\/v2\/tags?post=70393"}],"curies":[{"name":"wp","href":"https:\/\/api.w.org\/{rel}","templated":true}]}}