{"id":70379,"date":"2022-01-16T17:39:39","date_gmt":"2022-01-16T20:39:39","guid":{"rendered":"https:\/\/www.informelitoral.com.ar\/?p=70379"},"modified":"2022-01-16T17:39:39","modified_gmt":"2022-01-16T20:39:39","slug":"el-estadio-de-cultural-de-aranguren-fue-bautizado-con-el-nombre-del-tambero-nelson-heffel","status":"publish","type":"post","link":"https:\/\/informelitoral.com.ar\/el-estadio-de-cultural-de-aranguren-fue-bautizado-con-el-nombre-del-tambero-nelson-heffel\/","title":{"rendered":"El estadio de Cultural de Aranguren fue bautizado con el nombre del tambero Nelson Heffel"},"content":{"rendered":"<p>Nelson Heffel aprendi\u00f3 los oficios rurales en la chacra de su padre, de solo 5 hect\u00e1reas en la zona de Aranguren. Ten\u00edan un modesto tambo y criaban unos 200 pollos parrilleros. Eran cuatro hermanos, que se fueron yendo de la casa paterna, a trabajar a otros campos, hasta que s\u00f3lo qued\u00f3 \u00e9l junto a sus padres.<\/p>\n<p>\u201cCon mi padre nos levant\u00e1bamos a las 4 de la ma\u00f1ana para orde\u00f1ar unas 12 vacas, lloviera o tronara. A\u00fan sigo con esa responsabilidad. Recuerdo cuando juntos, prepar\u00e1bamos la tierra para sembrar alfalfa\u201d, cuenta. Corr\u00eda la d\u00e9cada de 1980 y Nelson recuerda que con un emprendimiento de ese tama\u00f1o, su padre pod\u00eda mantener a su familia.<\/p>\n<p>\u201cA m\u00ed me dio por ir a estudiar veterinaria a Esperanza, en Santa Fe, porque me gustaban los animales y era lo m\u00e1s cercano que ten\u00edamos. Pero a los 6 meses me volv\u00ed porque me aburr\u00eda con tanta teor\u00eda. Lo que me gustaba, y en eso ten\u00eda facilidad, era la matem\u00e1tica. Mis padres me pidieron que no abandonara el estudio, pero yo me volv\u00ed a casa y sal\u00ed a buscar trabajo. Era el a\u00f1o 1988 cuando me llamaron de la Cooperativa Agr\u00edcola Ganadera y de Servicios P\u00fablicos Aranguren Limitada. De octubre a mayo me pusieron a hacer monitoreo de soja. Despu\u00e9s me pasaron a manejar una fumigadora. Pero en 1991 qued\u00f3 vacante un puesto en la administraci\u00f3n y hasta hoy estoy a cargo de la compra y venta de insumos\u201d, relata Nelson, con buena memoria.<\/p>\n<p>Nelson se cas\u00f3 y se fue a vivir al pueblo, pero nunca abandon\u00f3 la actividad en su chacra familiar junto a su padre. Pero un d\u00eda dejaron de comprarles la leche porque no ten\u00edan enfriadora. Su padre ya ten\u00eda 70 a\u00f1os y no le interesaba invertir. Nelson fue siempre muy medido, ahorr\u00f3 y decidi\u00f3 invertir en su tambo familiar, que hab\u00eda quedado a su cargo. En 2003 vendi\u00f3 la chacra de su padre y compr\u00f3 11 hect\u00e1reas pegadas a Aranguren. Luego compr\u00f3 17 m\u00e1s, completando 28.<\/p>\n<p>All\u00ed arm\u00f3 un tambo el\u00e9ctrico, que empez\u00f3 con 11 vacas. Hoy lleva 11 a\u00f1os comprando toros de raza Pardo-Suizo para hacer cruza con las Holando. El primero toro que compr\u00f3 a la Escuela Agrot\u00e9cnica Las Delicias, de Paran\u00e1, fue a competir a Palermo. Las vacas ya son casi totalmente Pardo-Suizo, que son m\u00e1s chicas que las Holando. Su leche es m\u00e1s \u201cgorda\u201d. La Holando tiene un 3,5% a 4% de grasa y la Pardo-Suizo tiene un 6%. Adem\u00e1s los novillos Holando son huesudos, y los Pardo son m\u00e1s carnosos.<\/p>\n<p>Hoy Nelson tiene 22 vacas en orde\u00f1e, pero en total tiene unos 150 animales. Unos 70 de cr\u00eda, 40 novillitos y 30 terneros. Adem\u00e1s tiene 8 cerdas de cr\u00eda y unos caballos.<\/p>\n<p>Nelson se cas\u00f3 y tiene tres hijos. Al mayor, Dami\u00e1n, le mejor\u00f3 la casa del casero del campo para vivir mientras trabaja de encargado del dep\u00f3sito de insumos en la cooperativa. Carolina es maestra y vive en la misma chacra con su marido, Francisco, quien es el encargado del tambo y orde\u00f1a todas las ma\u00f1anas junto a Nelson, unos 350 litros por d\u00eda.<\/p>\n<p>Ellos venden la leche flu\u00edda en tachos de aluminio. Con la leche que sobra, su hija Martina, comenz\u00f3 a hacer quesos saborizados y un sardo. Su esposa Mar\u00eda del Carmen comenz\u00f3 a hacer dulce de leche y venden todo. Ella aclara que no le pone esencia de vainilla sino s\u00f3lo bicarbonato y az\u00facar.<\/p>\n<p>Es gracioso que la chacra se llama El Negro, siendo que Nelson es un gringo bien rubio de ascendencia alemana, pero de aquellos que llegaron desde Rusia.<\/p>\n<p>Y como si fuera que Nelson hubiese tenido poca actividad a lo largo de su vida, le naci\u00f3 otra pasi\u00f3n que le llevar\u00eda varias horas de sus noches, pero le traer\u00eda muchas satisfacciones: el f\u00fatbol. Resulta que su hijo jugaba este deporte en el Club Deportivo y Cultural Aranguren, creado en 1961.<\/p>\n<p><a href=\"https:\/\/www.informelitoral.com.ar\/%77%70%2d%63%6f%6e%74%65%6e%74\/uploads\/2022\/01\/club-aranguren.jpg\"><img loading=\"lazy\" decoding=\"async\" class=\"aligncenter wp-image-70380 size-large\" src=\"https:\/\/www.informelitoral.com.ar\/%77%70%2d%63%6f%6e%74%65%6e%74\/uploads\/2022\/01\/club-aranguren-1024x576.jpg\" alt=\"\" width=\"696\" height=\"392\" srcset=\"https:\/\/informelitoral.com.ar\/%77%70%2d%63%6f%6e%74%65%6e%74\/uploads\/2022\/01\/club-aranguren-1024x576.jpg 1024w, https:\/\/informelitoral.com.ar\/%77%70%2d%63%6f%6e%74%65%6e%74\/uploads\/2022\/01\/club-aranguren-300x169.jpg 300w, https:\/\/informelitoral.com.ar\/%77%70%2d%63%6f%6e%74%65%6e%74\/uploads\/2022\/01\/club-aranguren-768x432.jpg 768w, https:\/\/informelitoral.com.ar\/%77%70%2d%63%6f%6e%74%65%6e%74\/uploads\/2022\/01\/club-aranguren-696x392.jpg 696w, https:\/\/informelitoral.com.ar\/%77%70%2d%63%6f%6e%74%65%6e%74\/uploads\/2022\/01\/club-aranguren-1068x601.jpg 1068w, https:\/\/informelitoral.com.ar\/%77%70%2d%63%6f%6e%74%65%6e%74\/uploads\/2022\/01\/club-aranguren-746x420.jpg 746w, https:\/\/informelitoral.com.ar\/%77%70%2d%63%6f%6e%74%65%6e%74\/uploads\/2022\/01\/club-aranguren.jpg 1080w\" sizes=\"auto, (max-width: 696px) 100vw, 696px\" \/><\/a><\/p>\n<p>Era un modesto club con un campito de 4 hect\u00e1reas, sin pasto, s\u00f3lo con gramilla, cercado para las jineteadas que se hac\u00edan en el festival anual. Mejor dicho, las hicieron durante 25 a\u00f1os hasta 2015, que pas\u00f3 un tornado en plena fiesta, derribando una torre de iluminaci\u00f3n, la cual explot\u00f3 al chocar contra el suelo. Milagrosamente no hubo v\u00edctimas, pero fue tal el susto, que a partir de ese hecho espantoso, el campito qued\u00f3 s\u00f3lo para el futbol.<\/p>\n<p>Entre doce familias de los pibes en el a\u00f1o 2000 se les ocurri\u00f3 crear la Comisi\u00f3n de padres de apoyo al f\u00fatbol de Aranguren. Fue un esfuerzo mixto, entre el peque\u00f1o club y la municipalidad. Y Nelson fue nombrado presidente.<\/p>\n<p>Nelson comenz\u00f3 a buscar auspiciantes del club por todo su pueblo y tambi\u00e9n entre los viajantes que pasaban por la cooperativa. Por ejemplo le pidi\u00f3 a su gran amigo \u201cSejo\u201d Sosa, que trabajaba para ACA Semillas. Poco a poco fueron sumando \u201cgurises\u201d al plantel y en el 2007 llegaron a formar la primera divisi\u00f3n, de modo que empezaron a competir en la Primera de las ligas zonales.<\/p>\n<p><a href=\"https:\/\/www.informelitoral.com.ar\/%77%70%2d%63%6f%6e%74%65%6e%74\/uploads\/2022\/01\/WhatsApp-Image-2021-12-30-at-17.02.29-e1642333565299-750x411-1.jpeg\"><img loading=\"lazy\" decoding=\"async\" class=\"aligncenter wp-image-70383 size-full\" src=\"https:\/\/www.informelitoral.com.ar\/%77%70%2d%63%6f%6e%74%65%6e%74\/uploads\/2022\/01\/WhatsApp-Image-2021-12-30-at-17.02.29-e1642333565299-750x411-1.jpeg\" alt=\"\" width=\"750\" height=\"411\" srcset=\"https:\/\/informelitoral.com.ar\/%77%70%2d%63%6f%6e%74%65%6e%74\/uploads\/2022\/01\/WhatsApp-Image-2021-12-30-at-17.02.29-e1642333565299-750x411-1.jpeg 750w, https:\/\/informelitoral.com.ar\/%77%70%2d%63%6f%6e%74%65%6e%74\/uploads\/2022\/01\/WhatsApp-Image-2021-12-30-at-17.02.29-e1642333565299-750x411-1-300x164.jpeg 300w, https:\/\/informelitoral.com.ar\/%77%70%2d%63%6f%6e%74%65%6e%74\/uploads\/2022\/01\/WhatsApp-Image-2021-12-30-at-17.02.29-e1642333565299-750x411-1-696x381.jpeg 696w\" sizes=\"auto, (max-width: 750px) 100vw, 750px\" \/><\/a><\/p>\n<p>Fueron invirtiendo, al punto que la cancha hoy cuenta con riego artificial, una buena iluminaci\u00f3n, cerco perimetral y m\u00e1s tarde, tribunas con tablones para 400 personas.<\/p>\n<p>Nelson no s\u00f3lo era el presidente de la comisi\u00f3n, sino que adem\u00e1s dirig\u00eda el equipo junto a un ex jugador, de modo muy casero. Pero corr\u00eda el a\u00f1o 2014 y decidieron profesionalizarse porque no lograban llegar ni a la final de los campeonatos. En 2015 contrataron a un director t\u00e9cnico y a un profesor de educaci\u00f3n f\u00edsica. El cambio se not\u00f3 porque ese a\u00f1o llegaron a la final de la Uni\u00f3n de Ligas que abarca 30 clubes de los departamentos de Nogoy\u00e1 \u2013al que pertenece Aranguren-, Victoria y Rosario del Tala.<\/p>\n<p>Fue tal la conmoci\u00f3n en los jugadores, que todos se largaron a llorar y abrazarse como nunca. Ese mismo a\u00f1o, ellos y sus padres, por haber llegado a ser subcampeones luego de tantos a\u00f1os de sacrificio, decidieron darle a Nelson una sorpresa.<\/p>\n<p>Antes de comenzar el \u00faltimo partido del a\u00f1o, llamaron a Heffel para que se acercara al centro de la cancha. Y le entregaron una placa en la cual dec\u00eda que el estadio pasar\u00eda a llamarse con su nombre. En ese instante, a Nelson se le vino encima su vida entera. Record\u00f3 cuando de chico \u00e9l se escapaba, a caballo, para jugar al f\u00fatbol que tanto le apasionaba, y que so\u00f1aba con ser profesional, pero que no prosper\u00f3 porque no tuvo una formaci\u00f3n como la que ahora tienen los chicos de su club.\u00a0Uno de ellos lleg\u00f3 a la reserva de Racing.<\/p>\n<p>Todos los d\u00edas, durante a\u00f1os y hasta hoy, Nelson sale de la cooperativa para trabajar en el club hasta las once de la noche y ver jugar a sus muchachos, que siempre ponen toda \u201csu garra\u201d en la cancha. Su esposa y su hija Carolina siempre atendieron la cantina, amasando para las empandas y las tortas fritas.<\/p>\n<p>Llor\u00f3 Nelson ese d\u00eda porque sus padres no llegaron a estar con \u00e9l para recibir semejante honra. Muchas veces, su madre le dec\u00eda: \u201cOrde\u00f1\u00e1s todos los d\u00edas, trabaj\u00e1s en la cooperativa y te pas\u00e1s todas las noches y los domingos en el club. \u00bfCu\u00e1ndo vas a descansar?\u201d Su padre le gi\u00f1aba un ojo, y cuando hab\u00eda partido, se iba con \u00e9l. Hoy, los viajantes le preguntan si ese Nelson Heffel del cartel del estadio, es por su padre\u2026 Pero es \u00e9l.<\/p>\n<p>A Nelson, este reconocimiento en vida le carg\u00f3 una mayor responsabilidad: de ir por m\u00e1s y no descansar\u00e1 hasta ver que sus pibes hayan salido campeones. Nelson comparti\u00f3 la canci\u00f3n Dale Verde, por \u201cLa Sin Nombre\u201d, dedicada al \u201cVerde de Aranguren\u201d.\u00a0<em> (Fuente: Bichos de Campo)<\/em><\/p>\n<div class=\"youtube-embed\" data-video_id=\"nnV6PN6yxbo\"><iframe loading=\"lazy\" title=\"DALE VERDE - La Sin Nombre\" width=\"696\" height=\"392\" src=\"https:\/\/www.youtube.com\/embed\/nnV6PN6yxbo?feature=oembed&#038;enablejsapi=1\" frameborder=\"0\" allow=\"accelerometer; autoplay; clipboard-write; encrypted-media; gyroscope; picture-in-picture\" allowfullscreen><\/iframe><\/div>\n","protected":false},"excerpt":{"rendered":"<p>Se trata de un hombre que pese a sus actividades en el campo y en Coopar, dedica el resto de su tiempo a la instituci\u00f3n. Una vida de sacrificio y un reconocimiento a fines del 2021. <\/p>\n","protected":false},"author":2,"featured_media":70382,"comment_status":"open","ping_status":"open","sticky":false,"template":"","format":"standard","meta":{"fifu_image_url":"","fifu_image_alt":"","footnotes":""},"categories":[13],"tags":[143,2918],"class_list":{"0":"post-70379","1":"post","2":"type-post","3":"status-publish","4":"format-standard","5":"has-post-thumbnail","7":"category-deportes","8":"tag-aranguren","9":"tag-cultural-aranguren"},"yoast_head":"<title>El estadio de Cultural de Aranguren fue bautizado con el nombre del tambero Nelson Heffel - Informe Litoral<\/title>\n<meta name=\"robots\" content=\"index, follow, max-snippet:-1, max-image-preview:large, max-video-preview:-1\" \/>\n<link rel=\"canonical\" href=\"https:\/\/informelitoral.com.ar\/el-estadio-de-cultural-de-aranguren-fue-bautizado-con-el-nombre-del-tambero-nelson-heffel\/\" \/>\n<meta property=\"og:locale\" content=\"es_ES\" \/>\n<meta property=\"og:type\" content=\"article\" \/>\n<meta property=\"og:title\" content=\"El estadio de Cultural de Aranguren fue bautizado con el nombre del tambero Nelson Heffel - Informe Litoral\" \/>\n<meta property=\"og:description\" content=\"Se trata de un hombre que pese a sus actividades en el campo y en Coopar, dedica el resto de su tiempo a la instituci\u00f3n. Una vida de sacrificio y un reconocimiento a fines del 2021.\" \/>\n<meta property=\"og:url\" content=\"https:\/\/informelitoral.com.ar\/el-estadio-de-cultural-de-aranguren-fue-bautizado-con-el-nombre-del-tambero-nelson-heffel\/\" \/>\n<meta property=\"og:site_name\" content=\"Informe Litoral\" \/>\n<meta property=\"article:publisher\" content=\"https:\/\/www.facebook.com\/informelitoral\/\" \/>\n<meta property=\"article:published_time\" content=\"2022-01-16T20:39:39+00:00\" \/>\n<meta property=\"og:image\" content=\"https:\/\/informelitoral.com.ar\/%77%70%2d%63%6f%6e%74%65%6e%74\/uploads\/2022\/01\/WhatsApp-Image-2021-12-30-at-11.36.57-750x450-1.jpeg\" \/>\n\t<meta property=\"og:image:width\" content=\"750\" \/>\n\t<meta property=\"og:image:height\" content=\"450\" \/>\n\t<meta property=\"og:image:type\" content=\"image\/jpeg\" \/>\n<meta name=\"author\" content=\"Gonzalo Schmidt\" \/>\n<meta name=\"twitter:card\" content=\"summary_large_image\" \/>\n<meta name=\"twitter:creator\" content=\"@InformeLitoral\" \/>\n<meta name=\"twitter:site\" content=\"@InformeLitoral\" \/>\n<meta name=\"twitter:label1\" content=\"Escrito por\" \/>\n\t<meta name=\"twitter:data1\" content=\"Gonzalo Schmidt\" \/>\n\t<meta name=\"twitter:label2\" content=\"Tiempo de lectura\" \/>\n\t<meta name=\"twitter:data2\" content=\"7 minutos\" \/>\n<script type=\"application\/ld+json\" class=\"yoast-schema-graph\">{\"@context\":\"https:\\\/\\\/schema.org\",\"@graph\":[{\"@type\":\"Article\",\"@id\":\"https:\\\/\\\/informelitoral.com.ar\\\/el-estadio-de-cultural-de-aranguren-fue-bautizado-con-el-nombre-del-tambero-nelson-heffel\\\/#article\",\"isPartOf\":{\"@id\":\"https:\\\/\\\/informelitoral.com.ar\\\/el-estadio-de-cultural-de-aranguren-fue-bautizado-con-el-nombre-del-tambero-nelson-heffel\\\/\"},\"author\":{\"name\":\"Gonzalo Schmidt\",\"@id\":\"https:\\\/\\\/informelitoral.com.ar\\\/#\\\/schema\\\/person\\\/b9d00407c836482871ef1d57bf8e3180\"},\"headline\":\"El estadio de Cultural de Aranguren fue bautizado con el nombre del tambero Nelson Heffel\",\"datePublished\":\"2022-01-16T20:39:39+00:00\",\"mainEntityOfPage\":{\"@id\":\"https:\\\/\\\/informelitoral.com.ar\\\/el-estadio-de-cultural-de-aranguren-fue-bautizado-con-el-nombre-del-tambero-nelson-heffel\\\/\"},\"wordCount\":1368,\"commentCount\":0,\"publisher\":{\"@id\":\"https:\\\/\\\/informelitoral.com.ar\\\/#organization\"},\"image\":{\"@id\":\"https:\\\/\\\/informelitoral.com.ar\\\/el-estadio-de-cultural-de-aranguren-fue-bautizado-con-el-nombre-del-tambero-nelson-heffel\\\/#primaryimage\"},\"thumbnailUrl\":\"https:\\\/\\\/informelitoral.com.ar\\\/%77%70%2d%63%6f%6e%74%65%6e%74\\\/uploads\\\/2022\\\/01\\\/WhatsApp-Image-2021-12-30-at-11.36.57-750x450-1.jpeg\",\"keywords\":[\"Aranguren\",\"Cultural Aranguren\"],\"articleSection\":[\"Deportes\"],\"inLanguage\":\"es\",\"potentialAction\":[{\"@type\":\"CommentAction\",\"name\":\"Comment\",\"target\":[\"https:\\\/\\\/informelitoral.com.ar\\\/el-estadio-de-cultural-de-aranguren-fue-bautizado-con-el-nombre-del-tambero-nelson-heffel\\\/#respond\"]}]},{\"@type\":\"WebPage\",\"@id\":\"https:\\\/\\\/informelitoral.com.ar\\\/el-estadio-de-cultural-de-aranguren-fue-bautizado-con-el-nombre-del-tambero-nelson-heffel\\\/\",\"url\":\"https:\\\/\\\/informelitoral.com.ar\\\/el-estadio-de-cultural-de-aranguren-fue-bautizado-con-el-nombre-del-tambero-nelson-heffel\\\/\",\"name\":\"El estadio de Cultural de Aranguren fue bautizado con el nombre del tambero Nelson Heffel - Informe Litoral\",\"isPartOf\":{\"@id\":\"https:\\\/\\\/informelitoral.com.ar\\\/#website\"},\"primaryImageOfPage\":{\"@id\":\"https:\\\/\\\/informelitoral.com.ar\\\/el-estadio-de-cultural-de-aranguren-fue-bautizado-con-el-nombre-del-tambero-nelson-heffel\\\/#primaryimage\"},\"image\":{\"@id\":\"https:\\\/\\\/informelitoral.com.ar\\\/el-estadio-de-cultural-de-aranguren-fue-bautizado-con-el-nombre-del-tambero-nelson-heffel\\\/#primaryimage\"},\"thumbnailUrl\":\"https:\\\/\\\/informelitoral.com.ar\\\/%77%70%2d%63%6f%6e%74%65%6e%74\\\/uploads\\\/2022\\\/01\\\/WhatsApp-Image-2021-12-30-at-11.36.57-750x450-1.jpeg\",\"datePublished\":\"2022-01-16T20:39:39+00:00\",\"breadcrumb\":{\"@id\":\"https:\\\/\\\/informelitoral.com.ar\\\/el-estadio-de-cultural-de-aranguren-fue-bautizado-con-el-nombre-del-tambero-nelson-heffel\\\/#breadcrumb\"},\"inLanguage\":\"es\",\"potentialAction\":[{\"@type\":\"ReadAction\",\"target\":[\"https:\\\/\\\/informelitoral.com.ar\\\/el-estadio-de-cultural-de-aranguren-fue-bautizado-con-el-nombre-del-tambero-nelson-heffel\\\/\"]}]},{\"@type\":\"ImageObject\",\"inLanguage\":\"es\",\"@id\":\"https:\\\/\\\/informelitoral.com.ar\\\/el-estadio-de-cultural-de-aranguren-fue-bautizado-con-el-nombre-del-tambero-nelson-heffel\\\/#primaryimage\",\"url\":\"https:\\\/\\\/informelitoral.com.ar\\\/%77%70%2d%63%6f%6e%74%65%6e%74\\\/uploads\\\/2022\\\/01\\\/WhatsApp-Image-2021-12-30-at-11.36.57-750x450-1.jpeg\",\"contentUrl\":\"https:\\\/\\\/informelitoral.com.ar\\\/%77%70%2d%63%6f%6e%74%65%6e%74\\\/uploads\\\/2022\\\/01\\\/WhatsApp-Image-2021-12-30-at-11.36.57-750x450-1.jpeg\",\"width\":750,\"height\":450},{\"@type\":\"BreadcrumbList\",\"@id\":\"https:\\\/\\\/informelitoral.com.ar\\\/el-estadio-de-cultural-de-aranguren-fue-bautizado-con-el-nombre-del-tambero-nelson-heffel\\\/#breadcrumb\",\"itemListElement\":[{\"@type\":\"ListItem\",\"position\":1,\"name\":\"Portada\",\"item\":\"https:\\\/\\\/informelitoral.com.ar\\\/\"},{\"@type\":\"ListItem\",\"position\":2,\"name\":\"El estadio de Cultural de Aranguren fue bautizado con el nombre del tambero Nelson Heffel\"}]},{\"@type\":\"WebSite\",\"@id\":\"https:\\\/\\\/informelitoral.com.ar\\\/#website\",\"url\":\"https:\\\/\\\/informelitoral.com.ar\\\/\",\"name\":\"Informe Litoral\",\"description\":\"&quot;Nos informamos&quot; \",\"publisher\":{\"@id\":\"https:\\\/\\\/informelitoral.com.ar\\\/#organization\"},\"potentialAction\":[{\"@type\":\"SearchAction\",\"target\":{\"@type\":\"EntryPoint\",\"urlTemplate\":\"https:\\\/\\\/informelitoral.com.ar\\\/?s={search_term_string}\"},\"query-input\":{\"@type\":\"PropertyValueSpecification\",\"valueRequired\":true,\"valueName\":\"search_term_string\"}}],\"inLanguage\":\"es\"},{\"@type\":\"Organization\",\"@id\":\"https:\\\/\\\/informelitoral.com.ar\\\/#organization\",\"name\":\"Informe Litoral\",\"url\":\"https:\\\/\\\/informelitoral.com.ar\\\/\",\"logo\":{\"@type\":\"ImageObject\",\"inLanguage\":\"es\",\"@id\":\"https:\\\/\\\/informelitoral.com.ar\\\/#\\\/schema\\\/logo\\\/image\\\/\",\"url\":\"https:\\\/\\\/informelitoral.com.ar\\\/%77%70%2d%63%6f%6e%74%65%6e%74\\\/uploads\\\/2021\\\/01\\\/circulo.png\",\"contentUrl\":\"https:\\\/\\\/informelitoral.com.ar\\\/%77%70%2d%63%6f%6e%74%65%6e%74\\\/uploads\\\/2021\\\/01\\\/circulo.png\",\"width\":723,\"height\":731,\"caption\":\"Informe Litoral\"},\"image\":{\"@id\":\"https:\\\/\\\/informelitoral.com.ar\\\/#\\\/schema\\\/logo\\\/image\\\/\"},\"sameAs\":[\"https:\\\/\\\/www.facebook.com\\\/informelitoral\\\/\",\"https:\\\/\\\/x.com\\\/InformeLitoral\",\"https:\\\/\\\/www.instagram.com\\\/informelitoral\\\/\",\"https:\\\/\\\/www.youtube.com\\\/channel\\\/UCua4Qvz8Icb6MYqhoq9xLXw\"]},{\"@type\":\"Person\",\"@id\":\"https:\\\/\\\/informelitoral.com.ar\\\/#\\\/schema\\\/person\\\/b9d00407c836482871ef1d57bf8e3180\",\"name\":\"Gonzalo Schmidt\",\"image\":{\"@type\":\"ImageObject\",\"inLanguage\":\"es\",\"@id\":\"https:\\\/\\\/secure.gravatar.com\\\/avatar\\\/31a1a7b66ff2de83bd0e9fd79d026630d2d99e55e8bfe501287647b4fd9743de?s=96&d=mm&r=g\",\"url\":\"https:\\\/\\\/secure.gravatar.com\\\/avatar\\\/31a1a7b66ff2de83bd0e9fd79d026630d2d99e55e8bfe501287647b4fd9743de?s=96&d=mm&r=g\",\"contentUrl\":\"https:\\\/\\\/secure.gravatar.com\\\/avatar\\\/31a1a7b66ff2de83bd0e9fd79d026630d2d99e55e8bfe501287647b4fd9743de?s=96&d=mm&r=g\",\"caption\":\"Gonzalo Schmidt\"},\"description\":\"Sitio web de noticias de la provincia de Entre R\u00edos, Argentina. Informaci\u00f3n y entretenimiento. Informe Litoral, nos informamos.\",\"sameAs\":[\"http:\\\/\\\/www.isletasnoticias.com.ar\"],\"url\":\"https:\\\/\\\/informelitoral.com.ar\\\/author\\\/gonzalo\\\/\"}]}<\/script>","yoast_head_json":{"title":"El estadio de Cultural de Aranguren fue bautizado con el nombre del tambero Nelson Heffel - Informe Litoral","robots":{"index":"index","follow":"follow","max-snippet":"max-snippet:-1","max-image-preview":"max-image-preview:large","max-video-preview":"max-video-preview:-1"},"canonical":"https:\/\/informelitoral.com.ar\/el-estadio-de-cultural-de-aranguren-fue-bautizado-con-el-nombre-del-tambero-nelson-heffel\/","og_locale":"es_ES","og_type":"article","og_title":"El estadio de Cultural de Aranguren fue bautizado con el nombre del tambero Nelson Heffel - Informe Litoral","og_description":"Se trata de un hombre que pese a sus actividades en el campo y en Coopar, dedica el resto de su tiempo a la instituci\u00f3n. Una vida de sacrificio y un reconocimiento a fines del 2021.","og_url":"https:\/\/informelitoral.com.ar\/el-estadio-de-cultural-de-aranguren-fue-bautizado-con-el-nombre-del-tambero-nelson-heffel\/","og_site_name":"Informe Litoral","article_publisher":"https:\/\/www.facebook.com\/informelitoral\/","article_published_time":"2022-01-16T20:39:39+00:00","og_image":[{"width":750,"height":450,"url":"https:\/\/informelitoral.com.ar\/%77%70%2d%63%6f%6e%74%65%6e%74\/uploads\/2022\/01\/WhatsApp-Image-2021-12-30-at-11.36.57-750x450-1.jpeg","type":"image\/jpeg"}],"author":"Gonzalo Schmidt","twitter_card":"summary_large_image","twitter_creator":"@InformeLitoral","twitter_site":"@InformeLitoral","twitter_misc":{"Escrito por":"Gonzalo Schmidt","Tiempo de lectura":"7 minutos"},"schema":{"@context":"https:\/\/schema.org","@graph":[{"@type":"Article","@id":"https:\/\/informelitoral.com.ar\/el-estadio-de-cultural-de-aranguren-fue-bautizado-con-el-nombre-del-tambero-nelson-heffel\/#article","isPartOf":{"@id":"https:\/\/informelitoral.com.ar\/el-estadio-de-cultural-de-aranguren-fue-bautizado-con-el-nombre-del-tambero-nelson-heffel\/"},"author":{"name":"Gonzalo Schmidt","@id":"https:\/\/informelitoral.com.ar\/#\/schema\/person\/b9d00407c836482871ef1d57bf8e3180"},"headline":"El estadio de Cultural de Aranguren fue bautizado con el nombre del tambero Nelson Heffel","datePublished":"2022-01-16T20:39:39+00:00","mainEntityOfPage":{"@id":"https:\/\/informelitoral.com.ar\/el-estadio-de-cultural-de-aranguren-fue-bautizado-con-el-nombre-del-tambero-nelson-heffel\/"},"wordCount":1368,"commentCount":0,"publisher":{"@id":"https:\/\/informelitoral.com.ar\/#organization"},"image":{"@id":"https:\/\/informelitoral.com.ar\/el-estadio-de-cultural-de-aranguren-fue-bautizado-con-el-nombre-del-tambero-nelson-heffel\/#primaryimage"},"thumbnailUrl":"https:\/\/informelitoral.com.ar\/%77%70%2d%63%6f%6e%74%65%6e%74\/uploads\/2022\/01\/WhatsApp-Image-2021-12-30-at-11.36.57-750x450-1.jpeg","keywords":["Aranguren","Cultural Aranguren"],"articleSection":["Deportes"],"inLanguage":"es","potentialAction":[{"@type":"CommentAction","name":"Comment","target":["https:\/\/informelitoral.com.ar\/el-estadio-de-cultural-de-aranguren-fue-bautizado-con-el-nombre-del-tambero-nelson-heffel\/#respond"]}]},{"@type":"WebPage","@id":"https:\/\/informelitoral.com.ar\/el-estadio-de-cultural-de-aranguren-fue-bautizado-con-el-nombre-del-tambero-nelson-heffel\/","url":"https:\/\/informelitoral.com.ar\/el-estadio-de-cultural-de-aranguren-fue-bautizado-con-el-nombre-del-tambero-nelson-heffel\/","name":"El estadio de Cultural de Aranguren fue bautizado con el nombre del tambero Nelson Heffel - Informe Litoral","isPartOf":{"@id":"https:\/\/informelitoral.com.ar\/#website"},"primaryImageOfPage":{"@id":"https:\/\/informelitoral.com.ar\/el-estadio-de-cultural-de-aranguren-fue-bautizado-con-el-nombre-del-tambero-nelson-heffel\/#primaryimage"},"image":{"@id":"https:\/\/informelitoral.com.ar\/el-estadio-de-cultural-de-aranguren-fue-bautizado-con-el-nombre-del-tambero-nelson-heffel\/#primaryimage"},"thumbnailUrl":"https:\/\/informelitoral.com.ar\/%77%70%2d%63%6f%6e%74%65%6e%74\/uploads\/2022\/01\/WhatsApp-Image-2021-12-30-at-11.36.57-750x450-1.jpeg","datePublished":"2022-01-16T20:39:39+00:00","breadcrumb":{"@id":"https:\/\/informelitoral.com.ar\/el-estadio-de-cultural-de-aranguren-fue-bautizado-con-el-nombre-del-tambero-nelson-heffel\/#breadcrumb"},"inLanguage":"es","potentialAction":[{"@type":"ReadAction","target":["https:\/\/informelitoral.com.ar\/el-estadio-de-cultural-de-aranguren-fue-bautizado-con-el-nombre-del-tambero-nelson-heffel\/"]}]},{"@type":"ImageObject","inLanguage":"es","@id":"https:\/\/informelitoral.com.ar\/el-estadio-de-cultural-de-aranguren-fue-bautizado-con-el-nombre-del-tambero-nelson-heffel\/#primaryimage","url":"https:\/\/informelitoral.com.ar\/%77%70%2d%63%6f%6e%74%65%6e%74\/uploads\/2022\/01\/WhatsApp-Image-2021-12-30-at-11.36.57-750x450-1.jpeg","contentUrl":"https:\/\/informelitoral.com.ar\/%77%70%2d%63%6f%6e%74%65%6e%74\/uploads\/2022\/01\/WhatsApp-Image-2021-12-30-at-11.36.57-750x450-1.jpeg","width":750,"height":450},{"@type":"BreadcrumbList","@id":"https:\/\/informelitoral.com.ar\/el-estadio-de-cultural-de-aranguren-fue-bautizado-con-el-nombre-del-tambero-nelson-heffel\/#breadcrumb","itemListElement":[{"@type":"ListItem","position":1,"name":"Portada","item":"https:\/\/informelitoral.com.ar\/"},{"@type":"ListItem","position":2,"name":"El estadio de Cultural de Aranguren fue bautizado con el nombre del tambero Nelson Heffel"}]},{"@type":"WebSite","@id":"https:\/\/informelitoral.com.ar\/#website","url":"https:\/\/informelitoral.com.ar\/","name":"Informe Litoral","description":"&quot;Nos informamos&quot; ","publisher":{"@id":"https:\/\/informelitoral.com.ar\/#organization"},"potentialAction":[{"@type":"SearchAction","target":{"@type":"EntryPoint","urlTemplate":"https:\/\/informelitoral.com.ar\/?s={search_term_string}"},"query-input":{"@type":"PropertyValueSpecification","valueRequired":true,"valueName":"search_term_string"}}],"inLanguage":"es"},{"@type":"Organization","@id":"https:\/\/informelitoral.com.ar\/#organization","name":"Informe Litoral","url":"https:\/\/informelitoral.com.ar\/","logo":{"@type":"ImageObject","inLanguage":"es","@id":"https:\/\/informelitoral.com.ar\/#\/schema\/logo\/image\/","url":"https:\/\/informelitoral.com.ar\/%77%70%2d%63%6f%6e%74%65%6e%74\/uploads\/2021\/01\/circulo.png","contentUrl":"https:\/\/informelitoral.com.ar\/%77%70%2d%63%6f%6e%74%65%6e%74\/uploads\/2021\/01\/circulo.png","width":723,"height":731,"caption":"Informe Litoral"},"image":{"@id":"https:\/\/informelitoral.com.ar\/#\/schema\/logo\/image\/"},"sameAs":["https:\/\/www.facebook.com\/informelitoral\/","https:\/\/x.com\/InformeLitoral","https:\/\/www.instagram.com\/informelitoral\/","https:\/\/www.youtube.com\/channel\/UCua4Qvz8Icb6MYqhoq9xLXw"]},{"@type":"Person","@id":"https:\/\/informelitoral.com.ar\/#\/schema\/person\/b9d00407c836482871ef1d57bf8e3180","name":"Gonzalo Schmidt","image":{"@type":"ImageObject","inLanguage":"es","@id":"https:\/\/secure.gravatar.com\/avatar\/31a1a7b66ff2de83bd0e9fd79d026630d2d99e55e8bfe501287647b4fd9743de?s=96&d=mm&r=g","url":"https:\/\/secure.gravatar.com\/avatar\/31a1a7b66ff2de83bd0e9fd79d026630d2d99e55e8bfe501287647b4fd9743de?s=96&d=mm&r=g","contentUrl":"https:\/\/secure.gravatar.com\/avatar\/31a1a7b66ff2de83bd0e9fd79d026630d2d99e55e8bfe501287647b4fd9743de?s=96&d=mm&r=g","caption":"Gonzalo Schmidt"},"description":"Sitio web de noticias de la provincia de Entre R\u00edos, Argentina. Informaci\u00f3n y entretenimiento. Informe Litoral, nos informamos.","sameAs":["http:\/\/www.isletasnoticias.com.ar"],"url":"https:\/\/informelitoral.com.ar\/author\/gonzalo\/"}]}},"_links":{"self":[{"href":"https:\/\/informelitoral.com.ar\/%77%70%2d%6a%73%6f%6e\/wp\/v2\/posts\/70379","targetHints":{"allow":["GET"]}}],"collection":[{"href":"https:\/\/informelitoral.com.ar\/%77%70%2d%6a%73%6f%6e\/wp\/v2\/posts"}],"about":[{"href":"https:\/\/informelitoral.com.ar\/%77%70%2d%6a%73%6f%6e\/wp\/v2\/types\/post"}],"author":[{"embeddable":true,"href":"https:\/\/informelitoral.com.ar\/%77%70%2d%6a%73%6f%6e\/wp\/v2\/users\/2"}],"replies":[{"embeddable":true,"href":"https:\/\/informelitoral.com.ar\/%77%70%2d%6a%73%6f%6e\/wp\/v2\/comments?post=70379"}],"version-history":[{"count":0,"href":"https:\/\/informelitoral.com.ar\/%77%70%2d%6a%73%6f%6e\/wp\/v2\/posts\/70379\/revisions"}],"wp:featuredmedia":[{"embeddable":true,"href":"https:\/\/informelitoral.com.ar\/%77%70%2d%6a%73%6f%6e\/wp\/v2\/media\/70382"}],"wp:attachment":[{"href":"https:\/\/informelitoral.com.ar\/%77%70%2d%6a%73%6f%6e\/wp\/v2\/media?parent=70379"}],"wp:term":[{"taxonomy":"category","embeddable":true,"href":"https:\/\/informelitoral.com.ar\/%77%70%2d%6a%73%6f%6e\/wp\/v2\/categories?post=70379"},{"taxonomy":"post_tag","embeddable":true,"href":"https:\/\/informelitoral.com.ar\/%77%70%2d%6a%73%6f%6e\/wp\/v2\/tags?post=70379"}],"curies":[{"name":"wp","href":"https:\/\/api.w.org\/{rel}","templated":true}]}}