{"id":70363,"date":"2022-01-15T19:52:59","date_gmt":"2022-01-15T22:52:59","guid":{"rendered":"https:\/\/www.informelitoral.com.ar\/?p=70363"},"modified":"2022-01-15T20:07:10","modified_gmt":"2022-01-15T23:07:10","slug":"policias-de-ramirez-y-aranguren-rescataron-a-un-adolescente-que-habia-caido-en-un-aljibe","status":"publish","type":"post","link":"https:\/\/informelitoral.com.ar\/policias-de-ramirez-y-aranguren-rescataron-a-un-adolescente-que-habia-caido-en-un-aljibe\/","title":{"rendered":"Polic\u00edas de Ram\u00edrez y Aranguren rescataron a un adolescente que hab\u00eda ca\u00eddo en un aljibe"},"content":{"rendered":"<p>En General Ram\u00edrez, un adolescente de 13 a\u00f1os sali\u00f3 de su casa con una bicicleta playera y no regresaba. Ante esa situaci\u00f3n, la abuela materna efectu\u00f3 la correspondiente denuncia en la Comisar\u00eda local.<\/p>\n<p>Los efectivos alertaron a la dependencia de la vecina localidad de Aranguren, departamento Nogoy\u00e1 y desde esa sede policial indicaron que en la madrugada hab\u00edan hallado una bicicleta abandonada en un camino rural entre ambas ciudades.<\/p>\n<div id='gallery-1' class='gallery galleryid-70363 gallery-columns-3 gallery-size-thumbnail'><figure class='gallery-item'>\n\t\t\t<div class='gallery-icon portrait'>\n\t\t\t\t<a href='https:\/\/informelitoral.com.ar\/policias-de-ramirez-y-aranguren-rescataron-a-un-adolescente-que-habia-caido-en-un-aljibe\/whatsapp-image-2022-01-15-at-18-38-51\/'><img loading=\"lazy\" decoding=\"async\" width=\"150\" height=\"150\" src=\"https:\/\/informelitoral.com.ar\/%77%70%2d%63%6f%6e%74%65%6e%74\/uploads\/2022\/01\/WhatsApp-Image-2022-01-15-at-18.38.51-150x150.jpeg\" class=\"attachment-thumbnail size-thumbnail\" alt=\"\" srcset=\"https:\/\/informelitoral.com.ar\/%77%70%2d%63%6f%6e%74%65%6e%74\/uploads\/2022\/01\/WhatsApp-Image-2022-01-15-at-18.38.51-150x150.jpeg 150w, https:\/\/informelitoral.com.ar\/%77%70%2d%63%6f%6e%74%65%6e%74\/uploads\/2022\/01\/WhatsApp-Image-2022-01-15-at-18.38.51-581x580.jpeg 581w\" sizes=\"auto, (max-width: 150px) 100vw, 150px\" \/><\/a>\n\t\t\t<\/div><\/figure><figure class='gallery-item'>\n\t\t\t<div class='gallery-icon portrait'>\n\t\t\t\t<a href='https:\/\/informelitoral.com.ar\/policias-de-ramirez-y-aranguren-rescataron-a-un-adolescente-que-habia-caido-en-un-aljibe\/whatsapp-image-2022-01-15-at-18-38-52\/'><img loading=\"lazy\" decoding=\"async\" width=\"150\" height=\"150\" src=\"https:\/\/informelitoral.com.ar\/%77%70%2d%63%6f%6e%74%65%6e%74\/uploads\/2022\/01\/WhatsApp-Image-2022-01-15-at-18.38.52-150x150.jpeg\" class=\"attachment-thumbnail size-thumbnail\" alt=\"\" \/><\/a>\n\t\t\t<\/div><\/figure><figure class='gallery-item'>\n\t\t\t<div class='gallery-icon landscape'>\n\t\t\t\t<a href='https:\/\/informelitoral.com.ar\/policias-de-ramirez-y-aranguren-rescataron-a-un-adolescente-que-habia-caido-en-un-aljibe\/whatsapp-image-2022-01-15-at-18-38-54-1\/'><img loading=\"lazy\" decoding=\"async\" width=\"150\" height=\"150\" src=\"https:\/\/informelitoral.com.ar\/%77%70%2d%63%6f%6e%74%65%6e%74\/uploads\/2022\/01\/WhatsApp-Image-2022-01-15-at-18.38.54-1-150x150.jpeg\" class=\"attachment-thumbnail size-thumbnail\" alt=\"\" \/><\/a>\n\t\t\t<\/div><\/figure><figure class='gallery-item'>\n\t\t\t<div class='gallery-icon portrait'>\n\t\t\t\t<a href='https:\/\/informelitoral.com.ar\/policias-de-ramirez-y-aranguren-rescataron-a-un-adolescente-que-habia-caido-en-un-aljibe\/whatsapp-image-2022-01-15-at-18-38-54\/'><img loading=\"lazy\" decoding=\"async\" width=\"150\" height=\"150\" src=\"https:\/\/informelitoral.com.ar\/%77%70%2d%63%6f%6e%74%65%6e%74\/uploads\/2022\/01\/WhatsApp-Image-2022-01-15-at-18.38.54-150x150.jpeg\" class=\"attachment-thumbnail size-thumbnail\" alt=\"\" srcset=\"https:\/\/informelitoral.com.ar\/%77%70%2d%63%6f%6e%74%65%6e%74\/uploads\/2022\/01\/WhatsApp-Image-2022-01-15-at-18.38.54-150x150.jpeg 150w, https:\/\/informelitoral.com.ar\/%77%70%2d%63%6f%6e%74%65%6e%74\/uploads\/2022\/01\/WhatsApp-Image-2022-01-15-at-18.38.54-581x580.jpeg 581w\" sizes=\"auto, (max-width: 150px) 100vw, 150px\" \/><\/a>\n\t\t\t<\/div><\/figure><figure class='gallery-item'>\n\t\t\t<div class='gallery-icon portrait'>\n\t\t\t\t<a href='https:\/\/informelitoral.com.ar\/policias-de-ramirez-y-aranguren-rescataron-a-un-adolescente-que-habia-caido-en-un-aljibe\/whatsapp-image-2022-01-15-at-18-38-56\/'><img loading=\"lazy\" decoding=\"async\" width=\"150\" height=\"150\" src=\"https:\/\/informelitoral.com.ar\/%77%70%2d%63%6f%6e%74%65%6e%74\/uploads\/2022\/01\/WhatsApp-Image-2022-01-15-at-18.38.56-150x150.jpeg\" class=\"attachment-thumbnail size-thumbnail\" alt=\"\" \/><\/a>\n\t\t\t<\/div><\/figure>\n\t\t<\/div>\n\n<p>Al respecto, el jefe de Comisar\u00eda Ram\u00edrez, subcomisario <strong>Luis Eduardo Arias<\/strong>, detall\u00f3 a <strong><em>Informe Litoral<\/em> <\/strong>que \u00abcon ambas novedades y pudiendo saber luego que el rodado encontrado pertenec\u00eda al menor en cuesti\u00f3n, se procede a efectuar, con conocimiento del magistrado local, un rastrillaje en la zona, trat\u00e1ndose de un camino alterno, rural, distante a unos tres kil\u00f3metros del casco urbano de General Ram\u00edrez\u00bb.<\/p>\n<p>En el lugar los uniformados ingresaron \u00abpor un campo sembrado con ma\u00edz a unos 200 metros aproximadamente del camino, en una arboleda, donde se encontraba un aljibe del cual proven\u00edan gritos. Al llegar al lugar se constat\u00f3 que se trataba del menor en referencia\u00bb, sostuvo Arias.<\/p>\n<p>De acuerdo al relato policial, los efectivos lo calmaron y a la vez se solicitaron la presencia de una ambulancia y bomberos.<\/p>\n<p>Sin embargo, \u00abcon la premura del caso y ante el conocimiento de que el menor manifestaba encontrarse bien\u00bb los uniformados all\u00ed presentes de Comisaria Ram\u00edrez y Aranguren, pudieron rescatar al joven del interior del aljibe, el cual posee unos 5 a 6 metros de profundidad.<\/p>\n<p>Ya con el menor afuera del pozo, se lo condujo al Hospital, Nuestra Se\u00f1ora de Luj\u00e1n de Ram\u00edrez, para curaciones en sus manos debido a quemaduras producto del descenso brusco realizado con una cuerda de nylon, y un corte con vidrio en uno de sus pies.<\/p>\n<p>\u00abEs de mencionar que dicho menor manifest\u00f3 que cay\u00f3 al mismo en el d\u00eda de la v\u00edspera en horas del mediod\u00eda pero a pesar de sus gritos desaforados nadie lo escuch\u00f3. Desde ese momento no comi\u00f3 ni bebi\u00f3 l\u00edquido y por la noche paso mucho frio, hasta el d\u00eda de hoy\u00bb que los uniformados dieron con \u00e9l.<\/p>\n<p>Los efectivos policiales tambi\u00e9n valoraron la predisposici\u00f3n r\u00e1pida de los Bomberos Voluntarios, pese a que no fue necesaria su intervenci\u00f3n.<\/p>\n<p>Los polic\u00edas que trabajaron para sacar al menor del pozo fueron: el oficial ayudante, Strak; el cabo 1\u00b0 Sosa; el segundo jefe de Comisar\u00eda Aranguren, subcomisario, Panizza y el jefe de Comisar\u00eda Ram\u00edrez, subcomisario, Luis Arias.<\/p>\n<p>Tambi\u00e9n se dio intervenci\u00f3n al m\u00e9dico de polic\u00eda y posteriormente se entreg\u00f3 al menor a su abuela quien agradeci\u00f3 con l\u00e1grimas el buen y r\u00e1pido accionar policial.<\/p>\n","protected":false},"excerpt":{"rendered":"<p>El menor de 13 a\u00f1os hab\u00eda salido en bicicleta y no volv\u00eda. Los efectivos primero localizaron el rodado y luego escucharon gritos dentro de una arboleda, donde encontraron al adolescente dentro de un pozo de unos 5 metros. Fue luego de la denuncia efectuada por su abuela materna. <\/p>\n","protected":false},"author":2,"featured_media":70366,"comment_status":"open","ping_status":"open","sticky":false,"template":"","format":"standard","meta":{"fifu_image_url":"","fifu_image_alt":"","footnotes":""},"categories":[14],"tags":[358],"class_list":{"0":"post-70363","1":"post","2":"type-post","3":"status-publish","4":"format-standard","5":"has-post-thumbnail","7":"category-policiales","8":"tag-comisaria-ramirez"},"yoast_head":"<title>Polic\u00edas de Ram\u00edrez y Aranguren rescataron a un adolescente que hab\u00eda ca\u00eddo en un aljibe - Informe Litoral<\/title>\n<meta name=\"robots\" content=\"index, follow, max-snippet:-1, max-image-preview:large, max-video-preview:-1\" \/>\n<link rel=\"canonical\" href=\"https:\/\/informelitoral.com.ar\/policias-de-ramirez-y-aranguren-rescataron-a-un-adolescente-que-habia-caido-en-un-aljibe\/\" \/>\n<meta property=\"og:locale\" content=\"es_ES\" \/>\n<meta property=\"og:type\" content=\"article\" \/>\n<meta property=\"og:title\" content=\"Polic\u00edas de Ram\u00edrez y Aranguren rescataron a un adolescente que hab\u00eda ca\u00eddo en un aljibe - Informe Litoral\" \/>\n<meta property=\"og:description\" content=\"El menor de 13 a\u00f1os hab\u00eda salido en bicicleta y no volv\u00eda. Los efectivos primero localizaron el rodado y luego escucharon gritos dentro de una arboleda, donde encontraron al adolescente dentro de un pozo de unos 5 metros. Fue luego de la denuncia efectuada por su abuela materna.\" \/>\n<meta property=\"og:url\" content=\"https:\/\/informelitoral.com.ar\/policias-de-ramirez-y-aranguren-rescataron-a-un-adolescente-que-habia-caido-en-un-aljibe\/\" \/>\n<meta property=\"og:site_name\" content=\"Informe Litoral\" \/>\n<meta property=\"article:publisher\" content=\"https:\/\/www.facebook.com\/informelitoral\/\" \/>\n<meta property=\"article:published_time\" content=\"2022-01-15T22:52:59+00:00\" \/>\n<meta property=\"article:modified_time\" content=\"2022-01-15T23:07:10+00:00\" \/>\n<meta property=\"og:image\" content=\"https:\/\/informelitoral.com.ar\/%77%70%2d%63%6f%6e%74%65%6e%74\/uploads\/2022\/01\/WhatsApp-Image-2022-01-15-at-18.38.54-1.jpeg\" \/>\n\t<meta property=\"og:image:width\" content=\"1600\" \/>\n\t<meta property=\"og:image:height\" content=\"1200\" \/>\n\t<meta property=\"og:image:type\" content=\"image\/jpeg\" \/>\n<meta name=\"author\" content=\"Gonzalo Schmidt\" \/>\n<meta name=\"twitter:card\" content=\"summary_large_image\" \/>\n<meta name=\"twitter:creator\" content=\"@InformeLitoral\" \/>\n<meta name=\"twitter:site\" content=\"@InformeLitoral\" \/>\n<meta name=\"twitter:label1\" content=\"Escrito por\" \/>\n\t<meta name=\"twitter:data1\" content=\"Gonzalo Schmidt\" \/>\n\t<meta name=\"twitter:label2\" content=\"Tiempo de lectura\" \/>\n\t<meta name=\"twitter:data2\" content=\"2 minutos\" \/>\n<script type=\"application\/ld+json\" class=\"yoast-schema-graph\">{\"@context\":\"https:\\\/\\\/schema.org\",\"@graph\":[{\"@type\":\"Article\",\"@id\":\"https:\\\/\\\/informelitoral.com.ar\\\/policias-de-ramirez-y-aranguren-rescataron-a-un-adolescente-que-habia-caido-en-un-aljibe\\\/#article\",\"isPartOf\":{\"@id\":\"https:\\\/\\\/informelitoral.com.ar\\\/policias-de-ramirez-y-aranguren-rescataron-a-un-adolescente-que-habia-caido-en-un-aljibe\\\/\"},\"author\":{\"name\":\"Gonzalo Schmidt\",\"@id\":\"https:\\\/\\\/informelitoral.com.ar\\\/#\\\/schema\\\/person\\\/b9d00407c836482871ef1d57bf8e3180\"},\"headline\":\"Polic\u00edas de Ram\u00edrez y Aranguren rescataron a un adolescente que hab\u00eda ca\u00eddo en un aljibe\",\"datePublished\":\"2022-01-15T22:52:59+00:00\",\"dateModified\":\"2022-01-15T23:07:10+00:00\",\"mainEntityOfPage\":{\"@id\":\"https:\\\/\\\/informelitoral.com.ar\\\/policias-de-ramirez-y-aranguren-rescataron-a-un-adolescente-que-habia-caido-en-un-aljibe\\\/\"},\"wordCount\":484,\"commentCount\":0,\"publisher\":{\"@id\":\"https:\\\/\\\/informelitoral.com.ar\\\/#organization\"},\"image\":{\"@id\":\"https:\\\/\\\/informelitoral.com.ar\\\/policias-de-ramirez-y-aranguren-rescataron-a-un-adolescente-que-habia-caido-en-un-aljibe\\\/#primaryimage\"},\"thumbnailUrl\":\"https:\\\/\\\/informelitoral.com.ar\\\/%77%70%2d%63%6f%6e%74%65%6e%74\\\/uploads\\\/2022\\\/01\\\/WhatsApp-Image-2022-01-15-at-18.38.54-1.jpeg\",\"keywords\":[\"Comisar\u00eda Ram\u00edrez\"],\"articleSection\":[\"Policiales\"],\"inLanguage\":\"es\",\"potentialAction\":[{\"@type\":\"CommentAction\",\"name\":\"Comment\",\"target\":[\"https:\\\/\\\/informelitoral.com.ar\\\/policias-de-ramirez-y-aranguren-rescataron-a-un-adolescente-que-habia-caido-en-un-aljibe\\\/#respond\"]}]},{\"@type\":\"WebPage\",\"@id\":\"https:\\\/\\\/informelitoral.com.ar\\\/policias-de-ramirez-y-aranguren-rescataron-a-un-adolescente-que-habia-caido-en-un-aljibe\\\/\",\"url\":\"https:\\\/\\\/informelitoral.com.ar\\\/policias-de-ramirez-y-aranguren-rescataron-a-un-adolescente-que-habia-caido-en-un-aljibe\\\/\",\"name\":\"Polic\u00edas de Ram\u00edrez y Aranguren rescataron a un adolescente que hab\u00eda ca\u00eddo en un aljibe - Informe Litoral\",\"isPartOf\":{\"@id\":\"https:\\\/\\\/informelitoral.com.ar\\\/#website\"},\"primaryImageOfPage\":{\"@id\":\"https:\\\/\\\/informelitoral.com.ar\\\/policias-de-ramirez-y-aranguren-rescataron-a-un-adolescente-que-habia-caido-en-un-aljibe\\\/#primaryimage\"},\"image\":{\"@id\":\"https:\\\/\\\/informelitoral.com.ar\\\/policias-de-ramirez-y-aranguren-rescataron-a-un-adolescente-que-habia-caido-en-un-aljibe\\\/#primaryimage\"},\"thumbnailUrl\":\"https:\\\/\\\/informelitoral.com.ar\\\/%77%70%2d%63%6f%6e%74%65%6e%74\\\/uploads\\\/2022\\\/01\\\/WhatsApp-Image-2022-01-15-at-18.38.54-1.jpeg\",\"datePublished\":\"2022-01-15T22:52:59+00:00\",\"dateModified\":\"2022-01-15T23:07:10+00:00\",\"breadcrumb\":{\"@id\":\"https:\\\/\\\/informelitoral.com.ar\\\/policias-de-ramirez-y-aranguren-rescataron-a-un-adolescente-que-habia-caido-en-un-aljibe\\\/#breadcrumb\"},\"inLanguage\":\"es\",\"potentialAction\":[{\"@type\":\"ReadAction\",\"target\":[\"https:\\\/\\\/informelitoral.com.ar\\\/policias-de-ramirez-y-aranguren-rescataron-a-un-adolescente-que-habia-caido-en-un-aljibe\\\/\"]}]},{\"@type\":\"ImageObject\",\"inLanguage\":\"es\",\"@id\":\"https:\\\/\\\/informelitoral.com.ar\\\/policias-de-ramirez-y-aranguren-rescataron-a-un-adolescente-que-habia-caido-en-un-aljibe\\\/#primaryimage\",\"url\":\"https:\\\/\\\/informelitoral.com.ar\\\/%77%70%2d%63%6f%6e%74%65%6e%74\\\/uploads\\\/2022\\\/01\\\/WhatsApp-Image-2022-01-15-at-18.38.54-1.jpeg\",\"contentUrl\":\"https:\\\/\\\/informelitoral.com.ar\\\/%77%70%2d%63%6f%6e%74%65%6e%74\\\/uploads\\\/2022\\\/01\\\/WhatsApp-Image-2022-01-15-at-18.38.54-1.jpeg\",\"width\":1600,\"height\":1200},{\"@type\":\"BreadcrumbList\",\"@id\":\"https:\\\/\\\/informelitoral.com.ar\\\/policias-de-ramirez-y-aranguren-rescataron-a-un-adolescente-que-habia-caido-en-un-aljibe\\\/#breadcrumb\",\"itemListElement\":[{\"@type\":\"ListItem\",\"position\":1,\"name\":\"Portada\",\"item\":\"https:\\\/\\\/informelitoral.com.ar\\\/\"},{\"@type\":\"ListItem\",\"position\":2,\"name\":\"Polic\u00edas de Ram\u00edrez y Aranguren rescataron a un adolescente que hab\u00eda ca\u00eddo en un aljibe\"}]},{\"@type\":\"WebSite\",\"@id\":\"https:\\\/\\\/informelitoral.com.ar\\\/#website\",\"url\":\"https:\\\/\\\/informelitoral.com.ar\\\/\",\"name\":\"Informe Litoral\",\"description\":\"&quot;Nos informamos&quot; \",\"publisher\":{\"@id\":\"https:\\\/\\\/informelitoral.com.ar\\\/#organization\"},\"potentialAction\":[{\"@type\":\"SearchAction\",\"target\":{\"@type\":\"EntryPoint\",\"urlTemplate\":\"https:\\\/\\\/informelitoral.com.ar\\\/?s={search_term_string}\"},\"query-input\":{\"@type\":\"PropertyValueSpecification\",\"valueRequired\":true,\"valueName\":\"search_term_string\"}}],\"inLanguage\":\"es\"},{\"@type\":\"Organization\",\"@id\":\"https:\\\/\\\/informelitoral.com.ar\\\/#organization\",\"name\":\"Informe Litoral\",\"url\":\"https:\\\/\\\/informelitoral.com.ar\\\/\",\"logo\":{\"@type\":\"ImageObject\",\"inLanguage\":\"es\",\"@id\":\"https:\\\/\\\/informelitoral.com.ar\\\/#\\\/schema\\\/logo\\\/image\\\/\",\"url\":\"https:\\\/\\\/informelitoral.com.ar\\\/%77%70%2d%63%6f%6e%74%65%6e%74\\\/uploads\\\/2021\\\/01\\\/circulo.png\",\"contentUrl\":\"https:\\\/\\\/informelitoral.com.ar\\\/%77%70%2d%63%6f%6e%74%65%6e%74\\\/uploads\\\/2021\\\/01\\\/circulo.png\",\"width\":723,\"height\":731,\"caption\":\"Informe Litoral\"},\"image\":{\"@id\":\"https:\\\/\\\/informelitoral.com.ar\\\/#\\\/schema\\\/logo\\\/image\\\/\"},\"sameAs\":[\"https:\\\/\\\/www.facebook.com\\\/informelitoral\\\/\",\"https:\\\/\\\/x.com\\\/InformeLitoral\",\"https:\\\/\\\/www.instagram.com\\\/informelitoral\\\/\",\"https:\\\/\\\/www.youtube.com\\\/channel\\\/UCua4Qvz8Icb6MYqhoq9xLXw\"]},{\"@type\":\"Person\",\"@id\":\"https:\\\/\\\/informelitoral.com.ar\\\/#\\\/schema\\\/person\\\/b9d00407c836482871ef1d57bf8e3180\",\"name\":\"Gonzalo Schmidt\",\"image\":{\"@type\":\"ImageObject\",\"inLanguage\":\"es\",\"@id\":\"https:\\\/\\\/secure.gravatar.com\\\/avatar\\\/31a1a7b66ff2de83bd0e9fd79d026630d2d99e55e8bfe501287647b4fd9743de?s=96&d=mm&r=g\",\"url\":\"https:\\\/\\\/secure.gravatar.com\\\/avatar\\\/31a1a7b66ff2de83bd0e9fd79d026630d2d99e55e8bfe501287647b4fd9743de?s=96&d=mm&r=g\",\"contentUrl\":\"https:\\\/\\\/secure.gravatar.com\\\/avatar\\\/31a1a7b66ff2de83bd0e9fd79d026630d2d99e55e8bfe501287647b4fd9743de?s=96&d=mm&r=g\",\"caption\":\"Gonzalo Schmidt\"},\"description\":\"Sitio web de noticias de la provincia de Entre R\u00edos, Argentina. Informaci\u00f3n y entretenimiento. Informe Litoral, nos informamos.\",\"sameAs\":[\"http:\\\/\\\/www.isletasnoticias.com.ar\"],\"url\":\"https:\\\/\\\/informelitoral.com.ar\\\/author\\\/gonzalo\\\/\"}]}<\/script>","yoast_head_json":{"title":"Polic\u00edas de Ram\u00edrez y Aranguren rescataron a un adolescente que hab\u00eda ca\u00eddo en un aljibe - Informe Litoral","robots":{"index":"index","follow":"follow","max-snippet":"max-snippet:-1","max-image-preview":"max-image-preview:large","max-video-preview":"max-video-preview:-1"},"canonical":"https:\/\/informelitoral.com.ar\/policias-de-ramirez-y-aranguren-rescataron-a-un-adolescente-que-habia-caido-en-un-aljibe\/","og_locale":"es_ES","og_type":"article","og_title":"Polic\u00edas de Ram\u00edrez y Aranguren rescataron a un adolescente que hab\u00eda ca\u00eddo en un aljibe - Informe Litoral","og_description":"El menor de 13 a\u00f1os hab\u00eda salido en bicicleta y no volv\u00eda. Los efectivos primero localizaron el rodado y luego escucharon gritos dentro de una arboleda, donde encontraron al adolescente dentro de un pozo de unos 5 metros. Fue luego de la denuncia efectuada por su abuela materna.","og_url":"https:\/\/informelitoral.com.ar\/policias-de-ramirez-y-aranguren-rescataron-a-un-adolescente-que-habia-caido-en-un-aljibe\/","og_site_name":"Informe Litoral","article_publisher":"https:\/\/www.facebook.com\/informelitoral\/","article_published_time":"2022-01-15T22:52:59+00:00","article_modified_time":"2022-01-15T23:07:10+00:00","og_image":[{"width":1600,"height":1200,"url":"https:\/\/informelitoral.com.ar\/%77%70%2d%63%6f%6e%74%65%6e%74\/uploads\/2022\/01\/WhatsApp-Image-2022-01-15-at-18.38.54-1.jpeg","type":"image\/jpeg"}],"author":"Gonzalo Schmidt","twitter_card":"summary_large_image","twitter_creator":"@InformeLitoral","twitter_site":"@InformeLitoral","twitter_misc":{"Escrito por":"Gonzalo Schmidt","Tiempo de lectura":"2 minutos"},"schema":{"@context":"https:\/\/schema.org","@graph":[{"@type":"Article","@id":"https:\/\/informelitoral.com.ar\/policias-de-ramirez-y-aranguren-rescataron-a-un-adolescente-que-habia-caido-en-un-aljibe\/#article","isPartOf":{"@id":"https:\/\/informelitoral.com.ar\/policias-de-ramirez-y-aranguren-rescataron-a-un-adolescente-que-habia-caido-en-un-aljibe\/"},"author":{"name":"Gonzalo Schmidt","@id":"https:\/\/informelitoral.com.ar\/#\/schema\/person\/b9d00407c836482871ef1d57bf8e3180"},"headline":"Polic\u00edas de Ram\u00edrez y Aranguren rescataron a un adolescente que hab\u00eda ca\u00eddo en un aljibe","datePublished":"2022-01-15T22:52:59+00:00","dateModified":"2022-01-15T23:07:10+00:00","mainEntityOfPage":{"@id":"https:\/\/informelitoral.com.ar\/policias-de-ramirez-y-aranguren-rescataron-a-un-adolescente-que-habia-caido-en-un-aljibe\/"},"wordCount":484,"commentCount":0,"publisher":{"@id":"https:\/\/informelitoral.com.ar\/#organization"},"image":{"@id":"https:\/\/informelitoral.com.ar\/policias-de-ramirez-y-aranguren-rescataron-a-un-adolescente-que-habia-caido-en-un-aljibe\/#primaryimage"},"thumbnailUrl":"https:\/\/informelitoral.com.ar\/%77%70%2d%63%6f%6e%74%65%6e%74\/uploads\/2022\/01\/WhatsApp-Image-2022-01-15-at-18.38.54-1.jpeg","keywords":["Comisar\u00eda Ram\u00edrez"],"articleSection":["Policiales"],"inLanguage":"es","potentialAction":[{"@type":"CommentAction","name":"Comment","target":["https:\/\/informelitoral.com.ar\/policias-de-ramirez-y-aranguren-rescataron-a-un-adolescente-que-habia-caido-en-un-aljibe\/#respond"]}]},{"@type":"WebPage","@id":"https:\/\/informelitoral.com.ar\/policias-de-ramirez-y-aranguren-rescataron-a-un-adolescente-que-habia-caido-en-un-aljibe\/","url":"https:\/\/informelitoral.com.ar\/policias-de-ramirez-y-aranguren-rescataron-a-un-adolescente-que-habia-caido-en-un-aljibe\/","name":"Polic\u00edas de Ram\u00edrez y Aranguren rescataron a un adolescente que hab\u00eda ca\u00eddo en un aljibe - Informe Litoral","isPartOf":{"@id":"https:\/\/informelitoral.com.ar\/#website"},"primaryImageOfPage":{"@id":"https:\/\/informelitoral.com.ar\/policias-de-ramirez-y-aranguren-rescataron-a-un-adolescente-que-habia-caido-en-un-aljibe\/#primaryimage"},"image":{"@id":"https:\/\/informelitoral.com.ar\/policias-de-ramirez-y-aranguren-rescataron-a-un-adolescente-que-habia-caido-en-un-aljibe\/#primaryimage"},"thumbnailUrl":"https:\/\/informelitoral.com.ar\/%77%70%2d%63%6f%6e%74%65%6e%74\/uploads\/2022\/01\/WhatsApp-Image-2022-01-15-at-18.38.54-1.jpeg","datePublished":"2022-01-15T22:52:59+00:00","dateModified":"2022-01-15T23:07:10+00:00","breadcrumb":{"@id":"https:\/\/informelitoral.com.ar\/policias-de-ramirez-y-aranguren-rescataron-a-un-adolescente-que-habia-caido-en-un-aljibe\/#breadcrumb"},"inLanguage":"es","potentialAction":[{"@type":"ReadAction","target":["https:\/\/informelitoral.com.ar\/policias-de-ramirez-y-aranguren-rescataron-a-un-adolescente-que-habia-caido-en-un-aljibe\/"]}]},{"@type":"ImageObject","inLanguage":"es","@id":"https:\/\/informelitoral.com.ar\/policias-de-ramirez-y-aranguren-rescataron-a-un-adolescente-que-habia-caido-en-un-aljibe\/#primaryimage","url":"https:\/\/informelitoral.com.ar\/%77%70%2d%63%6f%6e%74%65%6e%74\/uploads\/2022\/01\/WhatsApp-Image-2022-01-15-at-18.38.54-1.jpeg","contentUrl":"https:\/\/informelitoral.com.ar\/%77%70%2d%63%6f%6e%74%65%6e%74\/uploads\/2022\/01\/WhatsApp-Image-2022-01-15-at-18.38.54-1.jpeg","width":1600,"height":1200},{"@type":"BreadcrumbList","@id":"https:\/\/informelitoral.com.ar\/policias-de-ramirez-y-aranguren-rescataron-a-un-adolescente-que-habia-caido-en-un-aljibe\/#breadcrumb","itemListElement":[{"@type":"ListItem","position":1,"name":"Portada","item":"https:\/\/informelitoral.com.ar\/"},{"@type":"ListItem","position":2,"name":"Polic\u00edas de Ram\u00edrez y Aranguren rescataron a un adolescente que hab\u00eda ca\u00eddo en un aljibe"}]},{"@type":"WebSite","@id":"https:\/\/informelitoral.com.ar\/#website","url":"https:\/\/informelitoral.com.ar\/","name":"Informe Litoral","description":"&quot;Nos informamos&quot; ","publisher":{"@id":"https:\/\/informelitoral.com.ar\/#organization"},"potentialAction":[{"@type":"SearchAction","target":{"@type":"EntryPoint","urlTemplate":"https:\/\/informelitoral.com.ar\/?s={search_term_string}"},"query-input":{"@type":"PropertyValueSpecification","valueRequired":true,"valueName":"search_term_string"}}],"inLanguage":"es"},{"@type":"Organization","@id":"https:\/\/informelitoral.com.ar\/#organization","name":"Informe Litoral","url":"https:\/\/informelitoral.com.ar\/","logo":{"@type":"ImageObject","inLanguage":"es","@id":"https:\/\/informelitoral.com.ar\/#\/schema\/logo\/image\/","url":"https:\/\/informelitoral.com.ar\/%77%70%2d%63%6f%6e%74%65%6e%74\/uploads\/2021\/01\/circulo.png","contentUrl":"https:\/\/informelitoral.com.ar\/%77%70%2d%63%6f%6e%74%65%6e%74\/uploads\/2021\/01\/circulo.png","width":723,"height":731,"caption":"Informe Litoral"},"image":{"@id":"https:\/\/informelitoral.com.ar\/#\/schema\/logo\/image\/"},"sameAs":["https:\/\/www.facebook.com\/informelitoral\/","https:\/\/x.com\/InformeLitoral","https:\/\/www.instagram.com\/informelitoral\/","https:\/\/www.youtube.com\/channel\/UCua4Qvz8Icb6MYqhoq9xLXw"]},{"@type":"Person","@id":"https:\/\/informelitoral.com.ar\/#\/schema\/person\/b9d00407c836482871ef1d57bf8e3180","name":"Gonzalo Schmidt","image":{"@type":"ImageObject","inLanguage":"es","@id":"https:\/\/secure.gravatar.com\/avatar\/31a1a7b66ff2de83bd0e9fd79d026630d2d99e55e8bfe501287647b4fd9743de?s=96&d=mm&r=g","url":"https:\/\/secure.gravatar.com\/avatar\/31a1a7b66ff2de83bd0e9fd79d026630d2d99e55e8bfe501287647b4fd9743de?s=96&d=mm&r=g","contentUrl":"https:\/\/secure.gravatar.com\/avatar\/31a1a7b66ff2de83bd0e9fd79d026630d2d99e55e8bfe501287647b4fd9743de?s=96&d=mm&r=g","caption":"Gonzalo Schmidt"},"description":"Sitio web de noticias de la provincia de Entre R\u00edos, Argentina. Informaci\u00f3n y entretenimiento. Informe Litoral, nos informamos.","sameAs":["http:\/\/www.isletasnoticias.com.ar"],"url":"https:\/\/informelitoral.com.ar\/author\/gonzalo\/"}]}},"_links":{"self":[{"href":"https:\/\/informelitoral.com.ar\/%77%70%2d%6a%73%6f%6e\/wp\/v2\/posts\/70363","targetHints":{"allow":["GET"]}}],"collection":[{"href":"https:\/\/informelitoral.com.ar\/%77%70%2d%6a%73%6f%6e\/wp\/v2\/posts"}],"about":[{"href":"https:\/\/informelitoral.com.ar\/%77%70%2d%6a%73%6f%6e\/wp\/v2\/types\/post"}],"author":[{"embeddable":true,"href":"https:\/\/informelitoral.com.ar\/%77%70%2d%6a%73%6f%6e\/wp\/v2\/users\/2"}],"replies":[{"embeddable":true,"href":"https:\/\/informelitoral.com.ar\/%77%70%2d%6a%73%6f%6e\/wp\/v2\/comments?post=70363"}],"version-history":[{"count":0,"href":"https:\/\/informelitoral.com.ar\/%77%70%2d%6a%73%6f%6e\/wp\/v2\/posts\/70363\/revisions"}],"wp:featuredmedia":[{"embeddable":true,"href":"https:\/\/informelitoral.com.ar\/%77%70%2d%6a%73%6f%6e\/wp\/v2\/media\/70366"}],"wp:attachment":[{"href":"https:\/\/informelitoral.com.ar\/%77%70%2d%6a%73%6f%6e\/wp\/v2\/media?parent=70363"}],"wp:term":[{"taxonomy":"category","embeddable":true,"href":"https:\/\/informelitoral.com.ar\/%77%70%2d%6a%73%6f%6e\/wp\/v2\/categories?post=70363"},{"taxonomy":"post_tag","embeddable":true,"href":"https:\/\/informelitoral.com.ar\/%77%70%2d%6a%73%6f%6e\/wp\/v2\/tags?post=70363"}],"curies":[{"name":"wp","href":"https:\/\/api.w.org\/{rel}","templated":true}]}}