{"id":70335,"date":"2022-01-15T13:37:25","date_gmt":"2022-01-15T16:37:25","guid":{"rendered":"https:\/\/www.informelitoral.com.ar\/?p=70335"},"modified":"2022-01-15T14:43:13","modified_gmt":"2022-01-15T17:43:13","slug":"esta-semana-se-avanzo-fuertemente-en-la-aplicacion-de-dosis-de-refuerzo-en-entre-rios","status":"publish","type":"post","link":"https:\/\/informelitoral.com.ar\/esta-semana-se-avanzo-fuertemente-en-la-aplicacion-de-dosis-de-refuerzo-en-entre-rios\/","title":{"rendered":"Esta semana se avanz\u00f3 fuertemente en la aplicaci\u00f3n de dosis de refuerzo en Entre R\u00edos"},"content":{"rendered":"<p>En virtud del avance del Plan Rector de Vacunaci\u00f3n contra el Covid-19, el Ministerio de Salud de Entre R\u00edos contin\u00faa desarrollando operativos en diferentes puntos de la provincia. Si bien se siguen aplicando primeras y segundas dosis, durante estos d\u00edas la estrategia se centr\u00f3 fuertemente en la colocaci\u00f3n de refuerzos a mayores de 18 a\u00f1os con cuatro meses de intervalo desde la \u00faltima dosis.<\/p>\n<p>Puntualmente, en la ciudad de Paran\u00e1, durante esta semana se han llevado a cabo sendas jornadas, con turno previo, tanto en el hospital De la Baxada Dra. Teresa Ratto, como en el Complejo Escuela Hogar Eva Per\u00f3n.<\/p>\n<p>De esta manera, en el nosocomio se colocaron en promedio unas 3000 dosis por d\u00eda, por lo que desde el lunes 10 al viernes 14 fueron inoculadas unas 15.000 personas. En tanto que en el Complejo Escuela Hogar se aplicaron unas 1300 por d\u00eda y el total de la semana asciende a unas 6500 personas vacunadas. Sumando m\u00e1s de 21.000 en la capital entrerriana.<\/p>\n<p>La dosis de refuerzo o booster es la administraci\u00f3n de una dosis de vacuna luego de un esquema primario con respuesta inmunol\u00f3gica inicial suficiente. El refuerzo es de gran importancia debido a que si ya ha pasado el plazo interdosis se presenta una posible disminuci\u00f3n de la respuesta de la vacuna, m\u00e1s a\u00fan teniendo en cuenta la situaci\u00f3n epidemiol\u00f3gica actual por las nuevas variantes.<\/p>\n<p>En este sentido, a las personas que ya cumplieron con los cuatro meses de intervalo desde la \u00faltima dosis se las est\u00e1 citando progresivamente para recibir el refuerzo. Los turnos est\u00e1n siendo otorgados teniendo en cuenta el orden decreciente por edad.<\/p>\n<p>Actualmente, las marcas aprobadas para el refuerzo son: AstraZeneca, Sputnik 1, Moderna y Pfizer, seg\u00fan disponibilidad.<\/p>\n","protected":false},"excerpt":{"rendered":"<p>La provincia contin\u00faa con la aplicaci\u00f3n de refuerzos de la vacuna contra el Covid-19 en diferentes puntos del territorio entrerriano. Durante esta semana se desarrollaron sendos operativos, con turno previo, destinados a personas con cuatro meses cumplidos de intervalo desde la \u00faltima dosis.<\/p>\n","protected":false},"author":8,"featured_media":70336,"comment_status":"open","ping_status":"open","sticky":false,"template":"","format":"standard","meta":{"fifu_image_url":"","fifu_image_alt":"","footnotes":""},"categories":[1595],"tags":[1481,2917,2916,214],"class_list":{"0":"post-70335","1":"post","2":"type-post","3":"status-publish","4":"format-standard","5":"has-post-thumbnail","7":"category-salud","8":"tag-covid-19","9":"tag-dosis","10":"tag-ministerio-de-salud-de-entre-rios","11":"tag-vacunacion"},"yoast_head":"<title>Esta semana se avanz\u00f3 fuertemente en la aplicaci\u00f3n de dosis de refuerzo en Entre R\u00edos - Informe Litoral<\/title>\n<meta name=\"robots\" content=\"index, follow, max-snippet:-1, max-image-preview:large, max-video-preview:-1\" \/>\n<link rel=\"canonical\" href=\"https:\/\/informelitoral.com.ar\/esta-semana-se-avanzo-fuertemente-en-la-aplicacion-de-dosis-de-refuerzo-en-entre-rios\/\" \/>\n<meta property=\"og:locale\" content=\"es_ES\" \/>\n<meta property=\"og:type\" content=\"article\" \/>\n<meta property=\"og:title\" content=\"Esta semana se avanz\u00f3 fuertemente en la aplicaci\u00f3n de dosis de refuerzo en Entre R\u00edos - Informe Litoral\" \/>\n<meta property=\"og:description\" content=\"La provincia contin\u00faa con la aplicaci\u00f3n de refuerzos de la vacuna contra el Covid-19 en diferentes puntos del territorio entrerriano. Durante esta semana se desarrollaron sendos operativos, con turno previo, destinados a personas con cuatro meses cumplidos de intervalo desde la \u00faltima dosis.\" \/>\n<meta property=\"og:url\" content=\"https:\/\/informelitoral.com.ar\/esta-semana-se-avanzo-fuertemente-en-la-aplicacion-de-dosis-de-refuerzo-en-entre-rios\/\" \/>\n<meta property=\"og:site_name\" content=\"Informe Litoral\" \/>\n<meta property=\"article:publisher\" content=\"https:\/\/www.facebook.com\/informelitoral\/\" \/>\n<meta property=\"article:published_time\" content=\"2022-01-15T16:37:25+00:00\" \/>\n<meta property=\"article:modified_time\" content=\"2022-01-15T17:43:13+00:00\" \/>\n<meta property=\"og:image\" content=\"https:\/\/informelitoral.com.ar\/%77%70%2d%63%6f%6e%74%65%6e%74\/uploads\/2022\/01\/1-152-700x391-1.jpg\" \/>\n\t<meta property=\"og:image:width\" content=\"700\" \/>\n\t<meta property=\"og:image:height\" content=\"391\" \/>\n\t<meta property=\"og:image:type\" content=\"image\/jpeg\" \/>\n<meta name=\"author\" content=\"Sebastian\" \/>\n<meta name=\"twitter:card\" content=\"summary_large_image\" \/>\n<meta name=\"twitter:creator\" content=\"@InformeLitoral\" \/>\n<meta name=\"twitter:site\" content=\"@InformeLitoral\" \/>\n<meta name=\"twitter:label1\" content=\"Escrito por\" \/>\n\t<meta name=\"twitter:data1\" content=\"Sebastian\" \/>\n\t<meta name=\"twitter:label2\" content=\"Tiempo de lectura\" \/>\n\t<meta name=\"twitter:data2\" content=\"1 minuto\" \/>\n<script type=\"application\/ld+json\" class=\"yoast-schema-graph\">{\"@context\":\"https:\\\/\\\/schema.org\",\"@graph\":[{\"@type\":\"Article\",\"@id\":\"https:\\\/\\\/informelitoral.com.ar\\\/esta-semana-se-avanzo-fuertemente-en-la-aplicacion-de-dosis-de-refuerzo-en-entre-rios\\\/#article\",\"isPartOf\":{\"@id\":\"https:\\\/\\\/informelitoral.com.ar\\\/esta-semana-se-avanzo-fuertemente-en-la-aplicacion-de-dosis-de-refuerzo-en-entre-rios\\\/\"},\"author\":{\"name\":\"Sebastian\",\"@id\":\"https:\\\/\\\/informelitoral.com.ar\\\/#\\\/schema\\\/person\\\/f05f9f461677119578717524b127d6d5\"},\"headline\":\"Esta semana se avanz\u00f3 fuertemente en la aplicaci\u00f3n de dosis de refuerzo en Entre R\u00edos\",\"datePublished\":\"2022-01-15T16:37:25+00:00\",\"dateModified\":\"2022-01-15T17:43:13+00:00\",\"mainEntityOfPage\":{\"@id\":\"https:\\\/\\\/informelitoral.com.ar\\\/esta-semana-se-avanzo-fuertemente-en-la-aplicacion-de-dosis-de-refuerzo-en-entre-rios\\\/\"},\"wordCount\":313,\"commentCount\":0,\"publisher\":{\"@id\":\"https:\\\/\\\/informelitoral.com.ar\\\/#organization\"},\"image\":{\"@id\":\"https:\\\/\\\/informelitoral.com.ar\\\/esta-semana-se-avanzo-fuertemente-en-la-aplicacion-de-dosis-de-refuerzo-en-entre-rios\\\/#primaryimage\"},\"thumbnailUrl\":\"https:\\\/\\\/informelitoral.com.ar\\\/%77%70%2d%63%6f%6e%74%65%6e%74\\\/uploads\\\/2022\\\/01\\\/1-152-700x391-1.jpg\",\"keywords\":[\"COVID-19\",\"Dosis\",\"Ministerio de Salud de Entre R\u00edos\",\"Vacunaci\u00f3n\"],\"articleSection\":[\"Salud\"],\"inLanguage\":\"es\",\"potentialAction\":[{\"@type\":\"CommentAction\",\"name\":\"Comment\",\"target\":[\"https:\\\/\\\/informelitoral.com.ar\\\/esta-semana-se-avanzo-fuertemente-en-la-aplicacion-de-dosis-de-refuerzo-en-entre-rios\\\/#respond\"]}]},{\"@type\":\"WebPage\",\"@id\":\"https:\\\/\\\/informelitoral.com.ar\\\/esta-semana-se-avanzo-fuertemente-en-la-aplicacion-de-dosis-de-refuerzo-en-entre-rios\\\/\",\"url\":\"https:\\\/\\\/informelitoral.com.ar\\\/esta-semana-se-avanzo-fuertemente-en-la-aplicacion-de-dosis-de-refuerzo-en-entre-rios\\\/\",\"name\":\"Esta semana se avanz\u00f3 fuertemente en la aplicaci\u00f3n de dosis de refuerzo en Entre R\u00edos - Informe Litoral\",\"isPartOf\":{\"@id\":\"https:\\\/\\\/informelitoral.com.ar\\\/#website\"},\"primaryImageOfPage\":{\"@id\":\"https:\\\/\\\/informelitoral.com.ar\\\/esta-semana-se-avanzo-fuertemente-en-la-aplicacion-de-dosis-de-refuerzo-en-entre-rios\\\/#primaryimage\"},\"image\":{\"@id\":\"https:\\\/\\\/informelitoral.com.ar\\\/esta-semana-se-avanzo-fuertemente-en-la-aplicacion-de-dosis-de-refuerzo-en-entre-rios\\\/#primaryimage\"},\"thumbnailUrl\":\"https:\\\/\\\/informelitoral.com.ar\\\/%77%70%2d%63%6f%6e%74%65%6e%74\\\/uploads\\\/2022\\\/01\\\/1-152-700x391-1.jpg\",\"datePublished\":\"2022-01-15T16:37:25+00:00\",\"dateModified\":\"2022-01-15T17:43:13+00:00\",\"breadcrumb\":{\"@id\":\"https:\\\/\\\/informelitoral.com.ar\\\/esta-semana-se-avanzo-fuertemente-en-la-aplicacion-de-dosis-de-refuerzo-en-entre-rios\\\/#breadcrumb\"},\"inLanguage\":\"es\",\"potentialAction\":[{\"@type\":\"ReadAction\",\"target\":[\"https:\\\/\\\/informelitoral.com.ar\\\/esta-semana-se-avanzo-fuertemente-en-la-aplicacion-de-dosis-de-refuerzo-en-entre-rios\\\/\"]}]},{\"@type\":\"ImageObject\",\"inLanguage\":\"es\",\"@id\":\"https:\\\/\\\/informelitoral.com.ar\\\/esta-semana-se-avanzo-fuertemente-en-la-aplicacion-de-dosis-de-refuerzo-en-entre-rios\\\/#primaryimage\",\"url\":\"https:\\\/\\\/informelitoral.com.ar\\\/%77%70%2d%63%6f%6e%74%65%6e%74\\\/uploads\\\/2022\\\/01\\\/1-152-700x391-1.jpg\",\"contentUrl\":\"https:\\\/\\\/informelitoral.com.ar\\\/%77%70%2d%63%6f%6e%74%65%6e%74\\\/uploads\\\/2022\\\/01\\\/1-152-700x391-1.jpg\",\"width\":700,\"height\":391},{\"@type\":\"BreadcrumbList\",\"@id\":\"https:\\\/\\\/informelitoral.com.ar\\\/esta-semana-se-avanzo-fuertemente-en-la-aplicacion-de-dosis-de-refuerzo-en-entre-rios\\\/#breadcrumb\",\"itemListElement\":[{\"@type\":\"ListItem\",\"position\":1,\"name\":\"Portada\",\"item\":\"https:\\\/\\\/informelitoral.com.ar\\\/\"},{\"@type\":\"ListItem\",\"position\":2,\"name\":\"Esta semana se avanz\u00f3 fuertemente en la aplicaci\u00f3n de dosis de refuerzo en Entre R\u00edos\"}]},{\"@type\":\"WebSite\",\"@id\":\"https:\\\/\\\/informelitoral.com.ar\\\/#website\",\"url\":\"https:\\\/\\\/informelitoral.com.ar\\\/\",\"name\":\"Informe Litoral\",\"description\":\"&quot;Nos informamos&quot; \",\"publisher\":{\"@id\":\"https:\\\/\\\/informelitoral.com.ar\\\/#organization\"},\"potentialAction\":[{\"@type\":\"SearchAction\",\"target\":{\"@type\":\"EntryPoint\",\"urlTemplate\":\"https:\\\/\\\/informelitoral.com.ar\\\/?s={search_term_string}\"},\"query-input\":{\"@type\":\"PropertyValueSpecification\",\"valueRequired\":true,\"valueName\":\"search_term_string\"}}],\"inLanguage\":\"es\"},{\"@type\":\"Organization\",\"@id\":\"https:\\\/\\\/informelitoral.com.ar\\\/#organization\",\"name\":\"Informe Litoral\",\"url\":\"https:\\\/\\\/informelitoral.com.ar\\\/\",\"logo\":{\"@type\":\"ImageObject\",\"inLanguage\":\"es\",\"@id\":\"https:\\\/\\\/informelitoral.com.ar\\\/#\\\/schema\\\/logo\\\/image\\\/\",\"url\":\"https:\\\/\\\/informelitoral.com.ar\\\/%77%70%2d%63%6f%6e%74%65%6e%74\\\/uploads\\\/2021\\\/01\\\/circulo.png\",\"contentUrl\":\"https:\\\/\\\/informelitoral.com.ar\\\/%77%70%2d%63%6f%6e%74%65%6e%74\\\/uploads\\\/2021\\\/01\\\/circulo.png\",\"width\":723,\"height\":731,\"caption\":\"Informe Litoral\"},\"image\":{\"@id\":\"https:\\\/\\\/informelitoral.com.ar\\\/#\\\/schema\\\/logo\\\/image\\\/\"},\"sameAs\":[\"https:\\\/\\\/www.facebook.com\\\/informelitoral\\\/\",\"https:\\\/\\\/x.com\\\/InformeLitoral\",\"https:\\\/\\\/www.instagram.com\\\/informelitoral\\\/\",\"https:\\\/\\\/www.youtube.com\\\/channel\\\/UCua4Qvz8Icb6MYqhoq9xLXw\"]},{\"@type\":\"Person\",\"@id\":\"https:\\\/\\\/informelitoral.com.ar\\\/#\\\/schema\\\/person\\\/f05f9f461677119578717524b127d6d5\",\"name\":\"Sebastian\",\"image\":{\"@type\":\"ImageObject\",\"inLanguage\":\"es\",\"@id\":\"https:\\\/\\\/secure.gravatar.com\\\/avatar\\\/b71bf7481d447dfb9583c7f2798e7cc64de6efb9067b74633ed8c31059a3bd82?s=96&d=mm&r=g\",\"url\":\"https:\\\/\\\/secure.gravatar.com\\\/avatar\\\/b71bf7481d447dfb9583c7f2798e7cc64de6efb9067b74633ed8c31059a3bd82?s=96&d=mm&r=g\",\"contentUrl\":\"https:\\\/\\\/secure.gravatar.com\\\/avatar\\\/b71bf7481d447dfb9583c7f2798e7cc64de6efb9067b74633ed8c31059a3bd82?s=96&d=mm&r=g\",\"caption\":\"Sebastian\"},\"url\":\"https:\\\/\\\/informelitoral.com.ar\\\/author\\\/sebastian\\\/\"}]}<\/script>","yoast_head_json":{"title":"Esta semana se avanz\u00f3 fuertemente en la aplicaci\u00f3n de dosis de refuerzo en Entre R\u00edos - Informe Litoral","robots":{"index":"index","follow":"follow","max-snippet":"max-snippet:-1","max-image-preview":"max-image-preview:large","max-video-preview":"max-video-preview:-1"},"canonical":"https:\/\/informelitoral.com.ar\/esta-semana-se-avanzo-fuertemente-en-la-aplicacion-de-dosis-de-refuerzo-en-entre-rios\/","og_locale":"es_ES","og_type":"article","og_title":"Esta semana se avanz\u00f3 fuertemente en la aplicaci\u00f3n de dosis de refuerzo en Entre R\u00edos - Informe Litoral","og_description":"La provincia contin\u00faa con la aplicaci\u00f3n de refuerzos de la vacuna contra el Covid-19 en diferentes puntos del territorio entrerriano. Durante esta semana se desarrollaron sendos operativos, con turno previo, destinados a personas con cuatro meses cumplidos de intervalo desde la \u00faltima dosis.","og_url":"https:\/\/informelitoral.com.ar\/esta-semana-se-avanzo-fuertemente-en-la-aplicacion-de-dosis-de-refuerzo-en-entre-rios\/","og_site_name":"Informe Litoral","article_publisher":"https:\/\/www.facebook.com\/informelitoral\/","article_published_time":"2022-01-15T16:37:25+00:00","article_modified_time":"2022-01-15T17:43:13+00:00","og_image":[{"width":700,"height":391,"url":"https:\/\/informelitoral.com.ar\/%77%70%2d%63%6f%6e%74%65%6e%74\/uploads\/2022\/01\/1-152-700x391-1.jpg","type":"image\/jpeg"}],"author":"Sebastian","twitter_card":"summary_large_image","twitter_creator":"@InformeLitoral","twitter_site":"@InformeLitoral","twitter_misc":{"Escrito por":"Sebastian","Tiempo de lectura":"1 minuto"},"schema":{"@context":"https:\/\/schema.org","@graph":[{"@type":"Article","@id":"https:\/\/informelitoral.com.ar\/esta-semana-se-avanzo-fuertemente-en-la-aplicacion-de-dosis-de-refuerzo-en-entre-rios\/#article","isPartOf":{"@id":"https:\/\/informelitoral.com.ar\/esta-semana-se-avanzo-fuertemente-en-la-aplicacion-de-dosis-de-refuerzo-en-entre-rios\/"},"author":{"name":"Sebastian","@id":"https:\/\/informelitoral.com.ar\/#\/schema\/person\/f05f9f461677119578717524b127d6d5"},"headline":"Esta semana se avanz\u00f3 fuertemente en la aplicaci\u00f3n de dosis de refuerzo en Entre R\u00edos","datePublished":"2022-01-15T16:37:25+00:00","dateModified":"2022-01-15T17:43:13+00:00","mainEntityOfPage":{"@id":"https:\/\/informelitoral.com.ar\/esta-semana-se-avanzo-fuertemente-en-la-aplicacion-de-dosis-de-refuerzo-en-entre-rios\/"},"wordCount":313,"commentCount":0,"publisher":{"@id":"https:\/\/informelitoral.com.ar\/#organization"},"image":{"@id":"https:\/\/informelitoral.com.ar\/esta-semana-se-avanzo-fuertemente-en-la-aplicacion-de-dosis-de-refuerzo-en-entre-rios\/#primaryimage"},"thumbnailUrl":"https:\/\/informelitoral.com.ar\/%77%70%2d%63%6f%6e%74%65%6e%74\/uploads\/2022\/01\/1-152-700x391-1.jpg","keywords":["COVID-19","Dosis","Ministerio de Salud de Entre R\u00edos","Vacunaci\u00f3n"],"articleSection":["Salud"],"inLanguage":"es","potentialAction":[{"@type":"CommentAction","name":"Comment","target":["https:\/\/informelitoral.com.ar\/esta-semana-se-avanzo-fuertemente-en-la-aplicacion-de-dosis-de-refuerzo-en-entre-rios\/#respond"]}]},{"@type":"WebPage","@id":"https:\/\/informelitoral.com.ar\/esta-semana-se-avanzo-fuertemente-en-la-aplicacion-de-dosis-de-refuerzo-en-entre-rios\/","url":"https:\/\/informelitoral.com.ar\/esta-semana-se-avanzo-fuertemente-en-la-aplicacion-de-dosis-de-refuerzo-en-entre-rios\/","name":"Esta semana se avanz\u00f3 fuertemente en la aplicaci\u00f3n de dosis de refuerzo en Entre R\u00edos - Informe Litoral","isPartOf":{"@id":"https:\/\/informelitoral.com.ar\/#website"},"primaryImageOfPage":{"@id":"https:\/\/informelitoral.com.ar\/esta-semana-se-avanzo-fuertemente-en-la-aplicacion-de-dosis-de-refuerzo-en-entre-rios\/#primaryimage"},"image":{"@id":"https:\/\/informelitoral.com.ar\/esta-semana-se-avanzo-fuertemente-en-la-aplicacion-de-dosis-de-refuerzo-en-entre-rios\/#primaryimage"},"thumbnailUrl":"https:\/\/informelitoral.com.ar\/%77%70%2d%63%6f%6e%74%65%6e%74\/uploads\/2022\/01\/1-152-700x391-1.jpg","datePublished":"2022-01-15T16:37:25+00:00","dateModified":"2022-01-15T17:43:13+00:00","breadcrumb":{"@id":"https:\/\/informelitoral.com.ar\/esta-semana-se-avanzo-fuertemente-en-la-aplicacion-de-dosis-de-refuerzo-en-entre-rios\/#breadcrumb"},"inLanguage":"es","potentialAction":[{"@type":"ReadAction","target":["https:\/\/informelitoral.com.ar\/esta-semana-se-avanzo-fuertemente-en-la-aplicacion-de-dosis-de-refuerzo-en-entre-rios\/"]}]},{"@type":"ImageObject","inLanguage":"es","@id":"https:\/\/informelitoral.com.ar\/esta-semana-se-avanzo-fuertemente-en-la-aplicacion-de-dosis-de-refuerzo-en-entre-rios\/#primaryimage","url":"https:\/\/informelitoral.com.ar\/%77%70%2d%63%6f%6e%74%65%6e%74\/uploads\/2022\/01\/1-152-700x391-1.jpg","contentUrl":"https:\/\/informelitoral.com.ar\/%77%70%2d%63%6f%6e%74%65%6e%74\/uploads\/2022\/01\/1-152-700x391-1.jpg","width":700,"height":391},{"@type":"BreadcrumbList","@id":"https:\/\/informelitoral.com.ar\/esta-semana-se-avanzo-fuertemente-en-la-aplicacion-de-dosis-de-refuerzo-en-entre-rios\/#breadcrumb","itemListElement":[{"@type":"ListItem","position":1,"name":"Portada","item":"https:\/\/informelitoral.com.ar\/"},{"@type":"ListItem","position":2,"name":"Esta semana se avanz\u00f3 fuertemente en la aplicaci\u00f3n de dosis de refuerzo en Entre R\u00edos"}]},{"@type":"WebSite","@id":"https:\/\/informelitoral.com.ar\/#website","url":"https:\/\/informelitoral.com.ar\/","name":"Informe Litoral","description":"&quot;Nos informamos&quot; ","publisher":{"@id":"https:\/\/informelitoral.com.ar\/#organization"},"potentialAction":[{"@type":"SearchAction","target":{"@type":"EntryPoint","urlTemplate":"https:\/\/informelitoral.com.ar\/?s={search_term_string}"},"query-input":{"@type":"PropertyValueSpecification","valueRequired":true,"valueName":"search_term_string"}}],"inLanguage":"es"},{"@type":"Organization","@id":"https:\/\/informelitoral.com.ar\/#organization","name":"Informe Litoral","url":"https:\/\/informelitoral.com.ar\/","logo":{"@type":"ImageObject","inLanguage":"es","@id":"https:\/\/informelitoral.com.ar\/#\/schema\/logo\/image\/","url":"https:\/\/informelitoral.com.ar\/%77%70%2d%63%6f%6e%74%65%6e%74\/uploads\/2021\/01\/circulo.png","contentUrl":"https:\/\/informelitoral.com.ar\/%77%70%2d%63%6f%6e%74%65%6e%74\/uploads\/2021\/01\/circulo.png","width":723,"height":731,"caption":"Informe Litoral"},"image":{"@id":"https:\/\/informelitoral.com.ar\/#\/schema\/logo\/image\/"},"sameAs":["https:\/\/www.facebook.com\/informelitoral\/","https:\/\/x.com\/InformeLitoral","https:\/\/www.instagram.com\/informelitoral\/","https:\/\/www.youtube.com\/channel\/UCua4Qvz8Icb6MYqhoq9xLXw"]},{"@type":"Person","@id":"https:\/\/informelitoral.com.ar\/#\/schema\/person\/f05f9f461677119578717524b127d6d5","name":"Sebastian","image":{"@type":"ImageObject","inLanguage":"es","@id":"https:\/\/secure.gravatar.com\/avatar\/b71bf7481d447dfb9583c7f2798e7cc64de6efb9067b74633ed8c31059a3bd82?s=96&d=mm&r=g","url":"https:\/\/secure.gravatar.com\/avatar\/b71bf7481d447dfb9583c7f2798e7cc64de6efb9067b74633ed8c31059a3bd82?s=96&d=mm&r=g","contentUrl":"https:\/\/secure.gravatar.com\/avatar\/b71bf7481d447dfb9583c7f2798e7cc64de6efb9067b74633ed8c31059a3bd82?s=96&d=mm&r=g","caption":"Sebastian"},"url":"https:\/\/informelitoral.com.ar\/author\/sebastian\/"}]}},"_links":{"self":[{"href":"https:\/\/informelitoral.com.ar\/%77%70%2d%6a%73%6f%6e\/wp\/v2\/posts\/70335","targetHints":{"allow":["GET"]}}],"collection":[{"href":"https:\/\/informelitoral.com.ar\/%77%70%2d%6a%73%6f%6e\/wp\/v2\/posts"}],"about":[{"href":"https:\/\/informelitoral.com.ar\/%77%70%2d%6a%73%6f%6e\/wp\/v2\/types\/post"}],"author":[{"embeddable":true,"href":"https:\/\/informelitoral.com.ar\/%77%70%2d%6a%73%6f%6e\/wp\/v2\/users\/8"}],"replies":[{"embeddable":true,"href":"https:\/\/informelitoral.com.ar\/%77%70%2d%6a%73%6f%6e\/wp\/v2\/comments?post=70335"}],"version-history":[{"count":0,"href":"https:\/\/informelitoral.com.ar\/%77%70%2d%6a%73%6f%6e\/wp\/v2\/posts\/70335\/revisions"}],"wp:featuredmedia":[{"embeddable":true,"href":"https:\/\/informelitoral.com.ar\/%77%70%2d%6a%73%6f%6e\/wp\/v2\/media\/70336"}],"wp:attachment":[{"href":"https:\/\/informelitoral.com.ar\/%77%70%2d%6a%73%6f%6e\/wp\/v2\/media?parent=70335"}],"wp:term":[{"taxonomy":"category","embeddable":true,"href":"https:\/\/informelitoral.com.ar\/%77%70%2d%6a%73%6f%6e\/wp\/v2\/categories?post=70335"},{"taxonomy":"post_tag","embeddable":true,"href":"https:\/\/informelitoral.com.ar\/%77%70%2d%6a%73%6f%6e\/wp\/v2\/tags?post=70335"}],"curies":[{"name":"wp","href":"https:\/\/api.w.org\/{rel}","templated":true}]}}