{"id":70298,"date":"2022-01-14T10:42:34","date_gmt":"2022-01-14T13:42:34","guid":{"rendered":"https:\/\/www.informelitoral.com.ar\/?p=70298"},"modified":"2022-01-14T23:33:57","modified_gmt":"2022-01-15T02:33:57","slug":"desastre-productivo-en-entre-rios-piden-declarar-de-manera-urgente-la-emergencia","status":"publish","type":"post","link":"https:\/\/informelitoral.com.ar\/desastre-productivo-en-entre-rios-piden-declarar-de-manera-urgente-la-emergencia\/","title":{"rendered":"Desastre productivo en Entre R\u00edos: piden declarar de manera urgente la emergencia"},"content":{"rendered":"<p>La\u00a0<strong>Federaci\u00f3n de Asociaciones Rurales de Entre R\u00edos (FARER)<\/strong>\u00a0y la\u00a0<strong>Sociedad Rural Argentina (SRA)<\/strong>\u00a0Distrito\u00a0<strong>Entre R\u00edos<\/strong> elevaron ayer sendos pedidos a las autoridades de la provincia para que, de manera urgente, <strong>declaren el estado de emergencia y\/o desastre agropecuario<\/strong>, a ra\u00edz de las\u00a0<strong>fuertes p\u00e9rdidas que se est\u00e1n detectando<\/strong>\u00a0como consecuencia de la\u00a0<strong>ola de calor<\/strong>\u00a0y la\u00a0<strong>sequ\u00eda<\/strong>.<\/p>\n<p>\u201cLa hist\u00f3rica sequ\u00eda que azota a Entre R\u00edos\u00a0<strong>castiga de manera profunda a cultivos, pasturas y aguadas<\/strong>. Solicitamos al estado provincial\u00a0<strong>evaluar de manera urgente la situaci\u00f3n desesperante y poner como prioritario<\/strong>\u00a0en agenda medidas que ayuden a\u00a0<strong>paliar la emergencia productiva<\/strong>\u201d, expres\u00f3 FARER a trav\u00e9s de las redes.<\/p>\n<p>\u201cImpactantes im\u00e1genes para mostrar el desastre que est\u00e1 generando est\u00e1 sequ\u00eda en Entre R\u00edos\u201d, dijo al respecto Confederaciones Rurales Argentinas (CRA), entidad a la que pertenece FARER.<\/p>\n<p><strong>Emergencia por sequ\u00eda<\/strong><\/p>\n<p>Del mismo modo, la SRA Distrito Entre R\u00edos dijo en un comunicado que \u201c<strong>el Ministro de la Producci\u00f3n de Entre R\u00edos debe convocar urgente<\/strong>\u00a0a la Comisi\u00f3n de Emergencia y Desastre Agropecuario\u201d.<\/p>\n<p>La Rural entrerriana repas\u00f3 los datos relevados por la Bolsa de Cereales de esa provincia, que muestran que\u00a0<strong>todos los indicadores productivos se agravaron durante enero<\/strong>.<\/p>\n<p>\u201cNo solo se uniform\u00f3 el estado de \u2018sequ\u00eda\u2019 en la provincia, sino que\u00a0<strong>se profundiz\u00f3 la gravedad de la misma<\/strong>\u201d, subray\u00f3 la SRA.<\/p>\n<p>En concreto,\u00a0<strong>el 83% del ma\u00edz, el 62% de la soja de segunda y el 47% de la soja de primera est\u00e1n en estado regular a malo<\/strong>, con un crecimiento de entre 10 y 12 puntos de los lotes en estado malo.\u00a0<strong>Siguen la misma suerte las pasturas implantadas y los campos naturales<\/strong>, base fundamental para la actividad ganadera y tambera.<\/p>\n<p>\u201cPor este motivo, desde la SRA Distrito Entre R\u00edos le solicitamos al Ministro de la Producci\u00f3n Provincial que\u00a0<strong>convoque de manera urgente a la Comisi\u00f3n de Emergencia y Desastre Agropecuario<\/strong>, a fin de utilizar todos los resortes estatales (fiscales, financieros, contributivos y de infraestructura)\u00a0<strong>con el fin de morigerar los severos perjuicios que se encuentran atravesando la mayor\u00eda de los productores agropecuarios<\/strong> de nuestra provincia\u201d, indic\u00f3 la entidad entrerriana.<\/p>\n<p>\u201cPor \u00faltimo, y de acuerdo a la informaci\u00f3n difundida recientemente sobre el fuerte incremento de la recaudaci\u00f3n fiscal provincial en 2021 sobre 2020 (en el orden del 72%, muy por encima de las estimaciones y de la inflaci\u00f3n misma),\u00a0<strong>solicitamos al Ministro analizar la aplicaci\u00f3n de dichos fondos para disminuir los efectos negativos de esta sequ\u00eda y reducir la fuerte presi\u00f3n fiscal<\/strong>\u00a0que soporta el campo entrerriano\u201d, agreg\u00f3.<\/p>\n","protected":false},"excerpt":{"rendered":"<p>La Federaci\u00f3n de Asociaciones Rurales y la Sociedad Rural de Entre R\u00edos elevaron el pedido ante las autoridades provinciales ante las fuertes p\u00e9rdidas producto de la ola de calor y la falta de lluvias.<\/p>\n","protected":false},"author":8,"featured_media":70299,"comment_status":"open","ping_status":"open","sticky":false,"template":"","format":"standard","meta":{"fifu_image_url":"","fifu_image_alt":"","footnotes":""},"categories":[10],"tags":[2805,60,81,2907,59,1120],"class_list":{"0":"post-70298","1":"post","2":"type-post","3":"status-publish","4":"format-standard","5":"has-post-thumbnail","7":"category-campo","8":"tag-afectada-por-ola-de-calor","9":"tag-emergencia-agropecuaria","10":"tag-entre-rios","11":"tag-farer","12":"tag-sequia","13":"tag-sra"},"yoast_head":"<title>Desastre productivo en Entre R\u00edos: piden declarar de manera urgente la emergencia - Informe Litoral<\/title>\n<meta name=\"robots\" content=\"index, follow, max-snippet:-1, max-image-preview:large, max-video-preview:-1\" \/>\n<link rel=\"canonical\" href=\"https:\/\/informelitoral.com.ar\/desastre-productivo-en-entre-rios-piden-declarar-de-manera-urgente-la-emergencia\/\" \/>\n<meta property=\"og:locale\" content=\"es_ES\" \/>\n<meta property=\"og:type\" content=\"article\" \/>\n<meta property=\"og:title\" content=\"Desastre productivo en Entre R\u00edos: piden declarar de manera urgente la emergencia - Informe Litoral\" \/>\n<meta property=\"og:description\" content=\"La Federaci\u00f3n de Asociaciones Rurales y la Sociedad Rural de Entre R\u00edos elevaron el pedido ante las autoridades provinciales ante las fuertes p\u00e9rdidas producto de la ola de calor y la falta de lluvias.\" \/>\n<meta property=\"og:url\" content=\"https:\/\/informelitoral.com.ar\/desastre-productivo-en-entre-rios-piden-declarar-de-manera-urgente-la-emergencia\/\" \/>\n<meta property=\"og:site_name\" content=\"Informe Litoral\" \/>\n<meta property=\"article:publisher\" content=\"https:\/\/www.facebook.com\/informelitoral\/\" \/>\n<meta property=\"article:published_time\" content=\"2022-01-14T13:42:34+00:00\" \/>\n<meta property=\"article:modified_time\" content=\"2022-01-15T02:33:57+00:00\" \/>\n<meta property=\"og:image\" content=\"https:\/\/informelitoral.com.ar\/%77%70%2d%63%6f%6e%74%65%6e%74\/uploads\/2022\/01\/sequia-entre-rios-soja-768x576-1.jpg\" \/>\n\t<meta property=\"og:image:width\" content=\"768\" \/>\n\t<meta property=\"og:image:height\" content=\"576\" \/>\n\t<meta property=\"og:image:type\" content=\"image\/jpeg\" \/>\n<meta name=\"author\" content=\"Sebastian\" \/>\n<meta name=\"twitter:card\" content=\"summary_large_image\" \/>\n<meta name=\"twitter:creator\" content=\"@InformeLitoral\" \/>\n<meta name=\"twitter:site\" content=\"@InformeLitoral\" \/>\n<meta name=\"twitter:label1\" content=\"Escrito por\" \/>\n\t<meta name=\"twitter:data1\" content=\"Sebastian\" \/>\n\t<meta name=\"twitter:label2\" content=\"Tiempo de lectura\" \/>\n\t<meta name=\"twitter:data2\" content=\"2 minutos\" \/>\n<script type=\"application\/ld+json\" class=\"yoast-schema-graph\">{\"@context\":\"https:\\\/\\\/schema.org\",\"@graph\":[{\"@type\":\"Article\",\"@id\":\"https:\\\/\\\/informelitoral.com.ar\\\/desastre-productivo-en-entre-rios-piden-declarar-de-manera-urgente-la-emergencia\\\/#article\",\"isPartOf\":{\"@id\":\"https:\\\/\\\/informelitoral.com.ar\\\/desastre-productivo-en-entre-rios-piden-declarar-de-manera-urgente-la-emergencia\\\/\"},\"author\":{\"name\":\"Sebastian\",\"@id\":\"https:\\\/\\\/informelitoral.com.ar\\\/#\\\/schema\\\/person\\\/f05f9f461677119578717524b127d6d5\"},\"headline\":\"Desastre productivo en Entre R\u00edos: piden declarar de manera urgente la emergencia\",\"datePublished\":\"2022-01-14T13:42:34+00:00\",\"dateModified\":\"2022-01-15T02:33:57+00:00\",\"mainEntityOfPage\":{\"@id\":\"https:\\\/\\\/informelitoral.com.ar\\\/desastre-productivo-en-entre-rios-piden-declarar-de-manera-urgente-la-emergencia\\\/\"},\"wordCount\":458,\"commentCount\":0,\"publisher\":{\"@id\":\"https:\\\/\\\/informelitoral.com.ar\\\/#organization\"},\"image\":{\"@id\":\"https:\\\/\\\/informelitoral.com.ar\\\/desastre-productivo-en-entre-rios-piden-declarar-de-manera-urgente-la-emergencia\\\/#primaryimage\"},\"thumbnailUrl\":\"https:\\\/\\\/informelitoral.com.ar\\\/%77%70%2d%63%6f%6e%74%65%6e%74\\\/uploads\\\/2022\\\/01\\\/sequia-entre-rios-soja-768x576-1.jpg\",\"keywords\":[\"Afectada por ola de calor\",\"Emergencia agropecuaria\",\"Entre R\u00edos\",\"Farer\",\"Sequ\u00eda\",\"SRA\"],\"articleSection\":[\"Campo\"],\"inLanguage\":\"es\",\"potentialAction\":[{\"@type\":\"CommentAction\",\"name\":\"Comment\",\"target\":[\"https:\\\/\\\/informelitoral.com.ar\\\/desastre-productivo-en-entre-rios-piden-declarar-de-manera-urgente-la-emergencia\\\/#respond\"]}]},{\"@type\":\"WebPage\",\"@id\":\"https:\\\/\\\/informelitoral.com.ar\\\/desastre-productivo-en-entre-rios-piden-declarar-de-manera-urgente-la-emergencia\\\/\",\"url\":\"https:\\\/\\\/informelitoral.com.ar\\\/desastre-productivo-en-entre-rios-piden-declarar-de-manera-urgente-la-emergencia\\\/\",\"name\":\"Desastre productivo en Entre R\u00edos: piden declarar de manera urgente la emergencia - Informe Litoral\",\"isPartOf\":{\"@id\":\"https:\\\/\\\/informelitoral.com.ar\\\/#website\"},\"primaryImageOfPage\":{\"@id\":\"https:\\\/\\\/informelitoral.com.ar\\\/desastre-productivo-en-entre-rios-piden-declarar-de-manera-urgente-la-emergencia\\\/#primaryimage\"},\"image\":{\"@id\":\"https:\\\/\\\/informelitoral.com.ar\\\/desastre-productivo-en-entre-rios-piden-declarar-de-manera-urgente-la-emergencia\\\/#primaryimage\"},\"thumbnailUrl\":\"https:\\\/\\\/informelitoral.com.ar\\\/%77%70%2d%63%6f%6e%74%65%6e%74\\\/uploads\\\/2022\\\/01\\\/sequia-entre-rios-soja-768x576-1.jpg\",\"datePublished\":\"2022-01-14T13:42:34+00:00\",\"dateModified\":\"2022-01-15T02:33:57+00:00\",\"breadcrumb\":{\"@id\":\"https:\\\/\\\/informelitoral.com.ar\\\/desastre-productivo-en-entre-rios-piden-declarar-de-manera-urgente-la-emergencia\\\/#breadcrumb\"},\"inLanguage\":\"es\",\"potentialAction\":[{\"@type\":\"ReadAction\",\"target\":[\"https:\\\/\\\/informelitoral.com.ar\\\/desastre-productivo-en-entre-rios-piden-declarar-de-manera-urgente-la-emergencia\\\/\"]}]},{\"@type\":\"ImageObject\",\"inLanguage\":\"es\",\"@id\":\"https:\\\/\\\/informelitoral.com.ar\\\/desastre-productivo-en-entre-rios-piden-declarar-de-manera-urgente-la-emergencia\\\/#primaryimage\",\"url\":\"https:\\\/\\\/informelitoral.com.ar\\\/%77%70%2d%63%6f%6e%74%65%6e%74\\\/uploads\\\/2022\\\/01\\\/sequia-entre-rios-soja-768x576-1.jpg\",\"contentUrl\":\"https:\\\/\\\/informelitoral.com.ar\\\/%77%70%2d%63%6f%6e%74%65%6e%74\\\/uploads\\\/2022\\\/01\\\/sequia-entre-rios-soja-768x576-1.jpg\",\"width\":768,\"height\":576},{\"@type\":\"BreadcrumbList\",\"@id\":\"https:\\\/\\\/informelitoral.com.ar\\\/desastre-productivo-en-entre-rios-piden-declarar-de-manera-urgente-la-emergencia\\\/#breadcrumb\",\"itemListElement\":[{\"@type\":\"ListItem\",\"position\":1,\"name\":\"Portada\",\"item\":\"https:\\\/\\\/informelitoral.com.ar\\\/\"},{\"@type\":\"ListItem\",\"position\":2,\"name\":\"Desastre productivo en Entre R\u00edos: piden declarar de manera urgente la emergencia\"}]},{\"@type\":\"WebSite\",\"@id\":\"https:\\\/\\\/informelitoral.com.ar\\\/#website\",\"url\":\"https:\\\/\\\/informelitoral.com.ar\\\/\",\"name\":\"Informe Litoral\",\"description\":\"&quot;Nos informamos&quot; \",\"publisher\":{\"@id\":\"https:\\\/\\\/informelitoral.com.ar\\\/#organization\"},\"potentialAction\":[{\"@type\":\"SearchAction\",\"target\":{\"@type\":\"EntryPoint\",\"urlTemplate\":\"https:\\\/\\\/informelitoral.com.ar\\\/?s={search_term_string}\"},\"query-input\":{\"@type\":\"PropertyValueSpecification\",\"valueRequired\":true,\"valueName\":\"search_term_string\"}}],\"inLanguage\":\"es\"},{\"@type\":\"Organization\",\"@id\":\"https:\\\/\\\/informelitoral.com.ar\\\/#organization\",\"name\":\"Informe Litoral\",\"url\":\"https:\\\/\\\/informelitoral.com.ar\\\/\",\"logo\":{\"@type\":\"ImageObject\",\"inLanguage\":\"es\",\"@id\":\"https:\\\/\\\/informelitoral.com.ar\\\/#\\\/schema\\\/logo\\\/image\\\/\",\"url\":\"https:\\\/\\\/informelitoral.com.ar\\\/%77%70%2d%63%6f%6e%74%65%6e%74\\\/uploads\\\/2021\\\/01\\\/circulo.png\",\"contentUrl\":\"https:\\\/\\\/informelitoral.com.ar\\\/%77%70%2d%63%6f%6e%74%65%6e%74\\\/uploads\\\/2021\\\/01\\\/circulo.png\",\"width\":723,\"height\":731,\"caption\":\"Informe Litoral\"},\"image\":{\"@id\":\"https:\\\/\\\/informelitoral.com.ar\\\/#\\\/schema\\\/logo\\\/image\\\/\"},\"sameAs\":[\"https:\\\/\\\/www.facebook.com\\\/informelitoral\\\/\",\"https:\\\/\\\/x.com\\\/InformeLitoral\",\"https:\\\/\\\/www.instagram.com\\\/informelitoral\\\/\",\"https:\\\/\\\/www.youtube.com\\\/channel\\\/UCua4Qvz8Icb6MYqhoq9xLXw\"]},{\"@type\":\"Person\",\"@id\":\"https:\\\/\\\/informelitoral.com.ar\\\/#\\\/schema\\\/person\\\/f05f9f461677119578717524b127d6d5\",\"name\":\"Sebastian\",\"image\":{\"@type\":\"ImageObject\",\"inLanguage\":\"es\",\"@id\":\"https:\\\/\\\/secure.gravatar.com\\\/avatar\\\/b71bf7481d447dfb9583c7f2798e7cc64de6efb9067b74633ed8c31059a3bd82?s=96&d=mm&r=g\",\"url\":\"https:\\\/\\\/secure.gravatar.com\\\/avatar\\\/b71bf7481d447dfb9583c7f2798e7cc64de6efb9067b74633ed8c31059a3bd82?s=96&d=mm&r=g\",\"contentUrl\":\"https:\\\/\\\/secure.gravatar.com\\\/avatar\\\/b71bf7481d447dfb9583c7f2798e7cc64de6efb9067b74633ed8c31059a3bd82?s=96&d=mm&r=g\",\"caption\":\"Sebastian\"},\"url\":\"https:\\\/\\\/informelitoral.com.ar\\\/author\\\/sebastian\\\/\"}]}<\/script>","yoast_head_json":{"title":"Desastre productivo en Entre R\u00edos: piden declarar de manera urgente la emergencia - Informe Litoral","robots":{"index":"index","follow":"follow","max-snippet":"max-snippet:-1","max-image-preview":"max-image-preview:large","max-video-preview":"max-video-preview:-1"},"canonical":"https:\/\/informelitoral.com.ar\/desastre-productivo-en-entre-rios-piden-declarar-de-manera-urgente-la-emergencia\/","og_locale":"es_ES","og_type":"article","og_title":"Desastre productivo en Entre R\u00edos: piden declarar de manera urgente la emergencia - Informe Litoral","og_description":"La Federaci\u00f3n de Asociaciones Rurales y la Sociedad Rural de Entre R\u00edos elevaron el pedido ante las autoridades provinciales ante las fuertes p\u00e9rdidas producto de la ola de calor y la falta de lluvias.","og_url":"https:\/\/informelitoral.com.ar\/desastre-productivo-en-entre-rios-piden-declarar-de-manera-urgente-la-emergencia\/","og_site_name":"Informe Litoral","article_publisher":"https:\/\/www.facebook.com\/informelitoral\/","article_published_time":"2022-01-14T13:42:34+00:00","article_modified_time":"2022-01-15T02:33:57+00:00","og_image":[{"width":768,"height":576,"url":"https:\/\/informelitoral.com.ar\/%77%70%2d%63%6f%6e%74%65%6e%74\/uploads\/2022\/01\/sequia-entre-rios-soja-768x576-1.jpg","type":"image\/jpeg"}],"author":"Sebastian","twitter_card":"summary_large_image","twitter_creator":"@InformeLitoral","twitter_site":"@InformeLitoral","twitter_misc":{"Escrito por":"Sebastian","Tiempo de lectura":"2 minutos"},"schema":{"@context":"https:\/\/schema.org","@graph":[{"@type":"Article","@id":"https:\/\/informelitoral.com.ar\/desastre-productivo-en-entre-rios-piden-declarar-de-manera-urgente-la-emergencia\/#article","isPartOf":{"@id":"https:\/\/informelitoral.com.ar\/desastre-productivo-en-entre-rios-piden-declarar-de-manera-urgente-la-emergencia\/"},"author":{"name":"Sebastian","@id":"https:\/\/informelitoral.com.ar\/#\/schema\/person\/f05f9f461677119578717524b127d6d5"},"headline":"Desastre productivo en Entre R\u00edos: piden declarar de manera urgente la emergencia","datePublished":"2022-01-14T13:42:34+00:00","dateModified":"2022-01-15T02:33:57+00:00","mainEntityOfPage":{"@id":"https:\/\/informelitoral.com.ar\/desastre-productivo-en-entre-rios-piden-declarar-de-manera-urgente-la-emergencia\/"},"wordCount":458,"commentCount":0,"publisher":{"@id":"https:\/\/informelitoral.com.ar\/#organization"},"image":{"@id":"https:\/\/informelitoral.com.ar\/desastre-productivo-en-entre-rios-piden-declarar-de-manera-urgente-la-emergencia\/#primaryimage"},"thumbnailUrl":"https:\/\/informelitoral.com.ar\/%77%70%2d%63%6f%6e%74%65%6e%74\/uploads\/2022\/01\/sequia-entre-rios-soja-768x576-1.jpg","keywords":["Afectada por ola de calor","Emergencia agropecuaria","Entre R\u00edos","Farer","Sequ\u00eda","SRA"],"articleSection":["Campo"],"inLanguage":"es","potentialAction":[{"@type":"CommentAction","name":"Comment","target":["https:\/\/informelitoral.com.ar\/desastre-productivo-en-entre-rios-piden-declarar-de-manera-urgente-la-emergencia\/#respond"]}]},{"@type":"WebPage","@id":"https:\/\/informelitoral.com.ar\/desastre-productivo-en-entre-rios-piden-declarar-de-manera-urgente-la-emergencia\/","url":"https:\/\/informelitoral.com.ar\/desastre-productivo-en-entre-rios-piden-declarar-de-manera-urgente-la-emergencia\/","name":"Desastre productivo en Entre R\u00edos: piden declarar de manera urgente la emergencia - Informe Litoral","isPartOf":{"@id":"https:\/\/informelitoral.com.ar\/#website"},"primaryImageOfPage":{"@id":"https:\/\/informelitoral.com.ar\/desastre-productivo-en-entre-rios-piden-declarar-de-manera-urgente-la-emergencia\/#primaryimage"},"image":{"@id":"https:\/\/informelitoral.com.ar\/desastre-productivo-en-entre-rios-piden-declarar-de-manera-urgente-la-emergencia\/#primaryimage"},"thumbnailUrl":"https:\/\/informelitoral.com.ar\/%77%70%2d%63%6f%6e%74%65%6e%74\/uploads\/2022\/01\/sequia-entre-rios-soja-768x576-1.jpg","datePublished":"2022-01-14T13:42:34+00:00","dateModified":"2022-01-15T02:33:57+00:00","breadcrumb":{"@id":"https:\/\/informelitoral.com.ar\/desastre-productivo-en-entre-rios-piden-declarar-de-manera-urgente-la-emergencia\/#breadcrumb"},"inLanguage":"es","potentialAction":[{"@type":"ReadAction","target":["https:\/\/informelitoral.com.ar\/desastre-productivo-en-entre-rios-piden-declarar-de-manera-urgente-la-emergencia\/"]}]},{"@type":"ImageObject","inLanguage":"es","@id":"https:\/\/informelitoral.com.ar\/desastre-productivo-en-entre-rios-piden-declarar-de-manera-urgente-la-emergencia\/#primaryimage","url":"https:\/\/informelitoral.com.ar\/%77%70%2d%63%6f%6e%74%65%6e%74\/uploads\/2022\/01\/sequia-entre-rios-soja-768x576-1.jpg","contentUrl":"https:\/\/informelitoral.com.ar\/%77%70%2d%63%6f%6e%74%65%6e%74\/uploads\/2022\/01\/sequia-entre-rios-soja-768x576-1.jpg","width":768,"height":576},{"@type":"BreadcrumbList","@id":"https:\/\/informelitoral.com.ar\/desastre-productivo-en-entre-rios-piden-declarar-de-manera-urgente-la-emergencia\/#breadcrumb","itemListElement":[{"@type":"ListItem","position":1,"name":"Portada","item":"https:\/\/informelitoral.com.ar\/"},{"@type":"ListItem","position":2,"name":"Desastre productivo en Entre R\u00edos: piden declarar de manera urgente la emergencia"}]},{"@type":"WebSite","@id":"https:\/\/informelitoral.com.ar\/#website","url":"https:\/\/informelitoral.com.ar\/","name":"Informe Litoral","description":"&quot;Nos informamos&quot; ","publisher":{"@id":"https:\/\/informelitoral.com.ar\/#organization"},"potentialAction":[{"@type":"SearchAction","target":{"@type":"EntryPoint","urlTemplate":"https:\/\/informelitoral.com.ar\/?s={search_term_string}"},"query-input":{"@type":"PropertyValueSpecification","valueRequired":true,"valueName":"search_term_string"}}],"inLanguage":"es"},{"@type":"Organization","@id":"https:\/\/informelitoral.com.ar\/#organization","name":"Informe Litoral","url":"https:\/\/informelitoral.com.ar\/","logo":{"@type":"ImageObject","inLanguage":"es","@id":"https:\/\/informelitoral.com.ar\/#\/schema\/logo\/image\/","url":"https:\/\/informelitoral.com.ar\/%77%70%2d%63%6f%6e%74%65%6e%74\/uploads\/2021\/01\/circulo.png","contentUrl":"https:\/\/informelitoral.com.ar\/%77%70%2d%63%6f%6e%74%65%6e%74\/uploads\/2021\/01\/circulo.png","width":723,"height":731,"caption":"Informe Litoral"},"image":{"@id":"https:\/\/informelitoral.com.ar\/#\/schema\/logo\/image\/"},"sameAs":["https:\/\/www.facebook.com\/informelitoral\/","https:\/\/x.com\/InformeLitoral","https:\/\/www.instagram.com\/informelitoral\/","https:\/\/www.youtube.com\/channel\/UCua4Qvz8Icb6MYqhoq9xLXw"]},{"@type":"Person","@id":"https:\/\/informelitoral.com.ar\/#\/schema\/person\/f05f9f461677119578717524b127d6d5","name":"Sebastian","image":{"@type":"ImageObject","inLanguage":"es","@id":"https:\/\/secure.gravatar.com\/avatar\/b71bf7481d447dfb9583c7f2798e7cc64de6efb9067b74633ed8c31059a3bd82?s=96&d=mm&r=g","url":"https:\/\/secure.gravatar.com\/avatar\/b71bf7481d447dfb9583c7f2798e7cc64de6efb9067b74633ed8c31059a3bd82?s=96&d=mm&r=g","contentUrl":"https:\/\/secure.gravatar.com\/avatar\/b71bf7481d447dfb9583c7f2798e7cc64de6efb9067b74633ed8c31059a3bd82?s=96&d=mm&r=g","caption":"Sebastian"},"url":"https:\/\/informelitoral.com.ar\/author\/sebastian\/"}]}},"_links":{"self":[{"href":"https:\/\/informelitoral.com.ar\/%77%70%2d%6a%73%6f%6e\/wp\/v2\/posts\/70298","targetHints":{"allow":["GET"]}}],"collection":[{"href":"https:\/\/informelitoral.com.ar\/%77%70%2d%6a%73%6f%6e\/wp\/v2\/posts"}],"about":[{"href":"https:\/\/informelitoral.com.ar\/%77%70%2d%6a%73%6f%6e\/wp\/v2\/types\/post"}],"author":[{"embeddable":true,"href":"https:\/\/informelitoral.com.ar\/%77%70%2d%6a%73%6f%6e\/wp\/v2\/users\/8"}],"replies":[{"embeddable":true,"href":"https:\/\/informelitoral.com.ar\/%77%70%2d%6a%73%6f%6e\/wp\/v2\/comments?post=70298"}],"version-history":[{"count":0,"href":"https:\/\/informelitoral.com.ar\/%77%70%2d%6a%73%6f%6e\/wp\/v2\/posts\/70298\/revisions"}],"wp:featuredmedia":[{"embeddable":true,"href":"https:\/\/informelitoral.com.ar\/%77%70%2d%6a%73%6f%6e\/wp\/v2\/media\/70299"}],"wp:attachment":[{"href":"https:\/\/informelitoral.com.ar\/%77%70%2d%6a%73%6f%6e\/wp\/v2\/media?parent=70298"}],"wp:term":[{"taxonomy":"category","embeddable":true,"href":"https:\/\/informelitoral.com.ar\/%77%70%2d%6a%73%6f%6e\/wp\/v2\/categories?post=70298"},{"taxonomy":"post_tag","embeddable":true,"href":"https:\/\/informelitoral.com.ar\/%77%70%2d%6a%73%6f%6e\/wp\/v2\/tags?post=70298"}],"curies":[{"name":"wp","href":"https:\/\/api.w.org\/{rel}","templated":true}]}}