{"id":70294,"date":"2022-01-14T10:10:12","date_gmt":"2022-01-14T13:10:12","guid":{"rendered":"https:\/\/www.informelitoral.com.ar\/?p=70294"},"modified":"2022-01-14T23:35:10","modified_gmt":"2022-01-15T02:35:10","slug":"tiene-siete-anos-y-ya-es-campeon-del-festival-de-jesus-maria","status":"publish","type":"post","link":"https:\/\/informelitoral.com.ar\/tiene-siete-anos-y-ya-es-campeon-del-festival-de-jesus-maria\/","title":{"rendered":"Tiene siete a\u00f1os y ya es campe\u00f3n del festival de Jes\u00fas Mar\u00eda"},"content":{"rendered":"<p>Dangelo Medina es un nene de Casilda, provincia de Santa Fe, que con tan solo 7 a\u00f1os se consagr\u00f3 campe\u00f3n de riendas en el Festival Nacional de Doma y Folklore de Jes\u00fas Mar\u00eda.<\/p>\n<p>Su padre, Ram\u00f3n Medina, record\u00f3 c\u00f3mo fueron los inicios de Dangelo arriba de un caballo y cont\u00f3 que \u00e9l, junto a su familia, hace 3 a\u00f1os se dedican a esta actividad. La primera competencia del nene fue en Capit\u00e1n Berm\u00fadez, con tan solo 4 a\u00f1os de edad y antes de consagrarse en Jes\u00fas Mar\u00eda, el peque\u00f1o fue campe\u00f3n santafesino, en el mes de septiembre y tambi\u00e9n, se consagr\u00f3 en Venado Tuerto.<\/p>\n<section class=\"texto\">Ram\u00f3n relat\u00f3 que su objetivo era llegar a la competencia aunque sab\u00edan que ser\u00eda complicada porque se iba a enfrentar a los 6 mejores del pa\u00eds. \u00abCuando pisamos el lugar, era grande la emoci\u00f3n. A m\u00ed se me ca\u00edan las l\u00e1grimas, estaba nervioso, pero lo vi a \u00e9l y al caballo tranquilos y eso me daba tranquilidad\u00bb, coment\u00f3 el pap\u00e1.Si bien la competencia, tuvo algunos cambios con respecto a lo que Dangelo y Refuerzo, su caballo, estaban acostumbrados, pudieron adaptarse a las nuevas condiciones y consagrarse campeones.Ya en la llegada a su ciudad natal, Dangelo, fue recibido en su casa por una gran cantidad de personas que se acercaron a saludarlo. Ram\u00f3n coment\u00f3 que a su hijo: \u00abSe le mezclan los sentimientos, no sabe si hablar, llorar y re\u00edrse. Cuando se baj\u00f3 del auto, se larg\u00f3 a llorar\u00bb . Y agreg\u00f3 que por parte de la familia sienten orgullo y que no saben c\u00f3mo agradecer el reconocimiento que demostr\u00f3 la ciudadan\u00eda y tambi\u00e9n, las autoridades Municipales.<\/p>\n<p>Ahora deben volver a Jes\u00fas Mar\u00eda, ya que van a corren todos los campeones. Al respecto el pap\u00e1 expres\u00f3: \u00abnos preparamos para dejar a Santa Fe y a Casilda en lo m\u00e1s alto, nuevamente\u00bb. <em>(Casilda Plus)<\/em><\/p>\n<\/section>\n<div class=\"publi-top publi-listado\">\n<div class=\"publi-728\">\n<div id=\"banner-interior-b\" class=\"banner-zone-found banner-step-1 banner-loop-1 banner-is-adsense banner-is-c banner-step-2\"><\/div>\n<\/div>\n<\/div>\n","protected":false},"excerpt":{"rendered":"<p>Se trata de Dangelo Medina, un peque\u00f1o oriundo de Casilda que result\u00f3 ganador del tradicional evento de doma, en la categor\u00eda mini menores, junto a Enano Refuerzo, su caballo.<\/p>\n","protected":false},"author":8,"featured_media":70295,"comment_status":"open","ping_status":"open","sticky":false,"template":"","format":"standard","meta":{"fifu_image_url":"","fifu_image_alt":"","footnotes":""},"categories":[9],"tags":[700,2906,2494],"class_list":{"0":"post-70294","1":"post","2":"type-post","3":"status-publish","4":"format-standard","5":"has-post-thumbnail","7":"category-sociedad","8":"tag-campeon","9":"tag-dangelo-medina","10":"tag-jesus-maria"},"yoast_head":"<title>Tiene siete a\u00f1os y ya es campe\u00f3n del festival de Jes\u00fas Mar\u00eda - Informe Litoral<\/title>\n<meta name=\"robots\" content=\"index, follow, max-snippet:-1, max-image-preview:large, max-video-preview:-1\" \/>\n<link rel=\"canonical\" href=\"https:\/\/informelitoral.com.ar\/tiene-siete-anos-y-ya-es-campeon-del-festival-de-jesus-maria\/\" \/>\n<meta property=\"og:locale\" content=\"es_ES\" \/>\n<meta property=\"og:type\" content=\"article\" \/>\n<meta property=\"og:title\" content=\"Tiene siete a\u00f1os y ya es campe\u00f3n del festival de Jes\u00fas Mar\u00eda - Informe Litoral\" \/>\n<meta property=\"og:description\" content=\"Se trata de Dangelo Medina, un peque\u00f1o oriundo de Casilda que result\u00f3 ganador del tradicional evento de doma, en la categor\u00eda mini menores, junto a Enano Refuerzo, su caballo.\" \/>\n<meta property=\"og:url\" content=\"https:\/\/informelitoral.com.ar\/tiene-siete-anos-y-ya-es-campeon-del-festival-de-jesus-maria\/\" \/>\n<meta property=\"og:site_name\" content=\"Informe Litoral\" \/>\n<meta property=\"article:publisher\" content=\"https:\/\/www.facebook.com\/informelitoral\/\" \/>\n<meta property=\"article:published_time\" content=\"2022-01-14T13:10:12+00:00\" \/>\n<meta property=\"article:modified_time\" content=\"2022-01-15T02:35:10+00:00\" \/>\n<meta property=\"og:image\" content=\"https:\/\/informelitoral.com.ar\/%77%70%2d%63%6f%6e%74%65%6e%74\/uploads\/2022\/01\/o_1642158205.jpg\" \/>\n\t<meta property=\"og:image:width\" content=\"800\" \/>\n\t<meta property=\"og:image:height\" content=\"450\" \/>\n\t<meta property=\"og:image:type\" content=\"image\/jpeg\" \/>\n<meta name=\"author\" content=\"Sebastian\" \/>\n<meta name=\"twitter:card\" content=\"summary_large_image\" \/>\n<meta name=\"twitter:creator\" content=\"@InformeLitoral\" \/>\n<meta name=\"twitter:site\" content=\"@InformeLitoral\" \/>\n<meta name=\"twitter:label1\" content=\"Escrito por\" \/>\n\t<meta name=\"twitter:data1\" content=\"Sebastian\" \/>\n\t<meta name=\"twitter:label2\" content=\"Tiempo de lectura\" \/>\n\t<meta name=\"twitter:data2\" content=\"2 minutos\" \/>\n<script type=\"application\/ld+json\" class=\"yoast-schema-graph\">{\"@context\":\"https:\\\/\\\/schema.org\",\"@graph\":[{\"@type\":\"Article\",\"@id\":\"https:\\\/\\\/informelitoral.com.ar\\\/tiene-siete-anos-y-ya-es-campeon-del-festival-de-jesus-maria\\\/#article\",\"isPartOf\":{\"@id\":\"https:\\\/\\\/informelitoral.com.ar\\\/tiene-siete-anos-y-ya-es-campeon-del-festival-de-jesus-maria\\\/\"},\"author\":{\"name\":\"Sebastian\",\"@id\":\"https:\\\/\\\/informelitoral.com.ar\\\/#\\\/schema\\\/person\\\/f05f9f461677119578717524b127d6d5\"},\"headline\":\"Tiene siete a\u00f1os y ya es campe\u00f3n del festival de Jes\u00fas Mar\u00eda\",\"datePublished\":\"2022-01-14T13:10:12+00:00\",\"dateModified\":\"2022-01-15T02:35:10+00:00\",\"mainEntityOfPage\":{\"@id\":\"https:\\\/\\\/informelitoral.com.ar\\\/tiene-siete-anos-y-ya-es-campeon-del-festival-de-jesus-maria\\\/\"},\"wordCount\":349,\"commentCount\":0,\"publisher\":{\"@id\":\"https:\\\/\\\/informelitoral.com.ar\\\/#organization\"},\"image\":{\"@id\":\"https:\\\/\\\/informelitoral.com.ar\\\/tiene-siete-anos-y-ya-es-campeon-del-festival-de-jesus-maria\\\/#primaryimage\"},\"thumbnailUrl\":\"https:\\\/\\\/informelitoral.com.ar\\\/%77%70%2d%63%6f%6e%74%65%6e%74\\\/uploads\\\/2022\\\/01\\\/o_1642158205.jpg\",\"keywords\":[\"Campe\u00f3n\",\"Dangelo Medina\",\"Jes\u00fas Mar\u00eda\"],\"articleSection\":[\"Sociedad\"],\"inLanguage\":\"es\",\"potentialAction\":[{\"@type\":\"CommentAction\",\"name\":\"Comment\",\"target\":[\"https:\\\/\\\/informelitoral.com.ar\\\/tiene-siete-anos-y-ya-es-campeon-del-festival-de-jesus-maria\\\/#respond\"]}]},{\"@type\":\"WebPage\",\"@id\":\"https:\\\/\\\/informelitoral.com.ar\\\/tiene-siete-anos-y-ya-es-campeon-del-festival-de-jesus-maria\\\/\",\"url\":\"https:\\\/\\\/informelitoral.com.ar\\\/tiene-siete-anos-y-ya-es-campeon-del-festival-de-jesus-maria\\\/\",\"name\":\"Tiene siete a\u00f1os y ya es campe\u00f3n del festival de Jes\u00fas Mar\u00eda - Informe Litoral\",\"isPartOf\":{\"@id\":\"https:\\\/\\\/informelitoral.com.ar\\\/#website\"},\"primaryImageOfPage\":{\"@id\":\"https:\\\/\\\/informelitoral.com.ar\\\/tiene-siete-anos-y-ya-es-campeon-del-festival-de-jesus-maria\\\/#primaryimage\"},\"image\":{\"@id\":\"https:\\\/\\\/informelitoral.com.ar\\\/tiene-siete-anos-y-ya-es-campeon-del-festival-de-jesus-maria\\\/#primaryimage\"},\"thumbnailUrl\":\"https:\\\/\\\/informelitoral.com.ar\\\/%77%70%2d%63%6f%6e%74%65%6e%74\\\/uploads\\\/2022\\\/01\\\/o_1642158205.jpg\",\"datePublished\":\"2022-01-14T13:10:12+00:00\",\"dateModified\":\"2022-01-15T02:35:10+00:00\",\"breadcrumb\":{\"@id\":\"https:\\\/\\\/informelitoral.com.ar\\\/tiene-siete-anos-y-ya-es-campeon-del-festival-de-jesus-maria\\\/#breadcrumb\"},\"inLanguage\":\"es\",\"potentialAction\":[{\"@type\":\"ReadAction\",\"target\":[\"https:\\\/\\\/informelitoral.com.ar\\\/tiene-siete-anos-y-ya-es-campeon-del-festival-de-jesus-maria\\\/\"]}]},{\"@type\":\"ImageObject\",\"inLanguage\":\"es\",\"@id\":\"https:\\\/\\\/informelitoral.com.ar\\\/tiene-siete-anos-y-ya-es-campeon-del-festival-de-jesus-maria\\\/#primaryimage\",\"url\":\"https:\\\/\\\/informelitoral.com.ar\\\/%77%70%2d%63%6f%6e%74%65%6e%74\\\/uploads\\\/2022\\\/01\\\/o_1642158205.jpg\",\"contentUrl\":\"https:\\\/\\\/informelitoral.com.ar\\\/%77%70%2d%63%6f%6e%74%65%6e%74\\\/uploads\\\/2022\\\/01\\\/o_1642158205.jpg\",\"width\":800,\"height\":450},{\"@type\":\"BreadcrumbList\",\"@id\":\"https:\\\/\\\/informelitoral.com.ar\\\/tiene-siete-anos-y-ya-es-campeon-del-festival-de-jesus-maria\\\/#breadcrumb\",\"itemListElement\":[{\"@type\":\"ListItem\",\"position\":1,\"name\":\"Portada\",\"item\":\"https:\\\/\\\/informelitoral.com.ar\\\/\"},{\"@type\":\"ListItem\",\"position\":2,\"name\":\"Tiene siete a\u00f1os y ya es campe\u00f3n del festival de Jes\u00fas Mar\u00eda\"}]},{\"@type\":\"WebSite\",\"@id\":\"https:\\\/\\\/informelitoral.com.ar\\\/#website\",\"url\":\"https:\\\/\\\/informelitoral.com.ar\\\/\",\"name\":\"Informe Litoral\",\"description\":\"&quot;Nos informamos&quot; \",\"publisher\":{\"@id\":\"https:\\\/\\\/informelitoral.com.ar\\\/#organization\"},\"potentialAction\":[{\"@type\":\"SearchAction\",\"target\":{\"@type\":\"EntryPoint\",\"urlTemplate\":\"https:\\\/\\\/informelitoral.com.ar\\\/?s={search_term_string}\"},\"query-input\":{\"@type\":\"PropertyValueSpecification\",\"valueRequired\":true,\"valueName\":\"search_term_string\"}}],\"inLanguage\":\"es\"},{\"@type\":\"Organization\",\"@id\":\"https:\\\/\\\/informelitoral.com.ar\\\/#organization\",\"name\":\"Informe Litoral\",\"url\":\"https:\\\/\\\/informelitoral.com.ar\\\/\",\"logo\":{\"@type\":\"ImageObject\",\"inLanguage\":\"es\",\"@id\":\"https:\\\/\\\/informelitoral.com.ar\\\/#\\\/schema\\\/logo\\\/image\\\/\",\"url\":\"https:\\\/\\\/informelitoral.com.ar\\\/%77%70%2d%63%6f%6e%74%65%6e%74\\\/uploads\\\/2021\\\/01\\\/circulo.png\",\"contentUrl\":\"https:\\\/\\\/informelitoral.com.ar\\\/%77%70%2d%63%6f%6e%74%65%6e%74\\\/uploads\\\/2021\\\/01\\\/circulo.png\",\"width\":723,\"height\":731,\"caption\":\"Informe Litoral\"},\"image\":{\"@id\":\"https:\\\/\\\/informelitoral.com.ar\\\/#\\\/schema\\\/logo\\\/image\\\/\"},\"sameAs\":[\"https:\\\/\\\/www.facebook.com\\\/informelitoral\\\/\",\"https:\\\/\\\/x.com\\\/InformeLitoral\",\"https:\\\/\\\/www.instagram.com\\\/informelitoral\\\/\",\"https:\\\/\\\/www.youtube.com\\\/channel\\\/UCua4Qvz8Icb6MYqhoq9xLXw\"]},{\"@type\":\"Person\",\"@id\":\"https:\\\/\\\/informelitoral.com.ar\\\/#\\\/schema\\\/person\\\/f05f9f461677119578717524b127d6d5\",\"name\":\"Sebastian\",\"image\":{\"@type\":\"ImageObject\",\"inLanguage\":\"es\",\"@id\":\"https:\\\/\\\/secure.gravatar.com\\\/avatar\\\/b71bf7481d447dfb9583c7f2798e7cc64de6efb9067b74633ed8c31059a3bd82?s=96&d=mm&r=g\",\"url\":\"https:\\\/\\\/secure.gravatar.com\\\/avatar\\\/b71bf7481d447dfb9583c7f2798e7cc64de6efb9067b74633ed8c31059a3bd82?s=96&d=mm&r=g\",\"contentUrl\":\"https:\\\/\\\/secure.gravatar.com\\\/avatar\\\/b71bf7481d447dfb9583c7f2798e7cc64de6efb9067b74633ed8c31059a3bd82?s=96&d=mm&r=g\",\"caption\":\"Sebastian\"},\"url\":\"https:\\\/\\\/informelitoral.com.ar\\\/author\\\/sebastian\\\/\"}]}<\/script>","yoast_head_json":{"title":"Tiene siete a\u00f1os y ya es campe\u00f3n del festival de Jes\u00fas Mar\u00eda - Informe Litoral","robots":{"index":"index","follow":"follow","max-snippet":"max-snippet:-1","max-image-preview":"max-image-preview:large","max-video-preview":"max-video-preview:-1"},"canonical":"https:\/\/informelitoral.com.ar\/tiene-siete-anos-y-ya-es-campeon-del-festival-de-jesus-maria\/","og_locale":"es_ES","og_type":"article","og_title":"Tiene siete a\u00f1os y ya es campe\u00f3n del festival de Jes\u00fas Mar\u00eda - Informe Litoral","og_description":"Se trata de Dangelo Medina, un peque\u00f1o oriundo de Casilda que result\u00f3 ganador del tradicional evento de doma, en la categor\u00eda mini menores, junto a Enano Refuerzo, su caballo.","og_url":"https:\/\/informelitoral.com.ar\/tiene-siete-anos-y-ya-es-campeon-del-festival-de-jesus-maria\/","og_site_name":"Informe Litoral","article_publisher":"https:\/\/www.facebook.com\/informelitoral\/","article_published_time":"2022-01-14T13:10:12+00:00","article_modified_time":"2022-01-15T02:35:10+00:00","og_image":[{"width":800,"height":450,"url":"https:\/\/informelitoral.com.ar\/%77%70%2d%63%6f%6e%74%65%6e%74\/uploads\/2022\/01\/o_1642158205.jpg","type":"image\/jpeg"}],"author":"Sebastian","twitter_card":"summary_large_image","twitter_creator":"@InformeLitoral","twitter_site":"@InformeLitoral","twitter_misc":{"Escrito por":"Sebastian","Tiempo de lectura":"2 minutos"},"schema":{"@context":"https:\/\/schema.org","@graph":[{"@type":"Article","@id":"https:\/\/informelitoral.com.ar\/tiene-siete-anos-y-ya-es-campeon-del-festival-de-jesus-maria\/#article","isPartOf":{"@id":"https:\/\/informelitoral.com.ar\/tiene-siete-anos-y-ya-es-campeon-del-festival-de-jesus-maria\/"},"author":{"name":"Sebastian","@id":"https:\/\/informelitoral.com.ar\/#\/schema\/person\/f05f9f461677119578717524b127d6d5"},"headline":"Tiene siete a\u00f1os y ya es campe\u00f3n del festival de Jes\u00fas Mar\u00eda","datePublished":"2022-01-14T13:10:12+00:00","dateModified":"2022-01-15T02:35:10+00:00","mainEntityOfPage":{"@id":"https:\/\/informelitoral.com.ar\/tiene-siete-anos-y-ya-es-campeon-del-festival-de-jesus-maria\/"},"wordCount":349,"commentCount":0,"publisher":{"@id":"https:\/\/informelitoral.com.ar\/#organization"},"image":{"@id":"https:\/\/informelitoral.com.ar\/tiene-siete-anos-y-ya-es-campeon-del-festival-de-jesus-maria\/#primaryimage"},"thumbnailUrl":"https:\/\/informelitoral.com.ar\/%77%70%2d%63%6f%6e%74%65%6e%74\/uploads\/2022\/01\/o_1642158205.jpg","keywords":["Campe\u00f3n","Dangelo Medina","Jes\u00fas Mar\u00eda"],"articleSection":["Sociedad"],"inLanguage":"es","potentialAction":[{"@type":"CommentAction","name":"Comment","target":["https:\/\/informelitoral.com.ar\/tiene-siete-anos-y-ya-es-campeon-del-festival-de-jesus-maria\/#respond"]}]},{"@type":"WebPage","@id":"https:\/\/informelitoral.com.ar\/tiene-siete-anos-y-ya-es-campeon-del-festival-de-jesus-maria\/","url":"https:\/\/informelitoral.com.ar\/tiene-siete-anos-y-ya-es-campeon-del-festival-de-jesus-maria\/","name":"Tiene siete a\u00f1os y ya es campe\u00f3n del festival de Jes\u00fas Mar\u00eda - Informe Litoral","isPartOf":{"@id":"https:\/\/informelitoral.com.ar\/#website"},"primaryImageOfPage":{"@id":"https:\/\/informelitoral.com.ar\/tiene-siete-anos-y-ya-es-campeon-del-festival-de-jesus-maria\/#primaryimage"},"image":{"@id":"https:\/\/informelitoral.com.ar\/tiene-siete-anos-y-ya-es-campeon-del-festival-de-jesus-maria\/#primaryimage"},"thumbnailUrl":"https:\/\/informelitoral.com.ar\/%77%70%2d%63%6f%6e%74%65%6e%74\/uploads\/2022\/01\/o_1642158205.jpg","datePublished":"2022-01-14T13:10:12+00:00","dateModified":"2022-01-15T02:35:10+00:00","breadcrumb":{"@id":"https:\/\/informelitoral.com.ar\/tiene-siete-anos-y-ya-es-campeon-del-festival-de-jesus-maria\/#breadcrumb"},"inLanguage":"es","potentialAction":[{"@type":"ReadAction","target":["https:\/\/informelitoral.com.ar\/tiene-siete-anos-y-ya-es-campeon-del-festival-de-jesus-maria\/"]}]},{"@type":"ImageObject","inLanguage":"es","@id":"https:\/\/informelitoral.com.ar\/tiene-siete-anos-y-ya-es-campeon-del-festival-de-jesus-maria\/#primaryimage","url":"https:\/\/informelitoral.com.ar\/%77%70%2d%63%6f%6e%74%65%6e%74\/uploads\/2022\/01\/o_1642158205.jpg","contentUrl":"https:\/\/informelitoral.com.ar\/%77%70%2d%63%6f%6e%74%65%6e%74\/uploads\/2022\/01\/o_1642158205.jpg","width":800,"height":450},{"@type":"BreadcrumbList","@id":"https:\/\/informelitoral.com.ar\/tiene-siete-anos-y-ya-es-campeon-del-festival-de-jesus-maria\/#breadcrumb","itemListElement":[{"@type":"ListItem","position":1,"name":"Portada","item":"https:\/\/informelitoral.com.ar\/"},{"@type":"ListItem","position":2,"name":"Tiene siete a\u00f1os y ya es campe\u00f3n del festival de Jes\u00fas Mar\u00eda"}]},{"@type":"WebSite","@id":"https:\/\/informelitoral.com.ar\/#website","url":"https:\/\/informelitoral.com.ar\/","name":"Informe Litoral","description":"&quot;Nos informamos&quot; ","publisher":{"@id":"https:\/\/informelitoral.com.ar\/#organization"},"potentialAction":[{"@type":"SearchAction","target":{"@type":"EntryPoint","urlTemplate":"https:\/\/informelitoral.com.ar\/?s={search_term_string}"},"query-input":{"@type":"PropertyValueSpecification","valueRequired":true,"valueName":"search_term_string"}}],"inLanguage":"es"},{"@type":"Organization","@id":"https:\/\/informelitoral.com.ar\/#organization","name":"Informe Litoral","url":"https:\/\/informelitoral.com.ar\/","logo":{"@type":"ImageObject","inLanguage":"es","@id":"https:\/\/informelitoral.com.ar\/#\/schema\/logo\/image\/","url":"https:\/\/informelitoral.com.ar\/%77%70%2d%63%6f%6e%74%65%6e%74\/uploads\/2021\/01\/circulo.png","contentUrl":"https:\/\/informelitoral.com.ar\/%77%70%2d%63%6f%6e%74%65%6e%74\/uploads\/2021\/01\/circulo.png","width":723,"height":731,"caption":"Informe Litoral"},"image":{"@id":"https:\/\/informelitoral.com.ar\/#\/schema\/logo\/image\/"},"sameAs":["https:\/\/www.facebook.com\/informelitoral\/","https:\/\/x.com\/InformeLitoral","https:\/\/www.instagram.com\/informelitoral\/","https:\/\/www.youtube.com\/channel\/UCua4Qvz8Icb6MYqhoq9xLXw"]},{"@type":"Person","@id":"https:\/\/informelitoral.com.ar\/#\/schema\/person\/f05f9f461677119578717524b127d6d5","name":"Sebastian","image":{"@type":"ImageObject","inLanguage":"es","@id":"https:\/\/secure.gravatar.com\/avatar\/b71bf7481d447dfb9583c7f2798e7cc64de6efb9067b74633ed8c31059a3bd82?s=96&d=mm&r=g","url":"https:\/\/secure.gravatar.com\/avatar\/b71bf7481d447dfb9583c7f2798e7cc64de6efb9067b74633ed8c31059a3bd82?s=96&d=mm&r=g","contentUrl":"https:\/\/secure.gravatar.com\/avatar\/b71bf7481d447dfb9583c7f2798e7cc64de6efb9067b74633ed8c31059a3bd82?s=96&d=mm&r=g","caption":"Sebastian"},"url":"https:\/\/informelitoral.com.ar\/author\/sebastian\/"}]}},"_links":{"self":[{"href":"https:\/\/informelitoral.com.ar\/%77%70%2d%6a%73%6f%6e\/wp\/v2\/posts\/70294","targetHints":{"allow":["GET"]}}],"collection":[{"href":"https:\/\/informelitoral.com.ar\/%77%70%2d%6a%73%6f%6e\/wp\/v2\/posts"}],"about":[{"href":"https:\/\/informelitoral.com.ar\/%77%70%2d%6a%73%6f%6e\/wp\/v2\/types\/post"}],"author":[{"embeddable":true,"href":"https:\/\/informelitoral.com.ar\/%77%70%2d%6a%73%6f%6e\/wp\/v2\/users\/8"}],"replies":[{"embeddable":true,"href":"https:\/\/informelitoral.com.ar\/%77%70%2d%6a%73%6f%6e\/wp\/v2\/comments?post=70294"}],"version-history":[{"count":0,"href":"https:\/\/informelitoral.com.ar\/%77%70%2d%6a%73%6f%6e\/wp\/v2\/posts\/70294\/revisions"}],"wp:featuredmedia":[{"embeddable":true,"href":"https:\/\/informelitoral.com.ar\/%77%70%2d%6a%73%6f%6e\/wp\/v2\/media\/70295"}],"wp:attachment":[{"href":"https:\/\/informelitoral.com.ar\/%77%70%2d%6a%73%6f%6e\/wp\/v2\/media?parent=70294"}],"wp:term":[{"taxonomy":"category","embeddable":true,"href":"https:\/\/informelitoral.com.ar\/%77%70%2d%6a%73%6f%6e\/wp\/v2\/categories?post=70294"},{"taxonomy":"post_tag","embeddable":true,"href":"https:\/\/informelitoral.com.ar\/%77%70%2d%6a%73%6f%6e\/wp\/v2\/tags?post=70294"}],"curies":[{"name":"wp","href":"https:\/\/api.w.org\/{rel}","templated":true}]}}