{"id":70291,"date":"2022-01-14T10:15:30","date_gmt":"2022-01-14T13:15:30","guid":{"rendered":"https:\/\/www.informelitoral.com.ar\/?p=70291"},"modified":"2022-01-14T10:15:30","modified_gmt":"2022-01-14T13:15:30","slug":"omicron-el-lapso-de-incubacion-y-en-cuantos-dias-un-infectado-deja-de-contagiar","status":"publish","type":"post","link":"https:\/\/informelitoral.com.ar\/omicron-el-lapso-de-incubacion-y-en-cuantos-dias-un-infectado-deja-de-contagiar\/","title":{"rendered":"\u00d3micron: el lapso de incubaci\u00f3n y en cu\u00e1ntos d\u00edas un infectado deja de contagiar"},"content":{"rendered":"<p>La variante \u00d3micron del coronavirus fue detectada en noviembre en \u00c1frica y en menos de dos meses se propag\u00f3 por el mundo: ya lleg\u00f3 a 149 pa\u00edses. Hay pruebas que demuestran que \u00d3micron tiene una ventaja de crecimiento sustancial sobre la variante Delta. En cuanto a su transmisi\u00f3n comunitaria,\u00a0<b>\u00d3micron tiene un tiempo de duplicaci\u00f3n de entre 2 y 3 d\u00edas<\/b>. Si una persona hoy se contagia la variante \u00d3micron, debe tener presente\u00a0<b>cu\u00e1nto tiempo dura la infecci\u00f3n y que puede contagiar a otros<\/b>.<\/p>\n<div class=\"cont-nota\">\n<article class=\"cont-cuerpo\">\n<section class=\"texto\">La variante \u00d3micron del coronavirus fue detectada en noviembre en \u00c1frica y en menos de dos meses se propag\u00f3 por el mundo: ya lleg\u00f3 a 149 pa\u00edses. Hay pruebas que demuestran que \u00d3micron tiene una ventaja de crecimiento sustancial sobre la variante Delta. En cuanto a su transmisi\u00f3n comunitaria,\u00a0<b>\u00d3micron tiene un tiempo de duplicaci\u00f3n de entre 2 y 3 d\u00edas<\/b>. Si una persona hoy se contagia la variante \u00d3micron, debe tener presente\u00a0<b>cu\u00e1nto tiempo dura la infecci\u00f3n y que puede contagiar a otros<\/b>.<\/p>\n<div class=\"embed\">\n<div class=\"inner-art\"><\/div>\n<\/div>\n<p>La variante \u00d3micron es una variante m\u00e1s transmisible y gener\u00f3 un aumento explosivo de casos en la mayor\u00eda de las ciudades en las que hay transmisi\u00f3n comunitaria. Ya se registraron m\u00e1s de 312 millones de casos de COVID-19 en el mundo, seg\u00fan la Organizaci\u00f3n Mundial de la Salud. Desde noviembre fue creciendo la circulaci\u00f3n de \u00d3micron hasta volverse predominante y est\u00e1 desplazando a Delta.<\/section>\n<\/article>\n<section><\/section>\n<\/div>\n<section>Cada vez que una persona se infecta, hay un per\u00edodo de incubaci\u00f3n, que es el tiempo que transcurre entre la infecci\u00f3n por el virus y la aparici\u00f3n de los s\u00edntomas de la enfermedad. Con el COVID-19 hay casos de personas que adquieren la infecci\u00f3n pero no tienen s\u00edntomas.<\/section>\n<section><\/section>\n<section>Desde el inicio de la pandemia se consider\u00f3 que el per\u00edodo de incubaci\u00f3n de la infecci\u00f3n por el coronavirus puede oscilar entre 1 y 14 d\u00edas, y en promedio alrededor de 5 d\u00edas. Por esta raz\u00f3n, se exig\u00eda que las personas que hab\u00edan estado en contacto estrecho con un caso confirmado deb\u00edan aislarse m\u00e1s de 10 d\u00edas.\u00a0<b>Con \u00d3micron, el per\u00edodo de incubaci\u00f3n es de dos a tres d\u00edas<\/b>.<\/p>\n<p><b>Los s\u00edntomas m\u00e1s frecuentes<\/b>\u00a0del COVID-19 son fiebre de 37,5\u00b0C, tos, dolor de garganta, dificultad respiratoria, rinitis\/congesti\u00f3n nasal, dolor muscular, cefalea, diarrea o v\u00f3mitos. Tambi\u00e9n puede ocurrir la p\u00e9rdida brusca de gusto u olfato. En esos casos, hay que aislarse y consultar al sistema de salud de la localidad donde la persona se encuentre.<\/p>\n<p><b>\u00bfY cu\u00e1ndo deja de contagiar el virus la persona afectada?<\/b><br \/>\n\u201cHoy, en base a la evidencia disponible, se sabe que el 97% de las personas con COVID-19\u00a0<b>dejan de transmitir el coronavirus despu\u00e9s de 7 d\u00edas del inicio de los s\u00edntomas.<\/b>\u00a0Este cambio se debe a que circula la variante \u00d3micron y a que una mayor proporci\u00f3n de la poblaci\u00f3n ya est\u00e1 vacunada completamente. Al estar vacunada, se reduce el riesgo de que esa persona contagie el virus si se llegara a infectar\u201d, explic\u00f3 a\u00a0<i>Infobae<\/i>\u00a0el doctor Javier Farina, miembro de la Sociedad Argentina de Infectolog\u00eda (SADI) y jefe de infectolog\u00eda del Hospital de Alta Complejidad Cuenca Alta, en Ca\u00f1uelas, provincia de Buenos Aires.<\/p>\n<p><b>Quiere decir que unos siete d\u00edas despu\u00e9s de que aparecieron los s\u00edntomas la mayor\u00eda de las personas ya no ser\u00e1n contagiosas. Eso suceder\u00e1 siempre y cuando ya no presenten s\u00edntomas<\/b>. En el caso en que la persona tenga el virus pero no presente s\u00edntomas, es decir, que sea un caso asintom\u00e1tico, se considera que deja de contagiar el virus despu\u00e9s de los 7 d\u00edas de haberse realizado la PCR, se\u00f1al\u00f3 el doctor Farina.<\/p>\n<p>La doctora Karin Kopitowski, directora del Departamento de Investigaci\u00f3n, Instituto Universitario Escuela de Medicina, Hospital Italiano de Buenos Aires y presidenta de la Asociaci\u00f3n Metropolitana de Medicina Familiar, coment\u00f3: \u201cActualmente, se considera que la persona con COVID-19 puede contagiar el virus a otras durante 7 d\u00edas. Por eso, se les recomienda hacer un aislamiento por una semana.\u00a0<b>En personas completamente vacunadas y asintom\u00e1ticas, es probable que el tiempo en que puede transmitir el virus sea menor\u201d<\/b>.<\/p>\n<p>Cumplir con el aislamiento de los 7 d\u00edas es importante para descansar, recuperarse y cuidar a los dem\u00e1s. Porque el coronavirus se transmite por la cercan\u00eda con una persona ya infectada tanto en un ambiente cerrado como al aire libre. Tambi\u00e9n se transmite a partir de personas contagiadas y puede quedar suspendido en el aire especialmente en lugares con mala ventilaci\u00f3n. Las personas que lo exhalan en gotas o en aerosoles pueden estar contagiadas sin manifestar s\u00edntomas. Un hogar en el que las personas pasan muchas horas al d\u00eda juntas es un lugar privilegiado para que el contagio ocurra<\/section>\n","protected":false},"excerpt":{"rendered":"<p>Con el avance de la mutaci\u00f3n y m\u00e1s acceso a las vacunas, cambi\u00f3 el tiempo en que las personas afectadas de COVID-19 pueden transmitir el virus. Especialistas dieron detalles al respecto.<\/p>\n","protected":false},"author":8,"featured_media":70292,"comment_status":"open","ping_status":"open","sticky":false,"template":"","format":"standard","meta":{"fifu_image_url":"","fifu_image_alt":"","footnotes":""},"categories":[1595],"tags":[1481,2905,2621],"class_list":{"0":"post-70291","1":"post","2":"type-post","3":"status-publish","4":"format-standard","5":"has-post-thumbnail","7":"category-salud","8":"tag-covid-19","9":"tag-incubacion","10":"tag-omicron"},"yoast_head":"<title>\u00d3micron: el lapso de incubaci\u00f3n y en cu\u00e1ntos d\u00edas un infectado deja de contagiar - Informe Litoral<\/title>\n<meta name=\"robots\" content=\"index, follow, max-snippet:-1, max-image-preview:large, max-video-preview:-1\" \/>\n<link rel=\"canonical\" href=\"https:\/\/informelitoral.com.ar\/omicron-el-lapso-de-incubacion-y-en-cuantos-dias-un-infectado-deja-de-contagiar\/\" \/>\n<meta property=\"og:locale\" content=\"es_ES\" \/>\n<meta property=\"og:type\" content=\"article\" \/>\n<meta property=\"og:title\" content=\"\u00d3micron: el lapso de incubaci\u00f3n y en cu\u00e1ntos d\u00edas un infectado deja de contagiar - Informe Litoral\" \/>\n<meta property=\"og:description\" content=\"Con el avance de la mutaci\u00f3n y m\u00e1s acceso a las vacunas, cambi\u00f3 el tiempo en que las personas afectadas de COVID-19 pueden transmitir el virus. Especialistas dieron detalles al respecto.\" \/>\n<meta property=\"og:url\" content=\"https:\/\/informelitoral.com.ar\/omicron-el-lapso-de-incubacion-y-en-cuantos-dias-un-infectado-deja-de-contagiar\/\" \/>\n<meta property=\"og:site_name\" content=\"Informe Litoral\" \/>\n<meta property=\"article:publisher\" content=\"https:\/\/www.facebook.com\/informelitoral\/\" \/>\n<meta property=\"article:published_time\" content=\"2022-01-14T13:15:30+00:00\" \/>\n<meta property=\"og:image\" content=\"https:\/\/informelitoral.com.ar\/%77%70%2d%63%6f%6e%74%65%6e%74\/uploads\/2022\/01\/1611419647143Testeos-Suarez-Cornejo-6.jpg\" \/>\n\t<meta property=\"og:image:width\" content=\"1024\" \/>\n\t<meta property=\"og:image:height\" content=\"768\" \/>\n\t<meta property=\"og:image:type\" content=\"image\/jpeg\" \/>\n<meta name=\"author\" content=\"Sebastian\" \/>\n<meta name=\"twitter:card\" content=\"summary_large_image\" \/>\n<meta name=\"twitter:creator\" content=\"@InformeLitoral\" \/>\n<meta name=\"twitter:site\" content=\"@InformeLitoral\" \/>\n<meta name=\"twitter:label1\" content=\"Escrito por\" \/>\n\t<meta name=\"twitter:data1\" content=\"Sebastian\" \/>\n\t<meta name=\"twitter:label2\" content=\"Tiempo de lectura\" \/>\n\t<meta name=\"twitter:data2\" content=\"4 minutos\" \/>\n<script type=\"application\/ld+json\" class=\"yoast-schema-graph\">{\"@context\":\"https:\\\/\\\/schema.org\",\"@graph\":[{\"@type\":\"Article\",\"@id\":\"https:\\\/\\\/informelitoral.com.ar\\\/omicron-el-lapso-de-incubacion-y-en-cuantos-dias-un-infectado-deja-de-contagiar\\\/#article\",\"isPartOf\":{\"@id\":\"https:\\\/\\\/informelitoral.com.ar\\\/omicron-el-lapso-de-incubacion-y-en-cuantos-dias-un-infectado-deja-de-contagiar\\\/\"},\"author\":{\"name\":\"Sebastian\",\"@id\":\"https:\\\/\\\/informelitoral.com.ar\\\/#\\\/schema\\\/person\\\/f05f9f461677119578717524b127d6d5\"},\"headline\":\"\u00d3micron: el lapso de incubaci\u00f3n y en cu\u00e1ntos d\u00edas un infectado deja de contagiar\",\"datePublished\":\"2022-01-14T13:15:30+00:00\",\"mainEntityOfPage\":{\"@id\":\"https:\\\/\\\/informelitoral.com.ar\\\/omicron-el-lapso-de-incubacion-y-en-cuantos-dias-un-infectado-deja-de-contagiar\\\/\"},\"wordCount\":845,\"commentCount\":0,\"publisher\":{\"@id\":\"https:\\\/\\\/informelitoral.com.ar\\\/#organization\"},\"image\":{\"@id\":\"https:\\\/\\\/informelitoral.com.ar\\\/omicron-el-lapso-de-incubacion-y-en-cuantos-dias-un-infectado-deja-de-contagiar\\\/#primaryimage\"},\"thumbnailUrl\":\"https:\\\/\\\/informelitoral.com.ar\\\/%77%70%2d%63%6f%6e%74%65%6e%74\\\/uploads\\\/2022\\\/01\\\/1611419647143Testeos-Suarez-Cornejo-6.jpg\",\"keywords\":[\"COVID-19\",\"Incubaci\u00f3n\",\"\u00d3micron\"],\"articleSection\":[\"Salud\"],\"inLanguage\":\"es\",\"potentialAction\":[{\"@type\":\"CommentAction\",\"name\":\"Comment\",\"target\":[\"https:\\\/\\\/informelitoral.com.ar\\\/omicron-el-lapso-de-incubacion-y-en-cuantos-dias-un-infectado-deja-de-contagiar\\\/#respond\"]}]},{\"@type\":\"WebPage\",\"@id\":\"https:\\\/\\\/informelitoral.com.ar\\\/omicron-el-lapso-de-incubacion-y-en-cuantos-dias-un-infectado-deja-de-contagiar\\\/\",\"url\":\"https:\\\/\\\/informelitoral.com.ar\\\/omicron-el-lapso-de-incubacion-y-en-cuantos-dias-un-infectado-deja-de-contagiar\\\/\",\"name\":\"\u00d3micron: el lapso de incubaci\u00f3n y en cu\u00e1ntos d\u00edas un infectado deja de contagiar - Informe Litoral\",\"isPartOf\":{\"@id\":\"https:\\\/\\\/informelitoral.com.ar\\\/#website\"},\"primaryImageOfPage\":{\"@id\":\"https:\\\/\\\/informelitoral.com.ar\\\/omicron-el-lapso-de-incubacion-y-en-cuantos-dias-un-infectado-deja-de-contagiar\\\/#primaryimage\"},\"image\":{\"@id\":\"https:\\\/\\\/informelitoral.com.ar\\\/omicron-el-lapso-de-incubacion-y-en-cuantos-dias-un-infectado-deja-de-contagiar\\\/#primaryimage\"},\"thumbnailUrl\":\"https:\\\/\\\/informelitoral.com.ar\\\/%77%70%2d%63%6f%6e%74%65%6e%74\\\/uploads\\\/2022\\\/01\\\/1611419647143Testeos-Suarez-Cornejo-6.jpg\",\"datePublished\":\"2022-01-14T13:15:30+00:00\",\"breadcrumb\":{\"@id\":\"https:\\\/\\\/informelitoral.com.ar\\\/omicron-el-lapso-de-incubacion-y-en-cuantos-dias-un-infectado-deja-de-contagiar\\\/#breadcrumb\"},\"inLanguage\":\"es\",\"potentialAction\":[{\"@type\":\"ReadAction\",\"target\":[\"https:\\\/\\\/informelitoral.com.ar\\\/omicron-el-lapso-de-incubacion-y-en-cuantos-dias-un-infectado-deja-de-contagiar\\\/\"]}]},{\"@type\":\"ImageObject\",\"inLanguage\":\"es\",\"@id\":\"https:\\\/\\\/informelitoral.com.ar\\\/omicron-el-lapso-de-incubacion-y-en-cuantos-dias-un-infectado-deja-de-contagiar\\\/#primaryimage\",\"url\":\"https:\\\/\\\/informelitoral.com.ar\\\/%77%70%2d%63%6f%6e%74%65%6e%74\\\/uploads\\\/2022\\\/01\\\/1611419647143Testeos-Suarez-Cornejo-6.jpg\",\"contentUrl\":\"https:\\\/\\\/informelitoral.com.ar\\\/%77%70%2d%63%6f%6e%74%65%6e%74\\\/uploads\\\/2022\\\/01\\\/1611419647143Testeos-Suarez-Cornejo-6.jpg\",\"width\":1024,\"height\":768},{\"@type\":\"BreadcrumbList\",\"@id\":\"https:\\\/\\\/informelitoral.com.ar\\\/omicron-el-lapso-de-incubacion-y-en-cuantos-dias-un-infectado-deja-de-contagiar\\\/#breadcrumb\",\"itemListElement\":[{\"@type\":\"ListItem\",\"position\":1,\"name\":\"Portada\",\"item\":\"https:\\\/\\\/informelitoral.com.ar\\\/\"},{\"@type\":\"ListItem\",\"position\":2,\"name\":\"\u00d3micron: el lapso de incubaci\u00f3n y en cu\u00e1ntos d\u00edas un infectado deja de contagiar\"}]},{\"@type\":\"WebSite\",\"@id\":\"https:\\\/\\\/informelitoral.com.ar\\\/#website\",\"url\":\"https:\\\/\\\/informelitoral.com.ar\\\/\",\"name\":\"Informe Litoral\",\"description\":\"&quot;Nos informamos&quot; \",\"publisher\":{\"@id\":\"https:\\\/\\\/informelitoral.com.ar\\\/#organization\"},\"potentialAction\":[{\"@type\":\"SearchAction\",\"target\":{\"@type\":\"EntryPoint\",\"urlTemplate\":\"https:\\\/\\\/informelitoral.com.ar\\\/?s={search_term_string}\"},\"query-input\":{\"@type\":\"PropertyValueSpecification\",\"valueRequired\":true,\"valueName\":\"search_term_string\"}}],\"inLanguage\":\"es\"},{\"@type\":\"Organization\",\"@id\":\"https:\\\/\\\/informelitoral.com.ar\\\/#organization\",\"name\":\"Informe Litoral\",\"url\":\"https:\\\/\\\/informelitoral.com.ar\\\/\",\"logo\":{\"@type\":\"ImageObject\",\"inLanguage\":\"es\",\"@id\":\"https:\\\/\\\/informelitoral.com.ar\\\/#\\\/schema\\\/logo\\\/image\\\/\",\"url\":\"https:\\\/\\\/informelitoral.com.ar\\\/%77%70%2d%63%6f%6e%74%65%6e%74\\\/uploads\\\/2021\\\/01\\\/circulo.png\",\"contentUrl\":\"https:\\\/\\\/informelitoral.com.ar\\\/%77%70%2d%63%6f%6e%74%65%6e%74\\\/uploads\\\/2021\\\/01\\\/circulo.png\",\"width\":723,\"height\":731,\"caption\":\"Informe Litoral\"},\"image\":{\"@id\":\"https:\\\/\\\/informelitoral.com.ar\\\/#\\\/schema\\\/logo\\\/image\\\/\"},\"sameAs\":[\"https:\\\/\\\/www.facebook.com\\\/informelitoral\\\/\",\"https:\\\/\\\/x.com\\\/InformeLitoral\",\"https:\\\/\\\/www.instagram.com\\\/informelitoral\\\/\",\"https:\\\/\\\/www.youtube.com\\\/channel\\\/UCua4Qvz8Icb6MYqhoq9xLXw\"]},{\"@type\":\"Person\",\"@id\":\"https:\\\/\\\/informelitoral.com.ar\\\/#\\\/schema\\\/person\\\/f05f9f461677119578717524b127d6d5\",\"name\":\"Sebastian\",\"image\":{\"@type\":\"ImageObject\",\"inLanguage\":\"es\",\"@id\":\"https:\\\/\\\/secure.gravatar.com\\\/avatar\\\/b71bf7481d447dfb9583c7f2798e7cc64de6efb9067b74633ed8c31059a3bd82?s=96&d=mm&r=g\",\"url\":\"https:\\\/\\\/secure.gravatar.com\\\/avatar\\\/b71bf7481d447dfb9583c7f2798e7cc64de6efb9067b74633ed8c31059a3bd82?s=96&d=mm&r=g\",\"contentUrl\":\"https:\\\/\\\/secure.gravatar.com\\\/avatar\\\/b71bf7481d447dfb9583c7f2798e7cc64de6efb9067b74633ed8c31059a3bd82?s=96&d=mm&r=g\",\"caption\":\"Sebastian\"},\"url\":\"https:\\\/\\\/informelitoral.com.ar\\\/author\\\/sebastian\\\/\"}]}<\/script>","yoast_head_json":{"title":"\u00d3micron: el lapso de incubaci\u00f3n y en cu\u00e1ntos d\u00edas un infectado deja de contagiar - Informe Litoral","robots":{"index":"index","follow":"follow","max-snippet":"max-snippet:-1","max-image-preview":"max-image-preview:large","max-video-preview":"max-video-preview:-1"},"canonical":"https:\/\/informelitoral.com.ar\/omicron-el-lapso-de-incubacion-y-en-cuantos-dias-un-infectado-deja-de-contagiar\/","og_locale":"es_ES","og_type":"article","og_title":"\u00d3micron: el lapso de incubaci\u00f3n y en cu\u00e1ntos d\u00edas un infectado deja de contagiar - Informe Litoral","og_description":"Con el avance de la mutaci\u00f3n y m\u00e1s acceso a las vacunas, cambi\u00f3 el tiempo en que las personas afectadas de COVID-19 pueden transmitir el virus. Especialistas dieron detalles al respecto.","og_url":"https:\/\/informelitoral.com.ar\/omicron-el-lapso-de-incubacion-y-en-cuantos-dias-un-infectado-deja-de-contagiar\/","og_site_name":"Informe Litoral","article_publisher":"https:\/\/www.facebook.com\/informelitoral\/","article_published_time":"2022-01-14T13:15:30+00:00","og_image":[{"width":1024,"height":768,"url":"https:\/\/informelitoral.com.ar\/%77%70%2d%63%6f%6e%74%65%6e%74\/uploads\/2022\/01\/1611419647143Testeos-Suarez-Cornejo-6.jpg","type":"image\/jpeg"}],"author":"Sebastian","twitter_card":"summary_large_image","twitter_creator":"@InformeLitoral","twitter_site":"@InformeLitoral","twitter_misc":{"Escrito por":"Sebastian","Tiempo de lectura":"4 minutos"},"schema":{"@context":"https:\/\/schema.org","@graph":[{"@type":"Article","@id":"https:\/\/informelitoral.com.ar\/omicron-el-lapso-de-incubacion-y-en-cuantos-dias-un-infectado-deja-de-contagiar\/#article","isPartOf":{"@id":"https:\/\/informelitoral.com.ar\/omicron-el-lapso-de-incubacion-y-en-cuantos-dias-un-infectado-deja-de-contagiar\/"},"author":{"name":"Sebastian","@id":"https:\/\/informelitoral.com.ar\/#\/schema\/person\/f05f9f461677119578717524b127d6d5"},"headline":"\u00d3micron: el lapso de incubaci\u00f3n y en cu\u00e1ntos d\u00edas un infectado deja de contagiar","datePublished":"2022-01-14T13:15:30+00:00","mainEntityOfPage":{"@id":"https:\/\/informelitoral.com.ar\/omicron-el-lapso-de-incubacion-y-en-cuantos-dias-un-infectado-deja-de-contagiar\/"},"wordCount":845,"commentCount":0,"publisher":{"@id":"https:\/\/informelitoral.com.ar\/#organization"},"image":{"@id":"https:\/\/informelitoral.com.ar\/omicron-el-lapso-de-incubacion-y-en-cuantos-dias-un-infectado-deja-de-contagiar\/#primaryimage"},"thumbnailUrl":"https:\/\/informelitoral.com.ar\/%77%70%2d%63%6f%6e%74%65%6e%74\/uploads\/2022\/01\/1611419647143Testeos-Suarez-Cornejo-6.jpg","keywords":["COVID-19","Incubaci\u00f3n","\u00d3micron"],"articleSection":["Salud"],"inLanguage":"es","potentialAction":[{"@type":"CommentAction","name":"Comment","target":["https:\/\/informelitoral.com.ar\/omicron-el-lapso-de-incubacion-y-en-cuantos-dias-un-infectado-deja-de-contagiar\/#respond"]}]},{"@type":"WebPage","@id":"https:\/\/informelitoral.com.ar\/omicron-el-lapso-de-incubacion-y-en-cuantos-dias-un-infectado-deja-de-contagiar\/","url":"https:\/\/informelitoral.com.ar\/omicron-el-lapso-de-incubacion-y-en-cuantos-dias-un-infectado-deja-de-contagiar\/","name":"\u00d3micron: el lapso de incubaci\u00f3n y en cu\u00e1ntos d\u00edas un infectado deja de contagiar - Informe Litoral","isPartOf":{"@id":"https:\/\/informelitoral.com.ar\/#website"},"primaryImageOfPage":{"@id":"https:\/\/informelitoral.com.ar\/omicron-el-lapso-de-incubacion-y-en-cuantos-dias-un-infectado-deja-de-contagiar\/#primaryimage"},"image":{"@id":"https:\/\/informelitoral.com.ar\/omicron-el-lapso-de-incubacion-y-en-cuantos-dias-un-infectado-deja-de-contagiar\/#primaryimage"},"thumbnailUrl":"https:\/\/informelitoral.com.ar\/%77%70%2d%63%6f%6e%74%65%6e%74\/uploads\/2022\/01\/1611419647143Testeos-Suarez-Cornejo-6.jpg","datePublished":"2022-01-14T13:15:30+00:00","breadcrumb":{"@id":"https:\/\/informelitoral.com.ar\/omicron-el-lapso-de-incubacion-y-en-cuantos-dias-un-infectado-deja-de-contagiar\/#breadcrumb"},"inLanguage":"es","potentialAction":[{"@type":"ReadAction","target":["https:\/\/informelitoral.com.ar\/omicron-el-lapso-de-incubacion-y-en-cuantos-dias-un-infectado-deja-de-contagiar\/"]}]},{"@type":"ImageObject","inLanguage":"es","@id":"https:\/\/informelitoral.com.ar\/omicron-el-lapso-de-incubacion-y-en-cuantos-dias-un-infectado-deja-de-contagiar\/#primaryimage","url":"https:\/\/informelitoral.com.ar\/%77%70%2d%63%6f%6e%74%65%6e%74\/uploads\/2022\/01\/1611419647143Testeos-Suarez-Cornejo-6.jpg","contentUrl":"https:\/\/informelitoral.com.ar\/%77%70%2d%63%6f%6e%74%65%6e%74\/uploads\/2022\/01\/1611419647143Testeos-Suarez-Cornejo-6.jpg","width":1024,"height":768},{"@type":"BreadcrumbList","@id":"https:\/\/informelitoral.com.ar\/omicron-el-lapso-de-incubacion-y-en-cuantos-dias-un-infectado-deja-de-contagiar\/#breadcrumb","itemListElement":[{"@type":"ListItem","position":1,"name":"Portada","item":"https:\/\/informelitoral.com.ar\/"},{"@type":"ListItem","position":2,"name":"\u00d3micron: el lapso de incubaci\u00f3n y en cu\u00e1ntos d\u00edas un infectado deja de contagiar"}]},{"@type":"WebSite","@id":"https:\/\/informelitoral.com.ar\/#website","url":"https:\/\/informelitoral.com.ar\/","name":"Informe Litoral","description":"&quot;Nos informamos&quot; ","publisher":{"@id":"https:\/\/informelitoral.com.ar\/#organization"},"potentialAction":[{"@type":"SearchAction","target":{"@type":"EntryPoint","urlTemplate":"https:\/\/informelitoral.com.ar\/?s={search_term_string}"},"query-input":{"@type":"PropertyValueSpecification","valueRequired":true,"valueName":"search_term_string"}}],"inLanguage":"es"},{"@type":"Organization","@id":"https:\/\/informelitoral.com.ar\/#organization","name":"Informe Litoral","url":"https:\/\/informelitoral.com.ar\/","logo":{"@type":"ImageObject","inLanguage":"es","@id":"https:\/\/informelitoral.com.ar\/#\/schema\/logo\/image\/","url":"https:\/\/informelitoral.com.ar\/%77%70%2d%63%6f%6e%74%65%6e%74\/uploads\/2021\/01\/circulo.png","contentUrl":"https:\/\/informelitoral.com.ar\/%77%70%2d%63%6f%6e%74%65%6e%74\/uploads\/2021\/01\/circulo.png","width":723,"height":731,"caption":"Informe Litoral"},"image":{"@id":"https:\/\/informelitoral.com.ar\/#\/schema\/logo\/image\/"},"sameAs":["https:\/\/www.facebook.com\/informelitoral\/","https:\/\/x.com\/InformeLitoral","https:\/\/www.instagram.com\/informelitoral\/","https:\/\/www.youtube.com\/channel\/UCua4Qvz8Icb6MYqhoq9xLXw"]},{"@type":"Person","@id":"https:\/\/informelitoral.com.ar\/#\/schema\/person\/f05f9f461677119578717524b127d6d5","name":"Sebastian","image":{"@type":"ImageObject","inLanguage":"es","@id":"https:\/\/secure.gravatar.com\/avatar\/b71bf7481d447dfb9583c7f2798e7cc64de6efb9067b74633ed8c31059a3bd82?s=96&d=mm&r=g","url":"https:\/\/secure.gravatar.com\/avatar\/b71bf7481d447dfb9583c7f2798e7cc64de6efb9067b74633ed8c31059a3bd82?s=96&d=mm&r=g","contentUrl":"https:\/\/secure.gravatar.com\/avatar\/b71bf7481d447dfb9583c7f2798e7cc64de6efb9067b74633ed8c31059a3bd82?s=96&d=mm&r=g","caption":"Sebastian"},"url":"https:\/\/informelitoral.com.ar\/author\/sebastian\/"}]}},"_links":{"self":[{"href":"https:\/\/informelitoral.com.ar\/%77%70%2d%6a%73%6f%6e\/wp\/v2\/posts\/70291","targetHints":{"allow":["GET"]}}],"collection":[{"href":"https:\/\/informelitoral.com.ar\/%77%70%2d%6a%73%6f%6e\/wp\/v2\/posts"}],"about":[{"href":"https:\/\/informelitoral.com.ar\/%77%70%2d%6a%73%6f%6e\/wp\/v2\/types\/post"}],"author":[{"embeddable":true,"href":"https:\/\/informelitoral.com.ar\/%77%70%2d%6a%73%6f%6e\/wp\/v2\/users\/8"}],"replies":[{"embeddable":true,"href":"https:\/\/informelitoral.com.ar\/%77%70%2d%6a%73%6f%6e\/wp\/v2\/comments?post=70291"}],"version-history":[{"count":0,"href":"https:\/\/informelitoral.com.ar\/%77%70%2d%6a%73%6f%6e\/wp\/v2\/posts\/70291\/revisions"}],"wp:featuredmedia":[{"embeddable":true,"href":"https:\/\/informelitoral.com.ar\/%77%70%2d%6a%73%6f%6e\/wp\/v2\/media\/70292"}],"wp:attachment":[{"href":"https:\/\/informelitoral.com.ar\/%77%70%2d%6a%73%6f%6e\/wp\/v2\/media?parent=70291"}],"wp:term":[{"taxonomy":"category","embeddable":true,"href":"https:\/\/informelitoral.com.ar\/%77%70%2d%6a%73%6f%6e\/wp\/v2\/categories?post=70291"},{"taxonomy":"post_tag","embeddable":true,"href":"https:\/\/informelitoral.com.ar\/%77%70%2d%6a%73%6f%6e\/wp\/v2\/tags?post=70291"}],"curies":[{"name":"wp","href":"https:\/\/api.w.org\/{rel}","templated":true}]}}