{"id":70276,"date":"2022-01-14T09:07:27","date_gmt":"2022-01-14T12:07:27","guid":{"rendered":"https:\/\/www.informelitoral.com.ar\/?p=70276"},"modified":"2022-01-14T09:07:27","modified_gmt":"2022-01-14T12:07:27","slug":"homicidio-en-parana-asesinaron-a-un-adolescente","status":"publish","type":"post","link":"https:\/\/informelitoral.com.ar\/homicidio-en-parana-asesinaron-a-un-adolescente\/","title":{"rendered":"Homicidio en Paran\u00e1: asesinaron a un adolescente"},"content":{"rendered":"<div class=\"news-body-main\">\n<div id=\"note-body\" data-twitter-link=\"https:\/\/twitter.com\/intent\/tweet?url=https:\/\/www.unoentrerios.com.ar\/c2706873&amp;via=&amp;related=Uno Entre Rios&amp;text=\">\n<p><strong>Un\u00a0adolescente\u00a0fue asesinado a las 1.30 de este viernes en la plaza de barrio Belgrano de\u00a0Paran\u00e1, en lo que es el primer\u00a0homicidio\u00a0de 2022 en Paran\u00e1.<\/strong><\/p>\n<\/div>\n<\/div>\n<div class=\"news-body-main\">\n<div id=\"note-body\" data-twitter-link=\"https:\/\/twitter.com\/intent\/tweet?url=https:\/\/www.unoentrerios.com.ar\/c2706873&amp;via=&amp;related=Uno Entre Rios&amp;text=\">\n<p>El adolescente estaba junto a otras personas cuando pas\u00f3 por el lugar una motocicleta en la que se trasladaban dos sujetos, uno de los cuales dispar\u00f3 hacia la v\u00edctima, la cual recibi\u00f3 al menos un impacto de arma de fuego, que lo habr\u00eda alcanzado por la espalda y result\u00f3 mortal. Entre el fallecido y quien dispar\u00f3 hab\u00eda \u201cuna disputa de vieja data\u201d, informaron los investigadores<\/p>\n<p>A partir de ello, desde la Polic\u00eda iniciaron la investigaci\u00f3n para dar con los agresores, que fueron identificados por parte de quienes acompa\u00f1aban a la v\u00edctima fatal.<\/p>\n<p>Desde la Divisi\u00f3n Homicidios encararon tres allanamientos. Fue apresado el conductor de la moto, quien es mayor de edad, conocido en la zona donde sucedi\u00f3 el hecho.<\/p>\n<p>Si bien incautaron el rodado que habr\u00eda sido en el que se movilizaban los atacantes, todav\u00eda no hallaron el rev\u00f3lver. Mientras tanto, los uniformados se encuentran en la b\u00fasqueda de quien ser\u00eda el autor material del primer crimen del a\u00f1o en Paran\u00e1.<\/p>\n<\/div>\n<\/div>\n","protected":false},"excerpt":{"rendered":"<p>La v\u00edctima fatal es un adolescente de 15 a\u00f1os. El primer homicidio del a\u00f1o en Paran\u00e1 tuvo lugar en barrio Belgrano<\/p>\n","protected":false},"author":8,"featured_media":0,"comment_status":"open","ping_status":"open","sticky":false,"template":"","format":"standard","meta":{"fifu_image_url":"","fifu_image_alt":"","footnotes":""},"categories":[14],"tags":[2901,584,45],"class_list":{"0":"post-70276","1":"post","2":"type-post","3":"status-publish","4":"format-standard","6":"category-policiales","7":"tag-adolescente","8":"tag-homicidio","9":"tag-parana"},"yoast_head":"<title>Homicidio en Paran\u00e1: asesinaron a un adolescente - Informe Litoral<\/title>\n<meta name=\"robots\" content=\"index, follow, max-snippet:-1, max-image-preview:large, max-video-preview:-1\" \/>\n<link rel=\"canonical\" href=\"https:\/\/informelitoral.com.ar\/homicidio-en-parana-asesinaron-a-un-adolescente\/\" \/>\n<meta property=\"og:locale\" content=\"es_ES\" \/>\n<meta property=\"og:type\" content=\"article\" \/>\n<meta property=\"og:title\" content=\"Homicidio en Paran\u00e1: asesinaron a un adolescente - Informe Litoral\" \/>\n<meta property=\"og:description\" content=\"La v\u00edctima fatal es un adolescente de 15 a\u00f1os. El primer homicidio del a\u00f1o en Paran\u00e1 tuvo lugar en barrio Belgrano\" \/>\n<meta property=\"og:url\" content=\"https:\/\/informelitoral.com.ar\/homicidio-en-parana-asesinaron-a-un-adolescente\/\" \/>\n<meta property=\"og:site_name\" content=\"Informe Litoral\" \/>\n<meta property=\"article:publisher\" content=\"https:\/\/www.facebook.com\/informelitoral\/\" \/>\n<meta property=\"article:published_time\" content=\"2022-01-14T12:07:27+00:00\" \/>\n<meta name=\"author\" content=\"Sebastian\" \/>\n<meta name=\"twitter:card\" content=\"summary_large_image\" \/>\n<meta name=\"twitter:creator\" content=\"@InformeLitoral\" \/>\n<meta name=\"twitter:site\" content=\"@InformeLitoral\" \/>\n<meta name=\"twitter:label1\" content=\"Escrito por\" \/>\n\t<meta name=\"twitter:data1\" content=\"Sebastian\" \/>\n\t<meta name=\"twitter:label2\" content=\"Tiempo de lectura\" \/>\n\t<meta name=\"twitter:data2\" content=\"1 minuto\" \/>\n<script type=\"application\/ld+json\" class=\"yoast-schema-graph\">{\"@context\":\"https:\\\/\\\/schema.org\",\"@graph\":[{\"@type\":\"Article\",\"@id\":\"https:\\\/\\\/informelitoral.com.ar\\\/homicidio-en-parana-asesinaron-a-un-adolescente\\\/#article\",\"isPartOf\":{\"@id\":\"https:\\\/\\\/informelitoral.com.ar\\\/homicidio-en-parana-asesinaron-a-un-adolescente\\\/\"},\"author\":{\"name\":\"Sebastian\",\"@id\":\"https:\\\/\\\/informelitoral.com.ar\\\/#\\\/schema\\\/person\\\/f05f9f461677119578717524b127d6d5\"},\"headline\":\"Homicidio en Paran\u00e1: asesinaron a un adolescente\",\"datePublished\":\"2022-01-14T12:07:27+00:00\",\"mainEntityOfPage\":{\"@id\":\"https:\\\/\\\/informelitoral.com.ar\\\/homicidio-en-parana-asesinaron-a-un-adolescente\\\/\"},\"wordCount\":209,\"commentCount\":0,\"publisher\":{\"@id\":\"https:\\\/\\\/informelitoral.com.ar\\\/#organization\"},\"keywords\":[\"adolescente\",\"Homicidio\",\"Paran\u00e1\"],\"articleSection\":[\"Policiales\"],\"inLanguage\":\"es\",\"potentialAction\":[{\"@type\":\"CommentAction\",\"name\":\"Comment\",\"target\":[\"https:\\\/\\\/informelitoral.com.ar\\\/homicidio-en-parana-asesinaron-a-un-adolescente\\\/#respond\"]}]},{\"@type\":\"WebPage\",\"@id\":\"https:\\\/\\\/informelitoral.com.ar\\\/homicidio-en-parana-asesinaron-a-un-adolescente\\\/\",\"url\":\"https:\\\/\\\/informelitoral.com.ar\\\/homicidio-en-parana-asesinaron-a-un-adolescente\\\/\",\"name\":\"Homicidio en Paran\u00e1: asesinaron a un adolescente - Informe Litoral\",\"isPartOf\":{\"@id\":\"https:\\\/\\\/informelitoral.com.ar\\\/#website\"},\"datePublished\":\"2022-01-14T12:07:27+00:00\",\"breadcrumb\":{\"@id\":\"https:\\\/\\\/informelitoral.com.ar\\\/homicidio-en-parana-asesinaron-a-un-adolescente\\\/#breadcrumb\"},\"inLanguage\":\"es\",\"potentialAction\":[{\"@type\":\"ReadAction\",\"target\":[\"https:\\\/\\\/informelitoral.com.ar\\\/homicidio-en-parana-asesinaron-a-un-adolescente\\\/\"]}]},{\"@type\":\"BreadcrumbList\",\"@id\":\"https:\\\/\\\/informelitoral.com.ar\\\/homicidio-en-parana-asesinaron-a-un-adolescente\\\/#breadcrumb\",\"itemListElement\":[{\"@type\":\"ListItem\",\"position\":1,\"name\":\"Portada\",\"item\":\"https:\\\/\\\/informelitoral.com.ar\\\/\"},{\"@type\":\"ListItem\",\"position\":2,\"name\":\"Homicidio en Paran\u00e1: asesinaron a un adolescente\"}]},{\"@type\":\"WebSite\",\"@id\":\"https:\\\/\\\/informelitoral.com.ar\\\/#website\",\"url\":\"https:\\\/\\\/informelitoral.com.ar\\\/\",\"name\":\"Informe Litoral\",\"description\":\"&quot;Nos informamos&quot; \",\"publisher\":{\"@id\":\"https:\\\/\\\/informelitoral.com.ar\\\/#organization\"},\"potentialAction\":[{\"@type\":\"SearchAction\",\"target\":{\"@type\":\"EntryPoint\",\"urlTemplate\":\"https:\\\/\\\/informelitoral.com.ar\\\/?s={search_term_string}\"},\"query-input\":{\"@type\":\"PropertyValueSpecification\",\"valueRequired\":true,\"valueName\":\"search_term_string\"}}],\"inLanguage\":\"es\"},{\"@type\":\"Organization\",\"@id\":\"https:\\\/\\\/informelitoral.com.ar\\\/#organization\",\"name\":\"Informe Litoral\",\"url\":\"https:\\\/\\\/informelitoral.com.ar\\\/\",\"logo\":{\"@type\":\"ImageObject\",\"inLanguage\":\"es\",\"@id\":\"https:\\\/\\\/informelitoral.com.ar\\\/#\\\/schema\\\/logo\\\/image\\\/\",\"url\":\"https:\\\/\\\/informelitoral.com.ar\\\/%77%70%2d%63%6f%6e%74%65%6e%74\\\/uploads\\\/2021\\\/01\\\/circulo.png\",\"contentUrl\":\"https:\\\/\\\/informelitoral.com.ar\\\/%77%70%2d%63%6f%6e%74%65%6e%74\\\/uploads\\\/2021\\\/01\\\/circulo.png\",\"width\":723,\"height\":731,\"caption\":\"Informe Litoral\"},\"image\":{\"@id\":\"https:\\\/\\\/informelitoral.com.ar\\\/#\\\/schema\\\/logo\\\/image\\\/\"},\"sameAs\":[\"https:\\\/\\\/www.facebook.com\\\/informelitoral\\\/\",\"https:\\\/\\\/x.com\\\/InformeLitoral\",\"https:\\\/\\\/www.instagram.com\\\/informelitoral\\\/\",\"https:\\\/\\\/www.youtube.com\\\/channel\\\/UCua4Qvz8Icb6MYqhoq9xLXw\"]},{\"@type\":\"Person\",\"@id\":\"https:\\\/\\\/informelitoral.com.ar\\\/#\\\/schema\\\/person\\\/f05f9f461677119578717524b127d6d5\",\"name\":\"Sebastian\",\"image\":{\"@type\":\"ImageObject\",\"inLanguage\":\"es\",\"@id\":\"https:\\\/\\\/secure.gravatar.com\\\/avatar\\\/b71bf7481d447dfb9583c7f2798e7cc64de6efb9067b74633ed8c31059a3bd82?s=96&d=mm&r=g\",\"url\":\"https:\\\/\\\/secure.gravatar.com\\\/avatar\\\/b71bf7481d447dfb9583c7f2798e7cc64de6efb9067b74633ed8c31059a3bd82?s=96&d=mm&r=g\",\"contentUrl\":\"https:\\\/\\\/secure.gravatar.com\\\/avatar\\\/b71bf7481d447dfb9583c7f2798e7cc64de6efb9067b74633ed8c31059a3bd82?s=96&d=mm&r=g\",\"caption\":\"Sebastian\"},\"url\":\"https:\\\/\\\/informelitoral.com.ar\\\/author\\\/sebastian\\\/\"}]}<\/script>","yoast_head_json":{"title":"Homicidio en Paran\u00e1: asesinaron a un adolescente - Informe Litoral","robots":{"index":"index","follow":"follow","max-snippet":"max-snippet:-1","max-image-preview":"max-image-preview:large","max-video-preview":"max-video-preview:-1"},"canonical":"https:\/\/informelitoral.com.ar\/homicidio-en-parana-asesinaron-a-un-adolescente\/","og_locale":"es_ES","og_type":"article","og_title":"Homicidio en Paran\u00e1: asesinaron a un adolescente - Informe Litoral","og_description":"La v\u00edctima fatal es un adolescente de 15 a\u00f1os. El primer homicidio del a\u00f1o en Paran\u00e1 tuvo lugar en barrio Belgrano","og_url":"https:\/\/informelitoral.com.ar\/homicidio-en-parana-asesinaron-a-un-adolescente\/","og_site_name":"Informe Litoral","article_publisher":"https:\/\/www.facebook.com\/informelitoral\/","article_published_time":"2022-01-14T12:07:27+00:00","author":"Sebastian","twitter_card":"summary_large_image","twitter_creator":"@InformeLitoral","twitter_site":"@InformeLitoral","twitter_misc":{"Escrito por":"Sebastian","Tiempo de lectura":"1 minuto"},"schema":{"@context":"https:\/\/schema.org","@graph":[{"@type":"Article","@id":"https:\/\/informelitoral.com.ar\/homicidio-en-parana-asesinaron-a-un-adolescente\/#article","isPartOf":{"@id":"https:\/\/informelitoral.com.ar\/homicidio-en-parana-asesinaron-a-un-adolescente\/"},"author":{"name":"Sebastian","@id":"https:\/\/informelitoral.com.ar\/#\/schema\/person\/f05f9f461677119578717524b127d6d5"},"headline":"Homicidio en Paran\u00e1: asesinaron a un adolescente","datePublished":"2022-01-14T12:07:27+00:00","mainEntityOfPage":{"@id":"https:\/\/informelitoral.com.ar\/homicidio-en-parana-asesinaron-a-un-adolescente\/"},"wordCount":209,"commentCount":0,"publisher":{"@id":"https:\/\/informelitoral.com.ar\/#organization"},"keywords":["adolescente","Homicidio","Paran\u00e1"],"articleSection":["Policiales"],"inLanguage":"es","potentialAction":[{"@type":"CommentAction","name":"Comment","target":["https:\/\/informelitoral.com.ar\/homicidio-en-parana-asesinaron-a-un-adolescente\/#respond"]}]},{"@type":"WebPage","@id":"https:\/\/informelitoral.com.ar\/homicidio-en-parana-asesinaron-a-un-adolescente\/","url":"https:\/\/informelitoral.com.ar\/homicidio-en-parana-asesinaron-a-un-adolescente\/","name":"Homicidio en Paran\u00e1: asesinaron a un adolescente - Informe Litoral","isPartOf":{"@id":"https:\/\/informelitoral.com.ar\/#website"},"datePublished":"2022-01-14T12:07:27+00:00","breadcrumb":{"@id":"https:\/\/informelitoral.com.ar\/homicidio-en-parana-asesinaron-a-un-adolescente\/#breadcrumb"},"inLanguage":"es","potentialAction":[{"@type":"ReadAction","target":["https:\/\/informelitoral.com.ar\/homicidio-en-parana-asesinaron-a-un-adolescente\/"]}]},{"@type":"BreadcrumbList","@id":"https:\/\/informelitoral.com.ar\/homicidio-en-parana-asesinaron-a-un-adolescente\/#breadcrumb","itemListElement":[{"@type":"ListItem","position":1,"name":"Portada","item":"https:\/\/informelitoral.com.ar\/"},{"@type":"ListItem","position":2,"name":"Homicidio en Paran\u00e1: asesinaron a un adolescente"}]},{"@type":"WebSite","@id":"https:\/\/informelitoral.com.ar\/#website","url":"https:\/\/informelitoral.com.ar\/","name":"Informe Litoral","description":"&quot;Nos informamos&quot; ","publisher":{"@id":"https:\/\/informelitoral.com.ar\/#organization"},"potentialAction":[{"@type":"SearchAction","target":{"@type":"EntryPoint","urlTemplate":"https:\/\/informelitoral.com.ar\/?s={search_term_string}"},"query-input":{"@type":"PropertyValueSpecification","valueRequired":true,"valueName":"search_term_string"}}],"inLanguage":"es"},{"@type":"Organization","@id":"https:\/\/informelitoral.com.ar\/#organization","name":"Informe Litoral","url":"https:\/\/informelitoral.com.ar\/","logo":{"@type":"ImageObject","inLanguage":"es","@id":"https:\/\/informelitoral.com.ar\/#\/schema\/logo\/image\/","url":"https:\/\/informelitoral.com.ar\/%77%70%2d%63%6f%6e%74%65%6e%74\/uploads\/2021\/01\/circulo.png","contentUrl":"https:\/\/informelitoral.com.ar\/%77%70%2d%63%6f%6e%74%65%6e%74\/uploads\/2021\/01\/circulo.png","width":723,"height":731,"caption":"Informe Litoral"},"image":{"@id":"https:\/\/informelitoral.com.ar\/#\/schema\/logo\/image\/"},"sameAs":["https:\/\/www.facebook.com\/informelitoral\/","https:\/\/x.com\/InformeLitoral","https:\/\/www.instagram.com\/informelitoral\/","https:\/\/www.youtube.com\/channel\/UCua4Qvz8Icb6MYqhoq9xLXw"]},{"@type":"Person","@id":"https:\/\/informelitoral.com.ar\/#\/schema\/person\/f05f9f461677119578717524b127d6d5","name":"Sebastian","image":{"@type":"ImageObject","inLanguage":"es","@id":"https:\/\/secure.gravatar.com\/avatar\/b71bf7481d447dfb9583c7f2798e7cc64de6efb9067b74633ed8c31059a3bd82?s=96&d=mm&r=g","url":"https:\/\/secure.gravatar.com\/avatar\/b71bf7481d447dfb9583c7f2798e7cc64de6efb9067b74633ed8c31059a3bd82?s=96&d=mm&r=g","contentUrl":"https:\/\/secure.gravatar.com\/avatar\/b71bf7481d447dfb9583c7f2798e7cc64de6efb9067b74633ed8c31059a3bd82?s=96&d=mm&r=g","caption":"Sebastian"},"url":"https:\/\/informelitoral.com.ar\/author\/sebastian\/"}]}},"_links":{"self":[{"href":"https:\/\/informelitoral.com.ar\/%77%70%2d%6a%73%6f%6e\/wp\/v2\/posts\/70276","targetHints":{"allow":["GET"]}}],"collection":[{"href":"https:\/\/informelitoral.com.ar\/%77%70%2d%6a%73%6f%6e\/wp\/v2\/posts"}],"about":[{"href":"https:\/\/informelitoral.com.ar\/%77%70%2d%6a%73%6f%6e\/wp\/v2\/types\/post"}],"author":[{"embeddable":true,"href":"https:\/\/informelitoral.com.ar\/%77%70%2d%6a%73%6f%6e\/wp\/v2\/users\/8"}],"replies":[{"embeddable":true,"href":"https:\/\/informelitoral.com.ar\/%77%70%2d%6a%73%6f%6e\/wp\/v2\/comments?post=70276"}],"version-history":[{"count":0,"href":"https:\/\/informelitoral.com.ar\/%77%70%2d%6a%73%6f%6e\/wp\/v2\/posts\/70276\/revisions"}],"wp:attachment":[{"href":"https:\/\/informelitoral.com.ar\/%77%70%2d%6a%73%6f%6e\/wp\/v2\/media?parent=70276"}],"wp:term":[{"taxonomy":"category","embeddable":true,"href":"https:\/\/informelitoral.com.ar\/%77%70%2d%6a%73%6f%6e\/wp\/v2\/categories?post=70276"},{"taxonomy":"post_tag","embeddable":true,"href":"https:\/\/informelitoral.com.ar\/%77%70%2d%6a%73%6f%6e\/wp\/v2\/tags?post=70276"}],"curies":[{"name":"wp","href":"https:\/\/api.w.org\/{rel}","templated":true}]}}