{"id":70270,"date":"2022-01-13T17:17:46","date_gmt":"2022-01-13T20:17:46","guid":{"rendered":"https:\/\/www.informelitoral.com.ar\/?p=70270"},"modified":"2022-01-13T17:18:26","modified_gmt":"2022-01-13T20:18:26","slug":"bordet-abrio-las-ofertas-para-construir-cinco-nuevos-edificios-educativos-de-nivel-inicial","status":"publish","type":"post","link":"https:\/\/informelitoral.com.ar\/bordet-abrio-las-ofertas-para-construir-cinco-nuevos-edificios-educativos-de-nivel-inicial\/","title":{"rendered":"Bordet abri\u00f3 las ofertas para construir cinco nuevos edificios educativos de nivel inicial"},"content":{"rendered":"<p>\u201cEsta apertura de sobres representa el inicio de la construcci\u00f3n de 20 unidades de nivel inicial en toda la provincia, y \u00e9stas son las primeras cinco. Adem\u00e1s ya construimos otras 17, que fueron inauguradas, y tres que est\u00e1n en proceso de construcci\u00f3n, termin\u00e1ndose, y se le suman 20 nuevas de las cuales ahora estamos licitando cinco y otras cinco el mes que viene\u201d detall\u00f3 Bordet y asegur\u00f3 que esto permite tener en las distintas ciudades de la provincia unidades de nivel inicial \u201cpara trabajar con comodidad porque habitualmente las clases se deban en edificios de escuelas primarias, lo que generaban varios inconvenientes, sobre todo de funcionalidad en los edificios\u201d.<\/p>\n<p>Explic\u00f3 tambi\u00e9n que estas nuevas unidades tienen un prototipo moderno y adaptado a las nuevas curr\u00edculas, \u201clo que nos permite una mejor calidad educativa en todo el territorio provincial para los ni\u00f1os en un etapa crucial de la vida\u201d.<\/p>\n<p>Por otra parte, el gobernador se refiri\u00f3 al trabajo que se viene realizando de cara al inicio del pr\u00f3ximo ciclo lectivo, y coment\u00f3: \u201cEstamos trabajando fuertemente en materia edilicia. Hemos terminado edificios escolares en diferentes localidades, los que se ya se han inaugurado, y estamos abriendo licitaciones para iniciar otras obras. Tambi\u00e9n estamos trabajando en escuelas t\u00e9cnicas con un muy buen ritmo y ampliando edificios educativos\u201d. En este sentido anticip\u00f3 que ma\u00f1ana se firmar\u00e1n cinco contratos para iniciar otras obras, entre ellas para el nuevo edificio de la escuela t\u00e9cnica de Gualeguay, por un monto de 200 millones de pesos.<\/p>\n<p>Asegur\u00f3 que se est\u00e1 preparando todo para el inicio del ciclo lectivo en la provincia, el 2 de marzo, \u201ccon todas las necesidades cubiertas en materia edilicia\u201d.<\/p>\n<p><b>SALARIOS<\/b><\/p>\n<p>Asimismo, el gobernador apunt\u00f3 que tambi\u00e9n se va a dialogar en breve con las organizaciones gremiales \u201cpara tener una recomposici\u00f3n salarial acorde a los niveles inflacionarios\u201d.<\/p>\n<p>\u201cEl compromiso que hab\u00edamos hecho es que, conocida la inflaci\u00f3n de diciembre, que ser\u00e1 hoy, estaremos equiparando la inflaci\u00f3n del a\u00f1o pasado con el futuro aumento de sueldos para que ning\u00fan trabajador docente y de la administraci\u00f3n p\u00fablica cobre por debajo de la inflaci\u00f3n. Nosotros queremos mantener el salario real de los trabajadores actualizado, y en este sentido empezaremos las negociaciones salariales prontamente para tener un inicio de clases como todos queremos y con todas las medidas sanitarias que se requieren para garantizar que podamos cumplir con el calendario lectivo\u201d, expres\u00f3 el mandatario.<\/p>\n<p><b>TURISMO<\/b><\/p>\n<p>En otro orden, haciendo un balance de la primera quincena de enero sobre el turismo en Entre R\u00edos, el gobernador dijo que fue \u201cextraordinario\u201d. Precis\u00f3 que las ciudades tur\u00edsticas han tenido niveles de ocupaci\u00f3n de entre el 90 y el ciento por ciento, con un flujo de turismo importante, \u201clo que pone de manifiesto que hay un sector que se est\u00e1 recuperando fuertemente en esta etapa de la pandemia\u201d.<\/p>\n<p>En este aspecto, apunt\u00f3 que tambi\u00e9n se conjuga en esta actividad la situaci\u00f3n sanitaria para evitar colapsos, y acot\u00f3 que en Entre R\u00edos se est\u00e1 trabajando sin restricciones y que tampoco se prev\u00e9n. \u201cLa verdad que la actividad tur\u00edstica viene muy bien, pero estamos instando a que se utilicen los m\u00e9todos de cuidado, como el tapaboca y el distanciamiento, para evitar contagios innecesarios y poder tener atendida la poblaci\u00f3n\u201d.<\/p>\n<p>Por \u00faltimo, el mandatario inform\u00f3 que actualmente la situaci\u00f3n sanitaria en la provincia se presenta con una curva de crecimiento vertical de los casos, tal como ocurre en el pa\u00eds y en el mundo por la circulaci\u00f3n de la variante \u00d3micron, pero acot\u00f3 que eso no se refleja en internaciones. \u201cMientras esta situaci\u00f3n est\u00e9 de esta manera, podemos convivir con la pandemia y tambi\u00e9n tener las actividades, como en este caso el turismo, trabajando a pleno\u201d.<\/p>\n<p><b>APUESTA A LA EDUCACI\u00d3N<\/b><\/p>\n<p>Por su parte, la vicegobernador Stratta, en referencia a las obras en las unidades educativas, explic\u00f3 que hubo previamente un relevamiento de las necesidades edilicias a cargo del Consejo de Educaci\u00f3n, \u201ccon la priorizaci\u00f3n en la agenda p\u00fablica de algo que me parece central que es la educaci\u00f3n\u201d, dijo la vicegobernadora, y complet\u00f3: \u201cLa infraestructura educativa nos ayuda a generar mejores desarrollos y perspectivas, no solamente en torno a esta unidades que se van a construir, sino que adem\u00e1s hay una apuesta muy fuerte a las escuelas, t\u00e9cnicas, agrot\u00e9cnicas y a las ampliaciones, y este momento se llevan adelante todos los planes de mejoras de verano que nos permiten tener infraestructura acorde para un buen comienzo de clases\u201d.<\/p>\n<p>La actividad se desarroll\u00f3 en el Centro Provincial de Convenciones, de Paran\u00e1, donde, junto al gobernador y la vicegobernadora, tambi\u00e9n participaron el ministro de Planeamiento, Marcelo Richard; el coordinador de la UEP, Adolfo Quinodoz; el vocal del CGE, Exequiel Coronoffo, y los intendentes de Paran\u00e1, Ad\u00e1n Bahl; de Col\u00f3n, Jos\u00e9 Luis Walser; de Segu\u00ed, Gerardo Heberlein; y Los Charr\u00faas, Ariel Panozzo; y el viceintendente de Crespo, Miguel Berns.<\/p>\n<p><b>TRABAJO CONJUNTO<\/b><\/p>\n<p>En ese marco, el intendente Bahl sostuvo que la licitaci\u00f3n del jard\u00edn para la capital entrerriana \u201ces una obra esperada en la que tenemos mucho inter\u00e9s, porque el sur de Paran\u00e1 est\u00e1 creciendo\u201d.<\/p>\n<p>Detall\u00f3 que pronto se van a ocupar las 426 viviendas del Procrear en esa zona, a las que se van a sumar 174 m\u00e1s que hace poco se licitaron, y otras 500 que el IAPV est\u00e1 construyendo. \u201cLa zona crece y es necesario acompa\u00f1ar y planificar ese crecimiento con servicios, con escuelas, abriendo y mejorando calles\u00bb, dijo Bahl y complet\u00f3: \u00abAgradecemos al gobernador por darle prioridad a este tipo de obras que nos permiten proyectar hacia adelante la ciudad. Trabajando junto con provincia y Naci\u00f3n estamos invirtiendo en las obras que Paran\u00e1 necesita\u201d.<\/p>\n<p><b>DETALLES DE LAS OBRAS<\/b><\/p>\n<p>Las cinco obras se ejecutan con fondos del Ministerio de Educaci\u00f3n de la Naci\u00f3n, a trav\u00e9s de la Unidad Ejecutora Provincial (UEP), y demandar\u00e1n una inversi\u00f3n de 477.241.243 pesos. En detalla, para cada una de ellas, es el siguiente, en la de Crespo, departamento Paran\u00e1, el presupuesto asciende a los 104.421.994 pesos; en Los Charr\u00faas, departamento Concordia, es de 108.226.731 pesos; en la ciudad Col\u00f3n, departamento Col\u00f3n, alcanza los 103.929.513 pesos; en la ciudad de Paran\u00e1, departamento Paran\u00e1, es de 102.752.674 pesos; y en Segu\u00ed, tambi\u00e9n del departamento Paran\u00e1, de 57.910.331 pesos.<\/p>\n<p>Las Unidades Educativas de Nivel Inicial (UENI) se construyen conforme a diferentes prototipos. En el caso del establecimiento a edificar en la localidad de Segu\u00ed se proyecta un edificio compuesto de tres salas con sus respectivos grupos sanitarios, un Sal\u00f3n de Usos M\u00faltiples (SUM), cocina, dep\u00f3sito y sector de gobierno, adem\u00e1s de patios de formaci\u00f3n y de juegos.<\/p>\n<p>En tanto, el modelo para los restantes cuatro jardines que se ubicar\u00e1n en Los Charr\u00faas, Col\u00f3n, Crespo y en el barrio Procrear, de la ciudad de Paran\u00e1, incluyen seis salas con sanitarios, SUM, cocina, deposito, patios y \u00e1rea de gobierno.<\/p>\n<p>Los plazos de ejecuci\u00f3n van desde los 270 a los 360 d\u00edas corridos, dependiendo de la magnitud de las obras.<\/p>\n","protected":false},"excerpt":{"rendered":"<p>El gobernador Gustavo Bordet encabez\u00f3 este jueves la apertura de sobres con las ofertas para la construcci\u00f3n de cinco Unidades Educativas de Nivel Inicial en las localidades de Paran\u00e1, Crespo, Segu\u00ed, Los Charr\u00faas y Col\u00f3n, las que demandar\u00e1n una inversi\u00f3n total que supera los 477 millones de pesos.<\/p>\n","protected":false},"author":8,"featured_media":70272,"comment_status":"open","ping_status":"open","sticky":false,"template":"","format":"standard","meta":{"fifu_image_url":"","fifu_image_alt":"","footnotes":""},"categories":[6,3],"tags":[2900,167,680,283],"class_list":{"0":"post-70270","1":"post","2":"type-post","3":"status-publish","4":"format-standard","5":"has-post-thumbnail","7":"category-entre-rios","8":"category-noticias","9":"tag-apuestas-educativas","10":"tag-gustavo-bordet","11":"tag-laura-stratta","12":"tag-obras"},"yoast_head":"<title>Bordet abri\u00f3 las ofertas para construir cinco nuevos edificios educativos de nivel inicial - Informe Litoral<\/title>\n<meta name=\"robots\" content=\"index, follow, max-snippet:-1, max-image-preview:large, max-video-preview:-1\" \/>\n<link rel=\"canonical\" href=\"https:\/\/informelitoral.com.ar\/bordet-abrio-las-ofertas-para-construir-cinco-nuevos-edificios-educativos-de-nivel-inicial\/\" \/>\n<meta property=\"og:locale\" content=\"es_ES\" \/>\n<meta property=\"og:type\" content=\"article\" \/>\n<meta property=\"og:title\" content=\"Bordet abri\u00f3 las ofertas para construir cinco nuevos edificios educativos de nivel inicial - Informe Litoral\" \/>\n<meta property=\"og:description\" content=\"El gobernador Gustavo Bordet encabez\u00f3 este jueves la apertura de sobres con las ofertas para la construcci\u00f3n de cinco Unidades Educativas de Nivel Inicial en las localidades de Paran\u00e1, Crespo, Segu\u00ed, Los Charr\u00faas y Col\u00f3n, las que demandar\u00e1n una inversi\u00f3n total que supera los 477 millones de pesos.\" \/>\n<meta property=\"og:url\" content=\"https:\/\/informelitoral.com.ar\/bordet-abrio-las-ofertas-para-construir-cinco-nuevos-edificios-educativos-de-nivel-inicial\/\" \/>\n<meta property=\"og:site_name\" content=\"Informe Litoral\" \/>\n<meta property=\"article:publisher\" content=\"https:\/\/www.facebook.com\/informelitoral\/\" \/>\n<meta property=\"article:published_time\" content=\"2022-01-13T20:17:46+00:00\" \/>\n<meta property=\"article:modified_time\" content=\"2022-01-13T20:18:26+00:00\" \/>\n<meta property=\"og:image\" content=\"https:\/\/informelitoral.com.ar\/%77%70%2d%63%6f%6e%74%65%6e%74\/uploads\/2022\/01\/x_1642095286.jpg\" \/>\n\t<meta property=\"og:image:width\" content=\"1920\" \/>\n\t<meta property=\"og:image:height\" content=\"1280\" \/>\n\t<meta property=\"og:image:type\" content=\"image\/jpeg\" \/>\n<meta name=\"author\" content=\"Sebastian\" \/>\n<meta name=\"twitter:card\" content=\"summary_large_image\" \/>\n<meta name=\"twitter:creator\" content=\"@InformeLitoral\" \/>\n<meta name=\"twitter:site\" content=\"@InformeLitoral\" \/>\n<meta name=\"twitter:label1\" content=\"Escrito por\" \/>\n\t<meta name=\"twitter:data1\" content=\"Sebastian\" \/>\n\t<meta name=\"twitter:label2\" content=\"Tiempo de lectura\" \/>\n\t<meta name=\"twitter:data2\" content=\"6 minutos\" \/>\n<script type=\"application\/ld+json\" class=\"yoast-schema-graph\">{\"@context\":\"https:\\\/\\\/schema.org\",\"@graph\":[{\"@type\":\"Article\",\"@id\":\"https:\\\/\\\/informelitoral.com.ar\\\/bordet-abrio-las-ofertas-para-construir-cinco-nuevos-edificios-educativos-de-nivel-inicial\\\/#article\",\"isPartOf\":{\"@id\":\"https:\\\/\\\/informelitoral.com.ar\\\/bordet-abrio-las-ofertas-para-construir-cinco-nuevos-edificios-educativos-de-nivel-inicial\\\/\"},\"author\":{\"name\":\"Sebastian\",\"@id\":\"https:\\\/\\\/informelitoral.com.ar\\\/#\\\/schema\\\/person\\\/f05f9f461677119578717524b127d6d5\"},\"headline\":\"Bordet abri\u00f3 las ofertas para construir cinco nuevos edificios educativos de nivel inicial\",\"datePublished\":\"2022-01-13T20:17:46+00:00\",\"dateModified\":\"2022-01-13T20:18:26+00:00\",\"mainEntityOfPage\":{\"@id\":\"https:\\\/\\\/informelitoral.com.ar\\\/bordet-abrio-las-ofertas-para-construir-cinco-nuevos-edificios-educativos-de-nivel-inicial\\\/\"},\"wordCount\":1214,\"commentCount\":0,\"publisher\":{\"@id\":\"https:\\\/\\\/informelitoral.com.ar\\\/#organization\"},\"image\":{\"@id\":\"https:\\\/\\\/informelitoral.com.ar\\\/bordet-abrio-las-ofertas-para-construir-cinco-nuevos-edificios-educativos-de-nivel-inicial\\\/#primaryimage\"},\"thumbnailUrl\":\"https:\\\/\\\/informelitoral.com.ar\\\/%77%70%2d%63%6f%6e%74%65%6e%74\\\/uploads\\\/2022\\\/01\\\/x_1642095286.jpg\",\"keywords\":[\"Apuestas Educativas\",\"Gustavo Bordet\",\"Laura Stratta\",\"Obras\"],\"articleSection\":[\"Entre R\u00edos\",\"Noticias\"],\"inLanguage\":\"es\",\"potentialAction\":[{\"@type\":\"CommentAction\",\"name\":\"Comment\",\"target\":[\"https:\\\/\\\/informelitoral.com.ar\\\/bordet-abrio-las-ofertas-para-construir-cinco-nuevos-edificios-educativos-de-nivel-inicial\\\/#respond\"]}]},{\"@type\":\"WebPage\",\"@id\":\"https:\\\/\\\/informelitoral.com.ar\\\/bordet-abrio-las-ofertas-para-construir-cinco-nuevos-edificios-educativos-de-nivel-inicial\\\/\",\"url\":\"https:\\\/\\\/informelitoral.com.ar\\\/bordet-abrio-las-ofertas-para-construir-cinco-nuevos-edificios-educativos-de-nivel-inicial\\\/\",\"name\":\"Bordet abri\u00f3 las ofertas para construir cinco nuevos edificios educativos de nivel inicial - Informe Litoral\",\"isPartOf\":{\"@id\":\"https:\\\/\\\/informelitoral.com.ar\\\/#website\"},\"primaryImageOfPage\":{\"@id\":\"https:\\\/\\\/informelitoral.com.ar\\\/bordet-abrio-las-ofertas-para-construir-cinco-nuevos-edificios-educativos-de-nivel-inicial\\\/#primaryimage\"},\"image\":{\"@id\":\"https:\\\/\\\/informelitoral.com.ar\\\/bordet-abrio-las-ofertas-para-construir-cinco-nuevos-edificios-educativos-de-nivel-inicial\\\/#primaryimage\"},\"thumbnailUrl\":\"https:\\\/\\\/informelitoral.com.ar\\\/%77%70%2d%63%6f%6e%74%65%6e%74\\\/uploads\\\/2022\\\/01\\\/x_1642095286.jpg\",\"datePublished\":\"2022-01-13T20:17:46+00:00\",\"dateModified\":\"2022-01-13T20:18:26+00:00\",\"breadcrumb\":{\"@id\":\"https:\\\/\\\/informelitoral.com.ar\\\/bordet-abrio-las-ofertas-para-construir-cinco-nuevos-edificios-educativos-de-nivel-inicial\\\/#breadcrumb\"},\"inLanguage\":\"es\",\"potentialAction\":[{\"@type\":\"ReadAction\",\"target\":[\"https:\\\/\\\/informelitoral.com.ar\\\/bordet-abrio-las-ofertas-para-construir-cinco-nuevos-edificios-educativos-de-nivel-inicial\\\/\"]}]},{\"@type\":\"ImageObject\",\"inLanguage\":\"es\",\"@id\":\"https:\\\/\\\/informelitoral.com.ar\\\/bordet-abrio-las-ofertas-para-construir-cinco-nuevos-edificios-educativos-de-nivel-inicial\\\/#primaryimage\",\"url\":\"https:\\\/\\\/informelitoral.com.ar\\\/%77%70%2d%63%6f%6e%74%65%6e%74\\\/uploads\\\/2022\\\/01\\\/x_1642095286.jpg\",\"contentUrl\":\"https:\\\/\\\/informelitoral.com.ar\\\/%77%70%2d%63%6f%6e%74%65%6e%74\\\/uploads\\\/2022\\\/01\\\/x_1642095286.jpg\",\"width\":1920,\"height\":1280},{\"@type\":\"BreadcrumbList\",\"@id\":\"https:\\\/\\\/informelitoral.com.ar\\\/bordet-abrio-las-ofertas-para-construir-cinco-nuevos-edificios-educativos-de-nivel-inicial\\\/#breadcrumb\",\"itemListElement\":[{\"@type\":\"ListItem\",\"position\":1,\"name\":\"Portada\",\"item\":\"https:\\\/\\\/informelitoral.com.ar\\\/\"},{\"@type\":\"ListItem\",\"position\":2,\"name\":\"Bordet abri\u00f3 las ofertas para construir cinco nuevos edificios educativos de nivel inicial\"}]},{\"@type\":\"WebSite\",\"@id\":\"https:\\\/\\\/informelitoral.com.ar\\\/#website\",\"url\":\"https:\\\/\\\/informelitoral.com.ar\\\/\",\"name\":\"Informe Litoral\",\"description\":\"&quot;Nos informamos&quot; \",\"publisher\":{\"@id\":\"https:\\\/\\\/informelitoral.com.ar\\\/#organization\"},\"potentialAction\":[{\"@type\":\"SearchAction\",\"target\":{\"@type\":\"EntryPoint\",\"urlTemplate\":\"https:\\\/\\\/informelitoral.com.ar\\\/?s={search_term_string}\"},\"query-input\":{\"@type\":\"PropertyValueSpecification\",\"valueRequired\":true,\"valueName\":\"search_term_string\"}}],\"inLanguage\":\"es\"},{\"@type\":\"Organization\",\"@id\":\"https:\\\/\\\/informelitoral.com.ar\\\/#organization\",\"name\":\"Informe Litoral\",\"url\":\"https:\\\/\\\/informelitoral.com.ar\\\/\",\"logo\":{\"@type\":\"ImageObject\",\"inLanguage\":\"es\",\"@id\":\"https:\\\/\\\/informelitoral.com.ar\\\/#\\\/schema\\\/logo\\\/image\\\/\",\"url\":\"https:\\\/\\\/informelitoral.com.ar\\\/%77%70%2d%63%6f%6e%74%65%6e%74\\\/uploads\\\/2021\\\/01\\\/circulo.png\",\"contentUrl\":\"https:\\\/\\\/informelitoral.com.ar\\\/%77%70%2d%63%6f%6e%74%65%6e%74\\\/uploads\\\/2021\\\/01\\\/circulo.png\",\"width\":723,\"height\":731,\"caption\":\"Informe Litoral\"},\"image\":{\"@id\":\"https:\\\/\\\/informelitoral.com.ar\\\/#\\\/schema\\\/logo\\\/image\\\/\"},\"sameAs\":[\"https:\\\/\\\/www.facebook.com\\\/informelitoral\\\/\",\"https:\\\/\\\/x.com\\\/InformeLitoral\",\"https:\\\/\\\/www.instagram.com\\\/informelitoral\\\/\",\"https:\\\/\\\/www.youtube.com\\\/channel\\\/UCua4Qvz8Icb6MYqhoq9xLXw\"]},{\"@type\":\"Person\",\"@id\":\"https:\\\/\\\/informelitoral.com.ar\\\/#\\\/schema\\\/person\\\/f05f9f461677119578717524b127d6d5\",\"name\":\"Sebastian\",\"image\":{\"@type\":\"ImageObject\",\"inLanguage\":\"es\",\"@id\":\"https:\\\/\\\/secure.gravatar.com\\\/avatar\\\/b71bf7481d447dfb9583c7f2798e7cc64de6efb9067b74633ed8c31059a3bd82?s=96&d=mm&r=g\",\"url\":\"https:\\\/\\\/secure.gravatar.com\\\/avatar\\\/b71bf7481d447dfb9583c7f2798e7cc64de6efb9067b74633ed8c31059a3bd82?s=96&d=mm&r=g\",\"contentUrl\":\"https:\\\/\\\/secure.gravatar.com\\\/avatar\\\/b71bf7481d447dfb9583c7f2798e7cc64de6efb9067b74633ed8c31059a3bd82?s=96&d=mm&r=g\",\"caption\":\"Sebastian\"},\"url\":\"https:\\\/\\\/informelitoral.com.ar\\\/author\\\/sebastian\\\/\"}]}<\/script>","yoast_head_json":{"title":"Bordet abri\u00f3 las ofertas para construir cinco nuevos edificios educativos de nivel inicial - Informe Litoral","robots":{"index":"index","follow":"follow","max-snippet":"max-snippet:-1","max-image-preview":"max-image-preview:large","max-video-preview":"max-video-preview:-1"},"canonical":"https:\/\/informelitoral.com.ar\/bordet-abrio-las-ofertas-para-construir-cinco-nuevos-edificios-educativos-de-nivel-inicial\/","og_locale":"es_ES","og_type":"article","og_title":"Bordet abri\u00f3 las ofertas para construir cinco nuevos edificios educativos de nivel inicial - Informe Litoral","og_description":"El gobernador Gustavo Bordet encabez\u00f3 este jueves la apertura de sobres con las ofertas para la construcci\u00f3n de cinco Unidades Educativas de Nivel Inicial en las localidades de Paran\u00e1, Crespo, Segu\u00ed, Los Charr\u00faas y Col\u00f3n, las que demandar\u00e1n una inversi\u00f3n total que supera los 477 millones de pesos.","og_url":"https:\/\/informelitoral.com.ar\/bordet-abrio-las-ofertas-para-construir-cinco-nuevos-edificios-educativos-de-nivel-inicial\/","og_site_name":"Informe Litoral","article_publisher":"https:\/\/www.facebook.com\/informelitoral\/","article_published_time":"2022-01-13T20:17:46+00:00","article_modified_time":"2022-01-13T20:18:26+00:00","og_image":[{"width":1920,"height":1280,"url":"https:\/\/informelitoral.com.ar\/%77%70%2d%63%6f%6e%74%65%6e%74\/uploads\/2022\/01\/x_1642095286.jpg","type":"image\/jpeg"}],"author":"Sebastian","twitter_card":"summary_large_image","twitter_creator":"@InformeLitoral","twitter_site":"@InformeLitoral","twitter_misc":{"Escrito por":"Sebastian","Tiempo de lectura":"6 minutos"},"schema":{"@context":"https:\/\/schema.org","@graph":[{"@type":"Article","@id":"https:\/\/informelitoral.com.ar\/bordet-abrio-las-ofertas-para-construir-cinco-nuevos-edificios-educativos-de-nivel-inicial\/#article","isPartOf":{"@id":"https:\/\/informelitoral.com.ar\/bordet-abrio-las-ofertas-para-construir-cinco-nuevos-edificios-educativos-de-nivel-inicial\/"},"author":{"name":"Sebastian","@id":"https:\/\/informelitoral.com.ar\/#\/schema\/person\/f05f9f461677119578717524b127d6d5"},"headline":"Bordet abri\u00f3 las ofertas para construir cinco nuevos edificios educativos de nivel inicial","datePublished":"2022-01-13T20:17:46+00:00","dateModified":"2022-01-13T20:18:26+00:00","mainEntityOfPage":{"@id":"https:\/\/informelitoral.com.ar\/bordet-abrio-las-ofertas-para-construir-cinco-nuevos-edificios-educativos-de-nivel-inicial\/"},"wordCount":1214,"commentCount":0,"publisher":{"@id":"https:\/\/informelitoral.com.ar\/#organization"},"image":{"@id":"https:\/\/informelitoral.com.ar\/bordet-abrio-las-ofertas-para-construir-cinco-nuevos-edificios-educativos-de-nivel-inicial\/#primaryimage"},"thumbnailUrl":"https:\/\/informelitoral.com.ar\/%77%70%2d%63%6f%6e%74%65%6e%74\/uploads\/2022\/01\/x_1642095286.jpg","keywords":["Apuestas Educativas","Gustavo Bordet","Laura Stratta","Obras"],"articleSection":["Entre R\u00edos","Noticias"],"inLanguage":"es","potentialAction":[{"@type":"CommentAction","name":"Comment","target":["https:\/\/informelitoral.com.ar\/bordet-abrio-las-ofertas-para-construir-cinco-nuevos-edificios-educativos-de-nivel-inicial\/#respond"]}]},{"@type":"WebPage","@id":"https:\/\/informelitoral.com.ar\/bordet-abrio-las-ofertas-para-construir-cinco-nuevos-edificios-educativos-de-nivel-inicial\/","url":"https:\/\/informelitoral.com.ar\/bordet-abrio-las-ofertas-para-construir-cinco-nuevos-edificios-educativos-de-nivel-inicial\/","name":"Bordet abri\u00f3 las ofertas para construir cinco nuevos edificios educativos de nivel inicial - Informe Litoral","isPartOf":{"@id":"https:\/\/informelitoral.com.ar\/#website"},"primaryImageOfPage":{"@id":"https:\/\/informelitoral.com.ar\/bordet-abrio-las-ofertas-para-construir-cinco-nuevos-edificios-educativos-de-nivel-inicial\/#primaryimage"},"image":{"@id":"https:\/\/informelitoral.com.ar\/bordet-abrio-las-ofertas-para-construir-cinco-nuevos-edificios-educativos-de-nivel-inicial\/#primaryimage"},"thumbnailUrl":"https:\/\/informelitoral.com.ar\/%77%70%2d%63%6f%6e%74%65%6e%74\/uploads\/2022\/01\/x_1642095286.jpg","datePublished":"2022-01-13T20:17:46+00:00","dateModified":"2022-01-13T20:18:26+00:00","breadcrumb":{"@id":"https:\/\/informelitoral.com.ar\/bordet-abrio-las-ofertas-para-construir-cinco-nuevos-edificios-educativos-de-nivel-inicial\/#breadcrumb"},"inLanguage":"es","potentialAction":[{"@type":"ReadAction","target":["https:\/\/informelitoral.com.ar\/bordet-abrio-las-ofertas-para-construir-cinco-nuevos-edificios-educativos-de-nivel-inicial\/"]}]},{"@type":"ImageObject","inLanguage":"es","@id":"https:\/\/informelitoral.com.ar\/bordet-abrio-las-ofertas-para-construir-cinco-nuevos-edificios-educativos-de-nivel-inicial\/#primaryimage","url":"https:\/\/informelitoral.com.ar\/%77%70%2d%63%6f%6e%74%65%6e%74\/uploads\/2022\/01\/x_1642095286.jpg","contentUrl":"https:\/\/informelitoral.com.ar\/%77%70%2d%63%6f%6e%74%65%6e%74\/uploads\/2022\/01\/x_1642095286.jpg","width":1920,"height":1280},{"@type":"BreadcrumbList","@id":"https:\/\/informelitoral.com.ar\/bordet-abrio-las-ofertas-para-construir-cinco-nuevos-edificios-educativos-de-nivel-inicial\/#breadcrumb","itemListElement":[{"@type":"ListItem","position":1,"name":"Portada","item":"https:\/\/informelitoral.com.ar\/"},{"@type":"ListItem","position":2,"name":"Bordet abri\u00f3 las ofertas para construir cinco nuevos edificios educativos de nivel inicial"}]},{"@type":"WebSite","@id":"https:\/\/informelitoral.com.ar\/#website","url":"https:\/\/informelitoral.com.ar\/","name":"Informe Litoral","description":"&quot;Nos informamos&quot; ","publisher":{"@id":"https:\/\/informelitoral.com.ar\/#organization"},"potentialAction":[{"@type":"SearchAction","target":{"@type":"EntryPoint","urlTemplate":"https:\/\/informelitoral.com.ar\/?s={search_term_string}"},"query-input":{"@type":"PropertyValueSpecification","valueRequired":true,"valueName":"search_term_string"}}],"inLanguage":"es"},{"@type":"Organization","@id":"https:\/\/informelitoral.com.ar\/#organization","name":"Informe Litoral","url":"https:\/\/informelitoral.com.ar\/","logo":{"@type":"ImageObject","inLanguage":"es","@id":"https:\/\/informelitoral.com.ar\/#\/schema\/logo\/image\/","url":"https:\/\/informelitoral.com.ar\/%77%70%2d%63%6f%6e%74%65%6e%74\/uploads\/2021\/01\/circulo.png","contentUrl":"https:\/\/informelitoral.com.ar\/%77%70%2d%63%6f%6e%74%65%6e%74\/uploads\/2021\/01\/circulo.png","width":723,"height":731,"caption":"Informe Litoral"},"image":{"@id":"https:\/\/informelitoral.com.ar\/#\/schema\/logo\/image\/"},"sameAs":["https:\/\/www.facebook.com\/informelitoral\/","https:\/\/x.com\/InformeLitoral","https:\/\/www.instagram.com\/informelitoral\/","https:\/\/www.youtube.com\/channel\/UCua4Qvz8Icb6MYqhoq9xLXw"]},{"@type":"Person","@id":"https:\/\/informelitoral.com.ar\/#\/schema\/person\/f05f9f461677119578717524b127d6d5","name":"Sebastian","image":{"@type":"ImageObject","inLanguage":"es","@id":"https:\/\/secure.gravatar.com\/avatar\/b71bf7481d447dfb9583c7f2798e7cc64de6efb9067b74633ed8c31059a3bd82?s=96&d=mm&r=g","url":"https:\/\/secure.gravatar.com\/avatar\/b71bf7481d447dfb9583c7f2798e7cc64de6efb9067b74633ed8c31059a3bd82?s=96&d=mm&r=g","contentUrl":"https:\/\/secure.gravatar.com\/avatar\/b71bf7481d447dfb9583c7f2798e7cc64de6efb9067b74633ed8c31059a3bd82?s=96&d=mm&r=g","caption":"Sebastian"},"url":"https:\/\/informelitoral.com.ar\/author\/sebastian\/"}]}},"_links":{"self":[{"href":"https:\/\/informelitoral.com.ar\/%77%70%2d%6a%73%6f%6e\/wp\/v2\/posts\/70270","targetHints":{"allow":["GET"]}}],"collection":[{"href":"https:\/\/informelitoral.com.ar\/%77%70%2d%6a%73%6f%6e\/wp\/v2\/posts"}],"about":[{"href":"https:\/\/informelitoral.com.ar\/%77%70%2d%6a%73%6f%6e\/wp\/v2\/types\/post"}],"author":[{"embeddable":true,"href":"https:\/\/informelitoral.com.ar\/%77%70%2d%6a%73%6f%6e\/wp\/v2\/users\/8"}],"replies":[{"embeddable":true,"href":"https:\/\/informelitoral.com.ar\/%77%70%2d%6a%73%6f%6e\/wp\/v2\/comments?post=70270"}],"version-history":[{"count":0,"href":"https:\/\/informelitoral.com.ar\/%77%70%2d%6a%73%6f%6e\/wp\/v2\/posts\/70270\/revisions"}],"wp:featuredmedia":[{"embeddable":true,"href":"https:\/\/informelitoral.com.ar\/%77%70%2d%6a%73%6f%6e\/wp\/v2\/media\/70272"}],"wp:attachment":[{"href":"https:\/\/informelitoral.com.ar\/%77%70%2d%6a%73%6f%6e\/wp\/v2\/media?parent=70270"}],"wp:term":[{"taxonomy":"category","embeddable":true,"href":"https:\/\/informelitoral.com.ar\/%77%70%2d%6a%73%6f%6e\/wp\/v2\/categories?post=70270"},{"taxonomy":"post_tag","embeddable":true,"href":"https:\/\/informelitoral.com.ar\/%77%70%2d%6a%73%6f%6e\/wp\/v2\/tags?post=70270"}],"curies":[{"name":"wp","href":"https:\/\/api.w.org\/{rel}","templated":true}]}}