{"id":70207,"date":"2022-01-12T11:15:37","date_gmt":"2022-01-12T14:15:37","guid":{"rendered":"https:\/\/www.informelitoral.com.ar\/?p=70207"},"modified":"2022-01-12T11:15:37","modified_gmt":"2022-01-12T14:15:37","slug":"covid-en-escuela-hogar-de-la-cuidad-de-parana-no-vacunan-contactos-estrechos-ni-recien-dados-de-alta","status":"publish","type":"post","link":"https:\/\/informelitoral.com.ar\/covid-en-escuela-hogar-de-la-cuidad-de-parana-no-vacunan-contactos-estrechos-ni-recien-dados-de-alta\/","title":{"rendered":"Covid: en Escuela Hogar de la cuidad de Paran\u00e1 no vacunan contactos estrechos ni reci\u00e9n dados de alta"},"content":{"rendered":"<p>Contin\u00faan las jornadas de aplicaci\u00f3n de dosis de refuerzo contra el coronavirus en la capital entrerriana. Tanto en la Escuela Hogar como en el Hospital de la Baxada la colocaci\u00f3n se realiza a las personas que fueron citadas previamente con el respectivo turno. En el primero de los lugares citados, la gente puede acceder tanto caminando como en veh\u00edculos.<\/p>\n<p>La jefa de los Agentes Sanitarios en la Escuela Hogar, Vilma Ecker,\u00a0all\u00ed se otorgan unos 1.700 turnos diarios. Asegur\u00f3 que de ese total se aplican entre 1.200 y 1.500 dosis por d\u00eda.\u201d Viene gente reci\u00e9n dada de alta y se les dice que tienen que esperar tres meses. Hay personas con contacto estrecho a las que tampoco se vacuna. A eso hay que respetarlo\u201d, manifest\u00f3.<\/p>\n<p>\u201cSi hay s\u00edntomas compatibles con Covid, es preferible esperar. Al contacto estrecho tampoco lo vacunamos, se les pide que se a\u00edslen. Quienes tuvieron coronavirus deben esperar 90 d\u00edas\u201d, ratific\u00f3.<\/p>\n<p>Finalmente, precis\u00f3 que \u201cvan tres d\u00edas seguidos que hacemos Pfizer. La gente lo acepta, aunque muchos preguntan por qu\u00e9 combinar, ante lo cual se les explica que pueden recibir una distinta a las anteriores que ya tienen\u201d.<\/p>\n","protected":false},"excerpt":{"rendered":"<p>\u201cSi hay s\u00edntomas compatibles con Covid, es preferible esperar. Al contacto estrecho tampoco lo vacunamos. Quienes tuvieron coronavirus deben esperar 90 d\u00edas\u201d.<\/p>\n","protected":false},"author":8,"featured_media":70208,"comment_status":"open","ping_status":"open","sticky":false,"template":"","format":"standard","meta":{"fifu_image_url":"","fifu_image_alt":"","footnotes":""},"categories":[6,1595],"tags":[1481,2197,45,214,2887],"class_list":{"0":"post-70207","1":"post","2":"type-post","3":"status-publish","4":"format-standard","5":"has-post-thumbnail","7":"category-entre-rios","8":"category-salud","9":"tag-covid-19","10":"tag-escuela-hogar","11":"tag-parana","12":"tag-vacunacion","13":"tag-vilma-ecker"},"yoast_head":"<title>Covid: en Escuela Hogar de la cuidad de Paran\u00e1 no vacunan contactos estrechos ni reci\u00e9n dados de alta - Informe Litoral<\/title>\n<meta name=\"robots\" content=\"index, follow, max-snippet:-1, max-image-preview:large, max-video-preview:-1\" \/>\n<link rel=\"canonical\" href=\"https:\/\/informelitoral.com.ar\/covid-en-escuela-hogar-de-la-cuidad-de-parana-no-vacunan-contactos-estrechos-ni-recien-dados-de-alta\/\" \/>\n<meta property=\"og:locale\" content=\"es_ES\" \/>\n<meta property=\"og:type\" content=\"article\" \/>\n<meta property=\"og:title\" content=\"Covid: en Escuela Hogar de la cuidad de Paran\u00e1 no vacunan contactos estrechos ni reci\u00e9n dados de alta - Informe Litoral\" \/>\n<meta property=\"og:description\" content=\"\u201cSi hay s\u00edntomas compatibles con Covid, es preferible esperar. Al contacto estrecho tampoco lo vacunamos. Quienes tuvieron coronavirus deben esperar 90 d\u00edas\u201d.\" \/>\n<meta property=\"og:url\" content=\"https:\/\/informelitoral.com.ar\/covid-en-escuela-hogar-de-la-cuidad-de-parana-no-vacunan-contactos-estrechos-ni-recien-dados-de-alta\/\" \/>\n<meta property=\"og:site_name\" content=\"Informe Litoral\" \/>\n<meta property=\"article:publisher\" content=\"https:\/\/www.facebook.com\/informelitoral\/\" \/>\n<meta property=\"article:published_time\" content=\"2022-01-12T14:15:37+00:00\" \/>\n<meta property=\"og:image\" content=\"https:\/\/informelitoral.com.ar\/%77%70%2d%63%6f%6e%74%65%6e%74\/uploads\/2022\/01\/397a7979-1200x788-1.jpg\" \/>\n\t<meta property=\"og:image:width\" content=\"1200\" \/>\n\t<meta property=\"og:image:height\" content=\"788\" \/>\n\t<meta property=\"og:image:type\" content=\"image\/jpeg\" \/>\n<meta name=\"author\" content=\"Sebastian\" \/>\n<meta name=\"twitter:card\" content=\"summary_large_image\" \/>\n<meta name=\"twitter:creator\" content=\"@InformeLitoral\" \/>\n<meta name=\"twitter:site\" content=\"@InformeLitoral\" \/>\n<meta name=\"twitter:label1\" content=\"Escrito por\" \/>\n\t<meta name=\"twitter:data1\" content=\"Sebastian\" \/>\n\t<meta name=\"twitter:label2\" content=\"Tiempo de lectura\" \/>\n\t<meta name=\"twitter:data2\" content=\"1 minuto\" \/>\n<script type=\"application\/ld+json\" class=\"yoast-schema-graph\">{\"@context\":\"https:\\\/\\\/schema.org\",\"@graph\":[{\"@type\":\"Article\",\"@id\":\"https:\\\/\\\/informelitoral.com.ar\\\/covid-en-escuela-hogar-de-la-cuidad-de-parana-no-vacunan-contactos-estrechos-ni-recien-dados-de-alta\\\/#article\",\"isPartOf\":{\"@id\":\"https:\\\/\\\/informelitoral.com.ar\\\/covid-en-escuela-hogar-de-la-cuidad-de-parana-no-vacunan-contactos-estrechos-ni-recien-dados-de-alta\\\/\"},\"author\":{\"name\":\"Sebastian\",\"@id\":\"https:\\\/\\\/informelitoral.com.ar\\\/#\\\/schema\\\/person\\\/f05f9f461677119578717524b127d6d5\"},\"headline\":\"Covid: en Escuela Hogar de la cuidad de Paran\u00e1 no vacunan contactos estrechos ni reci\u00e9n dados de alta\",\"datePublished\":\"2022-01-12T14:15:37+00:00\",\"mainEntityOfPage\":{\"@id\":\"https:\\\/\\\/informelitoral.com.ar\\\/covid-en-escuela-hogar-de-la-cuidad-de-parana-no-vacunan-contactos-estrechos-ni-recien-dados-de-alta\\\/\"},\"wordCount\":216,\"commentCount\":0,\"publisher\":{\"@id\":\"https:\\\/\\\/informelitoral.com.ar\\\/#organization\"},\"image\":{\"@id\":\"https:\\\/\\\/informelitoral.com.ar\\\/covid-en-escuela-hogar-de-la-cuidad-de-parana-no-vacunan-contactos-estrechos-ni-recien-dados-de-alta\\\/#primaryimage\"},\"thumbnailUrl\":\"https:\\\/\\\/informelitoral.com.ar\\\/%77%70%2d%63%6f%6e%74%65%6e%74\\\/uploads\\\/2022\\\/01\\\/397a7979-1200x788-1.jpg\",\"keywords\":[\"COVID-19\",\"Escuela Hogar\",\"Paran\u00e1\",\"Vacunaci\u00f3n\",\"Vilma Ecker\"],\"articleSection\":[\"Entre R\u00edos\",\"Salud\"],\"inLanguage\":\"es\",\"potentialAction\":[{\"@type\":\"CommentAction\",\"name\":\"Comment\",\"target\":[\"https:\\\/\\\/informelitoral.com.ar\\\/covid-en-escuela-hogar-de-la-cuidad-de-parana-no-vacunan-contactos-estrechos-ni-recien-dados-de-alta\\\/#respond\"]}]},{\"@type\":\"WebPage\",\"@id\":\"https:\\\/\\\/informelitoral.com.ar\\\/covid-en-escuela-hogar-de-la-cuidad-de-parana-no-vacunan-contactos-estrechos-ni-recien-dados-de-alta\\\/\",\"url\":\"https:\\\/\\\/informelitoral.com.ar\\\/covid-en-escuela-hogar-de-la-cuidad-de-parana-no-vacunan-contactos-estrechos-ni-recien-dados-de-alta\\\/\",\"name\":\"Covid: en Escuela Hogar de la cuidad de Paran\u00e1 no vacunan contactos estrechos ni reci\u00e9n dados de alta - Informe Litoral\",\"isPartOf\":{\"@id\":\"https:\\\/\\\/informelitoral.com.ar\\\/#website\"},\"primaryImageOfPage\":{\"@id\":\"https:\\\/\\\/informelitoral.com.ar\\\/covid-en-escuela-hogar-de-la-cuidad-de-parana-no-vacunan-contactos-estrechos-ni-recien-dados-de-alta\\\/#primaryimage\"},\"image\":{\"@id\":\"https:\\\/\\\/informelitoral.com.ar\\\/covid-en-escuela-hogar-de-la-cuidad-de-parana-no-vacunan-contactos-estrechos-ni-recien-dados-de-alta\\\/#primaryimage\"},\"thumbnailUrl\":\"https:\\\/\\\/informelitoral.com.ar\\\/%77%70%2d%63%6f%6e%74%65%6e%74\\\/uploads\\\/2022\\\/01\\\/397a7979-1200x788-1.jpg\",\"datePublished\":\"2022-01-12T14:15:37+00:00\",\"breadcrumb\":{\"@id\":\"https:\\\/\\\/informelitoral.com.ar\\\/covid-en-escuela-hogar-de-la-cuidad-de-parana-no-vacunan-contactos-estrechos-ni-recien-dados-de-alta\\\/#breadcrumb\"},\"inLanguage\":\"es\",\"potentialAction\":[{\"@type\":\"ReadAction\",\"target\":[\"https:\\\/\\\/informelitoral.com.ar\\\/covid-en-escuela-hogar-de-la-cuidad-de-parana-no-vacunan-contactos-estrechos-ni-recien-dados-de-alta\\\/\"]}]},{\"@type\":\"ImageObject\",\"inLanguage\":\"es\",\"@id\":\"https:\\\/\\\/informelitoral.com.ar\\\/covid-en-escuela-hogar-de-la-cuidad-de-parana-no-vacunan-contactos-estrechos-ni-recien-dados-de-alta\\\/#primaryimage\",\"url\":\"https:\\\/\\\/informelitoral.com.ar\\\/%77%70%2d%63%6f%6e%74%65%6e%74\\\/uploads\\\/2022\\\/01\\\/397a7979-1200x788-1.jpg\",\"contentUrl\":\"https:\\\/\\\/informelitoral.com.ar\\\/%77%70%2d%63%6f%6e%74%65%6e%74\\\/uploads\\\/2022\\\/01\\\/397a7979-1200x788-1.jpg\",\"width\":1200,\"height\":788},{\"@type\":\"BreadcrumbList\",\"@id\":\"https:\\\/\\\/informelitoral.com.ar\\\/covid-en-escuela-hogar-de-la-cuidad-de-parana-no-vacunan-contactos-estrechos-ni-recien-dados-de-alta\\\/#breadcrumb\",\"itemListElement\":[{\"@type\":\"ListItem\",\"position\":1,\"name\":\"Portada\",\"item\":\"https:\\\/\\\/informelitoral.com.ar\\\/\"},{\"@type\":\"ListItem\",\"position\":2,\"name\":\"Covid: en Escuela Hogar de la cuidad de Paran\u00e1 no vacunan contactos estrechos ni reci\u00e9n dados de alta\"}]},{\"@type\":\"WebSite\",\"@id\":\"https:\\\/\\\/informelitoral.com.ar\\\/#website\",\"url\":\"https:\\\/\\\/informelitoral.com.ar\\\/\",\"name\":\"Informe Litoral\",\"description\":\"&quot;Nos informamos&quot; \",\"publisher\":{\"@id\":\"https:\\\/\\\/informelitoral.com.ar\\\/#organization\"},\"potentialAction\":[{\"@type\":\"SearchAction\",\"target\":{\"@type\":\"EntryPoint\",\"urlTemplate\":\"https:\\\/\\\/informelitoral.com.ar\\\/?s={search_term_string}\"},\"query-input\":{\"@type\":\"PropertyValueSpecification\",\"valueRequired\":true,\"valueName\":\"search_term_string\"}}],\"inLanguage\":\"es\"},{\"@type\":\"Organization\",\"@id\":\"https:\\\/\\\/informelitoral.com.ar\\\/#organization\",\"name\":\"Informe Litoral\",\"url\":\"https:\\\/\\\/informelitoral.com.ar\\\/\",\"logo\":{\"@type\":\"ImageObject\",\"inLanguage\":\"es\",\"@id\":\"https:\\\/\\\/informelitoral.com.ar\\\/#\\\/schema\\\/logo\\\/image\\\/\",\"url\":\"https:\\\/\\\/informelitoral.com.ar\\\/%77%70%2d%63%6f%6e%74%65%6e%74\\\/uploads\\\/2021\\\/01\\\/circulo.png\",\"contentUrl\":\"https:\\\/\\\/informelitoral.com.ar\\\/%77%70%2d%63%6f%6e%74%65%6e%74\\\/uploads\\\/2021\\\/01\\\/circulo.png\",\"width\":723,\"height\":731,\"caption\":\"Informe Litoral\"},\"image\":{\"@id\":\"https:\\\/\\\/informelitoral.com.ar\\\/#\\\/schema\\\/logo\\\/image\\\/\"},\"sameAs\":[\"https:\\\/\\\/www.facebook.com\\\/informelitoral\\\/\",\"https:\\\/\\\/x.com\\\/InformeLitoral\",\"https:\\\/\\\/www.instagram.com\\\/informelitoral\\\/\",\"https:\\\/\\\/www.youtube.com\\\/channel\\\/UCua4Qvz8Icb6MYqhoq9xLXw\"]},{\"@type\":\"Person\",\"@id\":\"https:\\\/\\\/informelitoral.com.ar\\\/#\\\/schema\\\/person\\\/f05f9f461677119578717524b127d6d5\",\"name\":\"Sebastian\",\"image\":{\"@type\":\"ImageObject\",\"inLanguage\":\"es\",\"@id\":\"https:\\\/\\\/secure.gravatar.com\\\/avatar\\\/b71bf7481d447dfb9583c7f2798e7cc64de6efb9067b74633ed8c31059a3bd82?s=96&d=mm&r=g\",\"url\":\"https:\\\/\\\/secure.gravatar.com\\\/avatar\\\/b71bf7481d447dfb9583c7f2798e7cc64de6efb9067b74633ed8c31059a3bd82?s=96&d=mm&r=g\",\"contentUrl\":\"https:\\\/\\\/secure.gravatar.com\\\/avatar\\\/b71bf7481d447dfb9583c7f2798e7cc64de6efb9067b74633ed8c31059a3bd82?s=96&d=mm&r=g\",\"caption\":\"Sebastian\"},\"url\":\"https:\\\/\\\/informelitoral.com.ar\\\/author\\\/sebastian\\\/\"}]}<\/script>","yoast_head_json":{"title":"Covid: en Escuela Hogar de la cuidad de Paran\u00e1 no vacunan contactos estrechos ni reci\u00e9n dados de alta - Informe Litoral","robots":{"index":"index","follow":"follow","max-snippet":"max-snippet:-1","max-image-preview":"max-image-preview:large","max-video-preview":"max-video-preview:-1"},"canonical":"https:\/\/informelitoral.com.ar\/covid-en-escuela-hogar-de-la-cuidad-de-parana-no-vacunan-contactos-estrechos-ni-recien-dados-de-alta\/","og_locale":"es_ES","og_type":"article","og_title":"Covid: en Escuela Hogar de la cuidad de Paran\u00e1 no vacunan contactos estrechos ni reci\u00e9n dados de alta - Informe Litoral","og_description":"\u201cSi hay s\u00edntomas compatibles con Covid, es preferible esperar. Al contacto estrecho tampoco lo vacunamos. Quienes tuvieron coronavirus deben esperar 90 d\u00edas\u201d.","og_url":"https:\/\/informelitoral.com.ar\/covid-en-escuela-hogar-de-la-cuidad-de-parana-no-vacunan-contactos-estrechos-ni-recien-dados-de-alta\/","og_site_name":"Informe Litoral","article_publisher":"https:\/\/www.facebook.com\/informelitoral\/","article_published_time":"2022-01-12T14:15:37+00:00","og_image":[{"width":1200,"height":788,"url":"https:\/\/informelitoral.com.ar\/%77%70%2d%63%6f%6e%74%65%6e%74\/uploads\/2022\/01\/397a7979-1200x788-1.jpg","type":"image\/jpeg"}],"author":"Sebastian","twitter_card":"summary_large_image","twitter_creator":"@InformeLitoral","twitter_site":"@InformeLitoral","twitter_misc":{"Escrito por":"Sebastian","Tiempo de lectura":"1 minuto"},"schema":{"@context":"https:\/\/schema.org","@graph":[{"@type":"Article","@id":"https:\/\/informelitoral.com.ar\/covid-en-escuela-hogar-de-la-cuidad-de-parana-no-vacunan-contactos-estrechos-ni-recien-dados-de-alta\/#article","isPartOf":{"@id":"https:\/\/informelitoral.com.ar\/covid-en-escuela-hogar-de-la-cuidad-de-parana-no-vacunan-contactos-estrechos-ni-recien-dados-de-alta\/"},"author":{"name":"Sebastian","@id":"https:\/\/informelitoral.com.ar\/#\/schema\/person\/f05f9f461677119578717524b127d6d5"},"headline":"Covid: en Escuela Hogar de la cuidad de Paran\u00e1 no vacunan contactos estrechos ni reci\u00e9n dados de alta","datePublished":"2022-01-12T14:15:37+00:00","mainEntityOfPage":{"@id":"https:\/\/informelitoral.com.ar\/covid-en-escuela-hogar-de-la-cuidad-de-parana-no-vacunan-contactos-estrechos-ni-recien-dados-de-alta\/"},"wordCount":216,"commentCount":0,"publisher":{"@id":"https:\/\/informelitoral.com.ar\/#organization"},"image":{"@id":"https:\/\/informelitoral.com.ar\/covid-en-escuela-hogar-de-la-cuidad-de-parana-no-vacunan-contactos-estrechos-ni-recien-dados-de-alta\/#primaryimage"},"thumbnailUrl":"https:\/\/informelitoral.com.ar\/%77%70%2d%63%6f%6e%74%65%6e%74\/uploads\/2022\/01\/397a7979-1200x788-1.jpg","keywords":["COVID-19","Escuela Hogar","Paran\u00e1","Vacunaci\u00f3n","Vilma Ecker"],"articleSection":["Entre R\u00edos","Salud"],"inLanguage":"es","potentialAction":[{"@type":"CommentAction","name":"Comment","target":["https:\/\/informelitoral.com.ar\/covid-en-escuela-hogar-de-la-cuidad-de-parana-no-vacunan-contactos-estrechos-ni-recien-dados-de-alta\/#respond"]}]},{"@type":"WebPage","@id":"https:\/\/informelitoral.com.ar\/covid-en-escuela-hogar-de-la-cuidad-de-parana-no-vacunan-contactos-estrechos-ni-recien-dados-de-alta\/","url":"https:\/\/informelitoral.com.ar\/covid-en-escuela-hogar-de-la-cuidad-de-parana-no-vacunan-contactos-estrechos-ni-recien-dados-de-alta\/","name":"Covid: en Escuela Hogar de la cuidad de Paran\u00e1 no vacunan contactos estrechos ni reci\u00e9n dados de alta - Informe Litoral","isPartOf":{"@id":"https:\/\/informelitoral.com.ar\/#website"},"primaryImageOfPage":{"@id":"https:\/\/informelitoral.com.ar\/covid-en-escuela-hogar-de-la-cuidad-de-parana-no-vacunan-contactos-estrechos-ni-recien-dados-de-alta\/#primaryimage"},"image":{"@id":"https:\/\/informelitoral.com.ar\/covid-en-escuela-hogar-de-la-cuidad-de-parana-no-vacunan-contactos-estrechos-ni-recien-dados-de-alta\/#primaryimage"},"thumbnailUrl":"https:\/\/informelitoral.com.ar\/%77%70%2d%63%6f%6e%74%65%6e%74\/uploads\/2022\/01\/397a7979-1200x788-1.jpg","datePublished":"2022-01-12T14:15:37+00:00","breadcrumb":{"@id":"https:\/\/informelitoral.com.ar\/covid-en-escuela-hogar-de-la-cuidad-de-parana-no-vacunan-contactos-estrechos-ni-recien-dados-de-alta\/#breadcrumb"},"inLanguage":"es","potentialAction":[{"@type":"ReadAction","target":["https:\/\/informelitoral.com.ar\/covid-en-escuela-hogar-de-la-cuidad-de-parana-no-vacunan-contactos-estrechos-ni-recien-dados-de-alta\/"]}]},{"@type":"ImageObject","inLanguage":"es","@id":"https:\/\/informelitoral.com.ar\/covid-en-escuela-hogar-de-la-cuidad-de-parana-no-vacunan-contactos-estrechos-ni-recien-dados-de-alta\/#primaryimage","url":"https:\/\/informelitoral.com.ar\/%77%70%2d%63%6f%6e%74%65%6e%74\/uploads\/2022\/01\/397a7979-1200x788-1.jpg","contentUrl":"https:\/\/informelitoral.com.ar\/%77%70%2d%63%6f%6e%74%65%6e%74\/uploads\/2022\/01\/397a7979-1200x788-1.jpg","width":1200,"height":788},{"@type":"BreadcrumbList","@id":"https:\/\/informelitoral.com.ar\/covid-en-escuela-hogar-de-la-cuidad-de-parana-no-vacunan-contactos-estrechos-ni-recien-dados-de-alta\/#breadcrumb","itemListElement":[{"@type":"ListItem","position":1,"name":"Portada","item":"https:\/\/informelitoral.com.ar\/"},{"@type":"ListItem","position":2,"name":"Covid: en Escuela Hogar de la cuidad de Paran\u00e1 no vacunan contactos estrechos ni reci\u00e9n dados de alta"}]},{"@type":"WebSite","@id":"https:\/\/informelitoral.com.ar\/#website","url":"https:\/\/informelitoral.com.ar\/","name":"Informe Litoral","description":"&quot;Nos informamos&quot; ","publisher":{"@id":"https:\/\/informelitoral.com.ar\/#organization"},"potentialAction":[{"@type":"SearchAction","target":{"@type":"EntryPoint","urlTemplate":"https:\/\/informelitoral.com.ar\/?s={search_term_string}"},"query-input":{"@type":"PropertyValueSpecification","valueRequired":true,"valueName":"search_term_string"}}],"inLanguage":"es"},{"@type":"Organization","@id":"https:\/\/informelitoral.com.ar\/#organization","name":"Informe Litoral","url":"https:\/\/informelitoral.com.ar\/","logo":{"@type":"ImageObject","inLanguage":"es","@id":"https:\/\/informelitoral.com.ar\/#\/schema\/logo\/image\/","url":"https:\/\/informelitoral.com.ar\/%77%70%2d%63%6f%6e%74%65%6e%74\/uploads\/2021\/01\/circulo.png","contentUrl":"https:\/\/informelitoral.com.ar\/%77%70%2d%63%6f%6e%74%65%6e%74\/uploads\/2021\/01\/circulo.png","width":723,"height":731,"caption":"Informe Litoral"},"image":{"@id":"https:\/\/informelitoral.com.ar\/#\/schema\/logo\/image\/"},"sameAs":["https:\/\/www.facebook.com\/informelitoral\/","https:\/\/x.com\/InformeLitoral","https:\/\/www.instagram.com\/informelitoral\/","https:\/\/www.youtube.com\/channel\/UCua4Qvz8Icb6MYqhoq9xLXw"]},{"@type":"Person","@id":"https:\/\/informelitoral.com.ar\/#\/schema\/person\/f05f9f461677119578717524b127d6d5","name":"Sebastian","image":{"@type":"ImageObject","inLanguage":"es","@id":"https:\/\/secure.gravatar.com\/avatar\/b71bf7481d447dfb9583c7f2798e7cc64de6efb9067b74633ed8c31059a3bd82?s=96&d=mm&r=g","url":"https:\/\/secure.gravatar.com\/avatar\/b71bf7481d447dfb9583c7f2798e7cc64de6efb9067b74633ed8c31059a3bd82?s=96&d=mm&r=g","contentUrl":"https:\/\/secure.gravatar.com\/avatar\/b71bf7481d447dfb9583c7f2798e7cc64de6efb9067b74633ed8c31059a3bd82?s=96&d=mm&r=g","caption":"Sebastian"},"url":"https:\/\/informelitoral.com.ar\/author\/sebastian\/"}]}},"_links":{"self":[{"href":"https:\/\/informelitoral.com.ar\/%77%70%2d%6a%73%6f%6e\/wp\/v2\/posts\/70207","targetHints":{"allow":["GET"]}}],"collection":[{"href":"https:\/\/informelitoral.com.ar\/%77%70%2d%6a%73%6f%6e\/wp\/v2\/posts"}],"about":[{"href":"https:\/\/informelitoral.com.ar\/%77%70%2d%6a%73%6f%6e\/wp\/v2\/types\/post"}],"author":[{"embeddable":true,"href":"https:\/\/informelitoral.com.ar\/%77%70%2d%6a%73%6f%6e\/wp\/v2\/users\/8"}],"replies":[{"embeddable":true,"href":"https:\/\/informelitoral.com.ar\/%77%70%2d%6a%73%6f%6e\/wp\/v2\/comments?post=70207"}],"version-history":[{"count":0,"href":"https:\/\/informelitoral.com.ar\/%77%70%2d%6a%73%6f%6e\/wp\/v2\/posts\/70207\/revisions"}],"wp:featuredmedia":[{"embeddable":true,"href":"https:\/\/informelitoral.com.ar\/%77%70%2d%6a%73%6f%6e\/wp\/v2\/media\/70208"}],"wp:attachment":[{"href":"https:\/\/informelitoral.com.ar\/%77%70%2d%6a%73%6f%6e\/wp\/v2\/media?parent=70207"}],"wp:term":[{"taxonomy":"category","embeddable":true,"href":"https:\/\/informelitoral.com.ar\/%77%70%2d%6a%73%6f%6e\/wp\/v2\/categories?post=70207"},{"taxonomy":"post_tag","embeddable":true,"href":"https:\/\/informelitoral.com.ar\/%77%70%2d%6a%73%6f%6e\/wp\/v2\/tags?post=70207"}],"curies":[{"name":"wp","href":"https:\/\/api.w.org\/{rel}","templated":true}]}}