{"id":70204,"date":"2022-01-12T10:55:21","date_gmt":"2022-01-12T13:55:21","guid":{"rendered":"https:\/\/www.informelitoral.com.ar\/?p=70204"},"modified":"2022-01-12T11:23:23","modified_gmt":"2022-01-12T14:23:23","slug":"los-costos-de-transporte-de-carga-se-incrementaron-un-49-en-2021","status":"publish","type":"post","link":"https:\/\/informelitoral.com.ar\/los-costos-de-transporte-de-carga-se-incrementaron-un-49-en-2021\/","title":{"rendered":"Los costos de transporte de carga se incrementaron un 49% en 2021"},"content":{"rendered":"<div class=\"news-body-main\">\n<div id=\"note-body\" data-twitter-link=\"https:\/\/twitter.com\/intent\/tweet?url=https:\/\/www.unoentrerios.com.ar\/c2706548&amp;via=&amp;related=Uno Entre Rios&amp;text=\">\n<p><strong>El \u00cdndice de\u00a0costos de transporte\u00a0de carga alcanz\u00f3 un\u00a0aumento\u00a0acumulado del 49% durante el 2021, de acuerdo con un estudio elaborado por\u00a0Fadeeac\u00a0(Federaci\u00f3n Argentina de Entidades Empresarias del Autotransporte de Cargas).<\/strong><\/p>\n<\/div>\n<\/div>\n<div class=\"news-body-main\">\n<div id=\"note-body\" data-twitter-link=\"https:\/\/twitter.com\/intent\/tweet?url=https:\/\/www.unoentrerios.com.ar\/c2706548&amp;via=&amp;related=Uno Entre Rios&amp;text=\">\n<p>Del informe se desprende que \u00e9ste es el segundo incremento m\u00e1s alto de los \u00faltimos veinte a\u00f1os tras el r\u00e9cord de 2018 (61,5%), en un contexto econ\u00f3mico caracterizado por una alta inflaci\u00f3n minorista y mayorista. Al problema existente desde hace tiempo, de tarifas por debajo de costos, se agreg\u00f3 desde abril de 2020, como consecuencia de la pandemia de Covid-19 y las medidas de aislamiento social obligatorio, la ca\u00edda de los vol\u00famenes transportados, lo que genera importantes p\u00e9rdidas en la mayor\u00eda de las empresas del autotransporte de cargas. En este informe se presenta una simulaci\u00f3n del impacto sobre costos por kil\u00f3metro para distintas tasas de ocupaci\u00f3n.<\/p>\n<\/div>\n<\/div>\n<div class=\"news-body-main\">\n<div id=\"note-body\" data-twitter-link=\"https:\/\/twitter.com\/intent\/tweet?url=https:\/\/www.unoentrerios.com.ar\/c2706548&amp;via=&amp;related=Uno Entre Rios&amp;text=\">\n<p>Entre los rubros relacionados con el equipo de transporte volvieron a traccionar sobre el \u00edndice General, se destaca el aumento del precio de los neum\u00e1ticos, que en el a\u00f1o alcanz\u00f3 el 103,7%.<\/p>\n<p>Sebasti\u00e1n Gotte, del Centro Empresario del Transporte Automotor de Cargas de Concordia (Cetacc), coincidi\u00f3 en que el rubro que m\u00e1s encarece los costos es el de los neum\u00e1ticos: \u201cMuchos de los insumos son importados; hoy est\u00e1n car\u00edsimos y dif\u00edciles de conseguir. Un problema cr\u00edtico son los neum\u00e1ticos, hoy no se consiguen, no hay precio, calidad, ni variedad para elegir. Y si hablamos de una cubierta Michel\u00edn, que son de las mejores, tenemos que hablar de 170 mil pesos; despu\u00e9s te encontr\u00e1s con cubiertas que entran de contrabando y las venden a 60 o 70 mil pesos, pero no tienen certificaci\u00f3n ni garant\u00eda. Son una bomba de tiempo, pero por los costos hay colegas que optan por usar ese tipo de cubiertas\u201d.<\/p>\n<p>El informe de la Fadeeac coloca en \u00faltimo en el nivel de aumento a los Combustibles (-0,08%), que pr\u00e1cticamente no se modific\u00f3 en los \u00faltimos siete meses, luego de diez incrementos mensuales y consecutivos desde el mes de agosto del a\u00f1o pasado. Sin embargo, hay que tener en cuenta que el aumento promedio del gasoil alcanz\u00f3 el 39,2% en el a\u00f1o tras haberse incrementado 45,5% en 2019 y 77% en 2018.<\/p>\n<p>Para Gotte, el combustible es otro punto cr\u00edtico: \u201cEst\u00e1 caro y es dif\u00edcil de conseguir. Para comprar combustible en YPF hay lista de espera y no te dan seguridad de cu\u00e1ndo te lo van a vender. Si sos una empresa m\u00e1s o menos grande, que te manej\u00e1s con surtidores propios, no te dan una fecha certera de cu\u00e1ndo te lo van a proporcionar. Hoy la especulaci\u00f3n est\u00e1 jugando en contra\u201d.<\/p>\n<p>En 2018 el formidable aumento del precio del gasoil (77%), a partir del esquema de desregulaci\u00f3n y alineamiento a los precios internacionales desde octubre de 2017, en conjunto con la maxidevaluaci\u00f3n del peso, fue determinante en los costos r\u00e9cord del Sector (61,5%), marcando el punto de incremento m\u00e1s alto en pr\u00e1cticamente 20 a\u00f1os.<\/p>\n<p>El aplazo de aumentos en el gasoil al cierre del a\u00f1o 2019, en el marco del r\u00e9cord de inflaci\u00f3n minorista (54%), recortaron mayores alzas de costos tanto en diciembre de 2019 como en el primer trimestre de 2020. A partir de all\u00ed, la hist\u00f3rica ca\u00edda de los precios internacionales del petr\u00f3leo como derivaci\u00f3n de la crisis del coronavirus dio lugar en el segundo trimestre de 2020 al establecimiento de un barril criollo que estableci\u00f3 un precio sost\u00e9n de U$D 45, de manera de sostener tanto los precios como la producci\u00f3n local.<\/p>\n<p>Vale aclarar que el precio promedio pa\u00eds que elabora Fadeeac es el resultado de una muestra mensual de 120 estaciones de servicio en todo el pa\u00eds, abarcando el segmento minorista como mayorista del gasoil.<\/p>\n<h4>Otros rubros<\/h4>\n<p>De acuerdo con los datos suministrados por la Fadeeac, el rubro Neum\u00e1ticos es seguido en nivel de aumento por Lubricantes (60,3%), Gastos Generales (58%), y Material Rodante (55,3%).<\/p>\n<p>Pero Gotte a\u00f1adi\u00f3 que el costo de personal es otro factor importante: \u201cCon los \u00faltimos bonos que se les han otorgado a los camioneros se hace muy cuesta arriba; y a eso hay que sumarle la presi\u00f3n tributaria que se nos pone por cada empleado\u201d.<\/p>\n<p>Seg\u00fan Fadeeac, el aumento del costo de personal se increment\u00f3 un 50% en 2021. Tambi\u00e9n vale recordar que en diciembre los camioneros acordaron, a trav\u00e9s de su sindicato, un bono de 48.000 pesos que se paga en cuatro tramos de 12.000 pesos durante enero, febrero, marzo y abril.<\/p>\n<p>\u201cLos reajustes de precios siempre van detr\u00e1s de los incrementos de los insumos y los costos; llegan despu\u00e9s de meses, as\u00ed que la diferencia la termina absorbiendo el transportista\u201d, expres\u00f3 Gotte.<\/p>\n<p>Consultado por las tarifas de transporte, explic\u00f3 que var\u00edan seg\u00fan cada operador log\u00edstico, de acuerdo al contrato o al trabajo: \u201cAlgunos cobran por kil\u00f3metro, otros por toneladas, otros por viajes. Pero los costos del transporte interjurisdiccional, de una provincia a la otra, actualmente deben estar rondando los 90 pesos el kil\u00f3metro, aunque puede variar. Realmente es un costo alto\u201d.<\/p>\n<p>De acuerdo con el \u00cdndice de Carga General elaborado por la C\u00e1mara Empresaria del Autotransporte de Cargas de C\u00f3rdoba (Cedac) el costo de cargas generales desde C\u00f3rdoba a Buenos Aires fue de 112,92 pesos por kil\u00f3metro en diciembre pasado.<\/p>\n<p>\u201cLa mayor\u00eda somos empresas familiares que venimos trabajando en este rubro desde generaciones y es lo \u00fanico que sabemos hacer, por eso continuamos, por amor a la profesi\u00f3n. En mi caso, somos una empresa de m\u00e1s de 40 a\u00f1os y lo hacemos por pasi\u00f3n. Pero la descapitalizaci\u00f3n que venimos sufriendo quienes estamos en el rubro es muy fuerte, a fin de mes pr\u00e1cticamente salvamos los gastos y, con suerte, podemos comprar una cubierta y gasoil para seguir trabajando. No hay que olvidar que somos el fusible que conecta a la industria con el comercio\u201d, expres\u00f3 Gotte.<\/p>\n<p>Por \u00faltimo, manifest\u00f3: \u201cEl sistema burocr\u00e1tico del Estado te impone nuevas reglas y tributos, ahora quieren aprobar un proyecto para regular el transporte forestal. Pero cuando vamos a las reuniones y les planteamos sobre el estado de las rutas, se lo toman como una ofensa. Por ejemplo, la ruta 14 est\u00e1 llena de huellones, que hace imposible transitar con estabilidad; hay muchas otras rutas en las que ni siquiera hay banquina para detenerse si el cami\u00f3n llega a tener un problema\u201d.<\/p>\n<\/div>\n<\/div>\n","protected":false},"excerpt":{"rendered":"<p>El \u00cdndice de costos de transporte alcanz\u00f3 un aumento acumulado del 49% durante el 2021, de acuerdo con un estudio elaborado por Fadeeac<\/p>\n","protected":false},"author":8,"featured_media":70205,"comment_status":"open","ping_status":"open","sticky":false,"template":"","format":"standard","meta":{"fifu_image_url":"","fifu_image_alt":"","footnotes":""},"categories":[9],"tags":[172,2885,2883,2884,2886],"class_list":{"0":"post-70204","1":"post","2":"type-post","3":"status-publish","4":"format-standard","5":"has-post-thumbnail","7":"category-sociedad","8":"tag-aumento","9":"tag-cetacc","10":"tag-costo-de-transporte","11":"tag-fedeeac","12":"tag-sebastian-gotte"},"yoast_head":"<title>Los costos de transporte de carga se incrementaron un 49% en 2021 - Informe Litoral<\/title>\n<meta name=\"robots\" content=\"index, follow, max-snippet:-1, max-image-preview:large, max-video-preview:-1\" \/>\n<link rel=\"canonical\" href=\"https:\/\/informelitoral.com.ar\/los-costos-de-transporte-de-carga-se-incrementaron-un-49-en-2021\/\" \/>\n<meta property=\"og:locale\" content=\"es_ES\" \/>\n<meta property=\"og:type\" content=\"article\" \/>\n<meta property=\"og:title\" content=\"Los costos de transporte de carga se incrementaron un 49% en 2021 - Informe Litoral\" \/>\n<meta property=\"og:description\" content=\"El \u00cdndice de costos de transporte alcanz\u00f3 un aumento acumulado del 49% durante el 2021, de acuerdo con un estudio elaborado por Fadeeac\" \/>\n<meta property=\"og:url\" content=\"https:\/\/informelitoral.com.ar\/los-costos-de-transporte-de-carga-se-incrementaron-un-49-en-2021\/\" \/>\n<meta property=\"og:site_name\" content=\"Informe Litoral\" \/>\n<meta property=\"article:publisher\" content=\"https:\/\/www.facebook.com\/informelitoral\/\" \/>\n<meta property=\"article:published_time\" content=\"2022-01-12T13:55:21+00:00\" \/>\n<meta property=\"article:modified_time\" content=\"2022-01-12T14:23:23+00:00\" \/>\n<meta property=\"og:image\" content=\"https:\/\/informelitoral.com.ar\/%77%70%2d%63%6f%6e%74%65%6e%74\/uploads\/2022\/01\/Camiones-viejos-1.jpg\" \/>\n\t<meta property=\"og:image:width\" content=\"640\" \/>\n\t<meta property=\"og:image:height\" content=\"334\" \/>\n\t<meta property=\"og:image:type\" content=\"image\/jpeg\" \/>\n<meta name=\"author\" content=\"Sebastian\" \/>\n<meta name=\"twitter:card\" content=\"summary_large_image\" \/>\n<meta name=\"twitter:creator\" content=\"@InformeLitoral\" \/>\n<meta name=\"twitter:site\" content=\"@InformeLitoral\" \/>\n<meta name=\"twitter:label1\" content=\"Escrito por\" \/>\n\t<meta name=\"twitter:data1\" content=\"Sebastian\" \/>\n\t<meta name=\"twitter:label2\" content=\"Tiempo de lectura\" \/>\n\t<meta name=\"twitter:data2\" content=\"5 minutos\" \/>\n<script type=\"application\/ld+json\" class=\"yoast-schema-graph\">{\"@context\":\"https:\\\/\\\/schema.org\",\"@graph\":[{\"@type\":\"Article\",\"@id\":\"https:\\\/\\\/informelitoral.com.ar\\\/los-costos-de-transporte-de-carga-se-incrementaron-un-49-en-2021\\\/#article\",\"isPartOf\":{\"@id\":\"https:\\\/\\\/informelitoral.com.ar\\\/los-costos-de-transporte-de-carga-se-incrementaron-un-49-en-2021\\\/\"},\"author\":{\"name\":\"Sebastian\",\"@id\":\"https:\\\/\\\/informelitoral.com.ar\\\/#\\\/schema\\\/person\\\/f05f9f461677119578717524b127d6d5\"},\"headline\":\"Los costos de transporte de carga se incrementaron un 49% en 2021\",\"datePublished\":\"2022-01-12T13:55:21+00:00\",\"dateModified\":\"2022-01-12T14:23:23+00:00\",\"mainEntityOfPage\":{\"@id\":\"https:\\\/\\\/informelitoral.com.ar\\\/los-costos-de-transporte-de-carga-se-incrementaron-un-49-en-2021\\\/\"},\"wordCount\":1096,\"commentCount\":0,\"publisher\":{\"@id\":\"https:\\\/\\\/informelitoral.com.ar\\\/#organization\"},\"image\":{\"@id\":\"https:\\\/\\\/informelitoral.com.ar\\\/los-costos-de-transporte-de-carga-se-incrementaron-un-49-en-2021\\\/#primaryimage\"},\"thumbnailUrl\":\"https:\\\/\\\/informelitoral.com.ar\\\/%77%70%2d%63%6f%6e%74%65%6e%74\\\/uploads\\\/2022\\\/01\\\/Camiones-viejos-1.jpg\",\"keywords\":[\"Aumento\",\"Cetacc\",\"Costo de transporte\",\"Fedeeac\",\"Sebasti\u00e1n Gotte\"],\"articleSection\":[\"Sociedad\"],\"inLanguage\":\"es\",\"potentialAction\":[{\"@type\":\"CommentAction\",\"name\":\"Comment\",\"target\":[\"https:\\\/\\\/informelitoral.com.ar\\\/los-costos-de-transporte-de-carga-se-incrementaron-un-49-en-2021\\\/#respond\"]}]},{\"@type\":\"WebPage\",\"@id\":\"https:\\\/\\\/informelitoral.com.ar\\\/los-costos-de-transporte-de-carga-se-incrementaron-un-49-en-2021\\\/\",\"url\":\"https:\\\/\\\/informelitoral.com.ar\\\/los-costos-de-transporte-de-carga-se-incrementaron-un-49-en-2021\\\/\",\"name\":\"Los costos de transporte de carga se incrementaron un 49% en 2021 - Informe Litoral\",\"isPartOf\":{\"@id\":\"https:\\\/\\\/informelitoral.com.ar\\\/#website\"},\"primaryImageOfPage\":{\"@id\":\"https:\\\/\\\/informelitoral.com.ar\\\/los-costos-de-transporte-de-carga-se-incrementaron-un-49-en-2021\\\/#primaryimage\"},\"image\":{\"@id\":\"https:\\\/\\\/informelitoral.com.ar\\\/los-costos-de-transporte-de-carga-se-incrementaron-un-49-en-2021\\\/#primaryimage\"},\"thumbnailUrl\":\"https:\\\/\\\/informelitoral.com.ar\\\/%77%70%2d%63%6f%6e%74%65%6e%74\\\/uploads\\\/2022\\\/01\\\/Camiones-viejos-1.jpg\",\"datePublished\":\"2022-01-12T13:55:21+00:00\",\"dateModified\":\"2022-01-12T14:23:23+00:00\",\"breadcrumb\":{\"@id\":\"https:\\\/\\\/informelitoral.com.ar\\\/los-costos-de-transporte-de-carga-se-incrementaron-un-49-en-2021\\\/#breadcrumb\"},\"inLanguage\":\"es\",\"potentialAction\":[{\"@type\":\"ReadAction\",\"target\":[\"https:\\\/\\\/informelitoral.com.ar\\\/los-costos-de-transporte-de-carga-se-incrementaron-un-49-en-2021\\\/\"]}]},{\"@type\":\"ImageObject\",\"inLanguage\":\"es\",\"@id\":\"https:\\\/\\\/informelitoral.com.ar\\\/los-costos-de-transporte-de-carga-se-incrementaron-un-49-en-2021\\\/#primaryimage\",\"url\":\"https:\\\/\\\/informelitoral.com.ar\\\/%77%70%2d%63%6f%6e%74%65%6e%74\\\/uploads\\\/2022\\\/01\\\/Camiones-viejos-1.jpg\",\"contentUrl\":\"https:\\\/\\\/informelitoral.com.ar\\\/%77%70%2d%63%6f%6e%74%65%6e%74\\\/uploads\\\/2022\\\/01\\\/Camiones-viejos-1.jpg\",\"width\":640,\"height\":334},{\"@type\":\"BreadcrumbList\",\"@id\":\"https:\\\/\\\/informelitoral.com.ar\\\/los-costos-de-transporte-de-carga-se-incrementaron-un-49-en-2021\\\/#breadcrumb\",\"itemListElement\":[{\"@type\":\"ListItem\",\"position\":1,\"name\":\"Portada\",\"item\":\"https:\\\/\\\/informelitoral.com.ar\\\/\"},{\"@type\":\"ListItem\",\"position\":2,\"name\":\"Los costos de transporte de carga se incrementaron un 49% en 2021\"}]},{\"@type\":\"WebSite\",\"@id\":\"https:\\\/\\\/informelitoral.com.ar\\\/#website\",\"url\":\"https:\\\/\\\/informelitoral.com.ar\\\/\",\"name\":\"Informe Litoral\",\"description\":\"&quot;Nos informamos&quot; \",\"publisher\":{\"@id\":\"https:\\\/\\\/informelitoral.com.ar\\\/#organization\"},\"potentialAction\":[{\"@type\":\"SearchAction\",\"target\":{\"@type\":\"EntryPoint\",\"urlTemplate\":\"https:\\\/\\\/informelitoral.com.ar\\\/?s={search_term_string}\"},\"query-input\":{\"@type\":\"PropertyValueSpecification\",\"valueRequired\":true,\"valueName\":\"search_term_string\"}}],\"inLanguage\":\"es\"},{\"@type\":\"Organization\",\"@id\":\"https:\\\/\\\/informelitoral.com.ar\\\/#organization\",\"name\":\"Informe Litoral\",\"url\":\"https:\\\/\\\/informelitoral.com.ar\\\/\",\"logo\":{\"@type\":\"ImageObject\",\"inLanguage\":\"es\",\"@id\":\"https:\\\/\\\/informelitoral.com.ar\\\/#\\\/schema\\\/logo\\\/image\\\/\",\"url\":\"https:\\\/\\\/informelitoral.com.ar\\\/%77%70%2d%63%6f%6e%74%65%6e%74\\\/uploads\\\/2021\\\/01\\\/circulo.png\",\"contentUrl\":\"https:\\\/\\\/informelitoral.com.ar\\\/%77%70%2d%63%6f%6e%74%65%6e%74\\\/uploads\\\/2021\\\/01\\\/circulo.png\",\"width\":723,\"height\":731,\"caption\":\"Informe Litoral\"},\"image\":{\"@id\":\"https:\\\/\\\/informelitoral.com.ar\\\/#\\\/schema\\\/logo\\\/image\\\/\"},\"sameAs\":[\"https:\\\/\\\/www.facebook.com\\\/informelitoral\\\/\",\"https:\\\/\\\/x.com\\\/InformeLitoral\",\"https:\\\/\\\/www.instagram.com\\\/informelitoral\\\/\",\"https:\\\/\\\/www.youtube.com\\\/channel\\\/UCua4Qvz8Icb6MYqhoq9xLXw\"]},{\"@type\":\"Person\",\"@id\":\"https:\\\/\\\/informelitoral.com.ar\\\/#\\\/schema\\\/person\\\/f05f9f461677119578717524b127d6d5\",\"name\":\"Sebastian\",\"image\":{\"@type\":\"ImageObject\",\"inLanguage\":\"es\",\"@id\":\"https:\\\/\\\/secure.gravatar.com\\\/avatar\\\/b71bf7481d447dfb9583c7f2798e7cc64de6efb9067b74633ed8c31059a3bd82?s=96&d=mm&r=g\",\"url\":\"https:\\\/\\\/secure.gravatar.com\\\/avatar\\\/b71bf7481d447dfb9583c7f2798e7cc64de6efb9067b74633ed8c31059a3bd82?s=96&d=mm&r=g\",\"contentUrl\":\"https:\\\/\\\/secure.gravatar.com\\\/avatar\\\/b71bf7481d447dfb9583c7f2798e7cc64de6efb9067b74633ed8c31059a3bd82?s=96&d=mm&r=g\",\"caption\":\"Sebastian\"},\"url\":\"https:\\\/\\\/informelitoral.com.ar\\\/author\\\/sebastian\\\/\"}]}<\/script>","yoast_head_json":{"title":"Los costos de transporte de carga se incrementaron un 49% en 2021 - Informe Litoral","robots":{"index":"index","follow":"follow","max-snippet":"max-snippet:-1","max-image-preview":"max-image-preview:large","max-video-preview":"max-video-preview:-1"},"canonical":"https:\/\/informelitoral.com.ar\/los-costos-de-transporte-de-carga-se-incrementaron-un-49-en-2021\/","og_locale":"es_ES","og_type":"article","og_title":"Los costos de transporte de carga se incrementaron un 49% en 2021 - Informe Litoral","og_description":"El \u00cdndice de costos de transporte alcanz\u00f3 un aumento acumulado del 49% durante el 2021, de acuerdo con un estudio elaborado por Fadeeac","og_url":"https:\/\/informelitoral.com.ar\/los-costos-de-transporte-de-carga-se-incrementaron-un-49-en-2021\/","og_site_name":"Informe Litoral","article_publisher":"https:\/\/www.facebook.com\/informelitoral\/","article_published_time":"2022-01-12T13:55:21+00:00","article_modified_time":"2022-01-12T14:23:23+00:00","og_image":[{"width":640,"height":334,"url":"https:\/\/informelitoral.com.ar\/%77%70%2d%63%6f%6e%74%65%6e%74\/uploads\/2022\/01\/Camiones-viejos-1.jpg","type":"image\/jpeg"}],"author":"Sebastian","twitter_card":"summary_large_image","twitter_creator":"@InformeLitoral","twitter_site":"@InformeLitoral","twitter_misc":{"Escrito por":"Sebastian","Tiempo de lectura":"5 minutos"},"schema":{"@context":"https:\/\/schema.org","@graph":[{"@type":"Article","@id":"https:\/\/informelitoral.com.ar\/los-costos-de-transporte-de-carga-se-incrementaron-un-49-en-2021\/#article","isPartOf":{"@id":"https:\/\/informelitoral.com.ar\/los-costos-de-transporte-de-carga-se-incrementaron-un-49-en-2021\/"},"author":{"name":"Sebastian","@id":"https:\/\/informelitoral.com.ar\/#\/schema\/person\/f05f9f461677119578717524b127d6d5"},"headline":"Los costos de transporte de carga se incrementaron un 49% en 2021","datePublished":"2022-01-12T13:55:21+00:00","dateModified":"2022-01-12T14:23:23+00:00","mainEntityOfPage":{"@id":"https:\/\/informelitoral.com.ar\/los-costos-de-transporte-de-carga-se-incrementaron-un-49-en-2021\/"},"wordCount":1096,"commentCount":0,"publisher":{"@id":"https:\/\/informelitoral.com.ar\/#organization"},"image":{"@id":"https:\/\/informelitoral.com.ar\/los-costos-de-transporte-de-carga-se-incrementaron-un-49-en-2021\/#primaryimage"},"thumbnailUrl":"https:\/\/informelitoral.com.ar\/%77%70%2d%63%6f%6e%74%65%6e%74\/uploads\/2022\/01\/Camiones-viejos-1.jpg","keywords":["Aumento","Cetacc","Costo de transporte","Fedeeac","Sebasti\u00e1n Gotte"],"articleSection":["Sociedad"],"inLanguage":"es","potentialAction":[{"@type":"CommentAction","name":"Comment","target":["https:\/\/informelitoral.com.ar\/los-costos-de-transporte-de-carga-se-incrementaron-un-49-en-2021\/#respond"]}]},{"@type":"WebPage","@id":"https:\/\/informelitoral.com.ar\/los-costos-de-transporte-de-carga-se-incrementaron-un-49-en-2021\/","url":"https:\/\/informelitoral.com.ar\/los-costos-de-transporte-de-carga-se-incrementaron-un-49-en-2021\/","name":"Los costos de transporte de carga se incrementaron un 49% en 2021 - Informe Litoral","isPartOf":{"@id":"https:\/\/informelitoral.com.ar\/#website"},"primaryImageOfPage":{"@id":"https:\/\/informelitoral.com.ar\/los-costos-de-transporte-de-carga-se-incrementaron-un-49-en-2021\/#primaryimage"},"image":{"@id":"https:\/\/informelitoral.com.ar\/los-costos-de-transporte-de-carga-se-incrementaron-un-49-en-2021\/#primaryimage"},"thumbnailUrl":"https:\/\/informelitoral.com.ar\/%77%70%2d%63%6f%6e%74%65%6e%74\/uploads\/2022\/01\/Camiones-viejos-1.jpg","datePublished":"2022-01-12T13:55:21+00:00","dateModified":"2022-01-12T14:23:23+00:00","breadcrumb":{"@id":"https:\/\/informelitoral.com.ar\/los-costos-de-transporte-de-carga-se-incrementaron-un-49-en-2021\/#breadcrumb"},"inLanguage":"es","potentialAction":[{"@type":"ReadAction","target":["https:\/\/informelitoral.com.ar\/los-costos-de-transporte-de-carga-se-incrementaron-un-49-en-2021\/"]}]},{"@type":"ImageObject","inLanguage":"es","@id":"https:\/\/informelitoral.com.ar\/los-costos-de-transporte-de-carga-se-incrementaron-un-49-en-2021\/#primaryimage","url":"https:\/\/informelitoral.com.ar\/%77%70%2d%63%6f%6e%74%65%6e%74\/uploads\/2022\/01\/Camiones-viejos-1.jpg","contentUrl":"https:\/\/informelitoral.com.ar\/%77%70%2d%63%6f%6e%74%65%6e%74\/uploads\/2022\/01\/Camiones-viejos-1.jpg","width":640,"height":334},{"@type":"BreadcrumbList","@id":"https:\/\/informelitoral.com.ar\/los-costos-de-transporte-de-carga-se-incrementaron-un-49-en-2021\/#breadcrumb","itemListElement":[{"@type":"ListItem","position":1,"name":"Portada","item":"https:\/\/informelitoral.com.ar\/"},{"@type":"ListItem","position":2,"name":"Los costos de transporte de carga se incrementaron un 49% en 2021"}]},{"@type":"WebSite","@id":"https:\/\/informelitoral.com.ar\/#website","url":"https:\/\/informelitoral.com.ar\/","name":"Informe Litoral","description":"&quot;Nos informamos&quot; ","publisher":{"@id":"https:\/\/informelitoral.com.ar\/#organization"},"potentialAction":[{"@type":"SearchAction","target":{"@type":"EntryPoint","urlTemplate":"https:\/\/informelitoral.com.ar\/?s={search_term_string}"},"query-input":{"@type":"PropertyValueSpecification","valueRequired":true,"valueName":"search_term_string"}}],"inLanguage":"es"},{"@type":"Organization","@id":"https:\/\/informelitoral.com.ar\/#organization","name":"Informe Litoral","url":"https:\/\/informelitoral.com.ar\/","logo":{"@type":"ImageObject","inLanguage":"es","@id":"https:\/\/informelitoral.com.ar\/#\/schema\/logo\/image\/","url":"https:\/\/informelitoral.com.ar\/%77%70%2d%63%6f%6e%74%65%6e%74\/uploads\/2021\/01\/circulo.png","contentUrl":"https:\/\/informelitoral.com.ar\/%77%70%2d%63%6f%6e%74%65%6e%74\/uploads\/2021\/01\/circulo.png","width":723,"height":731,"caption":"Informe Litoral"},"image":{"@id":"https:\/\/informelitoral.com.ar\/#\/schema\/logo\/image\/"},"sameAs":["https:\/\/www.facebook.com\/informelitoral\/","https:\/\/x.com\/InformeLitoral","https:\/\/www.instagram.com\/informelitoral\/","https:\/\/www.youtube.com\/channel\/UCua4Qvz8Icb6MYqhoq9xLXw"]},{"@type":"Person","@id":"https:\/\/informelitoral.com.ar\/#\/schema\/person\/f05f9f461677119578717524b127d6d5","name":"Sebastian","image":{"@type":"ImageObject","inLanguage":"es","@id":"https:\/\/secure.gravatar.com\/avatar\/b71bf7481d447dfb9583c7f2798e7cc64de6efb9067b74633ed8c31059a3bd82?s=96&d=mm&r=g","url":"https:\/\/secure.gravatar.com\/avatar\/b71bf7481d447dfb9583c7f2798e7cc64de6efb9067b74633ed8c31059a3bd82?s=96&d=mm&r=g","contentUrl":"https:\/\/secure.gravatar.com\/avatar\/b71bf7481d447dfb9583c7f2798e7cc64de6efb9067b74633ed8c31059a3bd82?s=96&d=mm&r=g","caption":"Sebastian"},"url":"https:\/\/informelitoral.com.ar\/author\/sebastian\/"}]}},"_links":{"self":[{"href":"https:\/\/informelitoral.com.ar\/%77%70%2d%6a%73%6f%6e\/wp\/v2\/posts\/70204","targetHints":{"allow":["GET"]}}],"collection":[{"href":"https:\/\/informelitoral.com.ar\/%77%70%2d%6a%73%6f%6e\/wp\/v2\/posts"}],"about":[{"href":"https:\/\/informelitoral.com.ar\/%77%70%2d%6a%73%6f%6e\/wp\/v2\/types\/post"}],"author":[{"embeddable":true,"href":"https:\/\/informelitoral.com.ar\/%77%70%2d%6a%73%6f%6e\/wp\/v2\/users\/8"}],"replies":[{"embeddable":true,"href":"https:\/\/informelitoral.com.ar\/%77%70%2d%6a%73%6f%6e\/wp\/v2\/comments?post=70204"}],"version-history":[{"count":0,"href":"https:\/\/informelitoral.com.ar\/%77%70%2d%6a%73%6f%6e\/wp\/v2\/posts\/70204\/revisions"}],"wp:featuredmedia":[{"embeddable":true,"href":"https:\/\/informelitoral.com.ar\/%77%70%2d%6a%73%6f%6e\/wp\/v2\/media\/70205"}],"wp:attachment":[{"href":"https:\/\/informelitoral.com.ar\/%77%70%2d%6a%73%6f%6e\/wp\/v2\/media?parent=70204"}],"wp:term":[{"taxonomy":"category","embeddable":true,"href":"https:\/\/informelitoral.com.ar\/%77%70%2d%6a%73%6f%6e\/wp\/v2\/categories?post=70204"},{"taxonomy":"post_tag","embeddable":true,"href":"https:\/\/informelitoral.com.ar\/%77%70%2d%6a%73%6f%6e\/wp\/v2\/tags?post=70204"}],"curies":[{"name":"wp","href":"https:\/\/api.w.org\/{rel}","templated":true}]}}