{"id":70201,"date":"2022-01-12T10:27:34","date_gmt":"2022-01-12T13:27:34","guid":{"rendered":"https:\/\/www.informelitoral.com.ar\/?p=70201"},"modified":"2022-01-12T10:30:15","modified_gmt":"2022-01-12T13:30:15","slug":"ola-de-calor-pautas-para-prevenir-estres-termico-en-bovinos-de-leche-y-carne","status":"publish","type":"post","link":"https:\/\/informelitoral.com.ar\/ola-de-calor-pautas-para-prevenir-estres-termico-en-bovinos-de-leche-y-carne\/","title":{"rendered":"Ola de calor: pautas para prevenir estr\u00e9s t\u00e9rmico en bovinos de leche y carne"},"content":{"rendered":"<p>La\u00a0<strong>sequ\u00eda\u00a0<\/strong>se extiende en todo el territorio argentino afectando a la producci\u00f3n agropecuaria. De igual manera que la\u00a0<strong>ola de calor extremo<\/strong>\u00a0afecta e impacta sobre los cultivos de grano, tambi\u00e9n altera el estado de confort animal, provocando mermas productivas.<\/p>\n<p>De esta manera, desde la C\u00e1mara de Productores de Leche Cuenca Oeste, as\u00ed como la C\u00e1mara Argentina de Feedlot, brindaron una serie de recomendaciones para el cuidado de los animales durante esta semana de sofocante calor.<\/p>\n<p>\u201cSi apelamos a las estad\u00edsticas, en los\u00a0<strong>\u00faltimos diez a\u00f1os<\/strong>, son mayor\u00eda los a\u00f1os de falta de lluvias, o fuera de la ventana ideal de ocurrencia. De esta manera, las altas temperaturas fueron el com\u00fan denominador en primavera\/verano, lo que agrava toda la situaci\u00f3n\u201d, advierte al m\u00e9dico veterinario F\u00e9lix Fares, de la c\u00e1mara lechera.<\/p>\n<p>Como parte del plan de monitoreo es clave consultar diariamente el\u00a0<strong>ITH<\/strong>, el \u00cdndice de Temperatura y Humedad, y consecuentemente aumentar las recorridas diarias para controlar el estado de los animales.<\/p>\n<p>Los lecheros sostienen, en cuanto al cuidado animal,\u00a0<strong>suspender o limitar lo m\u00e1ximo posible el trabajo en corrales<\/strong>, y de no poder evitarlo, realizarlo muy temprano en la ma\u00f1ana, limitando los traslados de hacienda o hacerlos durante la noche.<\/p>\n<p>En el caso de los animales destinados a la producci\u00f3n de carne, se recomienda no cargar ni movilizar hacienda los d\u00edas en los que est\u00e1 pronosticado el \u201calerta por calor\u201d, ni tampoco en las horas de m\u00e1xima radiaci\u00f3n.<\/p>\n<p>Desde ya, queda claro la importancia de\u00a0<strong>procurar espacios y lugares de sombra y exposici\u00f3n al viento<\/strong>.<\/p>\n<p><strong>Alimento y agua<\/strong><\/p>\n<p>En cuanto a la\u00a0<strong>alimentaci\u00f3n y la bebida<\/strong>, desde la c\u00e1mara lechera indican que se debe asegurar\u00a0<strong>agua fresca y limpia<\/strong>\u00a0y chequear al menos la cantidad disponible y el funcionamiento de aguadas disminuir la energ\u00eda de la raci\u00f3n, asegurar fibra y en lo posible humedecer la dieta.<\/p>\n<p>Tambi\u00e9n es de gran ayuda entregar el alimento en un\u00a0<strong>30% por la ma\u00f1ana y un 70% por la tarde<\/strong>\u00a0y evitar la ventana entre las 9 y las 17 horas.<\/p>\n<p>Ante la observaci\u00f3n de animales con baba, bajar la entrega diaria de comida hasta un 50%.<\/p>\n<p>Es bueno tambi\u00e9n evitar aquellas\u00a0<strong>dietas como pasturas pasadas o silos viejos<\/strong>\u00a0que provocan exceso de actividad rumial e incremento cal\u00f3rico que pueden afectar la temperatura homeost\u00e1tica del animal.<\/p>\n<p>Asimismo, Fares advierte que, \u201cen una campa\u00f1a como la presente se conjugan, por un lado, costos crecientes, no solo de implantaci\u00f3n sino de confecci\u00f3n. El resultado, luego del arrebato t\u00e9rmico de los ma\u00edces, contar con silos de menor calidad, m\u00e1s secos que lo habitual y con muy poco grano\u201d.<\/p>\n<p>Tambi\u00e9n destaca que, a este cuadro, hay que agregarle las p\u00e9rdidas de pasturas, que en m\u00e1s de un caso habr\u00e1 que pensar en resembrarlas (o intersembrar) en el oto\u00f1o.<\/p>\n<p><strong>Tips desde el Inta<\/strong><\/p>\n<p>En paralelo, tambi\u00e9n el Instituto Nacional de Tecnolog\u00eda Agropecuaria (INTA) difundi\u00f3 sus recomendaciones para este escenario de extremo calor que puede afectar la producci\u00f3n bovina, que en general coinciden con las expresadas por Caprolecoba y por la CAF.<\/p>\n<p>Seg\u00fan el experto del INTA Bordenave, An\u00edbal Fern\u00e1ndez Mayer, la zona de confort para vacunos de carne est\u00e1 compuesta por temperaturas que var\u00edan de 7\u00b0 C a 26\u00b0 C, mientras que para vacas lecheras debe ser de 5\u00b0 C a 21\u00b0 C. Adem\u00e1s, esta se da cuando la humedad relativa oscila entre 10% a 50% y la velocidad del viento var\u00eda entre 5 a 8 kil\u00f3metros por hora.<\/p>\n<p>\u201cEl estr\u00e9s por calor se da cuando la temperatura ambiental es superior a los 26\u00b0 C \u2013 28\u00b0 C, cuando la humedad relativa es mayor del 50% y cuando la velocidad del viento es menor a 5 kil\u00f3metros por hora\u201d, ampli\u00f3 el investigador.<\/p>\n<p>Para saber con exactitud cu\u00e1les son los valores que se registran, el INTA cuenta con una\u00a0herramienta que permite monitorear el \u00edndice de temperatura y humedad (ITH) en tiempo real, contando con informaci\u00f3n del pron\u00f3stico para los pr\u00f3ximos d\u00edas y las condiciones de los d\u00edas previos.<\/p>\n<p>\u201cLa herramienta permite al usuario consultar, a partir de los datos meteorol\u00f3gicos de la estaci\u00f3n meteorol\u00f3gica autom\u00e1tica (EMA) deseada o de un determinado punto en el mapa (latitud y longitud), el \u00edndice de temperatura y humedad de los \u00faltimos dos d\u00edas (incluyendo el actual)\u201d, explic\u00f3 Natalia Gattinoni, especialista del Instituto de Clima y Agua, y agreg\u00f3: \u201cAdem\u00e1s, permite conocer el \u00edndice pronosticado hasta 48 horas\u201d.<\/p>\n<p>\u201cMediante una f\u00f3rmula matem\u00e1tica que combina temperatura y humedad del ambiente, se infiere el nivel de calor que pueda estar sufriendo el ganado, seg\u00fan las condiciones que se registren a lo largo de d\u00eda\u201d, a\u00f1adi\u00f3 Gattinoni.<\/p>\n<p>De acuerdo con Laura Gastaldi, especialista del INTA Rafaela \u2013Santa Fe\u2013, los animales se estresan y pierden bienestar a partir de un ITH igual o mayor a 72, valor cr\u00edtico de referencia para el ganado lechero. \u201cSi el ITH se mantiene por encima de 72 durante al menos tres d\u00edas, dicho evento constituye una ola de calor; mientras que cuando este \u00edndice llega a 88.1 hay peligro de muerte\u201d, afirm\u00f3.<\/p>\n<p>En este sentido, \u201ces importante analizar de manera conjunta las condiciones de ITH a las nueve de la ma\u00f1ana y a las nueve de la noche, sumado al pron\u00f3stico de los d\u00edas siguientes, para saber de manera anticipada si el ganado se est\u00e1 alejando de la zona de confort\u201d, agreg\u00f3 Gastaldi.<\/p>\n<p><strong>Indicadores a observar<\/strong><\/p>\n<p>Otro punto relevante a tener en cuenta es que existen indicadores de estr\u00e9s propios de los vacunos que interact\u00faan entre s\u00ed en un ambiente con alta temperatura y humedad. Bajo condiciones de estr\u00e9s cal\u00f3rico la frecuencia respiratoria puede ascender entre 65 y 120 jadeos por minuto, el consumo de materia seca se puede reducir superando el 20% y se puede afectar la actividad reproductiva.<\/p>\n<p>\u201cAdem\u00e1s, en ambientes estresantes la p\u00e9rdida de producci\u00f3n supera el 10 %, pudiendo llegar en casos extremos a ca\u00eddas mayor del 50 % en regiones tropicales y subtropicales\u201d, detall\u00f3 Fern\u00e1ndez Mayer.<\/p>\n<p>La concentraci\u00f3n energ\u00e9tica, granos almidonosos, sirven para contrarrestar la disminuci\u00f3n de consumo de materia seca que experimentan los vacunos por efectos del calor. Tambi\u00e9n, los concentrados proteicos de menor degradabilidad ruminal, como grasas by pass, aumentan la densidad energ\u00e9tica de la dieta y no fermentan en rumen.<\/p>\n<p>Esta estrategia pretende suplir las denominadas dietas calientes, las cuales se caracterizan por tener una alta proporci\u00f3n de fibra (celulosa, hemicelulosa y lignina) de baja digestibilidad. Estas mol\u00e9culas complejas son fermentadas en el rumen, generando altas proporciones de \u00e1cido ac\u00e9tico, lo que eleva la temperatura corporal dif\u00edcil de disipar por el ganado.<\/p>\n<p>Por otro lado, suministrar sombra y contar con aspersores y ventiladores permite propiciar una zona de confort. \u201cEn producci\u00f3n lechera, para amortiguar las altas temperaturas se deber\u00eda emplear sombra artificial o natural especialmente entre las 11 am a las 18 pm para que los animales descansen adecuadamente\u201d, expres\u00f3 Fern\u00e1ndez Mayer.<\/p>\n<p>Adem\u00e1s, agreg\u00f3 que resulta importante contar con sombra donde se ubican los comederos y bebederos y con grandes ventiladores bajo tinglados abiertos o media sombra donde los animales descansan y comen.<\/p>\n<p>En cuanto a la aspersi\u00f3n, \u201cpor cada 0,5 litros de agua que se aplica sobre el animal se puede disipar 255 kilocalor\u00edas de calor corporal\u201d, expres\u00f3 el t\u00e9cnico. Y agreg\u00f3: \u201cEl tama\u00f1o de gota debe variar entre 3 a 5 mil\u00edmetros, as\u00ed el agua puede atravesar el pelo y llegar al cuero, ya que si las gotas de agua son de menor tama\u00f1o se puede producir una impermeabilizaci\u00f3n de esa zona sin dar lugar a que irradie el calor interno del animal al ambiente\u201d.<\/p>\n<p>&nbsp;<\/p>\n","protected":false},"excerpt":{"rendered":"<p>Los expertos brindan una serie de recomendaciones para cuidar a la hacienda en plena ola de calor extremo. Agua, monitoreo y consultar el ITH.<\/p>\n","protected":false},"author":8,"featured_media":70202,"comment_status":"open","ping_status":"open","sticky":false,"template":"","format":"standard","meta":{"fifu_image_url":"","fifu_image_alt":"","footnotes":""},"categories":[10],"tags":[2881,2882,2880,2851,2879],"class_list":{"0":"post-70201","1":"post","2":"type-post","3":"status-publish","4":"format-standard","5":"has-post-thumbnail","7":"category-campo","8":"tag-estres-calorico","9":"tag-ith","10":"tag-manejo-animal","11":"tag-ola-de-calor","12":"tag-tambo"},"yoast_head":"<title>Ola de calor: pautas para prevenir estr\u00e9s t\u00e9rmico en bovinos de leche y carne - Informe Litoral<\/title>\n<meta name=\"robots\" content=\"index, follow, max-snippet:-1, max-image-preview:large, max-video-preview:-1\" \/>\n<link rel=\"canonical\" href=\"https:\/\/informelitoral.com.ar\/ola-de-calor-pautas-para-prevenir-estres-termico-en-bovinos-de-leche-y-carne\/\" \/>\n<meta property=\"og:locale\" content=\"es_ES\" \/>\n<meta property=\"og:type\" content=\"article\" \/>\n<meta property=\"og:title\" content=\"Ola de calor: pautas para prevenir estr\u00e9s t\u00e9rmico en bovinos de leche y carne - Informe Litoral\" \/>\n<meta property=\"og:description\" content=\"Los expertos brindan una serie de recomendaciones para cuidar a la hacienda en plena ola de calor extremo. Agua, monitoreo y consultar el ITH.\" \/>\n<meta property=\"og:url\" content=\"https:\/\/informelitoral.com.ar\/ola-de-calor-pautas-para-prevenir-estres-termico-en-bovinos-de-leche-y-carne\/\" \/>\n<meta property=\"og:site_name\" content=\"Informe Litoral\" \/>\n<meta property=\"article:publisher\" content=\"https:\/\/www.facebook.com\/informelitoral\/\" \/>\n<meta property=\"article:published_time\" content=\"2022-01-12T13:27:34+00:00\" \/>\n<meta property=\"article:modified_time\" content=\"2022-01-12T13:30:15+00:00\" \/>\n<meta property=\"og:image\" content=\"https:\/\/informelitoral.com.ar\/%77%70%2d%63%6f%6e%74%65%6e%74\/uploads\/2022\/01\/vacas-tambo-ventilador-Inta.jpg\" \/>\n\t<meta property=\"og:image:width\" content=\"800\" \/>\n\t<meta property=\"og:image:height\" content=\"460\" \/>\n\t<meta property=\"og:image:type\" content=\"image\/jpeg\" \/>\n<meta name=\"author\" content=\"Sebastian\" \/>\n<meta name=\"twitter:card\" content=\"summary_large_image\" \/>\n<meta name=\"twitter:creator\" content=\"@InformeLitoral\" \/>\n<meta name=\"twitter:site\" content=\"@InformeLitoral\" \/>\n<meta name=\"twitter:label1\" content=\"Escrito por\" \/>\n\t<meta name=\"twitter:data1\" content=\"Sebastian\" \/>\n\t<meta name=\"twitter:label2\" content=\"Tiempo de lectura\" \/>\n\t<meta name=\"twitter:data2\" content=\"7 minutos\" \/>\n<script type=\"application\/ld+json\" class=\"yoast-schema-graph\">{\"@context\":\"https:\\\/\\\/schema.org\",\"@graph\":[{\"@type\":\"Article\",\"@id\":\"https:\\\/\\\/informelitoral.com.ar\\\/ola-de-calor-pautas-para-prevenir-estres-termico-en-bovinos-de-leche-y-carne\\\/#article\",\"isPartOf\":{\"@id\":\"https:\\\/\\\/informelitoral.com.ar\\\/ola-de-calor-pautas-para-prevenir-estres-termico-en-bovinos-de-leche-y-carne\\\/\"},\"author\":{\"name\":\"Sebastian\",\"@id\":\"https:\\\/\\\/informelitoral.com.ar\\\/#\\\/schema\\\/person\\\/f05f9f461677119578717524b127d6d5\"},\"headline\":\"Ola de calor: pautas para prevenir estr\u00e9s t\u00e9rmico en bovinos de leche y carne\",\"datePublished\":\"2022-01-12T13:27:34+00:00\",\"dateModified\":\"2022-01-12T13:30:15+00:00\",\"mainEntityOfPage\":{\"@id\":\"https:\\\/\\\/informelitoral.com.ar\\\/ola-de-calor-pautas-para-prevenir-estres-termico-en-bovinos-de-leche-y-carne\\\/\"},\"wordCount\":1331,\"commentCount\":0,\"publisher\":{\"@id\":\"https:\\\/\\\/informelitoral.com.ar\\\/#organization\"},\"image\":{\"@id\":\"https:\\\/\\\/informelitoral.com.ar\\\/ola-de-calor-pautas-para-prevenir-estres-termico-en-bovinos-de-leche-y-carne\\\/#primaryimage\"},\"thumbnailUrl\":\"https:\\\/\\\/informelitoral.com.ar\\\/%77%70%2d%63%6f%6e%74%65%6e%74\\\/uploads\\\/2022\\\/01\\\/vacas-tambo-ventilador-Inta.jpg\",\"keywords\":[\"Estr\u00e9s cal\u00f3rico\",\"ITH\",\"Manejo animal\",\"Ola de Calor\",\"Tambo\"],\"articleSection\":[\"Campo\"],\"inLanguage\":\"es\",\"potentialAction\":[{\"@type\":\"CommentAction\",\"name\":\"Comment\",\"target\":[\"https:\\\/\\\/informelitoral.com.ar\\\/ola-de-calor-pautas-para-prevenir-estres-termico-en-bovinos-de-leche-y-carne\\\/#respond\"]}]},{\"@type\":\"WebPage\",\"@id\":\"https:\\\/\\\/informelitoral.com.ar\\\/ola-de-calor-pautas-para-prevenir-estres-termico-en-bovinos-de-leche-y-carne\\\/\",\"url\":\"https:\\\/\\\/informelitoral.com.ar\\\/ola-de-calor-pautas-para-prevenir-estres-termico-en-bovinos-de-leche-y-carne\\\/\",\"name\":\"Ola de calor: pautas para prevenir estr\u00e9s t\u00e9rmico en bovinos de leche y carne - Informe Litoral\",\"isPartOf\":{\"@id\":\"https:\\\/\\\/informelitoral.com.ar\\\/#website\"},\"primaryImageOfPage\":{\"@id\":\"https:\\\/\\\/informelitoral.com.ar\\\/ola-de-calor-pautas-para-prevenir-estres-termico-en-bovinos-de-leche-y-carne\\\/#primaryimage\"},\"image\":{\"@id\":\"https:\\\/\\\/informelitoral.com.ar\\\/ola-de-calor-pautas-para-prevenir-estres-termico-en-bovinos-de-leche-y-carne\\\/#primaryimage\"},\"thumbnailUrl\":\"https:\\\/\\\/informelitoral.com.ar\\\/%77%70%2d%63%6f%6e%74%65%6e%74\\\/uploads\\\/2022\\\/01\\\/vacas-tambo-ventilador-Inta.jpg\",\"datePublished\":\"2022-01-12T13:27:34+00:00\",\"dateModified\":\"2022-01-12T13:30:15+00:00\",\"breadcrumb\":{\"@id\":\"https:\\\/\\\/informelitoral.com.ar\\\/ola-de-calor-pautas-para-prevenir-estres-termico-en-bovinos-de-leche-y-carne\\\/#breadcrumb\"},\"inLanguage\":\"es\",\"potentialAction\":[{\"@type\":\"ReadAction\",\"target\":[\"https:\\\/\\\/informelitoral.com.ar\\\/ola-de-calor-pautas-para-prevenir-estres-termico-en-bovinos-de-leche-y-carne\\\/\"]}]},{\"@type\":\"ImageObject\",\"inLanguage\":\"es\",\"@id\":\"https:\\\/\\\/informelitoral.com.ar\\\/ola-de-calor-pautas-para-prevenir-estres-termico-en-bovinos-de-leche-y-carne\\\/#primaryimage\",\"url\":\"https:\\\/\\\/informelitoral.com.ar\\\/%77%70%2d%63%6f%6e%74%65%6e%74\\\/uploads\\\/2022\\\/01\\\/vacas-tambo-ventilador-Inta.jpg\",\"contentUrl\":\"https:\\\/\\\/informelitoral.com.ar\\\/%77%70%2d%63%6f%6e%74%65%6e%74\\\/uploads\\\/2022\\\/01\\\/vacas-tambo-ventilador-Inta.jpg\",\"width\":800,\"height\":460},{\"@type\":\"BreadcrumbList\",\"@id\":\"https:\\\/\\\/informelitoral.com.ar\\\/ola-de-calor-pautas-para-prevenir-estres-termico-en-bovinos-de-leche-y-carne\\\/#breadcrumb\",\"itemListElement\":[{\"@type\":\"ListItem\",\"position\":1,\"name\":\"Portada\",\"item\":\"https:\\\/\\\/informelitoral.com.ar\\\/\"},{\"@type\":\"ListItem\",\"position\":2,\"name\":\"Ola de calor: pautas para prevenir estr\u00e9s t\u00e9rmico en bovinos de leche y carne\"}]},{\"@type\":\"WebSite\",\"@id\":\"https:\\\/\\\/informelitoral.com.ar\\\/#website\",\"url\":\"https:\\\/\\\/informelitoral.com.ar\\\/\",\"name\":\"Informe Litoral\",\"description\":\"&quot;Nos informamos&quot; \",\"publisher\":{\"@id\":\"https:\\\/\\\/informelitoral.com.ar\\\/#organization\"},\"potentialAction\":[{\"@type\":\"SearchAction\",\"target\":{\"@type\":\"EntryPoint\",\"urlTemplate\":\"https:\\\/\\\/informelitoral.com.ar\\\/?s={search_term_string}\"},\"query-input\":{\"@type\":\"PropertyValueSpecification\",\"valueRequired\":true,\"valueName\":\"search_term_string\"}}],\"inLanguage\":\"es\"},{\"@type\":\"Organization\",\"@id\":\"https:\\\/\\\/informelitoral.com.ar\\\/#organization\",\"name\":\"Informe Litoral\",\"url\":\"https:\\\/\\\/informelitoral.com.ar\\\/\",\"logo\":{\"@type\":\"ImageObject\",\"inLanguage\":\"es\",\"@id\":\"https:\\\/\\\/informelitoral.com.ar\\\/#\\\/schema\\\/logo\\\/image\\\/\",\"url\":\"https:\\\/\\\/informelitoral.com.ar\\\/%77%70%2d%63%6f%6e%74%65%6e%74\\\/uploads\\\/2021\\\/01\\\/circulo.png\",\"contentUrl\":\"https:\\\/\\\/informelitoral.com.ar\\\/%77%70%2d%63%6f%6e%74%65%6e%74\\\/uploads\\\/2021\\\/01\\\/circulo.png\",\"width\":723,\"height\":731,\"caption\":\"Informe Litoral\"},\"image\":{\"@id\":\"https:\\\/\\\/informelitoral.com.ar\\\/#\\\/schema\\\/logo\\\/image\\\/\"},\"sameAs\":[\"https:\\\/\\\/www.facebook.com\\\/informelitoral\\\/\",\"https:\\\/\\\/x.com\\\/InformeLitoral\",\"https:\\\/\\\/www.instagram.com\\\/informelitoral\\\/\",\"https:\\\/\\\/www.youtube.com\\\/channel\\\/UCua4Qvz8Icb6MYqhoq9xLXw\"]},{\"@type\":\"Person\",\"@id\":\"https:\\\/\\\/informelitoral.com.ar\\\/#\\\/schema\\\/person\\\/f05f9f461677119578717524b127d6d5\",\"name\":\"Sebastian\",\"image\":{\"@type\":\"ImageObject\",\"inLanguage\":\"es\",\"@id\":\"https:\\\/\\\/secure.gravatar.com\\\/avatar\\\/b71bf7481d447dfb9583c7f2798e7cc64de6efb9067b74633ed8c31059a3bd82?s=96&d=mm&r=g\",\"url\":\"https:\\\/\\\/secure.gravatar.com\\\/avatar\\\/b71bf7481d447dfb9583c7f2798e7cc64de6efb9067b74633ed8c31059a3bd82?s=96&d=mm&r=g\",\"contentUrl\":\"https:\\\/\\\/secure.gravatar.com\\\/avatar\\\/b71bf7481d447dfb9583c7f2798e7cc64de6efb9067b74633ed8c31059a3bd82?s=96&d=mm&r=g\",\"caption\":\"Sebastian\"},\"url\":\"https:\\\/\\\/informelitoral.com.ar\\\/author\\\/sebastian\\\/\"}]}<\/script>","yoast_head_json":{"title":"Ola de calor: pautas para prevenir estr\u00e9s t\u00e9rmico en bovinos de leche y carne - Informe Litoral","robots":{"index":"index","follow":"follow","max-snippet":"max-snippet:-1","max-image-preview":"max-image-preview:large","max-video-preview":"max-video-preview:-1"},"canonical":"https:\/\/informelitoral.com.ar\/ola-de-calor-pautas-para-prevenir-estres-termico-en-bovinos-de-leche-y-carne\/","og_locale":"es_ES","og_type":"article","og_title":"Ola de calor: pautas para prevenir estr\u00e9s t\u00e9rmico en bovinos de leche y carne - Informe Litoral","og_description":"Los expertos brindan una serie de recomendaciones para cuidar a la hacienda en plena ola de calor extremo. Agua, monitoreo y consultar el ITH.","og_url":"https:\/\/informelitoral.com.ar\/ola-de-calor-pautas-para-prevenir-estres-termico-en-bovinos-de-leche-y-carne\/","og_site_name":"Informe Litoral","article_publisher":"https:\/\/www.facebook.com\/informelitoral\/","article_published_time":"2022-01-12T13:27:34+00:00","article_modified_time":"2022-01-12T13:30:15+00:00","og_image":[{"width":800,"height":460,"url":"https:\/\/informelitoral.com.ar\/%77%70%2d%63%6f%6e%74%65%6e%74\/uploads\/2022\/01\/vacas-tambo-ventilador-Inta.jpg","type":"image\/jpeg"}],"author":"Sebastian","twitter_card":"summary_large_image","twitter_creator":"@InformeLitoral","twitter_site":"@InformeLitoral","twitter_misc":{"Escrito por":"Sebastian","Tiempo de lectura":"7 minutos"},"schema":{"@context":"https:\/\/schema.org","@graph":[{"@type":"Article","@id":"https:\/\/informelitoral.com.ar\/ola-de-calor-pautas-para-prevenir-estres-termico-en-bovinos-de-leche-y-carne\/#article","isPartOf":{"@id":"https:\/\/informelitoral.com.ar\/ola-de-calor-pautas-para-prevenir-estres-termico-en-bovinos-de-leche-y-carne\/"},"author":{"name":"Sebastian","@id":"https:\/\/informelitoral.com.ar\/#\/schema\/person\/f05f9f461677119578717524b127d6d5"},"headline":"Ola de calor: pautas para prevenir estr\u00e9s t\u00e9rmico en bovinos de leche y carne","datePublished":"2022-01-12T13:27:34+00:00","dateModified":"2022-01-12T13:30:15+00:00","mainEntityOfPage":{"@id":"https:\/\/informelitoral.com.ar\/ola-de-calor-pautas-para-prevenir-estres-termico-en-bovinos-de-leche-y-carne\/"},"wordCount":1331,"commentCount":0,"publisher":{"@id":"https:\/\/informelitoral.com.ar\/#organization"},"image":{"@id":"https:\/\/informelitoral.com.ar\/ola-de-calor-pautas-para-prevenir-estres-termico-en-bovinos-de-leche-y-carne\/#primaryimage"},"thumbnailUrl":"https:\/\/informelitoral.com.ar\/%77%70%2d%63%6f%6e%74%65%6e%74\/uploads\/2022\/01\/vacas-tambo-ventilador-Inta.jpg","keywords":["Estr\u00e9s cal\u00f3rico","ITH","Manejo animal","Ola de Calor","Tambo"],"articleSection":["Campo"],"inLanguage":"es","potentialAction":[{"@type":"CommentAction","name":"Comment","target":["https:\/\/informelitoral.com.ar\/ola-de-calor-pautas-para-prevenir-estres-termico-en-bovinos-de-leche-y-carne\/#respond"]}]},{"@type":"WebPage","@id":"https:\/\/informelitoral.com.ar\/ola-de-calor-pautas-para-prevenir-estres-termico-en-bovinos-de-leche-y-carne\/","url":"https:\/\/informelitoral.com.ar\/ola-de-calor-pautas-para-prevenir-estres-termico-en-bovinos-de-leche-y-carne\/","name":"Ola de calor: pautas para prevenir estr\u00e9s t\u00e9rmico en bovinos de leche y carne - Informe Litoral","isPartOf":{"@id":"https:\/\/informelitoral.com.ar\/#website"},"primaryImageOfPage":{"@id":"https:\/\/informelitoral.com.ar\/ola-de-calor-pautas-para-prevenir-estres-termico-en-bovinos-de-leche-y-carne\/#primaryimage"},"image":{"@id":"https:\/\/informelitoral.com.ar\/ola-de-calor-pautas-para-prevenir-estres-termico-en-bovinos-de-leche-y-carne\/#primaryimage"},"thumbnailUrl":"https:\/\/informelitoral.com.ar\/%77%70%2d%63%6f%6e%74%65%6e%74\/uploads\/2022\/01\/vacas-tambo-ventilador-Inta.jpg","datePublished":"2022-01-12T13:27:34+00:00","dateModified":"2022-01-12T13:30:15+00:00","breadcrumb":{"@id":"https:\/\/informelitoral.com.ar\/ola-de-calor-pautas-para-prevenir-estres-termico-en-bovinos-de-leche-y-carne\/#breadcrumb"},"inLanguage":"es","potentialAction":[{"@type":"ReadAction","target":["https:\/\/informelitoral.com.ar\/ola-de-calor-pautas-para-prevenir-estres-termico-en-bovinos-de-leche-y-carne\/"]}]},{"@type":"ImageObject","inLanguage":"es","@id":"https:\/\/informelitoral.com.ar\/ola-de-calor-pautas-para-prevenir-estres-termico-en-bovinos-de-leche-y-carne\/#primaryimage","url":"https:\/\/informelitoral.com.ar\/%77%70%2d%63%6f%6e%74%65%6e%74\/uploads\/2022\/01\/vacas-tambo-ventilador-Inta.jpg","contentUrl":"https:\/\/informelitoral.com.ar\/%77%70%2d%63%6f%6e%74%65%6e%74\/uploads\/2022\/01\/vacas-tambo-ventilador-Inta.jpg","width":800,"height":460},{"@type":"BreadcrumbList","@id":"https:\/\/informelitoral.com.ar\/ola-de-calor-pautas-para-prevenir-estres-termico-en-bovinos-de-leche-y-carne\/#breadcrumb","itemListElement":[{"@type":"ListItem","position":1,"name":"Portada","item":"https:\/\/informelitoral.com.ar\/"},{"@type":"ListItem","position":2,"name":"Ola de calor: pautas para prevenir estr\u00e9s t\u00e9rmico en bovinos de leche y carne"}]},{"@type":"WebSite","@id":"https:\/\/informelitoral.com.ar\/#website","url":"https:\/\/informelitoral.com.ar\/","name":"Informe Litoral","description":"&quot;Nos informamos&quot; ","publisher":{"@id":"https:\/\/informelitoral.com.ar\/#organization"},"potentialAction":[{"@type":"SearchAction","target":{"@type":"EntryPoint","urlTemplate":"https:\/\/informelitoral.com.ar\/?s={search_term_string}"},"query-input":{"@type":"PropertyValueSpecification","valueRequired":true,"valueName":"search_term_string"}}],"inLanguage":"es"},{"@type":"Organization","@id":"https:\/\/informelitoral.com.ar\/#organization","name":"Informe Litoral","url":"https:\/\/informelitoral.com.ar\/","logo":{"@type":"ImageObject","inLanguage":"es","@id":"https:\/\/informelitoral.com.ar\/#\/schema\/logo\/image\/","url":"https:\/\/informelitoral.com.ar\/%77%70%2d%63%6f%6e%74%65%6e%74\/uploads\/2021\/01\/circulo.png","contentUrl":"https:\/\/informelitoral.com.ar\/%77%70%2d%63%6f%6e%74%65%6e%74\/uploads\/2021\/01\/circulo.png","width":723,"height":731,"caption":"Informe Litoral"},"image":{"@id":"https:\/\/informelitoral.com.ar\/#\/schema\/logo\/image\/"},"sameAs":["https:\/\/www.facebook.com\/informelitoral\/","https:\/\/x.com\/InformeLitoral","https:\/\/www.instagram.com\/informelitoral\/","https:\/\/www.youtube.com\/channel\/UCua4Qvz8Icb6MYqhoq9xLXw"]},{"@type":"Person","@id":"https:\/\/informelitoral.com.ar\/#\/schema\/person\/f05f9f461677119578717524b127d6d5","name":"Sebastian","image":{"@type":"ImageObject","inLanguage":"es","@id":"https:\/\/secure.gravatar.com\/avatar\/b71bf7481d447dfb9583c7f2798e7cc64de6efb9067b74633ed8c31059a3bd82?s=96&d=mm&r=g","url":"https:\/\/secure.gravatar.com\/avatar\/b71bf7481d447dfb9583c7f2798e7cc64de6efb9067b74633ed8c31059a3bd82?s=96&d=mm&r=g","contentUrl":"https:\/\/secure.gravatar.com\/avatar\/b71bf7481d447dfb9583c7f2798e7cc64de6efb9067b74633ed8c31059a3bd82?s=96&d=mm&r=g","caption":"Sebastian"},"url":"https:\/\/informelitoral.com.ar\/author\/sebastian\/"}]}},"_links":{"self":[{"href":"https:\/\/informelitoral.com.ar\/%77%70%2d%6a%73%6f%6e\/wp\/v2\/posts\/70201","targetHints":{"allow":["GET"]}}],"collection":[{"href":"https:\/\/informelitoral.com.ar\/%77%70%2d%6a%73%6f%6e\/wp\/v2\/posts"}],"about":[{"href":"https:\/\/informelitoral.com.ar\/%77%70%2d%6a%73%6f%6e\/wp\/v2\/types\/post"}],"author":[{"embeddable":true,"href":"https:\/\/informelitoral.com.ar\/%77%70%2d%6a%73%6f%6e\/wp\/v2\/users\/8"}],"replies":[{"embeddable":true,"href":"https:\/\/informelitoral.com.ar\/%77%70%2d%6a%73%6f%6e\/wp\/v2\/comments?post=70201"}],"version-history":[{"count":0,"href":"https:\/\/informelitoral.com.ar\/%77%70%2d%6a%73%6f%6e\/wp\/v2\/posts\/70201\/revisions"}],"wp:featuredmedia":[{"embeddable":true,"href":"https:\/\/informelitoral.com.ar\/%77%70%2d%6a%73%6f%6e\/wp\/v2\/media\/70202"}],"wp:attachment":[{"href":"https:\/\/informelitoral.com.ar\/%77%70%2d%6a%73%6f%6e\/wp\/v2\/media?parent=70201"}],"wp:term":[{"taxonomy":"category","embeddable":true,"href":"https:\/\/informelitoral.com.ar\/%77%70%2d%6a%73%6f%6e\/wp\/v2\/categories?post=70201"},{"taxonomy":"post_tag","embeddable":true,"href":"https:\/\/informelitoral.com.ar\/%77%70%2d%6a%73%6f%6e\/wp\/v2\/tags?post=70201"}],"curies":[{"name":"wp","href":"https:\/\/api.w.org\/{rel}","templated":true}]}}