{"id":70192,"date":"2022-01-12T09:45:03","date_gmt":"2022-01-12T12:45:03","guid":{"rendered":"https:\/\/www.informelitoral.com.ar\/?p=70192"},"modified":"2022-01-12T10:13:14","modified_gmt":"2022-01-12T13:13:14","slug":"detuvieron-con-cocaina-al-ucraniano-que-iba-en-el-baul-del-auto-en-entre-rios","status":"publish","type":"post","link":"https:\/\/informelitoral.com.ar\/detuvieron-con-cocaina-al-ucraniano-que-iba-en-el-baul-del-auto-en-entre-rios\/","title":{"rendered":"Detuvieron con coca\u00edna al ucraniano que iba en el ba\u00fal del auto en Entre R\u00edos"},"content":{"rendered":"<article id=\"article-post\" class=\"first\">\n<div class=\"cuerpo\" data-twitter-link=\"https:\/\/twitter.com\/intent\/tweet?url=https:\/\/ahora.com.ar\/c4255170&amp;via=PlataformaAhora&amp;related=Ahora&amp;text=\">\n<p>Hace algo m\u00e1s de un a\u00f1o una historia estrafalaria dio la vuelta al pa\u00eds. Se trataba de un<strong>\u00a0ex soldado<\/strong>\u00a0<strong>ucraniano<\/strong>\u00a0<strong>que fue descubierto en Entre R\u00edo<\/strong>s, tras ingresar ilegalmente desde\u00a0<strong>Paraguay<\/strong>,\u00a0<strong>escondido en el ba\u00fal de un auto<\/strong>\u00a0de un\u00a0<strong>empresario<\/strong>\u00a0que es propietario de una armer\u00eda en Santa Fe. Ese fornido reservista de elite del ej\u00e9rcito ucraniano hab\u00eda alegado en ese momento que ingres\u00f3 al pa\u00eds de forma clandestina porque las fronteras estaban cerradas y quer\u00eda encontrarse con su pareja, que vive en Rosario y con la que acababa de tener una hija.<\/p>\n<\/div>\n<\/article>\n<article id=\"article-post\">\n<div class=\"cuerpo\" data-twitter-link=\"https:\/\/twitter.com\/intent\/tweet?url=https:\/\/ahora.com.ar\/c4255170&amp;via=PlataformaAhora&amp;related=Ahora&amp;text=\">\n<p>El 9 de setiembre de 2020. Qued\u00f3 demorado, hasta que la Justicia Federal de Paran\u00e1, no logr\u00f3 vincularlo con ning\u00fan hecho delictivo, pese a que hab\u00eda llamativas situaciones confusas en su proceder.<\/p>\n<p>Casi diecis\u00e9is meses despu\u00e9s,\u00a0<strong>el nombre de Viktor Melnyk, el ucraniano que entonces fue detectado en un ret\u00e9n y debi\u00f3 comparecer ante la Justicia en Paran\u00e1<\/strong>, vuelve a ser noticia: esta vez porque<strong>\u00a0qued\u00f3 detenido acusado de pertenecer a una organizaci\u00f3n de narcotr\u00e1fico internacional de coca\u00edna a la que el domingo pasado se le desbarat\u00f3 un cargamento de 967 kilos<\/strong>\u00a0de esa sustancia pura, que se procuraba despachar desde puertos del pa\u00eds vecino a trav\u00e9s del r\u00edo Paran\u00e1 aguas abajo.<\/p>\n<p>En el marco de seis allanamientos simult\u00e1neos por parte de agentes especiales de la Secretar\u00eda Nacional Antidrogas (Senad) de\u00a0Paraguay\u00a0y fiscales de la Unidad Especializada de Lucha contra el Narcotr\u00e1fico se llev\u00f3 a cabo la Operaci\u00f3n Navis en la que cay\u00f3 el ucraniano Melnyk. En uno de esos operativos se incaut\u00f3 casi una tonelada de coca\u00edna valuada en un total de 60 millones de d\u00f3lares en el mercado europeo.<\/p>\n<p>Detr\u00e1s de esos cargamentos hay una banda dedicada al narcotr\u00e1fico en la cual se detect\u00f3 a Melnyk entre sus integrantes. Fuentes de la investigaci\u00f3n en Paraguay consignaron que el jefe de la organizaci\u00f3n es Fernando Enrique Balbuena Acu\u00f1a, alias \u00abRiki\u00bb o \u00abHerrero\u00bb. Este individuo, seg\u00fan las fuerzas de seguridad de Paraguay, lideraba y coordinaba a varios operadores que se encargaban de adquirir vol\u00famenes de coca\u00edna y acopiarlos. Posteriormente, las millonarias cargas il\u00edcitas eran transportadas a trav\u00e9s de la hidrov\u00eda Paraguay\/Paran\u00e1, saliendo al Atl\u00e1ntico y de all\u00ed a los principales puertos de Europa.<\/p>\n<p>Balbuena Acu\u00f1a, apuntado como l\u00edder de la banda, es hijo de un ex diputado paraguayo, Elvis Balbuena, quien iba a presentarse como candidato a gobernador del departamento Cordillera. Ahora se baj\u00f3 de la candidatura aunque se deslig\u00f3 de las actividades ilegales de su hijo. En su rol como diputado hab\u00eda propuesto como pol\u00edtica de combate al narcotr\u00e1fico que se reglamentara y regulara la producci\u00f3n y consumo de marihuana.<\/p>\n<p>A Melnyk lo encontraron con una importante cantidad de dinero en los operativos que el viernes se realizaron en las localidades paraguayas de Eusebio Ayala, Cordillera, Luque, Fernando de la Mora y San Lorenzo.<\/p>\n<p><strong>Ilegal en un ba\u00fal<\/strong>La historia del miliciano ucraniano descubierta en el ba\u00fal de un auto en cercan\u00edas de Mocoret\u00e1, en Corrientes, en septiembre de 2020, fue dada a conocer por el periodista Germ\u00e1n de los Santos en el diario La Naci\u00f3n. En aquella cr\u00f3nica se consignaba que el empresario que lo trasladaba en el ba\u00fal se llama Juan Jos\u00e9 Clucellas y que es due\u00f1o de armer\u00edas en Santa Fe y Paran\u00e1. Melnyk adujo que iba en el ba\u00fal para no ser detectado tras haber ingresado al pa\u00eds de manera ilegal, durante la pandemia, con el prop\u00f3sito de conocer a su hija reci\u00e9n nacida en Rosario.<\/p>\n<p>Aquel d\u00eda un operativo policial en Paso Tel\u00e9grafo, camino de la ruta 12 de Entre R\u00edos, detuvo el recorrido de un Chevrolet Corsa en el que viajaba Clucellas. Al ser consultado por la propiedad del veh\u00edculo, que no estaba a su nombre, el empresario dijo que era de un \u00abamigo y pariente\u00bb. Tal vez sospechando del testimonio del hombre los polic\u00edas le pidieron que abriera el ba\u00fal, pero \u00e9l adujo que llevaba un ciervo Axis, de los que se suelen cazar en esa zona.<\/p>\n<p>Para sorpresa de los agentes, al abrir el ba\u00fal se encontraron con un hombre que luego fue identificado como Viktor Melnyk. El empresario, por su parte, dijo que lo levant\u00f3 cuando estaba haciendo dedo en la ruya, y que luego de viajar varios kil\u00f3metros en el asiento de acompa\u00f1ante el propio Melnyk le hab\u00eda pedido continuar el camino en el ba\u00fal. Es que estaban avisados de que iban a ser parados por la polic\u00eda y, seg\u00fan cont\u00f3 el empresario, Melnyk no quer\u00eda poner en riesgo su llegada a Rosario.<\/p>\n<p>\u00abLo hizo porque quer\u00eda estar conmigo, porque yo estaba por dar a luz. Y eso ocurri\u00f3 el jueves, el mismo d\u00eda que lo detuvieron\u00bb, cont\u00f3 en aquella ocasi\u00f3n Romina, la mujer argentina que es pareja del ex soldado. \u00abYo entiendo que todo parece una pel\u00edcula, pero es cierto que Viktor quer\u00eda llegar para conocer a su hija\u00bb, agreg\u00f3.<\/p>\n<p>En aquel entonces Melnyk adujo trabajar para el Reino de Espa\u00f1a como funcionario de seguridad y representante en Am\u00e9rica Latina. Asegur\u00f3 ser empresario y accionista de una empresa que fabrica maquinarias para destilar agua de mar. No ten\u00eda los papeles necesarios para ingresar a Argentina, solo documentaci\u00f3n espa\u00f1ola. En tanto, tiempo despu\u00e9s se supo que la empresa que dec\u00eda representar hab\u00eda dejado de funcionar m\u00e1s de un a\u00f1o atr\u00e1s.<\/p>\n<p>La Capital detall\u00f3, que ahora, seg\u00fan las autoridades paraguayas, qued\u00f3 en evidencia que Melnyk est\u00e1 vinculado al contrabando internacional de estupefacientes. Los investigadores del pa\u00eds vecino consideran que el ex soldado ucraniano es en realidad el contacto de los narcotraficantes locales con las organizaciones europeas que son destinatarias de la drogas que iba a salir por el Paran\u00e1.<\/p>\n<\/div>\n<\/article>\n","protected":false},"excerpt":{"rendered":"<p>El militar ucraniano fue demorado en Entre R\u00edos, luego recuper\u00f3 la libertad. Lo detuvieron en Rosario con 967 kilos de coca\u00edna.<\/p>\n","protected":false},"author":8,"featured_media":70199,"comment_status":"open","ping_status":"open","sticky":false,"template":"","format":"standard","meta":{"fifu_image_url":"","fifu_image_alt":"","footnotes":""},"categories":[14],"tags":[],"class_list":{"0":"post-70192","1":"post","2":"type-post","3":"status-publish","4":"format-standard","5":"has-post-thumbnail","7":"category-policiales"},"yoast_head":"<title>Detuvieron con coca\u00edna al ucraniano que iba en el ba\u00fal del auto en Entre R\u00edos - Informe Litoral<\/title>\n<meta name=\"robots\" content=\"index, follow, max-snippet:-1, max-image-preview:large, max-video-preview:-1\" \/>\n<link rel=\"canonical\" href=\"https:\/\/informelitoral.com.ar\/detuvieron-con-cocaina-al-ucraniano-que-iba-en-el-baul-del-auto-en-entre-rios\/\" \/>\n<meta property=\"og:locale\" content=\"es_ES\" \/>\n<meta property=\"og:type\" content=\"article\" \/>\n<meta property=\"og:title\" content=\"Detuvieron con coca\u00edna al ucraniano que iba en el ba\u00fal del auto en Entre R\u00edos - Informe Litoral\" \/>\n<meta property=\"og:description\" content=\"El militar ucraniano fue demorado en Entre R\u00edos, luego recuper\u00f3 la libertad. Lo detuvieron en Rosario con 967 kilos de coca\u00edna.\" \/>\n<meta property=\"og:url\" content=\"https:\/\/informelitoral.com.ar\/detuvieron-con-cocaina-al-ucraniano-que-iba-en-el-baul-del-auto-en-entre-rios\/\" \/>\n<meta property=\"og:site_name\" content=\"Informe Litoral\" \/>\n<meta property=\"article:publisher\" content=\"https:\/\/www.facebook.com\/informelitoral\/\" \/>\n<meta property=\"article:published_time\" content=\"2022-01-12T12:45:03+00:00\" \/>\n<meta property=\"article:modified_time\" content=\"2022-01-12T13:13:14+00:00\" \/>\n<meta property=\"og:image\" content=\"https:\/\/informelitoral.com.ar\/%77%70%2d%63%6f%6e%74%65%6e%74\/uploads\/2022\/01\/ucraniano-1.jpg\" \/>\n\t<meta property=\"og:image:width\" content=\"642\" \/>\n\t<meta property=\"og:image:height\" content=\"361\" \/>\n\t<meta property=\"og:image:type\" content=\"image\/jpeg\" \/>\n<meta name=\"author\" content=\"Sebastian\" \/>\n<meta name=\"twitter:card\" content=\"summary_large_image\" \/>\n<meta name=\"twitter:creator\" content=\"@InformeLitoral\" \/>\n<meta name=\"twitter:site\" content=\"@InformeLitoral\" \/>\n<meta name=\"twitter:label1\" content=\"Escrito por\" \/>\n\t<meta name=\"twitter:data1\" content=\"Sebastian\" \/>\n\t<meta name=\"twitter:label2\" content=\"Tiempo de lectura\" \/>\n\t<meta name=\"twitter:data2\" content=\"5 minutos\" \/>\n<script type=\"application\/ld+json\" class=\"yoast-schema-graph\">{\"@context\":\"https:\\\/\\\/schema.org\",\"@graph\":[{\"@type\":\"Article\",\"@id\":\"https:\\\/\\\/informelitoral.com.ar\\\/detuvieron-con-cocaina-al-ucraniano-que-iba-en-el-baul-del-auto-en-entre-rios\\\/#article\",\"isPartOf\":{\"@id\":\"https:\\\/\\\/informelitoral.com.ar\\\/detuvieron-con-cocaina-al-ucraniano-que-iba-en-el-baul-del-auto-en-entre-rios\\\/\"},\"author\":{\"name\":\"Sebastian\",\"@id\":\"https:\\\/\\\/informelitoral.com.ar\\\/#\\\/schema\\\/person\\\/f05f9f461677119578717524b127d6d5\"},\"headline\":\"Detuvieron con coca\u00edna al ucraniano que iba en el ba\u00fal del auto en Entre R\u00edos\",\"datePublished\":\"2022-01-12T12:45:03+00:00\",\"dateModified\":\"2022-01-12T13:13:14+00:00\",\"mainEntityOfPage\":{\"@id\":\"https:\\\/\\\/informelitoral.com.ar\\\/detuvieron-con-cocaina-al-ucraniano-que-iba-en-el-baul-del-auto-en-entre-rios\\\/\"},\"wordCount\":1037,\"commentCount\":0,\"publisher\":{\"@id\":\"https:\\\/\\\/informelitoral.com.ar\\\/#organization\"},\"image\":{\"@id\":\"https:\\\/\\\/informelitoral.com.ar\\\/detuvieron-con-cocaina-al-ucraniano-que-iba-en-el-baul-del-auto-en-entre-rios\\\/#primaryimage\"},\"thumbnailUrl\":\"https:\\\/\\\/informelitoral.com.ar\\\/%77%70%2d%63%6f%6e%74%65%6e%74\\\/uploads\\\/2022\\\/01\\\/ucraniano-1.jpg\",\"articleSection\":[\"Policiales\"],\"inLanguage\":\"es\",\"potentialAction\":[{\"@type\":\"CommentAction\",\"name\":\"Comment\",\"target\":[\"https:\\\/\\\/informelitoral.com.ar\\\/detuvieron-con-cocaina-al-ucraniano-que-iba-en-el-baul-del-auto-en-entre-rios\\\/#respond\"]}]},{\"@type\":\"WebPage\",\"@id\":\"https:\\\/\\\/informelitoral.com.ar\\\/detuvieron-con-cocaina-al-ucraniano-que-iba-en-el-baul-del-auto-en-entre-rios\\\/\",\"url\":\"https:\\\/\\\/informelitoral.com.ar\\\/detuvieron-con-cocaina-al-ucraniano-que-iba-en-el-baul-del-auto-en-entre-rios\\\/\",\"name\":\"Detuvieron con coca\u00edna al ucraniano que iba en el ba\u00fal del auto en Entre R\u00edos - Informe Litoral\",\"isPartOf\":{\"@id\":\"https:\\\/\\\/informelitoral.com.ar\\\/#website\"},\"primaryImageOfPage\":{\"@id\":\"https:\\\/\\\/informelitoral.com.ar\\\/detuvieron-con-cocaina-al-ucraniano-que-iba-en-el-baul-del-auto-en-entre-rios\\\/#primaryimage\"},\"image\":{\"@id\":\"https:\\\/\\\/informelitoral.com.ar\\\/detuvieron-con-cocaina-al-ucraniano-que-iba-en-el-baul-del-auto-en-entre-rios\\\/#primaryimage\"},\"thumbnailUrl\":\"https:\\\/\\\/informelitoral.com.ar\\\/%77%70%2d%63%6f%6e%74%65%6e%74\\\/uploads\\\/2022\\\/01\\\/ucraniano-1.jpg\",\"datePublished\":\"2022-01-12T12:45:03+00:00\",\"dateModified\":\"2022-01-12T13:13:14+00:00\",\"breadcrumb\":{\"@id\":\"https:\\\/\\\/informelitoral.com.ar\\\/detuvieron-con-cocaina-al-ucraniano-que-iba-en-el-baul-del-auto-en-entre-rios\\\/#breadcrumb\"},\"inLanguage\":\"es\",\"potentialAction\":[{\"@type\":\"ReadAction\",\"target\":[\"https:\\\/\\\/informelitoral.com.ar\\\/detuvieron-con-cocaina-al-ucraniano-que-iba-en-el-baul-del-auto-en-entre-rios\\\/\"]}]},{\"@type\":\"ImageObject\",\"inLanguage\":\"es\",\"@id\":\"https:\\\/\\\/informelitoral.com.ar\\\/detuvieron-con-cocaina-al-ucraniano-que-iba-en-el-baul-del-auto-en-entre-rios\\\/#primaryimage\",\"url\":\"https:\\\/\\\/informelitoral.com.ar\\\/%77%70%2d%63%6f%6e%74%65%6e%74\\\/uploads\\\/2022\\\/01\\\/ucraniano-1.jpg\",\"contentUrl\":\"https:\\\/\\\/informelitoral.com.ar\\\/%77%70%2d%63%6f%6e%74%65%6e%74\\\/uploads\\\/2022\\\/01\\\/ucraniano-1.jpg\",\"width\":642,\"height\":361},{\"@type\":\"BreadcrumbList\",\"@id\":\"https:\\\/\\\/informelitoral.com.ar\\\/detuvieron-con-cocaina-al-ucraniano-que-iba-en-el-baul-del-auto-en-entre-rios\\\/#breadcrumb\",\"itemListElement\":[{\"@type\":\"ListItem\",\"position\":1,\"name\":\"Portada\",\"item\":\"https:\\\/\\\/informelitoral.com.ar\\\/\"},{\"@type\":\"ListItem\",\"position\":2,\"name\":\"Detuvieron con coca\u00edna al ucraniano que iba en el ba\u00fal del auto en Entre R\u00edos\"}]},{\"@type\":\"WebSite\",\"@id\":\"https:\\\/\\\/informelitoral.com.ar\\\/#website\",\"url\":\"https:\\\/\\\/informelitoral.com.ar\\\/\",\"name\":\"Informe Litoral\",\"description\":\"&quot;Nos informamos&quot; \",\"publisher\":{\"@id\":\"https:\\\/\\\/informelitoral.com.ar\\\/#organization\"},\"potentialAction\":[{\"@type\":\"SearchAction\",\"target\":{\"@type\":\"EntryPoint\",\"urlTemplate\":\"https:\\\/\\\/informelitoral.com.ar\\\/?s={search_term_string}\"},\"query-input\":{\"@type\":\"PropertyValueSpecification\",\"valueRequired\":true,\"valueName\":\"search_term_string\"}}],\"inLanguage\":\"es\"},{\"@type\":\"Organization\",\"@id\":\"https:\\\/\\\/informelitoral.com.ar\\\/#organization\",\"name\":\"Informe Litoral\",\"url\":\"https:\\\/\\\/informelitoral.com.ar\\\/\",\"logo\":{\"@type\":\"ImageObject\",\"inLanguage\":\"es\",\"@id\":\"https:\\\/\\\/informelitoral.com.ar\\\/#\\\/schema\\\/logo\\\/image\\\/\",\"url\":\"https:\\\/\\\/informelitoral.com.ar\\\/%77%70%2d%63%6f%6e%74%65%6e%74\\\/uploads\\\/2021\\\/01\\\/circulo.png\",\"contentUrl\":\"https:\\\/\\\/informelitoral.com.ar\\\/%77%70%2d%63%6f%6e%74%65%6e%74\\\/uploads\\\/2021\\\/01\\\/circulo.png\",\"width\":723,\"height\":731,\"caption\":\"Informe Litoral\"},\"image\":{\"@id\":\"https:\\\/\\\/informelitoral.com.ar\\\/#\\\/schema\\\/logo\\\/image\\\/\"},\"sameAs\":[\"https:\\\/\\\/www.facebook.com\\\/informelitoral\\\/\",\"https:\\\/\\\/x.com\\\/InformeLitoral\",\"https:\\\/\\\/www.instagram.com\\\/informelitoral\\\/\",\"https:\\\/\\\/www.youtube.com\\\/channel\\\/UCua4Qvz8Icb6MYqhoq9xLXw\"]},{\"@type\":\"Person\",\"@id\":\"https:\\\/\\\/informelitoral.com.ar\\\/#\\\/schema\\\/person\\\/f05f9f461677119578717524b127d6d5\",\"name\":\"Sebastian\",\"image\":{\"@type\":\"ImageObject\",\"inLanguage\":\"es\",\"@id\":\"https:\\\/\\\/secure.gravatar.com\\\/avatar\\\/b71bf7481d447dfb9583c7f2798e7cc64de6efb9067b74633ed8c31059a3bd82?s=96&d=mm&r=g\",\"url\":\"https:\\\/\\\/secure.gravatar.com\\\/avatar\\\/b71bf7481d447dfb9583c7f2798e7cc64de6efb9067b74633ed8c31059a3bd82?s=96&d=mm&r=g\",\"contentUrl\":\"https:\\\/\\\/secure.gravatar.com\\\/avatar\\\/b71bf7481d447dfb9583c7f2798e7cc64de6efb9067b74633ed8c31059a3bd82?s=96&d=mm&r=g\",\"caption\":\"Sebastian\"},\"url\":\"https:\\\/\\\/informelitoral.com.ar\\\/author\\\/sebastian\\\/\"}]}<\/script>","yoast_head_json":{"title":"Detuvieron con coca\u00edna al ucraniano que iba en el ba\u00fal del auto en Entre R\u00edos - Informe Litoral","robots":{"index":"index","follow":"follow","max-snippet":"max-snippet:-1","max-image-preview":"max-image-preview:large","max-video-preview":"max-video-preview:-1"},"canonical":"https:\/\/informelitoral.com.ar\/detuvieron-con-cocaina-al-ucraniano-que-iba-en-el-baul-del-auto-en-entre-rios\/","og_locale":"es_ES","og_type":"article","og_title":"Detuvieron con coca\u00edna al ucraniano que iba en el ba\u00fal del auto en Entre R\u00edos - Informe Litoral","og_description":"El militar ucraniano fue demorado en Entre R\u00edos, luego recuper\u00f3 la libertad. Lo detuvieron en Rosario con 967 kilos de coca\u00edna.","og_url":"https:\/\/informelitoral.com.ar\/detuvieron-con-cocaina-al-ucraniano-que-iba-en-el-baul-del-auto-en-entre-rios\/","og_site_name":"Informe Litoral","article_publisher":"https:\/\/www.facebook.com\/informelitoral\/","article_published_time":"2022-01-12T12:45:03+00:00","article_modified_time":"2022-01-12T13:13:14+00:00","og_image":[{"width":642,"height":361,"url":"https:\/\/informelitoral.com.ar\/%77%70%2d%63%6f%6e%74%65%6e%74\/uploads\/2022\/01\/ucraniano-1.jpg","type":"image\/jpeg"}],"author":"Sebastian","twitter_card":"summary_large_image","twitter_creator":"@InformeLitoral","twitter_site":"@InformeLitoral","twitter_misc":{"Escrito por":"Sebastian","Tiempo de lectura":"5 minutos"},"schema":{"@context":"https:\/\/schema.org","@graph":[{"@type":"Article","@id":"https:\/\/informelitoral.com.ar\/detuvieron-con-cocaina-al-ucraniano-que-iba-en-el-baul-del-auto-en-entre-rios\/#article","isPartOf":{"@id":"https:\/\/informelitoral.com.ar\/detuvieron-con-cocaina-al-ucraniano-que-iba-en-el-baul-del-auto-en-entre-rios\/"},"author":{"name":"Sebastian","@id":"https:\/\/informelitoral.com.ar\/#\/schema\/person\/f05f9f461677119578717524b127d6d5"},"headline":"Detuvieron con coca\u00edna al ucraniano que iba en el ba\u00fal del auto en Entre R\u00edos","datePublished":"2022-01-12T12:45:03+00:00","dateModified":"2022-01-12T13:13:14+00:00","mainEntityOfPage":{"@id":"https:\/\/informelitoral.com.ar\/detuvieron-con-cocaina-al-ucraniano-que-iba-en-el-baul-del-auto-en-entre-rios\/"},"wordCount":1037,"commentCount":0,"publisher":{"@id":"https:\/\/informelitoral.com.ar\/#organization"},"image":{"@id":"https:\/\/informelitoral.com.ar\/detuvieron-con-cocaina-al-ucraniano-que-iba-en-el-baul-del-auto-en-entre-rios\/#primaryimage"},"thumbnailUrl":"https:\/\/informelitoral.com.ar\/%77%70%2d%63%6f%6e%74%65%6e%74\/uploads\/2022\/01\/ucraniano-1.jpg","articleSection":["Policiales"],"inLanguage":"es","potentialAction":[{"@type":"CommentAction","name":"Comment","target":["https:\/\/informelitoral.com.ar\/detuvieron-con-cocaina-al-ucraniano-que-iba-en-el-baul-del-auto-en-entre-rios\/#respond"]}]},{"@type":"WebPage","@id":"https:\/\/informelitoral.com.ar\/detuvieron-con-cocaina-al-ucraniano-que-iba-en-el-baul-del-auto-en-entre-rios\/","url":"https:\/\/informelitoral.com.ar\/detuvieron-con-cocaina-al-ucraniano-que-iba-en-el-baul-del-auto-en-entre-rios\/","name":"Detuvieron con coca\u00edna al ucraniano que iba en el ba\u00fal del auto en Entre R\u00edos - Informe Litoral","isPartOf":{"@id":"https:\/\/informelitoral.com.ar\/#website"},"primaryImageOfPage":{"@id":"https:\/\/informelitoral.com.ar\/detuvieron-con-cocaina-al-ucraniano-que-iba-en-el-baul-del-auto-en-entre-rios\/#primaryimage"},"image":{"@id":"https:\/\/informelitoral.com.ar\/detuvieron-con-cocaina-al-ucraniano-que-iba-en-el-baul-del-auto-en-entre-rios\/#primaryimage"},"thumbnailUrl":"https:\/\/informelitoral.com.ar\/%77%70%2d%63%6f%6e%74%65%6e%74\/uploads\/2022\/01\/ucraniano-1.jpg","datePublished":"2022-01-12T12:45:03+00:00","dateModified":"2022-01-12T13:13:14+00:00","breadcrumb":{"@id":"https:\/\/informelitoral.com.ar\/detuvieron-con-cocaina-al-ucraniano-que-iba-en-el-baul-del-auto-en-entre-rios\/#breadcrumb"},"inLanguage":"es","potentialAction":[{"@type":"ReadAction","target":["https:\/\/informelitoral.com.ar\/detuvieron-con-cocaina-al-ucraniano-que-iba-en-el-baul-del-auto-en-entre-rios\/"]}]},{"@type":"ImageObject","inLanguage":"es","@id":"https:\/\/informelitoral.com.ar\/detuvieron-con-cocaina-al-ucraniano-que-iba-en-el-baul-del-auto-en-entre-rios\/#primaryimage","url":"https:\/\/informelitoral.com.ar\/%77%70%2d%63%6f%6e%74%65%6e%74\/uploads\/2022\/01\/ucraniano-1.jpg","contentUrl":"https:\/\/informelitoral.com.ar\/%77%70%2d%63%6f%6e%74%65%6e%74\/uploads\/2022\/01\/ucraniano-1.jpg","width":642,"height":361},{"@type":"BreadcrumbList","@id":"https:\/\/informelitoral.com.ar\/detuvieron-con-cocaina-al-ucraniano-que-iba-en-el-baul-del-auto-en-entre-rios\/#breadcrumb","itemListElement":[{"@type":"ListItem","position":1,"name":"Portada","item":"https:\/\/informelitoral.com.ar\/"},{"@type":"ListItem","position":2,"name":"Detuvieron con coca\u00edna al ucraniano que iba en el ba\u00fal del auto en Entre R\u00edos"}]},{"@type":"WebSite","@id":"https:\/\/informelitoral.com.ar\/#website","url":"https:\/\/informelitoral.com.ar\/","name":"Informe Litoral","description":"&quot;Nos informamos&quot; ","publisher":{"@id":"https:\/\/informelitoral.com.ar\/#organization"},"potentialAction":[{"@type":"SearchAction","target":{"@type":"EntryPoint","urlTemplate":"https:\/\/informelitoral.com.ar\/?s={search_term_string}"},"query-input":{"@type":"PropertyValueSpecification","valueRequired":true,"valueName":"search_term_string"}}],"inLanguage":"es"},{"@type":"Organization","@id":"https:\/\/informelitoral.com.ar\/#organization","name":"Informe Litoral","url":"https:\/\/informelitoral.com.ar\/","logo":{"@type":"ImageObject","inLanguage":"es","@id":"https:\/\/informelitoral.com.ar\/#\/schema\/logo\/image\/","url":"https:\/\/informelitoral.com.ar\/%77%70%2d%63%6f%6e%74%65%6e%74\/uploads\/2021\/01\/circulo.png","contentUrl":"https:\/\/informelitoral.com.ar\/%77%70%2d%63%6f%6e%74%65%6e%74\/uploads\/2021\/01\/circulo.png","width":723,"height":731,"caption":"Informe Litoral"},"image":{"@id":"https:\/\/informelitoral.com.ar\/#\/schema\/logo\/image\/"},"sameAs":["https:\/\/www.facebook.com\/informelitoral\/","https:\/\/x.com\/InformeLitoral","https:\/\/www.instagram.com\/informelitoral\/","https:\/\/www.youtube.com\/channel\/UCua4Qvz8Icb6MYqhoq9xLXw"]},{"@type":"Person","@id":"https:\/\/informelitoral.com.ar\/#\/schema\/person\/f05f9f461677119578717524b127d6d5","name":"Sebastian","image":{"@type":"ImageObject","inLanguage":"es","@id":"https:\/\/secure.gravatar.com\/avatar\/b71bf7481d447dfb9583c7f2798e7cc64de6efb9067b74633ed8c31059a3bd82?s=96&d=mm&r=g","url":"https:\/\/secure.gravatar.com\/avatar\/b71bf7481d447dfb9583c7f2798e7cc64de6efb9067b74633ed8c31059a3bd82?s=96&d=mm&r=g","contentUrl":"https:\/\/secure.gravatar.com\/avatar\/b71bf7481d447dfb9583c7f2798e7cc64de6efb9067b74633ed8c31059a3bd82?s=96&d=mm&r=g","caption":"Sebastian"},"url":"https:\/\/informelitoral.com.ar\/author\/sebastian\/"}]}},"_links":{"self":[{"href":"https:\/\/informelitoral.com.ar\/%77%70%2d%6a%73%6f%6e\/wp\/v2\/posts\/70192","targetHints":{"allow":["GET"]}}],"collection":[{"href":"https:\/\/informelitoral.com.ar\/%77%70%2d%6a%73%6f%6e\/wp\/v2\/posts"}],"about":[{"href":"https:\/\/informelitoral.com.ar\/%77%70%2d%6a%73%6f%6e\/wp\/v2\/types\/post"}],"author":[{"embeddable":true,"href":"https:\/\/informelitoral.com.ar\/%77%70%2d%6a%73%6f%6e\/wp\/v2\/users\/8"}],"replies":[{"embeddable":true,"href":"https:\/\/informelitoral.com.ar\/%77%70%2d%6a%73%6f%6e\/wp\/v2\/comments?post=70192"}],"version-history":[{"count":0,"href":"https:\/\/informelitoral.com.ar\/%77%70%2d%6a%73%6f%6e\/wp\/v2\/posts\/70192\/revisions"}],"wp:featuredmedia":[{"embeddable":true,"href":"https:\/\/informelitoral.com.ar\/%77%70%2d%6a%73%6f%6e\/wp\/v2\/media\/70199"}],"wp:attachment":[{"href":"https:\/\/informelitoral.com.ar\/%77%70%2d%6a%73%6f%6e\/wp\/v2\/media?parent=70192"}],"wp:term":[{"taxonomy":"category","embeddable":true,"href":"https:\/\/informelitoral.com.ar\/%77%70%2d%6a%73%6f%6e\/wp\/v2\/categories?post=70192"},{"taxonomy":"post_tag","embeddable":true,"href":"https:\/\/informelitoral.com.ar\/%77%70%2d%6a%73%6f%6e\/wp\/v2\/tags?post=70192"}],"curies":[{"name":"wp","href":"https:\/\/api.w.org\/{rel}","templated":true}]}}